{"id":72509,"date":"2024-01-31T18:25:51","date_gmt":"2024-02-01T01:25:51","guid":{"rendered":"https:\/\/fuentesfidedignas.com.mx\/?p=72509"},"modified":"2024-01-31T18:25:51","modified_gmt":"2024-02-01T01:25:51","slug":"suprema-corte-declara-inconstitucional-la-reforma-electrica-de-amlo","status":"publish","type":"post","link":"https:\/\/fuentesfidedignas.com.mx\/index.php\/2024\/01\/31\/suprema-corte-declara-inconstitucional-la-reforma-electrica-de-amlo\/","title":{"rendered":"Suprema Corte declara inconstitucional la reforma el\u00e9ctrica de AMLO"},"content":{"rendered":"\n<p><strong><em>La Segunda Sala de la Suprema Corte defini\u00f3 un precedente para miles de amparos promovidos por privados en contra de los cambios legales impulsados en 2021<\/em><\/strong><\/p>\n\n\n\n<p>Ciudad de M\u00e9xico.- La Suprema Corte de Justicia de la Naci\u00f3n (SCJN) declar\u00f3 inconstitucional la reforma el\u00e9ctrica del presidente de M\u00e9xico, Andr\u00e9s Manuel L\u00f3pez Obrador, que buscaba favorecer a la estatal Comisi\u00f3n Federal El\u00e9ctrica (CFE) por encima de generadores privados.<\/p>\n\n\n\n<p>Con tres votos a favor, en la Segunda Sala de la SCJN se defini\u00f3 este mi\u00e9rcoles un precedente para miles de amparos promovidos por privados en contra de los cambios legales impulsados en 2021, que permit\u00edan despachar al sistema el\u00e9ctrico primero la energ\u00eda generada por la CFE, relegando hasta el final a las energ\u00edas renovables.<\/p>\n\n\n\n<p>Entre los cambios tambi\u00e9n se eliminaban las subastas para adquirir el mejor precio por la energ\u00eda generada a trav\u00e9s de contratos p\u00fablicos, las figuras de autobasto para vender electricidad, as\u00ed como los certificados de energ\u00eda limpia.<\/p>\n\n\n\n<p>El proyecto del ministro Alberto P\u00e9rez Day\u00e1n planea efectos generales frente a la implementaci\u00f3n de las reformas a la Ley de la Industria El\u00e9ctrica (LIE), al considerar que los siete art\u00edculos principales de las modificaciones violan el marco sobre generaci\u00f3n y mercado el\u00e9ctrico mayorista establecido desde 2013 por el expresidente Enrique Pe\u00f1a Nieto (2012-2018).<\/p>\n\n\n\n<p>Decidir que el despacho se realice favoreciendo a un determinado grupo de centrales distorsiona el proceso de competencia y libre concurrencia en el sector de la generaci\u00f3n de energ\u00eda el\u00e9ctrica\u201d, se lee en la sentencia.<\/p>\n\n\n\n<p>Adem\u00e1s, defiende que se obstaculiza la formaci\u00f3n de un nuevo mercado, desincentiva la participaci\u00f3n de nuevos agentes y rompe con el mandato de neutralidad.<\/p>\n\n\n\n<p>Aunque el amparo solo fue promovido por seis empresas privadas, tuvo raz\u00f3n de ser para no generar \u201cuna diversa distorsi\u00f3n\u201d en el mercado de generaci\u00f3n el\u00e9ctrica y solo beneficiar a las quejosas.<\/p>\n\n\n\n<p>El proyecto aprobado no era el \u00fanico previsto a votarse ni que defend\u00eda el mismo sentido; sin embargo, solo se vot\u00f3 \u00e9ste, ante un impedimento promovido por el gobierno mexicano que defend\u00eda que no se pod\u00eda abordar el proyecto de sentencia del ministro Javier Laynez, ya que form\u00f3 parte del gobierno de Pe\u00f1a Nieto como Procurador Fiscal de la Federaci\u00f3n y promovi\u00f3 la reforma a la LIE de 2013.<\/p>\n\n\n\n<p>Esta no es la primera vez que el Supremo mexicano resuelve en este sentido, pues la Primera Sala de la SCJN tambi\u00e9n ha definido su inconstitucionalidad desde 2022, dando la raz\u00f3n a los amparos promovidos por generadores privados y otorgados por jueces federales desde 2021.<\/p>\n\n\n\n<p>El voto decisivo lo tuvo que otorgar el ministro P\u00e9rez Day\u00e1n como presidente de la Segunda Sala, ya que Laynez se excus\u00f3 y se obtuvo un empate con el voto en contra de las ministras afines al oficialismo Yasm\u00edn Esquivel y la reci\u00e9n nombrada por L\u00f3pez Obrador, Lenia Batres; y el voto a favor de P\u00e9rez Day\u00e1n y Luis Mar\u00eda Aguilar.<\/p>\n","protected":false},"excerpt":{"rendered":"<p>La Segunda Sala de la Suprema Corte defini\u00f3 un precedente para miles de amparos promovidos por privados en contra de los cambios legales impulsados en 2021 Ciudad de M\u00e9xico.- La Suprema Corte de Justicia de la Naci\u00f3n (SCJN) declar\u00f3 inconstitucional la reforma el\u00e9ctrica del presidente de M\u00e9xico, Andr\u00e9s Manuel L\u00f3pez Obrador, que buscaba favorecer a [&hellip;]<\/p>\n","protected":false},"author":47,"featured_media":70653,"comment_status":"open","ping_status":"open","sticky":false,"template":"","format":"standard","meta":{"tdm_status":"","tdm_grid_status":"","footnotes":""},"categories":[39],"tags":[],"class_list":{"0":"post-72509","1":"post","2":"type-post","3":"status-publish","4":"format-standard","5":"has-post-thumbnail","7":"category-noticias-nacionales"},"yoast_head":"<!-- This site is optimized with the Yoast SEO plugin v27.5 - https:\/\/yoast.com\/product\/yoast-seo-wordpress\/ -->\n<title>Suprema Corte declara inconstitucional la reforma el\u00e9ctrica de AMLO - Fuentes Fidedignas<\/title>\n<meta name=\"robots\" content=\"index, follow, max-snippet:-1, max-image-preview:large, max-video-preview:-1\" \/>\n<link rel=\"canonical\" href=\"https:\/\/fuentesfidedignas.com.mx\/index.php\/2024\/01\/31\/suprema-corte-declara-inconstitucional-la-reforma-electrica-de-amlo\/\" \/>\n<meta property=\"og:locale\" content=\"es_MX\" \/>\n<meta property=\"og:type\" content=\"article\" \/>\n<meta property=\"og:title\" content=\"Suprema Corte declara inconstitucional la reforma el\u00e9ctrica de AMLO - Fuentes Fidedignas\" \/>\n<meta property=\"og:description\" content=\"La Segunda Sala de la Suprema Corte defini\u00f3 un precedente para miles de amparos promovidos por privados en contra de los cambios legales impulsados en 2021 Ciudad de M\u00e9xico.- La Suprema Corte de Justicia de la Naci\u00f3n (SCJN) declar\u00f3 inconstitucional la reforma el\u00e9ctrica del presidente de M\u00e9xico, Andr\u00e9s Manuel L\u00f3pez Obrador, que buscaba favorecer a [&hellip;]\" \/>\n<meta property=\"og:url\" content=\"https:\/\/fuentesfidedignas.com.mx\/index.php\/2024\/01\/31\/suprema-corte-declara-inconstitucional-la-reforma-electrica-de-amlo\/\" \/>\n<meta property=\"og:site_name\" content=\"Fuentes Fidedignas\" \/>\n<meta property=\"article:publisher\" content=\"https:\/\/www.facebook.com\/Fuentes-Fidedignas-368234489921644\" \/>\n<meta property=\"article:published_time\" content=\"2024-02-01T01:25:51+00:00\" \/>\n<meta property=\"og:image\" content=\"https:\/\/fuentesfidedignas.com.mx\/wp-content\/uploads\/2024\/01\/CABLES_ELECTRICIDAD.jpg\" \/>\n\t<meta property=\"og:image:width\" content=\"1000\" \/>\n\t<meta property=\"og:image:height\" content=\"589\" \/>\n\t<meta property=\"og:image:type\" content=\"image\/jpeg\" \/>\n<meta name=\"author\" content=\"L\u00f3pez D\u00f3riga\" \/>\n<meta name=\"twitter:card\" content=\"summary_large_image\" \/>\n<meta name=\"twitter:creator\" content=\"@fidedignas\" \/>\n<meta name=\"twitter:site\" content=\"@fidedignas\" \/>\n<meta name=\"twitter:label1\" content=\"Escrito por\" \/>\n\t<meta name=\"twitter:data1\" content=\"L\u00f3pez D\u00f3riga\" \/>\n\t<meta name=\"twitter:label2\" content=\"Tiempo de lectura\" \/>\n\t<meta name=\"twitter:data2\" content=\"3 minutos\" \/>\n<script type=\"application\/ld+json\" class=\"yoast-schema-graph\">{\"@context\":\"https:\\\/\\\/schema.org\",\"@graph\":[{\"@type\":\"Article\",\"@id\":\"https:\\\/\\\/fuentesfidedignas.com.mx\\\/index.php\\\/2024\\\/01\\\/31\\\/suprema-corte-declara-inconstitucional-la-reforma-electrica-de-amlo\\\/#article\",\"isPartOf\":{\"@id\":\"https:\\\/\\\/fuentesfidedignas.com.mx\\\/index.php\\\/2024\\\/01\\\/31\\\/suprema-corte-declara-inconstitucional-la-reforma-electrica-de-amlo\\\/\"},\"author\":{\"name\":\"L\u00f3pez D\u00f3riga\",\"@id\":\"https:\\\/\\\/fuentesfidedignas.com.mx\\\/#\\\/schema\\\/person\\\/67d852f0557c8509146a4b9ddebd543a\"},\"headline\":\"Suprema Corte declara inconstitucional la reforma el\u00e9ctrica de AMLO\",\"datePublished\":\"2024-02-01T01:25:51+00:00\",\"mainEntityOfPage\":{\"@id\":\"https:\\\/\\\/fuentesfidedignas.com.mx\\\/index.php\\\/2024\\\/01\\\/31\\\/suprema-corte-declara-inconstitucional-la-reforma-electrica-de-amlo\\\/\"},\"wordCount\":533,\"commentCount\":0,\"publisher\":{\"@id\":\"https:\\\/\\\/fuentesfidedignas.com.mx\\\/#organization\"},\"image\":{\"@id\":\"https:\\\/\\\/fuentesfidedignas.com.mx\\\/index.php\\\/2024\\\/01\\\/31\\\/suprema-corte-declara-inconstitucional-la-reforma-electrica-de-amlo\\\/#primaryimage\"},\"thumbnailUrl\":\"https:\\\/\\\/fuentesfidedignas.com.mx\\\/wp-content\\\/uploads\\\/2024\\\/01\\\/CABLES_ELECTRICIDAD.jpg\",\"articleSection\":[\"NOTICIAS NACIONALES\"],\"inLanguage\":\"es\",\"potentialAction\":[{\"@type\":\"CommentAction\",\"name\":\"Comment\",\"target\":[\"https:\\\/\\\/fuentesfidedignas.com.mx\\\/index.php\\\/2024\\\/01\\\/31\\\/suprema-corte-declara-inconstitucional-la-reforma-electrica-de-amlo\\\/#respond\"]}]},{\"@type\":\"WebPage\",\"@id\":\"https:\\\/\\\/fuentesfidedignas.com.mx\\\/index.php\\\/2024\\\/01\\\/31\\\/suprema-corte-declara-inconstitucional-la-reforma-electrica-de-amlo\\\/\",\"url\":\"https:\\\/\\\/fuentesfidedignas.com.mx\\\/index.php\\\/2024\\\/01\\\/31\\\/suprema-corte-declara-inconstitucional-la-reforma-electrica-de-amlo\\\/\",\"name\":\"Suprema Corte declara inconstitucional la reforma el\u00e9ctrica de AMLO - Fuentes Fidedignas\",\"isPartOf\":{\"@id\":\"https:\\\/\\\/fuentesfidedignas.com.mx\\\/#website\"},\"primaryImageOfPage\":{\"@id\":\"https:\\\/\\\/fuentesfidedignas.com.mx\\\/index.php\\\/2024\\\/01\\\/31\\\/suprema-corte-declara-inconstitucional-la-reforma-electrica-de-amlo\\\/#primaryimage\"},\"image\":{\"@id\":\"https:\\\/\\\/fuentesfidedignas.com.mx\\\/index.php\\\/2024\\\/01\\\/31\\\/suprema-corte-declara-inconstitucional-la-reforma-electrica-de-amlo\\\/#primaryimage\"},\"thumbnailUrl\":\"https:\\\/\\\/fuentesfidedignas.com.mx\\\/wp-content\\\/uploads\\\/2024\\\/01\\\/CABLES_ELECTRICIDAD.jpg\",\"datePublished\":\"2024-02-01T01:25:51+00:00\",\"breadcrumb\":{\"@id\":\"https:\\\/\\\/fuentesfidedignas.com.mx\\\/index.php\\\/2024\\\/01\\\/31\\\/suprema-corte-declara-inconstitucional-la-reforma-electrica-de-amlo\\\/#breadcrumb\"},\"inLanguage\":\"es\",\"potentialAction\":[{\"@type\":\"ReadAction\",\"target\":[\"https:\\\/\\\/fuentesfidedignas.com.mx\\\/index.php\\\/2024\\\/01\\\/31\\\/suprema-corte-declara-inconstitucional-la-reforma-electrica-de-amlo\\\/\"]}]},{\"@type\":\"ImageObject\",\"inLanguage\":\"es\",\"@id\":\"https:\\\/\\\/fuentesfidedignas.com.mx\\\/index.php\\\/2024\\\/01\\\/31\\\/suprema-corte-declara-inconstitucional-la-reforma-electrica-de-amlo\\\/#primaryimage\",\"url\":\"https:\\\/\\\/fuentesfidedignas.com.mx\\\/wp-content\\\/uploads\\\/2024\\\/01\\\/CABLES_ELECTRICIDAD.jpg\",\"contentUrl\":\"https:\\\/\\\/fuentesfidedignas.com.mx\\\/wp-content\\\/uploads\\\/2024\\\/01\\\/CABLES_ELECTRICIDAD.jpg\",\"width\":1000,\"height\":589},{\"@type\":\"BreadcrumbList\",\"@id\":\"https:\\\/\\\/fuentesfidedignas.com.mx\\\/index.php\\\/2024\\\/01\\\/31\\\/suprema-corte-declara-inconstitucional-la-reforma-electrica-de-amlo\\\/#breadcrumb\",\"itemListElement\":[{\"@type\":\"ListItem\",\"position\":1,\"name\":\"Inicio\",\"item\":\"https:\\\/\\\/fuentesfidedignas.com.mx\\\/\"},{\"@type\":\"ListItem\",\"position\":2,\"name\":\"Suprema Corte declara inconstitucional la reforma el\u00e9ctrica de AMLO\"}]},{\"@type\":\"WebSite\",\"@id\":\"https:\\\/\\\/fuentesfidedignas.com.mx\\\/#website\",\"url\":\"https:\\\/\\\/fuentesfidedignas.com.mx\\\/\",\"name\":\"Fuentes Fidedignas\",\"description\":\"Otro sitio realizado con WordPress\",\"publisher\":{\"@id\":\"https:\\\/\\\/fuentesfidedignas.com.mx\\\/#organization\"},\"potentialAction\":[{\"@type\":\"SearchAction\",\"target\":{\"@type\":\"EntryPoint\",\"urlTemplate\":\"https:\\\/\\\/fuentesfidedignas.com.mx\\\/?s={search_term_string}\"},\"query-input\":{\"@type\":\"PropertyValueSpecification\",\"valueRequired\":true,\"valueName\":\"search_term_string\"}}],\"inLanguage\":\"es\"},{\"@type\":\"Organization\",\"@id\":\"https:\\\/\\\/fuentesfidedignas.com.mx\\\/#organization\",\"name\":\"Fuentes Fidedignas\",\"url\":\"https:\\\/\\\/fuentesfidedignas.com.mx\\\/\",\"logo\":{\"@type\":\"ImageObject\",\"inLanguage\":\"es\",\"@id\":\"https:\\\/\\\/fuentesfidedignas.com.mx\\\/#\\\/schema\\\/logo\\\/image\\\/\",\"url\":\"https:\\\/\\\/fuentesfidedignas.com.mx\\\/wp-content\\\/uploads\\\/2021\\\/04\\\/logo-retina.png\",\"contentUrl\":\"https:\\\/\\\/fuentesfidedignas.com.mx\\\/wp-content\\\/uploads\\\/2021\\\/04\\\/logo-retina.png\",\"width\":280,\"height\":51,\"caption\":\"Fuentes Fidedignas\"},\"image\":{\"@id\":\"https:\\\/\\\/fuentesfidedignas.com.mx\\\/#\\\/schema\\\/logo\\\/image\\\/\"},\"sameAs\":[\"https:\\\/\\\/www.facebook.com\\\/Fuentes-Fidedignas-368234489921644\",\"https:\\\/\\\/x.com\\\/fidedignas\"]},{\"@type\":\"Person\",\"@id\":\"https:\\\/\\\/fuentesfidedignas.com.mx\\\/#\\\/schema\\\/person\\\/67d852f0557c8509146a4b9ddebd543a\",\"name\":\"L\u00f3pez D\u00f3riga\",\"image\":{\"@type\":\"ImageObject\",\"inLanguage\":\"es\",\"@id\":\"https:\\\/\\\/secure.gravatar.com\\\/avatar\\\/e525b06574ca18b33cded59dfe5778d6c823b9513154eff47da551b0551bdd1e?s=96&d=mm&r=g\",\"url\":\"https:\\\/\\\/secure.gravatar.com\\\/avatar\\\/e525b06574ca18b33cded59dfe5778d6c823b9513154eff47da551b0551bdd1e?s=96&d=mm&r=g\",\"contentUrl\":\"https:\\\/\\\/secure.gravatar.com\\\/avatar\\\/e525b06574ca18b33cded59dfe5778d6c823b9513154eff47da551b0551bdd1e?s=96&d=mm&r=g\",\"caption\":\"L\u00f3pez D\u00f3riga\"},\"url\":\"https:\\\/\\\/fuentesfidedignas.com.mx\\\/index.php\\\/author\\\/doriga\\\/\"}]}<\/script>\n<!-- \/ Yoast SEO plugin. -->","yoast_head_json":{"title":"Suprema Corte declara inconstitucional la reforma el\u00e9ctrica de AMLO - Fuentes Fidedignas","robots":{"index":"index","follow":"follow","max-snippet":"max-snippet:-1","max-image-preview":"max-image-preview:large","max-video-preview":"max-video-preview:-1"},"canonical":"https:\/\/fuentesfidedignas.com.mx\/index.php\/2024\/01\/31\/suprema-corte-declara-inconstitucional-la-reforma-electrica-de-amlo\/","og_locale":"es_MX","og_type":"article","og_title":"Suprema Corte declara inconstitucional la reforma el\u00e9ctrica de AMLO - Fuentes Fidedignas","og_description":"La Segunda Sala de la Suprema Corte defini\u00f3 un precedente para miles de amparos promovidos por privados en contra de los cambios legales impulsados en 2021 Ciudad de M\u00e9xico.- La Suprema Corte de Justicia de la Naci\u00f3n (SCJN) declar\u00f3 inconstitucional la reforma el\u00e9ctrica del presidente de M\u00e9xico, Andr\u00e9s Manuel L\u00f3pez Obrador, que buscaba favorecer a [&hellip;]","og_url":"https:\/\/fuentesfidedignas.com.mx\/index.php\/2024\/01\/31\/suprema-corte-declara-inconstitucional-la-reforma-electrica-de-amlo\/","og_site_name":"Fuentes Fidedignas","article_publisher":"https:\/\/www.facebook.com\/Fuentes-Fidedignas-368234489921644","article_published_time":"2024-02-01T01:25:51+00:00","og_image":[{"width":1000,"height":589,"url":"https:\/\/fuentesfidedignas.com.mx\/wp-content\/uploads\/2024\/01\/CABLES_ELECTRICIDAD.jpg","type":"image\/jpeg"}],"author":"L\u00f3pez D\u00f3riga","twitter_card":"summary_large_image","twitter_creator":"@fidedignas","twitter_site":"@fidedignas","twitter_misc":{"Escrito por":"L\u00f3pez D\u00f3riga","Tiempo de lectura":"3 minutos"},"schema":{"@context":"https:\/\/schema.org","@graph":[{"@type":"Article","@id":"https:\/\/fuentesfidedignas.com.mx\/index.php\/2024\/01\/31\/suprema-corte-declara-inconstitucional-la-reforma-electrica-de-amlo\/#article","isPartOf":{"@id":"https:\/\/fuentesfidedignas.com.mx\/index.php\/2024\/01\/31\/suprema-corte-declara-inconstitucional-la-reforma-electrica-de-amlo\/"},"author":{"name":"L\u00f3pez D\u00f3riga","@id":"https:\/\/fuentesfidedignas.com.mx\/#\/schema\/person\/67d852f0557c8509146a4b9ddebd543a"},"headline":"Suprema Corte declara inconstitucional la reforma el\u00e9ctrica de AMLO","datePublished":"2024-02-01T01:25:51+00:00","mainEntityOfPage":{"@id":"https:\/\/fuentesfidedignas.com.mx\/index.php\/2024\/01\/31\/suprema-corte-declara-inconstitucional-la-reforma-electrica-de-amlo\/"},"wordCount":533,"commentCount":0,"publisher":{"@id":"https:\/\/fuentesfidedignas.com.mx\/#organization"},"image":{"@id":"https:\/\/fuentesfidedignas.com.mx\/index.php\/2024\/01\/31\/suprema-corte-declara-inconstitucional-la-reforma-electrica-de-amlo\/#primaryimage"},"thumbnailUrl":"https:\/\/fuentesfidedignas.com.mx\/wp-content\/uploads\/2024\/01\/CABLES_ELECTRICIDAD.jpg","articleSection":["NOTICIAS NACIONALES"],"inLanguage":"es","potentialAction":[{"@type":"CommentAction","name":"Comment","target":["https:\/\/fuentesfidedignas.com.mx\/index.php\/2024\/01\/31\/suprema-corte-declara-inconstitucional-la-reforma-electrica-de-amlo\/#respond"]}]},{"@type":"WebPage","@id":"https:\/\/fuentesfidedignas.com.mx\/index.php\/2024\/01\/31\/suprema-corte-declara-inconstitucional-la-reforma-electrica-de-amlo\/","url":"https:\/\/fuentesfidedignas.com.mx\/index.php\/2024\/01\/31\/suprema-corte-declara-inconstitucional-la-reforma-electrica-de-amlo\/","name":"Suprema Corte declara inconstitucional la reforma el\u00e9ctrica de AMLO - Fuentes Fidedignas","isPartOf":{"@id":"https:\/\/fuentesfidedignas.com.mx\/#website"},"primaryImageOfPage":{"@id":"https:\/\/fuentesfidedignas.com.mx\/index.php\/2024\/01\/31\/suprema-corte-declara-inconstitucional-la-reforma-electrica-de-amlo\/#primaryimage"},"image":{"@id":"https:\/\/fuentesfidedignas.com.mx\/index.php\/2024\/01\/31\/suprema-corte-declara-inconstitucional-la-reforma-electrica-de-amlo\/#primaryimage"},"thumbnailUrl":"https:\/\/fuentesfidedignas.com.mx\/wp-content\/uploads\/2024\/01\/CABLES_ELECTRICIDAD.jpg","datePublished":"2024-02-01T01:25:51+00:00","breadcrumb":{"@id":"https:\/\/fuentesfidedignas.com.mx\/index.php\/2024\/01\/31\/suprema-corte-declara-inconstitucional-la-reforma-electrica-de-amlo\/#breadcrumb"},"inLanguage":"es","potentialAction":[{"@type":"ReadAction","target":["https:\/\/fuentesfidedignas.com.mx\/index.php\/2024\/01\/31\/suprema-corte-declara-inconstitucional-la-reforma-electrica-de-amlo\/"]}]},{"@type":"ImageObject","inLanguage":"es","@id":"https:\/\/fuentesfidedignas.com.mx\/index.php\/2024\/01\/31\/suprema-corte-declara-inconstitucional-la-reforma-electrica-de-amlo\/#primaryimage","url":"https:\/\/fuentesfidedignas.com.mx\/wp-content\/uploads\/2024\/01\/CABLES_ELECTRICIDAD.jpg","contentUrl":"https:\/\/fuentesfidedignas.com.mx\/wp-content\/uploads\/2024\/01\/CABLES_ELECTRICIDAD.jpg","width":1000,"height":589},{"@type":"BreadcrumbList","@id":"https:\/\/fuentesfidedignas.com.mx\/index.php\/2024\/01\/31\/suprema-corte-declara-inconstitucional-la-reforma-electrica-de-amlo\/#breadcrumb","itemListElement":[{"@type":"ListItem","position":1,"name":"Inicio","item":"https:\/\/fuentesfidedignas.com.mx\/"},{"@type":"ListItem","position":2,"name":"Suprema Corte declara inconstitucional la reforma el\u00e9ctrica de AMLO"}]},{"@type":"WebSite","@id":"https:\/\/fuentesfidedignas.com.mx\/#website","url":"https:\/\/fuentesfidedignas.com.mx\/","name":"Fuentes Fidedignas","description":"Otro sitio realizado con WordPress","publisher":{"@id":"https:\/\/fuentesfidedignas.com.mx\/#organization"},"potentialAction":[{"@type":"SearchAction","target":{"@type":"EntryPoint","urlTemplate":"https:\/\/fuentesfidedignas.com.mx\/?s={search_term_string}"},"query-input":{"@type":"PropertyValueSpecification","valueRequired":true,"valueName":"search_term_string"}}],"inLanguage":"es"},{"@type":"Organization","@id":"https:\/\/fuentesfidedignas.com.mx\/#organization","name":"Fuentes Fidedignas","url":"https:\/\/fuentesfidedignas.com.mx\/","logo":{"@type":"ImageObject","inLanguage":"es","@id":"https:\/\/fuentesfidedignas.com.mx\/#\/schema\/logo\/image\/","url":"https:\/\/fuentesfidedignas.com.mx\/wp-content\/uploads\/2021\/04\/logo-retina.png","contentUrl":"https:\/\/fuentesfidedignas.com.mx\/wp-content\/uploads\/2021\/04\/logo-retina.png","width":280,"height":51,"caption":"Fuentes Fidedignas"},"image":{"@id":"https:\/\/fuentesfidedignas.com.mx\/#\/schema\/logo\/image\/"},"sameAs":["https:\/\/www.facebook.com\/Fuentes-Fidedignas-368234489921644","https:\/\/x.com\/fidedignas"]},{"@type":"Person","@id":"https:\/\/fuentesfidedignas.com.mx\/#\/schema\/person\/67d852f0557c8509146a4b9ddebd543a","name":"L\u00f3pez D\u00f3riga","image":{"@type":"ImageObject","inLanguage":"es","@id":"https:\/\/secure.gravatar.com\/avatar\/e525b06574ca18b33cded59dfe5778d6c823b9513154eff47da551b0551bdd1e?s=96&d=mm&r=g","url":"https:\/\/secure.gravatar.com\/avatar\/e525b06574ca18b33cded59dfe5778d6c823b9513154eff47da551b0551bdd1e?s=96&d=mm&r=g","contentUrl":"https:\/\/secure.gravatar.com\/avatar\/e525b06574ca18b33cded59dfe5778d6c823b9513154eff47da551b0551bdd1e?s=96&d=mm&r=g","caption":"L\u00f3pez D\u00f3riga"},"url":"https:\/\/fuentesfidedignas.com.mx\/index.php\/author\/doriga\/"}]}},"_links":{"self":[{"href":"https:\/\/fuentesfidedignas.com.mx\/index.php\/wp-json\/wp\/v2\/posts\/72509","targetHints":{"allow":["GET"]}}],"collection":[{"href":"https:\/\/fuentesfidedignas.com.mx\/index.php\/wp-json\/wp\/v2\/posts"}],"about":[{"href":"https:\/\/fuentesfidedignas.com.mx\/index.php\/wp-json\/wp\/v2\/types\/post"}],"author":[{"embeddable":true,"href":"https:\/\/fuentesfidedignas.com.mx\/index.php\/wp-json\/wp\/v2\/users\/47"}],"replies":[{"embeddable":true,"href":"https:\/\/fuentesfidedignas.com.mx\/index.php\/wp-json\/wp\/v2\/comments?post=72509"}],"version-history":[{"count":1,"href":"https:\/\/fuentesfidedignas.com.mx\/index.php\/wp-json\/wp\/v2\/posts\/72509\/revisions"}],"predecessor-version":[{"id":72510,"href":"https:\/\/fuentesfidedignas.com.mx\/index.php\/wp-json\/wp\/v2\/posts\/72509\/revisions\/72510"}],"wp:featuredmedia":[{"embeddable":true,"href":"https:\/\/fuentesfidedignas.com.mx\/index.php\/wp-json\/wp\/v2\/media\/70653"}],"wp:attachment":[{"href":"https:\/\/fuentesfidedignas.com.mx\/index.php\/wp-json\/wp\/v2\/media?parent=72509"}],"wp:term":[{"taxonomy":"category","embeddable":true,"href":"https:\/\/fuentesfidedignas.com.mx\/index.php\/wp-json\/wp\/v2\/categories?post=72509"},{"taxonomy":"post_tag","embeddable":true,"href":"https:\/\/fuentesfidedignas.com.mx\/index.php\/wp-json\/wp\/v2\/tags?post=72509"}],"curies":[{"name":"wp","href":"https:\/\/api.w.org\/{rel}","templated":true}]}}