{"id":72391,"date":"2024-01-31T05:13:48","date_gmt":"2024-01-31T12:13:48","guid":{"rendered":"https:\/\/fuentesfidedignas.com.mx\/?p=72391"},"modified":"2024-01-30T19:14:32","modified_gmt":"2024-01-31T02:14:32","slug":"joven-comparte-su-angustia-al-no-encontrar-trabajo-a-pesar-de-tener-dos-carreras-y-hablar-tres-idiomas-video","status":"publish","type":"post","link":"https:\/\/fuentesfidedignas.com.mx\/index.php\/2024\/01\/31\/joven-comparte-su-angustia-al-no-encontrar-trabajo-a-pesar-de-tener-dos-carreras-y-hablar-tres-idiomas-video\/","title":{"rendered":"Joven comparte su angustia al no encontrar trabajo a pesar de tener dos carreras y hablar tres idiomas (video)"},"content":{"rendered":"\n<p><strong><em>Algunos usuarios destacan la triste realidad que enfrentan muchos j\u00f3venes reci\u00e9n egresados en la actualidad<\/em><\/strong><\/p>\n\n\n\n<p>En medio de la dif\u00edcil b\u00fasqueda de empleo, una joven llamada Lohanny ha compartido su conmovedora historia en un video que ha conmovido a las redes sociales.<\/p>\n\n\n\n<p>A pesar de contar con dos carreras universitarias y dominar tres idiomas, la desesperaci\u00f3n de Lohanny se refleja en su rostro al relatar la dificultad que enfrenta para conseguir trabajo.<\/p>\n\n\n\n<p><strong>Joven con dos carreras y tres idiomas rompe en llanto por la falta de empleo<\/strong><br>Lohanny expresa su impotencia al enfrentarse a la realidad de la b\u00fasqueda laboral, mencionando que ha visitado varios lugares y ha preguntado constantemente si hay oportunidades de empleo, pero hasta el momento no ha obtenido resultados positivos.<\/p>\n\n\n\n<p>El v\u00eddeo, que ha alcanzado m\u00e1s de un mill\u00f3n de likes, ha generado una ola de comentarios en las redes sociales, donde miles de personas han expresado su apoyo y empat\u00eda hacia la situaci\u00f3n de Lohanny. Muchos comentarios destacan la triste realidad que enfrentan muchos j\u00f3venes reci\u00e9n egresados en la actualidad.<\/p>\n\n\n\n<blockquote class=\"tiktok-embed\" cite=\"https:\/\/www.tiktok.com\/@lohannysant\/video\/7329573562354945326\" data-video-id=\"7329573562354945326\" style=\"max-width: 605px;min-width: 325px;\" > <section> <a target=\"_blank\" title=\"@lohannysant\" href=\"https:\/\/www.tiktok.com\/@lohannysant?refer=embed\" rel=\"noopener\">@lohannysant<\/a> I got tear stains on my resume \ud83d\ude14\ud83d\ude14\ud83d\ude14 <a title=\"nyc\" target=\"_blank\" href=\"https:\/\/www.tiktok.com\/tag\/nyc?refer=embed\" rel=\"noopener\">#nyc<\/a> <a title=\"unemployed\" target=\"_blank\" href=\"https:\/\/www.tiktok.com\/tag\/unemployed?refer=embed\" rel=\"noopener\">#unemployed<\/a> <a target=\"_blank\" title=\"\u266c original sound - Lohanny\" href=\"https:\/\/www.tiktok.com\/music\/original-sound-7329573799073106734?refer=embed\" rel=\"noopener\">\u266c original sound &#8211; Lohanny<\/a> <\/section> <\/blockquote> <script async src=\"https:\/\/www.tiktok.com\/embed.js\"><\/script>\n","protected":false},"excerpt":{"rendered":"<p>Algunos usuarios destacan la triste realidad que enfrentan muchos j\u00f3venes reci\u00e9n egresados en la actualidad En medio de la dif\u00edcil b\u00fasqueda de empleo, una joven llamada Lohanny ha compartido su conmovedora historia en un video que ha conmovido a las redes sociales. A pesar de contar con dos carreras universitarias y dominar tres idiomas, la [&hellip;]<\/p>\n","protected":false},"author":40,"featured_media":72392,"comment_status":"open","ping_status":"open","sticky":false,"template":"","format":"standard","meta":{"tdm_status":"","tdm_grid_status":"","footnotes":""},"categories":[40],"tags":[],"class_list":{"0":"post-72391","1":"post","2":"type-post","3":"status-publish","4":"format-standard","5":"has-post-thumbnail","7":"category-las-asombrosas"},"yoast_head":"<!-- This site is optimized with the Yoast SEO plugin v27.5 - https:\/\/yoast.com\/product\/yoast-seo-wordpress\/ -->\n<title>Joven comparte su angustia al no encontrar trabajo a pesar de tener dos carreras y hablar tres idiomas (video) - Fuentes Fidedignas<\/title>\n<meta name=\"robots\" content=\"index, follow, max-snippet:-1, max-image-preview:large, max-video-preview:-1\" \/>\n<link rel=\"canonical\" href=\"https:\/\/fuentesfidedignas.com.mx\/index.php\/2024\/01\/31\/joven-comparte-su-angustia-al-no-encontrar-trabajo-a-pesar-de-tener-dos-carreras-y-hablar-tres-idiomas-video\/\" \/>\n<meta property=\"og:locale\" content=\"es_MX\" \/>\n<meta property=\"og:type\" content=\"article\" \/>\n<meta property=\"og:title\" content=\"Joven comparte su angustia al no encontrar trabajo a pesar de tener dos carreras y hablar tres idiomas (video) - Fuentes Fidedignas\" \/>\n<meta property=\"og:description\" content=\"Algunos usuarios destacan la triste realidad que enfrentan muchos j\u00f3venes reci\u00e9n egresados en la actualidad En medio de la dif\u00edcil b\u00fasqueda de empleo, una joven llamada Lohanny ha compartido su conmovedora historia en un video que ha conmovido a las redes sociales. A pesar de contar con dos carreras universitarias y dominar tres idiomas, la [&hellip;]\" \/>\n<meta property=\"og:url\" content=\"https:\/\/fuentesfidedignas.com.mx\/index.php\/2024\/01\/31\/joven-comparte-su-angustia-al-no-encontrar-trabajo-a-pesar-de-tener-dos-carreras-y-hablar-tres-idiomas-video\/\" \/>\n<meta property=\"og:site_name\" content=\"Fuentes Fidedignas\" \/>\n<meta property=\"article:publisher\" content=\"https:\/\/www.facebook.com\/Fuentes-Fidedignas-368234489921644\" \/>\n<meta property=\"article:published_time\" content=\"2024-01-31T12:13:48+00:00\" \/>\n<meta property=\"og:image\" content=\"https:\/\/fuentesfidedignas.com.mx\/wp-content\/uploads\/2024\/01\/MUJER_SINEMPLEO.jpg\" \/>\n\t<meta property=\"og:image:width\" content=\"900\" \/>\n\t<meta property=\"og:image:height\" content=\"461\" \/>\n\t<meta property=\"og:image:type\" content=\"image\/jpeg\" \/>\n<meta name=\"author\" content=\"El Imparcial\" \/>\n<meta name=\"twitter:card\" content=\"summary_large_image\" \/>\n<meta name=\"twitter:creator\" content=\"@fidedignas\" \/>\n<meta name=\"twitter:site\" content=\"@fidedignas\" \/>\n<meta name=\"twitter:label1\" content=\"Escrito por\" \/>\n\t<meta name=\"twitter:data1\" content=\"El Imparcial\" \/>\n\t<meta name=\"twitter:label2\" content=\"Tiempo de lectura\" \/>\n\t<meta name=\"twitter:data2\" content=\"2 minutos\" \/>\n<script type=\"application\/ld+json\" class=\"yoast-schema-graph\">{\"@context\":\"https:\\\/\\\/schema.org\",\"@graph\":[{\"@type\":\"Article\",\"@id\":\"https:\\\/\\\/fuentesfidedignas.com.mx\\\/index.php\\\/2024\\\/01\\\/31\\\/joven-comparte-su-angustia-al-no-encontrar-trabajo-a-pesar-de-tener-dos-carreras-y-hablar-tres-idiomas-video\\\/#article\",\"isPartOf\":{\"@id\":\"https:\\\/\\\/fuentesfidedignas.com.mx\\\/index.php\\\/2024\\\/01\\\/31\\\/joven-comparte-su-angustia-al-no-encontrar-trabajo-a-pesar-de-tener-dos-carreras-y-hablar-tres-idiomas-video\\\/\"},\"author\":{\"name\":\"El Imparcial\",\"@id\":\"https:\\\/\\\/fuentesfidedignas.com.mx\\\/#\\\/schema\\\/person\\\/ff4db17f8fd9c584e0cfc2a0c436b8a1\"},\"headline\":\"Joven comparte su angustia al no encontrar trabajo a pesar de tener dos carreras y hablar tres idiomas (video)\",\"datePublished\":\"2024-01-31T12:13:48+00:00\",\"mainEntityOfPage\":{\"@id\":\"https:\\\/\\\/fuentesfidedignas.com.mx\\\/index.php\\\/2024\\\/01\\\/31\\\/joven-comparte-su-angustia-al-no-encontrar-trabajo-a-pesar-de-tener-dos-carreras-y-hablar-tres-idiomas-video\\\/\"},\"wordCount\":221,\"commentCount\":0,\"publisher\":{\"@id\":\"https:\\\/\\\/fuentesfidedignas.com.mx\\\/#organization\"},\"image\":{\"@id\":\"https:\\\/\\\/fuentesfidedignas.com.mx\\\/index.php\\\/2024\\\/01\\\/31\\\/joven-comparte-su-angustia-al-no-encontrar-trabajo-a-pesar-de-tener-dos-carreras-y-hablar-tres-idiomas-video\\\/#primaryimage\"},\"thumbnailUrl\":\"https:\\\/\\\/fuentesfidedignas.com.mx\\\/wp-content\\\/uploads\\\/2024\\\/01\\\/MUJER_SINEMPLEO.jpg\",\"articleSection\":[\"LAS ASOMBROSAS\"],\"inLanguage\":\"es\",\"potentialAction\":[{\"@type\":\"CommentAction\",\"name\":\"Comment\",\"target\":[\"https:\\\/\\\/fuentesfidedignas.com.mx\\\/index.php\\\/2024\\\/01\\\/31\\\/joven-comparte-su-angustia-al-no-encontrar-trabajo-a-pesar-de-tener-dos-carreras-y-hablar-tres-idiomas-video\\\/#respond\"]}]},{\"@type\":\"WebPage\",\"@id\":\"https:\\\/\\\/fuentesfidedignas.com.mx\\\/index.php\\\/2024\\\/01\\\/31\\\/joven-comparte-su-angustia-al-no-encontrar-trabajo-a-pesar-de-tener-dos-carreras-y-hablar-tres-idiomas-video\\\/\",\"url\":\"https:\\\/\\\/fuentesfidedignas.com.mx\\\/index.php\\\/2024\\\/01\\\/31\\\/joven-comparte-su-angustia-al-no-encontrar-trabajo-a-pesar-de-tener-dos-carreras-y-hablar-tres-idiomas-video\\\/\",\"name\":\"Joven comparte su angustia al no encontrar trabajo a pesar de tener dos carreras y hablar tres idiomas (video) - Fuentes Fidedignas\",\"isPartOf\":{\"@id\":\"https:\\\/\\\/fuentesfidedignas.com.mx\\\/#website\"},\"primaryImageOfPage\":{\"@id\":\"https:\\\/\\\/fuentesfidedignas.com.mx\\\/index.php\\\/2024\\\/01\\\/31\\\/joven-comparte-su-angustia-al-no-encontrar-trabajo-a-pesar-de-tener-dos-carreras-y-hablar-tres-idiomas-video\\\/#primaryimage\"},\"image\":{\"@id\":\"https:\\\/\\\/fuentesfidedignas.com.mx\\\/index.php\\\/2024\\\/01\\\/31\\\/joven-comparte-su-angustia-al-no-encontrar-trabajo-a-pesar-de-tener-dos-carreras-y-hablar-tres-idiomas-video\\\/#primaryimage\"},\"thumbnailUrl\":\"https:\\\/\\\/fuentesfidedignas.com.mx\\\/wp-content\\\/uploads\\\/2024\\\/01\\\/MUJER_SINEMPLEO.jpg\",\"datePublished\":\"2024-01-31T12:13:48+00:00\",\"breadcrumb\":{\"@id\":\"https:\\\/\\\/fuentesfidedignas.com.mx\\\/index.php\\\/2024\\\/01\\\/31\\\/joven-comparte-su-angustia-al-no-encontrar-trabajo-a-pesar-de-tener-dos-carreras-y-hablar-tres-idiomas-video\\\/#breadcrumb\"},\"inLanguage\":\"es\",\"potentialAction\":[{\"@type\":\"ReadAction\",\"target\":[\"https:\\\/\\\/fuentesfidedignas.com.mx\\\/index.php\\\/2024\\\/01\\\/31\\\/joven-comparte-su-angustia-al-no-encontrar-trabajo-a-pesar-de-tener-dos-carreras-y-hablar-tres-idiomas-video\\\/\"]}]},{\"@type\":\"ImageObject\",\"inLanguage\":\"es\",\"@id\":\"https:\\\/\\\/fuentesfidedignas.com.mx\\\/index.php\\\/2024\\\/01\\\/31\\\/joven-comparte-su-angustia-al-no-encontrar-trabajo-a-pesar-de-tener-dos-carreras-y-hablar-tres-idiomas-video\\\/#primaryimage\",\"url\":\"https:\\\/\\\/fuentesfidedignas.com.mx\\\/wp-content\\\/uploads\\\/2024\\\/01\\\/MUJER_SINEMPLEO.jpg\",\"contentUrl\":\"https:\\\/\\\/fuentesfidedignas.com.mx\\\/wp-content\\\/uploads\\\/2024\\\/01\\\/MUJER_SINEMPLEO.jpg\",\"width\":900,\"height\":461},{\"@type\":\"BreadcrumbList\",\"@id\":\"https:\\\/\\\/fuentesfidedignas.com.mx\\\/index.php\\\/2024\\\/01\\\/31\\\/joven-comparte-su-angustia-al-no-encontrar-trabajo-a-pesar-de-tener-dos-carreras-y-hablar-tres-idiomas-video\\\/#breadcrumb\",\"itemListElement\":[{\"@type\":\"ListItem\",\"position\":1,\"name\":\"Inicio\",\"item\":\"https:\\\/\\\/fuentesfidedignas.com.mx\\\/\"},{\"@type\":\"ListItem\",\"position\":2,\"name\":\"Joven comparte su angustia al no encontrar trabajo a pesar de tener dos carreras y hablar tres idiomas (video)\"}]},{\"@type\":\"WebSite\",\"@id\":\"https:\\\/\\\/fuentesfidedignas.com.mx\\\/#website\",\"url\":\"https:\\\/\\\/fuentesfidedignas.com.mx\\\/\",\"name\":\"Fuentes Fidedignas\",\"description\":\"Otro sitio realizado con WordPress\",\"publisher\":{\"@id\":\"https:\\\/\\\/fuentesfidedignas.com.mx\\\/#organization\"},\"potentialAction\":[{\"@type\":\"SearchAction\",\"target\":{\"@type\":\"EntryPoint\",\"urlTemplate\":\"https:\\\/\\\/fuentesfidedignas.com.mx\\\/?s={search_term_string}\"},\"query-input\":{\"@type\":\"PropertyValueSpecification\",\"valueRequired\":true,\"valueName\":\"search_term_string\"}}],\"inLanguage\":\"es\"},{\"@type\":\"Organization\",\"@id\":\"https:\\\/\\\/fuentesfidedignas.com.mx\\\/#organization\",\"name\":\"Fuentes Fidedignas\",\"url\":\"https:\\\/\\\/fuentesfidedignas.com.mx\\\/\",\"logo\":{\"@type\":\"ImageObject\",\"inLanguage\":\"es\",\"@id\":\"https:\\\/\\\/fuentesfidedignas.com.mx\\\/#\\\/schema\\\/logo\\\/image\\\/\",\"url\":\"https:\\\/\\\/fuentesfidedignas.com.mx\\\/wp-content\\\/uploads\\\/2021\\\/04\\\/logo-retina.png\",\"contentUrl\":\"https:\\\/\\\/fuentesfidedignas.com.mx\\\/wp-content\\\/uploads\\\/2021\\\/04\\\/logo-retina.png\",\"width\":280,\"height\":51,\"caption\":\"Fuentes Fidedignas\"},\"image\":{\"@id\":\"https:\\\/\\\/fuentesfidedignas.com.mx\\\/#\\\/schema\\\/logo\\\/image\\\/\"},\"sameAs\":[\"https:\\\/\\\/www.facebook.com\\\/Fuentes-Fidedignas-368234489921644\",\"https:\\\/\\\/x.com\\\/fidedignas\"]},{\"@type\":\"Person\",\"@id\":\"https:\\\/\\\/fuentesfidedignas.com.mx\\\/#\\\/schema\\\/person\\\/ff4db17f8fd9c584e0cfc2a0c436b8a1\",\"name\":\"El Imparcial\",\"image\":{\"@type\":\"ImageObject\",\"inLanguage\":\"es\",\"@id\":\"https:\\\/\\\/secure.gravatar.com\\\/avatar\\\/accd6807585a75316c237ee783498317be6f66ab34c47c940966f26a3f613161?s=96&d=mm&r=g\",\"url\":\"https:\\\/\\\/secure.gravatar.com\\\/avatar\\\/accd6807585a75316c237ee783498317be6f66ab34c47c940966f26a3f613161?s=96&d=mm&r=g\",\"contentUrl\":\"https:\\\/\\\/secure.gravatar.com\\\/avatar\\\/accd6807585a75316c237ee783498317be6f66ab34c47c940966f26a3f613161?s=96&d=mm&r=g\",\"caption\":\"El Imparcial\"},\"url\":\"https:\\\/\\\/fuentesfidedignas.com.mx\\\/index.php\\\/author\\\/imparcial\\\/\"}]}<\/script>\n<!-- \/ Yoast SEO plugin. -->","yoast_head_json":{"title":"Joven comparte su angustia al no encontrar trabajo a pesar de tener dos carreras y hablar tres idiomas (video) - Fuentes Fidedignas","robots":{"index":"index","follow":"follow","max-snippet":"max-snippet:-1","max-image-preview":"max-image-preview:large","max-video-preview":"max-video-preview:-1"},"canonical":"https:\/\/fuentesfidedignas.com.mx\/index.php\/2024\/01\/31\/joven-comparte-su-angustia-al-no-encontrar-trabajo-a-pesar-de-tener-dos-carreras-y-hablar-tres-idiomas-video\/","og_locale":"es_MX","og_type":"article","og_title":"Joven comparte su angustia al no encontrar trabajo a pesar de tener dos carreras y hablar tres idiomas (video) - Fuentes Fidedignas","og_description":"Algunos usuarios destacan la triste realidad que enfrentan muchos j\u00f3venes reci\u00e9n egresados en la actualidad En medio de la dif\u00edcil b\u00fasqueda de empleo, una joven llamada Lohanny ha compartido su conmovedora historia en un video que ha conmovido a las redes sociales. A pesar de contar con dos carreras universitarias y dominar tres idiomas, la [&hellip;]","og_url":"https:\/\/fuentesfidedignas.com.mx\/index.php\/2024\/01\/31\/joven-comparte-su-angustia-al-no-encontrar-trabajo-a-pesar-de-tener-dos-carreras-y-hablar-tres-idiomas-video\/","og_site_name":"Fuentes Fidedignas","article_publisher":"https:\/\/www.facebook.com\/Fuentes-Fidedignas-368234489921644","article_published_time":"2024-01-31T12:13:48+00:00","og_image":[{"width":900,"height":461,"url":"https:\/\/fuentesfidedignas.com.mx\/wp-content\/uploads\/2024\/01\/MUJER_SINEMPLEO.jpg","type":"image\/jpeg"}],"author":"El Imparcial","twitter_card":"summary_large_image","twitter_creator":"@fidedignas","twitter_site":"@fidedignas","twitter_misc":{"Escrito por":"El Imparcial","Tiempo de lectura":"2 minutos"},"schema":{"@context":"https:\/\/schema.org","@graph":[{"@type":"Article","@id":"https:\/\/fuentesfidedignas.com.mx\/index.php\/2024\/01\/31\/joven-comparte-su-angustia-al-no-encontrar-trabajo-a-pesar-de-tener-dos-carreras-y-hablar-tres-idiomas-video\/#article","isPartOf":{"@id":"https:\/\/fuentesfidedignas.com.mx\/index.php\/2024\/01\/31\/joven-comparte-su-angustia-al-no-encontrar-trabajo-a-pesar-de-tener-dos-carreras-y-hablar-tres-idiomas-video\/"},"author":{"name":"El Imparcial","@id":"https:\/\/fuentesfidedignas.com.mx\/#\/schema\/person\/ff4db17f8fd9c584e0cfc2a0c436b8a1"},"headline":"Joven comparte su angustia al no encontrar trabajo a pesar de tener dos carreras y hablar tres idiomas (video)","datePublished":"2024-01-31T12:13:48+00:00","mainEntityOfPage":{"@id":"https:\/\/fuentesfidedignas.com.mx\/index.php\/2024\/01\/31\/joven-comparte-su-angustia-al-no-encontrar-trabajo-a-pesar-de-tener-dos-carreras-y-hablar-tres-idiomas-video\/"},"wordCount":221,"commentCount":0,"publisher":{"@id":"https:\/\/fuentesfidedignas.com.mx\/#organization"},"image":{"@id":"https:\/\/fuentesfidedignas.com.mx\/index.php\/2024\/01\/31\/joven-comparte-su-angustia-al-no-encontrar-trabajo-a-pesar-de-tener-dos-carreras-y-hablar-tres-idiomas-video\/#primaryimage"},"thumbnailUrl":"https:\/\/fuentesfidedignas.com.mx\/wp-content\/uploads\/2024\/01\/MUJER_SINEMPLEO.jpg","articleSection":["LAS ASOMBROSAS"],"inLanguage":"es","potentialAction":[{"@type":"CommentAction","name":"Comment","target":["https:\/\/fuentesfidedignas.com.mx\/index.php\/2024\/01\/31\/joven-comparte-su-angustia-al-no-encontrar-trabajo-a-pesar-de-tener-dos-carreras-y-hablar-tres-idiomas-video\/#respond"]}]},{"@type":"WebPage","@id":"https:\/\/fuentesfidedignas.com.mx\/index.php\/2024\/01\/31\/joven-comparte-su-angustia-al-no-encontrar-trabajo-a-pesar-de-tener-dos-carreras-y-hablar-tres-idiomas-video\/","url":"https:\/\/fuentesfidedignas.com.mx\/index.php\/2024\/01\/31\/joven-comparte-su-angustia-al-no-encontrar-trabajo-a-pesar-de-tener-dos-carreras-y-hablar-tres-idiomas-video\/","name":"Joven comparte su angustia al no encontrar trabajo a pesar de tener dos carreras y hablar tres idiomas (video) - Fuentes Fidedignas","isPartOf":{"@id":"https:\/\/fuentesfidedignas.com.mx\/#website"},"primaryImageOfPage":{"@id":"https:\/\/fuentesfidedignas.com.mx\/index.php\/2024\/01\/31\/joven-comparte-su-angustia-al-no-encontrar-trabajo-a-pesar-de-tener-dos-carreras-y-hablar-tres-idiomas-video\/#primaryimage"},"image":{"@id":"https:\/\/fuentesfidedignas.com.mx\/index.php\/2024\/01\/31\/joven-comparte-su-angustia-al-no-encontrar-trabajo-a-pesar-de-tener-dos-carreras-y-hablar-tres-idiomas-video\/#primaryimage"},"thumbnailUrl":"https:\/\/fuentesfidedignas.com.mx\/wp-content\/uploads\/2024\/01\/MUJER_SINEMPLEO.jpg","datePublished":"2024-01-31T12:13:48+00:00","breadcrumb":{"@id":"https:\/\/fuentesfidedignas.com.mx\/index.php\/2024\/01\/31\/joven-comparte-su-angustia-al-no-encontrar-trabajo-a-pesar-de-tener-dos-carreras-y-hablar-tres-idiomas-video\/#breadcrumb"},"inLanguage":"es","potentialAction":[{"@type":"ReadAction","target":["https:\/\/fuentesfidedignas.com.mx\/index.php\/2024\/01\/31\/joven-comparte-su-angustia-al-no-encontrar-trabajo-a-pesar-de-tener-dos-carreras-y-hablar-tres-idiomas-video\/"]}]},{"@type":"ImageObject","inLanguage":"es","@id":"https:\/\/fuentesfidedignas.com.mx\/index.php\/2024\/01\/31\/joven-comparte-su-angustia-al-no-encontrar-trabajo-a-pesar-de-tener-dos-carreras-y-hablar-tres-idiomas-video\/#primaryimage","url":"https:\/\/fuentesfidedignas.com.mx\/wp-content\/uploads\/2024\/01\/MUJER_SINEMPLEO.jpg","contentUrl":"https:\/\/fuentesfidedignas.com.mx\/wp-content\/uploads\/2024\/01\/MUJER_SINEMPLEO.jpg","width":900,"height":461},{"@type":"BreadcrumbList","@id":"https:\/\/fuentesfidedignas.com.mx\/index.php\/2024\/01\/31\/joven-comparte-su-angustia-al-no-encontrar-trabajo-a-pesar-de-tener-dos-carreras-y-hablar-tres-idiomas-video\/#breadcrumb","itemListElement":[{"@type":"ListItem","position":1,"name":"Inicio","item":"https:\/\/fuentesfidedignas.com.mx\/"},{"@type":"ListItem","position":2,"name":"Joven comparte su angustia al no encontrar trabajo a pesar de tener dos carreras y hablar tres idiomas (video)"}]},{"@type":"WebSite","@id":"https:\/\/fuentesfidedignas.com.mx\/#website","url":"https:\/\/fuentesfidedignas.com.mx\/","name":"Fuentes Fidedignas","description":"Otro sitio realizado con WordPress","publisher":{"@id":"https:\/\/fuentesfidedignas.com.mx\/#organization"},"potentialAction":[{"@type":"SearchAction","target":{"@type":"EntryPoint","urlTemplate":"https:\/\/fuentesfidedignas.com.mx\/?s={search_term_string}"},"query-input":{"@type":"PropertyValueSpecification","valueRequired":true,"valueName":"search_term_string"}}],"inLanguage":"es"},{"@type":"Organization","@id":"https:\/\/fuentesfidedignas.com.mx\/#organization","name":"Fuentes Fidedignas","url":"https:\/\/fuentesfidedignas.com.mx\/","logo":{"@type":"ImageObject","inLanguage":"es","@id":"https:\/\/fuentesfidedignas.com.mx\/#\/schema\/logo\/image\/","url":"https:\/\/fuentesfidedignas.com.mx\/wp-content\/uploads\/2021\/04\/logo-retina.png","contentUrl":"https:\/\/fuentesfidedignas.com.mx\/wp-content\/uploads\/2021\/04\/logo-retina.png","width":280,"height":51,"caption":"Fuentes Fidedignas"},"image":{"@id":"https:\/\/fuentesfidedignas.com.mx\/#\/schema\/logo\/image\/"},"sameAs":["https:\/\/www.facebook.com\/Fuentes-Fidedignas-368234489921644","https:\/\/x.com\/fidedignas"]},{"@type":"Person","@id":"https:\/\/fuentesfidedignas.com.mx\/#\/schema\/person\/ff4db17f8fd9c584e0cfc2a0c436b8a1","name":"El Imparcial","image":{"@type":"ImageObject","inLanguage":"es","@id":"https:\/\/secure.gravatar.com\/avatar\/accd6807585a75316c237ee783498317be6f66ab34c47c940966f26a3f613161?s=96&d=mm&r=g","url":"https:\/\/secure.gravatar.com\/avatar\/accd6807585a75316c237ee783498317be6f66ab34c47c940966f26a3f613161?s=96&d=mm&r=g","contentUrl":"https:\/\/secure.gravatar.com\/avatar\/accd6807585a75316c237ee783498317be6f66ab34c47c940966f26a3f613161?s=96&d=mm&r=g","caption":"El Imparcial"},"url":"https:\/\/fuentesfidedignas.com.mx\/index.php\/author\/imparcial\/"}]}},"_links":{"self":[{"href":"https:\/\/fuentesfidedignas.com.mx\/index.php\/wp-json\/wp\/v2\/posts\/72391","targetHints":{"allow":["GET"]}}],"collection":[{"href":"https:\/\/fuentesfidedignas.com.mx\/index.php\/wp-json\/wp\/v2\/posts"}],"about":[{"href":"https:\/\/fuentesfidedignas.com.mx\/index.php\/wp-json\/wp\/v2\/types\/post"}],"author":[{"embeddable":true,"href":"https:\/\/fuentesfidedignas.com.mx\/index.php\/wp-json\/wp\/v2\/users\/40"}],"replies":[{"embeddable":true,"href":"https:\/\/fuentesfidedignas.com.mx\/index.php\/wp-json\/wp\/v2\/comments?post=72391"}],"version-history":[{"count":1,"href":"https:\/\/fuentesfidedignas.com.mx\/index.php\/wp-json\/wp\/v2\/posts\/72391\/revisions"}],"predecessor-version":[{"id":72393,"href":"https:\/\/fuentesfidedignas.com.mx\/index.php\/wp-json\/wp\/v2\/posts\/72391\/revisions\/72393"}],"wp:featuredmedia":[{"embeddable":true,"href":"https:\/\/fuentesfidedignas.com.mx\/index.php\/wp-json\/wp\/v2\/media\/72392"}],"wp:attachment":[{"href":"https:\/\/fuentesfidedignas.com.mx\/index.php\/wp-json\/wp\/v2\/media?parent=72391"}],"wp:term":[{"taxonomy":"category","embeddable":true,"href":"https:\/\/fuentesfidedignas.com.mx\/index.php\/wp-json\/wp\/v2\/categories?post=72391"},{"taxonomy":"post_tag","embeddable":true,"href":"https:\/\/fuentesfidedignas.com.mx\/index.php\/wp-json\/wp\/v2\/tags?post=72391"}],"curies":[{"name":"wp","href":"https:\/\/api.w.org\/{rel}","templated":true}]}}