{"id":72266,"date":"2024-01-29T16:35:47","date_gmt":"2024-01-29T23:35:47","guid":{"rendered":"https:\/\/fuentesfidedignas.com.mx\/?p=72266"},"modified":"2024-01-29T16:35:47","modified_gmt":"2024-01-29T23:35:47","slug":"trabajos-de-reencarpetado-en-la-av-nicolas-bravo-en-culiacan-avanzan-en-tiempo-y-forma-obras-y-servicios-publicos","status":"publish","type":"post","link":"https:\/\/fuentesfidedignas.com.mx\/index.php\/2024\/01\/29\/trabajos-de-reencarpetado-en-la-av-nicolas-bravo-en-culiacan-avanzan-en-tiempo-y-forma-obras-y-servicios-publicos\/","title":{"rendered":"Trabajos de reencarpetado en la av. Nicol\u00e1s Bravo en Culiac\u00e1n avanzan en tiempo y forma: Obras y Servicios P\u00fablicos"},"content":{"rendered":"\n<p><strong><em>El Ayuntamiento de Culiac\u00e1n reafirma su compromiso con el bienestar y la seguridad de todos los ciudadanos<\/em><\/strong><\/p>\n\n\n\n<p>Culiac\u00e1n, Sin., a 29 de enero de 2024.- El Ayuntamiento de Culiac\u00e1n contin\u00faa su compromiso con la mejora de la infraestructura vial en la ciudad llevando a cabo importantes trabajos de reencarpetado en la avenida Nicol\u00e1s Bravo, con el objetivo de contribuir a una mayor seguridad vial para todos los ciudadanos.<\/p>\n\n\n\n<p>Las labores de reencarpetado son ejecutadas por el personal de la Secretar\u00eda de Obras y Servicios P\u00fablicos, quienes utilizan maquinaria especializada para garantizar resultados \u00f3ptimos.<\/p>\n\n\n\n<p>Este proceso no solo implica la colocaci\u00f3n de nueva carpeta asf\u00e1ltica, sino tambi\u00e9n la recuperaci\u00f3n de \u00e1reas afectadas y el mantenimiento integral de la vialidad.<\/p>\n\n\n\n<p>El procedimiento implementado para estos trabajos incluye una fase de preparaci\u00f3n, donde se realizan las labores de limpieza y nivelaci\u00f3n del terreno. Posteriormente, se lleva a cabo la aplicaci\u00f3n del asfalto caliente mediante maquinaria especializada, asegurando una superficie uniforme y duradera.<\/p>\n\n\n\n<p>El d\u00eda de hoy se intervino el tramo comprendido desde la calle Crist\u00f3bal Col\u00f3n hasta la Benito Ju\u00e1rez, como parte de este esfuerzo continuo por mejorar las condiciones de las v\u00edas de circulaci\u00f3n en nuestra ciudad.<\/p>\n\n\n\n<p>El Ayuntamiento de Culiac\u00e1n reafirma su compromiso con el bienestar y la seguridad de todos los ciudadanos, continuando con acciones concretas que impactan positivamente en la calidad de vida de la comunidad.<\/p>\n","protected":false},"excerpt":{"rendered":"<p>El Ayuntamiento de Culiac\u00e1n reafirma su compromiso con el bienestar y la seguridad de todos los ciudadanos Culiac\u00e1n, Sin., a 29 de enero de 2024.- El Ayuntamiento de Culiac\u00e1n contin\u00faa su compromiso con la mejora de la infraestructura vial en la ciudad llevando a cabo importantes trabajos de reencarpetado en la avenida Nicol\u00e1s Bravo, con [&hellip;]<\/p>\n","protected":false},"author":4,"featured_media":72267,"comment_status":"open","ping_status":"open","sticky":false,"template":"","format":"standard","meta":{"tdm_status":"","tdm_grid_status":"","footnotes":""},"categories":[1],"tags":[],"class_list":{"0":"post-72266","1":"post","2":"type-post","3":"status-publish","4":"format-standard","5":"has-post-thumbnail","7":"category-sin-categoria"},"yoast_head":"<!-- This site is optimized with the Yoast SEO plugin v27.5 - https:\/\/yoast.com\/product\/yoast-seo-wordpress\/ -->\n<title>Trabajos de reencarpetado en la av. Nicol\u00e1s Bravo en Culiac\u00e1n avanzan en tiempo y forma: Obras y Servicios P\u00fablicos - Fuentes Fidedignas<\/title>\n<meta name=\"robots\" content=\"index, follow, max-snippet:-1, max-image-preview:large, max-video-preview:-1\" \/>\n<link rel=\"canonical\" href=\"https:\/\/fuentesfidedignas.com.mx\/index.php\/2024\/01\/29\/trabajos-de-reencarpetado-en-la-av-nicolas-bravo-en-culiacan-avanzan-en-tiempo-y-forma-obras-y-servicios-publicos\/\" \/>\n<meta property=\"og:locale\" content=\"es_MX\" \/>\n<meta property=\"og:type\" content=\"article\" \/>\n<meta property=\"og:title\" content=\"Trabajos de reencarpetado en la av. Nicol\u00e1s Bravo en Culiac\u00e1n avanzan en tiempo y forma: Obras y Servicios P\u00fablicos - Fuentes Fidedignas\" \/>\n<meta property=\"og:description\" content=\"El Ayuntamiento de Culiac\u00e1n reafirma su compromiso con el bienestar y la seguridad de todos los ciudadanos Culiac\u00e1n, Sin., a 29 de enero de 2024.- El Ayuntamiento de Culiac\u00e1n contin\u00faa su compromiso con la mejora de la infraestructura vial en la ciudad llevando a cabo importantes trabajos de reencarpetado en la avenida Nicol\u00e1s Bravo, con [&hellip;]\" \/>\n<meta property=\"og:url\" content=\"https:\/\/fuentesfidedignas.com.mx\/index.php\/2024\/01\/29\/trabajos-de-reencarpetado-en-la-av-nicolas-bravo-en-culiacan-avanzan-en-tiempo-y-forma-obras-y-servicios-publicos\/\" \/>\n<meta property=\"og:site_name\" content=\"Fuentes Fidedignas\" \/>\n<meta property=\"article:publisher\" content=\"https:\/\/www.facebook.com\/Fuentes-Fidedignas-368234489921644\" \/>\n<meta property=\"article:published_time\" content=\"2024-01-29T23:35:47+00:00\" \/>\n<meta property=\"og:image\" content=\"https:\/\/fuentesfidedignas.com.mx\/wp-content\/uploads\/2024\/01\/reencarpetado-2-e1706571323756.jpeg\" \/>\n\t<meta property=\"og:image:width\" content=\"1000\" \/>\n\t<meta property=\"og:image:height\" content=\"666\" \/>\n\t<meta property=\"og:image:type\" content=\"image\/jpeg\" \/>\n<meta name=\"author\" content=\"Redacci\u00f3n\" \/>\n<meta name=\"twitter:card\" content=\"summary_large_image\" \/>\n<meta name=\"twitter:creator\" content=\"@fidedignas\" \/>\n<meta name=\"twitter:site\" content=\"@fidedignas\" \/>\n<meta name=\"twitter:label1\" content=\"Escrito por\" \/>\n\t<meta name=\"twitter:data1\" content=\"Redacci\u00f3n\" \/>\n\t<meta name=\"twitter:label2\" content=\"Tiempo de lectura\" \/>\n\t<meta name=\"twitter:data2\" content=\"2 minutos\" \/>\n<script type=\"application\/ld+json\" class=\"yoast-schema-graph\">{\"@context\":\"https:\\\/\\\/schema.org\",\"@graph\":[{\"@type\":\"Article\",\"@id\":\"https:\\\/\\\/fuentesfidedignas.com.mx\\\/index.php\\\/2024\\\/01\\\/29\\\/trabajos-de-reencarpetado-en-la-av-nicolas-bravo-en-culiacan-avanzan-en-tiempo-y-forma-obras-y-servicios-publicos\\\/#article\",\"isPartOf\":{\"@id\":\"https:\\\/\\\/fuentesfidedignas.com.mx\\\/index.php\\\/2024\\\/01\\\/29\\\/trabajos-de-reencarpetado-en-la-av-nicolas-bravo-en-culiacan-avanzan-en-tiempo-y-forma-obras-y-servicios-publicos\\\/\"},\"author\":{\"name\":\"Redacci\u00f3n\",\"@id\":\"https:\\\/\\\/fuentesfidedignas.com.mx\\\/#\\\/schema\\\/person\\\/331be9283d37198e2acd5750279085b0\"},\"headline\":\"Trabajos de reencarpetado en la av. Nicol\u00e1s Bravo en Culiac\u00e1n avanzan en tiempo y forma: Obras y Servicios P\u00fablicos\",\"datePublished\":\"2024-01-29T23:35:47+00:00\",\"mainEntityOfPage\":{\"@id\":\"https:\\\/\\\/fuentesfidedignas.com.mx\\\/index.php\\\/2024\\\/01\\\/29\\\/trabajos-de-reencarpetado-en-la-av-nicolas-bravo-en-culiacan-avanzan-en-tiempo-y-forma-obras-y-servicios-publicos\\\/\"},\"wordCount\":269,\"commentCount\":0,\"publisher\":{\"@id\":\"https:\\\/\\\/fuentesfidedignas.com.mx\\\/#organization\"},\"image\":{\"@id\":\"https:\\\/\\\/fuentesfidedignas.com.mx\\\/index.php\\\/2024\\\/01\\\/29\\\/trabajos-de-reencarpetado-en-la-av-nicolas-bravo-en-culiacan-avanzan-en-tiempo-y-forma-obras-y-servicios-publicos\\\/#primaryimage\"},\"thumbnailUrl\":\"https:\\\/\\\/fuentesfidedignas.com.mx\\\/wp-content\\\/uploads\\\/2024\\\/01\\\/reencarpetado-2-e1706571323756.jpeg\",\"inLanguage\":\"es\",\"potentialAction\":[{\"@type\":\"CommentAction\",\"name\":\"Comment\",\"target\":[\"https:\\\/\\\/fuentesfidedignas.com.mx\\\/index.php\\\/2024\\\/01\\\/29\\\/trabajos-de-reencarpetado-en-la-av-nicolas-bravo-en-culiacan-avanzan-en-tiempo-y-forma-obras-y-servicios-publicos\\\/#respond\"]}]},{\"@type\":\"WebPage\",\"@id\":\"https:\\\/\\\/fuentesfidedignas.com.mx\\\/index.php\\\/2024\\\/01\\\/29\\\/trabajos-de-reencarpetado-en-la-av-nicolas-bravo-en-culiacan-avanzan-en-tiempo-y-forma-obras-y-servicios-publicos\\\/\",\"url\":\"https:\\\/\\\/fuentesfidedignas.com.mx\\\/index.php\\\/2024\\\/01\\\/29\\\/trabajos-de-reencarpetado-en-la-av-nicolas-bravo-en-culiacan-avanzan-en-tiempo-y-forma-obras-y-servicios-publicos\\\/\",\"name\":\"Trabajos de reencarpetado en la av. Nicol\u00e1s Bravo en Culiac\u00e1n avanzan en tiempo y forma: Obras y Servicios P\u00fablicos - Fuentes Fidedignas\",\"isPartOf\":{\"@id\":\"https:\\\/\\\/fuentesfidedignas.com.mx\\\/#website\"},\"primaryImageOfPage\":{\"@id\":\"https:\\\/\\\/fuentesfidedignas.com.mx\\\/index.php\\\/2024\\\/01\\\/29\\\/trabajos-de-reencarpetado-en-la-av-nicolas-bravo-en-culiacan-avanzan-en-tiempo-y-forma-obras-y-servicios-publicos\\\/#primaryimage\"},\"image\":{\"@id\":\"https:\\\/\\\/fuentesfidedignas.com.mx\\\/index.php\\\/2024\\\/01\\\/29\\\/trabajos-de-reencarpetado-en-la-av-nicolas-bravo-en-culiacan-avanzan-en-tiempo-y-forma-obras-y-servicios-publicos\\\/#primaryimage\"},\"thumbnailUrl\":\"https:\\\/\\\/fuentesfidedignas.com.mx\\\/wp-content\\\/uploads\\\/2024\\\/01\\\/reencarpetado-2-e1706571323756.jpeg\",\"datePublished\":\"2024-01-29T23:35:47+00:00\",\"breadcrumb\":{\"@id\":\"https:\\\/\\\/fuentesfidedignas.com.mx\\\/index.php\\\/2024\\\/01\\\/29\\\/trabajos-de-reencarpetado-en-la-av-nicolas-bravo-en-culiacan-avanzan-en-tiempo-y-forma-obras-y-servicios-publicos\\\/#breadcrumb\"},\"inLanguage\":\"es\",\"potentialAction\":[{\"@type\":\"ReadAction\",\"target\":[\"https:\\\/\\\/fuentesfidedignas.com.mx\\\/index.php\\\/2024\\\/01\\\/29\\\/trabajos-de-reencarpetado-en-la-av-nicolas-bravo-en-culiacan-avanzan-en-tiempo-y-forma-obras-y-servicios-publicos\\\/\"]}]},{\"@type\":\"ImageObject\",\"inLanguage\":\"es\",\"@id\":\"https:\\\/\\\/fuentesfidedignas.com.mx\\\/index.php\\\/2024\\\/01\\\/29\\\/trabajos-de-reencarpetado-en-la-av-nicolas-bravo-en-culiacan-avanzan-en-tiempo-y-forma-obras-y-servicios-publicos\\\/#primaryimage\",\"url\":\"https:\\\/\\\/fuentesfidedignas.com.mx\\\/wp-content\\\/uploads\\\/2024\\\/01\\\/reencarpetado-2-e1706571323756.jpeg\",\"contentUrl\":\"https:\\\/\\\/fuentesfidedignas.com.mx\\\/wp-content\\\/uploads\\\/2024\\\/01\\\/reencarpetado-2-e1706571323756.jpeg\",\"width\":1000,\"height\":666},{\"@type\":\"BreadcrumbList\",\"@id\":\"https:\\\/\\\/fuentesfidedignas.com.mx\\\/index.php\\\/2024\\\/01\\\/29\\\/trabajos-de-reencarpetado-en-la-av-nicolas-bravo-en-culiacan-avanzan-en-tiempo-y-forma-obras-y-servicios-publicos\\\/#breadcrumb\",\"itemListElement\":[{\"@type\":\"ListItem\",\"position\":1,\"name\":\"Inicio\",\"item\":\"https:\\\/\\\/fuentesfidedignas.com.mx\\\/\"},{\"@type\":\"ListItem\",\"position\":2,\"name\":\"Trabajos de reencarpetado en la av. Nicol\u00e1s Bravo en Culiac\u00e1n avanzan en tiempo y forma: Obras y Servicios P\u00fablicos\"}]},{\"@type\":\"WebSite\",\"@id\":\"https:\\\/\\\/fuentesfidedignas.com.mx\\\/#website\",\"url\":\"https:\\\/\\\/fuentesfidedignas.com.mx\\\/\",\"name\":\"Fuentes Fidedignas\",\"description\":\"Otro sitio realizado con WordPress\",\"publisher\":{\"@id\":\"https:\\\/\\\/fuentesfidedignas.com.mx\\\/#organization\"},\"potentialAction\":[{\"@type\":\"SearchAction\",\"target\":{\"@type\":\"EntryPoint\",\"urlTemplate\":\"https:\\\/\\\/fuentesfidedignas.com.mx\\\/?s={search_term_string}\"},\"query-input\":{\"@type\":\"PropertyValueSpecification\",\"valueRequired\":true,\"valueName\":\"search_term_string\"}}],\"inLanguage\":\"es\"},{\"@type\":\"Organization\",\"@id\":\"https:\\\/\\\/fuentesfidedignas.com.mx\\\/#organization\",\"name\":\"Fuentes Fidedignas\",\"url\":\"https:\\\/\\\/fuentesfidedignas.com.mx\\\/\",\"logo\":{\"@type\":\"ImageObject\",\"inLanguage\":\"es\",\"@id\":\"https:\\\/\\\/fuentesfidedignas.com.mx\\\/#\\\/schema\\\/logo\\\/image\\\/\",\"url\":\"https:\\\/\\\/fuentesfidedignas.com.mx\\\/wp-content\\\/uploads\\\/2021\\\/04\\\/logo-retina.png\",\"contentUrl\":\"https:\\\/\\\/fuentesfidedignas.com.mx\\\/wp-content\\\/uploads\\\/2021\\\/04\\\/logo-retina.png\",\"width\":280,\"height\":51,\"caption\":\"Fuentes Fidedignas\"},\"image\":{\"@id\":\"https:\\\/\\\/fuentesfidedignas.com.mx\\\/#\\\/schema\\\/logo\\\/image\\\/\"},\"sameAs\":[\"https:\\\/\\\/www.facebook.com\\\/Fuentes-Fidedignas-368234489921644\",\"https:\\\/\\\/x.com\\\/fidedignas\"]},{\"@type\":\"Person\",\"@id\":\"https:\\\/\\\/fuentesfidedignas.com.mx\\\/#\\\/schema\\\/person\\\/331be9283d37198e2acd5750279085b0\",\"name\":\"Redacci\u00f3n\",\"image\":{\"@type\":\"ImageObject\",\"inLanguage\":\"es\",\"@id\":\"https:\\\/\\\/secure.gravatar.com\\\/avatar\\\/f6d8782c11d12b2d4ad3fbb6931aeab5309937a4d6cd2fc9cfaa28a6396a5aec?s=96&d=mm&r=g\",\"url\":\"https:\\\/\\\/secure.gravatar.com\\\/avatar\\\/f6d8782c11d12b2d4ad3fbb6931aeab5309937a4d6cd2fc9cfaa28a6396a5aec?s=96&d=mm&r=g\",\"contentUrl\":\"https:\\\/\\\/secure.gravatar.com\\\/avatar\\\/f6d8782c11d12b2d4ad3fbb6931aeab5309937a4d6cd2fc9cfaa28a6396a5aec?s=96&d=mm&r=g\",\"caption\":\"Redacci\u00f3n\"},\"url\":\"https:\\\/\\\/fuentesfidedignas.com.mx\\\/index.php\\\/author\\\/redaccion\\\/\"}]}<\/script>\n<!-- \/ Yoast SEO plugin. -->","yoast_head_json":{"title":"Trabajos de reencarpetado en la av. Nicol\u00e1s Bravo en Culiac\u00e1n avanzan en tiempo y forma: Obras y Servicios P\u00fablicos - Fuentes Fidedignas","robots":{"index":"index","follow":"follow","max-snippet":"max-snippet:-1","max-image-preview":"max-image-preview:large","max-video-preview":"max-video-preview:-1"},"canonical":"https:\/\/fuentesfidedignas.com.mx\/index.php\/2024\/01\/29\/trabajos-de-reencarpetado-en-la-av-nicolas-bravo-en-culiacan-avanzan-en-tiempo-y-forma-obras-y-servicios-publicos\/","og_locale":"es_MX","og_type":"article","og_title":"Trabajos de reencarpetado en la av. Nicol\u00e1s Bravo en Culiac\u00e1n avanzan en tiempo y forma: Obras y Servicios P\u00fablicos - Fuentes Fidedignas","og_description":"El Ayuntamiento de Culiac\u00e1n reafirma su compromiso con el bienestar y la seguridad de todos los ciudadanos Culiac\u00e1n, Sin., a 29 de enero de 2024.- El Ayuntamiento de Culiac\u00e1n contin\u00faa su compromiso con la mejora de la infraestructura vial en la ciudad llevando a cabo importantes trabajos de reencarpetado en la avenida Nicol\u00e1s Bravo, con [&hellip;]","og_url":"https:\/\/fuentesfidedignas.com.mx\/index.php\/2024\/01\/29\/trabajos-de-reencarpetado-en-la-av-nicolas-bravo-en-culiacan-avanzan-en-tiempo-y-forma-obras-y-servicios-publicos\/","og_site_name":"Fuentes Fidedignas","article_publisher":"https:\/\/www.facebook.com\/Fuentes-Fidedignas-368234489921644","article_published_time":"2024-01-29T23:35:47+00:00","og_image":[{"width":1000,"height":666,"url":"https:\/\/fuentesfidedignas.com.mx\/wp-content\/uploads\/2024\/01\/reencarpetado-2-e1706571323756.jpeg","type":"image\/jpeg"}],"author":"Redacci\u00f3n","twitter_card":"summary_large_image","twitter_creator":"@fidedignas","twitter_site":"@fidedignas","twitter_misc":{"Escrito por":"Redacci\u00f3n","Tiempo de lectura":"2 minutos"},"schema":{"@context":"https:\/\/schema.org","@graph":[{"@type":"Article","@id":"https:\/\/fuentesfidedignas.com.mx\/index.php\/2024\/01\/29\/trabajos-de-reencarpetado-en-la-av-nicolas-bravo-en-culiacan-avanzan-en-tiempo-y-forma-obras-y-servicios-publicos\/#article","isPartOf":{"@id":"https:\/\/fuentesfidedignas.com.mx\/index.php\/2024\/01\/29\/trabajos-de-reencarpetado-en-la-av-nicolas-bravo-en-culiacan-avanzan-en-tiempo-y-forma-obras-y-servicios-publicos\/"},"author":{"name":"Redacci\u00f3n","@id":"https:\/\/fuentesfidedignas.com.mx\/#\/schema\/person\/331be9283d37198e2acd5750279085b0"},"headline":"Trabajos de reencarpetado en la av. Nicol\u00e1s Bravo en Culiac\u00e1n avanzan en tiempo y forma: Obras y Servicios P\u00fablicos","datePublished":"2024-01-29T23:35:47+00:00","mainEntityOfPage":{"@id":"https:\/\/fuentesfidedignas.com.mx\/index.php\/2024\/01\/29\/trabajos-de-reencarpetado-en-la-av-nicolas-bravo-en-culiacan-avanzan-en-tiempo-y-forma-obras-y-servicios-publicos\/"},"wordCount":269,"commentCount":0,"publisher":{"@id":"https:\/\/fuentesfidedignas.com.mx\/#organization"},"image":{"@id":"https:\/\/fuentesfidedignas.com.mx\/index.php\/2024\/01\/29\/trabajos-de-reencarpetado-en-la-av-nicolas-bravo-en-culiacan-avanzan-en-tiempo-y-forma-obras-y-servicios-publicos\/#primaryimage"},"thumbnailUrl":"https:\/\/fuentesfidedignas.com.mx\/wp-content\/uploads\/2024\/01\/reencarpetado-2-e1706571323756.jpeg","inLanguage":"es","potentialAction":[{"@type":"CommentAction","name":"Comment","target":["https:\/\/fuentesfidedignas.com.mx\/index.php\/2024\/01\/29\/trabajos-de-reencarpetado-en-la-av-nicolas-bravo-en-culiacan-avanzan-en-tiempo-y-forma-obras-y-servicios-publicos\/#respond"]}]},{"@type":"WebPage","@id":"https:\/\/fuentesfidedignas.com.mx\/index.php\/2024\/01\/29\/trabajos-de-reencarpetado-en-la-av-nicolas-bravo-en-culiacan-avanzan-en-tiempo-y-forma-obras-y-servicios-publicos\/","url":"https:\/\/fuentesfidedignas.com.mx\/index.php\/2024\/01\/29\/trabajos-de-reencarpetado-en-la-av-nicolas-bravo-en-culiacan-avanzan-en-tiempo-y-forma-obras-y-servicios-publicos\/","name":"Trabajos de reencarpetado en la av. Nicol\u00e1s Bravo en Culiac\u00e1n avanzan en tiempo y forma: Obras y Servicios P\u00fablicos - Fuentes Fidedignas","isPartOf":{"@id":"https:\/\/fuentesfidedignas.com.mx\/#website"},"primaryImageOfPage":{"@id":"https:\/\/fuentesfidedignas.com.mx\/index.php\/2024\/01\/29\/trabajos-de-reencarpetado-en-la-av-nicolas-bravo-en-culiacan-avanzan-en-tiempo-y-forma-obras-y-servicios-publicos\/#primaryimage"},"image":{"@id":"https:\/\/fuentesfidedignas.com.mx\/index.php\/2024\/01\/29\/trabajos-de-reencarpetado-en-la-av-nicolas-bravo-en-culiacan-avanzan-en-tiempo-y-forma-obras-y-servicios-publicos\/#primaryimage"},"thumbnailUrl":"https:\/\/fuentesfidedignas.com.mx\/wp-content\/uploads\/2024\/01\/reencarpetado-2-e1706571323756.jpeg","datePublished":"2024-01-29T23:35:47+00:00","breadcrumb":{"@id":"https:\/\/fuentesfidedignas.com.mx\/index.php\/2024\/01\/29\/trabajos-de-reencarpetado-en-la-av-nicolas-bravo-en-culiacan-avanzan-en-tiempo-y-forma-obras-y-servicios-publicos\/#breadcrumb"},"inLanguage":"es","potentialAction":[{"@type":"ReadAction","target":["https:\/\/fuentesfidedignas.com.mx\/index.php\/2024\/01\/29\/trabajos-de-reencarpetado-en-la-av-nicolas-bravo-en-culiacan-avanzan-en-tiempo-y-forma-obras-y-servicios-publicos\/"]}]},{"@type":"ImageObject","inLanguage":"es","@id":"https:\/\/fuentesfidedignas.com.mx\/index.php\/2024\/01\/29\/trabajos-de-reencarpetado-en-la-av-nicolas-bravo-en-culiacan-avanzan-en-tiempo-y-forma-obras-y-servicios-publicos\/#primaryimage","url":"https:\/\/fuentesfidedignas.com.mx\/wp-content\/uploads\/2024\/01\/reencarpetado-2-e1706571323756.jpeg","contentUrl":"https:\/\/fuentesfidedignas.com.mx\/wp-content\/uploads\/2024\/01\/reencarpetado-2-e1706571323756.jpeg","width":1000,"height":666},{"@type":"BreadcrumbList","@id":"https:\/\/fuentesfidedignas.com.mx\/index.php\/2024\/01\/29\/trabajos-de-reencarpetado-en-la-av-nicolas-bravo-en-culiacan-avanzan-en-tiempo-y-forma-obras-y-servicios-publicos\/#breadcrumb","itemListElement":[{"@type":"ListItem","position":1,"name":"Inicio","item":"https:\/\/fuentesfidedignas.com.mx\/"},{"@type":"ListItem","position":2,"name":"Trabajos de reencarpetado en la av. Nicol\u00e1s Bravo en Culiac\u00e1n avanzan en tiempo y forma: Obras y Servicios P\u00fablicos"}]},{"@type":"WebSite","@id":"https:\/\/fuentesfidedignas.com.mx\/#website","url":"https:\/\/fuentesfidedignas.com.mx\/","name":"Fuentes Fidedignas","description":"Otro sitio realizado con WordPress","publisher":{"@id":"https:\/\/fuentesfidedignas.com.mx\/#organization"},"potentialAction":[{"@type":"SearchAction","target":{"@type":"EntryPoint","urlTemplate":"https:\/\/fuentesfidedignas.com.mx\/?s={search_term_string}"},"query-input":{"@type":"PropertyValueSpecification","valueRequired":true,"valueName":"search_term_string"}}],"inLanguage":"es"},{"@type":"Organization","@id":"https:\/\/fuentesfidedignas.com.mx\/#organization","name":"Fuentes Fidedignas","url":"https:\/\/fuentesfidedignas.com.mx\/","logo":{"@type":"ImageObject","inLanguage":"es","@id":"https:\/\/fuentesfidedignas.com.mx\/#\/schema\/logo\/image\/","url":"https:\/\/fuentesfidedignas.com.mx\/wp-content\/uploads\/2021\/04\/logo-retina.png","contentUrl":"https:\/\/fuentesfidedignas.com.mx\/wp-content\/uploads\/2021\/04\/logo-retina.png","width":280,"height":51,"caption":"Fuentes Fidedignas"},"image":{"@id":"https:\/\/fuentesfidedignas.com.mx\/#\/schema\/logo\/image\/"},"sameAs":["https:\/\/www.facebook.com\/Fuentes-Fidedignas-368234489921644","https:\/\/x.com\/fidedignas"]},{"@type":"Person","@id":"https:\/\/fuentesfidedignas.com.mx\/#\/schema\/person\/331be9283d37198e2acd5750279085b0","name":"Redacci\u00f3n","image":{"@type":"ImageObject","inLanguage":"es","@id":"https:\/\/secure.gravatar.com\/avatar\/f6d8782c11d12b2d4ad3fbb6931aeab5309937a4d6cd2fc9cfaa28a6396a5aec?s=96&d=mm&r=g","url":"https:\/\/secure.gravatar.com\/avatar\/f6d8782c11d12b2d4ad3fbb6931aeab5309937a4d6cd2fc9cfaa28a6396a5aec?s=96&d=mm&r=g","contentUrl":"https:\/\/secure.gravatar.com\/avatar\/f6d8782c11d12b2d4ad3fbb6931aeab5309937a4d6cd2fc9cfaa28a6396a5aec?s=96&d=mm&r=g","caption":"Redacci\u00f3n"},"url":"https:\/\/fuentesfidedignas.com.mx\/index.php\/author\/redaccion\/"}]}},"_links":{"self":[{"href":"https:\/\/fuentesfidedignas.com.mx\/index.php\/wp-json\/wp\/v2\/posts\/72266","targetHints":{"allow":["GET"]}}],"collection":[{"href":"https:\/\/fuentesfidedignas.com.mx\/index.php\/wp-json\/wp\/v2\/posts"}],"about":[{"href":"https:\/\/fuentesfidedignas.com.mx\/index.php\/wp-json\/wp\/v2\/types\/post"}],"author":[{"embeddable":true,"href":"https:\/\/fuentesfidedignas.com.mx\/index.php\/wp-json\/wp\/v2\/users\/4"}],"replies":[{"embeddable":true,"href":"https:\/\/fuentesfidedignas.com.mx\/index.php\/wp-json\/wp\/v2\/comments?post=72266"}],"version-history":[{"count":1,"href":"https:\/\/fuentesfidedignas.com.mx\/index.php\/wp-json\/wp\/v2\/posts\/72266\/revisions"}],"predecessor-version":[{"id":72268,"href":"https:\/\/fuentesfidedignas.com.mx\/index.php\/wp-json\/wp\/v2\/posts\/72266\/revisions\/72268"}],"wp:featuredmedia":[{"embeddable":true,"href":"https:\/\/fuentesfidedignas.com.mx\/index.php\/wp-json\/wp\/v2\/media\/72267"}],"wp:attachment":[{"href":"https:\/\/fuentesfidedignas.com.mx\/index.php\/wp-json\/wp\/v2\/media?parent=72266"}],"wp:term":[{"taxonomy":"category","embeddable":true,"href":"https:\/\/fuentesfidedignas.com.mx\/index.php\/wp-json\/wp\/v2\/categories?post=72266"},{"taxonomy":"post_tag","embeddable":true,"href":"https:\/\/fuentesfidedignas.com.mx\/index.php\/wp-json\/wp\/v2\/tags?post=72266"}],"curies":[{"name":"wp","href":"https:\/\/api.w.org\/{rel}","templated":true}]}}