{"id":72144,"date":"2024-01-28T10:35:13","date_gmt":"2024-01-28T17:35:13","guid":{"rendered":"https:\/\/fuentesfidedignas.com.mx\/?p=72144"},"modified":"2024-01-28T10:43:31","modified_gmt":"2024-01-28T17:43:31","slug":"un-dia-28-de-enero-como-me-hiere-esa-fecha-quien-fue-lamberto-quintero-el-hombre-que-ese-dia-murio-en-el-salado","status":"publish","type":"post","link":"https:\/\/fuentesfidedignas.com.mx\/index.php\/2024\/01\/28\/un-dia-28-de-enero-como-me-hiere-esa-fecha-quien-fue-lamberto-quintero-el-hombre-que-ese-dia-murio-en-el-salado\/","title":{"rendered":"\u2018Un d\u00eda 28 de enero, como me hiere esa fecha\u2019\u2026 \u00bfQui\u00e9n fue Lamberto Quintero? el hombre que ese d\u00eda muri\u00f3 en El Salado"},"content":{"rendered":"\n<h2 class=\"wp-block-heading\">A Lamberto se le recuerda cada 28 de enero gracias al corrido, interpretado por Antonio Aguilar quien tambi\u00e9n llev\u00f3 al cine su historia, en los a\u00f1os ochenta<\/h2>\n\n\n\n<p><em><strong>\u201cUn d\u00eda 28 de enero, como me hiere esa fecha, A don Lamberto Quintero, Lo segu\u00eda una camioneta, iban con rumbo al Salado, nom\u00e1s a dar una vuelta\u201d<\/strong><\/em><strong>&#8230;<\/strong>&nbsp;as\u00ed inicia el famosos corrido de Lamberto Quintero Pay\u00e1n, quien naci\u00f3 en la&nbsp;<strong>sierra de Badiraguato&nbsp;<\/strong>y era t\u00edo del narcotraficante&nbsp;<strong><a href=\"https:\/\/es.wikipedia.org\/wiki\/Rafael_Caro_Quintero\">Rafael Caro Quintero<\/a>&nbsp;\u2018El narco de narcos\u2019.<\/strong><\/p>\n\n\n\n<p>A Lamberto se le recuerda cada&nbsp;<strong>28 de enero&nbsp;<\/strong>gracias al corrido, interpretado por&nbsp;<strong>Antonio Aguilar<\/strong>&nbsp;quien tambi\u00e9n llev\u00f3 al cine su historia, en los&nbsp;<strong>a\u00f1os ochenta.<\/strong><\/p>\n\n\n\n<figure class=\"wp-block-embed is-type-video is-provider-youtube wp-block-embed-youtube wp-embed-aspect-4-3 wp-has-aspect-ratio\"><div class=\"wp-block-embed__wrapper\">\n<iframe loading=\"lazy\" title=\"Antonio Aguilar - Lamberto Quintero\" width=\"696\" height=\"522\" src=\"https:\/\/www.youtube.com\/embed\/Dkvi19dQRUI?feature=oembed\" frameborder=\"0\" allow=\"accelerometer; autoplay; clipboard-write; encrypted-media; gyroscope; picture-in-picture; web-share\" allowfullscreen><\/iframe>\n<\/div><\/figure>\n\n\n\n<p>De acuerdo a la historia que dio pie al famoso corrido, <strong>Lamberto Quintero y su primo Pedro P\u00e1ez Soto,<\/strong> tuvieron rivalidades con la familia <strong>Ota\u00f1ez Lafarga<\/strong>, otro poderoso<strong> clan de Sinaloa<\/strong>, que descend\u00edan de caciques del municipio de <strong>San Ignacio.<\/strong><\/p>\n\n\n\n<p>A ra\u00edz de dichas diferencias en poco m\u00e1s de un a\u00f1o, <strong>la familia Lafarga fue pr\u00e1cticamente exterminada, mientras que varios miembros del clan Quintero tambi\u00e9n murieron.<\/strong><\/p>\n\n\n\n<p>Se dice que a finales de 1975, miembros de la familia Quintero vieron a&nbsp;<strong>Ram\u00f3n Ota\u00f1ez Lafarga<\/strong>&nbsp;hablar con un oficial de la polic\u00eda judicial en una calle de&nbsp;<strong>Culiac\u00e1n.<\/strong><\/p>\n\n\n\n<p>Los Quintero fueron asesinados en el sitio, ya que aseguran, los hab\u00edan estado espiando.&nbsp;<strong>Ram\u00f3n Ota\u00f1ez<\/strong>, tras ser atacado se defendi\u00f3 y mat\u00f3 a&nbsp;<strong>Macario Payan, un asociado de los Quintero.<\/strong><\/p>\n\n\n\n<p><strong>Pedro P\u00e1ez<\/strong>&nbsp;fue culpado por el presunto asesinato, qui\u00e9n en el a\u00f1o de 1975 fue asesinado en el aeropuerto de<strong>&nbsp;Culiac\u00e1n, Sinaloa.<\/strong><\/p>\n\n\n\n<p>La muerte de<strong>&nbsp;Lamberto Quintero<\/strong>&nbsp;se presenci\u00f3 un&nbsp;<strong>28 de enero de 1976 en el Salado, Sinaloa,<\/strong>&nbsp;tras una balacera en la que tambi\u00e9n falleci\u00f3&nbsp;<strong>\u201cEl Chito\u201d Lafarga.<\/strong><\/p>\n\n\n\n<p>Las familias\u00a0<strong>Quintero y Lafarga\u00a0<\/strong>tuvieron ciertos conflictos por el trafico de\u00a0<strong>drogas en Sinaloa.<\/strong>\u00a0El mismo d\u00eda despu\u00e9s de recibir por la espalda r\u00e1fagas de metralletas, fue trasladado a la<strong>Cl\u00ednica Santa Maria<\/strong>\u00a0que se encuentra en el<strong>\u00a0centro de Culiac\u00e1n, donde no resisti\u00f3 y muri\u00f3.<\/strong><\/p>\n\n\n\n<p>El corrido que se volvi\u00f3 famoso, interpretado por&nbsp;<strong>Antonio Aguilar<\/strong>&nbsp;dice que Lamberto Quintero falleci\u00f3 cuando estaba platicando con su novia,&nbsp;<strong>pero lo que realmente ocurri\u00f3 fue contado precisamente por su amada.<\/strong><\/p>\n\n\n\n<p><strong>\u00bfC\u00d3MO MURI\u00d3 REALMENTE LAMBERTO QUINTERO?<\/strong><\/p>\n\n\n\n<p><strong>Glader Margarita Tapia Zazueta<\/strong>, quien fuera la amada de<strong>\u00a0Lamberto,<\/strong>cuenta lo que ocurri\u00f3\u00a0<strong>el d\u00eda 28 de enero de 1976<\/strong>, el d\u00eda en que asesinaron a\u00a0<strong>Lamberto con lujo de detalle,<\/strong><em><strong>\u00a0\u2018Ese d\u00eda Lamberto entr\u00f3 y me salud\u00f3\u2019.<\/strong><\/em><\/p>\n\n\n\n<figure class=\"wp-block-embed is-type-video is-provider-youtube wp-block-embed-youtube wp-embed-aspect-16-9 wp-has-aspect-ratio\"><div class=\"wp-block-embed__wrapper\">\n<iframe loading=\"lazy\" title=\"LA NOVIA DE LAMBERTO QUINTERO MIRA LO QUE NOS CONT\u00d3\" width=\"696\" height=\"392\" src=\"https:\/\/www.youtube.com\/embed\/mAKNTApa0ig?feature=oembed\" frameborder=\"0\" allow=\"accelerometer; autoplay; clipboard-write; encrypted-media; gyroscope; picture-in-picture; web-share\" allowfullscreen><\/iframe>\n<\/div><\/figure>\n\n\n\n<p><em>\u201cCuando el ven\u00eda de Culiac\u00e1n, se encuentra a un enemigo, y lo mata en su camioneta al muchacho y se viene el para ac\u00e1 y entra a la casa y me saluda. Sale de la casa y se sienta en la cabina de su camioneta, en la parte de atr\u00e1s. Luego vinieron unas personas a decirle que por favor se retirara de aqu\u00ed, que no hiciera m\u00e1s matazones aqu\u00ed porque ya hab\u00eda matado a otra persona en \u2018<\/em><em><strong>El Carrizal<\/strong><\/em><em>\u2019\u201d.<\/em><\/p>\n\n\n\n<p><em>\u201cEntonces \u00e9l les responde que no se va, porque el le jur\u00f3 a mi madre que \u00e9l se iba a morir aqu\u00ed en este restaurante\u201d<\/em><\/p>\n\n\n\n<p>La mujer cont\u00f3 tambi\u00e9n como conoci\u00f3 a Lamberto, ya que el naci\u00f3 en Culiac\u00e1n y ella naci\u00f3 en \u2018El Salado\u2019,&nbsp;<em>\u201c\u00c9l ten\u00eda un rancho que se llamaba \u2018El Varal\u2019, ven\u00eda a ordenar lonches para sus trabajadores, por eso fue que yo lo conoc\u00ed\u201d.<\/em><\/p>\n\n\n\n<p><em>\u201cEl siempre me dec\u00eda, me gustas, te quiero pero no vas a ser para otro hombre m\u00e1s que para m\u00ed, pero yo le ten\u00eda miedo, pues yo no sab\u00eda su trabajo\u201d<\/em><\/p>\n\n\n\n<p><em>\u201cEl ven\u00eda todos los d\u00edas, y le dec\u00eda a mi mam\u00e1, Mam\u00e1 Chulita, yo me quiero morir aqu\u00ed en tu casa, en el restaurante, yo no me voy para otra parte\u201d<\/em><\/p>\n\n\n\n<p>Tambi\u00e9n dijo que&nbsp;<strong>Lamberto era muy celoso<\/strong>, pues si ve\u00eda a otros hombres acercarse a&nbsp;<strong>Margarita<\/strong>&nbsp;los corr\u00eda del restaurante.<\/p>\n\n\n\n<p><strong>Margarita<\/strong> nos dice que la letra del corrido hace alusi\u00f3n a que ella estaba platicando con Lamberto <strong>cuando ocurri\u00f3 la balacera, pero ella no encontraba con \u00e9l sino que estaba al interior del restaurante trabajando.<\/strong><\/p>\n\n\n\n<p><em>\u201cYo cuando lo balacearon, vengo de adentro, \u00e9l estaba con sus t\u00edos, yo sal\u00ed y al ver a Lamberto tratando de cubrirse en un pilar me desmay\u00e9, cre\u00edan que tambi\u00e9n me hab\u00edan disparado\u201d.<\/em><\/p>\n\n\n\n<p><em>\u201cEl dec\u00eda que cuando lo mataran no iba a perder el sombrero (ya que estaba calvo) y as\u00ed fue, no perdi\u00f3 el sombrero al caer al piso\u201d,&nbsp;<\/em><strong>cont\u00f3 la mujer.<\/strong><\/p>\n\n\n\n<p>La cripta de cristal donde descansa&nbsp;<strong>Lamberto&nbsp;<a href=\"https:\/\/vanguardia.com.mx\/topic\/-\/meta\/rafael-caro-quintero\">Quintero<\/a><\/strong>&nbsp;se encuentra en el pante\u00f3n&nbsp;<strong>Jardines del Humaya, en Culiac\u00e1n, Sinaloa.<\/strong><\/p>\n\n\n\n<p><strong>CORRIDO A LAMBERTO QUINTERO<\/strong><\/p>\n\n\n\n<p><em>Un d\u00eda 28 de enero<\/em><\/p>\n\n\n\n<p><em>Como me hiere esa fecha<\/em><\/p>\n\n\n\n<p><em>A don Lamberto Quintero<\/em><\/p>\n\n\n\n<p><em>Lo segu\u00eda una camioneta<\/em><\/p>\n\n\n\n<p><em>Iban con rumbo al Salado<\/em><\/p>\n\n\n\n<p><em>No m\u00e1s a dar una vuelta.<\/em><\/p>\n\n\n\n<p><em>Pasaron el Carrizal<\/em><\/p>\n\n\n\n<p><em>Iban tomando cerveza<\/em><\/p>\n\n\n\n<p><em>Su compa\u00f1ero le dijo<\/em><\/p>\n\n\n\n<p><em>Nos sigue una camioneta<\/em><\/p>\n\n\n\n<p><em>Lamberto sonriendo dijo<\/em><\/p>\n\n\n\n<p><em>Pa\u2019 que son las metralletas.<\/em><\/p>\n\n\n\n<p><em>Ya cerquita del Salado<\/em><\/p>\n\n\n\n<p><em>Rugieron dos R-15<\/em><\/p>\n\n\n\n<p><em>Ah\u00ed dejaron a un muerto<\/em><\/p>\n\n\n\n<p><em>Enemigo de Lamberto<\/em><\/p>\n\n\n\n<p><em>Quisieran que fuera cuento<\/em><\/p>\n\n\n\n<p><em>Pero se\u00f1ores es cierto.<\/em><\/p>\n\n\n\n<p><em>Un hombre fuera de serie<\/em><\/p>\n\n\n\n<p><em>Alegre y enamorado<\/em><\/p>\n\n\n\n<p><em>Platicando con su novia<\/em><\/p>\n\n\n\n<p><em>El estaba descuidado<\/em><\/p>\n\n\n\n<p><em>Cuando unas balas certeras<\/em><\/p>\n\n\n\n<p><em>La vida le arrebataron.<\/em><\/p>\n\n\n\n<p><em>Cl\u00ednica Santa Mar\u00eda<\/em><\/p>\n\n\n\n<p><em>T\u00fa vas a ser mi testigo<\/em><\/p>\n\n\n\n<p><em>Dos d\u00edas despu\u00e9s de su muerte<\/em><\/p>\n\n\n\n<p><em>Vuelven a sonar los tiros<\/em><\/p>\n\n\n\n<p><em>Ah\u00ed quedaron diez hombres<\/em><\/p>\n\n\n\n<p><em>Por esos mismos motivos.<\/em><\/p>\n\n\n\n<p><em>Puente que va a Tierra Blanca<\/em><\/p>\n\n\n\n<p><em>T\u00fa que lo viste pasar<\/em><\/p>\n\n\n\n<p><em>Recu\u00e9rdales que a Lamberto<\/em><\/p>\n\n\n\n<p><em>Nunca se podr\u00e1 olvidar<\/em><\/p>\n\n\n\n<p><em>Yo por mi parte aseguro<\/em><\/p>\n\n\n\n<p><em>Que hace falta en Culiac\u00e1n.<\/em><\/p>\n","protected":false},"excerpt":{"rendered":"<p>A Lamberto se le recuerda cada 28 de enero gracias al corrido, interpretado por Antonio Aguilar quien tambi\u00e9n llev\u00f3 al cine su historia, en los a\u00f1os ochenta \u201cUn d\u00eda 28 de enero, como me hiere esa fecha, A don Lamberto Quintero, Lo segu\u00eda una camioneta, iban con rumbo al Salado, nom\u00e1s a dar una vuelta\u201d&#8230;&nbsp;as\u00ed [&hellip;]<\/p>\n","protected":false},"author":14,"featured_media":72143,"comment_status":"open","ping_status":"open","sticky":false,"template":"","format":"standard","meta":{"tdm_status":"","tdm_grid_status":"","footnotes":""},"categories":[37],"tags":[],"class_list":{"0":"post-72144","1":"post","2":"type-post","3":"status-publish","4":"format-standard","5":"has-post-thumbnail","7":"category-nota-principal"},"yoast_head":"<!-- This site is optimized with the Yoast SEO plugin v27.5 - https:\/\/yoast.com\/product\/yoast-seo-wordpress\/ -->\n<title>\u2018Un d\u00eda 28 de enero, como me hiere esa fecha\u2019\u2026 \u00bfQui\u00e9n fue Lamberto Quintero? el hombre que ese d\u00eda muri\u00f3 en El Salado - Fuentes Fidedignas<\/title>\n<meta name=\"robots\" content=\"index, follow, max-snippet:-1, max-image-preview:large, max-video-preview:-1\" \/>\n<link rel=\"canonical\" href=\"https:\/\/fuentesfidedignas.com.mx\/index.php\/2024\/01\/28\/un-dia-28-de-enero-como-me-hiere-esa-fecha-quien-fue-lamberto-quintero-el-hombre-que-ese-dia-murio-en-el-salado\/\" \/>\n<meta property=\"og:locale\" content=\"es_MX\" \/>\n<meta property=\"og:type\" content=\"article\" \/>\n<meta property=\"og:title\" content=\"\u2018Un d\u00eda 28 de enero, como me hiere esa fecha\u2019\u2026 \u00bfQui\u00e9n fue Lamberto Quintero? el hombre que ese d\u00eda muri\u00f3 en El Salado - Fuentes Fidedignas\" \/>\n<meta property=\"og:description\" content=\"A Lamberto se le recuerda cada 28 de enero gracias al corrido, interpretado por Antonio Aguilar quien tambi\u00e9n llev\u00f3 al cine su historia, en los a\u00f1os ochenta \u201cUn d\u00eda 28 de enero, como me hiere esa fecha, A don Lamberto Quintero, Lo segu\u00eda una camioneta, iban con rumbo al Salado, nom\u00e1s a dar una vuelta\u201d&#8230;&nbsp;as\u00ed [&hellip;]\" \/>\n<meta property=\"og:url\" content=\"https:\/\/fuentesfidedignas.com.mx\/index.php\/2024\/01\/28\/un-dia-28-de-enero-como-me-hiere-esa-fecha-quien-fue-lamberto-quintero-el-hombre-que-ese-dia-murio-en-el-salado\/\" \/>\n<meta property=\"og:site_name\" content=\"Fuentes Fidedignas\" \/>\n<meta property=\"article:publisher\" content=\"https:\/\/www.facebook.com\/Fuentes-Fidedignas-368234489921644\" \/>\n<meta property=\"article:published_time\" content=\"2024-01-28T17:35:13+00:00\" \/>\n<meta property=\"article:modified_time\" content=\"2024-01-28T17:43:31+00:00\" \/>\n<meta property=\"og:image\" content=\"https:\/\/fuentesfidedignas.com.mx\/wp-content\/uploads\/2024\/01\/img_9543-1.jpg\" \/>\n\t<meta property=\"og:image:width\" content=\"1152\" \/>\n\t<meta property=\"og:image:height\" content=\"648\" \/>\n\t<meta property=\"og:image:type\" content=\"image\/jpeg\" \/>\n<meta name=\"author\" content=\"Vanguardia\" \/>\n<meta name=\"twitter:card\" content=\"summary_large_image\" \/>\n<meta name=\"twitter:creator\" content=\"@fidedignas\" \/>\n<meta name=\"twitter:site\" content=\"@fidedignas\" \/>\n<meta name=\"twitter:label1\" content=\"Escrito por\" \/>\n\t<meta name=\"twitter:data1\" content=\"Vanguardia\" \/>\n\t<meta name=\"twitter:label2\" content=\"Tiempo de lectura\" \/>\n\t<meta name=\"twitter:data2\" content=\"5 minutos\" \/>\n<script type=\"application\/ld+json\" class=\"yoast-schema-graph\">{\"@context\":\"https:\\\/\\\/schema.org\",\"@graph\":[{\"@type\":\"Article\",\"@id\":\"https:\\\/\\\/fuentesfidedignas.com.mx\\\/index.php\\\/2024\\\/01\\\/28\\\/un-dia-28-de-enero-como-me-hiere-esa-fecha-quien-fue-lamberto-quintero-el-hombre-que-ese-dia-murio-en-el-salado\\\/#article\",\"isPartOf\":{\"@id\":\"https:\\\/\\\/fuentesfidedignas.com.mx\\\/index.php\\\/2024\\\/01\\\/28\\\/un-dia-28-de-enero-como-me-hiere-esa-fecha-quien-fue-lamberto-quintero-el-hombre-que-ese-dia-murio-en-el-salado\\\/\"},\"author\":{\"name\":\"Vanguardia\",\"@id\":\"https:\\\/\\\/fuentesfidedignas.com.mx\\\/#\\\/schema\\\/person\\\/bce747fb6a0b0feefab1e3e7c4e84d2b\"},\"headline\":\"\u2018Un d\u00eda 28 de enero, como me hiere esa fecha\u2019\u2026 \u00bfQui\u00e9n fue Lamberto Quintero? el hombre que ese d\u00eda muri\u00f3 en El Salado\",\"datePublished\":\"2024-01-28T17:35:13+00:00\",\"dateModified\":\"2024-01-28T17:43:31+00:00\",\"mainEntityOfPage\":{\"@id\":\"https:\\\/\\\/fuentesfidedignas.com.mx\\\/index.php\\\/2024\\\/01\\\/28\\\/un-dia-28-de-enero-como-me-hiere-esa-fecha-quien-fue-lamberto-quintero-el-hombre-que-ese-dia-murio-en-el-salado\\\/\"},\"wordCount\":1052,\"commentCount\":0,\"publisher\":{\"@id\":\"https:\\\/\\\/fuentesfidedignas.com.mx\\\/#organization\"},\"image\":{\"@id\":\"https:\\\/\\\/fuentesfidedignas.com.mx\\\/index.php\\\/2024\\\/01\\\/28\\\/un-dia-28-de-enero-como-me-hiere-esa-fecha-quien-fue-lamberto-quintero-el-hombre-que-ese-dia-murio-en-el-salado\\\/#primaryimage\"},\"thumbnailUrl\":\"https:\\\/\\\/fuentesfidedignas.com.mx\\\/wp-content\\\/uploads\\\/2024\\\/01\\\/img_9543-1.jpg\",\"articleSection\":[\"NOTA PRINCIPAL\"],\"inLanguage\":\"es\",\"potentialAction\":[{\"@type\":\"CommentAction\",\"name\":\"Comment\",\"target\":[\"https:\\\/\\\/fuentesfidedignas.com.mx\\\/index.php\\\/2024\\\/01\\\/28\\\/un-dia-28-de-enero-como-me-hiere-esa-fecha-quien-fue-lamberto-quintero-el-hombre-que-ese-dia-murio-en-el-salado\\\/#respond\"]}]},{\"@type\":\"WebPage\",\"@id\":\"https:\\\/\\\/fuentesfidedignas.com.mx\\\/index.php\\\/2024\\\/01\\\/28\\\/un-dia-28-de-enero-como-me-hiere-esa-fecha-quien-fue-lamberto-quintero-el-hombre-que-ese-dia-murio-en-el-salado\\\/\",\"url\":\"https:\\\/\\\/fuentesfidedignas.com.mx\\\/index.php\\\/2024\\\/01\\\/28\\\/un-dia-28-de-enero-como-me-hiere-esa-fecha-quien-fue-lamberto-quintero-el-hombre-que-ese-dia-murio-en-el-salado\\\/\",\"name\":\"\u2018Un d\u00eda 28 de enero, como me hiere esa fecha\u2019\u2026 \u00bfQui\u00e9n fue Lamberto Quintero? el hombre que ese d\u00eda muri\u00f3 en El Salado - Fuentes Fidedignas\",\"isPartOf\":{\"@id\":\"https:\\\/\\\/fuentesfidedignas.com.mx\\\/#website\"},\"primaryImageOfPage\":{\"@id\":\"https:\\\/\\\/fuentesfidedignas.com.mx\\\/index.php\\\/2024\\\/01\\\/28\\\/un-dia-28-de-enero-como-me-hiere-esa-fecha-quien-fue-lamberto-quintero-el-hombre-que-ese-dia-murio-en-el-salado\\\/#primaryimage\"},\"image\":{\"@id\":\"https:\\\/\\\/fuentesfidedignas.com.mx\\\/index.php\\\/2024\\\/01\\\/28\\\/un-dia-28-de-enero-como-me-hiere-esa-fecha-quien-fue-lamberto-quintero-el-hombre-que-ese-dia-murio-en-el-salado\\\/#primaryimage\"},\"thumbnailUrl\":\"https:\\\/\\\/fuentesfidedignas.com.mx\\\/wp-content\\\/uploads\\\/2024\\\/01\\\/img_9543-1.jpg\",\"datePublished\":\"2024-01-28T17:35:13+00:00\",\"dateModified\":\"2024-01-28T17:43:31+00:00\",\"breadcrumb\":{\"@id\":\"https:\\\/\\\/fuentesfidedignas.com.mx\\\/index.php\\\/2024\\\/01\\\/28\\\/un-dia-28-de-enero-como-me-hiere-esa-fecha-quien-fue-lamberto-quintero-el-hombre-que-ese-dia-murio-en-el-salado\\\/#breadcrumb\"},\"inLanguage\":\"es\",\"potentialAction\":[{\"@type\":\"ReadAction\",\"target\":[\"https:\\\/\\\/fuentesfidedignas.com.mx\\\/index.php\\\/2024\\\/01\\\/28\\\/un-dia-28-de-enero-como-me-hiere-esa-fecha-quien-fue-lamberto-quintero-el-hombre-que-ese-dia-murio-en-el-salado\\\/\"]}]},{\"@type\":\"ImageObject\",\"inLanguage\":\"es\",\"@id\":\"https:\\\/\\\/fuentesfidedignas.com.mx\\\/index.php\\\/2024\\\/01\\\/28\\\/un-dia-28-de-enero-como-me-hiere-esa-fecha-quien-fue-lamberto-quintero-el-hombre-que-ese-dia-murio-en-el-salado\\\/#primaryimage\",\"url\":\"https:\\\/\\\/fuentesfidedignas.com.mx\\\/wp-content\\\/uploads\\\/2024\\\/01\\\/img_9543-1.jpg\",\"contentUrl\":\"https:\\\/\\\/fuentesfidedignas.com.mx\\\/wp-content\\\/uploads\\\/2024\\\/01\\\/img_9543-1.jpg\",\"width\":1152,\"height\":648},{\"@type\":\"BreadcrumbList\",\"@id\":\"https:\\\/\\\/fuentesfidedignas.com.mx\\\/index.php\\\/2024\\\/01\\\/28\\\/un-dia-28-de-enero-como-me-hiere-esa-fecha-quien-fue-lamberto-quintero-el-hombre-que-ese-dia-murio-en-el-salado\\\/#breadcrumb\",\"itemListElement\":[{\"@type\":\"ListItem\",\"position\":1,\"name\":\"Inicio\",\"item\":\"https:\\\/\\\/fuentesfidedignas.com.mx\\\/\"},{\"@type\":\"ListItem\",\"position\":2,\"name\":\"\u2018Un d\u00eda 28 de enero, como me hiere esa fecha\u2019\u2026 \u00bfQui\u00e9n fue Lamberto Quintero? el hombre que ese d\u00eda muri\u00f3 en El Salado\"}]},{\"@type\":\"WebSite\",\"@id\":\"https:\\\/\\\/fuentesfidedignas.com.mx\\\/#website\",\"url\":\"https:\\\/\\\/fuentesfidedignas.com.mx\\\/\",\"name\":\"Fuentes Fidedignas\",\"description\":\"Otro sitio realizado con WordPress\",\"publisher\":{\"@id\":\"https:\\\/\\\/fuentesfidedignas.com.mx\\\/#organization\"},\"potentialAction\":[{\"@type\":\"SearchAction\",\"target\":{\"@type\":\"EntryPoint\",\"urlTemplate\":\"https:\\\/\\\/fuentesfidedignas.com.mx\\\/?s={search_term_string}\"},\"query-input\":{\"@type\":\"PropertyValueSpecification\",\"valueRequired\":true,\"valueName\":\"search_term_string\"}}],\"inLanguage\":\"es\"},{\"@type\":\"Organization\",\"@id\":\"https:\\\/\\\/fuentesfidedignas.com.mx\\\/#organization\",\"name\":\"Fuentes Fidedignas\",\"url\":\"https:\\\/\\\/fuentesfidedignas.com.mx\\\/\",\"logo\":{\"@type\":\"ImageObject\",\"inLanguage\":\"es\",\"@id\":\"https:\\\/\\\/fuentesfidedignas.com.mx\\\/#\\\/schema\\\/logo\\\/image\\\/\",\"url\":\"https:\\\/\\\/fuentesfidedignas.com.mx\\\/wp-content\\\/uploads\\\/2021\\\/04\\\/logo-retina.png\",\"contentUrl\":\"https:\\\/\\\/fuentesfidedignas.com.mx\\\/wp-content\\\/uploads\\\/2021\\\/04\\\/logo-retina.png\",\"width\":280,\"height\":51,\"caption\":\"Fuentes Fidedignas\"},\"image\":{\"@id\":\"https:\\\/\\\/fuentesfidedignas.com.mx\\\/#\\\/schema\\\/logo\\\/image\\\/\"},\"sameAs\":[\"https:\\\/\\\/www.facebook.com\\\/Fuentes-Fidedignas-368234489921644\",\"https:\\\/\\\/x.com\\\/fidedignas\"]},{\"@type\":\"Person\",\"@id\":\"https:\\\/\\\/fuentesfidedignas.com.mx\\\/#\\\/schema\\\/person\\\/bce747fb6a0b0feefab1e3e7c4e84d2b\",\"name\":\"Vanguardia\",\"image\":{\"@type\":\"ImageObject\",\"inLanguage\":\"es\",\"@id\":\"https:\\\/\\\/secure.gravatar.com\\\/avatar\\\/6d7e1e0fdcdef594fdfc9206070adafb95cd5cd9b47c113cb987d91ee74e35df?s=96&d=mm&r=g\",\"url\":\"https:\\\/\\\/secure.gravatar.com\\\/avatar\\\/6d7e1e0fdcdef594fdfc9206070adafb95cd5cd9b47c113cb987d91ee74e35df?s=96&d=mm&r=g\",\"contentUrl\":\"https:\\\/\\\/secure.gravatar.com\\\/avatar\\\/6d7e1e0fdcdef594fdfc9206070adafb95cd5cd9b47c113cb987d91ee74e35df?s=96&d=mm&r=g\",\"caption\":\"Vanguardia\"},\"url\":\"https:\\\/\\\/fuentesfidedignas.com.mx\\\/index.php\\\/author\\\/vanguardia\\\/\"}]}<\/script>\n<!-- \/ Yoast SEO plugin. -->","yoast_head_json":{"title":"\u2018Un d\u00eda 28 de enero, como me hiere esa fecha\u2019\u2026 \u00bfQui\u00e9n fue Lamberto Quintero? el hombre que ese d\u00eda muri\u00f3 en El Salado - Fuentes Fidedignas","robots":{"index":"index","follow":"follow","max-snippet":"max-snippet:-1","max-image-preview":"max-image-preview:large","max-video-preview":"max-video-preview:-1"},"canonical":"https:\/\/fuentesfidedignas.com.mx\/index.php\/2024\/01\/28\/un-dia-28-de-enero-como-me-hiere-esa-fecha-quien-fue-lamberto-quintero-el-hombre-que-ese-dia-murio-en-el-salado\/","og_locale":"es_MX","og_type":"article","og_title":"\u2018Un d\u00eda 28 de enero, como me hiere esa fecha\u2019\u2026 \u00bfQui\u00e9n fue Lamberto Quintero? el hombre que ese d\u00eda muri\u00f3 en El Salado - Fuentes Fidedignas","og_description":"A Lamberto se le recuerda cada 28 de enero gracias al corrido, interpretado por Antonio Aguilar quien tambi\u00e9n llev\u00f3 al cine su historia, en los a\u00f1os ochenta \u201cUn d\u00eda 28 de enero, como me hiere esa fecha, A don Lamberto Quintero, Lo segu\u00eda una camioneta, iban con rumbo al Salado, nom\u00e1s a dar una vuelta\u201d&#8230;&nbsp;as\u00ed [&hellip;]","og_url":"https:\/\/fuentesfidedignas.com.mx\/index.php\/2024\/01\/28\/un-dia-28-de-enero-como-me-hiere-esa-fecha-quien-fue-lamberto-quintero-el-hombre-que-ese-dia-murio-en-el-salado\/","og_site_name":"Fuentes Fidedignas","article_publisher":"https:\/\/www.facebook.com\/Fuentes-Fidedignas-368234489921644","article_published_time":"2024-01-28T17:35:13+00:00","article_modified_time":"2024-01-28T17:43:31+00:00","og_image":[{"width":1152,"height":648,"url":"https:\/\/fuentesfidedignas.com.mx\/wp-content\/uploads\/2024\/01\/img_9543-1.jpg","type":"image\/jpeg"}],"author":"Vanguardia","twitter_card":"summary_large_image","twitter_creator":"@fidedignas","twitter_site":"@fidedignas","twitter_misc":{"Escrito por":"Vanguardia","Tiempo de lectura":"5 minutos"},"schema":{"@context":"https:\/\/schema.org","@graph":[{"@type":"Article","@id":"https:\/\/fuentesfidedignas.com.mx\/index.php\/2024\/01\/28\/un-dia-28-de-enero-como-me-hiere-esa-fecha-quien-fue-lamberto-quintero-el-hombre-que-ese-dia-murio-en-el-salado\/#article","isPartOf":{"@id":"https:\/\/fuentesfidedignas.com.mx\/index.php\/2024\/01\/28\/un-dia-28-de-enero-como-me-hiere-esa-fecha-quien-fue-lamberto-quintero-el-hombre-que-ese-dia-murio-en-el-salado\/"},"author":{"name":"Vanguardia","@id":"https:\/\/fuentesfidedignas.com.mx\/#\/schema\/person\/bce747fb6a0b0feefab1e3e7c4e84d2b"},"headline":"\u2018Un d\u00eda 28 de enero, como me hiere esa fecha\u2019\u2026 \u00bfQui\u00e9n fue Lamberto Quintero? el hombre que ese d\u00eda muri\u00f3 en El Salado","datePublished":"2024-01-28T17:35:13+00:00","dateModified":"2024-01-28T17:43:31+00:00","mainEntityOfPage":{"@id":"https:\/\/fuentesfidedignas.com.mx\/index.php\/2024\/01\/28\/un-dia-28-de-enero-como-me-hiere-esa-fecha-quien-fue-lamberto-quintero-el-hombre-que-ese-dia-murio-en-el-salado\/"},"wordCount":1052,"commentCount":0,"publisher":{"@id":"https:\/\/fuentesfidedignas.com.mx\/#organization"},"image":{"@id":"https:\/\/fuentesfidedignas.com.mx\/index.php\/2024\/01\/28\/un-dia-28-de-enero-como-me-hiere-esa-fecha-quien-fue-lamberto-quintero-el-hombre-que-ese-dia-murio-en-el-salado\/#primaryimage"},"thumbnailUrl":"https:\/\/fuentesfidedignas.com.mx\/wp-content\/uploads\/2024\/01\/img_9543-1.jpg","articleSection":["NOTA PRINCIPAL"],"inLanguage":"es","potentialAction":[{"@type":"CommentAction","name":"Comment","target":["https:\/\/fuentesfidedignas.com.mx\/index.php\/2024\/01\/28\/un-dia-28-de-enero-como-me-hiere-esa-fecha-quien-fue-lamberto-quintero-el-hombre-que-ese-dia-murio-en-el-salado\/#respond"]}]},{"@type":"WebPage","@id":"https:\/\/fuentesfidedignas.com.mx\/index.php\/2024\/01\/28\/un-dia-28-de-enero-como-me-hiere-esa-fecha-quien-fue-lamberto-quintero-el-hombre-que-ese-dia-murio-en-el-salado\/","url":"https:\/\/fuentesfidedignas.com.mx\/index.php\/2024\/01\/28\/un-dia-28-de-enero-como-me-hiere-esa-fecha-quien-fue-lamberto-quintero-el-hombre-que-ese-dia-murio-en-el-salado\/","name":"\u2018Un d\u00eda 28 de enero, como me hiere esa fecha\u2019\u2026 \u00bfQui\u00e9n fue Lamberto Quintero? el hombre que ese d\u00eda muri\u00f3 en El Salado - Fuentes Fidedignas","isPartOf":{"@id":"https:\/\/fuentesfidedignas.com.mx\/#website"},"primaryImageOfPage":{"@id":"https:\/\/fuentesfidedignas.com.mx\/index.php\/2024\/01\/28\/un-dia-28-de-enero-como-me-hiere-esa-fecha-quien-fue-lamberto-quintero-el-hombre-que-ese-dia-murio-en-el-salado\/#primaryimage"},"image":{"@id":"https:\/\/fuentesfidedignas.com.mx\/index.php\/2024\/01\/28\/un-dia-28-de-enero-como-me-hiere-esa-fecha-quien-fue-lamberto-quintero-el-hombre-que-ese-dia-murio-en-el-salado\/#primaryimage"},"thumbnailUrl":"https:\/\/fuentesfidedignas.com.mx\/wp-content\/uploads\/2024\/01\/img_9543-1.jpg","datePublished":"2024-01-28T17:35:13+00:00","dateModified":"2024-01-28T17:43:31+00:00","breadcrumb":{"@id":"https:\/\/fuentesfidedignas.com.mx\/index.php\/2024\/01\/28\/un-dia-28-de-enero-como-me-hiere-esa-fecha-quien-fue-lamberto-quintero-el-hombre-que-ese-dia-murio-en-el-salado\/#breadcrumb"},"inLanguage":"es","potentialAction":[{"@type":"ReadAction","target":["https:\/\/fuentesfidedignas.com.mx\/index.php\/2024\/01\/28\/un-dia-28-de-enero-como-me-hiere-esa-fecha-quien-fue-lamberto-quintero-el-hombre-que-ese-dia-murio-en-el-salado\/"]}]},{"@type":"ImageObject","inLanguage":"es","@id":"https:\/\/fuentesfidedignas.com.mx\/index.php\/2024\/01\/28\/un-dia-28-de-enero-como-me-hiere-esa-fecha-quien-fue-lamberto-quintero-el-hombre-que-ese-dia-murio-en-el-salado\/#primaryimage","url":"https:\/\/fuentesfidedignas.com.mx\/wp-content\/uploads\/2024\/01\/img_9543-1.jpg","contentUrl":"https:\/\/fuentesfidedignas.com.mx\/wp-content\/uploads\/2024\/01\/img_9543-1.jpg","width":1152,"height":648},{"@type":"BreadcrumbList","@id":"https:\/\/fuentesfidedignas.com.mx\/index.php\/2024\/01\/28\/un-dia-28-de-enero-como-me-hiere-esa-fecha-quien-fue-lamberto-quintero-el-hombre-que-ese-dia-murio-en-el-salado\/#breadcrumb","itemListElement":[{"@type":"ListItem","position":1,"name":"Inicio","item":"https:\/\/fuentesfidedignas.com.mx\/"},{"@type":"ListItem","position":2,"name":"\u2018Un d\u00eda 28 de enero, como me hiere esa fecha\u2019\u2026 \u00bfQui\u00e9n fue Lamberto Quintero? el hombre que ese d\u00eda muri\u00f3 en El Salado"}]},{"@type":"WebSite","@id":"https:\/\/fuentesfidedignas.com.mx\/#website","url":"https:\/\/fuentesfidedignas.com.mx\/","name":"Fuentes Fidedignas","description":"Otro sitio realizado con WordPress","publisher":{"@id":"https:\/\/fuentesfidedignas.com.mx\/#organization"},"potentialAction":[{"@type":"SearchAction","target":{"@type":"EntryPoint","urlTemplate":"https:\/\/fuentesfidedignas.com.mx\/?s={search_term_string}"},"query-input":{"@type":"PropertyValueSpecification","valueRequired":true,"valueName":"search_term_string"}}],"inLanguage":"es"},{"@type":"Organization","@id":"https:\/\/fuentesfidedignas.com.mx\/#organization","name":"Fuentes Fidedignas","url":"https:\/\/fuentesfidedignas.com.mx\/","logo":{"@type":"ImageObject","inLanguage":"es","@id":"https:\/\/fuentesfidedignas.com.mx\/#\/schema\/logo\/image\/","url":"https:\/\/fuentesfidedignas.com.mx\/wp-content\/uploads\/2021\/04\/logo-retina.png","contentUrl":"https:\/\/fuentesfidedignas.com.mx\/wp-content\/uploads\/2021\/04\/logo-retina.png","width":280,"height":51,"caption":"Fuentes Fidedignas"},"image":{"@id":"https:\/\/fuentesfidedignas.com.mx\/#\/schema\/logo\/image\/"},"sameAs":["https:\/\/www.facebook.com\/Fuentes-Fidedignas-368234489921644","https:\/\/x.com\/fidedignas"]},{"@type":"Person","@id":"https:\/\/fuentesfidedignas.com.mx\/#\/schema\/person\/bce747fb6a0b0feefab1e3e7c4e84d2b","name":"Vanguardia","image":{"@type":"ImageObject","inLanguage":"es","@id":"https:\/\/secure.gravatar.com\/avatar\/6d7e1e0fdcdef594fdfc9206070adafb95cd5cd9b47c113cb987d91ee74e35df?s=96&d=mm&r=g","url":"https:\/\/secure.gravatar.com\/avatar\/6d7e1e0fdcdef594fdfc9206070adafb95cd5cd9b47c113cb987d91ee74e35df?s=96&d=mm&r=g","contentUrl":"https:\/\/secure.gravatar.com\/avatar\/6d7e1e0fdcdef594fdfc9206070adafb95cd5cd9b47c113cb987d91ee74e35df?s=96&d=mm&r=g","caption":"Vanguardia"},"url":"https:\/\/fuentesfidedignas.com.mx\/index.php\/author\/vanguardia\/"}]}},"_links":{"self":[{"href":"https:\/\/fuentesfidedignas.com.mx\/index.php\/wp-json\/wp\/v2\/posts\/72144","targetHints":{"allow":["GET"]}}],"collection":[{"href":"https:\/\/fuentesfidedignas.com.mx\/index.php\/wp-json\/wp\/v2\/posts"}],"about":[{"href":"https:\/\/fuentesfidedignas.com.mx\/index.php\/wp-json\/wp\/v2\/types\/post"}],"author":[{"embeddable":true,"href":"https:\/\/fuentesfidedignas.com.mx\/index.php\/wp-json\/wp\/v2\/users\/14"}],"replies":[{"embeddable":true,"href":"https:\/\/fuentesfidedignas.com.mx\/index.php\/wp-json\/wp\/v2\/comments?post=72144"}],"version-history":[{"count":3,"href":"https:\/\/fuentesfidedignas.com.mx\/index.php\/wp-json\/wp\/v2\/posts\/72144\/revisions"}],"predecessor-version":[{"id":72151,"href":"https:\/\/fuentesfidedignas.com.mx\/index.php\/wp-json\/wp\/v2\/posts\/72144\/revisions\/72151"}],"wp:featuredmedia":[{"embeddable":true,"href":"https:\/\/fuentesfidedignas.com.mx\/index.php\/wp-json\/wp\/v2\/media\/72143"}],"wp:attachment":[{"href":"https:\/\/fuentesfidedignas.com.mx\/index.php\/wp-json\/wp\/v2\/media?parent=72144"}],"wp:term":[{"taxonomy":"category","embeddable":true,"href":"https:\/\/fuentesfidedignas.com.mx\/index.php\/wp-json\/wp\/v2\/categories?post=72144"},{"taxonomy":"post_tag","embeddable":true,"href":"https:\/\/fuentesfidedignas.com.mx\/index.php\/wp-json\/wp\/v2\/tags?post=72144"}],"curies":[{"name":"wp","href":"https:\/\/api.w.org\/{rel}","templated":true}]}}