{"id":72130,"date":"2024-01-28T09:02:18","date_gmt":"2024-01-28T16:02:18","guid":{"rendered":"https:\/\/fuentesfidedignas.com.mx\/?p=72130"},"modified":"2024-01-28T09:10:53","modified_gmt":"2024-01-28T16:10:53","slug":"riesgos-para-la-autonomia-en-una-universidad-gestionada-como-empresa","status":"publish","type":"post","link":"https:\/\/fuentesfidedignas.com.mx\/index.php\/2024\/01\/28\/riesgos-para-la-autonomia-en-una-universidad-gestionada-como-empresa\/","title":{"rendered":"Riesgos para la autonom\u00eda en una universidad gestionada como empresa"},"content":{"rendered":"\n<p>Por: MC. Horacio de Jes\u00fas Malcampo Moreno<\/p>\n\n\n\n<p>Recientemente tuve la oportunidad de participar en el foro &#8220;Democracia, Autonom\u00eda y Corrupci\u00f3n&#8221;, organizado por la C\u00e1mara de Diputados del Congreso de la Uni\u00f3n como parte de los Di\u00e1logos por la Transformaci\u00f3n.<\/p>\n\n\n\n<p>En este espacio, se propici\u00f3 un an\u00e1lisis profundo acerca del estado actual de la educaci\u00f3n superior en el pa\u00eds, su cobertura, calidad, pertinencia, modelos institucionales y el papel que juega para promover el desarrollo humano e impulsar la democratizaci\u00f3n en las universidades. Considero imprescindible incrementar la deliberaci\u00f3n informada en torno a este tema fundamental para construir un mejor futuro.<\/p>\n\n\n\n<p>Hist\u00f3ricamente se ha asumido que la autonom\u00eda es un privilegio natural de las universidades. Pero ante las m\u00faltiples presiones y contradicciones contempor\u00e1neas, es v\u00e1lido preguntarse: \u00bfautonom\u00eda para qu\u00e9? \u00bfCu\u00e1les son sus l\u00edmites, sus contrapesos? Una libertad absoluta puede tornarse irresponsable si no va acompa\u00f1ada de mecanismos de regulaci\u00f3n \u00e9tica interna.<\/p>\n\n\n\n<p>Y es que la tan preciada autonom\u00eda universitaria tambi\u00e9n puede verse doblegada por din\u00e1micas gestionales que, so pretexto de agilizar procesos, terminan imponiendo una l\u00f3gica corporativa ajena a los fines genuinos de las instituciones acad\u00e9micas.<\/p>\n\n\n\n<p>As\u00ed, por ejemplo, modelos de gobiernos universitarios excesivamente verticales y centrados en directivos, vulneran el principio de autogobierno colegiado, limitando la participaci\u00f3n real de estudiantes y personal acad\u00e9mico en las decisiones estrat\u00e9gicas que impactan sus realidades cotidianas. Se priorizan los indicadores y rankings, por encima de las voces de quienes habitan y dinamizan el d\u00eda a d\u00eda universitario.<\/p>\n\n\n\n<p>Del mismo modo, la creciente burocratizaci\u00f3n de los sistemas y procesos acad\u00e9mico-administrativos (desde los absurdos procesos de contrataciones docentes hasta los obst\u00e1culos para viabilizar iniciativas estudiantiles), lejos de optimizar recursos, con frecuencia congela valiosas propuestas, inhibe la deliberaci\u00f3n democr\u00e1tica y amenaza con constre\u00f1ir la din\u00e1mica pedag\u00f3gica a un adiestramiento mecanicista orientado a \u201cla respuesta correcta\u201d.<\/p>\n\n\n\n<p>La p\u00e9rdida interna de autonom\u00eda acad\u00e9mica y de pensamiento problematizador, se ve a\u00fan m\u00e1s agravada cuando -en aras de la autosostenibilidad financiera- se concibe a los estudiantes como \u201cclientes\u201d, como n\u00famero de matr\u00edcula, desdibujando as\u00ed la esencia de la instituci\u00f3n educativa como forjadora de ciudadan\u00eda responsable y motor de cambio social. La m\u00edstica universitaria se desvanece cuando \u00e9sta se mimetiza como una f\u00e1brica de t\u00edtulos al mejor postor, descuidando su compromiso con las sociedades que la acogen y de las cuales emana.<\/p>\n\n\n\n<p>Ante este panorama, la defensa de la autonom\u00eda ha de empezar por reivindicar el ethos original de la universidad p\u00fablica, m\u00e1s all\u00e1 de las amenazas pol\u00edticas externas. Caso contrario, seguiremos cayendo en el falso dilema entre sometimiento a intereses gubernamentales o al imperio acr\u00edtico de una racionalidad tecnoburocr\u00e1tica que, a su modo, configuran serias amenazas a la genuina autonom\u00eda universitaria.<\/p>\n\n\n\n<p>Urge imaginar formas de gesti\u00f3n y financiamiento que -sin caer en los extremos de la corrupci\u00f3n pol\u00edtica ni del gerencialismo empresarial- potencien un autogobierno universitario centrado en sus comunidades de aprendizaje, con peso real de estudiantes y profesores en las decisiones institucionales, as\u00ed como con \u00e9nfasis en la retroalimentaci\u00f3n y rendici\u00f3n de cuentas socialmente referenciada. Solo blindando la participaci\u00f3n de las bases y reencauzando la br\u00fajula hacia la responsabilidad cient\u00edfica y \u00e9tica, las universidades recuperaremos nuestra m\u00edstica transformadora.<\/p>\n","protected":false},"excerpt":{"rendered":"<p>Por: MC. Horacio de Jes\u00fas Malcampo Moreno Recientemente tuve la oportunidad de participar en el foro &#8220;Democracia, Autonom\u00eda y Corrupci\u00f3n&#8221;, organizado por la C\u00e1mara de Diputados del Congreso de la Uni\u00f3n como parte de los Di\u00e1logos por la Transformaci\u00f3n. En este espacio, se propici\u00f3 un an\u00e1lisis profundo acerca del estado actual de la educaci\u00f3n superior [&hellip;]<\/p>\n","protected":false},"author":146,"featured_media":72129,"comment_status":"open","ping_status":"open","sticky":false,"template":"","format":"standard","meta":{"tdm_status":"","tdm_grid_status":"","footnotes":""},"categories":[3064,3089],"tags":[],"class_list":{"0":"post-72130","1":"post","2":"type-post","3":"status-publish","4":"format-standard","5":"has-post-thumbnail","7":"category-columnas","8":"category-nutriendo-la-mente"},"yoast_head":"<!-- This site is optimized with the Yoast SEO plugin v27.5 - https:\/\/yoast.com\/product\/yoast-seo-wordpress\/ -->\n<title>Riesgos para la autonom\u00eda en una universidad gestionada como empresa - Fuentes Fidedignas<\/title>\n<meta name=\"robots\" content=\"index, follow, max-snippet:-1, max-image-preview:large, max-video-preview:-1\" \/>\n<link rel=\"canonical\" href=\"https:\/\/fuentesfidedignas.com.mx\/index.php\/2024\/01\/28\/riesgos-para-la-autonomia-en-una-universidad-gestionada-como-empresa\/\" \/>\n<meta property=\"og:locale\" content=\"es_MX\" \/>\n<meta property=\"og:type\" content=\"article\" \/>\n<meta property=\"og:title\" content=\"Riesgos para la autonom\u00eda en una universidad gestionada como empresa - Fuentes Fidedignas\" \/>\n<meta property=\"og:description\" content=\"Por: MC. Horacio de Jes\u00fas Malcampo Moreno Recientemente tuve la oportunidad de participar en el foro &#8220;Democracia, Autonom\u00eda y Corrupci\u00f3n&#8221;, organizado por la C\u00e1mara de Diputados del Congreso de la Uni\u00f3n como parte de los Di\u00e1logos por la Transformaci\u00f3n. En este espacio, se propici\u00f3 un an\u00e1lisis profundo acerca del estado actual de la educaci\u00f3n superior [&hellip;]\" \/>\n<meta property=\"og:url\" content=\"https:\/\/fuentesfidedignas.com.mx\/index.php\/2024\/01\/28\/riesgos-para-la-autonomia-en-una-universidad-gestionada-como-empresa\/\" \/>\n<meta property=\"og:site_name\" content=\"Fuentes Fidedignas\" \/>\n<meta property=\"article:publisher\" content=\"https:\/\/www.facebook.com\/Fuentes-Fidedignas-368234489921644\" \/>\n<meta property=\"article:published_time\" content=\"2024-01-28T16:02:18+00:00\" \/>\n<meta property=\"article:modified_time\" content=\"2024-01-28T16:10:53+00:00\" \/>\n<meta property=\"og:image\" content=\"https:\/\/fuentesfidedignas.com.mx\/wp-content\/uploads\/2024\/01\/94308908-d093-4709-afc9-b84f64a7bd2c-1.jpg\" \/>\n\t<meta property=\"og:image:width\" content=\"1280\" \/>\n\t<meta property=\"og:image:height\" content=\"853\" \/>\n\t<meta property=\"og:image:type\" content=\"image\/jpeg\" \/>\n<meta name=\"author\" content=\"Mtro. Horacio de Jes\u00fas Malcampo Moreno\" \/>\n<meta name=\"twitter:card\" content=\"summary_large_image\" \/>\n<meta name=\"twitter:creator\" content=\"@fidedignas\" \/>\n<meta name=\"twitter:site\" content=\"@fidedignas\" \/>\n<meta name=\"twitter:label1\" content=\"Escrito por\" \/>\n\t<meta name=\"twitter:data1\" content=\"Mtro. Horacio de Jes\u00fas Malcampo Moreno\" \/>\n\t<meta name=\"twitter:label2\" content=\"Tiempo de lectura\" \/>\n\t<meta name=\"twitter:data2\" content=\"3 minutos\" \/>\n<script type=\"application\/ld+json\" class=\"yoast-schema-graph\">{\"@context\":\"https:\\\/\\\/schema.org\",\"@graph\":[{\"@type\":\"Article\",\"@id\":\"https:\\\/\\\/fuentesfidedignas.com.mx\\\/index.php\\\/2024\\\/01\\\/28\\\/riesgos-para-la-autonomia-en-una-universidad-gestionada-como-empresa\\\/#article\",\"isPartOf\":{\"@id\":\"https:\\\/\\\/fuentesfidedignas.com.mx\\\/index.php\\\/2024\\\/01\\\/28\\\/riesgos-para-la-autonomia-en-una-universidad-gestionada-como-empresa\\\/\"},\"author\":{\"name\":\"Mtro. Horacio de Jes\u00fas Malcampo Moreno\",\"@id\":\"https:\\\/\\\/fuentesfidedignas.com.mx\\\/#\\\/schema\\\/person\\\/3f687c55082c557a647c7836bde45728\"},\"headline\":\"Riesgos para la autonom\u00eda en una universidad gestionada como empresa\",\"datePublished\":\"2024-01-28T16:02:18+00:00\",\"dateModified\":\"2024-01-28T16:10:53+00:00\",\"mainEntityOfPage\":{\"@id\":\"https:\\\/\\\/fuentesfidedignas.com.mx\\\/index.php\\\/2024\\\/01\\\/28\\\/riesgos-para-la-autonomia-en-una-universidad-gestionada-como-empresa\\\/\"},\"wordCount\":595,\"commentCount\":0,\"publisher\":{\"@id\":\"https:\\\/\\\/fuentesfidedignas.com.mx\\\/#organization\"},\"image\":{\"@id\":\"https:\\\/\\\/fuentesfidedignas.com.mx\\\/index.php\\\/2024\\\/01\\\/28\\\/riesgos-para-la-autonomia-en-una-universidad-gestionada-como-empresa\\\/#primaryimage\"},\"thumbnailUrl\":\"https:\\\/\\\/fuentesfidedignas.com.mx\\\/wp-content\\\/uploads\\\/2024\\\/01\\\/94308908-d093-4709-afc9-b84f64a7bd2c-1.jpg\",\"articleSection\":[\"COLUMNAS\",\"NUTRIENDO LA MENTE\"],\"inLanguage\":\"es\",\"potentialAction\":[{\"@type\":\"CommentAction\",\"name\":\"Comment\",\"target\":[\"https:\\\/\\\/fuentesfidedignas.com.mx\\\/index.php\\\/2024\\\/01\\\/28\\\/riesgos-para-la-autonomia-en-una-universidad-gestionada-como-empresa\\\/#respond\"]}]},{\"@type\":\"WebPage\",\"@id\":\"https:\\\/\\\/fuentesfidedignas.com.mx\\\/index.php\\\/2024\\\/01\\\/28\\\/riesgos-para-la-autonomia-en-una-universidad-gestionada-como-empresa\\\/\",\"url\":\"https:\\\/\\\/fuentesfidedignas.com.mx\\\/index.php\\\/2024\\\/01\\\/28\\\/riesgos-para-la-autonomia-en-una-universidad-gestionada-como-empresa\\\/\",\"name\":\"Riesgos para la autonom\u00eda en una universidad gestionada como empresa - Fuentes Fidedignas\",\"isPartOf\":{\"@id\":\"https:\\\/\\\/fuentesfidedignas.com.mx\\\/#website\"},\"primaryImageOfPage\":{\"@id\":\"https:\\\/\\\/fuentesfidedignas.com.mx\\\/index.php\\\/2024\\\/01\\\/28\\\/riesgos-para-la-autonomia-en-una-universidad-gestionada-como-empresa\\\/#primaryimage\"},\"image\":{\"@id\":\"https:\\\/\\\/fuentesfidedignas.com.mx\\\/index.php\\\/2024\\\/01\\\/28\\\/riesgos-para-la-autonomia-en-una-universidad-gestionada-como-empresa\\\/#primaryimage\"},\"thumbnailUrl\":\"https:\\\/\\\/fuentesfidedignas.com.mx\\\/wp-content\\\/uploads\\\/2024\\\/01\\\/94308908-d093-4709-afc9-b84f64a7bd2c-1.jpg\",\"datePublished\":\"2024-01-28T16:02:18+00:00\",\"dateModified\":\"2024-01-28T16:10:53+00:00\",\"breadcrumb\":{\"@id\":\"https:\\\/\\\/fuentesfidedignas.com.mx\\\/index.php\\\/2024\\\/01\\\/28\\\/riesgos-para-la-autonomia-en-una-universidad-gestionada-como-empresa\\\/#breadcrumb\"},\"inLanguage\":\"es\",\"potentialAction\":[{\"@type\":\"ReadAction\",\"target\":[\"https:\\\/\\\/fuentesfidedignas.com.mx\\\/index.php\\\/2024\\\/01\\\/28\\\/riesgos-para-la-autonomia-en-una-universidad-gestionada-como-empresa\\\/\"]}]},{\"@type\":\"ImageObject\",\"inLanguage\":\"es\",\"@id\":\"https:\\\/\\\/fuentesfidedignas.com.mx\\\/index.php\\\/2024\\\/01\\\/28\\\/riesgos-para-la-autonomia-en-una-universidad-gestionada-como-empresa\\\/#primaryimage\",\"url\":\"https:\\\/\\\/fuentesfidedignas.com.mx\\\/wp-content\\\/uploads\\\/2024\\\/01\\\/94308908-d093-4709-afc9-b84f64a7bd2c-1.jpg\",\"contentUrl\":\"https:\\\/\\\/fuentesfidedignas.com.mx\\\/wp-content\\\/uploads\\\/2024\\\/01\\\/94308908-d093-4709-afc9-b84f64a7bd2c-1.jpg\",\"width\":1280,\"height\":853},{\"@type\":\"BreadcrumbList\",\"@id\":\"https:\\\/\\\/fuentesfidedignas.com.mx\\\/index.php\\\/2024\\\/01\\\/28\\\/riesgos-para-la-autonomia-en-una-universidad-gestionada-como-empresa\\\/#breadcrumb\",\"itemListElement\":[{\"@type\":\"ListItem\",\"position\":1,\"name\":\"Inicio\",\"item\":\"https:\\\/\\\/fuentesfidedignas.com.mx\\\/\"},{\"@type\":\"ListItem\",\"position\":2,\"name\":\"Riesgos para la autonom\u00eda en una universidad gestionada como empresa\"}]},{\"@type\":\"WebSite\",\"@id\":\"https:\\\/\\\/fuentesfidedignas.com.mx\\\/#website\",\"url\":\"https:\\\/\\\/fuentesfidedignas.com.mx\\\/\",\"name\":\"Fuentes Fidedignas\",\"description\":\"Otro sitio realizado con WordPress\",\"publisher\":{\"@id\":\"https:\\\/\\\/fuentesfidedignas.com.mx\\\/#organization\"},\"potentialAction\":[{\"@type\":\"SearchAction\",\"target\":{\"@type\":\"EntryPoint\",\"urlTemplate\":\"https:\\\/\\\/fuentesfidedignas.com.mx\\\/?s={search_term_string}\"},\"query-input\":{\"@type\":\"PropertyValueSpecification\",\"valueRequired\":true,\"valueName\":\"search_term_string\"}}],\"inLanguage\":\"es\"},{\"@type\":\"Organization\",\"@id\":\"https:\\\/\\\/fuentesfidedignas.com.mx\\\/#organization\",\"name\":\"Fuentes Fidedignas\",\"url\":\"https:\\\/\\\/fuentesfidedignas.com.mx\\\/\",\"logo\":{\"@type\":\"ImageObject\",\"inLanguage\":\"es\",\"@id\":\"https:\\\/\\\/fuentesfidedignas.com.mx\\\/#\\\/schema\\\/logo\\\/image\\\/\",\"url\":\"https:\\\/\\\/fuentesfidedignas.com.mx\\\/wp-content\\\/uploads\\\/2021\\\/04\\\/logo-retina.png\",\"contentUrl\":\"https:\\\/\\\/fuentesfidedignas.com.mx\\\/wp-content\\\/uploads\\\/2021\\\/04\\\/logo-retina.png\",\"width\":280,\"height\":51,\"caption\":\"Fuentes Fidedignas\"},\"image\":{\"@id\":\"https:\\\/\\\/fuentesfidedignas.com.mx\\\/#\\\/schema\\\/logo\\\/image\\\/\"},\"sameAs\":[\"https:\\\/\\\/www.facebook.com\\\/Fuentes-Fidedignas-368234489921644\",\"https:\\\/\\\/x.com\\\/fidedignas\"]},{\"@type\":\"Person\",\"@id\":\"https:\\\/\\\/fuentesfidedignas.com.mx\\\/#\\\/schema\\\/person\\\/3f687c55082c557a647c7836bde45728\",\"name\":\"Mtro. Horacio de Jes\u00fas Malcampo Moreno\",\"image\":{\"@type\":\"ImageObject\",\"inLanguage\":\"es\",\"@id\":\"https:\\\/\\\/secure.gravatar.com\\\/avatar\\\/21fd667a5b9de079d383e44390566d4c728a6ce47b9b5e8419c61f1b793461ac?s=96&d=mm&r=g\",\"url\":\"https:\\\/\\\/secure.gravatar.com\\\/avatar\\\/21fd667a5b9de079d383e44390566d4c728a6ce47b9b5e8419c61f1b793461ac?s=96&d=mm&r=g\",\"contentUrl\":\"https:\\\/\\\/secure.gravatar.com\\\/avatar\\\/21fd667a5b9de079d383e44390566d4c728a6ce47b9b5e8419c61f1b793461ac?s=96&d=mm&r=g\",\"caption\":\"Mtro. Horacio de Jes\u00fas Malcampo Moreno\"},\"url\":\"https:\\\/\\\/fuentesfidedignas.com.mx\\\/index.php\\\/author\\\/horacio\\\/\"}]}<\/script>\n<!-- \/ Yoast SEO plugin. -->","yoast_head_json":{"title":"Riesgos para la autonom\u00eda en una universidad gestionada como empresa - Fuentes Fidedignas","robots":{"index":"index","follow":"follow","max-snippet":"max-snippet:-1","max-image-preview":"max-image-preview:large","max-video-preview":"max-video-preview:-1"},"canonical":"https:\/\/fuentesfidedignas.com.mx\/index.php\/2024\/01\/28\/riesgos-para-la-autonomia-en-una-universidad-gestionada-como-empresa\/","og_locale":"es_MX","og_type":"article","og_title":"Riesgos para la autonom\u00eda en una universidad gestionada como empresa - Fuentes Fidedignas","og_description":"Por: MC. Horacio de Jes\u00fas Malcampo Moreno Recientemente tuve la oportunidad de participar en el foro &#8220;Democracia, Autonom\u00eda y Corrupci\u00f3n&#8221;, organizado por la C\u00e1mara de Diputados del Congreso de la Uni\u00f3n como parte de los Di\u00e1logos por la Transformaci\u00f3n. En este espacio, se propici\u00f3 un an\u00e1lisis profundo acerca del estado actual de la educaci\u00f3n superior [&hellip;]","og_url":"https:\/\/fuentesfidedignas.com.mx\/index.php\/2024\/01\/28\/riesgos-para-la-autonomia-en-una-universidad-gestionada-como-empresa\/","og_site_name":"Fuentes Fidedignas","article_publisher":"https:\/\/www.facebook.com\/Fuentes-Fidedignas-368234489921644","article_published_time":"2024-01-28T16:02:18+00:00","article_modified_time":"2024-01-28T16:10:53+00:00","og_image":[{"width":1280,"height":853,"url":"https:\/\/fuentesfidedignas.com.mx\/wp-content\/uploads\/2024\/01\/94308908-d093-4709-afc9-b84f64a7bd2c-1.jpg","type":"image\/jpeg"}],"author":"Mtro. Horacio de Jes\u00fas Malcampo Moreno","twitter_card":"summary_large_image","twitter_creator":"@fidedignas","twitter_site":"@fidedignas","twitter_misc":{"Escrito por":"Mtro. Horacio de Jes\u00fas Malcampo Moreno","Tiempo de lectura":"3 minutos"},"schema":{"@context":"https:\/\/schema.org","@graph":[{"@type":"Article","@id":"https:\/\/fuentesfidedignas.com.mx\/index.php\/2024\/01\/28\/riesgos-para-la-autonomia-en-una-universidad-gestionada-como-empresa\/#article","isPartOf":{"@id":"https:\/\/fuentesfidedignas.com.mx\/index.php\/2024\/01\/28\/riesgos-para-la-autonomia-en-una-universidad-gestionada-como-empresa\/"},"author":{"name":"Mtro. Horacio de Jes\u00fas Malcampo Moreno","@id":"https:\/\/fuentesfidedignas.com.mx\/#\/schema\/person\/3f687c55082c557a647c7836bde45728"},"headline":"Riesgos para la autonom\u00eda en una universidad gestionada como empresa","datePublished":"2024-01-28T16:02:18+00:00","dateModified":"2024-01-28T16:10:53+00:00","mainEntityOfPage":{"@id":"https:\/\/fuentesfidedignas.com.mx\/index.php\/2024\/01\/28\/riesgos-para-la-autonomia-en-una-universidad-gestionada-como-empresa\/"},"wordCount":595,"commentCount":0,"publisher":{"@id":"https:\/\/fuentesfidedignas.com.mx\/#organization"},"image":{"@id":"https:\/\/fuentesfidedignas.com.mx\/index.php\/2024\/01\/28\/riesgos-para-la-autonomia-en-una-universidad-gestionada-como-empresa\/#primaryimage"},"thumbnailUrl":"https:\/\/fuentesfidedignas.com.mx\/wp-content\/uploads\/2024\/01\/94308908-d093-4709-afc9-b84f64a7bd2c-1.jpg","articleSection":["COLUMNAS","NUTRIENDO LA MENTE"],"inLanguage":"es","potentialAction":[{"@type":"CommentAction","name":"Comment","target":["https:\/\/fuentesfidedignas.com.mx\/index.php\/2024\/01\/28\/riesgos-para-la-autonomia-en-una-universidad-gestionada-como-empresa\/#respond"]}]},{"@type":"WebPage","@id":"https:\/\/fuentesfidedignas.com.mx\/index.php\/2024\/01\/28\/riesgos-para-la-autonomia-en-una-universidad-gestionada-como-empresa\/","url":"https:\/\/fuentesfidedignas.com.mx\/index.php\/2024\/01\/28\/riesgos-para-la-autonomia-en-una-universidad-gestionada-como-empresa\/","name":"Riesgos para la autonom\u00eda en una universidad gestionada como empresa - Fuentes Fidedignas","isPartOf":{"@id":"https:\/\/fuentesfidedignas.com.mx\/#website"},"primaryImageOfPage":{"@id":"https:\/\/fuentesfidedignas.com.mx\/index.php\/2024\/01\/28\/riesgos-para-la-autonomia-en-una-universidad-gestionada-como-empresa\/#primaryimage"},"image":{"@id":"https:\/\/fuentesfidedignas.com.mx\/index.php\/2024\/01\/28\/riesgos-para-la-autonomia-en-una-universidad-gestionada-como-empresa\/#primaryimage"},"thumbnailUrl":"https:\/\/fuentesfidedignas.com.mx\/wp-content\/uploads\/2024\/01\/94308908-d093-4709-afc9-b84f64a7bd2c-1.jpg","datePublished":"2024-01-28T16:02:18+00:00","dateModified":"2024-01-28T16:10:53+00:00","breadcrumb":{"@id":"https:\/\/fuentesfidedignas.com.mx\/index.php\/2024\/01\/28\/riesgos-para-la-autonomia-en-una-universidad-gestionada-como-empresa\/#breadcrumb"},"inLanguage":"es","potentialAction":[{"@type":"ReadAction","target":["https:\/\/fuentesfidedignas.com.mx\/index.php\/2024\/01\/28\/riesgos-para-la-autonomia-en-una-universidad-gestionada-como-empresa\/"]}]},{"@type":"ImageObject","inLanguage":"es","@id":"https:\/\/fuentesfidedignas.com.mx\/index.php\/2024\/01\/28\/riesgos-para-la-autonomia-en-una-universidad-gestionada-como-empresa\/#primaryimage","url":"https:\/\/fuentesfidedignas.com.mx\/wp-content\/uploads\/2024\/01\/94308908-d093-4709-afc9-b84f64a7bd2c-1.jpg","contentUrl":"https:\/\/fuentesfidedignas.com.mx\/wp-content\/uploads\/2024\/01\/94308908-d093-4709-afc9-b84f64a7bd2c-1.jpg","width":1280,"height":853},{"@type":"BreadcrumbList","@id":"https:\/\/fuentesfidedignas.com.mx\/index.php\/2024\/01\/28\/riesgos-para-la-autonomia-en-una-universidad-gestionada-como-empresa\/#breadcrumb","itemListElement":[{"@type":"ListItem","position":1,"name":"Inicio","item":"https:\/\/fuentesfidedignas.com.mx\/"},{"@type":"ListItem","position":2,"name":"Riesgos para la autonom\u00eda en una universidad gestionada como empresa"}]},{"@type":"WebSite","@id":"https:\/\/fuentesfidedignas.com.mx\/#website","url":"https:\/\/fuentesfidedignas.com.mx\/","name":"Fuentes Fidedignas","description":"Otro sitio realizado con WordPress","publisher":{"@id":"https:\/\/fuentesfidedignas.com.mx\/#organization"},"potentialAction":[{"@type":"SearchAction","target":{"@type":"EntryPoint","urlTemplate":"https:\/\/fuentesfidedignas.com.mx\/?s={search_term_string}"},"query-input":{"@type":"PropertyValueSpecification","valueRequired":true,"valueName":"search_term_string"}}],"inLanguage":"es"},{"@type":"Organization","@id":"https:\/\/fuentesfidedignas.com.mx\/#organization","name":"Fuentes Fidedignas","url":"https:\/\/fuentesfidedignas.com.mx\/","logo":{"@type":"ImageObject","inLanguage":"es","@id":"https:\/\/fuentesfidedignas.com.mx\/#\/schema\/logo\/image\/","url":"https:\/\/fuentesfidedignas.com.mx\/wp-content\/uploads\/2021\/04\/logo-retina.png","contentUrl":"https:\/\/fuentesfidedignas.com.mx\/wp-content\/uploads\/2021\/04\/logo-retina.png","width":280,"height":51,"caption":"Fuentes Fidedignas"},"image":{"@id":"https:\/\/fuentesfidedignas.com.mx\/#\/schema\/logo\/image\/"},"sameAs":["https:\/\/www.facebook.com\/Fuentes-Fidedignas-368234489921644","https:\/\/x.com\/fidedignas"]},{"@type":"Person","@id":"https:\/\/fuentesfidedignas.com.mx\/#\/schema\/person\/3f687c55082c557a647c7836bde45728","name":"Mtro. Horacio de Jes\u00fas Malcampo Moreno","image":{"@type":"ImageObject","inLanguage":"es","@id":"https:\/\/secure.gravatar.com\/avatar\/21fd667a5b9de079d383e44390566d4c728a6ce47b9b5e8419c61f1b793461ac?s=96&d=mm&r=g","url":"https:\/\/secure.gravatar.com\/avatar\/21fd667a5b9de079d383e44390566d4c728a6ce47b9b5e8419c61f1b793461ac?s=96&d=mm&r=g","contentUrl":"https:\/\/secure.gravatar.com\/avatar\/21fd667a5b9de079d383e44390566d4c728a6ce47b9b5e8419c61f1b793461ac?s=96&d=mm&r=g","caption":"Mtro. Horacio de Jes\u00fas Malcampo Moreno"},"url":"https:\/\/fuentesfidedignas.com.mx\/index.php\/author\/horacio\/"}]}},"_links":{"self":[{"href":"https:\/\/fuentesfidedignas.com.mx\/index.php\/wp-json\/wp\/v2\/posts\/72130","targetHints":{"allow":["GET"]}}],"collection":[{"href":"https:\/\/fuentesfidedignas.com.mx\/index.php\/wp-json\/wp\/v2\/posts"}],"about":[{"href":"https:\/\/fuentesfidedignas.com.mx\/index.php\/wp-json\/wp\/v2\/types\/post"}],"author":[{"embeddable":true,"href":"https:\/\/fuentesfidedignas.com.mx\/index.php\/wp-json\/wp\/v2\/users\/146"}],"replies":[{"embeddable":true,"href":"https:\/\/fuentesfidedignas.com.mx\/index.php\/wp-json\/wp\/v2\/comments?post=72130"}],"version-history":[{"count":2,"href":"https:\/\/fuentesfidedignas.com.mx\/index.php\/wp-json\/wp\/v2\/posts\/72130\/revisions"}],"predecessor-version":[{"id":72135,"href":"https:\/\/fuentesfidedignas.com.mx\/index.php\/wp-json\/wp\/v2\/posts\/72130\/revisions\/72135"}],"wp:featuredmedia":[{"embeddable":true,"href":"https:\/\/fuentesfidedignas.com.mx\/index.php\/wp-json\/wp\/v2\/media\/72129"}],"wp:attachment":[{"href":"https:\/\/fuentesfidedignas.com.mx\/index.php\/wp-json\/wp\/v2\/media?parent=72130"}],"wp:term":[{"taxonomy":"category","embeddable":true,"href":"https:\/\/fuentesfidedignas.com.mx\/index.php\/wp-json\/wp\/v2\/categories?post=72130"},{"taxonomy":"post_tag","embeddable":true,"href":"https:\/\/fuentesfidedignas.com.mx\/index.php\/wp-json\/wp\/v2\/tags?post=72130"}],"curies":[{"name":"wp","href":"https:\/\/api.w.org\/{rel}","templated":true}]}}