{"id":72010,"date":"2024-01-27T05:09:59","date_gmt":"2024-01-27T12:09:59","guid":{"rendered":"https:\/\/fuentesfidedignas.com.mx\/?p=72010"},"modified":"2024-01-26T15:10:51","modified_gmt":"2024-01-26T22:10:51","slug":"detienen-a-terrorista-japones-que-estuvo-profugo-durante-casi-50-anos","status":"publish","type":"post","link":"https:\/\/fuentesfidedignas.com.mx\/index.php\/2024\/01\/27\/detienen-a-terrorista-japones-que-estuvo-profugo-durante-casi-50-anos\/","title":{"rendered":"Detienen a terrorista japon\u00e9s que estuvo pr\u00f3fugo durante casi 50 a\u00f1os"},"content":{"rendered":"\n<p><strong><em>Satoshi Kirishima formaba parte del Frente Armado Antijapon\u00e9s de Asia Oriental; el grupo llev\u00f3 a cabo una serie de 12 atentados con bombas en la d\u00e9cada de 1970.<\/em><\/strong><\/p>\n\n\n\n<p>La polic\u00eda de Jap\u00f3n ha logrado detener a un hombre que se cree es Satoshi Kirishima, miembro de un grupo extremista de izquierdas, despu\u00e9s de casi medio siglo de b\u00fasqueda. Kirishima era uno de los pr\u00f3fugos m\u00e1s buscados del pa\u00eds por su presunta participaci\u00f3n en una serie de atentados con explosivos en la d\u00e9cada de los setenta.<\/p>\n\n\n\n<p>El arresto se llev\u00f3 a cabo cuando un hombre de 70 a\u00f1os, que se sospecha es Kirishima, ingres\u00f3 a un hospital en la prefectura de Kanagawa bajo un nombre falso. La Polic\u00eda Metropolitana de Tokio est\u00e1 actualmente trabajando para esclarecer los detalles del caso y est\u00e1 interrogando al individuo. El arresto se produjo luego de que el personal del hospital alertara a las autoridades, ya que el hombre comenz\u00f3 a identificarse como Kirishima y a hablar detalladamente sobre el atentado que se le atribuye.<\/p>\n\n\n\n<p>Kirishima, cuya imagen ha estado ampliamente distribuida en los paneles de b\u00fasqueda de la polic\u00eda japonesa durante d\u00e9cadas, era buscado desde 1975 debido a su presunta participaci\u00f3n en una serie de atentados con bombas dirigidos a importantes empresas nacionales entre 1974 y 1975, incluyendo a Mitsubishi Heavy Industries o Mitsui.<\/p>\n\n\n\n<blockquote class=\"twitter-tweet\"><p lang=\"ja\" dir=\"ltr\">\u6850\u5cf6\u8061\u3001\u6355\u307e\u308a\u307e\u3057\u305f\uff01\uff01\uff01\uff01 <a href=\"https:\/\/t.co\/eM4wy7gvAy\">pic.twitter.com\/eM4wy7gvAy<\/a><\/p>&mdash; \u677e\u6c38\u5929\u99ac\uff08\u30a2\u30fc\u30d0\u30f3\u30ae\u30e3\u30eb\u30c9\uff09 (@urbangarde) <a href=\"https:\/\/twitter.com\/urbangarde\/status\/1750825646153195565?ref_src=twsrc%5Etfw\">January 26, 2024<\/a><\/blockquote> <script async src=\"https:\/\/platform.twitter.com\/widgets.js\" charset=\"utf-8\"><\/script>\n\n\n\n<p>El fugitivo formaba parte del Frente Armado Antijapon\u00e9s de Asia Oriental (EAAJAF), una organizaci\u00f3n de la nueva izquierda japonesa y de tendencia anarquista, considerada terrorista, que oper\u00f3 entre 1972 y 1975. El grupo llev\u00f3 a cabo una serie de 12 atentados, siendo el ataque a Mitsubishi Heavy Industries en 1974 uno de los m\u00e1s destacados, dejando ocho personas muertas y 165 gravemente heridas.<\/p>\n\n\n\n<p>Kirishima habr\u00eda sido responsable de colocar y detonar un explosivo en el Instituto de Investigaci\u00f3n Econ\u00f3mica Industrial de Corea en el barrio tokiota de Ginza en 1975. A pesar de los intensos esfuerzos de las autoridades para capturarlo, logr\u00f3 eludir la justicia durante casi 50 a\u00f1os. La investigaci\u00f3n sobre la identidad del hombre detenido incluir\u00e1 una prueba de ADN para confirmar si se trata realmente del pr\u00f3fugo buscado desde hace d\u00e9cadas.<\/p>\n","protected":false},"excerpt":{"rendered":"<p>Satoshi Kirishima formaba parte del Frente Armado Antijapon\u00e9s de Asia Oriental; el grupo llev\u00f3 a cabo una serie de 12 atentados con bombas en la d\u00e9cada de 1970. La polic\u00eda de Jap\u00f3n ha logrado detener a un hombre que se cree es Satoshi Kirishima, miembro de un grupo extremista de izquierdas, despu\u00e9s de casi medio [&hellip;]<\/p>\n","protected":false},"author":7,"featured_media":72012,"comment_status":"open","ping_status":"open","sticky":false,"template":"","format":"standard","meta":{"tdm_status":"","tdm_grid_status":"","footnotes":""},"categories":[40],"tags":[],"class_list":{"0":"post-72010","1":"post","2":"type-post","3":"status-publish","4":"format-standard","5":"has-post-thumbnail","7":"category-las-asombrosas"},"yoast_head":"<!-- This site is optimized with the Yoast SEO plugin v27.5 - https:\/\/yoast.com\/product\/yoast-seo-wordpress\/ -->\n<title>Detienen a terrorista japon\u00e9s que estuvo pr\u00f3fugo durante casi 50 a\u00f1os - Fuentes Fidedignas<\/title>\n<meta name=\"robots\" content=\"index, follow, max-snippet:-1, max-image-preview:large, max-video-preview:-1\" \/>\n<link rel=\"canonical\" href=\"https:\/\/fuentesfidedignas.com.mx\/index.php\/2024\/01\/27\/detienen-a-terrorista-japones-que-estuvo-profugo-durante-casi-50-anos\/\" \/>\n<meta property=\"og:locale\" content=\"es_MX\" \/>\n<meta property=\"og:type\" content=\"article\" \/>\n<meta property=\"og:title\" content=\"Detienen a terrorista japon\u00e9s que estuvo pr\u00f3fugo durante casi 50 a\u00f1os - Fuentes Fidedignas\" \/>\n<meta property=\"og:description\" content=\"Satoshi Kirishima formaba parte del Frente Armado Antijapon\u00e9s de Asia Oriental; el grupo llev\u00f3 a cabo una serie de 12 atentados con bombas en la d\u00e9cada de 1970. La polic\u00eda de Jap\u00f3n ha logrado detener a un hombre que se cree es Satoshi Kirishima, miembro de un grupo extremista de izquierdas, despu\u00e9s de casi medio [&hellip;]\" \/>\n<meta property=\"og:url\" content=\"https:\/\/fuentesfidedignas.com.mx\/index.php\/2024\/01\/27\/detienen-a-terrorista-japones-que-estuvo-profugo-durante-casi-50-anos\/\" \/>\n<meta property=\"og:site_name\" content=\"Fuentes Fidedignas\" \/>\n<meta property=\"article:publisher\" content=\"https:\/\/www.facebook.com\/Fuentes-Fidedignas-368234489921644\" \/>\n<meta property=\"article:published_time\" content=\"2024-01-27T12:09:59+00:00\" \/>\n<meta property=\"og:image\" content=\"https:\/\/fuentesfidedignas.com.mx\/wp-content\/uploads\/2024\/01\/satoshi.jpg\" \/>\n\t<meta property=\"og:image:width\" content=\"830\" \/>\n\t<meta property=\"og:image:height\" content=\"623\" \/>\n\t<meta property=\"og:image:type\" content=\"image\/jpeg\" \/>\n<meta name=\"author\" content=\"Exc\u00e9lsior\" \/>\n<meta name=\"twitter:card\" content=\"summary_large_image\" \/>\n<meta name=\"twitter:creator\" content=\"@fidedignas\" \/>\n<meta name=\"twitter:site\" content=\"@fidedignas\" \/>\n<meta name=\"twitter:label1\" content=\"Escrito por\" \/>\n\t<meta name=\"twitter:data1\" content=\"Exc\u00e9lsior\" \/>\n\t<meta name=\"twitter:label2\" content=\"Tiempo de lectura\" \/>\n\t<meta name=\"twitter:data2\" content=\"2 minutos\" \/>\n<script type=\"application\/ld+json\" class=\"yoast-schema-graph\">{\"@context\":\"https:\\\/\\\/schema.org\",\"@graph\":[{\"@type\":\"Article\",\"@id\":\"https:\\\/\\\/fuentesfidedignas.com.mx\\\/index.php\\\/2024\\\/01\\\/27\\\/detienen-a-terrorista-japones-que-estuvo-profugo-durante-casi-50-anos\\\/#article\",\"isPartOf\":{\"@id\":\"https:\\\/\\\/fuentesfidedignas.com.mx\\\/index.php\\\/2024\\\/01\\\/27\\\/detienen-a-terrorista-japones-que-estuvo-profugo-durante-casi-50-anos\\\/\"},\"author\":{\"name\":\"Exc\u00e9lsior\",\"@id\":\"https:\\\/\\\/fuentesfidedignas.com.mx\\\/#\\\/schema\\\/person\\\/ec4edd1fbf5efa3e44fce34fe2787780\"},\"headline\":\"Detienen a terrorista japon\u00e9s que estuvo pr\u00f3fugo durante casi 50 a\u00f1os\",\"datePublished\":\"2024-01-27T12:09:59+00:00\",\"mainEntityOfPage\":{\"@id\":\"https:\\\/\\\/fuentesfidedignas.com.mx\\\/index.php\\\/2024\\\/01\\\/27\\\/detienen-a-terrorista-japones-que-estuvo-profugo-durante-casi-50-anos\\\/\"},\"wordCount\":389,\"commentCount\":0,\"publisher\":{\"@id\":\"https:\\\/\\\/fuentesfidedignas.com.mx\\\/#organization\"},\"image\":{\"@id\":\"https:\\\/\\\/fuentesfidedignas.com.mx\\\/index.php\\\/2024\\\/01\\\/27\\\/detienen-a-terrorista-japones-que-estuvo-profugo-durante-casi-50-anos\\\/#primaryimage\"},\"thumbnailUrl\":\"https:\\\/\\\/fuentesfidedignas.com.mx\\\/wp-content\\\/uploads\\\/2024\\\/01\\\/satoshi.jpg\",\"articleSection\":[\"LAS ASOMBROSAS\"],\"inLanguage\":\"es\",\"potentialAction\":[{\"@type\":\"CommentAction\",\"name\":\"Comment\",\"target\":[\"https:\\\/\\\/fuentesfidedignas.com.mx\\\/index.php\\\/2024\\\/01\\\/27\\\/detienen-a-terrorista-japones-que-estuvo-profugo-durante-casi-50-anos\\\/#respond\"]}]},{\"@type\":\"WebPage\",\"@id\":\"https:\\\/\\\/fuentesfidedignas.com.mx\\\/index.php\\\/2024\\\/01\\\/27\\\/detienen-a-terrorista-japones-que-estuvo-profugo-durante-casi-50-anos\\\/\",\"url\":\"https:\\\/\\\/fuentesfidedignas.com.mx\\\/index.php\\\/2024\\\/01\\\/27\\\/detienen-a-terrorista-japones-que-estuvo-profugo-durante-casi-50-anos\\\/\",\"name\":\"Detienen a terrorista japon\u00e9s que estuvo pr\u00f3fugo durante casi 50 a\u00f1os - Fuentes Fidedignas\",\"isPartOf\":{\"@id\":\"https:\\\/\\\/fuentesfidedignas.com.mx\\\/#website\"},\"primaryImageOfPage\":{\"@id\":\"https:\\\/\\\/fuentesfidedignas.com.mx\\\/index.php\\\/2024\\\/01\\\/27\\\/detienen-a-terrorista-japones-que-estuvo-profugo-durante-casi-50-anos\\\/#primaryimage\"},\"image\":{\"@id\":\"https:\\\/\\\/fuentesfidedignas.com.mx\\\/index.php\\\/2024\\\/01\\\/27\\\/detienen-a-terrorista-japones-que-estuvo-profugo-durante-casi-50-anos\\\/#primaryimage\"},\"thumbnailUrl\":\"https:\\\/\\\/fuentesfidedignas.com.mx\\\/wp-content\\\/uploads\\\/2024\\\/01\\\/satoshi.jpg\",\"datePublished\":\"2024-01-27T12:09:59+00:00\",\"breadcrumb\":{\"@id\":\"https:\\\/\\\/fuentesfidedignas.com.mx\\\/index.php\\\/2024\\\/01\\\/27\\\/detienen-a-terrorista-japones-que-estuvo-profugo-durante-casi-50-anos\\\/#breadcrumb\"},\"inLanguage\":\"es\",\"potentialAction\":[{\"@type\":\"ReadAction\",\"target\":[\"https:\\\/\\\/fuentesfidedignas.com.mx\\\/index.php\\\/2024\\\/01\\\/27\\\/detienen-a-terrorista-japones-que-estuvo-profugo-durante-casi-50-anos\\\/\"]}]},{\"@type\":\"ImageObject\",\"inLanguage\":\"es\",\"@id\":\"https:\\\/\\\/fuentesfidedignas.com.mx\\\/index.php\\\/2024\\\/01\\\/27\\\/detienen-a-terrorista-japones-que-estuvo-profugo-durante-casi-50-anos\\\/#primaryimage\",\"url\":\"https:\\\/\\\/fuentesfidedignas.com.mx\\\/wp-content\\\/uploads\\\/2024\\\/01\\\/satoshi.jpg\",\"contentUrl\":\"https:\\\/\\\/fuentesfidedignas.com.mx\\\/wp-content\\\/uploads\\\/2024\\\/01\\\/satoshi.jpg\",\"width\":830,\"height\":623},{\"@type\":\"BreadcrumbList\",\"@id\":\"https:\\\/\\\/fuentesfidedignas.com.mx\\\/index.php\\\/2024\\\/01\\\/27\\\/detienen-a-terrorista-japones-que-estuvo-profugo-durante-casi-50-anos\\\/#breadcrumb\",\"itemListElement\":[{\"@type\":\"ListItem\",\"position\":1,\"name\":\"Inicio\",\"item\":\"https:\\\/\\\/fuentesfidedignas.com.mx\\\/\"},{\"@type\":\"ListItem\",\"position\":2,\"name\":\"Detienen a terrorista japon\u00e9s que estuvo pr\u00f3fugo durante casi 50 a\u00f1os\"}]},{\"@type\":\"WebSite\",\"@id\":\"https:\\\/\\\/fuentesfidedignas.com.mx\\\/#website\",\"url\":\"https:\\\/\\\/fuentesfidedignas.com.mx\\\/\",\"name\":\"Fuentes Fidedignas\",\"description\":\"Otro sitio realizado con WordPress\",\"publisher\":{\"@id\":\"https:\\\/\\\/fuentesfidedignas.com.mx\\\/#organization\"},\"potentialAction\":[{\"@type\":\"SearchAction\",\"target\":{\"@type\":\"EntryPoint\",\"urlTemplate\":\"https:\\\/\\\/fuentesfidedignas.com.mx\\\/?s={search_term_string}\"},\"query-input\":{\"@type\":\"PropertyValueSpecification\",\"valueRequired\":true,\"valueName\":\"search_term_string\"}}],\"inLanguage\":\"es\"},{\"@type\":\"Organization\",\"@id\":\"https:\\\/\\\/fuentesfidedignas.com.mx\\\/#organization\",\"name\":\"Fuentes Fidedignas\",\"url\":\"https:\\\/\\\/fuentesfidedignas.com.mx\\\/\",\"logo\":{\"@type\":\"ImageObject\",\"inLanguage\":\"es\",\"@id\":\"https:\\\/\\\/fuentesfidedignas.com.mx\\\/#\\\/schema\\\/logo\\\/image\\\/\",\"url\":\"https:\\\/\\\/fuentesfidedignas.com.mx\\\/wp-content\\\/uploads\\\/2021\\\/04\\\/logo-retina.png\",\"contentUrl\":\"https:\\\/\\\/fuentesfidedignas.com.mx\\\/wp-content\\\/uploads\\\/2021\\\/04\\\/logo-retina.png\",\"width\":280,\"height\":51,\"caption\":\"Fuentes Fidedignas\"},\"image\":{\"@id\":\"https:\\\/\\\/fuentesfidedignas.com.mx\\\/#\\\/schema\\\/logo\\\/image\\\/\"},\"sameAs\":[\"https:\\\/\\\/www.facebook.com\\\/Fuentes-Fidedignas-368234489921644\",\"https:\\\/\\\/x.com\\\/fidedignas\"]},{\"@type\":\"Person\",\"@id\":\"https:\\\/\\\/fuentesfidedignas.com.mx\\\/#\\\/schema\\\/person\\\/ec4edd1fbf5efa3e44fce34fe2787780\",\"name\":\"Exc\u00e9lsior\",\"image\":{\"@type\":\"ImageObject\",\"inLanguage\":\"es\",\"@id\":\"https:\\\/\\\/secure.gravatar.com\\\/avatar\\\/4b7ee9206b48be08447852b3f0814dbc7c0f3b51541b164f1464a2725614020b?s=96&d=mm&r=g\",\"url\":\"https:\\\/\\\/secure.gravatar.com\\\/avatar\\\/4b7ee9206b48be08447852b3f0814dbc7c0f3b51541b164f1464a2725614020b?s=96&d=mm&r=g\",\"contentUrl\":\"https:\\\/\\\/secure.gravatar.com\\\/avatar\\\/4b7ee9206b48be08447852b3f0814dbc7c0f3b51541b164f1464a2725614020b?s=96&d=mm&r=g\",\"caption\":\"Exc\u00e9lsior\"},\"url\":\"https:\\\/\\\/fuentesfidedignas.com.mx\\\/index.php\\\/author\\\/excelsior\\\/\"}]}<\/script>\n<!-- \/ Yoast SEO plugin. -->","yoast_head_json":{"title":"Detienen a terrorista japon\u00e9s que estuvo pr\u00f3fugo durante casi 50 a\u00f1os - Fuentes Fidedignas","robots":{"index":"index","follow":"follow","max-snippet":"max-snippet:-1","max-image-preview":"max-image-preview:large","max-video-preview":"max-video-preview:-1"},"canonical":"https:\/\/fuentesfidedignas.com.mx\/index.php\/2024\/01\/27\/detienen-a-terrorista-japones-que-estuvo-profugo-durante-casi-50-anos\/","og_locale":"es_MX","og_type":"article","og_title":"Detienen a terrorista japon\u00e9s que estuvo pr\u00f3fugo durante casi 50 a\u00f1os - Fuentes Fidedignas","og_description":"Satoshi Kirishima formaba parte del Frente Armado Antijapon\u00e9s de Asia Oriental; el grupo llev\u00f3 a cabo una serie de 12 atentados con bombas en la d\u00e9cada de 1970. La polic\u00eda de Jap\u00f3n ha logrado detener a un hombre que se cree es Satoshi Kirishima, miembro de un grupo extremista de izquierdas, despu\u00e9s de casi medio [&hellip;]","og_url":"https:\/\/fuentesfidedignas.com.mx\/index.php\/2024\/01\/27\/detienen-a-terrorista-japones-que-estuvo-profugo-durante-casi-50-anos\/","og_site_name":"Fuentes Fidedignas","article_publisher":"https:\/\/www.facebook.com\/Fuentes-Fidedignas-368234489921644","article_published_time":"2024-01-27T12:09:59+00:00","og_image":[{"width":830,"height":623,"url":"https:\/\/fuentesfidedignas.com.mx\/wp-content\/uploads\/2024\/01\/satoshi.jpg","type":"image\/jpeg"}],"author":"Exc\u00e9lsior","twitter_card":"summary_large_image","twitter_creator":"@fidedignas","twitter_site":"@fidedignas","twitter_misc":{"Escrito por":"Exc\u00e9lsior","Tiempo de lectura":"2 minutos"},"schema":{"@context":"https:\/\/schema.org","@graph":[{"@type":"Article","@id":"https:\/\/fuentesfidedignas.com.mx\/index.php\/2024\/01\/27\/detienen-a-terrorista-japones-que-estuvo-profugo-durante-casi-50-anos\/#article","isPartOf":{"@id":"https:\/\/fuentesfidedignas.com.mx\/index.php\/2024\/01\/27\/detienen-a-terrorista-japones-que-estuvo-profugo-durante-casi-50-anos\/"},"author":{"name":"Exc\u00e9lsior","@id":"https:\/\/fuentesfidedignas.com.mx\/#\/schema\/person\/ec4edd1fbf5efa3e44fce34fe2787780"},"headline":"Detienen a terrorista japon\u00e9s que estuvo pr\u00f3fugo durante casi 50 a\u00f1os","datePublished":"2024-01-27T12:09:59+00:00","mainEntityOfPage":{"@id":"https:\/\/fuentesfidedignas.com.mx\/index.php\/2024\/01\/27\/detienen-a-terrorista-japones-que-estuvo-profugo-durante-casi-50-anos\/"},"wordCount":389,"commentCount":0,"publisher":{"@id":"https:\/\/fuentesfidedignas.com.mx\/#organization"},"image":{"@id":"https:\/\/fuentesfidedignas.com.mx\/index.php\/2024\/01\/27\/detienen-a-terrorista-japones-que-estuvo-profugo-durante-casi-50-anos\/#primaryimage"},"thumbnailUrl":"https:\/\/fuentesfidedignas.com.mx\/wp-content\/uploads\/2024\/01\/satoshi.jpg","articleSection":["LAS ASOMBROSAS"],"inLanguage":"es","potentialAction":[{"@type":"CommentAction","name":"Comment","target":["https:\/\/fuentesfidedignas.com.mx\/index.php\/2024\/01\/27\/detienen-a-terrorista-japones-que-estuvo-profugo-durante-casi-50-anos\/#respond"]}]},{"@type":"WebPage","@id":"https:\/\/fuentesfidedignas.com.mx\/index.php\/2024\/01\/27\/detienen-a-terrorista-japones-que-estuvo-profugo-durante-casi-50-anos\/","url":"https:\/\/fuentesfidedignas.com.mx\/index.php\/2024\/01\/27\/detienen-a-terrorista-japones-que-estuvo-profugo-durante-casi-50-anos\/","name":"Detienen a terrorista japon\u00e9s que estuvo pr\u00f3fugo durante casi 50 a\u00f1os - Fuentes Fidedignas","isPartOf":{"@id":"https:\/\/fuentesfidedignas.com.mx\/#website"},"primaryImageOfPage":{"@id":"https:\/\/fuentesfidedignas.com.mx\/index.php\/2024\/01\/27\/detienen-a-terrorista-japones-que-estuvo-profugo-durante-casi-50-anos\/#primaryimage"},"image":{"@id":"https:\/\/fuentesfidedignas.com.mx\/index.php\/2024\/01\/27\/detienen-a-terrorista-japones-que-estuvo-profugo-durante-casi-50-anos\/#primaryimage"},"thumbnailUrl":"https:\/\/fuentesfidedignas.com.mx\/wp-content\/uploads\/2024\/01\/satoshi.jpg","datePublished":"2024-01-27T12:09:59+00:00","breadcrumb":{"@id":"https:\/\/fuentesfidedignas.com.mx\/index.php\/2024\/01\/27\/detienen-a-terrorista-japones-que-estuvo-profugo-durante-casi-50-anos\/#breadcrumb"},"inLanguage":"es","potentialAction":[{"@type":"ReadAction","target":["https:\/\/fuentesfidedignas.com.mx\/index.php\/2024\/01\/27\/detienen-a-terrorista-japones-que-estuvo-profugo-durante-casi-50-anos\/"]}]},{"@type":"ImageObject","inLanguage":"es","@id":"https:\/\/fuentesfidedignas.com.mx\/index.php\/2024\/01\/27\/detienen-a-terrorista-japones-que-estuvo-profugo-durante-casi-50-anos\/#primaryimage","url":"https:\/\/fuentesfidedignas.com.mx\/wp-content\/uploads\/2024\/01\/satoshi.jpg","contentUrl":"https:\/\/fuentesfidedignas.com.mx\/wp-content\/uploads\/2024\/01\/satoshi.jpg","width":830,"height":623},{"@type":"BreadcrumbList","@id":"https:\/\/fuentesfidedignas.com.mx\/index.php\/2024\/01\/27\/detienen-a-terrorista-japones-que-estuvo-profugo-durante-casi-50-anos\/#breadcrumb","itemListElement":[{"@type":"ListItem","position":1,"name":"Inicio","item":"https:\/\/fuentesfidedignas.com.mx\/"},{"@type":"ListItem","position":2,"name":"Detienen a terrorista japon\u00e9s que estuvo pr\u00f3fugo durante casi 50 a\u00f1os"}]},{"@type":"WebSite","@id":"https:\/\/fuentesfidedignas.com.mx\/#website","url":"https:\/\/fuentesfidedignas.com.mx\/","name":"Fuentes Fidedignas","description":"Otro sitio realizado con WordPress","publisher":{"@id":"https:\/\/fuentesfidedignas.com.mx\/#organization"},"potentialAction":[{"@type":"SearchAction","target":{"@type":"EntryPoint","urlTemplate":"https:\/\/fuentesfidedignas.com.mx\/?s={search_term_string}"},"query-input":{"@type":"PropertyValueSpecification","valueRequired":true,"valueName":"search_term_string"}}],"inLanguage":"es"},{"@type":"Organization","@id":"https:\/\/fuentesfidedignas.com.mx\/#organization","name":"Fuentes Fidedignas","url":"https:\/\/fuentesfidedignas.com.mx\/","logo":{"@type":"ImageObject","inLanguage":"es","@id":"https:\/\/fuentesfidedignas.com.mx\/#\/schema\/logo\/image\/","url":"https:\/\/fuentesfidedignas.com.mx\/wp-content\/uploads\/2021\/04\/logo-retina.png","contentUrl":"https:\/\/fuentesfidedignas.com.mx\/wp-content\/uploads\/2021\/04\/logo-retina.png","width":280,"height":51,"caption":"Fuentes Fidedignas"},"image":{"@id":"https:\/\/fuentesfidedignas.com.mx\/#\/schema\/logo\/image\/"},"sameAs":["https:\/\/www.facebook.com\/Fuentes-Fidedignas-368234489921644","https:\/\/x.com\/fidedignas"]},{"@type":"Person","@id":"https:\/\/fuentesfidedignas.com.mx\/#\/schema\/person\/ec4edd1fbf5efa3e44fce34fe2787780","name":"Exc\u00e9lsior","image":{"@type":"ImageObject","inLanguage":"es","@id":"https:\/\/secure.gravatar.com\/avatar\/4b7ee9206b48be08447852b3f0814dbc7c0f3b51541b164f1464a2725614020b?s=96&d=mm&r=g","url":"https:\/\/secure.gravatar.com\/avatar\/4b7ee9206b48be08447852b3f0814dbc7c0f3b51541b164f1464a2725614020b?s=96&d=mm&r=g","contentUrl":"https:\/\/secure.gravatar.com\/avatar\/4b7ee9206b48be08447852b3f0814dbc7c0f3b51541b164f1464a2725614020b?s=96&d=mm&r=g","caption":"Exc\u00e9lsior"},"url":"https:\/\/fuentesfidedignas.com.mx\/index.php\/author\/excelsior\/"}]}},"_links":{"self":[{"href":"https:\/\/fuentesfidedignas.com.mx\/index.php\/wp-json\/wp\/v2\/posts\/72010","targetHints":{"allow":["GET"]}}],"collection":[{"href":"https:\/\/fuentesfidedignas.com.mx\/index.php\/wp-json\/wp\/v2\/posts"}],"about":[{"href":"https:\/\/fuentesfidedignas.com.mx\/index.php\/wp-json\/wp\/v2\/types\/post"}],"author":[{"embeddable":true,"href":"https:\/\/fuentesfidedignas.com.mx\/index.php\/wp-json\/wp\/v2\/users\/7"}],"replies":[{"embeddable":true,"href":"https:\/\/fuentesfidedignas.com.mx\/index.php\/wp-json\/wp\/v2\/comments?post=72010"}],"version-history":[{"count":1,"href":"https:\/\/fuentesfidedignas.com.mx\/index.php\/wp-json\/wp\/v2\/posts\/72010\/revisions"}],"predecessor-version":[{"id":72013,"href":"https:\/\/fuentesfidedignas.com.mx\/index.php\/wp-json\/wp\/v2\/posts\/72010\/revisions\/72013"}],"wp:featuredmedia":[{"embeddable":true,"href":"https:\/\/fuentesfidedignas.com.mx\/index.php\/wp-json\/wp\/v2\/media\/72012"}],"wp:attachment":[{"href":"https:\/\/fuentesfidedignas.com.mx\/index.php\/wp-json\/wp\/v2\/media?parent=72010"}],"wp:term":[{"taxonomy":"category","embeddable":true,"href":"https:\/\/fuentesfidedignas.com.mx\/index.php\/wp-json\/wp\/v2\/categories?post=72010"},{"taxonomy":"post_tag","embeddable":true,"href":"https:\/\/fuentesfidedignas.com.mx\/index.php\/wp-json\/wp\/v2\/tags?post=72010"}],"curies":[{"name":"wp","href":"https:\/\/api.w.org\/{rel}","templated":true}]}}