{"id":71953,"date":"2024-01-26T06:21:31","date_gmt":"2024-01-26T13:21:31","guid":{"rendered":"https:\/\/fuentesfidedignas.com.mx\/?p=71953"},"modified":"2024-01-26T07:52:14","modified_gmt":"2024-01-26T14:52:14","slug":"fallece-hermelinda-quintero-madre-del-narcotraficante-rafael-caro-quintero","status":"publish","type":"post","link":"https:\/\/fuentesfidedignas.com.mx\/index.php\/2024\/01\/26\/fallece-hermelinda-quintero-madre-del-narcotraficante-rafael-caro-quintero\/","title":{"rendered":"Fallece Hermelinda Quintero, madre del narcotraficante Rafael Caro Quintero"},"content":{"rendered":"\n<p><strong><em>La familia de Caro Quintero ha anunciado que el cuerpo de Hermelinda ser\u00e1 trasladado a Culiac\u00e1n este viernes<\/em><\/strong><\/p>\n\n\n\n<p>Ciudad de M\u00e9xico.- Este jueves, en la ciudad de Guadalajara, falleci\u00f3 Hermelinda Quintero, madre del conocido narcotraficante Rafael Caro Quintero. Hasta el momento, las causas de su muerte no han sido reveladas,<\/p>\n\n\n\n<p>La familia de Caro Quintero ha anunciado que el cuerpo de Hermelinda ser\u00e1 trasladado a Culiac\u00e1n este viernes, sin brindar detalles adicionales sobre los arreglos funerarios.<\/p>\n\n\n\n<p>Cabe destacar que Hermelinda Quintero, junto con Emilio Caro Pay\u00e1n, tuvo ocho hijos adem\u00e1s del exl\u00edder del C\u00e1rtel de Guadalajara, nacido en Badiraguato.<\/p>\n\n\n\n<p>Rafael Caro Quintero, conocido como \u201cEl Narco de narcos\u201d, fue detenido en el municipio de Choix el 15 de julio de 2022. Actualmente se encuentra recluido en el penal del Altiplano mientras las autoridades mexicanas gestionan su posible extradici\u00f3n a Estados Unidos. En dicho pa\u00eds, es requerido por el secuestro y asesinato del agente de la DEA, Enrique \u201cKiki\u201d Camarena.<\/p>\n\n\n\n<p><strong>Historia del Quintero \u201cMayor\u201d<\/strong><\/p>\n\n\n\n<p>Rafael Caro Quintero, nacido el 24 de octubre de 1952 en Badiraguato, Sinaloa, es conocido por su papel importante en el mundo del narcotr\u00e1fico mexicano. Comenz\u00f3 su carrera delictiva en la industria de la marihuana despu\u00e9s de la muerte de su padre, buscando medios para sostener a su familia.<\/p>\n\n\n\n<p>En poco tiempo, escal\u00f3 en el negocio y se convirti\u00f3 en uno de los principales socios de Miguel \u00c1ngel F\u00e9lix Gallardo, otro l\u00edder del narcotr\u00e1fico.<\/p>\n\n\n\n<p>Durante la d\u00e9cada de 1980, Caro Quintero alcanz\u00f3 notoriedad como el mayor productor de marihuana en M\u00e9xico. Sin embargo, su imperio se desmoron\u00f3 cuando una operaci\u00f3n antidrogas masiva en su rancho El B\u00fafalo result\u00f3 en la destrucci\u00f3n de m\u00e1s de 10,000 toneladas de marihuana.<\/p>\n\n\n\n<p>Este evento desencaden\u00f3 una cadena de eventos violentos, incluido el secuestro y asesinato del agente de la DEA Enrique Camarena Salazar y del piloto mexicano Alfredo Zavala Avelar, orquestados por Caro Quintero.<\/p>\n\n\n\n<p>A pesar de su poder e influencia, la justicia finalmente lo alcanz\u00f3 en 1985, cuando fue arrestado en Costa Rica y condenado a 40 a\u00f1os de prisi\u00f3n. Pas\u00f3 casi tres d\u00e9cadas tras las rejas hasta que, en 2013, fue liberado por un tribunal que argument\u00f3 que no debi\u00f3 ser enjuiciado en el fuero federal por el asesinato de Camarena.<\/p>\n\n\n\n<p>Sin embargo, su libertad fue breve ya que en 2015 fue declarado culpable nuevamente del homicidio y una nueva orden de aprehensi\u00f3n fue emitida en su contra.<\/p>\n\n\n\n<p>Caro Quintero se convirti\u00f3 en uno de los diez fugitivos m\u00e1s buscados por el FBI, con una recompensa de veinte millones de d\u00f3lares por su captura. Finalmente, el 15 de julio de 2022, las autoridades lo detuvieron nuevamente en Sinaloa, poniendo fin a d\u00e9cadas de evasi\u00f3n de la ley.<\/p>\n","protected":false},"excerpt":{"rendered":"<p>La familia de Caro Quintero ha anunciado que el cuerpo de Hermelinda ser\u00e1 trasladado a Culiac\u00e1n este viernes Ciudad de M\u00e9xico.- Este jueves, en la ciudad de Guadalajara, falleci\u00f3 Hermelinda Quintero, madre del conocido narcotraficante Rafael Caro Quintero. Hasta el momento, las causas de su muerte no han sido reveladas, La familia de Caro Quintero [&hellip;]<\/p>\n","protected":false},"author":41,"featured_media":53994,"comment_status":"open","ping_status":"open","sticky":false,"template":"","format":"standard","meta":{"tdm_status":"","tdm_grid_status":"","footnotes":""},"categories":[39],"tags":[],"class_list":{"0":"post-71953","1":"post","2":"type-post","3":"status-publish","4":"format-standard","5":"has-post-thumbnail","7":"category-noticias-nacionales"},"yoast_head":"<!-- This site is optimized with the Yoast SEO plugin v27.4 - https:\/\/yoast.com\/product\/yoast-seo-wordpress\/ -->\n<title>Fallece Hermelinda Quintero, madre del narcotraficante Rafael Caro Quintero - Fuentes Fidedignas<\/title>\n<meta name=\"robots\" content=\"index, follow, max-snippet:-1, max-image-preview:large, max-video-preview:-1\" \/>\n<link rel=\"canonical\" href=\"https:\/\/fuentesfidedignas.com.mx\/index.php\/2024\/01\/26\/fallece-hermelinda-quintero-madre-del-narcotraficante-rafael-caro-quintero\/\" \/>\n<meta property=\"og:locale\" content=\"es_MX\" \/>\n<meta property=\"og:type\" content=\"article\" \/>\n<meta property=\"og:title\" content=\"Fallece Hermelinda Quintero, madre del narcotraficante Rafael Caro Quintero - Fuentes Fidedignas\" \/>\n<meta property=\"og:description\" content=\"La familia de Caro Quintero ha anunciado que el cuerpo de Hermelinda ser\u00e1 trasladado a Culiac\u00e1n este viernes Ciudad de M\u00e9xico.- Este jueves, en la ciudad de Guadalajara, falleci\u00f3 Hermelinda Quintero, madre del conocido narcotraficante Rafael Caro Quintero. Hasta el momento, las causas de su muerte no han sido reveladas, La familia de Caro Quintero [&hellip;]\" \/>\n<meta property=\"og:url\" content=\"https:\/\/fuentesfidedignas.com.mx\/index.php\/2024\/01\/26\/fallece-hermelinda-quintero-madre-del-narcotraficante-rafael-caro-quintero\/\" \/>\n<meta property=\"og:site_name\" content=\"Fuentes Fidedignas\" \/>\n<meta property=\"article:publisher\" content=\"https:\/\/www.facebook.com\/Fuentes-Fidedignas-368234489921644\" \/>\n<meta property=\"article:published_time\" content=\"2024-01-26T13:21:31+00:00\" \/>\n<meta property=\"article:modified_time\" content=\"2024-01-26T14:52:14+00:00\" \/>\n<meta property=\"og:image\" content=\"https:\/\/fuentesfidedignas.com.mx\/wp-content\/uploads\/2023\/07\/rafael-caro-.jpg\" \/>\n\t<meta property=\"og:image:width\" content=\"640\" \/>\n\t<meta property=\"og:image:height\" content=\"390\" \/>\n\t<meta property=\"og:image:type\" content=\"image\/jpeg\" \/>\n<meta name=\"author\" content=\"Infobae\" \/>\n<meta name=\"twitter:card\" content=\"summary_large_image\" \/>\n<meta name=\"twitter:creator\" content=\"@fidedignas\" \/>\n<meta name=\"twitter:site\" content=\"@fidedignas\" \/>\n<meta name=\"twitter:label1\" content=\"Escrito por\" \/>\n\t<meta name=\"twitter:data1\" content=\"Infobae\" \/>\n\t<meta name=\"twitter:label2\" content=\"Tiempo de lectura\" \/>\n\t<meta name=\"twitter:data2\" content=\"3 minutos\" \/>\n<script type=\"application\/ld+json\" class=\"yoast-schema-graph\">{\"@context\":\"https:\\\/\\\/schema.org\",\"@graph\":[{\"@type\":\"Article\",\"@id\":\"https:\\\/\\\/fuentesfidedignas.com.mx\\\/index.php\\\/2024\\\/01\\\/26\\\/fallece-hermelinda-quintero-madre-del-narcotraficante-rafael-caro-quintero\\\/#article\",\"isPartOf\":{\"@id\":\"https:\\\/\\\/fuentesfidedignas.com.mx\\\/index.php\\\/2024\\\/01\\\/26\\\/fallece-hermelinda-quintero-madre-del-narcotraficante-rafael-caro-quintero\\\/\"},\"author\":{\"name\":\"Infobae\",\"@id\":\"https:\\\/\\\/fuentesfidedignas.com.mx\\\/#\\\/schema\\\/person\\\/8575896a7c1067d352f6c1cd6582c389\"},\"headline\":\"Fallece Hermelinda Quintero, madre del narcotraficante Rafael Caro Quintero\",\"datePublished\":\"2024-01-26T13:21:31+00:00\",\"dateModified\":\"2024-01-26T14:52:14+00:00\",\"mainEntityOfPage\":{\"@id\":\"https:\\\/\\\/fuentesfidedignas.com.mx\\\/index.php\\\/2024\\\/01\\\/26\\\/fallece-hermelinda-quintero-madre-del-narcotraficante-rafael-caro-quintero\\\/\"},\"wordCount\":474,\"commentCount\":0,\"publisher\":{\"@id\":\"https:\\\/\\\/fuentesfidedignas.com.mx\\\/#organization\"},\"image\":{\"@id\":\"https:\\\/\\\/fuentesfidedignas.com.mx\\\/index.php\\\/2024\\\/01\\\/26\\\/fallece-hermelinda-quintero-madre-del-narcotraficante-rafael-caro-quintero\\\/#primaryimage\"},\"thumbnailUrl\":\"https:\\\/\\\/fuentesfidedignas.com.mx\\\/wp-content\\\/uploads\\\/2023\\\/07\\\/rafael-caro-.jpg\",\"articleSection\":[\"NOTICIAS NACIONALES\"],\"inLanguage\":\"es\",\"potentialAction\":[{\"@type\":\"CommentAction\",\"name\":\"Comment\",\"target\":[\"https:\\\/\\\/fuentesfidedignas.com.mx\\\/index.php\\\/2024\\\/01\\\/26\\\/fallece-hermelinda-quintero-madre-del-narcotraficante-rafael-caro-quintero\\\/#respond\"]}]},{\"@type\":\"WebPage\",\"@id\":\"https:\\\/\\\/fuentesfidedignas.com.mx\\\/index.php\\\/2024\\\/01\\\/26\\\/fallece-hermelinda-quintero-madre-del-narcotraficante-rafael-caro-quintero\\\/\",\"url\":\"https:\\\/\\\/fuentesfidedignas.com.mx\\\/index.php\\\/2024\\\/01\\\/26\\\/fallece-hermelinda-quintero-madre-del-narcotraficante-rafael-caro-quintero\\\/\",\"name\":\"Fallece Hermelinda Quintero, madre del narcotraficante Rafael Caro Quintero - Fuentes Fidedignas\",\"isPartOf\":{\"@id\":\"https:\\\/\\\/fuentesfidedignas.com.mx\\\/#website\"},\"primaryImageOfPage\":{\"@id\":\"https:\\\/\\\/fuentesfidedignas.com.mx\\\/index.php\\\/2024\\\/01\\\/26\\\/fallece-hermelinda-quintero-madre-del-narcotraficante-rafael-caro-quintero\\\/#primaryimage\"},\"image\":{\"@id\":\"https:\\\/\\\/fuentesfidedignas.com.mx\\\/index.php\\\/2024\\\/01\\\/26\\\/fallece-hermelinda-quintero-madre-del-narcotraficante-rafael-caro-quintero\\\/#primaryimage\"},\"thumbnailUrl\":\"https:\\\/\\\/fuentesfidedignas.com.mx\\\/wp-content\\\/uploads\\\/2023\\\/07\\\/rafael-caro-.jpg\",\"datePublished\":\"2024-01-26T13:21:31+00:00\",\"dateModified\":\"2024-01-26T14:52:14+00:00\",\"breadcrumb\":{\"@id\":\"https:\\\/\\\/fuentesfidedignas.com.mx\\\/index.php\\\/2024\\\/01\\\/26\\\/fallece-hermelinda-quintero-madre-del-narcotraficante-rafael-caro-quintero\\\/#breadcrumb\"},\"inLanguage\":\"es\",\"potentialAction\":[{\"@type\":\"ReadAction\",\"target\":[\"https:\\\/\\\/fuentesfidedignas.com.mx\\\/index.php\\\/2024\\\/01\\\/26\\\/fallece-hermelinda-quintero-madre-del-narcotraficante-rafael-caro-quintero\\\/\"]}]},{\"@type\":\"ImageObject\",\"inLanguage\":\"es\",\"@id\":\"https:\\\/\\\/fuentesfidedignas.com.mx\\\/index.php\\\/2024\\\/01\\\/26\\\/fallece-hermelinda-quintero-madre-del-narcotraficante-rafael-caro-quintero\\\/#primaryimage\",\"url\":\"https:\\\/\\\/fuentesfidedignas.com.mx\\\/wp-content\\\/uploads\\\/2023\\\/07\\\/rafael-caro-.jpg\",\"contentUrl\":\"https:\\\/\\\/fuentesfidedignas.com.mx\\\/wp-content\\\/uploads\\\/2023\\\/07\\\/rafael-caro-.jpg\",\"width\":640,\"height\":390},{\"@type\":\"BreadcrumbList\",\"@id\":\"https:\\\/\\\/fuentesfidedignas.com.mx\\\/index.php\\\/2024\\\/01\\\/26\\\/fallece-hermelinda-quintero-madre-del-narcotraficante-rafael-caro-quintero\\\/#breadcrumb\",\"itemListElement\":[{\"@type\":\"ListItem\",\"position\":1,\"name\":\"Inicio\",\"item\":\"https:\\\/\\\/fuentesfidedignas.com.mx\\\/\"},{\"@type\":\"ListItem\",\"position\":2,\"name\":\"Fallece Hermelinda Quintero, madre del narcotraficante Rafael Caro Quintero\"}]},{\"@type\":\"WebSite\",\"@id\":\"https:\\\/\\\/fuentesfidedignas.com.mx\\\/#website\",\"url\":\"https:\\\/\\\/fuentesfidedignas.com.mx\\\/\",\"name\":\"Fuentes Fidedignas\",\"description\":\"Otro sitio realizado con WordPress\",\"publisher\":{\"@id\":\"https:\\\/\\\/fuentesfidedignas.com.mx\\\/#organization\"},\"potentialAction\":[{\"@type\":\"SearchAction\",\"target\":{\"@type\":\"EntryPoint\",\"urlTemplate\":\"https:\\\/\\\/fuentesfidedignas.com.mx\\\/?s={search_term_string}\"},\"query-input\":{\"@type\":\"PropertyValueSpecification\",\"valueRequired\":true,\"valueName\":\"search_term_string\"}}],\"inLanguage\":\"es\"},{\"@type\":\"Organization\",\"@id\":\"https:\\\/\\\/fuentesfidedignas.com.mx\\\/#organization\",\"name\":\"Fuentes Fidedignas\",\"url\":\"https:\\\/\\\/fuentesfidedignas.com.mx\\\/\",\"logo\":{\"@type\":\"ImageObject\",\"inLanguage\":\"es\",\"@id\":\"https:\\\/\\\/fuentesfidedignas.com.mx\\\/#\\\/schema\\\/logo\\\/image\\\/\",\"url\":\"https:\\\/\\\/fuentesfidedignas.com.mx\\\/wp-content\\\/uploads\\\/2021\\\/04\\\/logo-retina.png\",\"contentUrl\":\"https:\\\/\\\/fuentesfidedignas.com.mx\\\/wp-content\\\/uploads\\\/2021\\\/04\\\/logo-retina.png\",\"width\":280,\"height\":51,\"caption\":\"Fuentes Fidedignas\"},\"image\":{\"@id\":\"https:\\\/\\\/fuentesfidedignas.com.mx\\\/#\\\/schema\\\/logo\\\/image\\\/\"},\"sameAs\":[\"https:\\\/\\\/www.facebook.com\\\/Fuentes-Fidedignas-368234489921644\",\"https:\\\/\\\/x.com\\\/fidedignas\"]},{\"@type\":\"Person\",\"@id\":\"https:\\\/\\\/fuentesfidedignas.com.mx\\\/#\\\/schema\\\/person\\\/8575896a7c1067d352f6c1cd6582c389\",\"name\":\"Infobae\",\"image\":{\"@type\":\"ImageObject\",\"inLanguage\":\"es\",\"@id\":\"https:\\\/\\\/secure.gravatar.com\\\/avatar\\\/e4ec95706f8d1670343f6526fdcec45474bab17475a851434a64ca12b5acba1c?s=96&d=mm&r=g\",\"url\":\"https:\\\/\\\/secure.gravatar.com\\\/avatar\\\/e4ec95706f8d1670343f6526fdcec45474bab17475a851434a64ca12b5acba1c?s=96&d=mm&r=g\",\"contentUrl\":\"https:\\\/\\\/secure.gravatar.com\\\/avatar\\\/e4ec95706f8d1670343f6526fdcec45474bab17475a851434a64ca12b5acba1c?s=96&d=mm&r=g\",\"caption\":\"Infobae\"},\"url\":\"https:\\\/\\\/fuentesfidedignas.com.mx\\\/index.php\\\/author\\\/infobae\\\/\"}]}<\/script>\n<!-- \/ Yoast SEO plugin. -->","yoast_head_json":{"title":"Fallece Hermelinda Quintero, madre del narcotraficante Rafael Caro Quintero - Fuentes Fidedignas","robots":{"index":"index","follow":"follow","max-snippet":"max-snippet:-1","max-image-preview":"max-image-preview:large","max-video-preview":"max-video-preview:-1"},"canonical":"https:\/\/fuentesfidedignas.com.mx\/index.php\/2024\/01\/26\/fallece-hermelinda-quintero-madre-del-narcotraficante-rafael-caro-quintero\/","og_locale":"es_MX","og_type":"article","og_title":"Fallece Hermelinda Quintero, madre del narcotraficante Rafael Caro Quintero - Fuentes Fidedignas","og_description":"La familia de Caro Quintero ha anunciado que el cuerpo de Hermelinda ser\u00e1 trasladado a Culiac\u00e1n este viernes Ciudad de M\u00e9xico.- Este jueves, en la ciudad de Guadalajara, falleci\u00f3 Hermelinda Quintero, madre del conocido narcotraficante Rafael Caro Quintero. Hasta el momento, las causas de su muerte no han sido reveladas, La familia de Caro Quintero [&hellip;]","og_url":"https:\/\/fuentesfidedignas.com.mx\/index.php\/2024\/01\/26\/fallece-hermelinda-quintero-madre-del-narcotraficante-rafael-caro-quintero\/","og_site_name":"Fuentes Fidedignas","article_publisher":"https:\/\/www.facebook.com\/Fuentes-Fidedignas-368234489921644","article_published_time":"2024-01-26T13:21:31+00:00","article_modified_time":"2024-01-26T14:52:14+00:00","og_image":[{"width":640,"height":390,"url":"https:\/\/fuentesfidedignas.com.mx\/wp-content\/uploads\/2023\/07\/rafael-caro-.jpg","type":"image\/jpeg"}],"author":"Infobae","twitter_card":"summary_large_image","twitter_creator":"@fidedignas","twitter_site":"@fidedignas","twitter_misc":{"Escrito por":"Infobae","Tiempo de lectura":"3 minutos"},"schema":{"@context":"https:\/\/schema.org","@graph":[{"@type":"Article","@id":"https:\/\/fuentesfidedignas.com.mx\/index.php\/2024\/01\/26\/fallece-hermelinda-quintero-madre-del-narcotraficante-rafael-caro-quintero\/#article","isPartOf":{"@id":"https:\/\/fuentesfidedignas.com.mx\/index.php\/2024\/01\/26\/fallece-hermelinda-quintero-madre-del-narcotraficante-rafael-caro-quintero\/"},"author":{"name":"Infobae","@id":"https:\/\/fuentesfidedignas.com.mx\/#\/schema\/person\/8575896a7c1067d352f6c1cd6582c389"},"headline":"Fallece Hermelinda Quintero, madre del narcotraficante Rafael Caro Quintero","datePublished":"2024-01-26T13:21:31+00:00","dateModified":"2024-01-26T14:52:14+00:00","mainEntityOfPage":{"@id":"https:\/\/fuentesfidedignas.com.mx\/index.php\/2024\/01\/26\/fallece-hermelinda-quintero-madre-del-narcotraficante-rafael-caro-quintero\/"},"wordCount":474,"commentCount":0,"publisher":{"@id":"https:\/\/fuentesfidedignas.com.mx\/#organization"},"image":{"@id":"https:\/\/fuentesfidedignas.com.mx\/index.php\/2024\/01\/26\/fallece-hermelinda-quintero-madre-del-narcotraficante-rafael-caro-quintero\/#primaryimage"},"thumbnailUrl":"https:\/\/fuentesfidedignas.com.mx\/wp-content\/uploads\/2023\/07\/rafael-caro-.jpg","articleSection":["NOTICIAS NACIONALES"],"inLanguage":"es","potentialAction":[{"@type":"CommentAction","name":"Comment","target":["https:\/\/fuentesfidedignas.com.mx\/index.php\/2024\/01\/26\/fallece-hermelinda-quintero-madre-del-narcotraficante-rafael-caro-quintero\/#respond"]}]},{"@type":"WebPage","@id":"https:\/\/fuentesfidedignas.com.mx\/index.php\/2024\/01\/26\/fallece-hermelinda-quintero-madre-del-narcotraficante-rafael-caro-quintero\/","url":"https:\/\/fuentesfidedignas.com.mx\/index.php\/2024\/01\/26\/fallece-hermelinda-quintero-madre-del-narcotraficante-rafael-caro-quintero\/","name":"Fallece Hermelinda Quintero, madre del narcotraficante Rafael Caro Quintero - Fuentes Fidedignas","isPartOf":{"@id":"https:\/\/fuentesfidedignas.com.mx\/#website"},"primaryImageOfPage":{"@id":"https:\/\/fuentesfidedignas.com.mx\/index.php\/2024\/01\/26\/fallece-hermelinda-quintero-madre-del-narcotraficante-rafael-caro-quintero\/#primaryimage"},"image":{"@id":"https:\/\/fuentesfidedignas.com.mx\/index.php\/2024\/01\/26\/fallece-hermelinda-quintero-madre-del-narcotraficante-rafael-caro-quintero\/#primaryimage"},"thumbnailUrl":"https:\/\/fuentesfidedignas.com.mx\/wp-content\/uploads\/2023\/07\/rafael-caro-.jpg","datePublished":"2024-01-26T13:21:31+00:00","dateModified":"2024-01-26T14:52:14+00:00","breadcrumb":{"@id":"https:\/\/fuentesfidedignas.com.mx\/index.php\/2024\/01\/26\/fallece-hermelinda-quintero-madre-del-narcotraficante-rafael-caro-quintero\/#breadcrumb"},"inLanguage":"es","potentialAction":[{"@type":"ReadAction","target":["https:\/\/fuentesfidedignas.com.mx\/index.php\/2024\/01\/26\/fallece-hermelinda-quintero-madre-del-narcotraficante-rafael-caro-quintero\/"]}]},{"@type":"ImageObject","inLanguage":"es","@id":"https:\/\/fuentesfidedignas.com.mx\/index.php\/2024\/01\/26\/fallece-hermelinda-quintero-madre-del-narcotraficante-rafael-caro-quintero\/#primaryimage","url":"https:\/\/fuentesfidedignas.com.mx\/wp-content\/uploads\/2023\/07\/rafael-caro-.jpg","contentUrl":"https:\/\/fuentesfidedignas.com.mx\/wp-content\/uploads\/2023\/07\/rafael-caro-.jpg","width":640,"height":390},{"@type":"BreadcrumbList","@id":"https:\/\/fuentesfidedignas.com.mx\/index.php\/2024\/01\/26\/fallece-hermelinda-quintero-madre-del-narcotraficante-rafael-caro-quintero\/#breadcrumb","itemListElement":[{"@type":"ListItem","position":1,"name":"Inicio","item":"https:\/\/fuentesfidedignas.com.mx\/"},{"@type":"ListItem","position":2,"name":"Fallece Hermelinda Quintero, madre del narcotraficante Rafael Caro Quintero"}]},{"@type":"WebSite","@id":"https:\/\/fuentesfidedignas.com.mx\/#website","url":"https:\/\/fuentesfidedignas.com.mx\/","name":"Fuentes Fidedignas","description":"Otro sitio realizado con WordPress","publisher":{"@id":"https:\/\/fuentesfidedignas.com.mx\/#organization"},"potentialAction":[{"@type":"SearchAction","target":{"@type":"EntryPoint","urlTemplate":"https:\/\/fuentesfidedignas.com.mx\/?s={search_term_string}"},"query-input":{"@type":"PropertyValueSpecification","valueRequired":true,"valueName":"search_term_string"}}],"inLanguage":"es"},{"@type":"Organization","@id":"https:\/\/fuentesfidedignas.com.mx\/#organization","name":"Fuentes Fidedignas","url":"https:\/\/fuentesfidedignas.com.mx\/","logo":{"@type":"ImageObject","inLanguage":"es","@id":"https:\/\/fuentesfidedignas.com.mx\/#\/schema\/logo\/image\/","url":"https:\/\/fuentesfidedignas.com.mx\/wp-content\/uploads\/2021\/04\/logo-retina.png","contentUrl":"https:\/\/fuentesfidedignas.com.mx\/wp-content\/uploads\/2021\/04\/logo-retina.png","width":280,"height":51,"caption":"Fuentes Fidedignas"},"image":{"@id":"https:\/\/fuentesfidedignas.com.mx\/#\/schema\/logo\/image\/"},"sameAs":["https:\/\/www.facebook.com\/Fuentes-Fidedignas-368234489921644","https:\/\/x.com\/fidedignas"]},{"@type":"Person","@id":"https:\/\/fuentesfidedignas.com.mx\/#\/schema\/person\/8575896a7c1067d352f6c1cd6582c389","name":"Infobae","image":{"@type":"ImageObject","inLanguage":"es","@id":"https:\/\/secure.gravatar.com\/avatar\/e4ec95706f8d1670343f6526fdcec45474bab17475a851434a64ca12b5acba1c?s=96&d=mm&r=g","url":"https:\/\/secure.gravatar.com\/avatar\/e4ec95706f8d1670343f6526fdcec45474bab17475a851434a64ca12b5acba1c?s=96&d=mm&r=g","contentUrl":"https:\/\/secure.gravatar.com\/avatar\/e4ec95706f8d1670343f6526fdcec45474bab17475a851434a64ca12b5acba1c?s=96&d=mm&r=g","caption":"Infobae"},"url":"https:\/\/fuentesfidedignas.com.mx\/index.php\/author\/infobae\/"}]}},"_links":{"self":[{"href":"https:\/\/fuentesfidedignas.com.mx\/index.php\/wp-json\/wp\/v2\/posts\/71953","targetHints":{"allow":["GET"]}}],"collection":[{"href":"https:\/\/fuentesfidedignas.com.mx\/index.php\/wp-json\/wp\/v2\/posts"}],"about":[{"href":"https:\/\/fuentesfidedignas.com.mx\/index.php\/wp-json\/wp\/v2\/types\/post"}],"author":[{"embeddable":true,"href":"https:\/\/fuentesfidedignas.com.mx\/index.php\/wp-json\/wp\/v2\/users\/41"}],"replies":[{"embeddable":true,"href":"https:\/\/fuentesfidedignas.com.mx\/index.php\/wp-json\/wp\/v2\/comments?post=71953"}],"version-history":[{"count":2,"href":"https:\/\/fuentesfidedignas.com.mx\/index.php\/wp-json\/wp\/v2\/posts\/71953\/revisions"}],"predecessor-version":[{"id":71955,"href":"https:\/\/fuentesfidedignas.com.mx\/index.php\/wp-json\/wp\/v2\/posts\/71953\/revisions\/71955"}],"wp:featuredmedia":[{"embeddable":true,"href":"https:\/\/fuentesfidedignas.com.mx\/index.php\/wp-json\/wp\/v2\/media\/53994"}],"wp:attachment":[{"href":"https:\/\/fuentesfidedignas.com.mx\/index.php\/wp-json\/wp\/v2\/media?parent=71953"}],"wp:term":[{"taxonomy":"category","embeddable":true,"href":"https:\/\/fuentesfidedignas.com.mx\/index.php\/wp-json\/wp\/v2\/categories?post=71953"},{"taxonomy":"post_tag","embeddable":true,"href":"https:\/\/fuentesfidedignas.com.mx\/index.php\/wp-json\/wp\/v2\/tags?post=71953"}],"curies":[{"name":"wp","href":"https:\/\/api.w.org\/{rel}","templated":true}]}}