{"id":71809,"date":"2024-01-25T05:40:20","date_gmt":"2024-01-25T12:40:20","guid":{"rendered":"https:\/\/fuentesfidedignas.com.mx\/?p=71809"},"modified":"2024-01-24T18:40:43","modified_gmt":"2024-01-25T01:40:43","slug":"mujer-revela-que-se-arrepiente-de-adoptar-a-su-hija-comence-a-odiarla","status":"publish","type":"post","link":"https:\/\/fuentesfidedignas.com.mx\/index.php\/2024\/01\/25\/mujer-revela-que-se-arrepiente-de-adoptar-a-su-hija-comence-a-odiarla\/","title":{"rendered":"Mujer revela que se arrepiente de adoptar a su hija: &#8220;Comenc\u00e9 a odiarla&#8221;"},"content":{"rendered":"\n<p><strong><em>La confesi\u00f3n de la mujer gener\u00f3 un sinf\u00edn de reacciones de internautas en internet.<\/em><\/strong><\/p>\n\n\n\n<p>Una mujer confes\u00f3 estar arrepentida de haber adoptado a su hija, fue a trav\u00e9s de Reddit donde la usuario, que decidi\u00f3 mantener su nombre en anonimato, revel\u00f3 esta situaci\u00f3n que gener\u00f3 un sinf\u00edn de reacciones.<\/p>\n\n\n\n<p>En su texto publicado en Reddit, la usuario explic\u00f3 que despu\u00e9s de tener a su hijo a trav\u00e9s de fertilizaci\u00f3n in vitro, decidi\u00f3 junto a su pareja adoptar, pero revela que es incapaz de darle el mismo nivel de amor que a su hijo biol\u00f3gico.<\/p>\n\n\n\n<p>El medio Mirror recoge las declaraciones de la mujer y detalla que despu\u00e9s de tener a su primer hijo, la pareja decidi\u00f3 adoptar a una ni\u00f1a, pues los m\u00e9dicos le indicaron que ser\u00eda dif\u00edcil para ellos volver a concebir.<\/p>\n\n\n\n<p>Decidieron adoptar, pues as\u00ed no tendr\u00edan que afrontar \u201cel tiempo y los gastos\u201d que tuvieron con su hijo biol\u00f3gico<\/p>\n\n\n\n<p>\u201cAdoptamos a una hermosa ni\u00f1a cuyos padres eran demasiado j\u00f3venes para criarla por s\u00ed mismos. La amaba tanto y la trataba de manera diferente, pero nunca he tenido la sensaci\u00f3n de que sea m\u00eda. Con frecuencia siento que estoy cuidando al hijo de otra persona\u201d, escribi\u00f3.<\/p>\n\n\n\n<p>Lament\u00f3 no poder establecer un v\u00ednculo sincero con su hija y se siente arrepentida de su decisi\u00f3n, ya que asegura ha intentado forzarse para sentir algo \u2018profundo\u2019 por su hija pero no funciona.<\/p>\n\n\n\n<p>\u201cMe siento terrible, pero no puedo evitarlo. Intent\u00e9 forzarme a sentirlo, pero simplemente no lo consigo. Ahora tiene 15 a\u00f1os y nunca sent\u00ed una conexi\u00f3n con ella\u201d, expres\u00f3.<\/p>\n\n\n\n<p>Desafortunadamente para la menor su situaci\u00f3n empeor\u00f3, pues la mujer detalla que en 2019 recibi\u00f3 la noticia de que estaba embarazada nuevamente, ahora de una ni\u00f1a<\/p>\n\n\n\n<p>\u201cDurante el embarazo, mis hormonas estaban por todas partes y comenc\u00e9 a odiar a mi hija adoptiva porque sent\u00eda que si tan solo hubiera esperado, no tendr\u00eda que haberla tenido. Cuando naci\u00f3 mi hija, todo encaj\u00f3. Sent\u00ed una conexi\u00f3n adecuada como con mi hijo y me vincul\u00e9 de inmediato\u201d, agreg\u00f3.<\/p>\n\n\n\n<p>\u201cSuena horrible, pero adoptarla fue un error enorme. Ojal\u00e1 pudiera retroceder en el tiempo. La quiero much\u00edsimo, pero desafortunadamente no tanto como a mis hijos biol\u00f3gicos. Me odio por eso, ya que le promet\u00ed a sus padres que la amar\u00eda de manera diferente y siento que he decepcionado a todos\u201d, finaliz\u00f3 su confesi\u00f3n.<\/p>\n\n\n\n<p>Usuarios en redes sociales empatizan con la joven de 15 a\u00f1os, pero tambi\u00e9n lograron entender a la mujer y su sentir. Le recomendaron tomar terapia para que pueda ejercer su maternidad como debe de ser y evitar causar da\u00f1os psicol\u00f3gicos en su hija adoptiva.<\/p>\n","protected":false},"excerpt":{"rendered":"<p>La confesi\u00f3n de la mujer gener\u00f3 un sinf\u00edn de reacciones de internautas en internet. Una mujer confes\u00f3 estar arrepentida de haber adoptado a su hija, fue a trav\u00e9s de Reddit donde la usuario, que decidi\u00f3 mantener su nombre en anonimato, revel\u00f3 esta situaci\u00f3n que gener\u00f3 un sinf\u00edn de reacciones. En su texto publicado en Reddit, [&hellip;]<\/p>\n","protected":false},"author":9,"featured_media":18112,"comment_status":"open","ping_status":"open","sticky":false,"template":"","format":"standard","meta":{"tdm_status":"","tdm_grid_status":"","footnotes":""},"categories":[40],"tags":[],"class_list":{"0":"post-71809","1":"post","2":"type-post","3":"status-publish","4":"format-standard","5":"has-post-thumbnail","7":"category-las-asombrosas"},"yoast_head":"<!-- This site is optimized with the Yoast SEO plugin v27.5 - https:\/\/yoast.com\/product\/yoast-seo-wordpress\/ -->\n<title>Mujer revela que se arrepiente de adoptar a su hija: &quot;Comenc\u00e9 a odiarla&quot; - Fuentes Fidedignas<\/title>\n<meta name=\"robots\" content=\"index, follow, max-snippet:-1, max-image-preview:large, max-video-preview:-1\" \/>\n<link rel=\"canonical\" href=\"https:\/\/fuentesfidedignas.com.mx\/index.php\/2024\/01\/25\/mujer-revela-que-se-arrepiente-de-adoptar-a-su-hija-comence-a-odiarla\/\" \/>\n<meta property=\"og:locale\" content=\"es_MX\" \/>\n<meta property=\"og:type\" content=\"article\" \/>\n<meta property=\"og:title\" content=\"Mujer revela que se arrepiente de adoptar a su hija: &quot;Comenc\u00e9 a odiarla&quot; - Fuentes Fidedignas\" \/>\n<meta property=\"og:description\" content=\"La confesi\u00f3n de la mujer gener\u00f3 un sinf\u00edn de reacciones de internautas en internet. Una mujer confes\u00f3 estar arrepentida de haber adoptado a su hija, fue a trav\u00e9s de Reddit donde la usuario, que decidi\u00f3 mantener su nombre en anonimato, revel\u00f3 esta situaci\u00f3n que gener\u00f3 un sinf\u00edn de reacciones. En su texto publicado en Reddit, [&hellip;]\" \/>\n<meta property=\"og:url\" content=\"https:\/\/fuentesfidedignas.com.mx\/index.php\/2024\/01\/25\/mujer-revela-que-se-arrepiente-de-adoptar-a-su-hija-comence-a-odiarla\/\" \/>\n<meta property=\"og:site_name\" content=\"Fuentes Fidedignas\" \/>\n<meta property=\"article:publisher\" content=\"https:\/\/www.facebook.com\/Fuentes-Fidedignas-368234489921644\" \/>\n<meta property=\"article:published_time\" content=\"2024-01-25T12:40:20+00:00\" \/>\n<meta property=\"og:image\" content=\"https:\/\/fuentesfidedignas.com.mx\/wp-content\/uploads\/2021\/11\/BEBE.jpg\" \/>\n\t<meta property=\"og:image:width\" content=\"800\" \/>\n\t<meta property=\"og:image:height\" content=\"600\" \/>\n\t<meta property=\"og:image:type\" content=\"image\/jpeg\" \/>\n<meta name=\"author\" content=\"Milenio\" \/>\n<meta name=\"twitter:card\" content=\"summary_large_image\" \/>\n<meta name=\"twitter:creator\" content=\"@fidedignas\" \/>\n<meta name=\"twitter:site\" content=\"@fidedignas\" \/>\n<meta name=\"twitter:label1\" content=\"Escrito por\" \/>\n\t<meta name=\"twitter:data1\" content=\"Milenio\" \/>\n\t<meta name=\"twitter:label2\" content=\"Tiempo de lectura\" \/>\n\t<meta name=\"twitter:data2\" content=\"3 minutos\" \/>\n<script type=\"application\/ld+json\" class=\"yoast-schema-graph\">{\"@context\":\"https:\\\/\\\/schema.org\",\"@graph\":[{\"@type\":\"Article\",\"@id\":\"https:\\\/\\\/fuentesfidedignas.com.mx\\\/index.php\\\/2024\\\/01\\\/25\\\/mujer-revela-que-se-arrepiente-de-adoptar-a-su-hija-comence-a-odiarla\\\/#article\",\"isPartOf\":{\"@id\":\"https:\\\/\\\/fuentesfidedignas.com.mx\\\/index.php\\\/2024\\\/01\\\/25\\\/mujer-revela-que-se-arrepiente-de-adoptar-a-su-hija-comence-a-odiarla\\\/\"},\"author\":{\"name\":\"Milenio\",\"@id\":\"https:\\\/\\\/fuentesfidedignas.com.mx\\\/#\\\/schema\\\/person\\\/47ec0135738f4b0c7495f06a77a2c976\"},\"headline\":\"Mujer revela que se arrepiente de adoptar a su hija: &#8220;Comenc\u00e9 a odiarla&#8221;\",\"datePublished\":\"2024-01-25T12:40:20+00:00\",\"mainEntityOfPage\":{\"@id\":\"https:\\\/\\\/fuentesfidedignas.com.mx\\\/index.php\\\/2024\\\/01\\\/25\\\/mujer-revela-que-se-arrepiente-de-adoptar-a-su-hija-comence-a-odiarla\\\/\"},\"wordCount\":479,\"commentCount\":0,\"publisher\":{\"@id\":\"https:\\\/\\\/fuentesfidedignas.com.mx\\\/#organization\"},\"image\":{\"@id\":\"https:\\\/\\\/fuentesfidedignas.com.mx\\\/index.php\\\/2024\\\/01\\\/25\\\/mujer-revela-que-se-arrepiente-de-adoptar-a-su-hija-comence-a-odiarla\\\/#primaryimage\"},\"thumbnailUrl\":\"https:\\\/\\\/fuentesfidedignas.com.mx\\\/wp-content\\\/uploads\\\/2021\\\/11\\\/BEBE.jpg\",\"articleSection\":[\"LAS ASOMBROSAS\"],\"inLanguage\":\"es\",\"potentialAction\":[{\"@type\":\"CommentAction\",\"name\":\"Comment\",\"target\":[\"https:\\\/\\\/fuentesfidedignas.com.mx\\\/index.php\\\/2024\\\/01\\\/25\\\/mujer-revela-que-se-arrepiente-de-adoptar-a-su-hija-comence-a-odiarla\\\/#respond\"]}]},{\"@type\":\"WebPage\",\"@id\":\"https:\\\/\\\/fuentesfidedignas.com.mx\\\/index.php\\\/2024\\\/01\\\/25\\\/mujer-revela-que-se-arrepiente-de-adoptar-a-su-hija-comence-a-odiarla\\\/\",\"url\":\"https:\\\/\\\/fuentesfidedignas.com.mx\\\/index.php\\\/2024\\\/01\\\/25\\\/mujer-revela-que-se-arrepiente-de-adoptar-a-su-hija-comence-a-odiarla\\\/\",\"name\":\"Mujer revela que se arrepiente de adoptar a su hija: \\\"Comenc\u00e9 a odiarla\\\" - Fuentes Fidedignas\",\"isPartOf\":{\"@id\":\"https:\\\/\\\/fuentesfidedignas.com.mx\\\/#website\"},\"primaryImageOfPage\":{\"@id\":\"https:\\\/\\\/fuentesfidedignas.com.mx\\\/index.php\\\/2024\\\/01\\\/25\\\/mujer-revela-que-se-arrepiente-de-adoptar-a-su-hija-comence-a-odiarla\\\/#primaryimage\"},\"image\":{\"@id\":\"https:\\\/\\\/fuentesfidedignas.com.mx\\\/index.php\\\/2024\\\/01\\\/25\\\/mujer-revela-que-se-arrepiente-de-adoptar-a-su-hija-comence-a-odiarla\\\/#primaryimage\"},\"thumbnailUrl\":\"https:\\\/\\\/fuentesfidedignas.com.mx\\\/wp-content\\\/uploads\\\/2021\\\/11\\\/BEBE.jpg\",\"datePublished\":\"2024-01-25T12:40:20+00:00\",\"breadcrumb\":{\"@id\":\"https:\\\/\\\/fuentesfidedignas.com.mx\\\/index.php\\\/2024\\\/01\\\/25\\\/mujer-revela-que-se-arrepiente-de-adoptar-a-su-hija-comence-a-odiarla\\\/#breadcrumb\"},\"inLanguage\":\"es\",\"potentialAction\":[{\"@type\":\"ReadAction\",\"target\":[\"https:\\\/\\\/fuentesfidedignas.com.mx\\\/index.php\\\/2024\\\/01\\\/25\\\/mujer-revela-que-se-arrepiente-de-adoptar-a-su-hija-comence-a-odiarla\\\/\"]}]},{\"@type\":\"ImageObject\",\"inLanguage\":\"es\",\"@id\":\"https:\\\/\\\/fuentesfidedignas.com.mx\\\/index.php\\\/2024\\\/01\\\/25\\\/mujer-revela-que-se-arrepiente-de-adoptar-a-su-hija-comence-a-odiarla\\\/#primaryimage\",\"url\":\"https:\\\/\\\/fuentesfidedignas.com.mx\\\/wp-content\\\/uploads\\\/2021\\\/11\\\/BEBE.jpg\",\"contentUrl\":\"https:\\\/\\\/fuentesfidedignas.com.mx\\\/wp-content\\\/uploads\\\/2021\\\/11\\\/BEBE.jpg\",\"width\":800,\"height\":600},{\"@type\":\"BreadcrumbList\",\"@id\":\"https:\\\/\\\/fuentesfidedignas.com.mx\\\/index.php\\\/2024\\\/01\\\/25\\\/mujer-revela-que-se-arrepiente-de-adoptar-a-su-hija-comence-a-odiarla\\\/#breadcrumb\",\"itemListElement\":[{\"@type\":\"ListItem\",\"position\":1,\"name\":\"Inicio\",\"item\":\"https:\\\/\\\/fuentesfidedignas.com.mx\\\/\"},{\"@type\":\"ListItem\",\"position\":2,\"name\":\"Mujer revela que se arrepiente de adoptar a su hija: &#8220;Comenc\u00e9 a odiarla&#8221;\"}]},{\"@type\":\"WebSite\",\"@id\":\"https:\\\/\\\/fuentesfidedignas.com.mx\\\/#website\",\"url\":\"https:\\\/\\\/fuentesfidedignas.com.mx\\\/\",\"name\":\"Fuentes Fidedignas\",\"description\":\"Otro sitio realizado con WordPress\",\"publisher\":{\"@id\":\"https:\\\/\\\/fuentesfidedignas.com.mx\\\/#organization\"},\"potentialAction\":[{\"@type\":\"SearchAction\",\"target\":{\"@type\":\"EntryPoint\",\"urlTemplate\":\"https:\\\/\\\/fuentesfidedignas.com.mx\\\/?s={search_term_string}\"},\"query-input\":{\"@type\":\"PropertyValueSpecification\",\"valueRequired\":true,\"valueName\":\"search_term_string\"}}],\"inLanguage\":\"es\"},{\"@type\":\"Organization\",\"@id\":\"https:\\\/\\\/fuentesfidedignas.com.mx\\\/#organization\",\"name\":\"Fuentes Fidedignas\",\"url\":\"https:\\\/\\\/fuentesfidedignas.com.mx\\\/\",\"logo\":{\"@type\":\"ImageObject\",\"inLanguage\":\"es\",\"@id\":\"https:\\\/\\\/fuentesfidedignas.com.mx\\\/#\\\/schema\\\/logo\\\/image\\\/\",\"url\":\"https:\\\/\\\/fuentesfidedignas.com.mx\\\/wp-content\\\/uploads\\\/2021\\\/04\\\/logo-retina.png\",\"contentUrl\":\"https:\\\/\\\/fuentesfidedignas.com.mx\\\/wp-content\\\/uploads\\\/2021\\\/04\\\/logo-retina.png\",\"width\":280,\"height\":51,\"caption\":\"Fuentes Fidedignas\"},\"image\":{\"@id\":\"https:\\\/\\\/fuentesfidedignas.com.mx\\\/#\\\/schema\\\/logo\\\/image\\\/\"},\"sameAs\":[\"https:\\\/\\\/www.facebook.com\\\/Fuentes-Fidedignas-368234489921644\",\"https:\\\/\\\/x.com\\\/fidedignas\"]},{\"@type\":\"Person\",\"@id\":\"https:\\\/\\\/fuentesfidedignas.com.mx\\\/#\\\/schema\\\/person\\\/47ec0135738f4b0c7495f06a77a2c976\",\"name\":\"Milenio\",\"image\":{\"@type\":\"ImageObject\",\"inLanguage\":\"es\",\"@id\":\"https:\\\/\\\/secure.gravatar.com\\\/avatar\\\/acabf7b54753e51c2c76457954577c236b3b764789b19879565769739d1e4a75?s=96&d=mm&r=g\",\"url\":\"https:\\\/\\\/secure.gravatar.com\\\/avatar\\\/acabf7b54753e51c2c76457954577c236b3b764789b19879565769739d1e4a75?s=96&d=mm&r=g\",\"contentUrl\":\"https:\\\/\\\/secure.gravatar.com\\\/avatar\\\/acabf7b54753e51c2c76457954577c236b3b764789b19879565769739d1e4a75?s=96&d=mm&r=g\",\"caption\":\"Milenio\"},\"url\":\"https:\\\/\\\/fuentesfidedignas.com.mx\\\/index.php\\\/author\\\/milenio\\\/\"}]}<\/script>\n<!-- \/ Yoast SEO plugin. -->","yoast_head_json":{"title":"Mujer revela que se arrepiente de adoptar a su hija: \"Comenc\u00e9 a odiarla\" - Fuentes Fidedignas","robots":{"index":"index","follow":"follow","max-snippet":"max-snippet:-1","max-image-preview":"max-image-preview:large","max-video-preview":"max-video-preview:-1"},"canonical":"https:\/\/fuentesfidedignas.com.mx\/index.php\/2024\/01\/25\/mujer-revela-que-se-arrepiente-de-adoptar-a-su-hija-comence-a-odiarla\/","og_locale":"es_MX","og_type":"article","og_title":"Mujer revela que se arrepiente de adoptar a su hija: \"Comenc\u00e9 a odiarla\" - Fuentes Fidedignas","og_description":"La confesi\u00f3n de la mujer gener\u00f3 un sinf\u00edn de reacciones de internautas en internet. Una mujer confes\u00f3 estar arrepentida de haber adoptado a su hija, fue a trav\u00e9s de Reddit donde la usuario, que decidi\u00f3 mantener su nombre en anonimato, revel\u00f3 esta situaci\u00f3n que gener\u00f3 un sinf\u00edn de reacciones. En su texto publicado en Reddit, [&hellip;]","og_url":"https:\/\/fuentesfidedignas.com.mx\/index.php\/2024\/01\/25\/mujer-revela-que-se-arrepiente-de-adoptar-a-su-hija-comence-a-odiarla\/","og_site_name":"Fuentes Fidedignas","article_publisher":"https:\/\/www.facebook.com\/Fuentes-Fidedignas-368234489921644","article_published_time":"2024-01-25T12:40:20+00:00","og_image":[{"width":800,"height":600,"url":"https:\/\/fuentesfidedignas.com.mx\/wp-content\/uploads\/2021\/11\/BEBE.jpg","type":"image\/jpeg"}],"author":"Milenio","twitter_card":"summary_large_image","twitter_creator":"@fidedignas","twitter_site":"@fidedignas","twitter_misc":{"Escrito por":"Milenio","Tiempo de lectura":"3 minutos"},"schema":{"@context":"https:\/\/schema.org","@graph":[{"@type":"Article","@id":"https:\/\/fuentesfidedignas.com.mx\/index.php\/2024\/01\/25\/mujer-revela-que-se-arrepiente-de-adoptar-a-su-hija-comence-a-odiarla\/#article","isPartOf":{"@id":"https:\/\/fuentesfidedignas.com.mx\/index.php\/2024\/01\/25\/mujer-revela-que-se-arrepiente-de-adoptar-a-su-hija-comence-a-odiarla\/"},"author":{"name":"Milenio","@id":"https:\/\/fuentesfidedignas.com.mx\/#\/schema\/person\/47ec0135738f4b0c7495f06a77a2c976"},"headline":"Mujer revela que se arrepiente de adoptar a su hija: &#8220;Comenc\u00e9 a odiarla&#8221;","datePublished":"2024-01-25T12:40:20+00:00","mainEntityOfPage":{"@id":"https:\/\/fuentesfidedignas.com.mx\/index.php\/2024\/01\/25\/mujer-revela-que-se-arrepiente-de-adoptar-a-su-hija-comence-a-odiarla\/"},"wordCount":479,"commentCount":0,"publisher":{"@id":"https:\/\/fuentesfidedignas.com.mx\/#organization"},"image":{"@id":"https:\/\/fuentesfidedignas.com.mx\/index.php\/2024\/01\/25\/mujer-revela-que-se-arrepiente-de-adoptar-a-su-hija-comence-a-odiarla\/#primaryimage"},"thumbnailUrl":"https:\/\/fuentesfidedignas.com.mx\/wp-content\/uploads\/2021\/11\/BEBE.jpg","articleSection":["LAS ASOMBROSAS"],"inLanguage":"es","potentialAction":[{"@type":"CommentAction","name":"Comment","target":["https:\/\/fuentesfidedignas.com.mx\/index.php\/2024\/01\/25\/mujer-revela-que-se-arrepiente-de-adoptar-a-su-hija-comence-a-odiarla\/#respond"]}]},{"@type":"WebPage","@id":"https:\/\/fuentesfidedignas.com.mx\/index.php\/2024\/01\/25\/mujer-revela-que-se-arrepiente-de-adoptar-a-su-hija-comence-a-odiarla\/","url":"https:\/\/fuentesfidedignas.com.mx\/index.php\/2024\/01\/25\/mujer-revela-que-se-arrepiente-de-adoptar-a-su-hija-comence-a-odiarla\/","name":"Mujer revela que se arrepiente de adoptar a su hija: \"Comenc\u00e9 a odiarla\" - Fuentes Fidedignas","isPartOf":{"@id":"https:\/\/fuentesfidedignas.com.mx\/#website"},"primaryImageOfPage":{"@id":"https:\/\/fuentesfidedignas.com.mx\/index.php\/2024\/01\/25\/mujer-revela-que-se-arrepiente-de-adoptar-a-su-hija-comence-a-odiarla\/#primaryimage"},"image":{"@id":"https:\/\/fuentesfidedignas.com.mx\/index.php\/2024\/01\/25\/mujer-revela-que-se-arrepiente-de-adoptar-a-su-hija-comence-a-odiarla\/#primaryimage"},"thumbnailUrl":"https:\/\/fuentesfidedignas.com.mx\/wp-content\/uploads\/2021\/11\/BEBE.jpg","datePublished":"2024-01-25T12:40:20+00:00","breadcrumb":{"@id":"https:\/\/fuentesfidedignas.com.mx\/index.php\/2024\/01\/25\/mujer-revela-que-se-arrepiente-de-adoptar-a-su-hija-comence-a-odiarla\/#breadcrumb"},"inLanguage":"es","potentialAction":[{"@type":"ReadAction","target":["https:\/\/fuentesfidedignas.com.mx\/index.php\/2024\/01\/25\/mujer-revela-que-se-arrepiente-de-adoptar-a-su-hija-comence-a-odiarla\/"]}]},{"@type":"ImageObject","inLanguage":"es","@id":"https:\/\/fuentesfidedignas.com.mx\/index.php\/2024\/01\/25\/mujer-revela-que-se-arrepiente-de-adoptar-a-su-hija-comence-a-odiarla\/#primaryimage","url":"https:\/\/fuentesfidedignas.com.mx\/wp-content\/uploads\/2021\/11\/BEBE.jpg","contentUrl":"https:\/\/fuentesfidedignas.com.mx\/wp-content\/uploads\/2021\/11\/BEBE.jpg","width":800,"height":600},{"@type":"BreadcrumbList","@id":"https:\/\/fuentesfidedignas.com.mx\/index.php\/2024\/01\/25\/mujer-revela-que-se-arrepiente-de-adoptar-a-su-hija-comence-a-odiarla\/#breadcrumb","itemListElement":[{"@type":"ListItem","position":1,"name":"Inicio","item":"https:\/\/fuentesfidedignas.com.mx\/"},{"@type":"ListItem","position":2,"name":"Mujer revela que se arrepiente de adoptar a su hija: &#8220;Comenc\u00e9 a odiarla&#8221;"}]},{"@type":"WebSite","@id":"https:\/\/fuentesfidedignas.com.mx\/#website","url":"https:\/\/fuentesfidedignas.com.mx\/","name":"Fuentes Fidedignas","description":"Otro sitio realizado con WordPress","publisher":{"@id":"https:\/\/fuentesfidedignas.com.mx\/#organization"},"potentialAction":[{"@type":"SearchAction","target":{"@type":"EntryPoint","urlTemplate":"https:\/\/fuentesfidedignas.com.mx\/?s={search_term_string}"},"query-input":{"@type":"PropertyValueSpecification","valueRequired":true,"valueName":"search_term_string"}}],"inLanguage":"es"},{"@type":"Organization","@id":"https:\/\/fuentesfidedignas.com.mx\/#organization","name":"Fuentes Fidedignas","url":"https:\/\/fuentesfidedignas.com.mx\/","logo":{"@type":"ImageObject","inLanguage":"es","@id":"https:\/\/fuentesfidedignas.com.mx\/#\/schema\/logo\/image\/","url":"https:\/\/fuentesfidedignas.com.mx\/wp-content\/uploads\/2021\/04\/logo-retina.png","contentUrl":"https:\/\/fuentesfidedignas.com.mx\/wp-content\/uploads\/2021\/04\/logo-retina.png","width":280,"height":51,"caption":"Fuentes Fidedignas"},"image":{"@id":"https:\/\/fuentesfidedignas.com.mx\/#\/schema\/logo\/image\/"},"sameAs":["https:\/\/www.facebook.com\/Fuentes-Fidedignas-368234489921644","https:\/\/x.com\/fidedignas"]},{"@type":"Person","@id":"https:\/\/fuentesfidedignas.com.mx\/#\/schema\/person\/47ec0135738f4b0c7495f06a77a2c976","name":"Milenio","image":{"@type":"ImageObject","inLanguage":"es","@id":"https:\/\/secure.gravatar.com\/avatar\/acabf7b54753e51c2c76457954577c236b3b764789b19879565769739d1e4a75?s=96&d=mm&r=g","url":"https:\/\/secure.gravatar.com\/avatar\/acabf7b54753e51c2c76457954577c236b3b764789b19879565769739d1e4a75?s=96&d=mm&r=g","contentUrl":"https:\/\/secure.gravatar.com\/avatar\/acabf7b54753e51c2c76457954577c236b3b764789b19879565769739d1e4a75?s=96&d=mm&r=g","caption":"Milenio"},"url":"https:\/\/fuentesfidedignas.com.mx\/index.php\/author\/milenio\/"}]}},"_links":{"self":[{"href":"https:\/\/fuentesfidedignas.com.mx\/index.php\/wp-json\/wp\/v2\/posts\/71809","targetHints":{"allow":["GET"]}}],"collection":[{"href":"https:\/\/fuentesfidedignas.com.mx\/index.php\/wp-json\/wp\/v2\/posts"}],"about":[{"href":"https:\/\/fuentesfidedignas.com.mx\/index.php\/wp-json\/wp\/v2\/types\/post"}],"author":[{"embeddable":true,"href":"https:\/\/fuentesfidedignas.com.mx\/index.php\/wp-json\/wp\/v2\/users\/9"}],"replies":[{"embeddable":true,"href":"https:\/\/fuentesfidedignas.com.mx\/index.php\/wp-json\/wp\/v2\/comments?post=71809"}],"version-history":[{"count":1,"href":"https:\/\/fuentesfidedignas.com.mx\/index.php\/wp-json\/wp\/v2\/posts\/71809\/revisions"}],"predecessor-version":[{"id":71810,"href":"https:\/\/fuentesfidedignas.com.mx\/index.php\/wp-json\/wp\/v2\/posts\/71809\/revisions\/71810"}],"wp:featuredmedia":[{"embeddable":true,"href":"https:\/\/fuentesfidedignas.com.mx\/index.php\/wp-json\/wp\/v2\/media\/18112"}],"wp:attachment":[{"href":"https:\/\/fuentesfidedignas.com.mx\/index.php\/wp-json\/wp\/v2\/media?parent=71809"}],"wp:term":[{"taxonomy":"category","embeddable":true,"href":"https:\/\/fuentesfidedignas.com.mx\/index.php\/wp-json\/wp\/v2\/categories?post=71809"},{"taxonomy":"post_tag","embeddable":true,"href":"https:\/\/fuentesfidedignas.com.mx\/index.php\/wp-json\/wp\/v2\/tags?post=71809"}],"curies":[{"name":"wp","href":"https:\/\/api.w.org\/{rel}","templated":true}]}}