{"id":71799,"date":"2024-01-25T05:24:00","date_gmt":"2024-01-25T12:24:00","guid":{"rendered":"https:\/\/fuentesfidedignas.com.mx\/?p=71799"},"modified":"2024-01-24T18:24:23","modified_gmt":"2024-01-25T01:24:23","slug":"sacerdote-genera-indignacion-al-golpear-a-bebe-durante-bautizo-video","status":"publish","type":"post","link":"https:\/\/fuentesfidedignas.com.mx\/index.php\/2024\/01\/25\/sacerdote-genera-indignacion-al-golpear-a-bebe-durante-bautizo-video\/","title":{"rendered":"Sacerdote genera indignaci\u00f3n al golpear a beb\u00e9 durante bautizo (video)"},"content":{"rendered":"\n<p><strong><em>Los familiares del ni\u00f1o reci\u00e9n nacido no dudaron en intervenir tras la agresi\u00f3n, a pesar de los intentos del padre por ocultar el incidente<\/em><\/strong><\/p>\n\n\n\n<p>En las \u00faltimas horas, un video que muestra a un cura golpeando en el rostro a un menor se ha vuelto viral en las redes sociales, generando una ola de indignaci\u00f3n entre los internautas. Los familiares del ni\u00f1o reci\u00e9n nacido no dudaron en intervenir tras la agresi\u00f3n, a pesar de los intentos del padre por ocultar el incidente.<\/p>\n\n\n\n<p>El v\u00eddeo, que ha sido compartido en varias ocasiones, ha despertado fuertes cr\u00edticas hacia el sacerdote y la reacci\u00f3n de los padres, quienes parecen no haber actuado de manera contundente ante la situaci\u00f3n.<\/p>\n\n\n\n<p><strong>Esc\u00e1ndalo en redes sociales por agresi\u00f3n de un cura a un menor<\/strong><br>Aunque no se ha confirmado la ubicaci\u00f3n exacta de los hechos, la atenci\u00f3n de los usuarios se centra en la violencia perpetrada por el religioso. En las redes sociales, los internautas expresaron su indignaci\u00f3n y molestia hacia el sacerdote.<\/p>\n\n\n\n<p>Comentarios como \u201c\u00a1Madre m\u00eda! Si eso me pasara a m\u00ed con mi hijo, ese cura conocer\u00eda a Dios de verdad\u201d y \u201cYo, en el lugar del padre, ya le hubiera dado un buen castigo\u201d inundaron la secci\u00f3n de comentarios del video.<\/p>\n\n\n\n<figure class=\"wp-block-embed is-type-rich is-provider-twitter wp-block-embed-twitter\"><div class=\"wp-block-embed__wrapper\">\n<blockquote class=\"twitter-tweet\" data-width=\"550\" data-dnt=\"true\"><p lang=\"es\" dir=\"ltr\">ALV! Pero que le pasa a ese cabr\u00f3n! <a href=\"https:\/\/t.co\/0RFy5E270k\">pic.twitter.com\/0RFy5E270k<\/a><\/p>&mdash; \ud835\udd4f Millennials: La generaci\u00f3n mas preparada (@Milledescubren) <a href=\"https:\/\/twitter.com\/Milledescubren\/status\/1749461127925301263?ref_src=twsrc%5Etfw\">January 22, 2024<\/a><\/blockquote><script async src=\"https:\/\/platform.twitter.com\/widgets.js\" charset=\"utf-8\"><\/script>\n<\/div><\/figure>\n","protected":false},"excerpt":{"rendered":"<p>Los familiares del ni\u00f1o reci\u00e9n nacido no dudaron en intervenir tras la agresi\u00f3n, a pesar de los intentos del padre por ocultar el incidente En las \u00faltimas horas, un video que muestra a un cura golpeando en el rostro a un menor se ha vuelto viral en las redes sociales, generando una ola de indignaci\u00f3n [&hellip;]<\/p>\n","protected":false},"author":40,"featured_media":71800,"comment_status":"open","ping_status":"open","sticky":false,"template":"","format":"standard","meta":{"tdm_status":"","tdm_grid_status":"","footnotes":""},"categories":[40],"tags":[],"class_list":{"0":"post-71799","1":"post","2":"type-post","3":"status-publish","4":"format-standard","5":"has-post-thumbnail","7":"category-las-asombrosas"},"yoast_head":"<!-- This site is optimized with the Yoast SEO plugin v27.5 - https:\/\/yoast.com\/product\/yoast-seo-wordpress\/ -->\n<title>Sacerdote genera indignaci\u00f3n al golpear a beb\u00e9 durante bautizo (video) - Fuentes Fidedignas<\/title>\n<meta name=\"robots\" content=\"index, follow, max-snippet:-1, max-image-preview:large, max-video-preview:-1\" \/>\n<link rel=\"canonical\" href=\"https:\/\/fuentesfidedignas.com.mx\/index.php\/2024\/01\/25\/sacerdote-genera-indignacion-al-golpear-a-bebe-durante-bautizo-video\/\" \/>\n<meta property=\"og:locale\" content=\"es_MX\" \/>\n<meta property=\"og:type\" content=\"article\" \/>\n<meta property=\"og:title\" content=\"Sacerdote genera indignaci\u00f3n al golpear a beb\u00e9 durante bautizo (video) - Fuentes Fidedignas\" \/>\n<meta property=\"og:description\" content=\"Los familiares del ni\u00f1o reci\u00e9n nacido no dudaron en intervenir tras la agresi\u00f3n, a pesar de los intentos del padre por ocultar el incidente En las \u00faltimas horas, un video que muestra a un cura golpeando en el rostro a un menor se ha vuelto viral en las redes sociales, generando una ola de indignaci\u00f3n [&hellip;]\" \/>\n<meta property=\"og:url\" content=\"https:\/\/fuentesfidedignas.com.mx\/index.php\/2024\/01\/25\/sacerdote-genera-indignacion-al-golpear-a-bebe-durante-bautizo-video\/\" \/>\n<meta property=\"og:site_name\" content=\"Fuentes Fidedignas\" \/>\n<meta property=\"article:publisher\" content=\"https:\/\/www.facebook.com\/Fuentes-Fidedignas-368234489921644\" \/>\n<meta property=\"article:published_time\" content=\"2024-01-25T12:24:00+00:00\" \/>\n<meta property=\"og:image\" content=\"https:\/\/fuentesfidedignas.com.mx\/wp-content\/uploads\/2024\/01\/GOLPE_BAUTIZO.jpg\" \/>\n\t<meta property=\"og:image:width\" content=\"1004\" \/>\n\t<meta property=\"og:image:height\" content=\"764\" \/>\n\t<meta property=\"og:image:type\" content=\"image\/jpeg\" \/>\n<meta name=\"author\" content=\"El Imparcial\" \/>\n<meta name=\"twitter:card\" content=\"summary_large_image\" \/>\n<meta name=\"twitter:creator\" content=\"@fidedignas\" \/>\n<meta name=\"twitter:site\" content=\"@fidedignas\" \/>\n<meta name=\"twitter:label1\" content=\"Escrito por\" \/>\n\t<meta name=\"twitter:data1\" content=\"El Imparcial\" \/>\n\t<meta name=\"twitter:label2\" content=\"Tiempo de lectura\" \/>\n\t<meta name=\"twitter:data2\" content=\"2 minutos\" \/>\n<script type=\"application\/ld+json\" class=\"yoast-schema-graph\">{\"@context\":\"https:\\\/\\\/schema.org\",\"@graph\":[{\"@type\":\"Article\",\"@id\":\"https:\\\/\\\/fuentesfidedignas.com.mx\\\/index.php\\\/2024\\\/01\\\/25\\\/sacerdote-genera-indignacion-al-golpear-a-bebe-durante-bautizo-video\\\/#article\",\"isPartOf\":{\"@id\":\"https:\\\/\\\/fuentesfidedignas.com.mx\\\/index.php\\\/2024\\\/01\\\/25\\\/sacerdote-genera-indignacion-al-golpear-a-bebe-durante-bautizo-video\\\/\"},\"author\":{\"name\":\"El Imparcial\",\"@id\":\"https:\\\/\\\/fuentesfidedignas.com.mx\\\/#\\\/schema\\\/person\\\/ff4db17f8fd9c584e0cfc2a0c436b8a1\"},\"headline\":\"Sacerdote genera indignaci\u00f3n al golpear a beb\u00e9 durante bautizo (video)\",\"datePublished\":\"2024-01-25T12:24:00+00:00\",\"mainEntityOfPage\":{\"@id\":\"https:\\\/\\\/fuentesfidedignas.com.mx\\\/index.php\\\/2024\\\/01\\\/25\\\/sacerdote-genera-indignacion-al-golpear-a-bebe-durante-bautizo-video\\\/\"},\"wordCount\":242,\"commentCount\":0,\"publisher\":{\"@id\":\"https:\\\/\\\/fuentesfidedignas.com.mx\\\/#organization\"},\"image\":{\"@id\":\"https:\\\/\\\/fuentesfidedignas.com.mx\\\/index.php\\\/2024\\\/01\\\/25\\\/sacerdote-genera-indignacion-al-golpear-a-bebe-durante-bautizo-video\\\/#primaryimage\"},\"thumbnailUrl\":\"https:\\\/\\\/fuentesfidedignas.com.mx\\\/wp-content\\\/uploads\\\/2024\\\/01\\\/GOLPE_BAUTIZO.jpg\",\"articleSection\":[\"LAS ASOMBROSAS\"],\"inLanguage\":\"es\",\"potentialAction\":[{\"@type\":\"CommentAction\",\"name\":\"Comment\",\"target\":[\"https:\\\/\\\/fuentesfidedignas.com.mx\\\/index.php\\\/2024\\\/01\\\/25\\\/sacerdote-genera-indignacion-al-golpear-a-bebe-durante-bautizo-video\\\/#respond\"]}]},{\"@type\":\"WebPage\",\"@id\":\"https:\\\/\\\/fuentesfidedignas.com.mx\\\/index.php\\\/2024\\\/01\\\/25\\\/sacerdote-genera-indignacion-al-golpear-a-bebe-durante-bautizo-video\\\/\",\"url\":\"https:\\\/\\\/fuentesfidedignas.com.mx\\\/index.php\\\/2024\\\/01\\\/25\\\/sacerdote-genera-indignacion-al-golpear-a-bebe-durante-bautizo-video\\\/\",\"name\":\"Sacerdote genera indignaci\u00f3n al golpear a beb\u00e9 durante bautizo (video) - Fuentes Fidedignas\",\"isPartOf\":{\"@id\":\"https:\\\/\\\/fuentesfidedignas.com.mx\\\/#website\"},\"primaryImageOfPage\":{\"@id\":\"https:\\\/\\\/fuentesfidedignas.com.mx\\\/index.php\\\/2024\\\/01\\\/25\\\/sacerdote-genera-indignacion-al-golpear-a-bebe-durante-bautizo-video\\\/#primaryimage\"},\"image\":{\"@id\":\"https:\\\/\\\/fuentesfidedignas.com.mx\\\/index.php\\\/2024\\\/01\\\/25\\\/sacerdote-genera-indignacion-al-golpear-a-bebe-durante-bautizo-video\\\/#primaryimage\"},\"thumbnailUrl\":\"https:\\\/\\\/fuentesfidedignas.com.mx\\\/wp-content\\\/uploads\\\/2024\\\/01\\\/GOLPE_BAUTIZO.jpg\",\"datePublished\":\"2024-01-25T12:24:00+00:00\",\"breadcrumb\":{\"@id\":\"https:\\\/\\\/fuentesfidedignas.com.mx\\\/index.php\\\/2024\\\/01\\\/25\\\/sacerdote-genera-indignacion-al-golpear-a-bebe-durante-bautizo-video\\\/#breadcrumb\"},\"inLanguage\":\"es\",\"potentialAction\":[{\"@type\":\"ReadAction\",\"target\":[\"https:\\\/\\\/fuentesfidedignas.com.mx\\\/index.php\\\/2024\\\/01\\\/25\\\/sacerdote-genera-indignacion-al-golpear-a-bebe-durante-bautizo-video\\\/\"]}]},{\"@type\":\"ImageObject\",\"inLanguage\":\"es\",\"@id\":\"https:\\\/\\\/fuentesfidedignas.com.mx\\\/index.php\\\/2024\\\/01\\\/25\\\/sacerdote-genera-indignacion-al-golpear-a-bebe-durante-bautizo-video\\\/#primaryimage\",\"url\":\"https:\\\/\\\/fuentesfidedignas.com.mx\\\/wp-content\\\/uploads\\\/2024\\\/01\\\/GOLPE_BAUTIZO.jpg\",\"contentUrl\":\"https:\\\/\\\/fuentesfidedignas.com.mx\\\/wp-content\\\/uploads\\\/2024\\\/01\\\/GOLPE_BAUTIZO.jpg\",\"width\":1004,\"height\":764},{\"@type\":\"BreadcrumbList\",\"@id\":\"https:\\\/\\\/fuentesfidedignas.com.mx\\\/index.php\\\/2024\\\/01\\\/25\\\/sacerdote-genera-indignacion-al-golpear-a-bebe-durante-bautizo-video\\\/#breadcrumb\",\"itemListElement\":[{\"@type\":\"ListItem\",\"position\":1,\"name\":\"Inicio\",\"item\":\"https:\\\/\\\/fuentesfidedignas.com.mx\\\/\"},{\"@type\":\"ListItem\",\"position\":2,\"name\":\"Sacerdote genera indignaci\u00f3n al golpear a beb\u00e9 durante bautizo (video)\"}]},{\"@type\":\"WebSite\",\"@id\":\"https:\\\/\\\/fuentesfidedignas.com.mx\\\/#website\",\"url\":\"https:\\\/\\\/fuentesfidedignas.com.mx\\\/\",\"name\":\"Fuentes Fidedignas\",\"description\":\"Otro sitio realizado con WordPress\",\"publisher\":{\"@id\":\"https:\\\/\\\/fuentesfidedignas.com.mx\\\/#organization\"},\"potentialAction\":[{\"@type\":\"SearchAction\",\"target\":{\"@type\":\"EntryPoint\",\"urlTemplate\":\"https:\\\/\\\/fuentesfidedignas.com.mx\\\/?s={search_term_string}\"},\"query-input\":{\"@type\":\"PropertyValueSpecification\",\"valueRequired\":true,\"valueName\":\"search_term_string\"}}],\"inLanguage\":\"es\"},{\"@type\":\"Organization\",\"@id\":\"https:\\\/\\\/fuentesfidedignas.com.mx\\\/#organization\",\"name\":\"Fuentes Fidedignas\",\"url\":\"https:\\\/\\\/fuentesfidedignas.com.mx\\\/\",\"logo\":{\"@type\":\"ImageObject\",\"inLanguage\":\"es\",\"@id\":\"https:\\\/\\\/fuentesfidedignas.com.mx\\\/#\\\/schema\\\/logo\\\/image\\\/\",\"url\":\"https:\\\/\\\/fuentesfidedignas.com.mx\\\/wp-content\\\/uploads\\\/2021\\\/04\\\/logo-retina.png\",\"contentUrl\":\"https:\\\/\\\/fuentesfidedignas.com.mx\\\/wp-content\\\/uploads\\\/2021\\\/04\\\/logo-retina.png\",\"width\":280,\"height\":51,\"caption\":\"Fuentes Fidedignas\"},\"image\":{\"@id\":\"https:\\\/\\\/fuentesfidedignas.com.mx\\\/#\\\/schema\\\/logo\\\/image\\\/\"},\"sameAs\":[\"https:\\\/\\\/www.facebook.com\\\/Fuentes-Fidedignas-368234489921644\",\"https:\\\/\\\/x.com\\\/fidedignas\"]},{\"@type\":\"Person\",\"@id\":\"https:\\\/\\\/fuentesfidedignas.com.mx\\\/#\\\/schema\\\/person\\\/ff4db17f8fd9c584e0cfc2a0c436b8a1\",\"name\":\"El Imparcial\",\"image\":{\"@type\":\"ImageObject\",\"inLanguage\":\"es\",\"@id\":\"https:\\\/\\\/secure.gravatar.com\\\/avatar\\\/accd6807585a75316c237ee783498317be6f66ab34c47c940966f26a3f613161?s=96&d=mm&r=g\",\"url\":\"https:\\\/\\\/secure.gravatar.com\\\/avatar\\\/accd6807585a75316c237ee783498317be6f66ab34c47c940966f26a3f613161?s=96&d=mm&r=g\",\"contentUrl\":\"https:\\\/\\\/secure.gravatar.com\\\/avatar\\\/accd6807585a75316c237ee783498317be6f66ab34c47c940966f26a3f613161?s=96&d=mm&r=g\",\"caption\":\"El Imparcial\"},\"url\":\"https:\\\/\\\/fuentesfidedignas.com.mx\\\/index.php\\\/author\\\/imparcial\\\/\"}]}<\/script>\n<!-- \/ Yoast SEO plugin. -->","yoast_head_json":{"title":"Sacerdote genera indignaci\u00f3n al golpear a beb\u00e9 durante bautizo (video) - Fuentes Fidedignas","robots":{"index":"index","follow":"follow","max-snippet":"max-snippet:-1","max-image-preview":"max-image-preview:large","max-video-preview":"max-video-preview:-1"},"canonical":"https:\/\/fuentesfidedignas.com.mx\/index.php\/2024\/01\/25\/sacerdote-genera-indignacion-al-golpear-a-bebe-durante-bautizo-video\/","og_locale":"es_MX","og_type":"article","og_title":"Sacerdote genera indignaci\u00f3n al golpear a beb\u00e9 durante bautizo (video) - Fuentes Fidedignas","og_description":"Los familiares del ni\u00f1o reci\u00e9n nacido no dudaron en intervenir tras la agresi\u00f3n, a pesar de los intentos del padre por ocultar el incidente En las \u00faltimas horas, un video que muestra a un cura golpeando en el rostro a un menor se ha vuelto viral en las redes sociales, generando una ola de indignaci\u00f3n [&hellip;]","og_url":"https:\/\/fuentesfidedignas.com.mx\/index.php\/2024\/01\/25\/sacerdote-genera-indignacion-al-golpear-a-bebe-durante-bautizo-video\/","og_site_name":"Fuentes Fidedignas","article_publisher":"https:\/\/www.facebook.com\/Fuentes-Fidedignas-368234489921644","article_published_time":"2024-01-25T12:24:00+00:00","og_image":[{"width":1004,"height":764,"url":"https:\/\/fuentesfidedignas.com.mx\/wp-content\/uploads\/2024\/01\/GOLPE_BAUTIZO.jpg","type":"image\/jpeg"}],"author":"El Imparcial","twitter_card":"summary_large_image","twitter_creator":"@fidedignas","twitter_site":"@fidedignas","twitter_misc":{"Escrito por":"El Imparcial","Tiempo de lectura":"2 minutos"},"schema":{"@context":"https:\/\/schema.org","@graph":[{"@type":"Article","@id":"https:\/\/fuentesfidedignas.com.mx\/index.php\/2024\/01\/25\/sacerdote-genera-indignacion-al-golpear-a-bebe-durante-bautizo-video\/#article","isPartOf":{"@id":"https:\/\/fuentesfidedignas.com.mx\/index.php\/2024\/01\/25\/sacerdote-genera-indignacion-al-golpear-a-bebe-durante-bautizo-video\/"},"author":{"name":"El Imparcial","@id":"https:\/\/fuentesfidedignas.com.mx\/#\/schema\/person\/ff4db17f8fd9c584e0cfc2a0c436b8a1"},"headline":"Sacerdote genera indignaci\u00f3n al golpear a beb\u00e9 durante bautizo (video)","datePublished":"2024-01-25T12:24:00+00:00","mainEntityOfPage":{"@id":"https:\/\/fuentesfidedignas.com.mx\/index.php\/2024\/01\/25\/sacerdote-genera-indignacion-al-golpear-a-bebe-durante-bautizo-video\/"},"wordCount":242,"commentCount":0,"publisher":{"@id":"https:\/\/fuentesfidedignas.com.mx\/#organization"},"image":{"@id":"https:\/\/fuentesfidedignas.com.mx\/index.php\/2024\/01\/25\/sacerdote-genera-indignacion-al-golpear-a-bebe-durante-bautizo-video\/#primaryimage"},"thumbnailUrl":"https:\/\/fuentesfidedignas.com.mx\/wp-content\/uploads\/2024\/01\/GOLPE_BAUTIZO.jpg","articleSection":["LAS ASOMBROSAS"],"inLanguage":"es","potentialAction":[{"@type":"CommentAction","name":"Comment","target":["https:\/\/fuentesfidedignas.com.mx\/index.php\/2024\/01\/25\/sacerdote-genera-indignacion-al-golpear-a-bebe-durante-bautizo-video\/#respond"]}]},{"@type":"WebPage","@id":"https:\/\/fuentesfidedignas.com.mx\/index.php\/2024\/01\/25\/sacerdote-genera-indignacion-al-golpear-a-bebe-durante-bautizo-video\/","url":"https:\/\/fuentesfidedignas.com.mx\/index.php\/2024\/01\/25\/sacerdote-genera-indignacion-al-golpear-a-bebe-durante-bautizo-video\/","name":"Sacerdote genera indignaci\u00f3n al golpear a beb\u00e9 durante bautizo (video) - Fuentes Fidedignas","isPartOf":{"@id":"https:\/\/fuentesfidedignas.com.mx\/#website"},"primaryImageOfPage":{"@id":"https:\/\/fuentesfidedignas.com.mx\/index.php\/2024\/01\/25\/sacerdote-genera-indignacion-al-golpear-a-bebe-durante-bautizo-video\/#primaryimage"},"image":{"@id":"https:\/\/fuentesfidedignas.com.mx\/index.php\/2024\/01\/25\/sacerdote-genera-indignacion-al-golpear-a-bebe-durante-bautizo-video\/#primaryimage"},"thumbnailUrl":"https:\/\/fuentesfidedignas.com.mx\/wp-content\/uploads\/2024\/01\/GOLPE_BAUTIZO.jpg","datePublished":"2024-01-25T12:24:00+00:00","breadcrumb":{"@id":"https:\/\/fuentesfidedignas.com.mx\/index.php\/2024\/01\/25\/sacerdote-genera-indignacion-al-golpear-a-bebe-durante-bautizo-video\/#breadcrumb"},"inLanguage":"es","potentialAction":[{"@type":"ReadAction","target":["https:\/\/fuentesfidedignas.com.mx\/index.php\/2024\/01\/25\/sacerdote-genera-indignacion-al-golpear-a-bebe-durante-bautizo-video\/"]}]},{"@type":"ImageObject","inLanguage":"es","@id":"https:\/\/fuentesfidedignas.com.mx\/index.php\/2024\/01\/25\/sacerdote-genera-indignacion-al-golpear-a-bebe-durante-bautizo-video\/#primaryimage","url":"https:\/\/fuentesfidedignas.com.mx\/wp-content\/uploads\/2024\/01\/GOLPE_BAUTIZO.jpg","contentUrl":"https:\/\/fuentesfidedignas.com.mx\/wp-content\/uploads\/2024\/01\/GOLPE_BAUTIZO.jpg","width":1004,"height":764},{"@type":"BreadcrumbList","@id":"https:\/\/fuentesfidedignas.com.mx\/index.php\/2024\/01\/25\/sacerdote-genera-indignacion-al-golpear-a-bebe-durante-bautizo-video\/#breadcrumb","itemListElement":[{"@type":"ListItem","position":1,"name":"Inicio","item":"https:\/\/fuentesfidedignas.com.mx\/"},{"@type":"ListItem","position":2,"name":"Sacerdote genera indignaci\u00f3n al golpear a beb\u00e9 durante bautizo (video)"}]},{"@type":"WebSite","@id":"https:\/\/fuentesfidedignas.com.mx\/#website","url":"https:\/\/fuentesfidedignas.com.mx\/","name":"Fuentes Fidedignas","description":"Otro sitio realizado con WordPress","publisher":{"@id":"https:\/\/fuentesfidedignas.com.mx\/#organization"},"potentialAction":[{"@type":"SearchAction","target":{"@type":"EntryPoint","urlTemplate":"https:\/\/fuentesfidedignas.com.mx\/?s={search_term_string}"},"query-input":{"@type":"PropertyValueSpecification","valueRequired":true,"valueName":"search_term_string"}}],"inLanguage":"es"},{"@type":"Organization","@id":"https:\/\/fuentesfidedignas.com.mx\/#organization","name":"Fuentes Fidedignas","url":"https:\/\/fuentesfidedignas.com.mx\/","logo":{"@type":"ImageObject","inLanguage":"es","@id":"https:\/\/fuentesfidedignas.com.mx\/#\/schema\/logo\/image\/","url":"https:\/\/fuentesfidedignas.com.mx\/wp-content\/uploads\/2021\/04\/logo-retina.png","contentUrl":"https:\/\/fuentesfidedignas.com.mx\/wp-content\/uploads\/2021\/04\/logo-retina.png","width":280,"height":51,"caption":"Fuentes Fidedignas"},"image":{"@id":"https:\/\/fuentesfidedignas.com.mx\/#\/schema\/logo\/image\/"},"sameAs":["https:\/\/www.facebook.com\/Fuentes-Fidedignas-368234489921644","https:\/\/x.com\/fidedignas"]},{"@type":"Person","@id":"https:\/\/fuentesfidedignas.com.mx\/#\/schema\/person\/ff4db17f8fd9c584e0cfc2a0c436b8a1","name":"El Imparcial","image":{"@type":"ImageObject","inLanguage":"es","@id":"https:\/\/secure.gravatar.com\/avatar\/accd6807585a75316c237ee783498317be6f66ab34c47c940966f26a3f613161?s=96&d=mm&r=g","url":"https:\/\/secure.gravatar.com\/avatar\/accd6807585a75316c237ee783498317be6f66ab34c47c940966f26a3f613161?s=96&d=mm&r=g","contentUrl":"https:\/\/secure.gravatar.com\/avatar\/accd6807585a75316c237ee783498317be6f66ab34c47c940966f26a3f613161?s=96&d=mm&r=g","caption":"El Imparcial"},"url":"https:\/\/fuentesfidedignas.com.mx\/index.php\/author\/imparcial\/"}]}},"_links":{"self":[{"href":"https:\/\/fuentesfidedignas.com.mx\/index.php\/wp-json\/wp\/v2\/posts\/71799","targetHints":{"allow":["GET"]}}],"collection":[{"href":"https:\/\/fuentesfidedignas.com.mx\/index.php\/wp-json\/wp\/v2\/posts"}],"about":[{"href":"https:\/\/fuentesfidedignas.com.mx\/index.php\/wp-json\/wp\/v2\/types\/post"}],"author":[{"embeddable":true,"href":"https:\/\/fuentesfidedignas.com.mx\/index.php\/wp-json\/wp\/v2\/users\/40"}],"replies":[{"embeddable":true,"href":"https:\/\/fuentesfidedignas.com.mx\/index.php\/wp-json\/wp\/v2\/comments?post=71799"}],"version-history":[{"count":1,"href":"https:\/\/fuentesfidedignas.com.mx\/index.php\/wp-json\/wp\/v2\/posts\/71799\/revisions"}],"predecessor-version":[{"id":71801,"href":"https:\/\/fuentesfidedignas.com.mx\/index.php\/wp-json\/wp\/v2\/posts\/71799\/revisions\/71801"}],"wp:featuredmedia":[{"embeddable":true,"href":"https:\/\/fuentesfidedignas.com.mx\/index.php\/wp-json\/wp\/v2\/media\/71800"}],"wp:attachment":[{"href":"https:\/\/fuentesfidedignas.com.mx\/index.php\/wp-json\/wp\/v2\/media?parent=71799"}],"wp:term":[{"taxonomy":"category","embeddable":true,"href":"https:\/\/fuentesfidedignas.com.mx\/index.php\/wp-json\/wp\/v2\/categories?post=71799"},{"taxonomy":"post_tag","embeddable":true,"href":"https:\/\/fuentesfidedignas.com.mx\/index.php\/wp-json\/wp\/v2\/tags?post=71799"}],"curies":[{"name":"wp","href":"https:\/\/api.w.org\/{rel}","templated":true}]}}