{"id":71768,"date":"2024-01-24T13:48:28","date_gmt":"2024-01-24T20:48:28","guid":{"rendered":"https:\/\/fuentesfidedignas.com.mx\/?p=71768"},"modified":"2024-01-24T13:48:30","modified_gmt":"2024-01-24T20:48:30","slug":"ineptitud-al-mando","status":"publish","type":"post","link":"https:\/\/fuentesfidedignas.com.mx\/index.php\/2024\/01\/24\/ineptitud-al-mando\/","title":{"rendered":"Ineptitud al Mando"},"content":{"rendered":"\n<p><strong>Por: Juan B. Ordorica (<a href=\"https:\/\/twitter.com\/juanordorica\">@juanordorica<\/a>)<\/strong><\/p>\n\n\n\n<p>Decir que nuestros gobernantes son ineptos es hablar en pleonasmos. Los servidores p\u00fablicos y pol\u00edticos que est\u00e1n a la altura de sus encargos son la excepci\u00f3n; no la regla. La pol\u00edtica y el servicio p\u00fablico es de las pocas actividades donde la ineptidud no es un obst\u00e1culo para escalar en las posiciones. Dif\u00edcilmente abogados, contadores, mec\u00e1nicos, m\u00e9dicos, psic\u00f3logas, ingenieras, etc. pueden construir carreras exitosas con niveles de ineptitud tan altos como existen en la pol\u00edtica.<\/p>\n\n\n\n<p>Mucho se ha escrito del principio de Peters (sugiero una b\u00fasqueda r\u00e1pida en Google para no extenderme mucho en la explicaci\u00f3n). Este principio sugiere que las promociones dentro de una estructura organizativa son otorgadas a individuos competentes en sus roles actuales. Sin embargo, este proceso encuentra su l\u00edmite cuando un empleado alcanza un puesto en el que ya no puede desempe\u00f1arse con \u00e9xito, ya sea por falta de habilidades, experiencia o aptitudes necesarias para ese nuevo nivel. <strong>El Principio de Peters nos recuerda que el \u00e9xito en un nivel no garantiza autom\u00e1ticamente el \u00e9xito en niveles posteriores.<\/strong> Las organizaciones sabias reconocen la importancia de evaluar no s\u00f3lo el rendimiento actual de sus empleados, sino tambi\u00e9n su capacidad y disposici\u00f3n para crecer y adaptarse a desaf\u00edos m\u00e1s complejos.<\/p>\n\n\n\n<p><strong>Al final del d\u00eda todos estamos expuestos a alcanzar nuestro limite.<\/strong> La diferencia con los pol\u00edticos es las conciencia de nuestros l\u00edmites y lo honestos que somos con nosotros mismos. Tal vez usted sea un excelente abogado, pero est\u00e1 de acuerdo que le falta mucho para ser un Ministro de la SCJN; puede ser una m\u00e9dica l\u00edder en el campo de la cardiolog\u00eda, pero no se atrever\u00eda a aceptar la direcci\u00f3n de Oncolog\u00eda en un hospital de alto perfil o un mec\u00e1nico con mucha experiencia, pero sabr\u00eda perfectamente que el cargo de director de motores en un equipo de f\u00f3rmula 1 est\u00e1 m\u00e1s all\u00e1 de su experiencia. <strong>Los pol\u00edticos toman daciones de todo como sin importar su nivel de ineptitud o que su preparaci\u00f3n profesional nada tenga que ver con el \u00e1rea donde desempe\u00f1an su tarea.<\/strong><\/p>\n\n\n\n<p><strong>El servicio p\u00fablico est\u00e1 plagado de ineptos en sus cargos.<\/strong> Muchos de ellos fueron muy exitosos en alguna actividad electoral, t\u00e9cnica o personal, pero en el momento de tener responsabilidades m\u00e1s all\u00e1 de sus capacidades alcanzaron el nivel de ineptitud. Para muestra de ello podemos analizar los casos de nuestros m\u00e1s recientes presidentes.<\/p>\n\n\n\n<p><strong>L\u00f3pez Obrador es un presidente que, tal vez, tiene buenas intenciones y es \u00bfhonesto? (la honestidad va m\u00e1s all\u00e1 de no robar).<\/strong> Para millones de mexicanos el primer mandatario es un pol\u00edtico con amor desbordado por los m\u00e1s desprotegidos; sin embargo, gran parte de sus acciones terminan siendo opacadas por la ineptitud propia. Fue un buen l\u00edder opositor, un excelente candidato, un Jefe de Gobierno aceptable, pero en la presidencia alcanz\u00f3 su grado de ineptitud. (Pandemia, Sistema de Salud, Inseguridad, Crecimiento PIB)<\/p>\n\n\n\n<p><strong>Un caso similar es el de Pe\u00f1a Nieto.<\/strong> Fue un srio de finanzas aceptable y un buen gobernador del Edo. De M\u00e9xico. Seguramente siempre fue corrupto, pero sus decisiones no parec\u00edan de un inepto; sin embargo, cuando alcanz\u00f3 la presidencia la ineptitud se dispar\u00f3 de manera exponencial. Gran parte de las decisiones del expresidente priista estuvieron llenas de estulticia. (Trump, Corrupci\u00f3n, manejos de crisis,etc)<\/p>\n\n\n\n<p><strong>Calder\u00f3n fue un buen legislador y un excelente dirigente de Acci\u00f3n Nacional.<\/strong> En la presidencia tuvo su principio de ineptitud. Termin\u00f3 creando un problema de violencia donde no hab\u00eda ninguno y permiti\u00f3 que un perfil como el de Garc\u00eda Luna creciera de manera exponencial.<\/p>\n\n\n\n<p><strong>Vicente Fox fue un ejecutivo de Coca Cola con muy buenos resultados.<\/strong> La empresa reconoce su labor como uno de los mejores directores que ha tenido. Estuvo dos a\u00f1os en la gubernatura y fueron suficientes para construir una buena imagen de gobernante; en la presidencia fue distinto. No pudo con las expectativas y las ineptitudes estaban en el orden del d\u00eda. No pudo construir un aeropuerto nuevo, permiti\u00f3 que el PRI siguiera tan corrupto como siempre y agreg\u00f3 al panismo al estilo de corrupci\u00f3n del PRI.<\/p>\n\n\n\n<p><strong>Zedillo puede ser considerado como excepci\u00f3n. <\/strong>Siempre fue un funcionario mediocre. Nunca tuvo trabajos y tareas sobresalientes antes de la presidencia. Cuando lleg\u00f3 a la presidencia fue lo contrario. Pudo superar una de las peores crisis en M\u00e9xico de finales del Siglo XX. El trabajo de presidente fue superior a los que hab\u00eda tenido antes. Mostr\u00f3 la preparaci\u00f3n suficiente.<\/p>\n\n\n\n<p>Una de las cuestiones que me intriga de manera recurrente es la alta tolerancia que tenemos a la ineptitud de los pol\u00edticos. Un restaurante que nos atienda mal una sola vez es suficiente para no regresar nunca. No aceptamos una mala cara de un vendedor para evitar hacer negocios con \u00e9l. Nos cansamos de hablar mal de alg\u00fan plomero que no entreg\u00f3 un trabajo en tiempo y forma; sin embargo, no es as\u00ed con los pol\u00edticos.<strong> A ellos les perdonamos todo y los justificamos. Su ineptitud es bien vista cuando \u201cnos identificamos con ellos\u201d. Por eso y solo por eso, la ineptitud seguir\u00e1 al mando.<\/strong><\/p>\n\n\n\n<p>\u00bfUsted qu\u00e9 opina, amable lector? \u00bfQu\u00e9 tanto tolera la ineptitud de su pol\u00edtico favorito?<\/p>\n","protected":false},"excerpt":{"rendered":"<p>Por: Juan B. Ordorica (@juanordorica) Decir que nuestros gobernantes son ineptos es hablar en pleonasmos. Los servidores p\u00fablicos y pol\u00edticos que est\u00e1n a la altura de sus encargos son la excepci\u00f3n; no la regla. La pol\u00edtica y el servicio p\u00fablico es de las pocas actividades donde la ineptidud no es un obst\u00e1culo para escalar en [&hellip;]<\/p>\n","protected":false},"author":90,"featured_media":45741,"comment_status":"open","ping_status":"open","sticky":false,"template":"","format":"standard","meta":{"tdm_status":"","tdm_grid_status":"","footnotes":""},"categories":[3064,2729],"tags":[],"class_list":{"0":"post-71768","1":"post","2":"type-post","3":"status-publish","4":"format-standard","5":"has-post-thumbnail","7":"category-columnas","8":"category-sofismas-de-ocasion"},"yoast_head":"<!-- This site is optimized with the Yoast SEO plugin v27.4 - https:\/\/yoast.com\/product\/yoast-seo-wordpress\/ -->\n<title>Ineptitud al Mando - Fuentes Fidedignas<\/title>\n<meta name=\"robots\" content=\"index, follow, max-snippet:-1, max-image-preview:large, max-video-preview:-1\" \/>\n<link rel=\"canonical\" href=\"https:\/\/fuentesfidedignas.com.mx\/index.php\/2024\/01\/24\/ineptitud-al-mando\/\" \/>\n<meta property=\"og:locale\" content=\"es_MX\" \/>\n<meta property=\"og:type\" content=\"article\" \/>\n<meta property=\"og:title\" content=\"Ineptitud al Mando - Fuentes Fidedignas\" \/>\n<meta property=\"og:description\" content=\"Por: Juan B. Ordorica (@juanordorica) Decir que nuestros gobernantes son ineptos es hablar en pleonasmos. Los servidores p\u00fablicos y pol\u00edticos que est\u00e1n a la altura de sus encargos son la excepci\u00f3n; no la regla. La pol\u00edtica y el servicio p\u00fablico es de las pocas actividades donde la ineptidud no es un obst\u00e1culo para escalar en [&hellip;]\" \/>\n<meta property=\"og:url\" content=\"https:\/\/fuentesfidedignas.com.mx\/index.php\/2024\/01\/24\/ineptitud-al-mando\/\" \/>\n<meta property=\"og:site_name\" content=\"Fuentes Fidedignas\" \/>\n<meta property=\"article:publisher\" content=\"https:\/\/www.facebook.com\/Fuentes-Fidedignas-368234489921644\" \/>\n<meta property=\"article:published_time\" content=\"2024-01-24T20:48:28+00:00\" \/>\n<meta property=\"article:modified_time\" content=\"2024-01-24T20:48:30+00:00\" \/>\n<meta property=\"og:image\" content=\"https:\/\/fuentesfidedignas.com.mx\/wp-content\/uploads\/2023\/04\/ordorica.jpg\" \/>\n\t<meta property=\"og:image:width\" content=\"625\" \/>\n\t<meta property=\"og:image:height\" content=\"936\" \/>\n\t<meta property=\"og:image:type\" content=\"image\/jpeg\" \/>\n<meta name=\"author\" content=\"Juan B. Ordorica\" \/>\n<meta name=\"twitter:card\" content=\"summary_large_image\" \/>\n<meta name=\"twitter:creator\" content=\"@fidedignas\" \/>\n<meta name=\"twitter:site\" content=\"@fidedignas\" \/>\n<meta name=\"twitter:label1\" content=\"Escrito por\" \/>\n\t<meta name=\"twitter:data1\" content=\"Juan B. Ordorica\" \/>\n\t<meta name=\"twitter:label2\" content=\"Tiempo de lectura\" \/>\n\t<meta name=\"twitter:data2\" content=\"5 minutos\" \/>\n<script type=\"application\/ld+json\" class=\"yoast-schema-graph\">{\"@context\":\"https:\\\/\\\/schema.org\",\"@graph\":[{\"@type\":\"Article\",\"@id\":\"https:\\\/\\\/fuentesfidedignas.com.mx\\\/index.php\\\/2024\\\/01\\\/24\\\/ineptitud-al-mando\\\/#article\",\"isPartOf\":{\"@id\":\"https:\\\/\\\/fuentesfidedignas.com.mx\\\/index.php\\\/2024\\\/01\\\/24\\\/ineptitud-al-mando\\\/\"},\"author\":{\"name\":\"Juan B. Ordorica\",\"@id\":\"https:\\\/\\\/fuentesfidedignas.com.mx\\\/#\\\/schema\\\/person\\\/a24a4d1a5ecdf3b48c4333fa1c26269a\"},\"headline\":\"Ineptitud al Mando\",\"datePublished\":\"2024-01-24T20:48:28+00:00\",\"dateModified\":\"2024-01-24T20:48:30+00:00\",\"mainEntityOfPage\":{\"@id\":\"https:\\\/\\\/fuentesfidedignas.com.mx\\\/index.php\\\/2024\\\/01\\\/24\\\/ineptitud-al-mando\\\/\"},\"wordCount\":920,\"commentCount\":0,\"publisher\":{\"@id\":\"https:\\\/\\\/fuentesfidedignas.com.mx\\\/#organization\"},\"image\":{\"@id\":\"https:\\\/\\\/fuentesfidedignas.com.mx\\\/index.php\\\/2024\\\/01\\\/24\\\/ineptitud-al-mando\\\/#primaryimage\"},\"thumbnailUrl\":\"https:\\\/\\\/fuentesfidedignas.com.mx\\\/wp-content\\\/uploads\\\/2023\\\/04\\\/ordorica.jpg\",\"articleSection\":[\"COLUMNAS\",\"SOFISMAS DE OCASI\u00d3N\"],\"inLanguage\":\"es\",\"potentialAction\":[{\"@type\":\"CommentAction\",\"name\":\"Comment\",\"target\":[\"https:\\\/\\\/fuentesfidedignas.com.mx\\\/index.php\\\/2024\\\/01\\\/24\\\/ineptitud-al-mando\\\/#respond\"]}]},{\"@type\":\"WebPage\",\"@id\":\"https:\\\/\\\/fuentesfidedignas.com.mx\\\/index.php\\\/2024\\\/01\\\/24\\\/ineptitud-al-mando\\\/\",\"url\":\"https:\\\/\\\/fuentesfidedignas.com.mx\\\/index.php\\\/2024\\\/01\\\/24\\\/ineptitud-al-mando\\\/\",\"name\":\"Ineptitud al Mando - Fuentes Fidedignas\",\"isPartOf\":{\"@id\":\"https:\\\/\\\/fuentesfidedignas.com.mx\\\/#website\"},\"primaryImageOfPage\":{\"@id\":\"https:\\\/\\\/fuentesfidedignas.com.mx\\\/index.php\\\/2024\\\/01\\\/24\\\/ineptitud-al-mando\\\/#primaryimage\"},\"image\":{\"@id\":\"https:\\\/\\\/fuentesfidedignas.com.mx\\\/index.php\\\/2024\\\/01\\\/24\\\/ineptitud-al-mando\\\/#primaryimage\"},\"thumbnailUrl\":\"https:\\\/\\\/fuentesfidedignas.com.mx\\\/wp-content\\\/uploads\\\/2023\\\/04\\\/ordorica.jpg\",\"datePublished\":\"2024-01-24T20:48:28+00:00\",\"dateModified\":\"2024-01-24T20:48:30+00:00\",\"breadcrumb\":{\"@id\":\"https:\\\/\\\/fuentesfidedignas.com.mx\\\/index.php\\\/2024\\\/01\\\/24\\\/ineptitud-al-mando\\\/#breadcrumb\"},\"inLanguage\":\"es\",\"potentialAction\":[{\"@type\":\"ReadAction\",\"target\":[\"https:\\\/\\\/fuentesfidedignas.com.mx\\\/index.php\\\/2024\\\/01\\\/24\\\/ineptitud-al-mando\\\/\"]}]},{\"@type\":\"ImageObject\",\"inLanguage\":\"es\",\"@id\":\"https:\\\/\\\/fuentesfidedignas.com.mx\\\/index.php\\\/2024\\\/01\\\/24\\\/ineptitud-al-mando\\\/#primaryimage\",\"url\":\"https:\\\/\\\/fuentesfidedignas.com.mx\\\/wp-content\\\/uploads\\\/2023\\\/04\\\/ordorica.jpg\",\"contentUrl\":\"https:\\\/\\\/fuentesfidedignas.com.mx\\\/wp-content\\\/uploads\\\/2023\\\/04\\\/ordorica.jpg\",\"width\":625,\"height\":936},{\"@type\":\"BreadcrumbList\",\"@id\":\"https:\\\/\\\/fuentesfidedignas.com.mx\\\/index.php\\\/2024\\\/01\\\/24\\\/ineptitud-al-mando\\\/#breadcrumb\",\"itemListElement\":[{\"@type\":\"ListItem\",\"position\":1,\"name\":\"Inicio\",\"item\":\"https:\\\/\\\/fuentesfidedignas.com.mx\\\/\"},{\"@type\":\"ListItem\",\"position\":2,\"name\":\"Ineptitud al Mando\"}]},{\"@type\":\"WebSite\",\"@id\":\"https:\\\/\\\/fuentesfidedignas.com.mx\\\/#website\",\"url\":\"https:\\\/\\\/fuentesfidedignas.com.mx\\\/\",\"name\":\"Fuentes Fidedignas\",\"description\":\"Otro sitio realizado con WordPress\",\"publisher\":{\"@id\":\"https:\\\/\\\/fuentesfidedignas.com.mx\\\/#organization\"},\"potentialAction\":[{\"@type\":\"SearchAction\",\"target\":{\"@type\":\"EntryPoint\",\"urlTemplate\":\"https:\\\/\\\/fuentesfidedignas.com.mx\\\/?s={search_term_string}\"},\"query-input\":{\"@type\":\"PropertyValueSpecification\",\"valueRequired\":true,\"valueName\":\"search_term_string\"}}],\"inLanguage\":\"es\"},{\"@type\":\"Organization\",\"@id\":\"https:\\\/\\\/fuentesfidedignas.com.mx\\\/#organization\",\"name\":\"Fuentes Fidedignas\",\"url\":\"https:\\\/\\\/fuentesfidedignas.com.mx\\\/\",\"logo\":{\"@type\":\"ImageObject\",\"inLanguage\":\"es\",\"@id\":\"https:\\\/\\\/fuentesfidedignas.com.mx\\\/#\\\/schema\\\/logo\\\/image\\\/\",\"url\":\"https:\\\/\\\/fuentesfidedignas.com.mx\\\/wp-content\\\/uploads\\\/2021\\\/04\\\/logo-retina.png\",\"contentUrl\":\"https:\\\/\\\/fuentesfidedignas.com.mx\\\/wp-content\\\/uploads\\\/2021\\\/04\\\/logo-retina.png\",\"width\":280,\"height\":51,\"caption\":\"Fuentes Fidedignas\"},\"image\":{\"@id\":\"https:\\\/\\\/fuentesfidedignas.com.mx\\\/#\\\/schema\\\/logo\\\/image\\\/\"},\"sameAs\":[\"https:\\\/\\\/www.facebook.com\\\/Fuentes-Fidedignas-368234489921644\",\"https:\\\/\\\/x.com\\\/fidedignas\"]},{\"@type\":\"Person\",\"@id\":\"https:\\\/\\\/fuentesfidedignas.com.mx\\\/#\\\/schema\\\/person\\\/a24a4d1a5ecdf3b48c4333fa1c26269a\",\"name\":\"Juan B. Ordorica\",\"image\":{\"@type\":\"ImageObject\",\"inLanguage\":\"es\",\"@id\":\"https:\\\/\\\/secure.gravatar.com\\\/avatar\\\/3b5a779222e476e3d0086a106b74aee8b3fa5e6a729f32702d7b70dded76eca3?s=96&d=mm&r=g\",\"url\":\"https:\\\/\\\/secure.gravatar.com\\\/avatar\\\/3b5a779222e476e3d0086a106b74aee8b3fa5e6a729f32702d7b70dded76eca3?s=96&d=mm&r=g\",\"contentUrl\":\"https:\\\/\\\/secure.gravatar.com\\\/avatar\\\/3b5a779222e476e3d0086a106b74aee8b3fa5e6a729f32702d7b70dded76eca3?s=96&d=mm&r=g\",\"caption\":\"Juan B. Ordorica\"},\"url\":\"https:\\\/\\\/fuentesfidedignas.com.mx\\\/index.php\\\/author\\\/juan-b-ordorica\\\/\"}]}<\/script>\n<!-- \/ Yoast SEO plugin. -->","yoast_head_json":{"title":"Ineptitud al Mando - Fuentes Fidedignas","robots":{"index":"index","follow":"follow","max-snippet":"max-snippet:-1","max-image-preview":"max-image-preview:large","max-video-preview":"max-video-preview:-1"},"canonical":"https:\/\/fuentesfidedignas.com.mx\/index.php\/2024\/01\/24\/ineptitud-al-mando\/","og_locale":"es_MX","og_type":"article","og_title":"Ineptitud al Mando - Fuentes Fidedignas","og_description":"Por: Juan B. Ordorica (@juanordorica) Decir que nuestros gobernantes son ineptos es hablar en pleonasmos. Los servidores p\u00fablicos y pol\u00edticos que est\u00e1n a la altura de sus encargos son la excepci\u00f3n; no la regla. La pol\u00edtica y el servicio p\u00fablico es de las pocas actividades donde la ineptidud no es un obst\u00e1culo para escalar en [&hellip;]","og_url":"https:\/\/fuentesfidedignas.com.mx\/index.php\/2024\/01\/24\/ineptitud-al-mando\/","og_site_name":"Fuentes Fidedignas","article_publisher":"https:\/\/www.facebook.com\/Fuentes-Fidedignas-368234489921644","article_published_time":"2024-01-24T20:48:28+00:00","article_modified_time":"2024-01-24T20:48:30+00:00","og_image":[{"width":625,"height":936,"url":"https:\/\/fuentesfidedignas.com.mx\/wp-content\/uploads\/2023\/04\/ordorica.jpg","type":"image\/jpeg"}],"author":"Juan B. Ordorica","twitter_card":"summary_large_image","twitter_creator":"@fidedignas","twitter_site":"@fidedignas","twitter_misc":{"Escrito por":"Juan B. Ordorica","Tiempo de lectura":"5 minutos"},"schema":{"@context":"https:\/\/schema.org","@graph":[{"@type":"Article","@id":"https:\/\/fuentesfidedignas.com.mx\/index.php\/2024\/01\/24\/ineptitud-al-mando\/#article","isPartOf":{"@id":"https:\/\/fuentesfidedignas.com.mx\/index.php\/2024\/01\/24\/ineptitud-al-mando\/"},"author":{"name":"Juan B. Ordorica","@id":"https:\/\/fuentesfidedignas.com.mx\/#\/schema\/person\/a24a4d1a5ecdf3b48c4333fa1c26269a"},"headline":"Ineptitud al Mando","datePublished":"2024-01-24T20:48:28+00:00","dateModified":"2024-01-24T20:48:30+00:00","mainEntityOfPage":{"@id":"https:\/\/fuentesfidedignas.com.mx\/index.php\/2024\/01\/24\/ineptitud-al-mando\/"},"wordCount":920,"commentCount":0,"publisher":{"@id":"https:\/\/fuentesfidedignas.com.mx\/#organization"},"image":{"@id":"https:\/\/fuentesfidedignas.com.mx\/index.php\/2024\/01\/24\/ineptitud-al-mando\/#primaryimage"},"thumbnailUrl":"https:\/\/fuentesfidedignas.com.mx\/wp-content\/uploads\/2023\/04\/ordorica.jpg","articleSection":["COLUMNAS","SOFISMAS DE OCASI\u00d3N"],"inLanguage":"es","potentialAction":[{"@type":"CommentAction","name":"Comment","target":["https:\/\/fuentesfidedignas.com.mx\/index.php\/2024\/01\/24\/ineptitud-al-mando\/#respond"]}]},{"@type":"WebPage","@id":"https:\/\/fuentesfidedignas.com.mx\/index.php\/2024\/01\/24\/ineptitud-al-mando\/","url":"https:\/\/fuentesfidedignas.com.mx\/index.php\/2024\/01\/24\/ineptitud-al-mando\/","name":"Ineptitud al Mando - Fuentes Fidedignas","isPartOf":{"@id":"https:\/\/fuentesfidedignas.com.mx\/#website"},"primaryImageOfPage":{"@id":"https:\/\/fuentesfidedignas.com.mx\/index.php\/2024\/01\/24\/ineptitud-al-mando\/#primaryimage"},"image":{"@id":"https:\/\/fuentesfidedignas.com.mx\/index.php\/2024\/01\/24\/ineptitud-al-mando\/#primaryimage"},"thumbnailUrl":"https:\/\/fuentesfidedignas.com.mx\/wp-content\/uploads\/2023\/04\/ordorica.jpg","datePublished":"2024-01-24T20:48:28+00:00","dateModified":"2024-01-24T20:48:30+00:00","breadcrumb":{"@id":"https:\/\/fuentesfidedignas.com.mx\/index.php\/2024\/01\/24\/ineptitud-al-mando\/#breadcrumb"},"inLanguage":"es","potentialAction":[{"@type":"ReadAction","target":["https:\/\/fuentesfidedignas.com.mx\/index.php\/2024\/01\/24\/ineptitud-al-mando\/"]}]},{"@type":"ImageObject","inLanguage":"es","@id":"https:\/\/fuentesfidedignas.com.mx\/index.php\/2024\/01\/24\/ineptitud-al-mando\/#primaryimage","url":"https:\/\/fuentesfidedignas.com.mx\/wp-content\/uploads\/2023\/04\/ordorica.jpg","contentUrl":"https:\/\/fuentesfidedignas.com.mx\/wp-content\/uploads\/2023\/04\/ordorica.jpg","width":625,"height":936},{"@type":"BreadcrumbList","@id":"https:\/\/fuentesfidedignas.com.mx\/index.php\/2024\/01\/24\/ineptitud-al-mando\/#breadcrumb","itemListElement":[{"@type":"ListItem","position":1,"name":"Inicio","item":"https:\/\/fuentesfidedignas.com.mx\/"},{"@type":"ListItem","position":2,"name":"Ineptitud al Mando"}]},{"@type":"WebSite","@id":"https:\/\/fuentesfidedignas.com.mx\/#website","url":"https:\/\/fuentesfidedignas.com.mx\/","name":"Fuentes Fidedignas","description":"Otro sitio realizado con WordPress","publisher":{"@id":"https:\/\/fuentesfidedignas.com.mx\/#organization"},"potentialAction":[{"@type":"SearchAction","target":{"@type":"EntryPoint","urlTemplate":"https:\/\/fuentesfidedignas.com.mx\/?s={search_term_string}"},"query-input":{"@type":"PropertyValueSpecification","valueRequired":true,"valueName":"search_term_string"}}],"inLanguage":"es"},{"@type":"Organization","@id":"https:\/\/fuentesfidedignas.com.mx\/#organization","name":"Fuentes Fidedignas","url":"https:\/\/fuentesfidedignas.com.mx\/","logo":{"@type":"ImageObject","inLanguage":"es","@id":"https:\/\/fuentesfidedignas.com.mx\/#\/schema\/logo\/image\/","url":"https:\/\/fuentesfidedignas.com.mx\/wp-content\/uploads\/2021\/04\/logo-retina.png","contentUrl":"https:\/\/fuentesfidedignas.com.mx\/wp-content\/uploads\/2021\/04\/logo-retina.png","width":280,"height":51,"caption":"Fuentes Fidedignas"},"image":{"@id":"https:\/\/fuentesfidedignas.com.mx\/#\/schema\/logo\/image\/"},"sameAs":["https:\/\/www.facebook.com\/Fuentes-Fidedignas-368234489921644","https:\/\/x.com\/fidedignas"]},{"@type":"Person","@id":"https:\/\/fuentesfidedignas.com.mx\/#\/schema\/person\/a24a4d1a5ecdf3b48c4333fa1c26269a","name":"Juan B. Ordorica","image":{"@type":"ImageObject","inLanguage":"es","@id":"https:\/\/secure.gravatar.com\/avatar\/3b5a779222e476e3d0086a106b74aee8b3fa5e6a729f32702d7b70dded76eca3?s=96&d=mm&r=g","url":"https:\/\/secure.gravatar.com\/avatar\/3b5a779222e476e3d0086a106b74aee8b3fa5e6a729f32702d7b70dded76eca3?s=96&d=mm&r=g","contentUrl":"https:\/\/secure.gravatar.com\/avatar\/3b5a779222e476e3d0086a106b74aee8b3fa5e6a729f32702d7b70dded76eca3?s=96&d=mm&r=g","caption":"Juan B. Ordorica"},"url":"https:\/\/fuentesfidedignas.com.mx\/index.php\/author\/juan-b-ordorica\/"}]}},"_links":{"self":[{"href":"https:\/\/fuentesfidedignas.com.mx\/index.php\/wp-json\/wp\/v2\/posts\/71768","targetHints":{"allow":["GET"]}}],"collection":[{"href":"https:\/\/fuentesfidedignas.com.mx\/index.php\/wp-json\/wp\/v2\/posts"}],"about":[{"href":"https:\/\/fuentesfidedignas.com.mx\/index.php\/wp-json\/wp\/v2\/types\/post"}],"author":[{"embeddable":true,"href":"https:\/\/fuentesfidedignas.com.mx\/index.php\/wp-json\/wp\/v2\/users\/90"}],"replies":[{"embeddable":true,"href":"https:\/\/fuentesfidedignas.com.mx\/index.php\/wp-json\/wp\/v2\/comments?post=71768"}],"version-history":[{"count":1,"href":"https:\/\/fuentesfidedignas.com.mx\/index.php\/wp-json\/wp\/v2\/posts\/71768\/revisions"}],"predecessor-version":[{"id":71769,"href":"https:\/\/fuentesfidedignas.com.mx\/index.php\/wp-json\/wp\/v2\/posts\/71768\/revisions\/71769"}],"wp:featuredmedia":[{"embeddable":true,"href":"https:\/\/fuentesfidedignas.com.mx\/index.php\/wp-json\/wp\/v2\/media\/45741"}],"wp:attachment":[{"href":"https:\/\/fuentesfidedignas.com.mx\/index.php\/wp-json\/wp\/v2\/media?parent=71768"}],"wp:term":[{"taxonomy":"category","embeddable":true,"href":"https:\/\/fuentesfidedignas.com.mx\/index.php\/wp-json\/wp\/v2\/categories?post=71768"},{"taxonomy":"post_tag","embeddable":true,"href":"https:\/\/fuentesfidedignas.com.mx\/index.php\/wp-json\/wp\/v2\/tags?post=71768"}],"curies":[{"name":"wp","href":"https:\/\/api.w.org\/{rel}","templated":true}]}}