{"id":71742,"date":"2024-01-24T09:58:14","date_gmt":"2024-01-24T16:58:14","guid":{"rendered":"https:\/\/fuentesfidedignas.com.mx\/?p=71742"},"modified":"2024-01-24T10:35:38","modified_gmt":"2024-01-24T17:35:38","slug":"chivas-anuncia-el-regreso-de-chicharito-hernandez","status":"publish","type":"post","link":"https:\/\/fuentesfidedignas.com.mx\/index.php\/2024\/01\/24\/chivas-anuncia-el-regreso-de-chicharito-hernandez\/","title":{"rendered":"Chivas anuncia el regreso de \u2018Chicharito\u2019 Hern\u00e1ndez"},"content":{"rendered":"\n<p><strong><em>Por medio de un mensaje en redes sociales, Guadalajara le dio la bienvenida a su hijo pr\u00f3digo: Javier \u2018Chicharito\u2019 Hern\u00e1ndez<\/em><\/strong><\/p>\n\n\n\n<p>Jalisco. <strong>Chivas<\/strong> anunci\u00f3 este mi\u00e9rcoles de manera oficial la contrataci\u00f3n del atacante <strong>Javier <em>Chicharito<\/em> Hern\u00e1ndez<\/strong>.<\/p>\n\n\n\n<figure class=\"wp-block-embed is-provider-twitter wp-block-embed-twitter\"><div class=\"wp-block-embed__wrapper\">\nhttps:\/\/x.com\/Chivas\/status\/1750156504001315280?s=20\n<\/div><\/figure>\n\n\n\n<p>Por medio de un mensaje en redes sociales,&nbsp;<strong>Guadalajara<\/strong>le dio la bienvenida a su hijo pr\u00f3digo, quien regresa a la instituci\u00f3n luego de casi 14 a\u00f1os.<\/p>\n\n\n\n<p>\u201cSe fue, hizo historia y hoy est\u00e1 de vuelta en casa\u201d, se lee en el mensaje del club tapat\u00edo.<\/p>\n\n\n\n<p>Por su parte, Hern\u00e1ndez Balc\u00e1zar celebr\u00f3 su regreso al cuadro rojiblanco: \u201cmi casa, mi familia, mi equipo, mi todo. \u00a1Nos vemos pronto!\u201d.<\/p>\n\n\n\n<p><em>Chicharito<\/em>&nbsp;Hern\u00e1ndez, de&nbsp;35 a\u00f1os de edad, regresa a las Chivas luego de vestir las camisetas del Manchester United, Real Madrid, Bayer Leverkusen, West Ham, Sevilla y&nbsp;<a href=\"https:\/\/lopezdoriga.com\/deportes\/chicharito-hernandez-deja-a-los-angeles-galaxy\/\" target=\"_blank\" rel=\"noreferrer noopener\">LA Galaxy, su \u00faltimo club<\/a>.<\/p>\n\n\n\n<p>En Europa, el atacante mexicano levant\u00f3 cuatro t\u00edtulos, tres con el Manchester United y uno m\u00e1s con el Real Madrid, adem\u00e1s de concretar un total de 127 goles.<\/p>\n\n\n\n<p>En su \u00faltimo equipo, Los \u00c1ngeles Galaxy, estuvo cuatro a\u00f1os, en donde anot\u00f3 39 goles en 83 partidos. En junio de 2023, Javier Hern\u00e1ndez sufri\u00f3 una ruptura de ligamento anterior cruzado en la rodilla derecha, de la cual est\u00e1 en su \u00faltima etapa de recuperaci\u00f3n.<\/p>\n\n\n\n<p><\/p>\n","protected":false},"excerpt":{"rendered":"<p>Por medio de un mensaje en redes sociales, Guadalajara le dio la bienvenida a su hijo pr\u00f3digo: Javier \u2018Chicharito\u2019 Hern\u00e1ndez Jalisco. Chivas anunci\u00f3 este mi\u00e9rcoles de manera oficial la contrataci\u00f3n del atacante Javier Chicharito Hern\u00e1ndez. Por medio de un mensaje en redes sociales,&nbsp;Guadalajarale dio la bienvenida a su hijo pr\u00f3digo, quien regresa a la instituci\u00f3n [&hellip;]<\/p>\n","protected":false},"author":47,"featured_media":71741,"comment_status":"open","ping_status":"open","sticky":false,"template":"","format":"standard","meta":{"tdm_status":"","tdm_grid_status":"","footnotes":""},"categories":[39,1],"tags":[],"class_list":{"0":"post-71742","1":"post","2":"type-post","3":"status-publish","4":"format-standard","5":"has-post-thumbnail","7":"category-noticias-nacionales","8":"category-sin-categoria"},"yoast_head":"<!-- This site is optimized with the Yoast SEO plugin v27.5 - https:\/\/yoast.com\/product\/yoast-seo-wordpress\/ -->\n<title>Chivas anuncia el regreso de \u2018Chicharito\u2019 Hern\u00e1ndez - Fuentes Fidedignas<\/title>\n<meta name=\"robots\" content=\"index, follow, max-snippet:-1, max-image-preview:large, max-video-preview:-1\" \/>\n<link rel=\"canonical\" href=\"https:\/\/fuentesfidedignas.com.mx\/index.php\/2024\/01\/24\/chivas-anuncia-el-regreso-de-chicharito-hernandez\/\" \/>\n<meta property=\"og:locale\" content=\"es_MX\" \/>\n<meta property=\"og:type\" content=\"article\" \/>\n<meta property=\"og:title\" content=\"Chivas anuncia el regreso de \u2018Chicharito\u2019 Hern\u00e1ndez - Fuentes Fidedignas\" \/>\n<meta property=\"og:description\" content=\"Por medio de un mensaje en redes sociales, Guadalajara le dio la bienvenida a su hijo pr\u00f3digo: Javier \u2018Chicharito\u2019 Hern\u00e1ndez Jalisco. Chivas anunci\u00f3 este mi\u00e9rcoles de manera oficial la contrataci\u00f3n del atacante Javier Chicharito Hern\u00e1ndez. Por medio de un mensaje en redes sociales,&nbsp;Guadalajarale dio la bienvenida a su hijo pr\u00f3digo, quien regresa a la instituci\u00f3n [&hellip;]\" \/>\n<meta property=\"og:url\" content=\"https:\/\/fuentesfidedignas.com.mx\/index.php\/2024\/01\/24\/chivas-anuncia-el-regreso-de-chicharito-hernandez\/\" \/>\n<meta property=\"og:site_name\" content=\"Fuentes Fidedignas\" \/>\n<meta property=\"article:publisher\" content=\"https:\/\/www.facebook.com\/Fuentes-Fidedignas-368234489921644\" \/>\n<meta property=\"article:published_time\" content=\"2024-01-24T16:58:14+00:00\" \/>\n<meta property=\"article:modified_time\" content=\"2024-01-24T17:35:38+00:00\" \/>\n<meta property=\"og:image\" content=\"https:\/\/fuentesfidedignas.com.mx\/wp-content\/uploads\/2024\/01\/img_9214-1.jpg\" \/>\n\t<meta property=\"og:image:width\" content=\"1536\" \/>\n\t<meta property=\"og:image:height\" content=\"1024\" \/>\n\t<meta property=\"og:image:type\" content=\"image\/jpeg\" \/>\n<meta name=\"author\" content=\"L\u00f3pez D\u00f3riga\" \/>\n<meta name=\"twitter:card\" content=\"summary_large_image\" \/>\n<meta name=\"twitter:creator\" content=\"@fidedignas\" \/>\n<meta name=\"twitter:site\" content=\"@fidedignas\" \/>\n<meta name=\"twitter:label1\" content=\"Escrito por\" \/>\n\t<meta name=\"twitter:data1\" content=\"L\u00f3pez D\u00f3riga\" \/>\n\t<meta name=\"twitter:label2\" content=\"Tiempo de lectura\" \/>\n\t<meta name=\"twitter:data2\" content=\"1 minuto\" \/>\n<script type=\"application\/ld+json\" class=\"yoast-schema-graph\">{\"@context\":\"https:\\\/\\\/schema.org\",\"@graph\":[{\"@type\":\"Article\",\"@id\":\"https:\\\/\\\/fuentesfidedignas.com.mx\\\/index.php\\\/2024\\\/01\\\/24\\\/chivas-anuncia-el-regreso-de-chicharito-hernandez\\\/#article\",\"isPartOf\":{\"@id\":\"https:\\\/\\\/fuentesfidedignas.com.mx\\\/index.php\\\/2024\\\/01\\\/24\\\/chivas-anuncia-el-regreso-de-chicharito-hernandez\\\/\"},\"author\":{\"name\":\"L\u00f3pez D\u00f3riga\",\"@id\":\"https:\\\/\\\/fuentesfidedignas.com.mx\\\/#\\\/schema\\\/person\\\/67d852f0557c8509146a4b9ddebd543a\"},\"headline\":\"Chivas anuncia el regreso de \u2018Chicharito\u2019 Hern\u00e1ndez\",\"datePublished\":\"2024-01-24T16:58:14+00:00\",\"dateModified\":\"2024-01-24T17:35:38+00:00\",\"mainEntityOfPage\":{\"@id\":\"https:\\\/\\\/fuentesfidedignas.com.mx\\\/index.php\\\/2024\\\/01\\\/24\\\/chivas-anuncia-el-regreso-de-chicharito-hernandez\\\/\"},\"wordCount\":238,\"commentCount\":0,\"publisher\":{\"@id\":\"https:\\\/\\\/fuentesfidedignas.com.mx\\\/#organization\"},\"image\":{\"@id\":\"https:\\\/\\\/fuentesfidedignas.com.mx\\\/index.php\\\/2024\\\/01\\\/24\\\/chivas-anuncia-el-regreso-de-chicharito-hernandez\\\/#primaryimage\"},\"thumbnailUrl\":\"https:\\\/\\\/fuentesfidedignas.com.mx\\\/wp-content\\\/uploads\\\/2024\\\/01\\\/img_9214-1.jpg\",\"articleSection\":[\"NOTICIAS NACIONALES\"],\"inLanguage\":\"es\",\"potentialAction\":[{\"@type\":\"CommentAction\",\"name\":\"Comment\",\"target\":[\"https:\\\/\\\/fuentesfidedignas.com.mx\\\/index.php\\\/2024\\\/01\\\/24\\\/chivas-anuncia-el-regreso-de-chicharito-hernandez\\\/#respond\"]}]},{\"@type\":\"WebPage\",\"@id\":\"https:\\\/\\\/fuentesfidedignas.com.mx\\\/index.php\\\/2024\\\/01\\\/24\\\/chivas-anuncia-el-regreso-de-chicharito-hernandez\\\/\",\"url\":\"https:\\\/\\\/fuentesfidedignas.com.mx\\\/index.php\\\/2024\\\/01\\\/24\\\/chivas-anuncia-el-regreso-de-chicharito-hernandez\\\/\",\"name\":\"Chivas anuncia el regreso de \u2018Chicharito\u2019 Hern\u00e1ndez - Fuentes Fidedignas\",\"isPartOf\":{\"@id\":\"https:\\\/\\\/fuentesfidedignas.com.mx\\\/#website\"},\"primaryImageOfPage\":{\"@id\":\"https:\\\/\\\/fuentesfidedignas.com.mx\\\/index.php\\\/2024\\\/01\\\/24\\\/chivas-anuncia-el-regreso-de-chicharito-hernandez\\\/#primaryimage\"},\"image\":{\"@id\":\"https:\\\/\\\/fuentesfidedignas.com.mx\\\/index.php\\\/2024\\\/01\\\/24\\\/chivas-anuncia-el-regreso-de-chicharito-hernandez\\\/#primaryimage\"},\"thumbnailUrl\":\"https:\\\/\\\/fuentesfidedignas.com.mx\\\/wp-content\\\/uploads\\\/2024\\\/01\\\/img_9214-1.jpg\",\"datePublished\":\"2024-01-24T16:58:14+00:00\",\"dateModified\":\"2024-01-24T17:35:38+00:00\",\"breadcrumb\":{\"@id\":\"https:\\\/\\\/fuentesfidedignas.com.mx\\\/index.php\\\/2024\\\/01\\\/24\\\/chivas-anuncia-el-regreso-de-chicharito-hernandez\\\/#breadcrumb\"},\"inLanguage\":\"es\",\"potentialAction\":[{\"@type\":\"ReadAction\",\"target\":[\"https:\\\/\\\/fuentesfidedignas.com.mx\\\/index.php\\\/2024\\\/01\\\/24\\\/chivas-anuncia-el-regreso-de-chicharito-hernandez\\\/\"]}]},{\"@type\":\"ImageObject\",\"inLanguage\":\"es\",\"@id\":\"https:\\\/\\\/fuentesfidedignas.com.mx\\\/index.php\\\/2024\\\/01\\\/24\\\/chivas-anuncia-el-regreso-de-chicharito-hernandez\\\/#primaryimage\",\"url\":\"https:\\\/\\\/fuentesfidedignas.com.mx\\\/wp-content\\\/uploads\\\/2024\\\/01\\\/img_9214-1.jpg\",\"contentUrl\":\"https:\\\/\\\/fuentesfidedignas.com.mx\\\/wp-content\\\/uploads\\\/2024\\\/01\\\/img_9214-1.jpg\",\"width\":1536,\"height\":1024},{\"@type\":\"BreadcrumbList\",\"@id\":\"https:\\\/\\\/fuentesfidedignas.com.mx\\\/index.php\\\/2024\\\/01\\\/24\\\/chivas-anuncia-el-regreso-de-chicharito-hernandez\\\/#breadcrumb\",\"itemListElement\":[{\"@type\":\"ListItem\",\"position\":1,\"name\":\"Inicio\",\"item\":\"https:\\\/\\\/fuentesfidedignas.com.mx\\\/\"},{\"@type\":\"ListItem\",\"position\":2,\"name\":\"Chivas anuncia el regreso de \u2018Chicharito\u2019 Hern\u00e1ndez\"}]},{\"@type\":\"WebSite\",\"@id\":\"https:\\\/\\\/fuentesfidedignas.com.mx\\\/#website\",\"url\":\"https:\\\/\\\/fuentesfidedignas.com.mx\\\/\",\"name\":\"Fuentes Fidedignas\",\"description\":\"Otro sitio realizado con WordPress\",\"publisher\":{\"@id\":\"https:\\\/\\\/fuentesfidedignas.com.mx\\\/#organization\"},\"potentialAction\":[{\"@type\":\"SearchAction\",\"target\":{\"@type\":\"EntryPoint\",\"urlTemplate\":\"https:\\\/\\\/fuentesfidedignas.com.mx\\\/?s={search_term_string}\"},\"query-input\":{\"@type\":\"PropertyValueSpecification\",\"valueRequired\":true,\"valueName\":\"search_term_string\"}}],\"inLanguage\":\"es\"},{\"@type\":\"Organization\",\"@id\":\"https:\\\/\\\/fuentesfidedignas.com.mx\\\/#organization\",\"name\":\"Fuentes Fidedignas\",\"url\":\"https:\\\/\\\/fuentesfidedignas.com.mx\\\/\",\"logo\":{\"@type\":\"ImageObject\",\"inLanguage\":\"es\",\"@id\":\"https:\\\/\\\/fuentesfidedignas.com.mx\\\/#\\\/schema\\\/logo\\\/image\\\/\",\"url\":\"https:\\\/\\\/fuentesfidedignas.com.mx\\\/wp-content\\\/uploads\\\/2021\\\/04\\\/logo-retina.png\",\"contentUrl\":\"https:\\\/\\\/fuentesfidedignas.com.mx\\\/wp-content\\\/uploads\\\/2021\\\/04\\\/logo-retina.png\",\"width\":280,\"height\":51,\"caption\":\"Fuentes Fidedignas\"},\"image\":{\"@id\":\"https:\\\/\\\/fuentesfidedignas.com.mx\\\/#\\\/schema\\\/logo\\\/image\\\/\"},\"sameAs\":[\"https:\\\/\\\/www.facebook.com\\\/Fuentes-Fidedignas-368234489921644\",\"https:\\\/\\\/x.com\\\/fidedignas\"]},{\"@type\":\"Person\",\"@id\":\"https:\\\/\\\/fuentesfidedignas.com.mx\\\/#\\\/schema\\\/person\\\/67d852f0557c8509146a4b9ddebd543a\",\"name\":\"L\u00f3pez D\u00f3riga\",\"image\":{\"@type\":\"ImageObject\",\"inLanguage\":\"es\",\"@id\":\"https:\\\/\\\/secure.gravatar.com\\\/avatar\\\/e525b06574ca18b33cded59dfe5778d6c823b9513154eff47da551b0551bdd1e?s=96&d=mm&r=g\",\"url\":\"https:\\\/\\\/secure.gravatar.com\\\/avatar\\\/e525b06574ca18b33cded59dfe5778d6c823b9513154eff47da551b0551bdd1e?s=96&d=mm&r=g\",\"contentUrl\":\"https:\\\/\\\/secure.gravatar.com\\\/avatar\\\/e525b06574ca18b33cded59dfe5778d6c823b9513154eff47da551b0551bdd1e?s=96&d=mm&r=g\",\"caption\":\"L\u00f3pez D\u00f3riga\"},\"url\":\"https:\\\/\\\/fuentesfidedignas.com.mx\\\/index.php\\\/author\\\/doriga\\\/\"}]}<\/script>\n<!-- \/ Yoast SEO plugin. -->","yoast_head_json":{"title":"Chivas anuncia el regreso de \u2018Chicharito\u2019 Hern\u00e1ndez - Fuentes Fidedignas","robots":{"index":"index","follow":"follow","max-snippet":"max-snippet:-1","max-image-preview":"max-image-preview:large","max-video-preview":"max-video-preview:-1"},"canonical":"https:\/\/fuentesfidedignas.com.mx\/index.php\/2024\/01\/24\/chivas-anuncia-el-regreso-de-chicharito-hernandez\/","og_locale":"es_MX","og_type":"article","og_title":"Chivas anuncia el regreso de \u2018Chicharito\u2019 Hern\u00e1ndez - Fuentes Fidedignas","og_description":"Por medio de un mensaje en redes sociales, Guadalajara le dio la bienvenida a su hijo pr\u00f3digo: Javier \u2018Chicharito\u2019 Hern\u00e1ndez Jalisco. Chivas anunci\u00f3 este mi\u00e9rcoles de manera oficial la contrataci\u00f3n del atacante Javier Chicharito Hern\u00e1ndez. Por medio de un mensaje en redes sociales,&nbsp;Guadalajarale dio la bienvenida a su hijo pr\u00f3digo, quien regresa a la instituci\u00f3n [&hellip;]","og_url":"https:\/\/fuentesfidedignas.com.mx\/index.php\/2024\/01\/24\/chivas-anuncia-el-regreso-de-chicharito-hernandez\/","og_site_name":"Fuentes Fidedignas","article_publisher":"https:\/\/www.facebook.com\/Fuentes-Fidedignas-368234489921644","article_published_time":"2024-01-24T16:58:14+00:00","article_modified_time":"2024-01-24T17:35:38+00:00","og_image":[{"width":1536,"height":1024,"url":"https:\/\/fuentesfidedignas.com.mx\/wp-content\/uploads\/2024\/01\/img_9214-1.jpg","type":"image\/jpeg"}],"author":"L\u00f3pez D\u00f3riga","twitter_card":"summary_large_image","twitter_creator":"@fidedignas","twitter_site":"@fidedignas","twitter_misc":{"Escrito por":"L\u00f3pez D\u00f3riga","Tiempo de lectura":"1 minuto"},"schema":{"@context":"https:\/\/schema.org","@graph":[{"@type":"Article","@id":"https:\/\/fuentesfidedignas.com.mx\/index.php\/2024\/01\/24\/chivas-anuncia-el-regreso-de-chicharito-hernandez\/#article","isPartOf":{"@id":"https:\/\/fuentesfidedignas.com.mx\/index.php\/2024\/01\/24\/chivas-anuncia-el-regreso-de-chicharito-hernandez\/"},"author":{"name":"L\u00f3pez D\u00f3riga","@id":"https:\/\/fuentesfidedignas.com.mx\/#\/schema\/person\/67d852f0557c8509146a4b9ddebd543a"},"headline":"Chivas anuncia el regreso de \u2018Chicharito\u2019 Hern\u00e1ndez","datePublished":"2024-01-24T16:58:14+00:00","dateModified":"2024-01-24T17:35:38+00:00","mainEntityOfPage":{"@id":"https:\/\/fuentesfidedignas.com.mx\/index.php\/2024\/01\/24\/chivas-anuncia-el-regreso-de-chicharito-hernandez\/"},"wordCount":238,"commentCount":0,"publisher":{"@id":"https:\/\/fuentesfidedignas.com.mx\/#organization"},"image":{"@id":"https:\/\/fuentesfidedignas.com.mx\/index.php\/2024\/01\/24\/chivas-anuncia-el-regreso-de-chicharito-hernandez\/#primaryimage"},"thumbnailUrl":"https:\/\/fuentesfidedignas.com.mx\/wp-content\/uploads\/2024\/01\/img_9214-1.jpg","articleSection":["NOTICIAS NACIONALES"],"inLanguage":"es","potentialAction":[{"@type":"CommentAction","name":"Comment","target":["https:\/\/fuentesfidedignas.com.mx\/index.php\/2024\/01\/24\/chivas-anuncia-el-regreso-de-chicharito-hernandez\/#respond"]}]},{"@type":"WebPage","@id":"https:\/\/fuentesfidedignas.com.mx\/index.php\/2024\/01\/24\/chivas-anuncia-el-regreso-de-chicharito-hernandez\/","url":"https:\/\/fuentesfidedignas.com.mx\/index.php\/2024\/01\/24\/chivas-anuncia-el-regreso-de-chicharito-hernandez\/","name":"Chivas anuncia el regreso de \u2018Chicharito\u2019 Hern\u00e1ndez - Fuentes Fidedignas","isPartOf":{"@id":"https:\/\/fuentesfidedignas.com.mx\/#website"},"primaryImageOfPage":{"@id":"https:\/\/fuentesfidedignas.com.mx\/index.php\/2024\/01\/24\/chivas-anuncia-el-regreso-de-chicharito-hernandez\/#primaryimage"},"image":{"@id":"https:\/\/fuentesfidedignas.com.mx\/index.php\/2024\/01\/24\/chivas-anuncia-el-regreso-de-chicharito-hernandez\/#primaryimage"},"thumbnailUrl":"https:\/\/fuentesfidedignas.com.mx\/wp-content\/uploads\/2024\/01\/img_9214-1.jpg","datePublished":"2024-01-24T16:58:14+00:00","dateModified":"2024-01-24T17:35:38+00:00","breadcrumb":{"@id":"https:\/\/fuentesfidedignas.com.mx\/index.php\/2024\/01\/24\/chivas-anuncia-el-regreso-de-chicharito-hernandez\/#breadcrumb"},"inLanguage":"es","potentialAction":[{"@type":"ReadAction","target":["https:\/\/fuentesfidedignas.com.mx\/index.php\/2024\/01\/24\/chivas-anuncia-el-regreso-de-chicharito-hernandez\/"]}]},{"@type":"ImageObject","inLanguage":"es","@id":"https:\/\/fuentesfidedignas.com.mx\/index.php\/2024\/01\/24\/chivas-anuncia-el-regreso-de-chicharito-hernandez\/#primaryimage","url":"https:\/\/fuentesfidedignas.com.mx\/wp-content\/uploads\/2024\/01\/img_9214-1.jpg","contentUrl":"https:\/\/fuentesfidedignas.com.mx\/wp-content\/uploads\/2024\/01\/img_9214-1.jpg","width":1536,"height":1024},{"@type":"BreadcrumbList","@id":"https:\/\/fuentesfidedignas.com.mx\/index.php\/2024\/01\/24\/chivas-anuncia-el-regreso-de-chicharito-hernandez\/#breadcrumb","itemListElement":[{"@type":"ListItem","position":1,"name":"Inicio","item":"https:\/\/fuentesfidedignas.com.mx\/"},{"@type":"ListItem","position":2,"name":"Chivas anuncia el regreso de \u2018Chicharito\u2019 Hern\u00e1ndez"}]},{"@type":"WebSite","@id":"https:\/\/fuentesfidedignas.com.mx\/#website","url":"https:\/\/fuentesfidedignas.com.mx\/","name":"Fuentes Fidedignas","description":"Otro sitio realizado con WordPress","publisher":{"@id":"https:\/\/fuentesfidedignas.com.mx\/#organization"},"potentialAction":[{"@type":"SearchAction","target":{"@type":"EntryPoint","urlTemplate":"https:\/\/fuentesfidedignas.com.mx\/?s={search_term_string}"},"query-input":{"@type":"PropertyValueSpecification","valueRequired":true,"valueName":"search_term_string"}}],"inLanguage":"es"},{"@type":"Organization","@id":"https:\/\/fuentesfidedignas.com.mx\/#organization","name":"Fuentes Fidedignas","url":"https:\/\/fuentesfidedignas.com.mx\/","logo":{"@type":"ImageObject","inLanguage":"es","@id":"https:\/\/fuentesfidedignas.com.mx\/#\/schema\/logo\/image\/","url":"https:\/\/fuentesfidedignas.com.mx\/wp-content\/uploads\/2021\/04\/logo-retina.png","contentUrl":"https:\/\/fuentesfidedignas.com.mx\/wp-content\/uploads\/2021\/04\/logo-retina.png","width":280,"height":51,"caption":"Fuentes Fidedignas"},"image":{"@id":"https:\/\/fuentesfidedignas.com.mx\/#\/schema\/logo\/image\/"},"sameAs":["https:\/\/www.facebook.com\/Fuentes-Fidedignas-368234489921644","https:\/\/x.com\/fidedignas"]},{"@type":"Person","@id":"https:\/\/fuentesfidedignas.com.mx\/#\/schema\/person\/67d852f0557c8509146a4b9ddebd543a","name":"L\u00f3pez D\u00f3riga","image":{"@type":"ImageObject","inLanguage":"es","@id":"https:\/\/secure.gravatar.com\/avatar\/e525b06574ca18b33cded59dfe5778d6c823b9513154eff47da551b0551bdd1e?s=96&d=mm&r=g","url":"https:\/\/secure.gravatar.com\/avatar\/e525b06574ca18b33cded59dfe5778d6c823b9513154eff47da551b0551bdd1e?s=96&d=mm&r=g","contentUrl":"https:\/\/secure.gravatar.com\/avatar\/e525b06574ca18b33cded59dfe5778d6c823b9513154eff47da551b0551bdd1e?s=96&d=mm&r=g","caption":"L\u00f3pez D\u00f3riga"},"url":"https:\/\/fuentesfidedignas.com.mx\/index.php\/author\/doriga\/"}]}},"_links":{"self":[{"href":"https:\/\/fuentesfidedignas.com.mx\/index.php\/wp-json\/wp\/v2\/posts\/71742","targetHints":{"allow":["GET"]}}],"collection":[{"href":"https:\/\/fuentesfidedignas.com.mx\/index.php\/wp-json\/wp\/v2\/posts"}],"about":[{"href":"https:\/\/fuentesfidedignas.com.mx\/index.php\/wp-json\/wp\/v2\/types\/post"}],"author":[{"embeddable":true,"href":"https:\/\/fuentesfidedignas.com.mx\/index.php\/wp-json\/wp\/v2\/users\/47"}],"replies":[{"embeddable":true,"href":"https:\/\/fuentesfidedignas.com.mx\/index.php\/wp-json\/wp\/v2\/comments?post=71742"}],"version-history":[{"count":1,"href":"https:\/\/fuentesfidedignas.com.mx\/index.php\/wp-json\/wp\/v2\/posts\/71742\/revisions"}],"predecessor-version":[{"id":71743,"href":"https:\/\/fuentesfidedignas.com.mx\/index.php\/wp-json\/wp\/v2\/posts\/71742\/revisions\/71743"}],"wp:featuredmedia":[{"embeddable":true,"href":"https:\/\/fuentesfidedignas.com.mx\/index.php\/wp-json\/wp\/v2\/media\/71741"}],"wp:attachment":[{"href":"https:\/\/fuentesfidedignas.com.mx\/index.php\/wp-json\/wp\/v2\/media?parent=71742"}],"wp:term":[{"taxonomy":"category","embeddable":true,"href":"https:\/\/fuentesfidedignas.com.mx\/index.php\/wp-json\/wp\/v2\/categories?post=71742"},{"taxonomy":"post_tag","embeddable":true,"href":"https:\/\/fuentesfidedignas.com.mx\/index.php\/wp-json\/wp\/v2\/tags?post=71742"}],"curies":[{"name":"wp","href":"https:\/\/api.w.org\/{rel}","templated":true}]}}