{"id":71676,"date":"2024-01-24T05:59:01","date_gmt":"2024-01-24T12:59:01","guid":{"rendered":"https:\/\/fuentesfidedignas.com.mx\/?p=71676"},"modified":"2024-01-23T17:00:27","modified_gmt":"2024-01-24T00:00:27","slug":"mujer-sin-hogar-dio-a-luz-en-una-banqueta-y-arrastro-a-su-bebe-colgando-del-cordon-umbilical","status":"publish","type":"post","link":"https:\/\/fuentesfidedignas.com.mx\/index.php\/2024\/01\/24\/mujer-sin-hogar-dio-a-luz-en-una-banqueta-y-arrastro-a-su-bebe-colgando-del-cordon-umbilical\/","title":{"rendered":"Mujer sin hogar dio a luz en una banqueta y arrastr\u00f3 a su beb\u00e9 colgando del cord\u00f3n umbilical"},"content":{"rendered":"\n<p><strong><em>Testigos dijeron que la mujer de 41 a\u00f1os comenz\u00f3 a arrastrar a la beb\u00e9 por el cord\u00f3n umbilical antes de que la reci\u00e9n nacida se separara del cuerpo y su madre huyera.<\/em><\/strong><\/p>\n\n\n\n<p>HAW\u00c1I.- Una mujer en situaci\u00f3n de calle de Haw\u00e1i dio a luz sobre una acera y luego, supuestamente, arrastr\u00f3 a su hija reci\u00e9n nacida por el cord\u00f3n umbilical calle abajo.<\/p>\n\n\n\n<p>La polic\u00eda y los bomberos respondieron a informes sobre una mujer que hab\u00eda dado a luz a un beb\u00e9 en las calles Mamo y Keawe, en el centro de Hilo, alrededor de las 17:15 hroas del martes, seg\u00fan inform\u00f3 el Hawaii Tribune-Herald.<\/p>\n\n\n\n<p>Testigos dijeron que la mujer, identificada como Ashley Aileen Maile Lum, de 41 a\u00f1os, comenz\u00f3 a arrastrar a la beb\u00e9 por el cord\u00f3n umbilical antes de que la peque\u00f1a ni\u00f1a se separara de su madre y Lum huyera.<\/p>\n\n\n\n<p>Los socorristas encontraron a la beb\u00e9 todav\u00eda atada al cord\u00f3n en la acera, seg\u00fan el medio.<\/p>\n\n\n\n<p>Cuando la beb\u00e9 se separ\u00f3 del cuerpo de su madre, la mujer huy\u00f3, abandon\u00e1ndola en la calle<br>El personal m\u00e9dico cort\u00f3 el cord\u00f3n y brind\u00f3 asistencia a la beb\u00e9, que respiraba pero no se mov\u00eda. La ambulancia la llev\u00f3 de urgencia al Centro M\u00e9dico de Hilo y logr\u00f3 ser salvada, menciona el medio hawaiano.<\/p>\n\n\n\n<p>Seg\u00fan informes del m\u00e9dico, se estim\u00f3 que la mujer ten\u00eda alrededor de las 38 semanas de embarazo cuando dio a luz, por lo que la beb\u00e9 era definitivamente \u201cviable\u201d.<\/p>\n\n\n\n<p>Una vez que Lum se separ\u00f3 de su hija, abandon\u00f3 la escena, seg\u00fan dijeron las autoridades. M\u00e1s tarde fue detenida por sospecha de abandono de una ni\u00f1a, pero tambi\u00e9n fue llevada al hospital para recibir tratamiento y mantenerse en observaci\u00f3n.<\/p>\n\n\n\n<p>M\u00e1s tarde, Lum fue liberada sin cargos en espera de una mayor investigaci\u00f3n, inform\u00f3 el Hawaii Tribune-Herald.<\/p>\n\n\n\n<p><strong>Fue detenida por el abandono de su beb\u00e9<\/strong><br>La madre, que tiene antecedentes penales menores y no tiene condenas por delitos graves, ha estado viviendo durante a\u00f1os en el centro de la ciudad, donde se le ha visto gritando a los coches y peatones que pasaban, indica el medio.<\/p>\n\n\n\n<p>Se inform\u00f3 tambi\u00e9n que la polic\u00eda presentar\u00e1 los resultados de su investigaci\u00f3n a la Oficina del Fiscal por posibles cargos penales.<\/p>\n\n\n\n<p>Se ha determinado que la beb\u00e9 est\u00e1 en buenas condiciones y fue \u201ctransferida a la custodia de los Servicios de Bienestar Infantil\u201d, dijo la polic\u00eda.<\/p>\n","protected":false},"excerpt":{"rendered":"<p>Testigos dijeron que la mujer de 41 a\u00f1os comenz\u00f3 a arrastrar a la beb\u00e9 por el cord\u00f3n umbilical antes de que la reci\u00e9n nacida se separara del cuerpo y su madre huyera. HAW\u00c1I.- Una mujer en situaci\u00f3n de calle de Haw\u00e1i dio a luz sobre una acera y luego, supuestamente, arrastr\u00f3 a su hija reci\u00e9n [&hellip;]<\/p>\n","protected":false},"author":40,"featured_media":71677,"comment_status":"open","ping_status":"open","sticky":false,"template":"","format":"standard","meta":{"tdm_status":"","tdm_grid_status":"","footnotes":""},"categories":[40],"tags":[],"class_list":{"0":"post-71676","1":"post","2":"type-post","3":"status-publish","4":"format-standard","5":"has-post-thumbnail","7":"category-las-asombrosas"},"yoast_head":"<!-- This site is optimized with the Yoast SEO plugin v27.5 - https:\/\/yoast.com\/product\/yoast-seo-wordpress\/ -->\n<title>Mujer sin hogar dio a luz en una banqueta y arrastr\u00f3 a su beb\u00e9 colgando del cord\u00f3n umbilical - Fuentes Fidedignas<\/title>\n<meta name=\"robots\" content=\"index, follow, max-snippet:-1, max-image-preview:large, max-video-preview:-1\" \/>\n<link rel=\"canonical\" href=\"https:\/\/fuentesfidedignas.com.mx\/index.php\/2024\/01\/24\/mujer-sin-hogar-dio-a-luz-en-una-banqueta-y-arrastro-a-su-bebe-colgando-del-cordon-umbilical\/\" \/>\n<meta property=\"og:locale\" content=\"es_MX\" \/>\n<meta property=\"og:type\" content=\"article\" \/>\n<meta property=\"og:title\" content=\"Mujer sin hogar dio a luz en una banqueta y arrastr\u00f3 a su beb\u00e9 colgando del cord\u00f3n umbilical - Fuentes Fidedignas\" \/>\n<meta property=\"og:description\" content=\"Testigos dijeron que la mujer de 41 a\u00f1os comenz\u00f3 a arrastrar a la beb\u00e9 por el cord\u00f3n umbilical antes de que la reci\u00e9n nacida se separara del cuerpo y su madre huyera. HAW\u00c1I.- Una mujer en situaci\u00f3n de calle de Haw\u00e1i dio a luz sobre una acera y luego, supuestamente, arrastr\u00f3 a su hija reci\u00e9n [&hellip;]\" \/>\n<meta property=\"og:url\" content=\"https:\/\/fuentesfidedignas.com.mx\/index.php\/2024\/01\/24\/mujer-sin-hogar-dio-a-luz-en-una-banqueta-y-arrastro-a-su-bebe-colgando-del-cordon-umbilical\/\" \/>\n<meta property=\"og:site_name\" content=\"Fuentes Fidedignas\" \/>\n<meta property=\"article:publisher\" content=\"https:\/\/www.facebook.com\/Fuentes-Fidedignas-368234489921644\" \/>\n<meta property=\"article:published_time\" content=\"2024-01-24T12:59:01+00:00\" \/>\n<meta property=\"og:image\" content=\"https:\/\/fuentesfidedignas.com.mx\/wp-content\/uploads\/2024\/01\/MUJER_BEBE1.jpg\" \/>\n\t<meta property=\"og:image:width\" content=\"1000\" \/>\n\t<meta property=\"og:image:height\" content=\"508\" \/>\n\t<meta property=\"og:image:type\" content=\"image\/jpeg\" \/>\n<meta name=\"author\" content=\"El Imparcial\" \/>\n<meta name=\"twitter:card\" content=\"summary_large_image\" \/>\n<meta name=\"twitter:creator\" content=\"@fidedignas\" \/>\n<meta name=\"twitter:site\" content=\"@fidedignas\" \/>\n<meta name=\"twitter:label1\" content=\"Escrito por\" \/>\n\t<meta name=\"twitter:data1\" content=\"El Imparcial\" \/>\n\t<meta name=\"twitter:label2\" content=\"Tiempo de lectura\" \/>\n\t<meta name=\"twitter:data2\" content=\"3 minutos\" \/>\n<script type=\"application\/ld+json\" class=\"yoast-schema-graph\">{\"@context\":\"https:\\\/\\\/schema.org\",\"@graph\":[{\"@type\":\"Article\",\"@id\":\"https:\\\/\\\/fuentesfidedignas.com.mx\\\/index.php\\\/2024\\\/01\\\/24\\\/mujer-sin-hogar-dio-a-luz-en-una-banqueta-y-arrastro-a-su-bebe-colgando-del-cordon-umbilical\\\/#article\",\"isPartOf\":{\"@id\":\"https:\\\/\\\/fuentesfidedignas.com.mx\\\/index.php\\\/2024\\\/01\\\/24\\\/mujer-sin-hogar-dio-a-luz-en-una-banqueta-y-arrastro-a-su-bebe-colgando-del-cordon-umbilical\\\/\"},\"author\":{\"name\":\"El Imparcial\",\"@id\":\"https:\\\/\\\/fuentesfidedignas.com.mx\\\/#\\\/schema\\\/person\\\/ff4db17f8fd9c584e0cfc2a0c436b8a1\"},\"headline\":\"Mujer sin hogar dio a luz en una banqueta y arrastr\u00f3 a su beb\u00e9 colgando del cord\u00f3n umbilical\",\"datePublished\":\"2024-01-24T12:59:01+00:00\",\"mainEntityOfPage\":{\"@id\":\"https:\\\/\\\/fuentesfidedignas.com.mx\\\/index.php\\\/2024\\\/01\\\/24\\\/mujer-sin-hogar-dio-a-luz-en-una-banqueta-y-arrastro-a-su-bebe-colgando-del-cordon-umbilical\\\/\"},\"wordCount\":446,\"commentCount\":0,\"publisher\":{\"@id\":\"https:\\\/\\\/fuentesfidedignas.com.mx\\\/#organization\"},\"image\":{\"@id\":\"https:\\\/\\\/fuentesfidedignas.com.mx\\\/index.php\\\/2024\\\/01\\\/24\\\/mujer-sin-hogar-dio-a-luz-en-una-banqueta-y-arrastro-a-su-bebe-colgando-del-cordon-umbilical\\\/#primaryimage\"},\"thumbnailUrl\":\"https:\\\/\\\/fuentesfidedignas.com.mx\\\/wp-content\\\/uploads\\\/2024\\\/01\\\/MUJER_BEBE1.jpg\",\"articleSection\":[\"LAS ASOMBROSAS\"],\"inLanguage\":\"es\",\"potentialAction\":[{\"@type\":\"CommentAction\",\"name\":\"Comment\",\"target\":[\"https:\\\/\\\/fuentesfidedignas.com.mx\\\/index.php\\\/2024\\\/01\\\/24\\\/mujer-sin-hogar-dio-a-luz-en-una-banqueta-y-arrastro-a-su-bebe-colgando-del-cordon-umbilical\\\/#respond\"]}]},{\"@type\":\"WebPage\",\"@id\":\"https:\\\/\\\/fuentesfidedignas.com.mx\\\/index.php\\\/2024\\\/01\\\/24\\\/mujer-sin-hogar-dio-a-luz-en-una-banqueta-y-arrastro-a-su-bebe-colgando-del-cordon-umbilical\\\/\",\"url\":\"https:\\\/\\\/fuentesfidedignas.com.mx\\\/index.php\\\/2024\\\/01\\\/24\\\/mujer-sin-hogar-dio-a-luz-en-una-banqueta-y-arrastro-a-su-bebe-colgando-del-cordon-umbilical\\\/\",\"name\":\"Mujer sin hogar dio a luz en una banqueta y arrastr\u00f3 a su beb\u00e9 colgando del cord\u00f3n umbilical - Fuentes Fidedignas\",\"isPartOf\":{\"@id\":\"https:\\\/\\\/fuentesfidedignas.com.mx\\\/#website\"},\"primaryImageOfPage\":{\"@id\":\"https:\\\/\\\/fuentesfidedignas.com.mx\\\/index.php\\\/2024\\\/01\\\/24\\\/mujer-sin-hogar-dio-a-luz-en-una-banqueta-y-arrastro-a-su-bebe-colgando-del-cordon-umbilical\\\/#primaryimage\"},\"image\":{\"@id\":\"https:\\\/\\\/fuentesfidedignas.com.mx\\\/index.php\\\/2024\\\/01\\\/24\\\/mujer-sin-hogar-dio-a-luz-en-una-banqueta-y-arrastro-a-su-bebe-colgando-del-cordon-umbilical\\\/#primaryimage\"},\"thumbnailUrl\":\"https:\\\/\\\/fuentesfidedignas.com.mx\\\/wp-content\\\/uploads\\\/2024\\\/01\\\/MUJER_BEBE1.jpg\",\"datePublished\":\"2024-01-24T12:59:01+00:00\",\"breadcrumb\":{\"@id\":\"https:\\\/\\\/fuentesfidedignas.com.mx\\\/index.php\\\/2024\\\/01\\\/24\\\/mujer-sin-hogar-dio-a-luz-en-una-banqueta-y-arrastro-a-su-bebe-colgando-del-cordon-umbilical\\\/#breadcrumb\"},\"inLanguage\":\"es\",\"potentialAction\":[{\"@type\":\"ReadAction\",\"target\":[\"https:\\\/\\\/fuentesfidedignas.com.mx\\\/index.php\\\/2024\\\/01\\\/24\\\/mujer-sin-hogar-dio-a-luz-en-una-banqueta-y-arrastro-a-su-bebe-colgando-del-cordon-umbilical\\\/\"]}]},{\"@type\":\"ImageObject\",\"inLanguage\":\"es\",\"@id\":\"https:\\\/\\\/fuentesfidedignas.com.mx\\\/index.php\\\/2024\\\/01\\\/24\\\/mujer-sin-hogar-dio-a-luz-en-una-banqueta-y-arrastro-a-su-bebe-colgando-del-cordon-umbilical\\\/#primaryimage\",\"url\":\"https:\\\/\\\/fuentesfidedignas.com.mx\\\/wp-content\\\/uploads\\\/2024\\\/01\\\/MUJER_BEBE1.jpg\",\"contentUrl\":\"https:\\\/\\\/fuentesfidedignas.com.mx\\\/wp-content\\\/uploads\\\/2024\\\/01\\\/MUJER_BEBE1.jpg\",\"width\":1000,\"height\":508},{\"@type\":\"BreadcrumbList\",\"@id\":\"https:\\\/\\\/fuentesfidedignas.com.mx\\\/index.php\\\/2024\\\/01\\\/24\\\/mujer-sin-hogar-dio-a-luz-en-una-banqueta-y-arrastro-a-su-bebe-colgando-del-cordon-umbilical\\\/#breadcrumb\",\"itemListElement\":[{\"@type\":\"ListItem\",\"position\":1,\"name\":\"Inicio\",\"item\":\"https:\\\/\\\/fuentesfidedignas.com.mx\\\/\"},{\"@type\":\"ListItem\",\"position\":2,\"name\":\"Mujer sin hogar dio a luz en una banqueta y arrastr\u00f3 a su beb\u00e9 colgando del cord\u00f3n umbilical\"}]},{\"@type\":\"WebSite\",\"@id\":\"https:\\\/\\\/fuentesfidedignas.com.mx\\\/#website\",\"url\":\"https:\\\/\\\/fuentesfidedignas.com.mx\\\/\",\"name\":\"Fuentes Fidedignas\",\"description\":\"Otro sitio realizado con WordPress\",\"publisher\":{\"@id\":\"https:\\\/\\\/fuentesfidedignas.com.mx\\\/#organization\"},\"potentialAction\":[{\"@type\":\"SearchAction\",\"target\":{\"@type\":\"EntryPoint\",\"urlTemplate\":\"https:\\\/\\\/fuentesfidedignas.com.mx\\\/?s={search_term_string}\"},\"query-input\":{\"@type\":\"PropertyValueSpecification\",\"valueRequired\":true,\"valueName\":\"search_term_string\"}}],\"inLanguage\":\"es\"},{\"@type\":\"Organization\",\"@id\":\"https:\\\/\\\/fuentesfidedignas.com.mx\\\/#organization\",\"name\":\"Fuentes Fidedignas\",\"url\":\"https:\\\/\\\/fuentesfidedignas.com.mx\\\/\",\"logo\":{\"@type\":\"ImageObject\",\"inLanguage\":\"es\",\"@id\":\"https:\\\/\\\/fuentesfidedignas.com.mx\\\/#\\\/schema\\\/logo\\\/image\\\/\",\"url\":\"https:\\\/\\\/fuentesfidedignas.com.mx\\\/wp-content\\\/uploads\\\/2021\\\/04\\\/logo-retina.png\",\"contentUrl\":\"https:\\\/\\\/fuentesfidedignas.com.mx\\\/wp-content\\\/uploads\\\/2021\\\/04\\\/logo-retina.png\",\"width\":280,\"height\":51,\"caption\":\"Fuentes Fidedignas\"},\"image\":{\"@id\":\"https:\\\/\\\/fuentesfidedignas.com.mx\\\/#\\\/schema\\\/logo\\\/image\\\/\"},\"sameAs\":[\"https:\\\/\\\/www.facebook.com\\\/Fuentes-Fidedignas-368234489921644\",\"https:\\\/\\\/x.com\\\/fidedignas\"]},{\"@type\":\"Person\",\"@id\":\"https:\\\/\\\/fuentesfidedignas.com.mx\\\/#\\\/schema\\\/person\\\/ff4db17f8fd9c584e0cfc2a0c436b8a1\",\"name\":\"El Imparcial\",\"image\":{\"@type\":\"ImageObject\",\"inLanguage\":\"es\",\"@id\":\"https:\\\/\\\/secure.gravatar.com\\\/avatar\\\/accd6807585a75316c237ee783498317be6f66ab34c47c940966f26a3f613161?s=96&d=mm&r=g\",\"url\":\"https:\\\/\\\/secure.gravatar.com\\\/avatar\\\/accd6807585a75316c237ee783498317be6f66ab34c47c940966f26a3f613161?s=96&d=mm&r=g\",\"contentUrl\":\"https:\\\/\\\/secure.gravatar.com\\\/avatar\\\/accd6807585a75316c237ee783498317be6f66ab34c47c940966f26a3f613161?s=96&d=mm&r=g\",\"caption\":\"El Imparcial\"},\"url\":\"https:\\\/\\\/fuentesfidedignas.com.mx\\\/index.php\\\/author\\\/imparcial\\\/\"}]}<\/script>\n<!-- \/ Yoast SEO plugin. -->","yoast_head_json":{"title":"Mujer sin hogar dio a luz en una banqueta y arrastr\u00f3 a su beb\u00e9 colgando del cord\u00f3n umbilical - Fuentes Fidedignas","robots":{"index":"index","follow":"follow","max-snippet":"max-snippet:-1","max-image-preview":"max-image-preview:large","max-video-preview":"max-video-preview:-1"},"canonical":"https:\/\/fuentesfidedignas.com.mx\/index.php\/2024\/01\/24\/mujer-sin-hogar-dio-a-luz-en-una-banqueta-y-arrastro-a-su-bebe-colgando-del-cordon-umbilical\/","og_locale":"es_MX","og_type":"article","og_title":"Mujer sin hogar dio a luz en una banqueta y arrastr\u00f3 a su beb\u00e9 colgando del cord\u00f3n umbilical - Fuentes Fidedignas","og_description":"Testigos dijeron que la mujer de 41 a\u00f1os comenz\u00f3 a arrastrar a la beb\u00e9 por el cord\u00f3n umbilical antes de que la reci\u00e9n nacida se separara del cuerpo y su madre huyera. HAW\u00c1I.- Una mujer en situaci\u00f3n de calle de Haw\u00e1i dio a luz sobre una acera y luego, supuestamente, arrastr\u00f3 a su hija reci\u00e9n [&hellip;]","og_url":"https:\/\/fuentesfidedignas.com.mx\/index.php\/2024\/01\/24\/mujer-sin-hogar-dio-a-luz-en-una-banqueta-y-arrastro-a-su-bebe-colgando-del-cordon-umbilical\/","og_site_name":"Fuentes Fidedignas","article_publisher":"https:\/\/www.facebook.com\/Fuentes-Fidedignas-368234489921644","article_published_time":"2024-01-24T12:59:01+00:00","og_image":[{"width":1000,"height":508,"url":"https:\/\/fuentesfidedignas.com.mx\/wp-content\/uploads\/2024\/01\/MUJER_BEBE1.jpg","type":"image\/jpeg"}],"author":"El Imparcial","twitter_card":"summary_large_image","twitter_creator":"@fidedignas","twitter_site":"@fidedignas","twitter_misc":{"Escrito por":"El Imparcial","Tiempo de lectura":"3 minutos"},"schema":{"@context":"https:\/\/schema.org","@graph":[{"@type":"Article","@id":"https:\/\/fuentesfidedignas.com.mx\/index.php\/2024\/01\/24\/mujer-sin-hogar-dio-a-luz-en-una-banqueta-y-arrastro-a-su-bebe-colgando-del-cordon-umbilical\/#article","isPartOf":{"@id":"https:\/\/fuentesfidedignas.com.mx\/index.php\/2024\/01\/24\/mujer-sin-hogar-dio-a-luz-en-una-banqueta-y-arrastro-a-su-bebe-colgando-del-cordon-umbilical\/"},"author":{"name":"El Imparcial","@id":"https:\/\/fuentesfidedignas.com.mx\/#\/schema\/person\/ff4db17f8fd9c584e0cfc2a0c436b8a1"},"headline":"Mujer sin hogar dio a luz en una banqueta y arrastr\u00f3 a su beb\u00e9 colgando del cord\u00f3n umbilical","datePublished":"2024-01-24T12:59:01+00:00","mainEntityOfPage":{"@id":"https:\/\/fuentesfidedignas.com.mx\/index.php\/2024\/01\/24\/mujer-sin-hogar-dio-a-luz-en-una-banqueta-y-arrastro-a-su-bebe-colgando-del-cordon-umbilical\/"},"wordCount":446,"commentCount":0,"publisher":{"@id":"https:\/\/fuentesfidedignas.com.mx\/#organization"},"image":{"@id":"https:\/\/fuentesfidedignas.com.mx\/index.php\/2024\/01\/24\/mujer-sin-hogar-dio-a-luz-en-una-banqueta-y-arrastro-a-su-bebe-colgando-del-cordon-umbilical\/#primaryimage"},"thumbnailUrl":"https:\/\/fuentesfidedignas.com.mx\/wp-content\/uploads\/2024\/01\/MUJER_BEBE1.jpg","articleSection":["LAS ASOMBROSAS"],"inLanguage":"es","potentialAction":[{"@type":"CommentAction","name":"Comment","target":["https:\/\/fuentesfidedignas.com.mx\/index.php\/2024\/01\/24\/mujer-sin-hogar-dio-a-luz-en-una-banqueta-y-arrastro-a-su-bebe-colgando-del-cordon-umbilical\/#respond"]}]},{"@type":"WebPage","@id":"https:\/\/fuentesfidedignas.com.mx\/index.php\/2024\/01\/24\/mujer-sin-hogar-dio-a-luz-en-una-banqueta-y-arrastro-a-su-bebe-colgando-del-cordon-umbilical\/","url":"https:\/\/fuentesfidedignas.com.mx\/index.php\/2024\/01\/24\/mujer-sin-hogar-dio-a-luz-en-una-banqueta-y-arrastro-a-su-bebe-colgando-del-cordon-umbilical\/","name":"Mujer sin hogar dio a luz en una banqueta y arrastr\u00f3 a su beb\u00e9 colgando del cord\u00f3n umbilical - Fuentes Fidedignas","isPartOf":{"@id":"https:\/\/fuentesfidedignas.com.mx\/#website"},"primaryImageOfPage":{"@id":"https:\/\/fuentesfidedignas.com.mx\/index.php\/2024\/01\/24\/mujer-sin-hogar-dio-a-luz-en-una-banqueta-y-arrastro-a-su-bebe-colgando-del-cordon-umbilical\/#primaryimage"},"image":{"@id":"https:\/\/fuentesfidedignas.com.mx\/index.php\/2024\/01\/24\/mujer-sin-hogar-dio-a-luz-en-una-banqueta-y-arrastro-a-su-bebe-colgando-del-cordon-umbilical\/#primaryimage"},"thumbnailUrl":"https:\/\/fuentesfidedignas.com.mx\/wp-content\/uploads\/2024\/01\/MUJER_BEBE1.jpg","datePublished":"2024-01-24T12:59:01+00:00","breadcrumb":{"@id":"https:\/\/fuentesfidedignas.com.mx\/index.php\/2024\/01\/24\/mujer-sin-hogar-dio-a-luz-en-una-banqueta-y-arrastro-a-su-bebe-colgando-del-cordon-umbilical\/#breadcrumb"},"inLanguage":"es","potentialAction":[{"@type":"ReadAction","target":["https:\/\/fuentesfidedignas.com.mx\/index.php\/2024\/01\/24\/mujer-sin-hogar-dio-a-luz-en-una-banqueta-y-arrastro-a-su-bebe-colgando-del-cordon-umbilical\/"]}]},{"@type":"ImageObject","inLanguage":"es","@id":"https:\/\/fuentesfidedignas.com.mx\/index.php\/2024\/01\/24\/mujer-sin-hogar-dio-a-luz-en-una-banqueta-y-arrastro-a-su-bebe-colgando-del-cordon-umbilical\/#primaryimage","url":"https:\/\/fuentesfidedignas.com.mx\/wp-content\/uploads\/2024\/01\/MUJER_BEBE1.jpg","contentUrl":"https:\/\/fuentesfidedignas.com.mx\/wp-content\/uploads\/2024\/01\/MUJER_BEBE1.jpg","width":1000,"height":508},{"@type":"BreadcrumbList","@id":"https:\/\/fuentesfidedignas.com.mx\/index.php\/2024\/01\/24\/mujer-sin-hogar-dio-a-luz-en-una-banqueta-y-arrastro-a-su-bebe-colgando-del-cordon-umbilical\/#breadcrumb","itemListElement":[{"@type":"ListItem","position":1,"name":"Inicio","item":"https:\/\/fuentesfidedignas.com.mx\/"},{"@type":"ListItem","position":2,"name":"Mujer sin hogar dio a luz en una banqueta y arrastr\u00f3 a su beb\u00e9 colgando del cord\u00f3n umbilical"}]},{"@type":"WebSite","@id":"https:\/\/fuentesfidedignas.com.mx\/#website","url":"https:\/\/fuentesfidedignas.com.mx\/","name":"Fuentes Fidedignas","description":"Otro sitio realizado con WordPress","publisher":{"@id":"https:\/\/fuentesfidedignas.com.mx\/#organization"},"potentialAction":[{"@type":"SearchAction","target":{"@type":"EntryPoint","urlTemplate":"https:\/\/fuentesfidedignas.com.mx\/?s={search_term_string}"},"query-input":{"@type":"PropertyValueSpecification","valueRequired":true,"valueName":"search_term_string"}}],"inLanguage":"es"},{"@type":"Organization","@id":"https:\/\/fuentesfidedignas.com.mx\/#organization","name":"Fuentes Fidedignas","url":"https:\/\/fuentesfidedignas.com.mx\/","logo":{"@type":"ImageObject","inLanguage":"es","@id":"https:\/\/fuentesfidedignas.com.mx\/#\/schema\/logo\/image\/","url":"https:\/\/fuentesfidedignas.com.mx\/wp-content\/uploads\/2021\/04\/logo-retina.png","contentUrl":"https:\/\/fuentesfidedignas.com.mx\/wp-content\/uploads\/2021\/04\/logo-retina.png","width":280,"height":51,"caption":"Fuentes Fidedignas"},"image":{"@id":"https:\/\/fuentesfidedignas.com.mx\/#\/schema\/logo\/image\/"},"sameAs":["https:\/\/www.facebook.com\/Fuentes-Fidedignas-368234489921644","https:\/\/x.com\/fidedignas"]},{"@type":"Person","@id":"https:\/\/fuentesfidedignas.com.mx\/#\/schema\/person\/ff4db17f8fd9c584e0cfc2a0c436b8a1","name":"El Imparcial","image":{"@type":"ImageObject","inLanguage":"es","@id":"https:\/\/secure.gravatar.com\/avatar\/accd6807585a75316c237ee783498317be6f66ab34c47c940966f26a3f613161?s=96&d=mm&r=g","url":"https:\/\/secure.gravatar.com\/avatar\/accd6807585a75316c237ee783498317be6f66ab34c47c940966f26a3f613161?s=96&d=mm&r=g","contentUrl":"https:\/\/secure.gravatar.com\/avatar\/accd6807585a75316c237ee783498317be6f66ab34c47c940966f26a3f613161?s=96&d=mm&r=g","caption":"El Imparcial"},"url":"https:\/\/fuentesfidedignas.com.mx\/index.php\/author\/imparcial\/"}]}},"_links":{"self":[{"href":"https:\/\/fuentesfidedignas.com.mx\/index.php\/wp-json\/wp\/v2\/posts\/71676","targetHints":{"allow":["GET"]}}],"collection":[{"href":"https:\/\/fuentesfidedignas.com.mx\/index.php\/wp-json\/wp\/v2\/posts"}],"about":[{"href":"https:\/\/fuentesfidedignas.com.mx\/index.php\/wp-json\/wp\/v2\/types\/post"}],"author":[{"embeddable":true,"href":"https:\/\/fuentesfidedignas.com.mx\/index.php\/wp-json\/wp\/v2\/users\/40"}],"replies":[{"embeddable":true,"href":"https:\/\/fuentesfidedignas.com.mx\/index.php\/wp-json\/wp\/v2\/comments?post=71676"}],"version-history":[{"count":1,"href":"https:\/\/fuentesfidedignas.com.mx\/index.php\/wp-json\/wp\/v2\/posts\/71676\/revisions"}],"predecessor-version":[{"id":71678,"href":"https:\/\/fuentesfidedignas.com.mx\/index.php\/wp-json\/wp\/v2\/posts\/71676\/revisions\/71678"}],"wp:featuredmedia":[{"embeddable":true,"href":"https:\/\/fuentesfidedignas.com.mx\/index.php\/wp-json\/wp\/v2\/media\/71677"}],"wp:attachment":[{"href":"https:\/\/fuentesfidedignas.com.mx\/index.php\/wp-json\/wp\/v2\/media?parent=71676"}],"wp:term":[{"taxonomy":"category","embeddable":true,"href":"https:\/\/fuentesfidedignas.com.mx\/index.php\/wp-json\/wp\/v2\/categories?post=71676"},{"taxonomy":"post_tag","embeddable":true,"href":"https:\/\/fuentesfidedignas.com.mx\/index.php\/wp-json\/wp\/v2\/tags?post=71676"}],"curies":[{"name":"wp","href":"https:\/\/api.w.org\/{rel}","templated":true}]}}