{"id":71652,"date":"2024-01-23T17:27:22","date_gmt":"2024-01-24T00:27:22","guid":{"rendered":"https:\/\/fuentesfidedignas.com.mx\/?p=71652"},"modified":"2024-01-23T16:27:41","modified_gmt":"2024-01-23T23:27:41","slug":"avioneta-se-desploma-en-xalisco-nayarit-hay-cuatro-muertos","status":"publish","type":"post","link":"https:\/\/fuentesfidedignas.com.mx\/index.php\/2024\/01\/23\/avioneta-se-desploma-en-xalisco-nayarit-hay-cuatro-muertos\/","title":{"rendered":"Avioneta se desploma en Xalisco, Nayarit; hay cuatro muertos"},"content":{"rendered":"\n<p><strong><em>De acuerdo con primeras versiones, la avioneta cay\u00f3 sobre un establo y habr\u00edan muerto personas cercanas a Adah\u00e1n Casas, aspirante de Morena a la alcald\u00eda de Tepic.<\/em><\/strong><\/p>\n\n\n\n<p>Ciudad de M\u00e9xico.- La Secretar\u00eda de Seguridad P\u00fablica del Estado de Nayarit confirm\u00f3 este martes 23 de enero que una avioneta se desplom\u00f3 en un establo, en el ejido de Pantanal, municipio de Xalisco, con un saldo preliminar de cuatro personas fallecidas.<\/p>\n\n\n\n<p>Aparentemente, la aeronave aterrizar\u00eda a unos kil\u00f3metros en pistas del aeropuerto internacional de Tepic, pero repentinamente cay\u00f3 en este lugar.<\/p>\n\n\n\n<p>El secretario de Seguridad P\u00fablica y Protecci\u00f3n Ciudadana del estado, Jorge Benito Rodr\u00edguez Mart\u00ednez, adelant\u00f3 que se trata de personas allegadas a uno de los aspirantes a la candidatura por la alcald\u00eda de Tepic, del partido Morena y sus aliados, Adah\u00e1n Casas.<\/p>\n\n\n\n<p>\u201cSe encontraba \u00e9l ah\u00ed bastante afectado emocionalmente (Adah\u00e1n Casas Rivas). En ese momento empezaron ya con el procesamiento del \u00e1rea y una vez que est\u00e9 m\u00e1s estable le tomar\u00e1n su entrevista para ver qu\u00e9 datos puede aportar\u201d, indic\u00f3 el funcionario en entrevista con El Financiero<\/p>\n\n\n\n<p>De manera preliminar se dio a conocer que en la aeronave viajaban cuatro personas, dos mujeres y dos hombres.<\/p>\n\n\n\n<p>Han sido identificadas dos v\u00edctimas, entre ellas, a la pareja, Arturo Barranco Tovar y Emma Guti\u00e9rrez Botello; aparentemente buscan los restos del piloto y la secretaria particular de los primeros.<\/p>\n\n\n\n<p>En el lugar, el exalcalde de Santa Mar\u00eda del Oro, Nayarit, y aspirante a la precandidatura por la presidencia municipal de Tepic para el actual proceso electoral, Adah\u00e1n Casas, dijo que las personas ven\u00edan de Atizap\u00e1n de Zaragoza, Estado de M\u00e9xico.<\/p>\n\n\n\n<p>Mientras tanto, en el lugar contin\u00faan las labores de rescate de la aeronave para tratar de localizar la caja negra e iniciar investigaciones sobre las causas de este accidente.<\/p>\n","protected":false},"excerpt":{"rendered":"<p>De acuerdo con primeras versiones, la avioneta cay\u00f3 sobre un establo y habr\u00edan muerto personas cercanas a Adah\u00e1n Casas, aspirante de Morena a la alcald\u00eda de Tepic. Ciudad de M\u00e9xico.- La Secretar\u00eda de Seguridad P\u00fablica del Estado de Nayarit confirm\u00f3 este martes 23 de enero que una avioneta se desplom\u00f3 en un establo, en el [&hellip;]<\/p>\n","protected":false},"author":21,"featured_media":71653,"comment_status":"open","ping_status":"open","sticky":false,"template":"","format":"standard","meta":{"tdm_status":"","tdm_grid_status":"","footnotes":""},"categories":[39],"tags":[],"class_list":{"0":"post-71652","1":"post","2":"type-post","3":"status-publish","4":"format-standard","5":"has-post-thumbnail","7":"category-noticias-nacionales"},"yoast_head":"<!-- This site is optimized with the Yoast SEO plugin v27.4 - https:\/\/yoast.com\/product\/yoast-seo-wordpress\/ -->\n<title>Avioneta se desploma en Xalisco, Nayarit; hay cuatro muertos - Fuentes Fidedignas<\/title>\n<meta name=\"robots\" content=\"index, follow, max-snippet:-1, max-image-preview:large, max-video-preview:-1\" \/>\n<link rel=\"canonical\" href=\"https:\/\/fuentesfidedignas.com.mx\/index.php\/2024\/01\/23\/avioneta-se-desploma-en-xalisco-nayarit-hay-cuatro-muertos\/\" \/>\n<meta property=\"og:locale\" content=\"es_MX\" \/>\n<meta property=\"og:type\" content=\"article\" \/>\n<meta property=\"og:title\" content=\"Avioneta se desploma en Xalisco, Nayarit; hay cuatro muertos - Fuentes Fidedignas\" \/>\n<meta property=\"og:description\" content=\"De acuerdo con primeras versiones, la avioneta cay\u00f3 sobre un establo y habr\u00edan muerto personas cercanas a Adah\u00e1n Casas, aspirante de Morena a la alcald\u00eda de Tepic. Ciudad de M\u00e9xico.- La Secretar\u00eda de Seguridad P\u00fablica del Estado de Nayarit confirm\u00f3 este martes 23 de enero que una avioneta se desplom\u00f3 en un establo, en el [&hellip;]\" \/>\n<meta property=\"og:url\" content=\"https:\/\/fuentesfidedignas.com.mx\/index.php\/2024\/01\/23\/avioneta-se-desploma-en-xalisco-nayarit-hay-cuatro-muertos\/\" \/>\n<meta property=\"og:site_name\" content=\"Fuentes Fidedignas\" \/>\n<meta property=\"article:publisher\" content=\"https:\/\/www.facebook.com\/Fuentes-Fidedignas-368234489921644\" \/>\n<meta property=\"article:published_time\" content=\"2024-01-24T00:27:22+00:00\" \/>\n<meta property=\"og:image\" content=\"https:\/\/fuentesfidedignas.com.mx\/wp-content\/uploads\/2024\/01\/DESPLOME_AVIONETA.jpg\" \/>\n\t<meta property=\"og:image:width\" content=\"1138\" \/>\n\t<meta property=\"og:image:height\" content=\"634\" \/>\n\t<meta property=\"og:image:type\" content=\"image\/jpeg\" \/>\n<meta name=\"author\" content=\"El Financiero\" \/>\n<meta name=\"twitter:card\" content=\"summary_large_image\" \/>\n<meta name=\"twitter:creator\" content=\"@fidedignas\" \/>\n<meta name=\"twitter:site\" content=\"@fidedignas\" \/>\n<meta name=\"twitter:label1\" content=\"Escrito por\" \/>\n\t<meta name=\"twitter:data1\" content=\"El Financiero\" \/>\n\t<meta name=\"twitter:label2\" content=\"Tiempo de lectura\" \/>\n\t<meta name=\"twitter:data2\" content=\"2 minutos\" \/>\n<script type=\"application\/ld+json\" class=\"yoast-schema-graph\">{\"@context\":\"https:\\\/\\\/schema.org\",\"@graph\":[{\"@type\":\"Article\",\"@id\":\"https:\\\/\\\/fuentesfidedignas.com.mx\\\/index.php\\\/2024\\\/01\\\/23\\\/avioneta-se-desploma-en-xalisco-nayarit-hay-cuatro-muertos\\\/#article\",\"isPartOf\":{\"@id\":\"https:\\\/\\\/fuentesfidedignas.com.mx\\\/index.php\\\/2024\\\/01\\\/23\\\/avioneta-se-desploma-en-xalisco-nayarit-hay-cuatro-muertos\\\/\"},\"author\":{\"name\":\"El Financiero\",\"@id\":\"https:\\\/\\\/fuentesfidedignas.com.mx\\\/#\\\/schema\\\/person\\\/494f7e0dce8dfaaec5b64f16615b78e9\"},\"headline\":\"Avioneta se desploma en Xalisco, Nayarit; hay cuatro muertos\",\"datePublished\":\"2024-01-24T00:27:22+00:00\",\"mainEntityOfPage\":{\"@id\":\"https:\\\/\\\/fuentesfidedignas.com.mx\\\/index.php\\\/2024\\\/01\\\/23\\\/avioneta-se-desploma-en-xalisco-nayarit-hay-cuatro-muertos\\\/\"},\"wordCount\":329,\"commentCount\":0,\"publisher\":{\"@id\":\"https:\\\/\\\/fuentesfidedignas.com.mx\\\/#organization\"},\"image\":{\"@id\":\"https:\\\/\\\/fuentesfidedignas.com.mx\\\/index.php\\\/2024\\\/01\\\/23\\\/avioneta-se-desploma-en-xalisco-nayarit-hay-cuatro-muertos\\\/#primaryimage\"},\"thumbnailUrl\":\"https:\\\/\\\/fuentesfidedignas.com.mx\\\/wp-content\\\/uploads\\\/2024\\\/01\\\/DESPLOME_AVIONETA.jpg\",\"articleSection\":[\"NOTICIAS NACIONALES\"],\"inLanguage\":\"es\",\"potentialAction\":[{\"@type\":\"CommentAction\",\"name\":\"Comment\",\"target\":[\"https:\\\/\\\/fuentesfidedignas.com.mx\\\/index.php\\\/2024\\\/01\\\/23\\\/avioneta-se-desploma-en-xalisco-nayarit-hay-cuatro-muertos\\\/#respond\"]}]},{\"@type\":\"WebPage\",\"@id\":\"https:\\\/\\\/fuentesfidedignas.com.mx\\\/index.php\\\/2024\\\/01\\\/23\\\/avioneta-se-desploma-en-xalisco-nayarit-hay-cuatro-muertos\\\/\",\"url\":\"https:\\\/\\\/fuentesfidedignas.com.mx\\\/index.php\\\/2024\\\/01\\\/23\\\/avioneta-se-desploma-en-xalisco-nayarit-hay-cuatro-muertos\\\/\",\"name\":\"Avioneta se desploma en Xalisco, Nayarit; hay cuatro muertos - Fuentes Fidedignas\",\"isPartOf\":{\"@id\":\"https:\\\/\\\/fuentesfidedignas.com.mx\\\/#website\"},\"primaryImageOfPage\":{\"@id\":\"https:\\\/\\\/fuentesfidedignas.com.mx\\\/index.php\\\/2024\\\/01\\\/23\\\/avioneta-se-desploma-en-xalisco-nayarit-hay-cuatro-muertos\\\/#primaryimage\"},\"image\":{\"@id\":\"https:\\\/\\\/fuentesfidedignas.com.mx\\\/index.php\\\/2024\\\/01\\\/23\\\/avioneta-se-desploma-en-xalisco-nayarit-hay-cuatro-muertos\\\/#primaryimage\"},\"thumbnailUrl\":\"https:\\\/\\\/fuentesfidedignas.com.mx\\\/wp-content\\\/uploads\\\/2024\\\/01\\\/DESPLOME_AVIONETA.jpg\",\"datePublished\":\"2024-01-24T00:27:22+00:00\",\"breadcrumb\":{\"@id\":\"https:\\\/\\\/fuentesfidedignas.com.mx\\\/index.php\\\/2024\\\/01\\\/23\\\/avioneta-se-desploma-en-xalisco-nayarit-hay-cuatro-muertos\\\/#breadcrumb\"},\"inLanguage\":\"es\",\"potentialAction\":[{\"@type\":\"ReadAction\",\"target\":[\"https:\\\/\\\/fuentesfidedignas.com.mx\\\/index.php\\\/2024\\\/01\\\/23\\\/avioneta-se-desploma-en-xalisco-nayarit-hay-cuatro-muertos\\\/\"]}]},{\"@type\":\"ImageObject\",\"inLanguage\":\"es\",\"@id\":\"https:\\\/\\\/fuentesfidedignas.com.mx\\\/index.php\\\/2024\\\/01\\\/23\\\/avioneta-se-desploma-en-xalisco-nayarit-hay-cuatro-muertos\\\/#primaryimage\",\"url\":\"https:\\\/\\\/fuentesfidedignas.com.mx\\\/wp-content\\\/uploads\\\/2024\\\/01\\\/DESPLOME_AVIONETA.jpg\",\"contentUrl\":\"https:\\\/\\\/fuentesfidedignas.com.mx\\\/wp-content\\\/uploads\\\/2024\\\/01\\\/DESPLOME_AVIONETA.jpg\",\"width\":1138,\"height\":634},{\"@type\":\"BreadcrumbList\",\"@id\":\"https:\\\/\\\/fuentesfidedignas.com.mx\\\/index.php\\\/2024\\\/01\\\/23\\\/avioneta-se-desploma-en-xalisco-nayarit-hay-cuatro-muertos\\\/#breadcrumb\",\"itemListElement\":[{\"@type\":\"ListItem\",\"position\":1,\"name\":\"Inicio\",\"item\":\"https:\\\/\\\/fuentesfidedignas.com.mx\\\/\"},{\"@type\":\"ListItem\",\"position\":2,\"name\":\"Avioneta se desploma en Xalisco, Nayarit; hay cuatro muertos\"}]},{\"@type\":\"WebSite\",\"@id\":\"https:\\\/\\\/fuentesfidedignas.com.mx\\\/#website\",\"url\":\"https:\\\/\\\/fuentesfidedignas.com.mx\\\/\",\"name\":\"Fuentes Fidedignas\",\"description\":\"Otro sitio realizado con WordPress\",\"publisher\":{\"@id\":\"https:\\\/\\\/fuentesfidedignas.com.mx\\\/#organization\"},\"potentialAction\":[{\"@type\":\"SearchAction\",\"target\":{\"@type\":\"EntryPoint\",\"urlTemplate\":\"https:\\\/\\\/fuentesfidedignas.com.mx\\\/?s={search_term_string}\"},\"query-input\":{\"@type\":\"PropertyValueSpecification\",\"valueRequired\":true,\"valueName\":\"search_term_string\"}}],\"inLanguage\":\"es\"},{\"@type\":\"Organization\",\"@id\":\"https:\\\/\\\/fuentesfidedignas.com.mx\\\/#organization\",\"name\":\"Fuentes Fidedignas\",\"url\":\"https:\\\/\\\/fuentesfidedignas.com.mx\\\/\",\"logo\":{\"@type\":\"ImageObject\",\"inLanguage\":\"es\",\"@id\":\"https:\\\/\\\/fuentesfidedignas.com.mx\\\/#\\\/schema\\\/logo\\\/image\\\/\",\"url\":\"https:\\\/\\\/fuentesfidedignas.com.mx\\\/wp-content\\\/uploads\\\/2021\\\/04\\\/logo-retina.png\",\"contentUrl\":\"https:\\\/\\\/fuentesfidedignas.com.mx\\\/wp-content\\\/uploads\\\/2021\\\/04\\\/logo-retina.png\",\"width\":280,\"height\":51,\"caption\":\"Fuentes Fidedignas\"},\"image\":{\"@id\":\"https:\\\/\\\/fuentesfidedignas.com.mx\\\/#\\\/schema\\\/logo\\\/image\\\/\"},\"sameAs\":[\"https:\\\/\\\/www.facebook.com\\\/Fuentes-Fidedignas-368234489921644\",\"https:\\\/\\\/x.com\\\/fidedignas\"]},{\"@type\":\"Person\",\"@id\":\"https:\\\/\\\/fuentesfidedignas.com.mx\\\/#\\\/schema\\\/person\\\/494f7e0dce8dfaaec5b64f16615b78e9\",\"name\":\"El Financiero\",\"image\":{\"@type\":\"ImageObject\",\"inLanguage\":\"es\",\"@id\":\"https:\\\/\\\/secure.gravatar.com\\\/avatar\\\/88c0f3f2079389318ef8dd35c22cb997212aa89646e357ba59b318db26ed91a9?s=96&d=mm&r=g\",\"url\":\"https:\\\/\\\/secure.gravatar.com\\\/avatar\\\/88c0f3f2079389318ef8dd35c22cb997212aa89646e357ba59b318db26ed91a9?s=96&d=mm&r=g\",\"contentUrl\":\"https:\\\/\\\/secure.gravatar.com\\\/avatar\\\/88c0f3f2079389318ef8dd35c22cb997212aa89646e357ba59b318db26ed91a9?s=96&d=mm&r=g\",\"caption\":\"El Financiero\"},\"url\":\"https:\\\/\\\/fuentesfidedignas.com.mx\\\/index.php\\\/author\\\/financiero\\\/\"}]}<\/script>\n<!-- \/ Yoast SEO plugin. -->","yoast_head_json":{"title":"Avioneta se desploma en Xalisco, Nayarit; hay cuatro muertos - Fuentes Fidedignas","robots":{"index":"index","follow":"follow","max-snippet":"max-snippet:-1","max-image-preview":"max-image-preview:large","max-video-preview":"max-video-preview:-1"},"canonical":"https:\/\/fuentesfidedignas.com.mx\/index.php\/2024\/01\/23\/avioneta-se-desploma-en-xalisco-nayarit-hay-cuatro-muertos\/","og_locale":"es_MX","og_type":"article","og_title":"Avioneta se desploma en Xalisco, Nayarit; hay cuatro muertos - Fuentes Fidedignas","og_description":"De acuerdo con primeras versiones, la avioneta cay\u00f3 sobre un establo y habr\u00edan muerto personas cercanas a Adah\u00e1n Casas, aspirante de Morena a la alcald\u00eda de Tepic. Ciudad de M\u00e9xico.- La Secretar\u00eda de Seguridad P\u00fablica del Estado de Nayarit confirm\u00f3 este martes 23 de enero que una avioneta se desplom\u00f3 en un establo, en el [&hellip;]","og_url":"https:\/\/fuentesfidedignas.com.mx\/index.php\/2024\/01\/23\/avioneta-se-desploma-en-xalisco-nayarit-hay-cuatro-muertos\/","og_site_name":"Fuentes Fidedignas","article_publisher":"https:\/\/www.facebook.com\/Fuentes-Fidedignas-368234489921644","article_published_time":"2024-01-24T00:27:22+00:00","og_image":[{"width":1138,"height":634,"url":"https:\/\/fuentesfidedignas.com.mx\/wp-content\/uploads\/2024\/01\/DESPLOME_AVIONETA.jpg","type":"image\/jpeg"}],"author":"El Financiero","twitter_card":"summary_large_image","twitter_creator":"@fidedignas","twitter_site":"@fidedignas","twitter_misc":{"Escrito por":"El Financiero","Tiempo de lectura":"2 minutos"},"schema":{"@context":"https:\/\/schema.org","@graph":[{"@type":"Article","@id":"https:\/\/fuentesfidedignas.com.mx\/index.php\/2024\/01\/23\/avioneta-se-desploma-en-xalisco-nayarit-hay-cuatro-muertos\/#article","isPartOf":{"@id":"https:\/\/fuentesfidedignas.com.mx\/index.php\/2024\/01\/23\/avioneta-se-desploma-en-xalisco-nayarit-hay-cuatro-muertos\/"},"author":{"name":"El Financiero","@id":"https:\/\/fuentesfidedignas.com.mx\/#\/schema\/person\/494f7e0dce8dfaaec5b64f16615b78e9"},"headline":"Avioneta se desploma en Xalisco, Nayarit; hay cuatro muertos","datePublished":"2024-01-24T00:27:22+00:00","mainEntityOfPage":{"@id":"https:\/\/fuentesfidedignas.com.mx\/index.php\/2024\/01\/23\/avioneta-se-desploma-en-xalisco-nayarit-hay-cuatro-muertos\/"},"wordCount":329,"commentCount":0,"publisher":{"@id":"https:\/\/fuentesfidedignas.com.mx\/#organization"},"image":{"@id":"https:\/\/fuentesfidedignas.com.mx\/index.php\/2024\/01\/23\/avioneta-se-desploma-en-xalisco-nayarit-hay-cuatro-muertos\/#primaryimage"},"thumbnailUrl":"https:\/\/fuentesfidedignas.com.mx\/wp-content\/uploads\/2024\/01\/DESPLOME_AVIONETA.jpg","articleSection":["NOTICIAS NACIONALES"],"inLanguage":"es","potentialAction":[{"@type":"CommentAction","name":"Comment","target":["https:\/\/fuentesfidedignas.com.mx\/index.php\/2024\/01\/23\/avioneta-se-desploma-en-xalisco-nayarit-hay-cuatro-muertos\/#respond"]}]},{"@type":"WebPage","@id":"https:\/\/fuentesfidedignas.com.mx\/index.php\/2024\/01\/23\/avioneta-se-desploma-en-xalisco-nayarit-hay-cuatro-muertos\/","url":"https:\/\/fuentesfidedignas.com.mx\/index.php\/2024\/01\/23\/avioneta-se-desploma-en-xalisco-nayarit-hay-cuatro-muertos\/","name":"Avioneta se desploma en Xalisco, Nayarit; hay cuatro muertos - Fuentes Fidedignas","isPartOf":{"@id":"https:\/\/fuentesfidedignas.com.mx\/#website"},"primaryImageOfPage":{"@id":"https:\/\/fuentesfidedignas.com.mx\/index.php\/2024\/01\/23\/avioneta-se-desploma-en-xalisco-nayarit-hay-cuatro-muertos\/#primaryimage"},"image":{"@id":"https:\/\/fuentesfidedignas.com.mx\/index.php\/2024\/01\/23\/avioneta-se-desploma-en-xalisco-nayarit-hay-cuatro-muertos\/#primaryimage"},"thumbnailUrl":"https:\/\/fuentesfidedignas.com.mx\/wp-content\/uploads\/2024\/01\/DESPLOME_AVIONETA.jpg","datePublished":"2024-01-24T00:27:22+00:00","breadcrumb":{"@id":"https:\/\/fuentesfidedignas.com.mx\/index.php\/2024\/01\/23\/avioneta-se-desploma-en-xalisco-nayarit-hay-cuatro-muertos\/#breadcrumb"},"inLanguage":"es","potentialAction":[{"@type":"ReadAction","target":["https:\/\/fuentesfidedignas.com.mx\/index.php\/2024\/01\/23\/avioneta-se-desploma-en-xalisco-nayarit-hay-cuatro-muertos\/"]}]},{"@type":"ImageObject","inLanguage":"es","@id":"https:\/\/fuentesfidedignas.com.mx\/index.php\/2024\/01\/23\/avioneta-se-desploma-en-xalisco-nayarit-hay-cuatro-muertos\/#primaryimage","url":"https:\/\/fuentesfidedignas.com.mx\/wp-content\/uploads\/2024\/01\/DESPLOME_AVIONETA.jpg","contentUrl":"https:\/\/fuentesfidedignas.com.mx\/wp-content\/uploads\/2024\/01\/DESPLOME_AVIONETA.jpg","width":1138,"height":634},{"@type":"BreadcrumbList","@id":"https:\/\/fuentesfidedignas.com.mx\/index.php\/2024\/01\/23\/avioneta-se-desploma-en-xalisco-nayarit-hay-cuatro-muertos\/#breadcrumb","itemListElement":[{"@type":"ListItem","position":1,"name":"Inicio","item":"https:\/\/fuentesfidedignas.com.mx\/"},{"@type":"ListItem","position":2,"name":"Avioneta se desploma en Xalisco, Nayarit; hay cuatro muertos"}]},{"@type":"WebSite","@id":"https:\/\/fuentesfidedignas.com.mx\/#website","url":"https:\/\/fuentesfidedignas.com.mx\/","name":"Fuentes Fidedignas","description":"Otro sitio realizado con WordPress","publisher":{"@id":"https:\/\/fuentesfidedignas.com.mx\/#organization"},"potentialAction":[{"@type":"SearchAction","target":{"@type":"EntryPoint","urlTemplate":"https:\/\/fuentesfidedignas.com.mx\/?s={search_term_string}"},"query-input":{"@type":"PropertyValueSpecification","valueRequired":true,"valueName":"search_term_string"}}],"inLanguage":"es"},{"@type":"Organization","@id":"https:\/\/fuentesfidedignas.com.mx\/#organization","name":"Fuentes Fidedignas","url":"https:\/\/fuentesfidedignas.com.mx\/","logo":{"@type":"ImageObject","inLanguage":"es","@id":"https:\/\/fuentesfidedignas.com.mx\/#\/schema\/logo\/image\/","url":"https:\/\/fuentesfidedignas.com.mx\/wp-content\/uploads\/2021\/04\/logo-retina.png","contentUrl":"https:\/\/fuentesfidedignas.com.mx\/wp-content\/uploads\/2021\/04\/logo-retina.png","width":280,"height":51,"caption":"Fuentes Fidedignas"},"image":{"@id":"https:\/\/fuentesfidedignas.com.mx\/#\/schema\/logo\/image\/"},"sameAs":["https:\/\/www.facebook.com\/Fuentes-Fidedignas-368234489921644","https:\/\/x.com\/fidedignas"]},{"@type":"Person","@id":"https:\/\/fuentesfidedignas.com.mx\/#\/schema\/person\/494f7e0dce8dfaaec5b64f16615b78e9","name":"El Financiero","image":{"@type":"ImageObject","inLanguage":"es","@id":"https:\/\/secure.gravatar.com\/avatar\/88c0f3f2079389318ef8dd35c22cb997212aa89646e357ba59b318db26ed91a9?s=96&d=mm&r=g","url":"https:\/\/secure.gravatar.com\/avatar\/88c0f3f2079389318ef8dd35c22cb997212aa89646e357ba59b318db26ed91a9?s=96&d=mm&r=g","contentUrl":"https:\/\/secure.gravatar.com\/avatar\/88c0f3f2079389318ef8dd35c22cb997212aa89646e357ba59b318db26ed91a9?s=96&d=mm&r=g","caption":"El Financiero"},"url":"https:\/\/fuentesfidedignas.com.mx\/index.php\/author\/financiero\/"}]}},"_links":{"self":[{"href":"https:\/\/fuentesfidedignas.com.mx\/index.php\/wp-json\/wp\/v2\/posts\/71652","targetHints":{"allow":["GET"]}}],"collection":[{"href":"https:\/\/fuentesfidedignas.com.mx\/index.php\/wp-json\/wp\/v2\/posts"}],"about":[{"href":"https:\/\/fuentesfidedignas.com.mx\/index.php\/wp-json\/wp\/v2\/types\/post"}],"author":[{"embeddable":true,"href":"https:\/\/fuentesfidedignas.com.mx\/index.php\/wp-json\/wp\/v2\/users\/21"}],"replies":[{"embeddable":true,"href":"https:\/\/fuentesfidedignas.com.mx\/index.php\/wp-json\/wp\/v2\/comments?post=71652"}],"version-history":[{"count":1,"href":"https:\/\/fuentesfidedignas.com.mx\/index.php\/wp-json\/wp\/v2\/posts\/71652\/revisions"}],"predecessor-version":[{"id":71654,"href":"https:\/\/fuentesfidedignas.com.mx\/index.php\/wp-json\/wp\/v2\/posts\/71652\/revisions\/71654"}],"wp:featuredmedia":[{"embeddable":true,"href":"https:\/\/fuentesfidedignas.com.mx\/index.php\/wp-json\/wp\/v2\/media\/71653"}],"wp:attachment":[{"href":"https:\/\/fuentesfidedignas.com.mx\/index.php\/wp-json\/wp\/v2\/media?parent=71652"}],"wp:term":[{"taxonomy":"category","embeddable":true,"href":"https:\/\/fuentesfidedignas.com.mx\/index.php\/wp-json\/wp\/v2\/categories?post=71652"},{"taxonomy":"post_tag","embeddable":true,"href":"https:\/\/fuentesfidedignas.com.mx\/index.php\/wp-json\/wp\/v2\/tags?post=71652"}],"curies":[{"name":"wp","href":"https:\/\/api.w.org\/{rel}","templated":true}]}}