{"id":71650,"date":"2024-01-23T16:13:03","date_gmt":"2024-01-23T23:13:03","guid":{"rendered":"https:\/\/fuentesfidedignas.com.mx\/?p=71650"},"modified":"2024-01-23T16:13:03","modified_gmt":"2024-01-23T23:13:03","slug":"juez-aplaza-audiencia-de-murillo-karam-fgr-buscara-82-anos-de-carcel-para-ex-procurador","status":"publish","type":"post","link":"https:\/\/fuentesfidedignas.com.mx\/index.php\/2024\/01\/23\/juez-aplaza-audiencia-de-murillo-karam-fgr-buscara-82-anos-de-carcel-para-ex-procurador\/","title":{"rendered":"Juez aplaza audiencia de Murillo Karam; FGR buscar\u00e1 82 a\u00f1os de c\u00e1rcel para ex procurador"},"content":{"rendered":"\n<p><strong><em>Se trata de la segunda vez que la audiencia se aplaza, ya que en septiembre pasado el equipo legal del ex procurador solicit\u00f3 el diferimiento.<\/em><\/strong><\/p>\n\n\n\n<p>Ciudad de M\u00e9xico.- Un juez federal aplaz\u00f3 hasta abril pr\u00f3ximo la audiencia donde la Fiscal\u00eda General de la Rep\u00fablica (FGR) acusar\u00e1 formalmente al ex titular de la Procuradur\u00eda General de la Rep\u00fablica (PGR), Jes\u00fas Murillo Karam, y solicitar\u00e1 una condena de 82 a\u00f1os de c\u00e1rcel por su presunta responsabilidad en los delitos desaparici\u00f3n forzada, tortura y contra la administraci\u00f3n de la justicia en el caso Ayotzinapa.<\/p>\n\n\n\n<p>Funcionarios federales y fuentes cercanas al caso comentaron que la audiencia programada este 24 de enero fue diferida porque est\u00e1n en curso entrevistas, mientras que otras est\u00e1n pendientes de realizarse, mismas que forman parte de la estrategia de defensa del ex funcionario.<\/p>\n\n\n\n<p>Est\u00e1 es la segunda vez que la audiencia se aplaza, ya que en septiembre pasado el equipo legal del ex procurador solicit\u00f3 el diferimiento, ya que en ese momento estaban en curso juicios de amparo.<\/p>\n\n\n\n<p>El pasado 1 de noviembre pasado, Jos\u00e9 Rivas Gonz\u00e1lez, juez de control del Centro de Justicia Penal Federal en el reclusorio Norte, determin\u00f3 modificar la prisi\u00f3n preventiva impuesta a Murillo Karam y permiti\u00f3 que el ex funcionario enfrentara su proceso fuera de la c\u00e1rcel, situaci\u00f3n que provoc\u00f3 que la FGR apelara la decisi\u00f3n.<\/p>\n\n\n\n<p>Sin embargo, el ex procurador que permanece en la Torre M\u00e9dica del penal de Tepepan, en Xochimilco, debido a su precario estado de salud, no pudo conseguir su liberaci\u00f3n, porque en otra audiencia Juan Jos\u00e9 Hern\u00e1ndez Leyva, juez de control del CJPF en el reclusorio Sur, rechaz\u00f3 cambiar la medida cautelar en el proceso que enfrenta por su probable responsabilidad en el delito de tortura contra Felipe Rodr\u00edguez Salgado, El Cepillo, se\u00f1alado por la entonces PGR como sicario de Guerreros Unidos, a quien se responsabiliz\u00f3 de la desaparici\u00f3n de los 43 normalistas de Ayotzinapa.<\/p>\n\n\n\n<p>En julio de 2023, Antonio Gonz\u00e1lez Garc\u00eda, juez Segundo de Distrito de Amparo en Materia Penal en la Ciudad de M\u00e9xico, determin\u00f3 suspender de manera indefinida el citado proceso, hasta que se resuelva el juicio donde el ex procurador solicit\u00f3 que se le admitan 15 documentales para presentarlas como pruebas de descargo ante la acusaci\u00f3n en su contra.<\/p>\n\n\n\n<p>Murillo Karam present\u00f3 el amparo porque Marco Antonio Fuerte Tapia, juez de control del Centro de Justicia Penal Federal en el Reclusorio Norte, rechaz\u00f3 su petici\u00f3n de auxiliarlo para tener en sus manos las averiguaciones previas y carpetas de investigaci\u00f3n que se iniciaron en 2014 por la entonces PGR, por la presunta tortura contra integrantes del&nbsp;grupo criminal Guerreros Unidos, responsable de la desaparici\u00f3n de los normalistas.<\/p>\n\n\n\n<p>Un mes antes, la FGR present\u00f3 un escrito en el citado Centro de Justicia, donde, la Unidad Especial de Investigaci\u00f3n y Litigaci\u00f3n para el Caso Ayotzinapa (UILCA) pidi\u00f3 una pena de 60 a\u00f1os de c\u00e1rcel por el delito de desaparici\u00f3n forzada. Mientras que por el delito de tortura 12 a\u00f1os, y 10 a\u00f1os por el correspondiente contra la administraci\u00f3n de la justicia.<\/p>\n\n\n\n<p>La mencionada unidad present\u00f3 69 testimonios, 65, documentales y 43 peritajes, como datos de prueba.&nbsp;En agosto de 2022, el juez de control del CJPF en el reclusorio Norte, Marco Antonio Fuerte Tapia, dict\u00f3 la primera vinculaci\u00f3n a proceso.<\/p>\n\n\n\n<p>Durante la audiencia, la fiscal\u00eda imput\u00f3 al ex procurador de \u201cfraguar la denominada \u201cverdad hist\u00f3rica\u201d, y que supuestamente de forma premeditada orden\u00f3 alterar y manipular evidencias y desviar l\u00edneas de investigaci\u00f3n, contribuyendo a ocultar el paradero de los 43 normalistas de Ayotzinapa.<\/p>\n\n\n\n<p>Asimismo, los fiscales aseguraron que Murillo Karam organiz\u00f3 un \u201cc\u00f3nclave\u201d donde&nbsp;estuvieron presentes funcionarios estatales y federales de la pasada administraci\u00f3n.<\/p>\n\n\n\n<p>Y en abril de 2023, la FGR imput\u00f3 por segunda ocasi\u00f3n a Murillo Karam, ahora por su presunta responsabilidad en la tortura de la que supuestamente fue v\u00edctima Felipe Rodr\u00edguez Salgado.<\/p>\n\n\n\n<p>Esta audiencia se realiz\u00f3 a puerta cerrada, a petici\u00f3n de la FGR y fue presidida por Felipe de Jes\u00fas Delgadillo Padierna, entonces juez de control del CJPF en el reclusorio Sur.<\/p>\n","protected":false},"excerpt":{"rendered":"<p>Se trata de la segunda vez que la audiencia se aplaza, ya que en septiembre pasado el equipo legal del ex procurador solicit\u00f3 el diferimiento. Ciudad de M\u00e9xico.- Un juez federal aplaz\u00f3 hasta abril pr\u00f3ximo la audiencia donde la Fiscal\u00eda General de la Rep\u00fablica (FGR) acusar\u00e1 formalmente al ex titular de la Procuradur\u00eda General de [&hellip;]<\/p>\n","protected":false},"author":9,"featured_media":45375,"comment_status":"open","ping_status":"open","sticky":false,"template":"","format":"standard","meta":{"tdm_status":"","tdm_grid_status":"","footnotes":""},"categories":[39],"tags":[],"class_list":{"0":"post-71650","1":"post","2":"type-post","3":"status-publish","4":"format-standard","5":"has-post-thumbnail","7":"category-noticias-nacionales"},"yoast_head":"<!-- This site is optimized with the Yoast SEO plugin v27.5 - https:\/\/yoast.com\/product\/yoast-seo-wordpress\/ -->\n<title>Juez aplaza audiencia de Murillo Karam; FGR buscar\u00e1 82 a\u00f1os de c\u00e1rcel para ex procurador - Fuentes Fidedignas<\/title>\n<meta name=\"robots\" content=\"index, follow, max-snippet:-1, max-image-preview:large, max-video-preview:-1\" \/>\n<link rel=\"canonical\" href=\"https:\/\/fuentesfidedignas.com.mx\/index.php\/2024\/01\/23\/juez-aplaza-audiencia-de-murillo-karam-fgr-buscara-82-anos-de-carcel-para-ex-procurador\/\" \/>\n<meta property=\"og:locale\" content=\"es_MX\" \/>\n<meta property=\"og:type\" content=\"article\" \/>\n<meta property=\"og:title\" content=\"Juez aplaza audiencia de Murillo Karam; FGR buscar\u00e1 82 a\u00f1os de c\u00e1rcel para ex procurador - Fuentes Fidedignas\" \/>\n<meta property=\"og:description\" content=\"Se trata de la segunda vez que la audiencia se aplaza, ya que en septiembre pasado el equipo legal del ex procurador solicit\u00f3 el diferimiento. Ciudad de M\u00e9xico.- Un juez federal aplaz\u00f3 hasta abril pr\u00f3ximo la audiencia donde la Fiscal\u00eda General de la Rep\u00fablica (FGR) acusar\u00e1 formalmente al ex titular de la Procuradur\u00eda General de [&hellip;]\" \/>\n<meta property=\"og:url\" content=\"https:\/\/fuentesfidedignas.com.mx\/index.php\/2024\/01\/23\/juez-aplaza-audiencia-de-murillo-karam-fgr-buscara-82-anos-de-carcel-para-ex-procurador\/\" \/>\n<meta property=\"og:site_name\" content=\"Fuentes Fidedignas\" \/>\n<meta property=\"article:publisher\" content=\"https:\/\/www.facebook.com\/Fuentes-Fidedignas-368234489921644\" \/>\n<meta property=\"article:published_time\" content=\"2024-01-23T23:13:03+00:00\" \/>\n<meta property=\"og:image\" content=\"https:\/\/fuentesfidedignas.com.mx\/wp-content\/uploads\/2023\/04\/murillo.jpg\" \/>\n\t<meta property=\"og:image:width\" content=\"800\" \/>\n\t<meta property=\"og:image:height\" content=\"600\" \/>\n\t<meta property=\"og:image:type\" content=\"image\/jpeg\" \/>\n<meta name=\"author\" content=\"Milenio\" \/>\n<meta name=\"twitter:card\" content=\"summary_large_image\" \/>\n<meta name=\"twitter:creator\" content=\"@fidedignas\" \/>\n<meta name=\"twitter:site\" content=\"@fidedignas\" \/>\n<meta name=\"twitter:label1\" content=\"Escrito por\" \/>\n\t<meta name=\"twitter:data1\" content=\"Milenio\" \/>\n\t<meta name=\"twitter:label2\" content=\"Tiempo de lectura\" \/>\n\t<meta name=\"twitter:data2\" content=\"4 minutos\" \/>\n<script type=\"application\/ld+json\" class=\"yoast-schema-graph\">{\"@context\":\"https:\\\/\\\/schema.org\",\"@graph\":[{\"@type\":\"Article\",\"@id\":\"https:\\\/\\\/fuentesfidedignas.com.mx\\\/index.php\\\/2024\\\/01\\\/23\\\/juez-aplaza-audiencia-de-murillo-karam-fgr-buscara-82-anos-de-carcel-para-ex-procurador\\\/#article\",\"isPartOf\":{\"@id\":\"https:\\\/\\\/fuentesfidedignas.com.mx\\\/index.php\\\/2024\\\/01\\\/23\\\/juez-aplaza-audiencia-de-murillo-karam-fgr-buscara-82-anos-de-carcel-para-ex-procurador\\\/\"},\"author\":{\"name\":\"Milenio\",\"@id\":\"https:\\\/\\\/fuentesfidedignas.com.mx\\\/#\\\/schema\\\/person\\\/47ec0135738f4b0c7495f06a77a2c976\"},\"headline\":\"Juez aplaza audiencia de Murillo Karam; FGR buscar\u00e1 82 a\u00f1os de c\u00e1rcel para ex procurador\",\"datePublished\":\"2024-01-23T23:13:03+00:00\",\"mainEntityOfPage\":{\"@id\":\"https:\\\/\\\/fuentesfidedignas.com.mx\\\/index.php\\\/2024\\\/01\\\/23\\\/juez-aplaza-audiencia-de-murillo-karam-fgr-buscara-82-anos-de-carcel-para-ex-procurador\\\/\"},\"wordCount\":721,\"commentCount\":0,\"publisher\":{\"@id\":\"https:\\\/\\\/fuentesfidedignas.com.mx\\\/#organization\"},\"image\":{\"@id\":\"https:\\\/\\\/fuentesfidedignas.com.mx\\\/index.php\\\/2024\\\/01\\\/23\\\/juez-aplaza-audiencia-de-murillo-karam-fgr-buscara-82-anos-de-carcel-para-ex-procurador\\\/#primaryimage\"},\"thumbnailUrl\":\"https:\\\/\\\/fuentesfidedignas.com.mx\\\/wp-content\\\/uploads\\\/2023\\\/04\\\/murillo.jpg\",\"articleSection\":[\"NOTICIAS NACIONALES\"],\"inLanguage\":\"es\",\"potentialAction\":[{\"@type\":\"CommentAction\",\"name\":\"Comment\",\"target\":[\"https:\\\/\\\/fuentesfidedignas.com.mx\\\/index.php\\\/2024\\\/01\\\/23\\\/juez-aplaza-audiencia-de-murillo-karam-fgr-buscara-82-anos-de-carcel-para-ex-procurador\\\/#respond\"]}]},{\"@type\":\"WebPage\",\"@id\":\"https:\\\/\\\/fuentesfidedignas.com.mx\\\/index.php\\\/2024\\\/01\\\/23\\\/juez-aplaza-audiencia-de-murillo-karam-fgr-buscara-82-anos-de-carcel-para-ex-procurador\\\/\",\"url\":\"https:\\\/\\\/fuentesfidedignas.com.mx\\\/index.php\\\/2024\\\/01\\\/23\\\/juez-aplaza-audiencia-de-murillo-karam-fgr-buscara-82-anos-de-carcel-para-ex-procurador\\\/\",\"name\":\"Juez aplaza audiencia de Murillo Karam; FGR buscar\u00e1 82 a\u00f1os de c\u00e1rcel para ex procurador - Fuentes Fidedignas\",\"isPartOf\":{\"@id\":\"https:\\\/\\\/fuentesfidedignas.com.mx\\\/#website\"},\"primaryImageOfPage\":{\"@id\":\"https:\\\/\\\/fuentesfidedignas.com.mx\\\/index.php\\\/2024\\\/01\\\/23\\\/juez-aplaza-audiencia-de-murillo-karam-fgr-buscara-82-anos-de-carcel-para-ex-procurador\\\/#primaryimage\"},\"image\":{\"@id\":\"https:\\\/\\\/fuentesfidedignas.com.mx\\\/index.php\\\/2024\\\/01\\\/23\\\/juez-aplaza-audiencia-de-murillo-karam-fgr-buscara-82-anos-de-carcel-para-ex-procurador\\\/#primaryimage\"},\"thumbnailUrl\":\"https:\\\/\\\/fuentesfidedignas.com.mx\\\/wp-content\\\/uploads\\\/2023\\\/04\\\/murillo.jpg\",\"datePublished\":\"2024-01-23T23:13:03+00:00\",\"breadcrumb\":{\"@id\":\"https:\\\/\\\/fuentesfidedignas.com.mx\\\/index.php\\\/2024\\\/01\\\/23\\\/juez-aplaza-audiencia-de-murillo-karam-fgr-buscara-82-anos-de-carcel-para-ex-procurador\\\/#breadcrumb\"},\"inLanguage\":\"es\",\"potentialAction\":[{\"@type\":\"ReadAction\",\"target\":[\"https:\\\/\\\/fuentesfidedignas.com.mx\\\/index.php\\\/2024\\\/01\\\/23\\\/juez-aplaza-audiencia-de-murillo-karam-fgr-buscara-82-anos-de-carcel-para-ex-procurador\\\/\"]}]},{\"@type\":\"ImageObject\",\"inLanguage\":\"es\",\"@id\":\"https:\\\/\\\/fuentesfidedignas.com.mx\\\/index.php\\\/2024\\\/01\\\/23\\\/juez-aplaza-audiencia-de-murillo-karam-fgr-buscara-82-anos-de-carcel-para-ex-procurador\\\/#primaryimage\",\"url\":\"https:\\\/\\\/fuentesfidedignas.com.mx\\\/wp-content\\\/uploads\\\/2023\\\/04\\\/murillo.jpg\",\"contentUrl\":\"https:\\\/\\\/fuentesfidedignas.com.mx\\\/wp-content\\\/uploads\\\/2023\\\/04\\\/murillo.jpg\",\"width\":800,\"height\":600},{\"@type\":\"BreadcrumbList\",\"@id\":\"https:\\\/\\\/fuentesfidedignas.com.mx\\\/index.php\\\/2024\\\/01\\\/23\\\/juez-aplaza-audiencia-de-murillo-karam-fgr-buscara-82-anos-de-carcel-para-ex-procurador\\\/#breadcrumb\",\"itemListElement\":[{\"@type\":\"ListItem\",\"position\":1,\"name\":\"Inicio\",\"item\":\"https:\\\/\\\/fuentesfidedignas.com.mx\\\/\"},{\"@type\":\"ListItem\",\"position\":2,\"name\":\"Juez aplaza audiencia de Murillo Karam; FGR buscar\u00e1 82 a\u00f1os de c\u00e1rcel para ex procurador\"}]},{\"@type\":\"WebSite\",\"@id\":\"https:\\\/\\\/fuentesfidedignas.com.mx\\\/#website\",\"url\":\"https:\\\/\\\/fuentesfidedignas.com.mx\\\/\",\"name\":\"Fuentes Fidedignas\",\"description\":\"Otro sitio realizado con WordPress\",\"publisher\":{\"@id\":\"https:\\\/\\\/fuentesfidedignas.com.mx\\\/#organization\"},\"potentialAction\":[{\"@type\":\"SearchAction\",\"target\":{\"@type\":\"EntryPoint\",\"urlTemplate\":\"https:\\\/\\\/fuentesfidedignas.com.mx\\\/?s={search_term_string}\"},\"query-input\":{\"@type\":\"PropertyValueSpecification\",\"valueRequired\":true,\"valueName\":\"search_term_string\"}}],\"inLanguage\":\"es\"},{\"@type\":\"Organization\",\"@id\":\"https:\\\/\\\/fuentesfidedignas.com.mx\\\/#organization\",\"name\":\"Fuentes Fidedignas\",\"url\":\"https:\\\/\\\/fuentesfidedignas.com.mx\\\/\",\"logo\":{\"@type\":\"ImageObject\",\"inLanguage\":\"es\",\"@id\":\"https:\\\/\\\/fuentesfidedignas.com.mx\\\/#\\\/schema\\\/logo\\\/image\\\/\",\"url\":\"https:\\\/\\\/fuentesfidedignas.com.mx\\\/wp-content\\\/uploads\\\/2021\\\/04\\\/logo-retina.png\",\"contentUrl\":\"https:\\\/\\\/fuentesfidedignas.com.mx\\\/wp-content\\\/uploads\\\/2021\\\/04\\\/logo-retina.png\",\"width\":280,\"height\":51,\"caption\":\"Fuentes Fidedignas\"},\"image\":{\"@id\":\"https:\\\/\\\/fuentesfidedignas.com.mx\\\/#\\\/schema\\\/logo\\\/image\\\/\"},\"sameAs\":[\"https:\\\/\\\/www.facebook.com\\\/Fuentes-Fidedignas-368234489921644\",\"https:\\\/\\\/x.com\\\/fidedignas\"]},{\"@type\":\"Person\",\"@id\":\"https:\\\/\\\/fuentesfidedignas.com.mx\\\/#\\\/schema\\\/person\\\/47ec0135738f4b0c7495f06a77a2c976\",\"name\":\"Milenio\",\"image\":{\"@type\":\"ImageObject\",\"inLanguage\":\"es\",\"@id\":\"https:\\\/\\\/secure.gravatar.com\\\/avatar\\\/acabf7b54753e51c2c76457954577c236b3b764789b19879565769739d1e4a75?s=96&d=mm&r=g\",\"url\":\"https:\\\/\\\/secure.gravatar.com\\\/avatar\\\/acabf7b54753e51c2c76457954577c236b3b764789b19879565769739d1e4a75?s=96&d=mm&r=g\",\"contentUrl\":\"https:\\\/\\\/secure.gravatar.com\\\/avatar\\\/acabf7b54753e51c2c76457954577c236b3b764789b19879565769739d1e4a75?s=96&d=mm&r=g\",\"caption\":\"Milenio\"},\"url\":\"https:\\\/\\\/fuentesfidedignas.com.mx\\\/index.php\\\/author\\\/milenio\\\/\"}]}<\/script>\n<!-- \/ Yoast SEO plugin. -->","yoast_head_json":{"title":"Juez aplaza audiencia de Murillo Karam; FGR buscar\u00e1 82 a\u00f1os de c\u00e1rcel para ex procurador - Fuentes Fidedignas","robots":{"index":"index","follow":"follow","max-snippet":"max-snippet:-1","max-image-preview":"max-image-preview:large","max-video-preview":"max-video-preview:-1"},"canonical":"https:\/\/fuentesfidedignas.com.mx\/index.php\/2024\/01\/23\/juez-aplaza-audiencia-de-murillo-karam-fgr-buscara-82-anos-de-carcel-para-ex-procurador\/","og_locale":"es_MX","og_type":"article","og_title":"Juez aplaza audiencia de Murillo Karam; FGR buscar\u00e1 82 a\u00f1os de c\u00e1rcel para ex procurador - Fuentes Fidedignas","og_description":"Se trata de la segunda vez que la audiencia se aplaza, ya que en septiembre pasado el equipo legal del ex procurador solicit\u00f3 el diferimiento. Ciudad de M\u00e9xico.- Un juez federal aplaz\u00f3 hasta abril pr\u00f3ximo la audiencia donde la Fiscal\u00eda General de la Rep\u00fablica (FGR) acusar\u00e1 formalmente al ex titular de la Procuradur\u00eda General de [&hellip;]","og_url":"https:\/\/fuentesfidedignas.com.mx\/index.php\/2024\/01\/23\/juez-aplaza-audiencia-de-murillo-karam-fgr-buscara-82-anos-de-carcel-para-ex-procurador\/","og_site_name":"Fuentes Fidedignas","article_publisher":"https:\/\/www.facebook.com\/Fuentes-Fidedignas-368234489921644","article_published_time":"2024-01-23T23:13:03+00:00","og_image":[{"width":800,"height":600,"url":"https:\/\/fuentesfidedignas.com.mx\/wp-content\/uploads\/2023\/04\/murillo.jpg","type":"image\/jpeg"}],"author":"Milenio","twitter_card":"summary_large_image","twitter_creator":"@fidedignas","twitter_site":"@fidedignas","twitter_misc":{"Escrito por":"Milenio","Tiempo de lectura":"4 minutos"},"schema":{"@context":"https:\/\/schema.org","@graph":[{"@type":"Article","@id":"https:\/\/fuentesfidedignas.com.mx\/index.php\/2024\/01\/23\/juez-aplaza-audiencia-de-murillo-karam-fgr-buscara-82-anos-de-carcel-para-ex-procurador\/#article","isPartOf":{"@id":"https:\/\/fuentesfidedignas.com.mx\/index.php\/2024\/01\/23\/juez-aplaza-audiencia-de-murillo-karam-fgr-buscara-82-anos-de-carcel-para-ex-procurador\/"},"author":{"name":"Milenio","@id":"https:\/\/fuentesfidedignas.com.mx\/#\/schema\/person\/47ec0135738f4b0c7495f06a77a2c976"},"headline":"Juez aplaza audiencia de Murillo Karam; FGR buscar\u00e1 82 a\u00f1os de c\u00e1rcel para ex procurador","datePublished":"2024-01-23T23:13:03+00:00","mainEntityOfPage":{"@id":"https:\/\/fuentesfidedignas.com.mx\/index.php\/2024\/01\/23\/juez-aplaza-audiencia-de-murillo-karam-fgr-buscara-82-anos-de-carcel-para-ex-procurador\/"},"wordCount":721,"commentCount":0,"publisher":{"@id":"https:\/\/fuentesfidedignas.com.mx\/#organization"},"image":{"@id":"https:\/\/fuentesfidedignas.com.mx\/index.php\/2024\/01\/23\/juez-aplaza-audiencia-de-murillo-karam-fgr-buscara-82-anos-de-carcel-para-ex-procurador\/#primaryimage"},"thumbnailUrl":"https:\/\/fuentesfidedignas.com.mx\/wp-content\/uploads\/2023\/04\/murillo.jpg","articleSection":["NOTICIAS NACIONALES"],"inLanguage":"es","potentialAction":[{"@type":"CommentAction","name":"Comment","target":["https:\/\/fuentesfidedignas.com.mx\/index.php\/2024\/01\/23\/juez-aplaza-audiencia-de-murillo-karam-fgr-buscara-82-anos-de-carcel-para-ex-procurador\/#respond"]}]},{"@type":"WebPage","@id":"https:\/\/fuentesfidedignas.com.mx\/index.php\/2024\/01\/23\/juez-aplaza-audiencia-de-murillo-karam-fgr-buscara-82-anos-de-carcel-para-ex-procurador\/","url":"https:\/\/fuentesfidedignas.com.mx\/index.php\/2024\/01\/23\/juez-aplaza-audiencia-de-murillo-karam-fgr-buscara-82-anos-de-carcel-para-ex-procurador\/","name":"Juez aplaza audiencia de Murillo Karam; FGR buscar\u00e1 82 a\u00f1os de c\u00e1rcel para ex procurador - Fuentes Fidedignas","isPartOf":{"@id":"https:\/\/fuentesfidedignas.com.mx\/#website"},"primaryImageOfPage":{"@id":"https:\/\/fuentesfidedignas.com.mx\/index.php\/2024\/01\/23\/juez-aplaza-audiencia-de-murillo-karam-fgr-buscara-82-anos-de-carcel-para-ex-procurador\/#primaryimage"},"image":{"@id":"https:\/\/fuentesfidedignas.com.mx\/index.php\/2024\/01\/23\/juez-aplaza-audiencia-de-murillo-karam-fgr-buscara-82-anos-de-carcel-para-ex-procurador\/#primaryimage"},"thumbnailUrl":"https:\/\/fuentesfidedignas.com.mx\/wp-content\/uploads\/2023\/04\/murillo.jpg","datePublished":"2024-01-23T23:13:03+00:00","breadcrumb":{"@id":"https:\/\/fuentesfidedignas.com.mx\/index.php\/2024\/01\/23\/juez-aplaza-audiencia-de-murillo-karam-fgr-buscara-82-anos-de-carcel-para-ex-procurador\/#breadcrumb"},"inLanguage":"es","potentialAction":[{"@type":"ReadAction","target":["https:\/\/fuentesfidedignas.com.mx\/index.php\/2024\/01\/23\/juez-aplaza-audiencia-de-murillo-karam-fgr-buscara-82-anos-de-carcel-para-ex-procurador\/"]}]},{"@type":"ImageObject","inLanguage":"es","@id":"https:\/\/fuentesfidedignas.com.mx\/index.php\/2024\/01\/23\/juez-aplaza-audiencia-de-murillo-karam-fgr-buscara-82-anos-de-carcel-para-ex-procurador\/#primaryimage","url":"https:\/\/fuentesfidedignas.com.mx\/wp-content\/uploads\/2023\/04\/murillo.jpg","contentUrl":"https:\/\/fuentesfidedignas.com.mx\/wp-content\/uploads\/2023\/04\/murillo.jpg","width":800,"height":600},{"@type":"BreadcrumbList","@id":"https:\/\/fuentesfidedignas.com.mx\/index.php\/2024\/01\/23\/juez-aplaza-audiencia-de-murillo-karam-fgr-buscara-82-anos-de-carcel-para-ex-procurador\/#breadcrumb","itemListElement":[{"@type":"ListItem","position":1,"name":"Inicio","item":"https:\/\/fuentesfidedignas.com.mx\/"},{"@type":"ListItem","position":2,"name":"Juez aplaza audiencia de Murillo Karam; FGR buscar\u00e1 82 a\u00f1os de c\u00e1rcel para ex procurador"}]},{"@type":"WebSite","@id":"https:\/\/fuentesfidedignas.com.mx\/#website","url":"https:\/\/fuentesfidedignas.com.mx\/","name":"Fuentes Fidedignas","description":"Otro sitio realizado con WordPress","publisher":{"@id":"https:\/\/fuentesfidedignas.com.mx\/#organization"},"potentialAction":[{"@type":"SearchAction","target":{"@type":"EntryPoint","urlTemplate":"https:\/\/fuentesfidedignas.com.mx\/?s={search_term_string}"},"query-input":{"@type":"PropertyValueSpecification","valueRequired":true,"valueName":"search_term_string"}}],"inLanguage":"es"},{"@type":"Organization","@id":"https:\/\/fuentesfidedignas.com.mx\/#organization","name":"Fuentes Fidedignas","url":"https:\/\/fuentesfidedignas.com.mx\/","logo":{"@type":"ImageObject","inLanguage":"es","@id":"https:\/\/fuentesfidedignas.com.mx\/#\/schema\/logo\/image\/","url":"https:\/\/fuentesfidedignas.com.mx\/wp-content\/uploads\/2021\/04\/logo-retina.png","contentUrl":"https:\/\/fuentesfidedignas.com.mx\/wp-content\/uploads\/2021\/04\/logo-retina.png","width":280,"height":51,"caption":"Fuentes Fidedignas"},"image":{"@id":"https:\/\/fuentesfidedignas.com.mx\/#\/schema\/logo\/image\/"},"sameAs":["https:\/\/www.facebook.com\/Fuentes-Fidedignas-368234489921644","https:\/\/x.com\/fidedignas"]},{"@type":"Person","@id":"https:\/\/fuentesfidedignas.com.mx\/#\/schema\/person\/47ec0135738f4b0c7495f06a77a2c976","name":"Milenio","image":{"@type":"ImageObject","inLanguage":"es","@id":"https:\/\/secure.gravatar.com\/avatar\/acabf7b54753e51c2c76457954577c236b3b764789b19879565769739d1e4a75?s=96&d=mm&r=g","url":"https:\/\/secure.gravatar.com\/avatar\/acabf7b54753e51c2c76457954577c236b3b764789b19879565769739d1e4a75?s=96&d=mm&r=g","contentUrl":"https:\/\/secure.gravatar.com\/avatar\/acabf7b54753e51c2c76457954577c236b3b764789b19879565769739d1e4a75?s=96&d=mm&r=g","caption":"Milenio"},"url":"https:\/\/fuentesfidedignas.com.mx\/index.php\/author\/milenio\/"}]}},"_links":{"self":[{"href":"https:\/\/fuentesfidedignas.com.mx\/index.php\/wp-json\/wp\/v2\/posts\/71650","targetHints":{"allow":["GET"]}}],"collection":[{"href":"https:\/\/fuentesfidedignas.com.mx\/index.php\/wp-json\/wp\/v2\/posts"}],"about":[{"href":"https:\/\/fuentesfidedignas.com.mx\/index.php\/wp-json\/wp\/v2\/types\/post"}],"author":[{"embeddable":true,"href":"https:\/\/fuentesfidedignas.com.mx\/index.php\/wp-json\/wp\/v2\/users\/9"}],"replies":[{"embeddable":true,"href":"https:\/\/fuentesfidedignas.com.mx\/index.php\/wp-json\/wp\/v2\/comments?post=71650"}],"version-history":[{"count":1,"href":"https:\/\/fuentesfidedignas.com.mx\/index.php\/wp-json\/wp\/v2\/posts\/71650\/revisions"}],"predecessor-version":[{"id":71651,"href":"https:\/\/fuentesfidedignas.com.mx\/index.php\/wp-json\/wp\/v2\/posts\/71650\/revisions\/71651"}],"wp:featuredmedia":[{"embeddable":true,"href":"https:\/\/fuentesfidedignas.com.mx\/index.php\/wp-json\/wp\/v2\/media\/45375"}],"wp:attachment":[{"href":"https:\/\/fuentesfidedignas.com.mx\/index.php\/wp-json\/wp\/v2\/media?parent=71650"}],"wp:term":[{"taxonomy":"category","embeddable":true,"href":"https:\/\/fuentesfidedignas.com.mx\/index.php\/wp-json\/wp\/v2\/categories?post=71650"},{"taxonomy":"post_tag","embeddable":true,"href":"https:\/\/fuentesfidedignas.com.mx\/index.php\/wp-json\/wp\/v2\/tags?post=71650"}],"curies":[{"name":"wp","href":"https:\/\/api.w.org\/{rel}","templated":true}]}}