{"id":71637,"date":"2024-01-23T14:48:55","date_gmt":"2024-01-23T21:48:55","guid":{"rendered":"https:\/\/fuentesfidedignas.com.mx\/?p=71637"},"modified":"2024-01-23T14:48:56","modified_gmt":"2024-01-23T21:48:56","slug":"estos-son-todos-los-nominados-a-la-edicion-96-de-los-premios-oscar","status":"publish","type":"post","link":"https:\/\/fuentesfidedignas.com.mx\/index.php\/2024\/01\/23\/estos-son-todos-los-nominados-a-la-edicion-96-de-los-premios-oscar\/","title":{"rendered":"Estos son todos los nominados a la edici\u00f3n 96 de los Premios \u00d3scar"},"content":{"rendered":"\n<p><em><strong>Esta es la lista completa de los candidatos a ganar un premio \u00d3scar, con Oppenheimer como la cinta m\u00e1s nominada<\/strong><\/em><\/p>\n\n\n\n<p>Estados Unidos.- La pel\u00edcula \u2018Oppenheimer\u2019, de Christopher Nolan, lidera la lista de nominaciones de la\u00a0<strong>96 edici\u00f3n<\/strong>\u00a0de los\u00a0<strong>\u00d3scar<\/strong>\u00a0con 13 de ellas, seguida de \u2018Poor Things\u2019, de Yorgos Lanthimos, con 11; \u2018Killers of the Flower Moon,\u2019 de Martin Scorsese, con 10, y \u2018Barbie\u2019. de Greta Gerwig, con 8.<\/p>\n\n\n\n<p>Esta es la&nbsp;<strong>lista completa<\/strong>&nbsp;de los&nbsp;<strong>nominados<\/strong>&nbsp;a los premios de la Academia de Hollywood, que se entregar\u00e1n el 10 de marzo en el teatro Dolby de Los \u00c1ngeles (California, EE.UU.):<\/p>\n\n\n\n<p><a href=\"https:\/\/lopezdoriga.com\/entretenimiento\/oppenheimer-poor-things-barbie-nominadas-mejor-pelicula-oscar\/\" target=\"_blank\" rel=\"noreferrer noopener\">MEJOR PEL\u00cdCULA<\/a><\/p>\n\n\n\n<ul class=\"wp-block-list\">\n<li>\u2018American Fiction\u2019<\/li>\n\n\n\n<li>\u2018Anatomy of a Fall\u2019<\/li>\n\n\n\n<li>\u2018Barbie\u2019<\/li>\n\n\n\n<li>\u2018The Holdovers\u2019<\/li>\n\n\n\n<li>\u2018Killers of the Flower Moon\u2019<\/li>\n\n\n\n<li>\u2018Maestro\u2019<\/li>\n\n\n\n<li>\u2018Oppenheimer\u2019<\/li>\n\n\n\n<li>\u2018Past Lives\u2019<\/li>\n\n\n\n<li>\u2018Poor Things\u2019<\/li>\n\n\n\n<li>\u2018The Zone of Interest\u2019<\/li>\n<\/ul>\n\n\n\n<p><a href=\"https:\/\/lopezdoriga.com\/entretenimiento\/christopher-nolan-yorgos-lanthimos-martin-scorsese-nominados-oscar-mejor-director\/\" target=\"_blank\" rel=\"noreferrer noopener\">MEJOR DIRECCI\u00d3N<\/a><\/p>\n\n\n\n<ul class=\"wp-block-list\">\n<li>Justine Triet (\u2018Anatomy of a Fall\u2019)<\/li>\n\n\n\n<li>Martin Scorsese (\u2018Killers of the Flower Moon\u2019)<\/li>\n\n\n\n<li>Christopher Nolan (\u2018Oppenheimer\u2019)<\/li>\n\n\n\n<li>Yorgos Lanthimos (\u2018Poor Things\u2019)<\/li>\n\n\n\n<li>Jonathan Glazer (\u2018The Zone of Interest\u2019)<\/li>\n<\/ul>\n\n\n\n<p><a href=\"https:\/\/lopezdoriga.com\/entretenimiento\/emma-stone-carey-mulligan-lily-gladston-nominadas-oscar-mejor-actriz\/\" target=\"_blank\" rel=\"noreferrer noopener\">MEJOR ACTRIZ<\/a><\/p>\n\n\n\n<ul class=\"wp-block-list\">\n<li>Annette Bening (\u2018Nyad\u2019)<\/li>\n\n\n\n<li>Lily Gladstone (\u2018Killers of the Flower Moon\u2019)<\/li>\n\n\n\n<li>Sandra H\u00fcller (\u2018Anatomy of a Fall\u2019)<\/li>\n\n\n\n<li>Carey Mulligan (\u2018Maestro\u2019)<\/li>\n\n\n\n<li>Emma Stone (\u2018Poor Things\u2019)<\/li>\n<\/ul>\n\n\n\n<p>MEJOR ACTRIZ DE REPARTO<\/p>\n\n\n\n<ul class=\"wp-block-list\">\n<li>Emily Blunt (\u2018Oppenheimer\u2019)<\/li>\n\n\n\n<li>Danielle Brooks (\u2018The Color Purple\u2019)<\/li>\n\n\n\n<li>America Ferrera (\u2018Barbie\u2019)<\/li>\n\n\n\n<li>Jodie Foster (\u2018Nyad\u2019)<\/li>\n\n\n\n<li>Da\u2019Vine Joy Randolph (\u2018The Holdovers\u2019)<\/li>\n<\/ul>\n\n\n\n<p><a href=\"https:\/\/lopezdoriga.com\/entretenimiento\/bradley-cooper-cillian-murphy-paul-giamatti-pelearan-oscar-mejor-actor\/\" target=\"_blank\" rel=\"noreferrer noopener\">MEJOR ACTOR<\/a><\/p>\n\n\n\n<ul class=\"wp-block-list\">\n<li>Bradley Cooper (\u2018Maestro\u2019)<\/li>\n\n\n\n<li>Colman Domingo (\u2018Rustin\u2019)<\/li>\n\n\n\n<li>Paul Giamatti (\u2018The Holdovers\u2019)<\/li>\n\n\n\n<li>Cillian Murphy (\u2018Oppenheimer\u2019)<\/li>\n\n\n\n<li>Jeffrey Wright (\u2018American Fiction\u2019)<\/li>\n<\/ul>\n\n\n\n<p>MEJOR ACTOR DE REPARTO<\/p>\n\n\n\n<ul class=\"wp-block-list\">\n<li>Sterling K. Brown (\u2018American Fiction\u2019)<\/li>\n\n\n\n<li>Robert DeNiro (\u2018Killers of the Flower Moon\u2019)<\/li>\n\n\n\n<li>Robert Downey Jr. (\u2018Oppenheimer\u2019)<\/li>\n\n\n\n<li>Ryan Gosling (\u2018Barbie\u2019)<\/li>\n\n\n\n<li>Mark Ruffalo (\u2018Poor Things\u2019)<\/li>\n<\/ul>\n\n\n\n<p>MEJOR PEL\u00cdCULA DE ANIMACI\u00d3N<\/p>\n\n\n\n<ul class=\"wp-block-list\">\n<li>\u2018The Boy and the Heron\u2019, de Hayao Miyazaki<\/li>\n\n\n\n<li>\u2018Elemental\u2019, de Peter Sohn<\/li>\n\n\n\n<li>\u2018Nimona\u2019, de Nick Bruno y Troy Quane<\/li>\n\n\n\n<li>\u2018Robot Dreams\u2019, de Pablo Berger<\/li>\n\n\n\n<li>\u2018Spider-Man: Across the Spider-Verse\u2019, de Joaquim Dos Santos, Kemp Powers, Justin K. Thompson<\/li>\n<\/ul>\n\n\n\n<p>MEJOR PEL\u00cdCULA INTERNACIONAL<\/p>\n\n\n\n<ul class=\"wp-block-list\">\n<li>\u2018Io Capitano\u2019, de Matteo Garrone (Italia)<\/li>\n\n\n\n<li>\u2018Perfect Days\u2019, de Wim Wenders (Jap\u00f3n)<\/li>\n\n\n\n<li>\u2018La sociedad de la nieve\u2019, de Juan Antonio Bayona (Espa\u00f1a)<\/li>\n\n\n\n<li>\u2018The Teachers\u2019 Lounge\u2019, de \u0130lker \u00c7atak (Alemania)<\/li>\n\n\n\n<li>\u2018The Zone of Interest\u2019, de Jonathan Glazer (Reino Unido)<\/li>\n<\/ul>\n\n\n\n<p>MEJOR FOTOGRAF\u00cdA<\/p>\n\n\n\n<ul class=\"wp-block-list\">\n<li>\u2018El Conde\u2019 \u2013 Edward Lachman<\/li>\n\n\n\n<li>\u2018Killers of the Flower Moon\u2019 \u2013&nbsp;<a href=\"https:\/\/lopezdoriga.com\/entretenimiento\/rodrigo-prieto-nominado-oscar-asesinos-de-la-luna\/\" target=\"_blank\" rel=\"noreferrer noopener\">Rodrigo Prieto<\/a><\/li>\n\n\n\n<li>\u2018Maestro\u2019 \u2013 Matthew Libatique<\/li>\n\n\n\n<li>\u2018Oppenheimer\u2019 \u2013 Hoyte van Hoytema<\/li>\n\n\n\n<li>\u2018Poor Things\u2019 \u2013 Robbie Ryan<\/li>\n<\/ul>\n\n\n\n<p>MEJOR DISE\u00d1O DE VESTUARIO<\/p>\n\n\n\n<ul class=\"wp-block-list\">\n<li>\u2018Barbie\u2019 \u2013 Jacqueline Durran<\/li>\n\n\n\n<li>\u2018Killers of the Flower Moon\u2019 \u2013 Jacqueline West<\/li>\n\n\n\n<li>\u2018Napoleon\u2019 \u2013 Janty Yates y Dave Crossman<\/li>\n\n\n\n<li>\u2018Oppenheimer\u2019 \u2013 Ellen Mirojnick<\/li>\n\n\n\n<li>\u2018Poor Things\u2019 \u2013 Holly Waddington<\/li>\n<\/ul>\n\n\n\n<p>MEJOR GUION ADAPTADO<\/p>\n\n\n\n<ul class=\"wp-block-list\">\n<li>\u2018American Fiction\u2019 \u2013 Cord Jefferson<\/li>\n\n\n\n<li>\u2018Barbie\u2019 \u2013 Greta Gerwig y Noah Baumbach<\/li>\n\n\n\n<li>\u2018Oppenheimer\u2019 \u2013 Christopher Nolan<\/li>\n\n\n\n<li>\u2018Poor Things\u2019 \u2013 Tony McNamara<\/li>\n\n\n\n<li>\u2018The Zone of Interest\u2019 \u2013 Jonathan Glazer<\/li>\n<\/ul>\n\n\n\n<p>MEJOR GUION ORIGINAL<\/p>\n\n\n\n<ul class=\"wp-block-list\">\n<li>\u2018Anatomy of a Fall\u2019 \u2013 Justine Triet y Arthur Harari<\/li>\n\n\n\n<li>\u2018The Holdovers\u2019 \u2013 David Hemingson<\/li>\n\n\n\n<li>\u2018Maestro\u2019 \u2013 Bradley Cooper y Josh Singer<\/li>\n\n\n\n<li>\u2018May December\u2019 \u2013 Samy Burch<\/li>\n\n\n\n<li>\u2018Past Lives\u2019 \u2013 Celine Song<\/li>\n<\/ul>\n\n\n\n<p>MEJOR PEL\u00cdCULA DOCUMENTAL<\/p>\n\n\n\n<ul class=\"wp-block-list\">\n<li>\u2018Bobi Wine: The People\u2019s President\u2019 \u2013 Moses Bwayo, Christopher Sharp y John Battsek<\/li>\n\n\n\n<li>\u2018The Eternal Memory\u2019 \u2013 Maite Alberdi<\/li>\n\n\n\n<li>\u2018Four Daughters\u2019 \u2013 Kaouther Ben Hania y Nadim Cheikhrouha<\/li>\n\n\n\n<li>\u2018To Kill a Tiger\u2019 \u2013 Nisha Pahuja, Cornelia Principe y David Oppenheim<\/li>\n\n\n\n<li>\u201920 Days in Mariupol\u2019 \u2013 Mstyslav Chernov, Michelle Mizner y Raney Aronson-Rath<\/li>\n<\/ul>\n\n\n\n<p>MEJOR CORTOMETRAJE DOCUMENTAL<\/p>\n\n\n\n<ul class=\"wp-block-list\">\n<li>\u2018The ABCs of Book Banning\u2019 \u2013 Sheila Nevins y Trish Adlesic<\/li>\n\n\n\n<li>\u2018The Barber of Little Rock\u2019 \u2013 John Hoffman y Christine Turner<\/li>\n\n\n\n<li>\u2018Island in Between\u2019 \u2013 S. Leo Chiang y Jean Tsien<\/li>\n\n\n\n<li>\u2018The Last Repair Shop\u2019 \u2013 Ben Proudfoot y Kris Bowers<\/li>\n\n\n\n<li>\u2018N\u01cei Nai &amp; W\u00e0i P\u00f3\u2019 \u2013 Sean Wang y Sam Davis<\/li>\n<\/ul>\n\n\n\n<p>MEJOR CANCI\u00d3N ORIGINAL<\/p>\n\n\n\n<ul class=\"wp-block-list\">\n<li>\u2018The Fire Inside\u2019, de \u2018Flamin\u2019 Hot\u2019 \u2013 Diane Warren<\/li>\n\n\n\n<li>\u2018I\u2019m Just Ken\u2019, de \u2018Barbie\u2019 \u2013 Mark Ronson y Andrew Wyatt<\/li>\n\n\n\n<li>\u2018It Never Went Away\u2019, de \u2018American Symphony\u2019 \u2013 Jon Batiste y Dan Wilson<\/li>\n\n\n\n<li>\u2018Wahzhazhe (A Song For My People)\u2019, de \u2018Killers of the Flower Moon\u2019 \u2013 Scott George<\/li>\n\n\n\n<li>\u2018What Was I Made For?\u2019, de \u2018Barbie\u2019 \u2013 Billie Eilish y Finneas O\u2019Connell<\/li>\n<\/ul>\n\n\n\n<p>MEJOR CORTOMETRAJE DE ANIMACI\u00d3N<\/p>\n\n\n\n<ul class=\"wp-block-list\">\n<li>\u2018Letter to a Pig\u2019 \u2013 Tal Kantor y Amit R. Gicelter<\/li>\n\n\n\n<li>\u2018Ninety-Five Senses\u2019 \u2013 Jerusha Hess y Jared Hess<\/li>\n\n\n\n<li>\u2018Our Uniform\u2019 \u2013 Yegane Moghaddam\u2019<\/li>\n\n\n\n<li>\u2018Pachyderme\u2019 \u2013 St\u00e9phanie Cl\u00e9ment y Marc Rius<\/li>\n\n\n\n<li>\u2018WAR IS OVER! Inspired by the Music of John &amp; Yoko\u2019 \u2013 Dave Mullins y Brad Booker<\/li>\n<\/ul>\n\n\n\n<p>MEJOR CORTOMETRAJE DE FICCI\u00d3N<\/p>\n\n\n\n<ul class=\"wp-block-list\">\n<li>\u2018The After\u2019 \u2013 Misan Harriman y Nicky Bentham<\/li>\n\n\n\n<li>\u2018Invincible\u2019 \u2013 Vincent Ren\u00e9-Lortie y Samuel Caron<\/li>\n\n\n\n<li>\u2018Knight of Fortune\u2019 \u2013 Lasse Lyskj\u00e6r Noer y Christian Norlyk<\/li>\n\n\n\n<li>\u2018Red, White and Blue\u2019 \u2013 Nazrin Choudhury y Sara McFarlane<\/li>\n\n\n\n<li>\u2018The Wonderful Story of Henry Sugar\u2019 \u2013 Wes Anderson y Steven Rales<\/li>\n<\/ul>\n\n\n\n<p>MEJOR BANDA SONORA<\/p>\n\n\n\n<ul class=\"wp-block-list\">\n<li>\u2018American Fiction\u2019 \u2013 Laura Karpman<\/li>\n\n\n\n<li>\u2018Indiana Jones and the Dial of Destiny\u2019 \u2013 John Williams<\/li>\n\n\n\n<li>\u2018Killers of the Flower Moon\u2019 \u2013 Robbie Robertson<\/li>\n\n\n\n<li>\u2018Oppenheimer\u2019 \u2013 Ludwig G\u00f6ransson<\/li>\n\n\n\n<li>\u2018Poor Things\u2019 \u2013 Jerskin Fendrix<\/li>\n<\/ul>\n\n\n\n<p>MEJOR DISE\u00d1O DE PRODUCCI\u00d3N<\/p>\n\n\n\n<ul class=\"wp-block-list\">\n<li>\u2018Barbie\u2019<\/li>\n\n\n\n<li>\u2018Killers of the Flower Moon\u2019<\/li>\n\n\n\n<li>\u2018Napoleon\u2019<\/li>\n\n\n\n<li>\u2018Oppenheimer\u2019<\/li>\n\n\n\n<li>\u2018Poor Things\u2019<\/li>\n<\/ul>\n\n\n\n<p>MEJORES EFECTOS ESPECIALES<\/p>\n\n\n\n<ul class=\"wp-block-list\">\n<li>\u2018The Creator\u2019<\/li>\n\n\n\n<li>\u2018Godzilla Minus One\u2019<\/li>\n\n\n\n<li>\u2018Guardians of the Galaxy Vol. 3\u2019<\/li>\n\n\n\n<li>\u2018Mission: Impossible \u2013 Dead Reckoning Part One\u2019<\/li>\n\n\n\n<li>\u2018Napoleon\u2019<\/li>\n<\/ul>\n\n\n\n<p>MEJOR DISE\u00d1O DE MAQUILLAJE Y PELUQUER\u00cdA<\/p>\n\n\n\n<ul class=\"wp-block-list\">\n<li>\u2018Golda\u2019<\/li>\n\n\n\n<li>\u2018Maestro\u2019<\/li>\n\n\n\n<li>\u2018Oppenheimer\u2019<\/li>\n\n\n\n<li>\u2018Poor Things\u2019<\/li>\n\n\n\n<li>\u2018La sociedad de la nieve\u2019<\/li>\n<\/ul>\n\n\n\n<p>MEJOR SONIDO<\/p>\n\n\n\n<ul class=\"wp-block-list\">\n<li>\u2018The Creator\u2019<\/li>\n\n\n\n<li>\u2018Maestro\u2019<\/li>\n\n\n\n<li>\u2018Mission: Impossible \u2013 Dead Reckoning Part One\u2019<\/li>\n\n\n\n<li>\u2018Oppenheimer\u2019<\/li>\n\n\n\n<li>\u2018The Zone of Interest\u2019<\/li>\n<\/ul>\n\n\n\n<p>MEJOR MONTAJE\/EDICI\u00d3N<\/p>\n\n\n\n<ul class=\"wp-block-list\">\n<li>\u2018Anatomy of a Fall\u2019<\/li>\n\n\n\n<li>\u2018The Holdovers\u2019<\/li>\n\n\n\n<li>\u2018Killers of the Flower Moon\u2019<\/li>\n\n\n\n<li>\u2018Oppenheimer\u2019<\/li>\n\n\n\n<li>\u2018Poor Things\u2019<\/li>\n<\/ul>\n","protected":false},"excerpt":{"rendered":"<p>Esta es la lista completa de los candidatos a ganar un premio \u00d3scar, con Oppenheimer como la cinta m\u00e1s nominada Estados Unidos.- La pel\u00edcula \u2018Oppenheimer\u2019, de Christopher Nolan, lidera la lista de nominaciones de la\u00a096 edici\u00f3n\u00a0de los\u00a0\u00d3scar\u00a0con 13 de ellas, seguida de \u2018Poor Things\u2019, de Yorgos Lanthimos, con 11; \u2018Killers of the Flower Moon,\u2019 de [&hellip;]<\/p>\n","protected":false},"author":47,"featured_media":71638,"comment_status":"open","ping_status":"open","sticky":false,"template":"","format":"standard","meta":{"tdm_status":"","tdm_grid_status":"","footnotes":""},"categories":[39],"tags":[],"class_list":{"0":"post-71637","1":"post","2":"type-post","3":"status-publish","4":"format-standard","5":"has-post-thumbnail","7":"category-noticias-nacionales"},"yoast_head":"<!-- This site is optimized with the Yoast SEO plugin v27.5 - https:\/\/yoast.com\/product\/yoast-seo-wordpress\/ -->\n<title>Estos son todos los nominados a la edici\u00f3n 96 de los Premios \u00d3scar - Fuentes Fidedignas<\/title>\n<meta name=\"robots\" content=\"index, follow, max-snippet:-1, max-image-preview:large, max-video-preview:-1\" \/>\n<link rel=\"canonical\" href=\"https:\/\/fuentesfidedignas.com.mx\/index.php\/2024\/01\/23\/estos-son-todos-los-nominados-a-la-edicion-96-de-los-premios-oscar\/\" \/>\n<meta property=\"og:locale\" content=\"es_MX\" \/>\n<meta property=\"og:type\" content=\"article\" \/>\n<meta property=\"og:title\" content=\"Estos son todos los nominados a la edici\u00f3n 96 de los Premios \u00d3scar - Fuentes Fidedignas\" \/>\n<meta property=\"og:description\" content=\"Esta es la lista completa de los candidatos a ganar un premio \u00d3scar, con Oppenheimer como la cinta m\u00e1s nominada Estados Unidos.- La pel\u00edcula \u2018Oppenheimer\u2019, de Christopher Nolan, lidera la lista de nominaciones de la\u00a096 edici\u00f3n\u00a0de los\u00a0\u00d3scar\u00a0con 13 de ellas, seguida de \u2018Poor Things\u2019, de Yorgos Lanthimos, con 11; \u2018Killers of the Flower Moon,\u2019 de [&hellip;]\" \/>\n<meta property=\"og:url\" content=\"https:\/\/fuentesfidedignas.com.mx\/index.php\/2024\/01\/23\/estos-son-todos-los-nominados-a-la-edicion-96-de-los-premios-oscar\/\" \/>\n<meta property=\"og:site_name\" content=\"Fuentes Fidedignas\" \/>\n<meta property=\"article:publisher\" content=\"https:\/\/www.facebook.com\/Fuentes-Fidedignas-368234489921644\" \/>\n<meta property=\"article:published_time\" content=\"2024-01-23T21:48:55+00:00\" \/>\n<meta property=\"article:modified_time\" content=\"2024-01-23T21:48:56+00:00\" \/>\n<meta property=\"og:image\" content=\"https:\/\/fuentesfidedignas.com.mx\/wp-content\/uploads\/2024\/01\/oscars-2024-nominados-65af11e8c422f.jpg\" \/>\n\t<meta property=\"og:image:width\" content=\"1200\" \/>\n\t<meta property=\"og:image:height\" content=\"675\" \/>\n\t<meta property=\"og:image:type\" content=\"image\/jpeg\" \/>\n<meta name=\"author\" content=\"L\u00f3pez D\u00f3riga\" \/>\n<meta name=\"twitter:card\" content=\"summary_large_image\" \/>\n<meta name=\"twitter:creator\" content=\"@fidedignas\" \/>\n<meta name=\"twitter:site\" content=\"@fidedignas\" \/>\n<meta name=\"twitter:label1\" content=\"Escrito por\" \/>\n\t<meta name=\"twitter:data1\" content=\"L\u00f3pez D\u00f3riga\" \/>\n\t<meta name=\"twitter:label2\" content=\"Tiempo de lectura\" \/>\n\t<meta name=\"twitter:data2\" content=\"4 minutos\" \/>\n<script type=\"application\/ld+json\" class=\"yoast-schema-graph\">{\"@context\":\"https:\\\/\\\/schema.org\",\"@graph\":[{\"@type\":\"Article\",\"@id\":\"https:\\\/\\\/fuentesfidedignas.com.mx\\\/index.php\\\/2024\\\/01\\\/23\\\/estos-son-todos-los-nominados-a-la-edicion-96-de-los-premios-oscar\\\/#article\",\"isPartOf\":{\"@id\":\"https:\\\/\\\/fuentesfidedignas.com.mx\\\/index.php\\\/2024\\\/01\\\/23\\\/estos-son-todos-los-nominados-a-la-edicion-96-de-los-premios-oscar\\\/\"},\"author\":{\"name\":\"L\u00f3pez D\u00f3riga\",\"@id\":\"https:\\\/\\\/fuentesfidedignas.com.mx\\\/#\\\/schema\\\/person\\\/67d852f0557c8509146a4b9ddebd543a\"},\"headline\":\"Estos son todos los nominados a la edici\u00f3n 96 de los Premios \u00d3scar\",\"datePublished\":\"2024-01-23T21:48:55+00:00\",\"dateModified\":\"2024-01-23T21:48:56+00:00\",\"mainEntityOfPage\":{\"@id\":\"https:\\\/\\\/fuentesfidedignas.com.mx\\\/index.php\\\/2024\\\/01\\\/23\\\/estos-son-todos-los-nominados-a-la-edicion-96-de-los-premios-oscar\\\/\"},\"wordCount\":852,\"commentCount\":0,\"publisher\":{\"@id\":\"https:\\\/\\\/fuentesfidedignas.com.mx\\\/#organization\"},\"image\":{\"@id\":\"https:\\\/\\\/fuentesfidedignas.com.mx\\\/index.php\\\/2024\\\/01\\\/23\\\/estos-son-todos-los-nominados-a-la-edicion-96-de-los-premios-oscar\\\/#primaryimage\"},\"thumbnailUrl\":\"https:\\\/\\\/fuentesfidedignas.com.mx\\\/wp-content\\\/uploads\\\/2024\\\/01\\\/oscars-2024-nominados-65af11e8c422f.jpg\",\"articleSection\":[\"NOTICIAS NACIONALES\"],\"inLanguage\":\"es\",\"potentialAction\":[{\"@type\":\"CommentAction\",\"name\":\"Comment\",\"target\":[\"https:\\\/\\\/fuentesfidedignas.com.mx\\\/index.php\\\/2024\\\/01\\\/23\\\/estos-son-todos-los-nominados-a-la-edicion-96-de-los-premios-oscar\\\/#respond\"]}]},{\"@type\":\"WebPage\",\"@id\":\"https:\\\/\\\/fuentesfidedignas.com.mx\\\/index.php\\\/2024\\\/01\\\/23\\\/estos-son-todos-los-nominados-a-la-edicion-96-de-los-premios-oscar\\\/\",\"url\":\"https:\\\/\\\/fuentesfidedignas.com.mx\\\/index.php\\\/2024\\\/01\\\/23\\\/estos-son-todos-los-nominados-a-la-edicion-96-de-los-premios-oscar\\\/\",\"name\":\"Estos son todos los nominados a la edici\u00f3n 96 de los Premios \u00d3scar - Fuentes Fidedignas\",\"isPartOf\":{\"@id\":\"https:\\\/\\\/fuentesfidedignas.com.mx\\\/#website\"},\"primaryImageOfPage\":{\"@id\":\"https:\\\/\\\/fuentesfidedignas.com.mx\\\/index.php\\\/2024\\\/01\\\/23\\\/estos-son-todos-los-nominados-a-la-edicion-96-de-los-premios-oscar\\\/#primaryimage\"},\"image\":{\"@id\":\"https:\\\/\\\/fuentesfidedignas.com.mx\\\/index.php\\\/2024\\\/01\\\/23\\\/estos-son-todos-los-nominados-a-la-edicion-96-de-los-premios-oscar\\\/#primaryimage\"},\"thumbnailUrl\":\"https:\\\/\\\/fuentesfidedignas.com.mx\\\/wp-content\\\/uploads\\\/2024\\\/01\\\/oscars-2024-nominados-65af11e8c422f.jpg\",\"datePublished\":\"2024-01-23T21:48:55+00:00\",\"dateModified\":\"2024-01-23T21:48:56+00:00\",\"breadcrumb\":{\"@id\":\"https:\\\/\\\/fuentesfidedignas.com.mx\\\/index.php\\\/2024\\\/01\\\/23\\\/estos-son-todos-los-nominados-a-la-edicion-96-de-los-premios-oscar\\\/#breadcrumb\"},\"inLanguage\":\"es\",\"potentialAction\":[{\"@type\":\"ReadAction\",\"target\":[\"https:\\\/\\\/fuentesfidedignas.com.mx\\\/index.php\\\/2024\\\/01\\\/23\\\/estos-son-todos-los-nominados-a-la-edicion-96-de-los-premios-oscar\\\/\"]}]},{\"@type\":\"ImageObject\",\"inLanguage\":\"es\",\"@id\":\"https:\\\/\\\/fuentesfidedignas.com.mx\\\/index.php\\\/2024\\\/01\\\/23\\\/estos-son-todos-los-nominados-a-la-edicion-96-de-los-premios-oscar\\\/#primaryimage\",\"url\":\"https:\\\/\\\/fuentesfidedignas.com.mx\\\/wp-content\\\/uploads\\\/2024\\\/01\\\/oscars-2024-nominados-65af11e8c422f.jpg\",\"contentUrl\":\"https:\\\/\\\/fuentesfidedignas.com.mx\\\/wp-content\\\/uploads\\\/2024\\\/01\\\/oscars-2024-nominados-65af11e8c422f.jpg\",\"width\":1200,\"height\":675},{\"@type\":\"BreadcrumbList\",\"@id\":\"https:\\\/\\\/fuentesfidedignas.com.mx\\\/index.php\\\/2024\\\/01\\\/23\\\/estos-son-todos-los-nominados-a-la-edicion-96-de-los-premios-oscar\\\/#breadcrumb\",\"itemListElement\":[{\"@type\":\"ListItem\",\"position\":1,\"name\":\"Inicio\",\"item\":\"https:\\\/\\\/fuentesfidedignas.com.mx\\\/\"},{\"@type\":\"ListItem\",\"position\":2,\"name\":\"Estos son todos los nominados a la edici\u00f3n 96 de los Premios \u00d3scar\"}]},{\"@type\":\"WebSite\",\"@id\":\"https:\\\/\\\/fuentesfidedignas.com.mx\\\/#website\",\"url\":\"https:\\\/\\\/fuentesfidedignas.com.mx\\\/\",\"name\":\"Fuentes Fidedignas\",\"description\":\"Otro sitio realizado con WordPress\",\"publisher\":{\"@id\":\"https:\\\/\\\/fuentesfidedignas.com.mx\\\/#organization\"},\"potentialAction\":[{\"@type\":\"SearchAction\",\"target\":{\"@type\":\"EntryPoint\",\"urlTemplate\":\"https:\\\/\\\/fuentesfidedignas.com.mx\\\/?s={search_term_string}\"},\"query-input\":{\"@type\":\"PropertyValueSpecification\",\"valueRequired\":true,\"valueName\":\"search_term_string\"}}],\"inLanguage\":\"es\"},{\"@type\":\"Organization\",\"@id\":\"https:\\\/\\\/fuentesfidedignas.com.mx\\\/#organization\",\"name\":\"Fuentes Fidedignas\",\"url\":\"https:\\\/\\\/fuentesfidedignas.com.mx\\\/\",\"logo\":{\"@type\":\"ImageObject\",\"inLanguage\":\"es\",\"@id\":\"https:\\\/\\\/fuentesfidedignas.com.mx\\\/#\\\/schema\\\/logo\\\/image\\\/\",\"url\":\"https:\\\/\\\/fuentesfidedignas.com.mx\\\/wp-content\\\/uploads\\\/2021\\\/04\\\/logo-retina.png\",\"contentUrl\":\"https:\\\/\\\/fuentesfidedignas.com.mx\\\/wp-content\\\/uploads\\\/2021\\\/04\\\/logo-retina.png\",\"width\":280,\"height\":51,\"caption\":\"Fuentes Fidedignas\"},\"image\":{\"@id\":\"https:\\\/\\\/fuentesfidedignas.com.mx\\\/#\\\/schema\\\/logo\\\/image\\\/\"},\"sameAs\":[\"https:\\\/\\\/www.facebook.com\\\/Fuentes-Fidedignas-368234489921644\",\"https:\\\/\\\/x.com\\\/fidedignas\"]},{\"@type\":\"Person\",\"@id\":\"https:\\\/\\\/fuentesfidedignas.com.mx\\\/#\\\/schema\\\/person\\\/67d852f0557c8509146a4b9ddebd543a\",\"name\":\"L\u00f3pez D\u00f3riga\",\"image\":{\"@type\":\"ImageObject\",\"inLanguage\":\"es\",\"@id\":\"https:\\\/\\\/secure.gravatar.com\\\/avatar\\\/e525b06574ca18b33cded59dfe5778d6c823b9513154eff47da551b0551bdd1e?s=96&d=mm&r=g\",\"url\":\"https:\\\/\\\/secure.gravatar.com\\\/avatar\\\/e525b06574ca18b33cded59dfe5778d6c823b9513154eff47da551b0551bdd1e?s=96&d=mm&r=g\",\"contentUrl\":\"https:\\\/\\\/secure.gravatar.com\\\/avatar\\\/e525b06574ca18b33cded59dfe5778d6c823b9513154eff47da551b0551bdd1e?s=96&d=mm&r=g\",\"caption\":\"L\u00f3pez D\u00f3riga\"},\"url\":\"https:\\\/\\\/fuentesfidedignas.com.mx\\\/index.php\\\/author\\\/doriga\\\/\"}]}<\/script>\n<!-- \/ Yoast SEO plugin. -->","yoast_head_json":{"title":"Estos son todos los nominados a la edici\u00f3n 96 de los Premios \u00d3scar - Fuentes Fidedignas","robots":{"index":"index","follow":"follow","max-snippet":"max-snippet:-1","max-image-preview":"max-image-preview:large","max-video-preview":"max-video-preview:-1"},"canonical":"https:\/\/fuentesfidedignas.com.mx\/index.php\/2024\/01\/23\/estos-son-todos-los-nominados-a-la-edicion-96-de-los-premios-oscar\/","og_locale":"es_MX","og_type":"article","og_title":"Estos son todos los nominados a la edici\u00f3n 96 de los Premios \u00d3scar - Fuentes Fidedignas","og_description":"Esta es la lista completa de los candidatos a ganar un premio \u00d3scar, con Oppenheimer como la cinta m\u00e1s nominada Estados Unidos.- La pel\u00edcula \u2018Oppenheimer\u2019, de Christopher Nolan, lidera la lista de nominaciones de la\u00a096 edici\u00f3n\u00a0de los\u00a0\u00d3scar\u00a0con 13 de ellas, seguida de \u2018Poor Things\u2019, de Yorgos Lanthimos, con 11; \u2018Killers of the Flower Moon,\u2019 de [&hellip;]","og_url":"https:\/\/fuentesfidedignas.com.mx\/index.php\/2024\/01\/23\/estos-son-todos-los-nominados-a-la-edicion-96-de-los-premios-oscar\/","og_site_name":"Fuentes Fidedignas","article_publisher":"https:\/\/www.facebook.com\/Fuentes-Fidedignas-368234489921644","article_published_time":"2024-01-23T21:48:55+00:00","article_modified_time":"2024-01-23T21:48:56+00:00","og_image":[{"width":1200,"height":675,"url":"https:\/\/fuentesfidedignas.com.mx\/wp-content\/uploads\/2024\/01\/oscars-2024-nominados-65af11e8c422f.jpg","type":"image\/jpeg"}],"author":"L\u00f3pez D\u00f3riga","twitter_card":"summary_large_image","twitter_creator":"@fidedignas","twitter_site":"@fidedignas","twitter_misc":{"Escrito por":"L\u00f3pez D\u00f3riga","Tiempo de lectura":"4 minutos"},"schema":{"@context":"https:\/\/schema.org","@graph":[{"@type":"Article","@id":"https:\/\/fuentesfidedignas.com.mx\/index.php\/2024\/01\/23\/estos-son-todos-los-nominados-a-la-edicion-96-de-los-premios-oscar\/#article","isPartOf":{"@id":"https:\/\/fuentesfidedignas.com.mx\/index.php\/2024\/01\/23\/estos-son-todos-los-nominados-a-la-edicion-96-de-los-premios-oscar\/"},"author":{"name":"L\u00f3pez D\u00f3riga","@id":"https:\/\/fuentesfidedignas.com.mx\/#\/schema\/person\/67d852f0557c8509146a4b9ddebd543a"},"headline":"Estos son todos los nominados a la edici\u00f3n 96 de los Premios \u00d3scar","datePublished":"2024-01-23T21:48:55+00:00","dateModified":"2024-01-23T21:48:56+00:00","mainEntityOfPage":{"@id":"https:\/\/fuentesfidedignas.com.mx\/index.php\/2024\/01\/23\/estos-son-todos-los-nominados-a-la-edicion-96-de-los-premios-oscar\/"},"wordCount":852,"commentCount":0,"publisher":{"@id":"https:\/\/fuentesfidedignas.com.mx\/#organization"},"image":{"@id":"https:\/\/fuentesfidedignas.com.mx\/index.php\/2024\/01\/23\/estos-son-todos-los-nominados-a-la-edicion-96-de-los-premios-oscar\/#primaryimage"},"thumbnailUrl":"https:\/\/fuentesfidedignas.com.mx\/wp-content\/uploads\/2024\/01\/oscars-2024-nominados-65af11e8c422f.jpg","articleSection":["NOTICIAS NACIONALES"],"inLanguage":"es","potentialAction":[{"@type":"CommentAction","name":"Comment","target":["https:\/\/fuentesfidedignas.com.mx\/index.php\/2024\/01\/23\/estos-son-todos-los-nominados-a-la-edicion-96-de-los-premios-oscar\/#respond"]}]},{"@type":"WebPage","@id":"https:\/\/fuentesfidedignas.com.mx\/index.php\/2024\/01\/23\/estos-son-todos-los-nominados-a-la-edicion-96-de-los-premios-oscar\/","url":"https:\/\/fuentesfidedignas.com.mx\/index.php\/2024\/01\/23\/estos-son-todos-los-nominados-a-la-edicion-96-de-los-premios-oscar\/","name":"Estos son todos los nominados a la edici\u00f3n 96 de los Premios \u00d3scar - Fuentes Fidedignas","isPartOf":{"@id":"https:\/\/fuentesfidedignas.com.mx\/#website"},"primaryImageOfPage":{"@id":"https:\/\/fuentesfidedignas.com.mx\/index.php\/2024\/01\/23\/estos-son-todos-los-nominados-a-la-edicion-96-de-los-premios-oscar\/#primaryimage"},"image":{"@id":"https:\/\/fuentesfidedignas.com.mx\/index.php\/2024\/01\/23\/estos-son-todos-los-nominados-a-la-edicion-96-de-los-premios-oscar\/#primaryimage"},"thumbnailUrl":"https:\/\/fuentesfidedignas.com.mx\/wp-content\/uploads\/2024\/01\/oscars-2024-nominados-65af11e8c422f.jpg","datePublished":"2024-01-23T21:48:55+00:00","dateModified":"2024-01-23T21:48:56+00:00","breadcrumb":{"@id":"https:\/\/fuentesfidedignas.com.mx\/index.php\/2024\/01\/23\/estos-son-todos-los-nominados-a-la-edicion-96-de-los-premios-oscar\/#breadcrumb"},"inLanguage":"es","potentialAction":[{"@type":"ReadAction","target":["https:\/\/fuentesfidedignas.com.mx\/index.php\/2024\/01\/23\/estos-son-todos-los-nominados-a-la-edicion-96-de-los-premios-oscar\/"]}]},{"@type":"ImageObject","inLanguage":"es","@id":"https:\/\/fuentesfidedignas.com.mx\/index.php\/2024\/01\/23\/estos-son-todos-los-nominados-a-la-edicion-96-de-los-premios-oscar\/#primaryimage","url":"https:\/\/fuentesfidedignas.com.mx\/wp-content\/uploads\/2024\/01\/oscars-2024-nominados-65af11e8c422f.jpg","contentUrl":"https:\/\/fuentesfidedignas.com.mx\/wp-content\/uploads\/2024\/01\/oscars-2024-nominados-65af11e8c422f.jpg","width":1200,"height":675},{"@type":"BreadcrumbList","@id":"https:\/\/fuentesfidedignas.com.mx\/index.php\/2024\/01\/23\/estos-son-todos-los-nominados-a-la-edicion-96-de-los-premios-oscar\/#breadcrumb","itemListElement":[{"@type":"ListItem","position":1,"name":"Inicio","item":"https:\/\/fuentesfidedignas.com.mx\/"},{"@type":"ListItem","position":2,"name":"Estos son todos los nominados a la edici\u00f3n 96 de los Premios \u00d3scar"}]},{"@type":"WebSite","@id":"https:\/\/fuentesfidedignas.com.mx\/#website","url":"https:\/\/fuentesfidedignas.com.mx\/","name":"Fuentes Fidedignas","description":"Otro sitio realizado con WordPress","publisher":{"@id":"https:\/\/fuentesfidedignas.com.mx\/#organization"},"potentialAction":[{"@type":"SearchAction","target":{"@type":"EntryPoint","urlTemplate":"https:\/\/fuentesfidedignas.com.mx\/?s={search_term_string}"},"query-input":{"@type":"PropertyValueSpecification","valueRequired":true,"valueName":"search_term_string"}}],"inLanguage":"es"},{"@type":"Organization","@id":"https:\/\/fuentesfidedignas.com.mx\/#organization","name":"Fuentes Fidedignas","url":"https:\/\/fuentesfidedignas.com.mx\/","logo":{"@type":"ImageObject","inLanguage":"es","@id":"https:\/\/fuentesfidedignas.com.mx\/#\/schema\/logo\/image\/","url":"https:\/\/fuentesfidedignas.com.mx\/wp-content\/uploads\/2021\/04\/logo-retina.png","contentUrl":"https:\/\/fuentesfidedignas.com.mx\/wp-content\/uploads\/2021\/04\/logo-retina.png","width":280,"height":51,"caption":"Fuentes Fidedignas"},"image":{"@id":"https:\/\/fuentesfidedignas.com.mx\/#\/schema\/logo\/image\/"},"sameAs":["https:\/\/www.facebook.com\/Fuentes-Fidedignas-368234489921644","https:\/\/x.com\/fidedignas"]},{"@type":"Person","@id":"https:\/\/fuentesfidedignas.com.mx\/#\/schema\/person\/67d852f0557c8509146a4b9ddebd543a","name":"L\u00f3pez D\u00f3riga","image":{"@type":"ImageObject","inLanguage":"es","@id":"https:\/\/secure.gravatar.com\/avatar\/e525b06574ca18b33cded59dfe5778d6c823b9513154eff47da551b0551bdd1e?s=96&d=mm&r=g","url":"https:\/\/secure.gravatar.com\/avatar\/e525b06574ca18b33cded59dfe5778d6c823b9513154eff47da551b0551bdd1e?s=96&d=mm&r=g","contentUrl":"https:\/\/secure.gravatar.com\/avatar\/e525b06574ca18b33cded59dfe5778d6c823b9513154eff47da551b0551bdd1e?s=96&d=mm&r=g","caption":"L\u00f3pez D\u00f3riga"},"url":"https:\/\/fuentesfidedignas.com.mx\/index.php\/author\/doriga\/"}]}},"_links":{"self":[{"href":"https:\/\/fuentesfidedignas.com.mx\/index.php\/wp-json\/wp\/v2\/posts\/71637","targetHints":{"allow":["GET"]}}],"collection":[{"href":"https:\/\/fuentesfidedignas.com.mx\/index.php\/wp-json\/wp\/v2\/posts"}],"about":[{"href":"https:\/\/fuentesfidedignas.com.mx\/index.php\/wp-json\/wp\/v2\/types\/post"}],"author":[{"embeddable":true,"href":"https:\/\/fuentesfidedignas.com.mx\/index.php\/wp-json\/wp\/v2\/users\/47"}],"replies":[{"embeddable":true,"href":"https:\/\/fuentesfidedignas.com.mx\/index.php\/wp-json\/wp\/v2\/comments?post=71637"}],"version-history":[{"count":1,"href":"https:\/\/fuentesfidedignas.com.mx\/index.php\/wp-json\/wp\/v2\/posts\/71637\/revisions"}],"predecessor-version":[{"id":71639,"href":"https:\/\/fuentesfidedignas.com.mx\/index.php\/wp-json\/wp\/v2\/posts\/71637\/revisions\/71639"}],"wp:featuredmedia":[{"embeddable":true,"href":"https:\/\/fuentesfidedignas.com.mx\/index.php\/wp-json\/wp\/v2\/media\/71638"}],"wp:attachment":[{"href":"https:\/\/fuentesfidedignas.com.mx\/index.php\/wp-json\/wp\/v2\/media?parent=71637"}],"wp:term":[{"taxonomy":"category","embeddable":true,"href":"https:\/\/fuentesfidedignas.com.mx\/index.php\/wp-json\/wp\/v2\/categories?post=71637"},{"taxonomy":"post_tag","embeddable":true,"href":"https:\/\/fuentesfidedignas.com.mx\/index.php\/wp-json\/wp\/v2\/tags?post=71637"}],"curies":[{"name":"wp","href":"https:\/\/api.w.org\/{rel}","templated":true}]}}