{"id":71476,"date":"2024-01-22T12:38:41","date_gmt":"2024-01-22T19:38:41","guid":{"rendered":"https:\/\/fuentesfidedignas.com.mx\/?p=71476"},"modified":"2024-01-22T17:09:36","modified_gmt":"2024-01-23T00:09:36","slug":"buscara-gobierno-mejorar-las-condiciones-de-vida-de-jornaleros-en-cuarterias","status":"publish","type":"post","link":"https:\/\/fuentesfidedignas.com.mx\/index.php\/2024\/01\/22\/buscara-gobierno-mejorar-las-condiciones-de-vida-de-jornaleros-en-cuarterias\/","title":{"rendered":"Buscar\u00e1 Gobierno mejorar las condiciones de vida de jornaleros en cuarter\u00edas"},"content":{"rendered":"\n<p><strong><em>Se conform\u00f3 una brigada interinstitucional de gobierno del estado para dar atenci\u00f3n a las necesidades en salud, vivienda, as\u00ed como las condiciones laborales en las que se encuentran los jornaleros en la zona norte de la entidad<\/em><\/strong><\/p>\n\n\n\n<p>Culiac\u00e1n, Sin.- El gobernador Rub\u00e9n Rocha Moya inform\u00f3 esta ma\u00f1ana en su Conferencia Semanera el inicio de la jornada de atenci\u00f3n a cuarter\u00edas de Guasave en las que habitan jornaleros migrantes que acuden a trabajar a los campos agr\u00edcolas del norte del estado, en especial en Ruiz Cort\u00ednez, Guasave, mismas en las que se est\u00e1n llevando a cabo revisiones en materia de salud para ni\u00f1as y ni\u00f1os y verificar las condiciones de vida de las familias migrantes.<\/p>\n\n\n\n<p>Para ello se instruy\u00f3 realizar una jornada interinstitucional conformada por el secretario de Salud Cuitl\u00e1huac Gonz\u00e1lez Galindo, la secretaria de las Mujeres Teresa Guerra Ochoa, la titular de SEBIDES In\u00e9s P\u00e9rez Corral, la secretaria de Educaci\u00f3n P\u00fablica y Cultura Graciela Dom\u00ednguez Nava ,el director de Trabajo y Previsi\u00f3n Social Ascensi\u00f3n Zepeda Rocha , el titular de Coepriss Cuauht\u00e9moc Chac\u00f3n Mendoza y el director de Protecci\u00f3n Civil Roy Navarrete Cuevas, as\u00ed como autoridades municipales encabezadas por el alcalde de Guasave Mart\u00edn Ahumada Quintero.<\/p>\n\n\n\n<p>En su mensaje, el gobernador Rocha remarc\u00f3 la importancia de mejorar las condiciones de vida f\u00edsicas de las cuarter\u00edas, por lo que realizar\u00e1n un convenio con los productores que contratan a los trabajadores de los campos agr\u00edcolas y se tomar\u00e1n medidas para dignificar estos espacios. Explic\u00f3 que revisar\u00e1n las viviendas en las que habitan, de manera que no haya hacinamiento, ya que se busca mejorar las condiciones de vida dentro de las cuarter\u00edas.<\/p>\n\n\n\n<p>Agreg\u00f3 que se tendr\u00e1 un padr\u00f3n muy exacto de las ni\u00f1as y ni\u00f1os que habitan dentro de estos espacios y a su vez reciban de manera inmediata la atenci\u00f3n por las distintas instituciones, e incluso buscar\u00e1n que estas familias reciban apoyos sociales a trav\u00e9s del Sistema DIF.<\/p>\n\n\n\n<p>\u201cNosotros vamos a tomar medidas para dignificar esos espacios desde el punto de vista f\u00edsico y garantizar, tener el registro muy acabado para que sean inmediatamente atendidas por las instituciones correspondientes, no s\u00f3lo la de salud, las escuelas tambi\u00e9n, entre otras y que puedan recibir los apoyos de los programas sociales particularmente los que se dan a trav\u00e9s del bienestar o del DIF\u201d, dijo.<\/p>\n\n\n\n<p>Sobre la salud de ni\u00f1as y ni\u00f1os que habitan las cuarter\u00edas, el ejecutivo estatal se\u00f1al\u00f3 que un equipo m\u00e9dico se encuentra en esta jornada con el fin de entregar un reporte del estado de salud de las y los infantes.<\/p>\n\n\n\n<p>\u201cTener el padr\u00f3n registrado, incluso revisar m\u00e9dicamente como est\u00e1n los ni\u00f1os, ser\u00eda una brigada de m\u00e9dicos para efectos de revisar a los ni\u00f1os, su estado de salud, para que nos d\u00e9 reporte, van algunos m\u00e9dicos, van a revisar desde ahora y nos den un reporte cual es el estado de salud que tienen los ni\u00f1os\u201d, aclar\u00f3.<\/p>\n","protected":false},"excerpt":{"rendered":"<p>Se conform\u00f3 una brigada interinstitucional de gobierno del estado para dar atenci\u00f3n a las necesidades en salud, vivienda, as\u00ed como las condiciones laborales en las que se encuentran los jornaleros en la zona norte de la entidad Culiac\u00e1n, Sin.- El gobernador Rub\u00e9n Rocha Moya inform\u00f3 esta ma\u00f1ana en su Conferencia Semanera el inicio de la [&hellip;]<\/p>\n","protected":false},"author":4,"featured_media":71477,"comment_status":"open","ping_status":"open","sticky":false,"template":"","format":"standard","meta":{"tdm_status":"","tdm_grid_status":"","footnotes":""},"categories":[38],"tags":[],"class_list":{"0":"post-71476","1":"post","2":"type-post","3":"status-publish","4":"format-standard","5":"has-post-thumbnail","7":"category-noticias-locales"},"yoast_head":"<!-- This site is optimized with the Yoast SEO plugin v27.5 - https:\/\/yoast.com\/product\/yoast-seo-wordpress\/ -->\n<title>Buscar\u00e1 Gobierno mejorar las condiciones de vida de jornaleros en cuarter\u00edas - Fuentes Fidedignas<\/title>\n<meta name=\"robots\" content=\"index, follow, max-snippet:-1, max-image-preview:large, max-video-preview:-1\" \/>\n<link rel=\"canonical\" href=\"https:\/\/fuentesfidedignas.com.mx\/index.php\/2024\/01\/22\/buscara-gobierno-mejorar-las-condiciones-de-vida-de-jornaleros-en-cuarterias\/\" \/>\n<meta property=\"og:locale\" content=\"es_MX\" \/>\n<meta property=\"og:type\" content=\"article\" \/>\n<meta property=\"og:title\" content=\"Buscar\u00e1 Gobierno mejorar las condiciones de vida de jornaleros en cuarter\u00edas - Fuentes Fidedignas\" \/>\n<meta property=\"og:description\" content=\"Se conform\u00f3 una brigada interinstitucional de gobierno del estado para dar atenci\u00f3n a las necesidades en salud, vivienda, as\u00ed como las condiciones laborales en las que se encuentran los jornaleros en la zona norte de la entidad Culiac\u00e1n, Sin.- El gobernador Rub\u00e9n Rocha Moya inform\u00f3 esta ma\u00f1ana en su Conferencia Semanera el inicio de la [&hellip;]\" \/>\n<meta property=\"og:url\" content=\"https:\/\/fuentesfidedignas.com.mx\/index.php\/2024\/01\/22\/buscara-gobierno-mejorar-las-condiciones-de-vida-de-jornaleros-en-cuarterias\/\" \/>\n<meta property=\"og:site_name\" content=\"Fuentes Fidedignas\" \/>\n<meta property=\"article:publisher\" content=\"https:\/\/www.facebook.com\/Fuentes-Fidedignas-368234489921644\" \/>\n<meta property=\"article:published_time\" content=\"2024-01-22T19:38:41+00:00\" \/>\n<meta property=\"article:modified_time\" content=\"2024-01-23T00:09:36+00:00\" \/>\n<meta property=\"og:image\" content=\"https:\/\/fuentesfidedignas.com.mx\/wp-content\/uploads\/2024\/01\/cuarterias-en-sinaloa-que-esta-pasando-con-jornaleros-e1705952316358.jpg\" \/>\n\t<meta property=\"og:image:width\" content=\"600\" \/>\n\t<meta property=\"og:image:height\" content=\"338\" \/>\n\t<meta property=\"og:image:type\" content=\"image\/jpeg\" \/>\n<meta name=\"author\" content=\"Redacci\u00f3n\" \/>\n<meta name=\"twitter:card\" content=\"summary_large_image\" \/>\n<meta name=\"twitter:creator\" content=\"@fidedignas\" \/>\n<meta name=\"twitter:site\" content=\"@fidedignas\" \/>\n<meta name=\"twitter:label1\" content=\"Escrito por\" \/>\n\t<meta name=\"twitter:data1\" content=\"Redacci\u00f3n\" \/>\n\t<meta name=\"twitter:label2\" content=\"Tiempo de lectura\" \/>\n\t<meta name=\"twitter:data2\" content=\"3 minutos\" \/>\n<script type=\"application\/ld+json\" class=\"yoast-schema-graph\">{\"@context\":\"https:\\\/\\\/schema.org\",\"@graph\":[{\"@type\":\"Article\",\"@id\":\"https:\\\/\\\/fuentesfidedignas.com.mx\\\/index.php\\\/2024\\\/01\\\/22\\\/buscara-gobierno-mejorar-las-condiciones-de-vida-de-jornaleros-en-cuarterias\\\/#article\",\"isPartOf\":{\"@id\":\"https:\\\/\\\/fuentesfidedignas.com.mx\\\/index.php\\\/2024\\\/01\\\/22\\\/buscara-gobierno-mejorar-las-condiciones-de-vida-de-jornaleros-en-cuarterias\\\/\"},\"author\":{\"name\":\"Redacci\u00f3n\",\"@id\":\"https:\\\/\\\/fuentesfidedignas.com.mx\\\/#\\\/schema\\\/person\\\/331be9283d37198e2acd5750279085b0\"},\"headline\":\"Buscar\u00e1 Gobierno mejorar las condiciones de vida de jornaleros en cuarter\u00edas\",\"datePublished\":\"2024-01-22T19:38:41+00:00\",\"dateModified\":\"2024-01-23T00:09:36+00:00\",\"mainEntityOfPage\":{\"@id\":\"https:\\\/\\\/fuentesfidedignas.com.mx\\\/index.php\\\/2024\\\/01\\\/22\\\/buscara-gobierno-mejorar-las-condiciones-de-vida-de-jornaleros-en-cuarterias\\\/\"},\"wordCount\":543,\"commentCount\":0,\"publisher\":{\"@id\":\"https:\\\/\\\/fuentesfidedignas.com.mx\\\/#organization\"},\"image\":{\"@id\":\"https:\\\/\\\/fuentesfidedignas.com.mx\\\/index.php\\\/2024\\\/01\\\/22\\\/buscara-gobierno-mejorar-las-condiciones-de-vida-de-jornaleros-en-cuarterias\\\/#primaryimage\"},\"thumbnailUrl\":\"https:\\\/\\\/fuentesfidedignas.com.mx\\\/wp-content\\\/uploads\\\/2024\\\/01\\\/cuarterias-en-sinaloa-que-esta-pasando-con-jornaleros-e1705952316358.jpg\",\"articleSection\":[\"NOTICIAS LOCALES\"],\"inLanguage\":\"es\",\"potentialAction\":[{\"@type\":\"CommentAction\",\"name\":\"Comment\",\"target\":[\"https:\\\/\\\/fuentesfidedignas.com.mx\\\/index.php\\\/2024\\\/01\\\/22\\\/buscara-gobierno-mejorar-las-condiciones-de-vida-de-jornaleros-en-cuarterias\\\/#respond\"]}]},{\"@type\":\"WebPage\",\"@id\":\"https:\\\/\\\/fuentesfidedignas.com.mx\\\/index.php\\\/2024\\\/01\\\/22\\\/buscara-gobierno-mejorar-las-condiciones-de-vida-de-jornaleros-en-cuarterias\\\/\",\"url\":\"https:\\\/\\\/fuentesfidedignas.com.mx\\\/index.php\\\/2024\\\/01\\\/22\\\/buscara-gobierno-mejorar-las-condiciones-de-vida-de-jornaleros-en-cuarterias\\\/\",\"name\":\"Buscar\u00e1 Gobierno mejorar las condiciones de vida de jornaleros en cuarter\u00edas - Fuentes Fidedignas\",\"isPartOf\":{\"@id\":\"https:\\\/\\\/fuentesfidedignas.com.mx\\\/#website\"},\"primaryImageOfPage\":{\"@id\":\"https:\\\/\\\/fuentesfidedignas.com.mx\\\/index.php\\\/2024\\\/01\\\/22\\\/buscara-gobierno-mejorar-las-condiciones-de-vida-de-jornaleros-en-cuarterias\\\/#primaryimage\"},\"image\":{\"@id\":\"https:\\\/\\\/fuentesfidedignas.com.mx\\\/index.php\\\/2024\\\/01\\\/22\\\/buscara-gobierno-mejorar-las-condiciones-de-vida-de-jornaleros-en-cuarterias\\\/#primaryimage\"},\"thumbnailUrl\":\"https:\\\/\\\/fuentesfidedignas.com.mx\\\/wp-content\\\/uploads\\\/2024\\\/01\\\/cuarterias-en-sinaloa-que-esta-pasando-con-jornaleros-e1705952316358.jpg\",\"datePublished\":\"2024-01-22T19:38:41+00:00\",\"dateModified\":\"2024-01-23T00:09:36+00:00\",\"breadcrumb\":{\"@id\":\"https:\\\/\\\/fuentesfidedignas.com.mx\\\/index.php\\\/2024\\\/01\\\/22\\\/buscara-gobierno-mejorar-las-condiciones-de-vida-de-jornaleros-en-cuarterias\\\/#breadcrumb\"},\"inLanguage\":\"es\",\"potentialAction\":[{\"@type\":\"ReadAction\",\"target\":[\"https:\\\/\\\/fuentesfidedignas.com.mx\\\/index.php\\\/2024\\\/01\\\/22\\\/buscara-gobierno-mejorar-las-condiciones-de-vida-de-jornaleros-en-cuarterias\\\/\"]}]},{\"@type\":\"ImageObject\",\"inLanguage\":\"es\",\"@id\":\"https:\\\/\\\/fuentesfidedignas.com.mx\\\/index.php\\\/2024\\\/01\\\/22\\\/buscara-gobierno-mejorar-las-condiciones-de-vida-de-jornaleros-en-cuarterias\\\/#primaryimage\",\"url\":\"https:\\\/\\\/fuentesfidedignas.com.mx\\\/wp-content\\\/uploads\\\/2024\\\/01\\\/cuarterias-en-sinaloa-que-esta-pasando-con-jornaleros-e1705952316358.jpg\",\"contentUrl\":\"https:\\\/\\\/fuentesfidedignas.com.mx\\\/wp-content\\\/uploads\\\/2024\\\/01\\\/cuarterias-en-sinaloa-que-esta-pasando-con-jornaleros-e1705952316358.jpg\",\"width\":600,\"height\":338},{\"@type\":\"BreadcrumbList\",\"@id\":\"https:\\\/\\\/fuentesfidedignas.com.mx\\\/index.php\\\/2024\\\/01\\\/22\\\/buscara-gobierno-mejorar-las-condiciones-de-vida-de-jornaleros-en-cuarterias\\\/#breadcrumb\",\"itemListElement\":[{\"@type\":\"ListItem\",\"position\":1,\"name\":\"Inicio\",\"item\":\"https:\\\/\\\/fuentesfidedignas.com.mx\\\/\"},{\"@type\":\"ListItem\",\"position\":2,\"name\":\"Buscar\u00e1 Gobierno mejorar las condiciones de vida de jornaleros en cuarter\u00edas\"}]},{\"@type\":\"WebSite\",\"@id\":\"https:\\\/\\\/fuentesfidedignas.com.mx\\\/#website\",\"url\":\"https:\\\/\\\/fuentesfidedignas.com.mx\\\/\",\"name\":\"Fuentes Fidedignas\",\"description\":\"Otro sitio realizado con WordPress\",\"publisher\":{\"@id\":\"https:\\\/\\\/fuentesfidedignas.com.mx\\\/#organization\"},\"potentialAction\":[{\"@type\":\"SearchAction\",\"target\":{\"@type\":\"EntryPoint\",\"urlTemplate\":\"https:\\\/\\\/fuentesfidedignas.com.mx\\\/?s={search_term_string}\"},\"query-input\":{\"@type\":\"PropertyValueSpecification\",\"valueRequired\":true,\"valueName\":\"search_term_string\"}}],\"inLanguage\":\"es\"},{\"@type\":\"Organization\",\"@id\":\"https:\\\/\\\/fuentesfidedignas.com.mx\\\/#organization\",\"name\":\"Fuentes Fidedignas\",\"url\":\"https:\\\/\\\/fuentesfidedignas.com.mx\\\/\",\"logo\":{\"@type\":\"ImageObject\",\"inLanguage\":\"es\",\"@id\":\"https:\\\/\\\/fuentesfidedignas.com.mx\\\/#\\\/schema\\\/logo\\\/image\\\/\",\"url\":\"https:\\\/\\\/fuentesfidedignas.com.mx\\\/wp-content\\\/uploads\\\/2021\\\/04\\\/logo-retina.png\",\"contentUrl\":\"https:\\\/\\\/fuentesfidedignas.com.mx\\\/wp-content\\\/uploads\\\/2021\\\/04\\\/logo-retina.png\",\"width\":280,\"height\":51,\"caption\":\"Fuentes Fidedignas\"},\"image\":{\"@id\":\"https:\\\/\\\/fuentesfidedignas.com.mx\\\/#\\\/schema\\\/logo\\\/image\\\/\"},\"sameAs\":[\"https:\\\/\\\/www.facebook.com\\\/Fuentes-Fidedignas-368234489921644\",\"https:\\\/\\\/x.com\\\/fidedignas\"]},{\"@type\":\"Person\",\"@id\":\"https:\\\/\\\/fuentesfidedignas.com.mx\\\/#\\\/schema\\\/person\\\/331be9283d37198e2acd5750279085b0\",\"name\":\"Redacci\u00f3n\",\"image\":{\"@type\":\"ImageObject\",\"inLanguage\":\"es\",\"@id\":\"https:\\\/\\\/secure.gravatar.com\\\/avatar\\\/f6d8782c11d12b2d4ad3fbb6931aeab5309937a4d6cd2fc9cfaa28a6396a5aec?s=96&d=mm&r=g\",\"url\":\"https:\\\/\\\/secure.gravatar.com\\\/avatar\\\/f6d8782c11d12b2d4ad3fbb6931aeab5309937a4d6cd2fc9cfaa28a6396a5aec?s=96&d=mm&r=g\",\"contentUrl\":\"https:\\\/\\\/secure.gravatar.com\\\/avatar\\\/f6d8782c11d12b2d4ad3fbb6931aeab5309937a4d6cd2fc9cfaa28a6396a5aec?s=96&d=mm&r=g\",\"caption\":\"Redacci\u00f3n\"},\"url\":\"https:\\\/\\\/fuentesfidedignas.com.mx\\\/index.php\\\/author\\\/redaccion\\\/\"}]}<\/script>\n<!-- \/ Yoast SEO plugin. -->","yoast_head_json":{"title":"Buscar\u00e1 Gobierno mejorar las condiciones de vida de jornaleros en cuarter\u00edas - Fuentes Fidedignas","robots":{"index":"index","follow":"follow","max-snippet":"max-snippet:-1","max-image-preview":"max-image-preview:large","max-video-preview":"max-video-preview:-1"},"canonical":"https:\/\/fuentesfidedignas.com.mx\/index.php\/2024\/01\/22\/buscara-gobierno-mejorar-las-condiciones-de-vida-de-jornaleros-en-cuarterias\/","og_locale":"es_MX","og_type":"article","og_title":"Buscar\u00e1 Gobierno mejorar las condiciones de vida de jornaleros en cuarter\u00edas - Fuentes Fidedignas","og_description":"Se conform\u00f3 una brigada interinstitucional de gobierno del estado para dar atenci\u00f3n a las necesidades en salud, vivienda, as\u00ed como las condiciones laborales en las que se encuentran los jornaleros en la zona norte de la entidad Culiac\u00e1n, Sin.- El gobernador Rub\u00e9n Rocha Moya inform\u00f3 esta ma\u00f1ana en su Conferencia Semanera el inicio de la [&hellip;]","og_url":"https:\/\/fuentesfidedignas.com.mx\/index.php\/2024\/01\/22\/buscara-gobierno-mejorar-las-condiciones-de-vida-de-jornaleros-en-cuarterias\/","og_site_name":"Fuentes Fidedignas","article_publisher":"https:\/\/www.facebook.com\/Fuentes-Fidedignas-368234489921644","article_published_time":"2024-01-22T19:38:41+00:00","article_modified_time":"2024-01-23T00:09:36+00:00","og_image":[{"width":600,"height":338,"url":"https:\/\/fuentesfidedignas.com.mx\/wp-content\/uploads\/2024\/01\/cuarterias-en-sinaloa-que-esta-pasando-con-jornaleros-e1705952316358.jpg","type":"image\/jpeg"}],"author":"Redacci\u00f3n","twitter_card":"summary_large_image","twitter_creator":"@fidedignas","twitter_site":"@fidedignas","twitter_misc":{"Escrito por":"Redacci\u00f3n","Tiempo de lectura":"3 minutos"},"schema":{"@context":"https:\/\/schema.org","@graph":[{"@type":"Article","@id":"https:\/\/fuentesfidedignas.com.mx\/index.php\/2024\/01\/22\/buscara-gobierno-mejorar-las-condiciones-de-vida-de-jornaleros-en-cuarterias\/#article","isPartOf":{"@id":"https:\/\/fuentesfidedignas.com.mx\/index.php\/2024\/01\/22\/buscara-gobierno-mejorar-las-condiciones-de-vida-de-jornaleros-en-cuarterias\/"},"author":{"name":"Redacci\u00f3n","@id":"https:\/\/fuentesfidedignas.com.mx\/#\/schema\/person\/331be9283d37198e2acd5750279085b0"},"headline":"Buscar\u00e1 Gobierno mejorar las condiciones de vida de jornaleros en cuarter\u00edas","datePublished":"2024-01-22T19:38:41+00:00","dateModified":"2024-01-23T00:09:36+00:00","mainEntityOfPage":{"@id":"https:\/\/fuentesfidedignas.com.mx\/index.php\/2024\/01\/22\/buscara-gobierno-mejorar-las-condiciones-de-vida-de-jornaleros-en-cuarterias\/"},"wordCount":543,"commentCount":0,"publisher":{"@id":"https:\/\/fuentesfidedignas.com.mx\/#organization"},"image":{"@id":"https:\/\/fuentesfidedignas.com.mx\/index.php\/2024\/01\/22\/buscara-gobierno-mejorar-las-condiciones-de-vida-de-jornaleros-en-cuarterias\/#primaryimage"},"thumbnailUrl":"https:\/\/fuentesfidedignas.com.mx\/wp-content\/uploads\/2024\/01\/cuarterias-en-sinaloa-que-esta-pasando-con-jornaleros-e1705952316358.jpg","articleSection":["NOTICIAS LOCALES"],"inLanguage":"es","potentialAction":[{"@type":"CommentAction","name":"Comment","target":["https:\/\/fuentesfidedignas.com.mx\/index.php\/2024\/01\/22\/buscara-gobierno-mejorar-las-condiciones-de-vida-de-jornaleros-en-cuarterias\/#respond"]}]},{"@type":"WebPage","@id":"https:\/\/fuentesfidedignas.com.mx\/index.php\/2024\/01\/22\/buscara-gobierno-mejorar-las-condiciones-de-vida-de-jornaleros-en-cuarterias\/","url":"https:\/\/fuentesfidedignas.com.mx\/index.php\/2024\/01\/22\/buscara-gobierno-mejorar-las-condiciones-de-vida-de-jornaleros-en-cuarterias\/","name":"Buscar\u00e1 Gobierno mejorar las condiciones de vida de jornaleros en cuarter\u00edas - Fuentes Fidedignas","isPartOf":{"@id":"https:\/\/fuentesfidedignas.com.mx\/#website"},"primaryImageOfPage":{"@id":"https:\/\/fuentesfidedignas.com.mx\/index.php\/2024\/01\/22\/buscara-gobierno-mejorar-las-condiciones-de-vida-de-jornaleros-en-cuarterias\/#primaryimage"},"image":{"@id":"https:\/\/fuentesfidedignas.com.mx\/index.php\/2024\/01\/22\/buscara-gobierno-mejorar-las-condiciones-de-vida-de-jornaleros-en-cuarterias\/#primaryimage"},"thumbnailUrl":"https:\/\/fuentesfidedignas.com.mx\/wp-content\/uploads\/2024\/01\/cuarterias-en-sinaloa-que-esta-pasando-con-jornaleros-e1705952316358.jpg","datePublished":"2024-01-22T19:38:41+00:00","dateModified":"2024-01-23T00:09:36+00:00","breadcrumb":{"@id":"https:\/\/fuentesfidedignas.com.mx\/index.php\/2024\/01\/22\/buscara-gobierno-mejorar-las-condiciones-de-vida-de-jornaleros-en-cuarterias\/#breadcrumb"},"inLanguage":"es","potentialAction":[{"@type":"ReadAction","target":["https:\/\/fuentesfidedignas.com.mx\/index.php\/2024\/01\/22\/buscara-gobierno-mejorar-las-condiciones-de-vida-de-jornaleros-en-cuarterias\/"]}]},{"@type":"ImageObject","inLanguage":"es","@id":"https:\/\/fuentesfidedignas.com.mx\/index.php\/2024\/01\/22\/buscara-gobierno-mejorar-las-condiciones-de-vida-de-jornaleros-en-cuarterias\/#primaryimage","url":"https:\/\/fuentesfidedignas.com.mx\/wp-content\/uploads\/2024\/01\/cuarterias-en-sinaloa-que-esta-pasando-con-jornaleros-e1705952316358.jpg","contentUrl":"https:\/\/fuentesfidedignas.com.mx\/wp-content\/uploads\/2024\/01\/cuarterias-en-sinaloa-que-esta-pasando-con-jornaleros-e1705952316358.jpg","width":600,"height":338},{"@type":"BreadcrumbList","@id":"https:\/\/fuentesfidedignas.com.mx\/index.php\/2024\/01\/22\/buscara-gobierno-mejorar-las-condiciones-de-vida-de-jornaleros-en-cuarterias\/#breadcrumb","itemListElement":[{"@type":"ListItem","position":1,"name":"Inicio","item":"https:\/\/fuentesfidedignas.com.mx\/"},{"@type":"ListItem","position":2,"name":"Buscar\u00e1 Gobierno mejorar las condiciones de vida de jornaleros en cuarter\u00edas"}]},{"@type":"WebSite","@id":"https:\/\/fuentesfidedignas.com.mx\/#website","url":"https:\/\/fuentesfidedignas.com.mx\/","name":"Fuentes Fidedignas","description":"Otro sitio realizado con WordPress","publisher":{"@id":"https:\/\/fuentesfidedignas.com.mx\/#organization"},"potentialAction":[{"@type":"SearchAction","target":{"@type":"EntryPoint","urlTemplate":"https:\/\/fuentesfidedignas.com.mx\/?s={search_term_string}"},"query-input":{"@type":"PropertyValueSpecification","valueRequired":true,"valueName":"search_term_string"}}],"inLanguage":"es"},{"@type":"Organization","@id":"https:\/\/fuentesfidedignas.com.mx\/#organization","name":"Fuentes Fidedignas","url":"https:\/\/fuentesfidedignas.com.mx\/","logo":{"@type":"ImageObject","inLanguage":"es","@id":"https:\/\/fuentesfidedignas.com.mx\/#\/schema\/logo\/image\/","url":"https:\/\/fuentesfidedignas.com.mx\/wp-content\/uploads\/2021\/04\/logo-retina.png","contentUrl":"https:\/\/fuentesfidedignas.com.mx\/wp-content\/uploads\/2021\/04\/logo-retina.png","width":280,"height":51,"caption":"Fuentes Fidedignas"},"image":{"@id":"https:\/\/fuentesfidedignas.com.mx\/#\/schema\/logo\/image\/"},"sameAs":["https:\/\/www.facebook.com\/Fuentes-Fidedignas-368234489921644","https:\/\/x.com\/fidedignas"]},{"@type":"Person","@id":"https:\/\/fuentesfidedignas.com.mx\/#\/schema\/person\/331be9283d37198e2acd5750279085b0","name":"Redacci\u00f3n","image":{"@type":"ImageObject","inLanguage":"es","@id":"https:\/\/secure.gravatar.com\/avatar\/f6d8782c11d12b2d4ad3fbb6931aeab5309937a4d6cd2fc9cfaa28a6396a5aec?s=96&d=mm&r=g","url":"https:\/\/secure.gravatar.com\/avatar\/f6d8782c11d12b2d4ad3fbb6931aeab5309937a4d6cd2fc9cfaa28a6396a5aec?s=96&d=mm&r=g","contentUrl":"https:\/\/secure.gravatar.com\/avatar\/f6d8782c11d12b2d4ad3fbb6931aeab5309937a4d6cd2fc9cfaa28a6396a5aec?s=96&d=mm&r=g","caption":"Redacci\u00f3n"},"url":"https:\/\/fuentesfidedignas.com.mx\/index.php\/author\/redaccion\/"}]}},"_links":{"self":[{"href":"https:\/\/fuentesfidedignas.com.mx\/index.php\/wp-json\/wp\/v2\/posts\/71476","targetHints":{"allow":["GET"]}}],"collection":[{"href":"https:\/\/fuentesfidedignas.com.mx\/index.php\/wp-json\/wp\/v2\/posts"}],"about":[{"href":"https:\/\/fuentesfidedignas.com.mx\/index.php\/wp-json\/wp\/v2\/types\/post"}],"author":[{"embeddable":true,"href":"https:\/\/fuentesfidedignas.com.mx\/index.php\/wp-json\/wp\/v2\/users\/4"}],"replies":[{"embeddable":true,"href":"https:\/\/fuentesfidedignas.com.mx\/index.php\/wp-json\/wp\/v2\/comments?post=71476"}],"version-history":[{"count":1,"href":"https:\/\/fuentesfidedignas.com.mx\/index.php\/wp-json\/wp\/v2\/posts\/71476\/revisions"}],"predecessor-version":[{"id":71478,"href":"https:\/\/fuentesfidedignas.com.mx\/index.php\/wp-json\/wp\/v2\/posts\/71476\/revisions\/71478"}],"wp:featuredmedia":[{"embeddable":true,"href":"https:\/\/fuentesfidedignas.com.mx\/index.php\/wp-json\/wp\/v2\/media\/71477"}],"wp:attachment":[{"href":"https:\/\/fuentesfidedignas.com.mx\/index.php\/wp-json\/wp\/v2\/media?parent=71476"}],"wp:term":[{"taxonomy":"category","embeddable":true,"href":"https:\/\/fuentesfidedignas.com.mx\/index.php\/wp-json\/wp\/v2\/categories?post=71476"},{"taxonomy":"post_tag","embeddable":true,"href":"https:\/\/fuentesfidedignas.com.mx\/index.php\/wp-json\/wp\/v2\/tags?post=71476"}],"curies":[{"name":"wp","href":"https:\/\/api.w.org\/{rel}","templated":true}]}}