{"id":7139,"date":"2021-07-09T14:31:47","date_gmt":"2021-07-09T21:31:47","guid":{"rendered":"https:\/\/fuentesfidedignas.com.mx\/?p=7139"},"modified":"2021-07-09T14:31:48","modified_gmt":"2021-07-09T21:31:48","slug":"confirma-el-tribunal-electoral-triunfo-de-ruben-rocha-moya-rechaza-impugnacion-del-pri","status":"publish","type":"post","link":"https:\/\/fuentesfidedignas.com.mx\/index.php\/2021\/07\/09\/confirma-el-tribunal-electoral-triunfo-de-ruben-rocha-moya-rechaza-impugnacion-del-pri\/","title":{"rendered":"Confirma el Tribunal Electoral triunfo de Rub\u00e9n Rocha Moya; rechaza impugnaci\u00f3n del PRI"},"content":{"rendered":"\n<p><strong><em>Por unanimidad, las y los magistrados avalan el c\u00f3mputo de la elecci\u00f3n por la gubernatura del estado de Sinaloa y el otorgamiento de la constancia de mayor\u00eda al abanderado de Morena y el PAS<\/em><\/strong><\/p>\n\n\n\n<p>Culiac\u00e1n, Sin.- Con el voto un\u00e1nime de sus cinco magistrados, el Tribunal Electoral de Estado de Sinaloa (Teesin) declar\u00f3 infundado el recurso de inconformidad interpuesto por el PRI en contra de los resultados de la elecci\u00f3n por la gubernatura y, por tanto, confirm\u00f3 el c\u00f3mputo estatal de los comicios del 6 de junio y el otorgamiento de la constancia de mayor\u00eda al candidato de la alianza Morena-PAS, Rub\u00e9n Rocha Moya.<\/p>\n\n\n\n<p>En la sesi\u00f3n del Teesin realizada este viernes, la magistrada A\u00edda Inzunza C\u00e1zares present\u00f3 su proyecto de resoluci\u00f3n, el cual expone que el actor del recurso de inconformidad refiere como agravio la nulidad de la elecci\u00f3n en raz\u00f3n de que, seg\u00fan su dicho, se actualizan tres causales de nulidad de la elecci\u00f3n por violaci\u00f3n a los principios constitucionales de libertad del voto, de equidad y de certeza, pues existieron una multiplicidad de hechos generalizada antes y durante la jornada electoral.<\/p>\n\n\n\n<p>La ponente plante\u00f3 que el proyecto propone declarar infundadas las manifestaciones de la parte inconforme en raz\u00f3n de la determinancia, pues tal y como se acredita en el expediente, s\u00ed existieron indicios que afirma el actor, sin embargo, para acreditar los extremos de la causal es necesario verificar que las violaciones hubieran tenido repercusi\u00f3n en el \u00e1mbito territorial que abarca la elecci\u00f3n por la gubernatura.<\/p>\n\n\n\n<p>Tras analizar las pruebas que existen en el expediente Tesin-INC-06\/2021, en conjunto con el material probatorio aportado por el actor, el tribunal no acredit\u00f3 la existencia de violencia generalizada en el estado de Sinaloa, ya que como consta en la documentaci\u00f3n remitida por la autoridad responsable previamente valorada, se demostr\u00f3 que de manera aislada acontecieron algunos actos de violencia en el 0.046 por ciento de las de 4,896 casillas instaladas en el estado.<\/p>\n\n\n\n<p>Adem\u00e1s, el proyecto destaca que en Sinaloa hubo una participaci\u00f3n ciudadana de 49.50 por ciento, y que el primer lugar obtuvo el 56.60 por ciento con 624,225 votos, mientras que el segundo obtuvo el 32.49 por ciento con 358,313 votos, existiendo una diferencia de 24.11 por ciento.<\/p>\n\n\n\n<p>Con base en lo anterior, se obtuvo que con independencia de que se acreditaron las referidas irregularidades, las mismas no son determinantes para el resultado de la votaci\u00f3n y, por consecuencia, para anular la elecci\u00f3n.<\/p>\n\n\n\n<p>Finalmente, en la sesi\u00f3n v\u00eda Zoom se puso a votaci\u00f3n de las y los magistrados el proyecto para confirmar el c\u00f3mputo estatal de la elecci\u00f3n por la gubernatura del estado de Sinaloa y el otorgamiento de la constancia de mayor\u00eda emitida por el Consejo General del Instituto Electoral del Estado de Sinaloa, el cual fue avalado por unanimidad.<\/p>\n\n\n\n<p>En la sesi\u00f3n participaron la magistrada presidenta del Teesin, Ver\u00f3nica Elizabeth Garc\u00eda Ontiveros; las magistradas Maizola Campos Montoya, Carolina Ch\u00e1vez Rangel y A\u00edda Inzunza C\u00e1zares; y el magistrado Luis Alfonso Santana Barraza.<\/p>\n","protected":false},"excerpt":{"rendered":"<p>Por unanimidad, las y los magistrados avalan el c\u00f3mputo de la elecci\u00f3n por la gubernatura del estado de Sinaloa y el otorgamiento de la constancia de mayor\u00eda al abanderado de Morena y el PAS Culiac\u00e1n, Sin.- Con el voto un\u00e1nime de sus cinco magistrados, el Tribunal Electoral de Estado de Sinaloa (Teesin) declar\u00f3 infundado el [&hellip;]<\/p>\n","protected":false},"author":4,"featured_media":1141,"comment_status":"open","ping_status":"open","sticky":false,"template":"","format":"standard","meta":{"tdm_status":"","tdm_grid_status":"","footnotes":""},"categories":[37],"tags":[64,45,338,308,52,216,1293],"class_list":{"0":"post-7139","1":"post","2":"type-post","3":"status-publish","4":"format-standard","5":"has-post-thumbnail","7":"category-nota-principal","8":"tag-mario-zamora","9":"tag-morena","10":"tag-morena-pas","11":"tag-pas","12":"tag-ruben-rocha-moya","13":"tag-teesin","14":"tag-tribunal-electoral-de-estado-de-sinaloa"},"yoast_head":"<!-- This site is optimized with the Yoast SEO plugin v27.5 - https:\/\/yoast.com\/product\/yoast-seo-wordpress\/ -->\n<title>Confirma el Tribunal Electoral triunfo de Rub\u00e9n Rocha Moya; rechaza impugnaci\u00f3n del PRI - Fuentes Fidedignas<\/title>\n<meta name=\"robots\" content=\"index, follow, max-snippet:-1, max-image-preview:large, max-video-preview:-1\" \/>\n<link rel=\"canonical\" href=\"https:\/\/fuentesfidedignas.com.mx\/index.php\/2021\/07\/09\/confirma-el-tribunal-electoral-triunfo-de-ruben-rocha-moya-rechaza-impugnacion-del-pri\/\" \/>\n<meta property=\"og:locale\" content=\"es_MX\" \/>\n<meta property=\"og:type\" content=\"article\" \/>\n<meta property=\"og:title\" content=\"Confirma el Tribunal Electoral triunfo de Rub\u00e9n Rocha Moya; rechaza impugnaci\u00f3n del PRI - Fuentes Fidedignas\" \/>\n<meta property=\"og:description\" content=\"Por unanimidad, las y los magistrados avalan el c\u00f3mputo de la elecci\u00f3n por la gubernatura del estado de Sinaloa y el otorgamiento de la constancia de mayor\u00eda al abanderado de Morena y el PAS Culiac\u00e1n, Sin.- Con el voto un\u00e1nime de sus cinco magistrados, el Tribunal Electoral de Estado de Sinaloa (Teesin) declar\u00f3 infundado el [&hellip;]\" \/>\n<meta property=\"og:url\" content=\"https:\/\/fuentesfidedignas.com.mx\/index.php\/2021\/07\/09\/confirma-el-tribunal-electoral-triunfo-de-ruben-rocha-moya-rechaza-impugnacion-del-pri\/\" \/>\n<meta property=\"og:site_name\" content=\"Fuentes Fidedignas\" \/>\n<meta property=\"article:publisher\" content=\"https:\/\/www.facebook.com\/Fuentes-Fidedignas-368234489921644\" \/>\n<meta property=\"article:published_time\" content=\"2021-07-09T21:31:47+00:00\" \/>\n<meta property=\"article:modified_time\" content=\"2021-07-09T21:31:48+00:00\" \/>\n<meta property=\"og:image\" content=\"https:\/\/fuentesfidedignas.com.mx\/wp-content\/uploads\/2021\/05\/rrocha.jpg\" \/>\n\t<meta property=\"og:image:width\" content=\"1280\" \/>\n\t<meta property=\"og:image:height\" content=\"852\" \/>\n\t<meta property=\"og:image:type\" content=\"image\/jpeg\" \/>\n<meta name=\"author\" content=\"Redacci\u00f3n\" \/>\n<meta name=\"twitter:card\" content=\"summary_large_image\" \/>\n<meta name=\"twitter:creator\" content=\"@fidedignas\" \/>\n<meta name=\"twitter:site\" content=\"@fidedignas\" \/>\n<meta name=\"twitter:label1\" content=\"Escrito por\" \/>\n\t<meta name=\"twitter:data1\" content=\"Redacci\u00f3n\" \/>\n\t<meta name=\"twitter:label2\" content=\"Tiempo de lectura\" \/>\n\t<meta name=\"twitter:data2\" content=\"3 minutos\" \/>\n<script type=\"application\/ld+json\" class=\"yoast-schema-graph\">{\"@context\":\"https:\\\/\\\/schema.org\",\"@graph\":[{\"@type\":\"Article\",\"@id\":\"https:\\\/\\\/fuentesfidedignas.com.mx\\\/index.php\\\/2021\\\/07\\\/09\\\/confirma-el-tribunal-electoral-triunfo-de-ruben-rocha-moya-rechaza-impugnacion-del-pri\\\/#article\",\"isPartOf\":{\"@id\":\"https:\\\/\\\/fuentesfidedignas.com.mx\\\/index.php\\\/2021\\\/07\\\/09\\\/confirma-el-tribunal-electoral-triunfo-de-ruben-rocha-moya-rechaza-impugnacion-del-pri\\\/\"},\"author\":{\"name\":\"Redacci\u00f3n\",\"@id\":\"https:\\\/\\\/fuentesfidedignas.com.mx\\\/#\\\/schema\\\/person\\\/331be9283d37198e2acd5750279085b0\"},\"headline\":\"Confirma el Tribunal Electoral triunfo de Rub\u00e9n Rocha Moya; rechaza impugnaci\u00f3n del PRI\",\"datePublished\":\"2021-07-09T21:31:47+00:00\",\"dateModified\":\"2021-07-09T21:31:48+00:00\",\"mainEntityOfPage\":{\"@id\":\"https:\\\/\\\/fuentesfidedignas.com.mx\\\/index.php\\\/2021\\\/07\\\/09\\\/confirma-el-tribunal-electoral-triunfo-de-ruben-rocha-moya-rechaza-impugnacion-del-pri\\\/\"},\"wordCount\":539,\"commentCount\":0,\"publisher\":{\"@id\":\"https:\\\/\\\/fuentesfidedignas.com.mx\\\/#organization\"},\"image\":{\"@id\":\"https:\\\/\\\/fuentesfidedignas.com.mx\\\/index.php\\\/2021\\\/07\\\/09\\\/confirma-el-tribunal-electoral-triunfo-de-ruben-rocha-moya-rechaza-impugnacion-del-pri\\\/#primaryimage\"},\"thumbnailUrl\":\"https:\\\/\\\/fuentesfidedignas.com.mx\\\/wp-content\\\/uploads\\\/2021\\\/05\\\/rrocha.jpg\",\"keywords\":[\"Mario Zamora\",\"morena\",\"Morena-PAS\",\"PAS\",\"Rub\u00e9n Rocha Moya\",\"TEESIN\",\"Tribunal Electoral de Estado de Sinaloa\"],\"articleSection\":[\"NOTA PRINCIPAL\"],\"inLanguage\":\"es\",\"potentialAction\":[{\"@type\":\"CommentAction\",\"name\":\"Comment\",\"target\":[\"https:\\\/\\\/fuentesfidedignas.com.mx\\\/index.php\\\/2021\\\/07\\\/09\\\/confirma-el-tribunal-electoral-triunfo-de-ruben-rocha-moya-rechaza-impugnacion-del-pri\\\/#respond\"]}]},{\"@type\":\"WebPage\",\"@id\":\"https:\\\/\\\/fuentesfidedignas.com.mx\\\/index.php\\\/2021\\\/07\\\/09\\\/confirma-el-tribunal-electoral-triunfo-de-ruben-rocha-moya-rechaza-impugnacion-del-pri\\\/\",\"url\":\"https:\\\/\\\/fuentesfidedignas.com.mx\\\/index.php\\\/2021\\\/07\\\/09\\\/confirma-el-tribunal-electoral-triunfo-de-ruben-rocha-moya-rechaza-impugnacion-del-pri\\\/\",\"name\":\"Confirma el Tribunal Electoral triunfo de Rub\u00e9n Rocha Moya; rechaza impugnaci\u00f3n del PRI - Fuentes Fidedignas\",\"isPartOf\":{\"@id\":\"https:\\\/\\\/fuentesfidedignas.com.mx\\\/#website\"},\"primaryImageOfPage\":{\"@id\":\"https:\\\/\\\/fuentesfidedignas.com.mx\\\/index.php\\\/2021\\\/07\\\/09\\\/confirma-el-tribunal-electoral-triunfo-de-ruben-rocha-moya-rechaza-impugnacion-del-pri\\\/#primaryimage\"},\"image\":{\"@id\":\"https:\\\/\\\/fuentesfidedignas.com.mx\\\/index.php\\\/2021\\\/07\\\/09\\\/confirma-el-tribunal-electoral-triunfo-de-ruben-rocha-moya-rechaza-impugnacion-del-pri\\\/#primaryimage\"},\"thumbnailUrl\":\"https:\\\/\\\/fuentesfidedignas.com.mx\\\/wp-content\\\/uploads\\\/2021\\\/05\\\/rrocha.jpg\",\"datePublished\":\"2021-07-09T21:31:47+00:00\",\"dateModified\":\"2021-07-09T21:31:48+00:00\",\"breadcrumb\":{\"@id\":\"https:\\\/\\\/fuentesfidedignas.com.mx\\\/index.php\\\/2021\\\/07\\\/09\\\/confirma-el-tribunal-electoral-triunfo-de-ruben-rocha-moya-rechaza-impugnacion-del-pri\\\/#breadcrumb\"},\"inLanguage\":\"es\",\"potentialAction\":[{\"@type\":\"ReadAction\",\"target\":[\"https:\\\/\\\/fuentesfidedignas.com.mx\\\/index.php\\\/2021\\\/07\\\/09\\\/confirma-el-tribunal-electoral-triunfo-de-ruben-rocha-moya-rechaza-impugnacion-del-pri\\\/\"]}]},{\"@type\":\"ImageObject\",\"inLanguage\":\"es\",\"@id\":\"https:\\\/\\\/fuentesfidedignas.com.mx\\\/index.php\\\/2021\\\/07\\\/09\\\/confirma-el-tribunal-electoral-triunfo-de-ruben-rocha-moya-rechaza-impugnacion-del-pri\\\/#primaryimage\",\"url\":\"https:\\\/\\\/fuentesfidedignas.com.mx\\\/wp-content\\\/uploads\\\/2021\\\/05\\\/rrocha.jpg\",\"contentUrl\":\"https:\\\/\\\/fuentesfidedignas.com.mx\\\/wp-content\\\/uploads\\\/2021\\\/05\\\/rrocha.jpg\",\"width\":1280,\"height\":852},{\"@type\":\"BreadcrumbList\",\"@id\":\"https:\\\/\\\/fuentesfidedignas.com.mx\\\/index.php\\\/2021\\\/07\\\/09\\\/confirma-el-tribunal-electoral-triunfo-de-ruben-rocha-moya-rechaza-impugnacion-del-pri\\\/#breadcrumb\",\"itemListElement\":[{\"@type\":\"ListItem\",\"position\":1,\"name\":\"Inicio\",\"item\":\"https:\\\/\\\/fuentesfidedignas.com.mx\\\/\"},{\"@type\":\"ListItem\",\"position\":2,\"name\":\"Confirma el Tribunal Electoral triunfo de Rub\u00e9n Rocha Moya; rechaza impugnaci\u00f3n del PRI\"}]},{\"@type\":\"WebSite\",\"@id\":\"https:\\\/\\\/fuentesfidedignas.com.mx\\\/#website\",\"url\":\"https:\\\/\\\/fuentesfidedignas.com.mx\\\/\",\"name\":\"Fuentes Fidedignas\",\"description\":\"Otro sitio realizado con WordPress\",\"publisher\":{\"@id\":\"https:\\\/\\\/fuentesfidedignas.com.mx\\\/#organization\"},\"potentialAction\":[{\"@type\":\"SearchAction\",\"target\":{\"@type\":\"EntryPoint\",\"urlTemplate\":\"https:\\\/\\\/fuentesfidedignas.com.mx\\\/?s={search_term_string}\"},\"query-input\":{\"@type\":\"PropertyValueSpecification\",\"valueRequired\":true,\"valueName\":\"search_term_string\"}}],\"inLanguage\":\"es\"},{\"@type\":\"Organization\",\"@id\":\"https:\\\/\\\/fuentesfidedignas.com.mx\\\/#organization\",\"name\":\"Fuentes Fidedignas\",\"url\":\"https:\\\/\\\/fuentesfidedignas.com.mx\\\/\",\"logo\":{\"@type\":\"ImageObject\",\"inLanguage\":\"es\",\"@id\":\"https:\\\/\\\/fuentesfidedignas.com.mx\\\/#\\\/schema\\\/logo\\\/image\\\/\",\"url\":\"https:\\\/\\\/fuentesfidedignas.com.mx\\\/wp-content\\\/uploads\\\/2021\\\/04\\\/logo-retina.png\",\"contentUrl\":\"https:\\\/\\\/fuentesfidedignas.com.mx\\\/wp-content\\\/uploads\\\/2021\\\/04\\\/logo-retina.png\",\"width\":280,\"height\":51,\"caption\":\"Fuentes Fidedignas\"},\"image\":{\"@id\":\"https:\\\/\\\/fuentesfidedignas.com.mx\\\/#\\\/schema\\\/logo\\\/image\\\/\"},\"sameAs\":[\"https:\\\/\\\/www.facebook.com\\\/Fuentes-Fidedignas-368234489921644\",\"https:\\\/\\\/x.com\\\/fidedignas\"]},{\"@type\":\"Person\",\"@id\":\"https:\\\/\\\/fuentesfidedignas.com.mx\\\/#\\\/schema\\\/person\\\/331be9283d37198e2acd5750279085b0\",\"name\":\"Redacci\u00f3n\",\"image\":{\"@type\":\"ImageObject\",\"inLanguage\":\"es\",\"@id\":\"https:\\\/\\\/secure.gravatar.com\\\/avatar\\\/f6d8782c11d12b2d4ad3fbb6931aeab5309937a4d6cd2fc9cfaa28a6396a5aec?s=96&d=mm&r=g\",\"url\":\"https:\\\/\\\/secure.gravatar.com\\\/avatar\\\/f6d8782c11d12b2d4ad3fbb6931aeab5309937a4d6cd2fc9cfaa28a6396a5aec?s=96&d=mm&r=g\",\"contentUrl\":\"https:\\\/\\\/secure.gravatar.com\\\/avatar\\\/f6d8782c11d12b2d4ad3fbb6931aeab5309937a4d6cd2fc9cfaa28a6396a5aec?s=96&d=mm&r=g\",\"caption\":\"Redacci\u00f3n\"},\"url\":\"https:\\\/\\\/fuentesfidedignas.com.mx\\\/index.php\\\/author\\\/redaccion\\\/\"}]}<\/script>\n<!-- \/ Yoast SEO plugin. -->","yoast_head_json":{"title":"Confirma el Tribunal Electoral triunfo de Rub\u00e9n Rocha Moya; rechaza impugnaci\u00f3n del PRI - Fuentes Fidedignas","robots":{"index":"index","follow":"follow","max-snippet":"max-snippet:-1","max-image-preview":"max-image-preview:large","max-video-preview":"max-video-preview:-1"},"canonical":"https:\/\/fuentesfidedignas.com.mx\/index.php\/2021\/07\/09\/confirma-el-tribunal-electoral-triunfo-de-ruben-rocha-moya-rechaza-impugnacion-del-pri\/","og_locale":"es_MX","og_type":"article","og_title":"Confirma el Tribunal Electoral triunfo de Rub\u00e9n Rocha Moya; rechaza impugnaci\u00f3n del PRI - Fuentes Fidedignas","og_description":"Por unanimidad, las y los magistrados avalan el c\u00f3mputo de la elecci\u00f3n por la gubernatura del estado de Sinaloa y el otorgamiento de la constancia de mayor\u00eda al abanderado de Morena y el PAS Culiac\u00e1n, Sin.- Con el voto un\u00e1nime de sus cinco magistrados, el Tribunal Electoral de Estado de Sinaloa (Teesin) declar\u00f3 infundado el [&hellip;]","og_url":"https:\/\/fuentesfidedignas.com.mx\/index.php\/2021\/07\/09\/confirma-el-tribunal-electoral-triunfo-de-ruben-rocha-moya-rechaza-impugnacion-del-pri\/","og_site_name":"Fuentes Fidedignas","article_publisher":"https:\/\/www.facebook.com\/Fuentes-Fidedignas-368234489921644","article_published_time":"2021-07-09T21:31:47+00:00","article_modified_time":"2021-07-09T21:31:48+00:00","og_image":[{"width":1280,"height":852,"url":"https:\/\/fuentesfidedignas.com.mx\/wp-content\/uploads\/2021\/05\/rrocha.jpg","type":"image\/jpeg"}],"author":"Redacci\u00f3n","twitter_card":"summary_large_image","twitter_creator":"@fidedignas","twitter_site":"@fidedignas","twitter_misc":{"Escrito por":"Redacci\u00f3n","Tiempo de lectura":"3 minutos"},"schema":{"@context":"https:\/\/schema.org","@graph":[{"@type":"Article","@id":"https:\/\/fuentesfidedignas.com.mx\/index.php\/2021\/07\/09\/confirma-el-tribunal-electoral-triunfo-de-ruben-rocha-moya-rechaza-impugnacion-del-pri\/#article","isPartOf":{"@id":"https:\/\/fuentesfidedignas.com.mx\/index.php\/2021\/07\/09\/confirma-el-tribunal-electoral-triunfo-de-ruben-rocha-moya-rechaza-impugnacion-del-pri\/"},"author":{"name":"Redacci\u00f3n","@id":"https:\/\/fuentesfidedignas.com.mx\/#\/schema\/person\/331be9283d37198e2acd5750279085b0"},"headline":"Confirma el Tribunal Electoral triunfo de Rub\u00e9n Rocha Moya; rechaza impugnaci\u00f3n del PRI","datePublished":"2021-07-09T21:31:47+00:00","dateModified":"2021-07-09T21:31:48+00:00","mainEntityOfPage":{"@id":"https:\/\/fuentesfidedignas.com.mx\/index.php\/2021\/07\/09\/confirma-el-tribunal-electoral-triunfo-de-ruben-rocha-moya-rechaza-impugnacion-del-pri\/"},"wordCount":539,"commentCount":0,"publisher":{"@id":"https:\/\/fuentesfidedignas.com.mx\/#organization"},"image":{"@id":"https:\/\/fuentesfidedignas.com.mx\/index.php\/2021\/07\/09\/confirma-el-tribunal-electoral-triunfo-de-ruben-rocha-moya-rechaza-impugnacion-del-pri\/#primaryimage"},"thumbnailUrl":"https:\/\/fuentesfidedignas.com.mx\/wp-content\/uploads\/2021\/05\/rrocha.jpg","keywords":["Mario Zamora","morena","Morena-PAS","PAS","Rub\u00e9n Rocha Moya","TEESIN","Tribunal Electoral de Estado de Sinaloa"],"articleSection":["NOTA PRINCIPAL"],"inLanguage":"es","potentialAction":[{"@type":"CommentAction","name":"Comment","target":["https:\/\/fuentesfidedignas.com.mx\/index.php\/2021\/07\/09\/confirma-el-tribunal-electoral-triunfo-de-ruben-rocha-moya-rechaza-impugnacion-del-pri\/#respond"]}]},{"@type":"WebPage","@id":"https:\/\/fuentesfidedignas.com.mx\/index.php\/2021\/07\/09\/confirma-el-tribunal-electoral-triunfo-de-ruben-rocha-moya-rechaza-impugnacion-del-pri\/","url":"https:\/\/fuentesfidedignas.com.mx\/index.php\/2021\/07\/09\/confirma-el-tribunal-electoral-triunfo-de-ruben-rocha-moya-rechaza-impugnacion-del-pri\/","name":"Confirma el Tribunal Electoral triunfo de Rub\u00e9n Rocha Moya; rechaza impugnaci\u00f3n del PRI - Fuentes Fidedignas","isPartOf":{"@id":"https:\/\/fuentesfidedignas.com.mx\/#website"},"primaryImageOfPage":{"@id":"https:\/\/fuentesfidedignas.com.mx\/index.php\/2021\/07\/09\/confirma-el-tribunal-electoral-triunfo-de-ruben-rocha-moya-rechaza-impugnacion-del-pri\/#primaryimage"},"image":{"@id":"https:\/\/fuentesfidedignas.com.mx\/index.php\/2021\/07\/09\/confirma-el-tribunal-electoral-triunfo-de-ruben-rocha-moya-rechaza-impugnacion-del-pri\/#primaryimage"},"thumbnailUrl":"https:\/\/fuentesfidedignas.com.mx\/wp-content\/uploads\/2021\/05\/rrocha.jpg","datePublished":"2021-07-09T21:31:47+00:00","dateModified":"2021-07-09T21:31:48+00:00","breadcrumb":{"@id":"https:\/\/fuentesfidedignas.com.mx\/index.php\/2021\/07\/09\/confirma-el-tribunal-electoral-triunfo-de-ruben-rocha-moya-rechaza-impugnacion-del-pri\/#breadcrumb"},"inLanguage":"es","potentialAction":[{"@type":"ReadAction","target":["https:\/\/fuentesfidedignas.com.mx\/index.php\/2021\/07\/09\/confirma-el-tribunal-electoral-triunfo-de-ruben-rocha-moya-rechaza-impugnacion-del-pri\/"]}]},{"@type":"ImageObject","inLanguage":"es","@id":"https:\/\/fuentesfidedignas.com.mx\/index.php\/2021\/07\/09\/confirma-el-tribunal-electoral-triunfo-de-ruben-rocha-moya-rechaza-impugnacion-del-pri\/#primaryimage","url":"https:\/\/fuentesfidedignas.com.mx\/wp-content\/uploads\/2021\/05\/rrocha.jpg","contentUrl":"https:\/\/fuentesfidedignas.com.mx\/wp-content\/uploads\/2021\/05\/rrocha.jpg","width":1280,"height":852},{"@type":"BreadcrumbList","@id":"https:\/\/fuentesfidedignas.com.mx\/index.php\/2021\/07\/09\/confirma-el-tribunal-electoral-triunfo-de-ruben-rocha-moya-rechaza-impugnacion-del-pri\/#breadcrumb","itemListElement":[{"@type":"ListItem","position":1,"name":"Inicio","item":"https:\/\/fuentesfidedignas.com.mx\/"},{"@type":"ListItem","position":2,"name":"Confirma el Tribunal Electoral triunfo de Rub\u00e9n Rocha Moya; rechaza impugnaci\u00f3n del PRI"}]},{"@type":"WebSite","@id":"https:\/\/fuentesfidedignas.com.mx\/#website","url":"https:\/\/fuentesfidedignas.com.mx\/","name":"Fuentes Fidedignas","description":"Otro sitio realizado con WordPress","publisher":{"@id":"https:\/\/fuentesfidedignas.com.mx\/#organization"},"potentialAction":[{"@type":"SearchAction","target":{"@type":"EntryPoint","urlTemplate":"https:\/\/fuentesfidedignas.com.mx\/?s={search_term_string}"},"query-input":{"@type":"PropertyValueSpecification","valueRequired":true,"valueName":"search_term_string"}}],"inLanguage":"es"},{"@type":"Organization","@id":"https:\/\/fuentesfidedignas.com.mx\/#organization","name":"Fuentes Fidedignas","url":"https:\/\/fuentesfidedignas.com.mx\/","logo":{"@type":"ImageObject","inLanguage":"es","@id":"https:\/\/fuentesfidedignas.com.mx\/#\/schema\/logo\/image\/","url":"https:\/\/fuentesfidedignas.com.mx\/wp-content\/uploads\/2021\/04\/logo-retina.png","contentUrl":"https:\/\/fuentesfidedignas.com.mx\/wp-content\/uploads\/2021\/04\/logo-retina.png","width":280,"height":51,"caption":"Fuentes Fidedignas"},"image":{"@id":"https:\/\/fuentesfidedignas.com.mx\/#\/schema\/logo\/image\/"},"sameAs":["https:\/\/www.facebook.com\/Fuentes-Fidedignas-368234489921644","https:\/\/x.com\/fidedignas"]},{"@type":"Person","@id":"https:\/\/fuentesfidedignas.com.mx\/#\/schema\/person\/331be9283d37198e2acd5750279085b0","name":"Redacci\u00f3n","image":{"@type":"ImageObject","inLanguage":"es","@id":"https:\/\/secure.gravatar.com\/avatar\/f6d8782c11d12b2d4ad3fbb6931aeab5309937a4d6cd2fc9cfaa28a6396a5aec?s=96&d=mm&r=g","url":"https:\/\/secure.gravatar.com\/avatar\/f6d8782c11d12b2d4ad3fbb6931aeab5309937a4d6cd2fc9cfaa28a6396a5aec?s=96&d=mm&r=g","contentUrl":"https:\/\/secure.gravatar.com\/avatar\/f6d8782c11d12b2d4ad3fbb6931aeab5309937a4d6cd2fc9cfaa28a6396a5aec?s=96&d=mm&r=g","caption":"Redacci\u00f3n"},"url":"https:\/\/fuentesfidedignas.com.mx\/index.php\/author\/redaccion\/"}]}},"_links":{"self":[{"href":"https:\/\/fuentesfidedignas.com.mx\/index.php\/wp-json\/wp\/v2\/posts\/7139","targetHints":{"allow":["GET"]}}],"collection":[{"href":"https:\/\/fuentesfidedignas.com.mx\/index.php\/wp-json\/wp\/v2\/posts"}],"about":[{"href":"https:\/\/fuentesfidedignas.com.mx\/index.php\/wp-json\/wp\/v2\/types\/post"}],"author":[{"embeddable":true,"href":"https:\/\/fuentesfidedignas.com.mx\/index.php\/wp-json\/wp\/v2\/users\/4"}],"replies":[{"embeddable":true,"href":"https:\/\/fuentesfidedignas.com.mx\/index.php\/wp-json\/wp\/v2\/comments?post=7139"}],"version-history":[{"count":1,"href":"https:\/\/fuentesfidedignas.com.mx\/index.php\/wp-json\/wp\/v2\/posts\/7139\/revisions"}],"predecessor-version":[{"id":7140,"href":"https:\/\/fuentesfidedignas.com.mx\/index.php\/wp-json\/wp\/v2\/posts\/7139\/revisions\/7140"}],"wp:featuredmedia":[{"embeddable":true,"href":"https:\/\/fuentesfidedignas.com.mx\/index.php\/wp-json\/wp\/v2\/media\/1141"}],"wp:attachment":[{"href":"https:\/\/fuentesfidedignas.com.mx\/index.php\/wp-json\/wp\/v2\/media?parent=7139"}],"wp:term":[{"taxonomy":"category","embeddable":true,"href":"https:\/\/fuentesfidedignas.com.mx\/index.php\/wp-json\/wp\/v2\/categories?post=7139"},{"taxonomy":"post_tag","embeddable":true,"href":"https:\/\/fuentesfidedignas.com.mx\/index.php\/wp-json\/wp\/v2\/tags?post=7139"}],"curies":[{"name":"wp","href":"https:\/\/api.w.org\/{rel}","templated":true}]}}