{"id":71355,"date":"2024-01-20T18:00:14","date_gmt":"2024-01-21T01:00:14","guid":{"rendered":"https:\/\/fuentesfidedignas.com.mx\/?p=71355"},"modified":"2024-01-20T18:01:39","modified_gmt":"2024-01-21T01:01:39","slug":"jorge-alvarez-maynez-es-el-nuevo-candidato-a-la-presidencia-por-movimiento-ciudadano","status":"publish","type":"post","link":"https:\/\/fuentesfidedignas.com.mx\/index.php\/2024\/01\/20\/jorge-alvarez-maynez-es-el-nuevo-candidato-a-la-presidencia-por-movimiento-ciudadano\/","title":{"rendered":"Jorge \u00c1lvarez M\u00e1ynez es \u201cel nuevo\u201d candidato a la presidencia por Movimiento Ciudadano"},"content":{"rendered":"\n<p><strong><em>El zacatecano recibi\u00f3 el nombramiento oficial como candidato presidencial de cara a las elecciones del pr\u00f3ximo 2 de junio<\/em><\/strong><\/p>\n\n\n\n<p>En medio de una ovaci\u00f3n de parte de militantes de Movimiento Ciudadano, Jorge \u00c1lvarez M\u00e1ynez, recibi\u00f3 su nombramiento oficial como \u201cel nuevo\u201d candidato a la Presidencia del organismo pol\u00edtico.<\/p>\n\n\n\n<p>La tarde de este s\u00e1bado, la militancia naranja, liderada por Dante Delgado, recibi\u00f3 a \u00c1lvarez M\u00e1ynez en un sal\u00f3n del Hotel BelAir en la Ciudad de M\u00e9xico. La m\u00fasica que acompa\u00f1\u00f3 el momento fue la canci\u00f3n \u201cBack in Black\u201d del grupo de rock estadounidense AC\/DC.<\/p>\n\n\n\n<blockquote class=\"twitter-tweet\"><p lang=\"es\" dir=\"ltr\">.<a href=\"https:\/\/twitter.com\/MovCiudadanoMX?ref_src=twsrc%5Etfw\">@MovCiudadanoMX<\/a> es un proyecto fresco, grande y con una nueva visi\u00f3n de futuro que hoy, tiene candidato a la Presidencia de la Rep\u00fablica, <a href=\"https:\/\/twitter.com\/AlvarezMaynez?ref_src=twsrc%5Etfw\">@AlvarezMaynez<\/a>.<br><br>Lleg\u00f3 la hora de un M\u00e9xico Nuevo. <a href=\"https:\/\/t.co\/rPsvmFYorK\">https:\/\/t.co\/rPsvmFYorK<\/a><\/p>&mdash; Dante Delgado (@DanteDelgado) <a href=\"https:\/\/twitter.com\/DanteDelgado\/status\/1748827500065571151?ref_src=twsrc%5Etfw\">January 20, 2024<\/a><\/blockquote> <script async src=\"https:\/\/platform.twitter.com\/widgets.js\" charset=\"utf-8\"><\/script>\n\n\n\n<p><strong>Eligen a \u00c1lvarez Maynez como su candidato<\/strong><br>En Asamblea Nacional Electoral, la estructura del partido declar\u00f3 por unanimidad que el zacatecano ser\u00e1 su abanderado en los pr\u00f3ximos comicios que se realizar\u00e1n el 2 de junio de 2024.<\/p>\n\n\n\n<p>\u201cEn t\u00e9rminos de los art\u00edculos 18, numerales 1 y 6, incisos A y B, y 40 numerales 1 y 2 de los estatutos de Movimiento Ciudadano, se aprueba la candidatura del compa\u00f1ero Jorge \u00c1lvarez M\u00e1ynez como candidato de Movimiento Ciudadano a la Presidencia de la Rep\u00fablica\u201d, afirm\u00f3 Juan Zavala, secretario general del partido.<\/p>\n\n\n\n<p><strong>Es la primera vez que MC aparecer\u00e1 en boleta<\/strong><br>Para la militancia naranja, se trata de un momento hist\u00f3rico, pues es la primera vez que Movimiento Ciudadano aparecer\u00e1 en la boleta electoral y desde su perspectiva, se trata de la \u00fanica opci\u00f3n \u201cdecente\u201d para los votantes, as\u00ed lo consider\u00f3 \u00c1lvarez M\u00e1ynez.<\/p>\n\n\n\n<p>\u201cEs la primera vez que Movimiento Ciudadano va a estar en la boleta para la Presidencia de la Rep\u00fablica, la \u00fanica opci\u00f3n decente, sin negociar prebendas, chantajes o moches\u201d, afirm\u00f3 el candidato.<\/p>\n\n\n\n<figure class=\"wp-block-embed is-type-rich is-provider-twitter wp-block-embed-twitter\"><div class=\"wp-block-embed__wrapper\">\n<blockquote class=\"twitter-tweet\" data-width=\"550\" data-dnt=\"true\"><p lang=\"es\" dir=\"ltr\">Ratifica <a href=\"https:\/\/twitter.com\/MovCiudadanoMX?ref_src=twsrc%5Etfw\">@MovCiudadanoMX<\/a> a <a href=\"https:\/\/twitter.com\/AlvarezMaynez?ref_src=twsrc%5Etfw\">@AlvarezMaynez<\/a> como candidato presidencial; este s\u00e1bado, durante su discurso, \u00c1lvarez M\u00e1ynez resalt\u00f3 que llegan a esta campa\u00f1a libres de compromisos con grupos de inter\u00e9s\ud83d\udc47 <a href=\"https:\/\/t.co\/Y0u3b2qkwr\">pic.twitter.com\/Y0u3b2qkwr<\/a><\/p>&mdash; MVS Noticias (@MVSNoticias) <a href=\"https:\/\/twitter.com\/MVSNoticias\/status\/1748824448264806783?ref_src=twsrc%5Etfw\">January 20, 2024<\/a><\/blockquote><script async src=\"https:\/\/platform.twitter.com\/widgets.js\" charset=\"utf-8\"><\/script>\n<\/div><\/figure>\n\n\n\n<p><strong>No tiene comprometida su candidatura<\/strong><br>El aspirante naranja neg\u00f3 que para llegar a la postulaci\u00f3n por parte del partido naranja haya hecho compromisos con grupos de inter\u00e9s ni tampoco con poderes econ\u00f3micos o pol\u00edticos, para estar en la boleta presidencial.<\/p>\n\n\n\n<p>\u201cNosotros vamos a hacer una campa\u00f1a libre de compromisos y eso nos da la posibilidad de que haya un gobierno libre de compromisos, la clase pol\u00edtica, lo dije hace muchos a\u00f1os cuando inici\u00e9 mi carrera pol\u00edtica en Zacatecas, se convirti\u00f3 poco a poco en administradores del diezmo, en administradores temporales del pacto de corrupci\u00f3n que los lleva al poder y por eso para m\u00ed es un orgullo llegar a la boleta libre de esos compromisos\u201d, se\u00f1al\u00f3 el candidato.<\/p>\n\n\n\n<blockquote class=\"twitter-tweet\"><p lang=\"es\" dir=\"ltr\">M\u00e9xico tiene opci\u00f3n y esa es Movimiento Ciudadano. \ud83c\udf4a<br>Hoy elegimos a <a href=\"https:\/\/twitter.com\/AlvarezMaynez?ref_src=twsrc%5Etfw\">@AlvarezMaynez<\/a> como nuestro candidato a la Presidencia de la Rep\u00fablica \ud83c\uddf2\ud83c\uddfd<br><br>Estamos seguros que \u00e9l representa las causas de millones de j\u00f3venes en todo el pa\u00eds que quieren un mejor futuro. Que no tengan duda: Lo\u2026 <a href=\"https:\/\/t.co\/Bl1wFJxAcj\">pic.twitter.com\/Bl1wFJxAcj<\/a><\/p>&mdash; Movimiento Ciudadano | Movimiento Naranja (@MovCiudadanoMX) <a href=\"https:\/\/twitter.com\/MovCiudadanoMX\/status\/1748820495267475596?ref_src=twsrc%5Etfw\">January 20, 2024<\/a><\/blockquote> <script async src=\"https:\/\/platform.twitter.com\/widgets.js\" charset=\"utf-8\"><\/script>\n\n\n\n<p>\u00c1lvarez M\u00e1ynez consider\u00f3 que es falso que se tenga que elegir entre abrazos, no balazos, entre mano dura y mano blanda, pues se puede actuar con firmeza y de frente al gran problema de la impunidad.<\/p>\n\n\n\n<p><strong>La nueva opci\u00f3n de MC<\/strong><br>Respecto al nombramiento, Dante Delgado destac\u00f3 que el partido es un proyecto fresco, grande y con una nueva visi\u00f3n de futuro que hoy, tiene candidato a la Presidencia de la Rep\u00fablica.<\/p>\n\n\n\n<p>\u201cM\u00e9xico tiene opci\u00f3n y esa es Movimiento Ciudadano. Hoy elegimos a @AlvarezMaynez como nuestro candidato a la Presidencia de la Rep\u00fablica. Estamos seguros que \u00e9l representa las causas de millones de j\u00f3venes en todo el pa\u00eds que quieren un mejor futuro. Que no tengan duda: Lo Nuevo apenas comienza. Lleg\u00f3 la hora de un M\u00e9xico Nuevo\u201d, asegur\u00f3 el partido.<\/p>\n\n\n\n<p>Cabe destacar que este nombramiento sucedi\u00f3, luego de m\u00faltiples pol\u00e9micas que envolvieron a la candidatura emecista, desde voces en el partido que ped\u00edan analizar sumarse a PRI, PAN y PRD con X\u00f3chitl G\u00e1lvez, hasta un camino largo por encontrar un perfil al interior del organismo pol\u00edtico.<\/p>\n\n\n\n<p>Entre los nombres que figuraron para ocupar el cargo se encuentran Samuel Garc\u00eda, Luis Donaldo Colosio, Enrique Alfaro, Patricia Mercado, Juan Zepeda, Ivonne Ortega y hasta el propio Dante Delgado, e incluso Marcelo Ebrard.<\/p>\n","protected":false},"excerpt":{"rendered":"<p>El zacatecano recibi\u00f3 el nombramiento oficial como candidato presidencial de cara a las elecciones del pr\u00f3ximo 2 de junio En medio de una ovaci\u00f3n de parte de militantes de Movimiento Ciudadano, Jorge \u00c1lvarez M\u00e1ynez, recibi\u00f3 su nombramiento oficial como \u201cel nuevo\u201d candidato a la Presidencia del organismo pol\u00edtico. La tarde de este s\u00e1bado, la militancia [&hellip;]<\/p>\n","protected":false},"author":58,"featured_media":71356,"comment_status":"open","ping_status":"open","sticky":false,"template":"","format":"standard","meta":{"tdm_status":"","tdm_grid_status":"","footnotes":""},"categories":[39],"tags":[],"class_list":{"0":"post-71355","1":"post","2":"type-post","3":"status-publish","4":"format-standard","5":"has-post-thumbnail","7":"category-noticias-nacionales"},"yoast_head":"<!-- This site is optimized with the Yoast SEO plugin v27.5 - https:\/\/yoast.com\/product\/yoast-seo-wordpress\/ -->\n<title>Jorge \u00c1lvarez M\u00e1ynez es \u201cel nuevo\u201d candidato a la presidencia por Movimiento Ciudadano - Fuentes Fidedignas<\/title>\n<meta name=\"robots\" content=\"index, follow, max-snippet:-1, max-image-preview:large, max-video-preview:-1\" \/>\n<link rel=\"canonical\" href=\"https:\/\/fuentesfidedignas.com.mx\/index.php\/2024\/01\/20\/jorge-alvarez-maynez-es-el-nuevo-candidato-a-la-presidencia-por-movimiento-ciudadano\/\" \/>\n<meta property=\"og:locale\" content=\"es_MX\" \/>\n<meta property=\"og:type\" content=\"article\" \/>\n<meta property=\"og:title\" content=\"Jorge \u00c1lvarez M\u00e1ynez es \u201cel nuevo\u201d candidato a la presidencia por Movimiento Ciudadano - Fuentes Fidedignas\" \/>\n<meta property=\"og:description\" content=\"El zacatecano recibi\u00f3 el nombramiento oficial como candidato presidencial de cara a las elecciones del pr\u00f3ximo 2 de junio En medio de una ovaci\u00f3n de parte de militantes de Movimiento Ciudadano, Jorge \u00c1lvarez M\u00e1ynez, recibi\u00f3 su nombramiento oficial como \u201cel nuevo\u201d candidato a la Presidencia del organismo pol\u00edtico. La tarde de este s\u00e1bado, la militancia [&hellip;]\" \/>\n<meta property=\"og:url\" content=\"https:\/\/fuentesfidedignas.com.mx\/index.php\/2024\/01\/20\/jorge-alvarez-maynez-es-el-nuevo-candidato-a-la-presidencia-por-movimiento-ciudadano\/\" \/>\n<meta property=\"og:site_name\" content=\"Fuentes Fidedignas\" \/>\n<meta property=\"article:publisher\" content=\"https:\/\/www.facebook.com\/Fuentes-Fidedignas-368234489921644\" \/>\n<meta property=\"article:published_time\" content=\"2024-01-21T01:00:14+00:00\" \/>\n<meta property=\"article:modified_time\" content=\"2024-01-21T01:01:39+00:00\" \/>\n<meta property=\"og:image\" content=\"https:\/\/fuentesfidedignas.com.mx\/wp-content\/uploads\/2024\/01\/Jorge-Alvarez-Maynez-Movimiento-Ciudadano.jpg\" \/>\n\t<meta property=\"og:image:width\" content=\"1920\" \/>\n\t<meta property=\"og:image:height\" content=\"1280\" \/>\n\t<meta property=\"og:image:type\" content=\"image\/jpeg\" \/>\n<meta name=\"author\" content=\"Reporte \u00cdndigo\" \/>\n<meta name=\"twitter:card\" content=\"summary_large_image\" \/>\n<meta name=\"twitter:creator\" content=\"@fidedignas\" \/>\n<meta name=\"twitter:site\" content=\"@fidedignas\" \/>\n<meta name=\"twitter:label1\" content=\"Escrito por\" \/>\n\t<meta name=\"twitter:data1\" content=\"Reporte \u00cdndigo\" \/>\n\t<meta name=\"twitter:label2\" content=\"Tiempo de lectura\" \/>\n\t<meta name=\"twitter:data2\" content=\"3 minutos\" \/>\n<script type=\"application\/ld+json\" class=\"yoast-schema-graph\">{\"@context\":\"https:\\\/\\\/schema.org\",\"@graph\":[{\"@type\":\"Article\",\"@id\":\"https:\\\/\\\/fuentesfidedignas.com.mx\\\/index.php\\\/2024\\\/01\\\/20\\\/jorge-alvarez-maynez-es-el-nuevo-candidato-a-la-presidencia-por-movimiento-ciudadano\\\/#article\",\"isPartOf\":{\"@id\":\"https:\\\/\\\/fuentesfidedignas.com.mx\\\/index.php\\\/2024\\\/01\\\/20\\\/jorge-alvarez-maynez-es-el-nuevo-candidato-a-la-presidencia-por-movimiento-ciudadano\\\/\"},\"author\":{\"name\":\"Reporte \u00cdndigo\",\"@id\":\"https:\\\/\\\/fuentesfidedignas.com.mx\\\/#\\\/schema\\\/person\\\/e2b569f461972f4dc692e8a57def3fa1\"},\"headline\":\"Jorge \u00c1lvarez M\u00e1ynez es \u201cel nuevo\u201d candidato a la presidencia por Movimiento Ciudadano\",\"datePublished\":\"2024-01-21T01:00:14+00:00\",\"dateModified\":\"2024-01-21T01:01:39+00:00\",\"mainEntityOfPage\":{\"@id\":\"https:\\\/\\\/fuentesfidedignas.com.mx\\\/index.php\\\/2024\\\/01\\\/20\\\/jorge-alvarez-maynez-es-el-nuevo-candidato-a-la-presidencia-por-movimiento-ciudadano\\\/\"},\"wordCount\":761,\"commentCount\":0,\"publisher\":{\"@id\":\"https:\\\/\\\/fuentesfidedignas.com.mx\\\/#organization\"},\"image\":{\"@id\":\"https:\\\/\\\/fuentesfidedignas.com.mx\\\/index.php\\\/2024\\\/01\\\/20\\\/jorge-alvarez-maynez-es-el-nuevo-candidato-a-la-presidencia-por-movimiento-ciudadano\\\/#primaryimage\"},\"thumbnailUrl\":\"https:\\\/\\\/fuentesfidedignas.com.mx\\\/wp-content\\\/uploads\\\/2024\\\/01\\\/Jorge-Alvarez-Maynez-Movimiento-Ciudadano.jpg\",\"articleSection\":[\"NOTICIAS NACIONALES\"],\"inLanguage\":\"es\",\"potentialAction\":[{\"@type\":\"CommentAction\",\"name\":\"Comment\",\"target\":[\"https:\\\/\\\/fuentesfidedignas.com.mx\\\/index.php\\\/2024\\\/01\\\/20\\\/jorge-alvarez-maynez-es-el-nuevo-candidato-a-la-presidencia-por-movimiento-ciudadano\\\/#respond\"]}]},{\"@type\":\"WebPage\",\"@id\":\"https:\\\/\\\/fuentesfidedignas.com.mx\\\/index.php\\\/2024\\\/01\\\/20\\\/jorge-alvarez-maynez-es-el-nuevo-candidato-a-la-presidencia-por-movimiento-ciudadano\\\/\",\"url\":\"https:\\\/\\\/fuentesfidedignas.com.mx\\\/index.php\\\/2024\\\/01\\\/20\\\/jorge-alvarez-maynez-es-el-nuevo-candidato-a-la-presidencia-por-movimiento-ciudadano\\\/\",\"name\":\"Jorge \u00c1lvarez M\u00e1ynez es \u201cel nuevo\u201d candidato a la presidencia por Movimiento Ciudadano - Fuentes Fidedignas\",\"isPartOf\":{\"@id\":\"https:\\\/\\\/fuentesfidedignas.com.mx\\\/#website\"},\"primaryImageOfPage\":{\"@id\":\"https:\\\/\\\/fuentesfidedignas.com.mx\\\/index.php\\\/2024\\\/01\\\/20\\\/jorge-alvarez-maynez-es-el-nuevo-candidato-a-la-presidencia-por-movimiento-ciudadano\\\/#primaryimage\"},\"image\":{\"@id\":\"https:\\\/\\\/fuentesfidedignas.com.mx\\\/index.php\\\/2024\\\/01\\\/20\\\/jorge-alvarez-maynez-es-el-nuevo-candidato-a-la-presidencia-por-movimiento-ciudadano\\\/#primaryimage\"},\"thumbnailUrl\":\"https:\\\/\\\/fuentesfidedignas.com.mx\\\/wp-content\\\/uploads\\\/2024\\\/01\\\/Jorge-Alvarez-Maynez-Movimiento-Ciudadano.jpg\",\"datePublished\":\"2024-01-21T01:00:14+00:00\",\"dateModified\":\"2024-01-21T01:01:39+00:00\",\"breadcrumb\":{\"@id\":\"https:\\\/\\\/fuentesfidedignas.com.mx\\\/index.php\\\/2024\\\/01\\\/20\\\/jorge-alvarez-maynez-es-el-nuevo-candidato-a-la-presidencia-por-movimiento-ciudadano\\\/#breadcrumb\"},\"inLanguage\":\"es\",\"potentialAction\":[{\"@type\":\"ReadAction\",\"target\":[\"https:\\\/\\\/fuentesfidedignas.com.mx\\\/index.php\\\/2024\\\/01\\\/20\\\/jorge-alvarez-maynez-es-el-nuevo-candidato-a-la-presidencia-por-movimiento-ciudadano\\\/\"]}]},{\"@type\":\"ImageObject\",\"inLanguage\":\"es\",\"@id\":\"https:\\\/\\\/fuentesfidedignas.com.mx\\\/index.php\\\/2024\\\/01\\\/20\\\/jorge-alvarez-maynez-es-el-nuevo-candidato-a-la-presidencia-por-movimiento-ciudadano\\\/#primaryimage\",\"url\":\"https:\\\/\\\/fuentesfidedignas.com.mx\\\/wp-content\\\/uploads\\\/2024\\\/01\\\/Jorge-Alvarez-Maynez-Movimiento-Ciudadano.jpg\",\"contentUrl\":\"https:\\\/\\\/fuentesfidedignas.com.mx\\\/wp-content\\\/uploads\\\/2024\\\/01\\\/Jorge-Alvarez-Maynez-Movimiento-Ciudadano.jpg\",\"width\":1920,\"height\":1280},{\"@type\":\"BreadcrumbList\",\"@id\":\"https:\\\/\\\/fuentesfidedignas.com.mx\\\/index.php\\\/2024\\\/01\\\/20\\\/jorge-alvarez-maynez-es-el-nuevo-candidato-a-la-presidencia-por-movimiento-ciudadano\\\/#breadcrumb\",\"itemListElement\":[{\"@type\":\"ListItem\",\"position\":1,\"name\":\"Inicio\",\"item\":\"https:\\\/\\\/fuentesfidedignas.com.mx\\\/\"},{\"@type\":\"ListItem\",\"position\":2,\"name\":\"Jorge \u00c1lvarez M\u00e1ynez es \u201cel nuevo\u201d candidato a la presidencia por Movimiento Ciudadano\"}]},{\"@type\":\"WebSite\",\"@id\":\"https:\\\/\\\/fuentesfidedignas.com.mx\\\/#website\",\"url\":\"https:\\\/\\\/fuentesfidedignas.com.mx\\\/\",\"name\":\"Fuentes Fidedignas\",\"description\":\"Otro sitio realizado con WordPress\",\"publisher\":{\"@id\":\"https:\\\/\\\/fuentesfidedignas.com.mx\\\/#organization\"},\"potentialAction\":[{\"@type\":\"SearchAction\",\"target\":{\"@type\":\"EntryPoint\",\"urlTemplate\":\"https:\\\/\\\/fuentesfidedignas.com.mx\\\/?s={search_term_string}\"},\"query-input\":{\"@type\":\"PropertyValueSpecification\",\"valueRequired\":true,\"valueName\":\"search_term_string\"}}],\"inLanguage\":\"es\"},{\"@type\":\"Organization\",\"@id\":\"https:\\\/\\\/fuentesfidedignas.com.mx\\\/#organization\",\"name\":\"Fuentes Fidedignas\",\"url\":\"https:\\\/\\\/fuentesfidedignas.com.mx\\\/\",\"logo\":{\"@type\":\"ImageObject\",\"inLanguage\":\"es\",\"@id\":\"https:\\\/\\\/fuentesfidedignas.com.mx\\\/#\\\/schema\\\/logo\\\/image\\\/\",\"url\":\"https:\\\/\\\/fuentesfidedignas.com.mx\\\/wp-content\\\/uploads\\\/2021\\\/04\\\/logo-retina.png\",\"contentUrl\":\"https:\\\/\\\/fuentesfidedignas.com.mx\\\/wp-content\\\/uploads\\\/2021\\\/04\\\/logo-retina.png\",\"width\":280,\"height\":51,\"caption\":\"Fuentes Fidedignas\"},\"image\":{\"@id\":\"https:\\\/\\\/fuentesfidedignas.com.mx\\\/#\\\/schema\\\/logo\\\/image\\\/\"},\"sameAs\":[\"https:\\\/\\\/www.facebook.com\\\/Fuentes-Fidedignas-368234489921644\",\"https:\\\/\\\/x.com\\\/fidedignas\"]},{\"@type\":\"Person\",\"@id\":\"https:\\\/\\\/fuentesfidedignas.com.mx\\\/#\\\/schema\\\/person\\\/e2b569f461972f4dc692e8a57def3fa1\",\"name\":\"Reporte \u00cdndigo\",\"image\":{\"@type\":\"ImageObject\",\"inLanguage\":\"es\",\"@id\":\"https:\\\/\\\/secure.gravatar.com\\\/avatar\\\/d0231ec752df7587e8d58cf5337090d30f7b0e109e5ee25039125ea0fff8a941?s=96&d=mm&r=g\",\"url\":\"https:\\\/\\\/secure.gravatar.com\\\/avatar\\\/d0231ec752df7587e8d58cf5337090d30f7b0e109e5ee25039125ea0fff8a941?s=96&d=mm&r=g\",\"contentUrl\":\"https:\\\/\\\/secure.gravatar.com\\\/avatar\\\/d0231ec752df7587e8d58cf5337090d30f7b0e109e5ee25039125ea0fff8a941?s=96&d=mm&r=g\",\"caption\":\"Reporte \u00cdndigo\"},\"url\":\"https:\\\/\\\/fuentesfidedignas.com.mx\\\/index.php\\\/author\\\/reporte-indigo\\\/\"}]}<\/script>\n<!-- \/ Yoast SEO plugin. -->","yoast_head_json":{"title":"Jorge \u00c1lvarez M\u00e1ynez es \u201cel nuevo\u201d candidato a la presidencia por Movimiento Ciudadano - Fuentes Fidedignas","robots":{"index":"index","follow":"follow","max-snippet":"max-snippet:-1","max-image-preview":"max-image-preview:large","max-video-preview":"max-video-preview:-1"},"canonical":"https:\/\/fuentesfidedignas.com.mx\/index.php\/2024\/01\/20\/jorge-alvarez-maynez-es-el-nuevo-candidato-a-la-presidencia-por-movimiento-ciudadano\/","og_locale":"es_MX","og_type":"article","og_title":"Jorge \u00c1lvarez M\u00e1ynez es \u201cel nuevo\u201d candidato a la presidencia por Movimiento Ciudadano - Fuentes Fidedignas","og_description":"El zacatecano recibi\u00f3 el nombramiento oficial como candidato presidencial de cara a las elecciones del pr\u00f3ximo 2 de junio En medio de una ovaci\u00f3n de parte de militantes de Movimiento Ciudadano, Jorge \u00c1lvarez M\u00e1ynez, recibi\u00f3 su nombramiento oficial como \u201cel nuevo\u201d candidato a la Presidencia del organismo pol\u00edtico. La tarde de este s\u00e1bado, la militancia [&hellip;]","og_url":"https:\/\/fuentesfidedignas.com.mx\/index.php\/2024\/01\/20\/jorge-alvarez-maynez-es-el-nuevo-candidato-a-la-presidencia-por-movimiento-ciudadano\/","og_site_name":"Fuentes Fidedignas","article_publisher":"https:\/\/www.facebook.com\/Fuentes-Fidedignas-368234489921644","article_published_time":"2024-01-21T01:00:14+00:00","article_modified_time":"2024-01-21T01:01:39+00:00","og_image":[{"width":1920,"height":1280,"url":"https:\/\/fuentesfidedignas.com.mx\/wp-content\/uploads\/2024\/01\/Jorge-Alvarez-Maynez-Movimiento-Ciudadano.jpg","type":"image\/jpeg"}],"author":"Reporte \u00cdndigo","twitter_card":"summary_large_image","twitter_creator":"@fidedignas","twitter_site":"@fidedignas","twitter_misc":{"Escrito por":"Reporte \u00cdndigo","Tiempo de lectura":"3 minutos"},"schema":{"@context":"https:\/\/schema.org","@graph":[{"@type":"Article","@id":"https:\/\/fuentesfidedignas.com.mx\/index.php\/2024\/01\/20\/jorge-alvarez-maynez-es-el-nuevo-candidato-a-la-presidencia-por-movimiento-ciudadano\/#article","isPartOf":{"@id":"https:\/\/fuentesfidedignas.com.mx\/index.php\/2024\/01\/20\/jorge-alvarez-maynez-es-el-nuevo-candidato-a-la-presidencia-por-movimiento-ciudadano\/"},"author":{"name":"Reporte \u00cdndigo","@id":"https:\/\/fuentesfidedignas.com.mx\/#\/schema\/person\/e2b569f461972f4dc692e8a57def3fa1"},"headline":"Jorge \u00c1lvarez M\u00e1ynez es \u201cel nuevo\u201d candidato a la presidencia por Movimiento Ciudadano","datePublished":"2024-01-21T01:00:14+00:00","dateModified":"2024-01-21T01:01:39+00:00","mainEntityOfPage":{"@id":"https:\/\/fuentesfidedignas.com.mx\/index.php\/2024\/01\/20\/jorge-alvarez-maynez-es-el-nuevo-candidato-a-la-presidencia-por-movimiento-ciudadano\/"},"wordCount":761,"commentCount":0,"publisher":{"@id":"https:\/\/fuentesfidedignas.com.mx\/#organization"},"image":{"@id":"https:\/\/fuentesfidedignas.com.mx\/index.php\/2024\/01\/20\/jorge-alvarez-maynez-es-el-nuevo-candidato-a-la-presidencia-por-movimiento-ciudadano\/#primaryimage"},"thumbnailUrl":"https:\/\/fuentesfidedignas.com.mx\/wp-content\/uploads\/2024\/01\/Jorge-Alvarez-Maynez-Movimiento-Ciudadano.jpg","articleSection":["NOTICIAS NACIONALES"],"inLanguage":"es","potentialAction":[{"@type":"CommentAction","name":"Comment","target":["https:\/\/fuentesfidedignas.com.mx\/index.php\/2024\/01\/20\/jorge-alvarez-maynez-es-el-nuevo-candidato-a-la-presidencia-por-movimiento-ciudadano\/#respond"]}]},{"@type":"WebPage","@id":"https:\/\/fuentesfidedignas.com.mx\/index.php\/2024\/01\/20\/jorge-alvarez-maynez-es-el-nuevo-candidato-a-la-presidencia-por-movimiento-ciudadano\/","url":"https:\/\/fuentesfidedignas.com.mx\/index.php\/2024\/01\/20\/jorge-alvarez-maynez-es-el-nuevo-candidato-a-la-presidencia-por-movimiento-ciudadano\/","name":"Jorge \u00c1lvarez M\u00e1ynez es \u201cel nuevo\u201d candidato a la presidencia por Movimiento Ciudadano - Fuentes Fidedignas","isPartOf":{"@id":"https:\/\/fuentesfidedignas.com.mx\/#website"},"primaryImageOfPage":{"@id":"https:\/\/fuentesfidedignas.com.mx\/index.php\/2024\/01\/20\/jorge-alvarez-maynez-es-el-nuevo-candidato-a-la-presidencia-por-movimiento-ciudadano\/#primaryimage"},"image":{"@id":"https:\/\/fuentesfidedignas.com.mx\/index.php\/2024\/01\/20\/jorge-alvarez-maynez-es-el-nuevo-candidato-a-la-presidencia-por-movimiento-ciudadano\/#primaryimage"},"thumbnailUrl":"https:\/\/fuentesfidedignas.com.mx\/wp-content\/uploads\/2024\/01\/Jorge-Alvarez-Maynez-Movimiento-Ciudadano.jpg","datePublished":"2024-01-21T01:00:14+00:00","dateModified":"2024-01-21T01:01:39+00:00","breadcrumb":{"@id":"https:\/\/fuentesfidedignas.com.mx\/index.php\/2024\/01\/20\/jorge-alvarez-maynez-es-el-nuevo-candidato-a-la-presidencia-por-movimiento-ciudadano\/#breadcrumb"},"inLanguage":"es","potentialAction":[{"@type":"ReadAction","target":["https:\/\/fuentesfidedignas.com.mx\/index.php\/2024\/01\/20\/jorge-alvarez-maynez-es-el-nuevo-candidato-a-la-presidencia-por-movimiento-ciudadano\/"]}]},{"@type":"ImageObject","inLanguage":"es","@id":"https:\/\/fuentesfidedignas.com.mx\/index.php\/2024\/01\/20\/jorge-alvarez-maynez-es-el-nuevo-candidato-a-la-presidencia-por-movimiento-ciudadano\/#primaryimage","url":"https:\/\/fuentesfidedignas.com.mx\/wp-content\/uploads\/2024\/01\/Jorge-Alvarez-Maynez-Movimiento-Ciudadano.jpg","contentUrl":"https:\/\/fuentesfidedignas.com.mx\/wp-content\/uploads\/2024\/01\/Jorge-Alvarez-Maynez-Movimiento-Ciudadano.jpg","width":1920,"height":1280},{"@type":"BreadcrumbList","@id":"https:\/\/fuentesfidedignas.com.mx\/index.php\/2024\/01\/20\/jorge-alvarez-maynez-es-el-nuevo-candidato-a-la-presidencia-por-movimiento-ciudadano\/#breadcrumb","itemListElement":[{"@type":"ListItem","position":1,"name":"Inicio","item":"https:\/\/fuentesfidedignas.com.mx\/"},{"@type":"ListItem","position":2,"name":"Jorge \u00c1lvarez M\u00e1ynez es \u201cel nuevo\u201d candidato a la presidencia por Movimiento Ciudadano"}]},{"@type":"WebSite","@id":"https:\/\/fuentesfidedignas.com.mx\/#website","url":"https:\/\/fuentesfidedignas.com.mx\/","name":"Fuentes Fidedignas","description":"Otro sitio realizado con WordPress","publisher":{"@id":"https:\/\/fuentesfidedignas.com.mx\/#organization"},"potentialAction":[{"@type":"SearchAction","target":{"@type":"EntryPoint","urlTemplate":"https:\/\/fuentesfidedignas.com.mx\/?s={search_term_string}"},"query-input":{"@type":"PropertyValueSpecification","valueRequired":true,"valueName":"search_term_string"}}],"inLanguage":"es"},{"@type":"Organization","@id":"https:\/\/fuentesfidedignas.com.mx\/#organization","name":"Fuentes Fidedignas","url":"https:\/\/fuentesfidedignas.com.mx\/","logo":{"@type":"ImageObject","inLanguage":"es","@id":"https:\/\/fuentesfidedignas.com.mx\/#\/schema\/logo\/image\/","url":"https:\/\/fuentesfidedignas.com.mx\/wp-content\/uploads\/2021\/04\/logo-retina.png","contentUrl":"https:\/\/fuentesfidedignas.com.mx\/wp-content\/uploads\/2021\/04\/logo-retina.png","width":280,"height":51,"caption":"Fuentes Fidedignas"},"image":{"@id":"https:\/\/fuentesfidedignas.com.mx\/#\/schema\/logo\/image\/"},"sameAs":["https:\/\/www.facebook.com\/Fuentes-Fidedignas-368234489921644","https:\/\/x.com\/fidedignas"]},{"@type":"Person","@id":"https:\/\/fuentesfidedignas.com.mx\/#\/schema\/person\/e2b569f461972f4dc692e8a57def3fa1","name":"Reporte \u00cdndigo","image":{"@type":"ImageObject","inLanguage":"es","@id":"https:\/\/secure.gravatar.com\/avatar\/d0231ec752df7587e8d58cf5337090d30f7b0e109e5ee25039125ea0fff8a941?s=96&d=mm&r=g","url":"https:\/\/secure.gravatar.com\/avatar\/d0231ec752df7587e8d58cf5337090d30f7b0e109e5ee25039125ea0fff8a941?s=96&d=mm&r=g","contentUrl":"https:\/\/secure.gravatar.com\/avatar\/d0231ec752df7587e8d58cf5337090d30f7b0e109e5ee25039125ea0fff8a941?s=96&d=mm&r=g","caption":"Reporte \u00cdndigo"},"url":"https:\/\/fuentesfidedignas.com.mx\/index.php\/author\/reporte-indigo\/"}]}},"_links":{"self":[{"href":"https:\/\/fuentesfidedignas.com.mx\/index.php\/wp-json\/wp\/v2\/posts\/71355","targetHints":{"allow":["GET"]}}],"collection":[{"href":"https:\/\/fuentesfidedignas.com.mx\/index.php\/wp-json\/wp\/v2\/posts"}],"about":[{"href":"https:\/\/fuentesfidedignas.com.mx\/index.php\/wp-json\/wp\/v2\/types\/post"}],"author":[{"embeddable":true,"href":"https:\/\/fuentesfidedignas.com.mx\/index.php\/wp-json\/wp\/v2\/users\/58"}],"replies":[{"embeddable":true,"href":"https:\/\/fuentesfidedignas.com.mx\/index.php\/wp-json\/wp\/v2\/comments?post=71355"}],"version-history":[{"count":1,"href":"https:\/\/fuentesfidedignas.com.mx\/index.php\/wp-json\/wp\/v2\/posts\/71355\/revisions"}],"predecessor-version":[{"id":71357,"href":"https:\/\/fuentesfidedignas.com.mx\/index.php\/wp-json\/wp\/v2\/posts\/71355\/revisions\/71357"}],"wp:featuredmedia":[{"embeddable":true,"href":"https:\/\/fuentesfidedignas.com.mx\/index.php\/wp-json\/wp\/v2\/media\/71356"}],"wp:attachment":[{"href":"https:\/\/fuentesfidedignas.com.mx\/index.php\/wp-json\/wp\/v2\/media?parent=71355"}],"wp:term":[{"taxonomy":"category","embeddable":true,"href":"https:\/\/fuentesfidedignas.com.mx\/index.php\/wp-json\/wp\/v2\/categories?post=71355"},{"taxonomy":"post_tag","embeddable":true,"href":"https:\/\/fuentesfidedignas.com.mx\/index.php\/wp-json\/wp\/v2\/tags?post=71355"}],"curies":[{"name":"wp","href":"https:\/\/api.w.org\/{rel}","templated":true}]}}