{"id":71335,"date":"2024-01-20T13:39:00","date_gmt":"2024-01-20T20:39:00","guid":{"rendered":"https:\/\/fuentesfidedignas.com.mx\/?p=71335"},"modified":"2024-01-20T13:39:32","modified_gmt":"2024-01-20T20:39:32","slug":"acredita-el-iees-a-siete-personas-mas-como-aspirantes-a-candidaturas-independientes-suman-11-en-total","status":"publish","type":"post","link":"https:\/\/fuentesfidedignas.com.mx\/index.php\/2024\/01\/20\/acredita-el-iees-a-siete-personas-mas-como-aspirantes-a-candidaturas-independientes-suman-11-en-total\/","title":{"rendered":"Acredita el IEES a 7 personas m\u00e1s como aspirantes a candidaturas independientes; suman 11 en total"},"content":{"rendered":"\n<p><strong>Cabe destacar que tan pronto cumplan con los requisitos y el IEES emita las constancias de acreditaci\u00f3n respectivas<\/strong><\/p>\n\n\n\n<p>Culiac\u00e1n, Sin.- En sesi\u00f3n extraordinaria virtual, el Consejo General del Instituto Electoral del Estado de Sinaloa (IEES) acredit\u00f3 de manera condicionada a siete aspirantes m\u00e1s a candidaturas independientes, las cuales se suman a las cuatro avaladas en la sesi\u00f3n del 18 de enero, por lo que en total son 11 personas que presentaron escritos de manifestaci\u00f3n de intenci\u00f3n para participar bajo esta figura en el Proceso Electoral Local 2023-2024.<\/p>\n\n\n\n<p>Tras vencer el plazo para presentar escritos de manifestaci\u00f3n, el Consejero Electoral y Titular de la Comisi\u00f3n de Prerrogativas de Partidos Pol\u00edticos, \u00d3scar S\u00e1nchez F\u00e9lix, dio a conocer que se aprob\u00f3 de manera condicionada su calidad de candidatos independientes, toda vez que las siete personas han cumplido parcialmente con la documentaci\u00f3n requerida, y en ese sentido,&nbsp;con el fin de garantizar los derechos pol\u00edtico- electorales de los ciudadanos, este Consejo General considera pertinente otorgarles un plazo m\u00e1ximo de 10 d\u00edas para que solventen dichos requisitos.&nbsp;&nbsp;<\/p>\n\n\n\n<p>Las siete personas referidas son:&nbsp;Apolinar Garc\u00eda Carrera y Luis Antonio Medina Morales, como aspirantes a candidaturas independientes para la elecci\u00f3n de la Presidencia Municipal del Ayuntamiento de Culiac\u00e1n; y Santos Joel Ca\u00f1edo Rodr\u00edguez, para la Presidencia Municipal del Ayuntamiento de Mazatl\u00e1n.<\/p>\n\n\n\n<p>De igual forma, Enri Inocente Arredondo \u00c1lvarez, como aspirante a candidatura independiente por la Diputaci\u00f3n del Distrito 3;&nbsp;Jos\u00e9 Octavio Morales Osuna, por la Diputaci\u00f3n del Distrito 5; Rub\u00e9n Cenobio Beltr\u00e1n Monreal, por la Diputaci\u00f3n del Distrito 15; y Herman Nev\u00e1rez Retana, por la Diputaci\u00f3n del Distrito 16.<\/p>\n\n\n\n<p>En tanto, la Consejera Electoral e integrante de la Comisi\u00f3n de Prerrogativas de Partidos Pol\u00edticos, Gloria Icela Garc\u00eda Cuadras, propuso en aras de abonar a la certeza en el acuerdo, que se modifique el considerando 28, para que se precise qu\u00e9 documentos les falta aportar a los aspirantes.<\/p>\n\n\n\n<p>Cabe destacar que tan pronto cumplan con los requisitos y el IEES emita las constancias de acreditaci\u00f3n respectivas, los ciudadanos podr\u00e1n a partir de ese momento, contar los 30 d\u00edas de plazo que disponen para realizar los actos tendentes a recabar el porcentaje del apoyo ciudadano requerido por la ley, a trav\u00e9s de la herramienta inform\u00e1tica desarrollada por el Instituto Nacional Electoral (INE).<\/p>\n\n\n\n<p>Cada persona aspirante deber\u00e1 reunir, cuando menos la firma de respaldo de una cantidad de ciudadanas y ciudadanos equivalente al 2% de la lista nominal de electores correspondiente al Distrito electoral o al Municipio por el que desea postularse, con corte al 31 de agosto del a\u00f1o previo al de la elecci\u00f3n, en este caso, del a\u00f1o 2023.<\/p>\n\n\n\n<p>Asimismo, la c\u00e9dula de respaldo deber\u00e1 estar integrada por ciudadanas y ciudadanos de por lo menos la mitad de las secciones electorales, del Distrito o del Municipio correspondiente, en el caso de Diputaciones y Ayuntamientos, respectivamente, que sumen cuando menos el 1% de ciudadanas y ciudadanos que figuren en la lista nominal de electores en cada una de ellas.<\/p>\n\n\n\n<p><strong>11 PERSONAS ACREDITADAS COMO ASPIRANTES A CANDIDATURAS INDEPENDIENTES<\/strong><\/p>\n\n\n\n<figure class=\"wp-block-table\"><table><tbody><tr><td><strong>NOMBRE<\/strong><\/td><td><strong>CARGO AL QUE ASPIRA<\/strong><\/td><td><strong>ASOCIACI\u00d3N CIVIL<\/strong><\/td><\/tr><tr><td>JAIRO SAMUEL LEYVA SOTO<\/td><td>PRESIDENCIA MUNICIPAL DE EL FUERTE<\/td><td>\u201cEL FUERTE RENACE AC\u201d.<\/td><\/tr><tr><td>MART\u00cdN ARMENTA GIL<\/td><td>PRESIDENCIA MUNICIPAL DE EL FUERTE<\/td><td>\u201cDONDE CON EL ANINI A.C.\u201d.<\/td><\/tr><tr><td>VICTOR MANUEL SARMIENTO ARMENTA<\/td><td>PRESIDENCIA MUNICIPAL DE EL FUERTE<\/td><td>\u201cSIN PIES FR\u00cdOS A.C.\u201d.<\/td><\/tr><tr><td>SANTOS JOEL CA\u00d1EDO RODR\u00cdGUEZ&nbsp;<strong>(*)<\/strong><\/td><td>PRESIDENCIA MUNICIPAL DE MAZATL\u00c1N<\/td><td>&#8220;PORQUE MAZATL\u00c1N SE LO MERECE&#8221;<\/td><\/tr><tr><td>LUIS ANTONIO MEDINA MORALES&nbsp;<strong>(*)<\/strong><\/td><td>PRESIDENCIA MUNICIPAL DE CULIAC\u00c1N<\/td><td>&#8220;ALTERNATIVA DE REFUNDACI\u00d3N SOCIAL&#8221;<\/td><\/tr><tr><td>JOS\u00c9 JAIME BELTR\u00c1N ARMENTA<\/td><td>PRESIDENCIA MUNICIPAL DE AHOME<\/td><td>\u201cAMIGOS DE JAIME BELTR\u00c1N\u201d<\/td><\/tr><tr><td>ENRI INOCENTE ARREDONDO \u00c1LVAREZ&nbsp;<strong>(*)<\/strong><\/td><td>DIPUTACI\u00d3N DEL DISTRITO 3<\/td><td>&#8220;INOCENTE Y AMIGOS&#8221;<\/td><\/tr><tr><td>RUB\u00c9N CENOBIO BELTR\u00c1N MONREAL&nbsp;<strong>(*)<\/strong><\/td><td>DIPUTACI\u00d3N DEL DISTRITO 15<\/td><td>&#8220;RUCENBELMON&#8221;<\/td><\/tr><tr><td>APOLINAR GARC\u00cdA CARRERA&nbsp;<strong>(*)<\/strong><\/td><td>PRESIDENCIA MUNICIPAL DE CULIAC\u00c1N<\/td><td>&#8220;RENILOPA&#8221;<\/td><\/tr><tr><td>HERMAN NEV\u00c1REZ RETANA&nbsp;<strong>(*)<\/strong><\/td><td>DIPUTACI\u00d3N DEL DISTRITO 16<\/td><td>&#8220;VIVSER&#8221;<\/td><\/tr><tr><td>JOS\u00c9 OCTAVIO MORALES OSUNA&nbsp;<strong>(*)<\/strong><\/td><td>DIPUTACI\u00d3N DEL DISTRITO 5<\/td><td>\u201cAMIGOS DE JOS\u00c9 OCTAVIO MORALES A.C.\u201d<\/td><\/tr><\/tbody><\/table><\/figure>\n\n\n\n<p><strong><u>(*)&nbsp;<\/u><\/strong>Aspirantes con acreditaci\u00f3n condicionada por documentaci\u00f3n incompleta, con plazo de 10 d\u00edas para solventar.&nbsp;<strong><u>&nbsp;<\/u><\/strong><\/p>\n","protected":false},"excerpt":{"rendered":"<p>Cabe destacar que tan pronto cumplan con los requisitos y el IEES emita las constancias de acreditaci\u00f3n respectivas Culiac\u00e1n, Sin.- En sesi\u00f3n extraordinaria virtual, el Consejo General del Instituto Electoral del Estado de Sinaloa (IEES) acredit\u00f3 de manera condicionada a siete aspirantes m\u00e1s a candidaturas independientes, las cuales se suman a las cuatro avaladas en [&hellip;]<\/p>\n","protected":false},"author":4,"featured_media":71167,"comment_status":"open","ping_status":"open","sticky":false,"template":"","format":"standard","meta":{"tdm_status":"","tdm_grid_status":"","footnotes":""},"categories":[37],"tags":[],"class_list":{"0":"post-71335","1":"post","2":"type-post","3":"status-publish","4":"format-standard","5":"has-post-thumbnail","7":"category-nota-principal"},"yoast_head":"<!-- This site is optimized with the Yoast SEO plugin v27.5 - https:\/\/yoast.com\/product\/yoast-seo-wordpress\/ -->\n<title>Acredita el IEES a 7 personas m\u00e1s como aspirantes a candidaturas independientes; suman 11 en total - Fuentes Fidedignas<\/title>\n<meta name=\"robots\" content=\"index, follow, max-snippet:-1, max-image-preview:large, max-video-preview:-1\" \/>\n<link rel=\"canonical\" href=\"https:\/\/fuentesfidedignas.com.mx\/index.php\/2024\/01\/20\/acredita-el-iees-a-siete-personas-mas-como-aspirantes-a-candidaturas-independientes-suman-11-en-total\/\" \/>\n<meta property=\"og:locale\" content=\"es_MX\" \/>\n<meta property=\"og:type\" content=\"article\" \/>\n<meta property=\"og:title\" content=\"Acredita el IEES a 7 personas m\u00e1s como aspirantes a candidaturas independientes; suman 11 en total - Fuentes Fidedignas\" \/>\n<meta property=\"og:description\" content=\"Cabe destacar que tan pronto cumplan con los requisitos y el IEES emita las constancias de acreditaci\u00f3n respectivas Culiac\u00e1n, Sin.- En sesi\u00f3n extraordinaria virtual, el Consejo General del Instituto Electoral del Estado de Sinaloa (IEES) acredit\u00f3 de manera condicionada a siete aspirantes m\u00e1s a candidaturas independientes, las cuales se suman a las cuatro avaladas en [&hellip;]\" \/>\n<meta property=\"og:url\" content=\"https:\/\/fuentesfidedignas.com.mx\/index.php\/2024\/01\/20\/acredita-el-iees-a-siete-personas-mas-como-aspirantes-a-candidaturas-independientes-suman-11-en-total\/\" \/>\n<meta property=\"og:site_name\" content=\"Fuentes Fidedignas\" \/>\n<meta property=\"article:publisher\" content=\"https:\/\/www.facebook.com\/Fuentes-Fidedignas-368234489921644\" \/>\n<meta property=\"article:published_time\" content=\"2024-01-20T20:39:00+00:00\" \/>\n<meta property=\"article:modified_time\" content=\"2024-01-20T20:39:32+00:00\" \/>\n<meta property=\"og:image\" content=\"https:\/\/fuentesfidedignas.com.mx\/wp-content\/uploads\/2024\/01\/IEES.jpeg\" \/>\n\t<meta property=\"og:image:width\" content=\"1024\" \/>\n\t<meta property=\"og:image:height\" content=\"683\" \/>\n\t<meta property=\"og:image:type\" content=\"image\/jpeg\" \/>\n<meta name=\"author\" content=\"Redacci\u00f3n\" \/>\n<meta name=\"twitter:card\" content=\"summary_large_image\" \/>\n<meta name=\"twitter:creator\" content=\"@fidedignas\" \/>\n<meta name=\"twitter:site\" content=\"@fidedignas\" \/>\n<meta name=\"twitter:label1\" content=\"Escrito por\" \/>\n\t<meta name=\"twitter:data1\" content=\"Redacci\u00f3n\" \/>\n\t<meta name=\"twitter:label2\" content=\"Tiempo de lectura\" \/>\n\t<meta name=\"twitter:data2\" content=\"4 minutos\" \/>\n<script type=\"application\/ld+json\" class=\"yoast-schema-graph\">{\"@context\":\"https:\\\/\\\/schema.org\",\"@graph\":[{\"@type\":\"Article\",\"@id\":\"https:\\\/\\\/fuentesfidedignas.com.mx\\\/index.php\\\/2024\\\/01\\\/20\\\/acredita-el-iees-a-siete-personas-mas-como-aspirantes-a-candidaturas-independientes-suman-11-en-total\\\/#article\",\"isPartOf\":{\"@id\":\"https:\\\/\\\/fuentesfidedignas.com.mx\\\/index.php\\\/2024\\\/01\\\/20\\\/acredita-el-iees-a-siete-personas-mas-como-aspirantes-a-candidaturas-independientes-suman-11-en-total\\\/\"},\"author\":{\"name\":\"Redacci\u00f3n\",\"@id\":\"https:\\\/\\\/fuentesfidedignas.com.mx\\\/#\\\/schema\\\/person\\\/331be9283d37198e2acd5750279085b0\"},\"headline\":\"Acredita el IEES a 7 personas m\u00e1s como aspirantes a candidaturas independientes; suman 11 en total\",\"datePublished\":\"2024-01-20T20:39:00+00:00\",\"dateModified\":\"2024-01-20T20:39:32+00:00\",\"mainEntityOfPage\":{\"@id\":\"https:\\\/\\\/fuentesfidedignas.com.mx\\\/index.php\\\/2024\\\/01\\\/20\\\/acredita-el-iees-a-siete-personas-mas-como-aspirantes-a-candidaturas-independientes-suman-11-en-total\\\/\"},\"wordCount\":724,\"commentCount\":0,\"publisher\":{\"@id\":\"https:\\\/\\\/fuentesfidedignas.com.mx\\\/#organization\"},\"image\":{\"@id\":\"https:\\\/\\\/fuentesfidedignas.com.mx\\\/index.php\\\/2024\\\/01\\\/20\\\/acredita-el-iees-a-siete-personas-mas-como-aspirantes-a-candidaturas-independientes-suman-11-en-total\\\/#primaryimage\"},\"thumbnailUrl\":\"https:\\\/\\\/fuentesfidedignas.com.mx\\\/wp-content\\\/uploads\\\/2024\\\/01\\\/IEES.jpeg\",\"articleSection\":[\"NOTA PRINCIPAL\"],\"inLanguage\":\"es\",\"potentialAction\":[{\"@type\":\"CommentAction\",\"name\":\"Comment\",\"target\":[\"https:\\\/\\\/fuentesfidedignas.com.mx\\\/index.php\\\/2024\\\/01\\\/20\\\/acredita-el-iees-a-siete-personas-mas-como-aspirantes-a-candidaturas-independientes-suman-11-en-total\\\/#respond\"]}]},{\"@type\":\"WebPage\",\"@id\":\"https:\\\/\\\/fuentesfidedignas.com.mx\\\/index.php\\\/2024\\\/01\\\/20\\\/acredita-el-iees-a-siete-personas-mas-como-aspirantes-a-candidaturas-independientes-suman-11-en-total\\\/\",\"url\":\"https:\\\/\\\/fuentesfidedignas.com.mx\\\/index.php\\\/2024\\\/01\\\/20\\\/acredita-el-iees-a-siete-personas-mas-como-aspirantes-a-candidaturas-independientes-suman-11-en-total\\\/\",\"name\":\"Acredita el IEES a 7 personas m\u00e1s como aspirantes a candidaturas independientes; suman 11 en total - Fuentes Fidedignas\",\"isPartOf\":{\"@id\":\"https:\\\/\\\/fuentesfidedignas.com.mx\\\/#website\"},\"primaryImageOfPage\":{\"@id\":\"https:\\\/\\\/fuentesfidedignas.com.mx\\\/index.php\\\/2024\\\/01\\\/20\\\/acredita-el-iees-a-siete-personas-mas-como-aspirantes-a-candidaturas-independientes-suman-11-en-total\\\/#primaryimage\"},\"image\":{\"@id\":\"https:\\\/\\\/fuentesfidedignas.com.mx\\\/index.php\\\/2024\\\/01\\\/20\\\/acredita-el-iees-a-siete-personas-mas-como-aspirantes-a-candidaturas-independientes-suman-11-en-total\\\/#primaryimage\"},\"thumbnailUrl\":\"https:\\\/\\\/fuentesfidedignas.com.mx\\\/wp-content\\\/uploads\\\/2024\\\/01\\\/IEES.jpeg\",\"datePublished\":\"2024-01-20T20:39:00+00:00\",\"dateModified\":\"2024-01-20T20:39:32+00:00\",\"breadcrumb\":{\"@id\":\"https:\\\/\\\/fuentesfidedignas.com.mx\\\/index.php\\\/2024\\\/01\\\/20\\\/acredita-el-iees-a-siete-personas-mas-como-aspirantes-a-candidaturas-independientes-suman-11-en-total\\\/#breadcrumb\"},\"inLanguage\":\"es\",\"potentialAction\":[{\"@type\":\"ReadAction\",\"target\":[\"https:\\\/\\\/fuentesfidedignas.com.mx\\\/index.php\\\/2024\\\/01\\\/20\\\/acredita-el-iees-a-siete-personas-mas-como-aspirantes-a-candidaturas-independientes-suman-11-en-total\\\/\"]}]},{\"@type\":\"ImageObject\",\"inLanguage\":\"es\",\"@id\":\"https:\\\/\\\/fuentesfidedignas.com.mx\\\/index.php\\\/2024\\\/01\\\/20\\\/acredita-el-iees-a-siete-personas-mas-como-aspirantes-a-candidaturas-independientes-suman-11-en-total\\\/#primaryimage\",\"url\":\"https:\\\/\\\/fuentesfidedignas.com.mx\\\/wp-content\\\/uploads\\\/2024\\\/01\\\/IEES.jpeg\",\"contentUrl\":\"https:\\\/\\\/fuentesfidedignas.com.mx\\\/wp-content\\\/uploads\\\/2024\\\/01\\\/IEES.jpeg\",\"width\":1024,\"height\":683},{\"@type\":\"BreadcrumbList\",\"@id\":\"https:\\\/\\\/fuentesfidedignas.com.mx\\\/index.php\\\/2024\\\/01\\\/20\\\/acredita-el-iees-a-siete-personas-mas-como-aspirantes-a-candidaturas-independientes-suman-11-en-total\\\/#breadcrumb\",\"itemListElement\":[{\"@type\":\"ListItem\",\"position\":1,\"name\":\"Inicio\",\"item\":\"https:\\\/\\\/fuentesfidedignas.com.mx\\\/\"},{\"@type\":\"ListItem\",\"position\":2,\"name\":\"Acredita el IEES a 7 personas m\u00e1s como aspirantes a candidaturas independientes; suman 11 en total\"}]},{\"@type\":\"WebSite\",\"@id\":\"https:\\\/\\\/fuentesfidedignas.com.mx\\\/#website\",\"url\":\"https:\\\/\\\/fuentesfidedignas.com.mx\\\/\",\"name\":\"Fuentes Fidedignas\",\"description\":\"Otro sitio realizado con WordPress\",\"publisher\":{\"@id\":\"https:\\\/\\\/fuentesfidedignas.com.mx\\\/#organization\"},\"potentialAction\":[{\"@type\":\"SearchAction\",\"target\":{\"@type\":\"EntryPoint\",\"urlTemplate\":\"https:\\\/\\\/fuentesfidedignas.com.mx\\\/?s={search_term_string}\"},\"query-input\":{\"@type\":\"PropertyValueSpecification\",\"valueRequired\":true,\"valueName\":\"search_term_string\"}}],\"inLanguage\":\"es\"},{\"@type\":\"Organization\",\"@id\":\"https:\\\/\\\/fuentesfidedignas.com.mx\\\/#organization\",\"name\":\"Fuentes Fidedignas\",\"url\":\"https:\\\/\\\/fuentesfidedignas.com.mx\\\/\",\"logo\":{\"@type\":\"ImageObject\",\"inLanguage\":\"es\",\"@id\":\"https:\\\/\\\/fuentesfidedignas.com.mx\\\/#\\\/schema\\\/logo\\\/image\\\/\",\"url\":\"https:\\\/\\\/fuentesfidedignas.com.mx\\\/wp-content\\\/uploads\\\/2021\\\/04\\\/logo-retina.png\",\"contentUrl\":\"https:\\\/\\\/fuentesfidedignas.com.mx\\\/wp-content\\\/uploads\\\/2021\\\/04\\\/logo-retina.png\",\"width\":280,\"height\":51,\"caption\":\"Fuentes Fidedignas\"},\"image\":{\"@id\":\"https:\\\/\\\/fuentesfidedignas.com.mx\\\/#\\\/schema\\\/logo\\\/image\\\/\"},\"sameAs\":[\"https:\\\/\\\/www.facebook.com\\\/Fuentes-Fidedignas-368234489921644\",\"https:\\\/\\\/x.com\\\/fidedignas\"]},{\"@type\":\"Person\",\"@id\":\"https:\\\/\\\/fuentesfidedignas.com.mx\\\/#\\\/schema\\\/person\\\/331be9283d37198e2acd5750279085b0\",\"name\":\"Redacci\u00f3n\",\"image\":{\"@type\":\"ImageObject\",\"inLanguage\":\"es\",\"@id\":\"https:\\\/\\\/secure.gravatar.com\\\/avatar\\\/f6d8782c11d12b2d4ad3fbb6931aeab5309937a4d6cd2fc9cfaa28a6396a5aec?s=96&d=mm&r=g\",\"url\":\"https:\\\/\\\/secure.gravatar.com\\\/avatar\\\/f6d8782c11d12b2d4ad3fbb6931aeab5309937a4d6cd2fc9cfaa28a6396a5aec?s=96&d=mm&r=g\",\"contentUrl\":\"https:\\\/\\\/secure.gravatar.com\\\/avatar\\\/f6d8782c11d12b2d4ad3fbb6931aeab5309937a4d6cd2fc9cfaa28a6396a5aec?s=96&d=mm&r=g\",\"caption\":\"Redacci\u00f3n\"},\"url\":\"https:\\\/\\\/fuentesfidedignas.com.mx\\\/index.php\\\/author\\\/redaccion\\\/\"}]}<\/script>\n<!-- \/ Yoast SEO plugin. -->","yoast_head_json":{"title":"Acredita el IEES a 7 personas m\u00e1s como aspirantes a candidaturas independientes; suman 11 en total - Fuentes Fidedignas","robots":{"index":"index","follow":"follow","max-snippet":"max-snippet:-1","max-image-preview":"max-image-preview:large","max-video-preview":"max-video-preview:-1"},"canonical":"https:\/\/fuentesfidedignas.com.mx\/index.php\/2024\/01\/20\/acredita-el-iees-a-siete-personas-mas-como-aspirantes-a-candidaturas-independientes-suman-11-en-total\/","og_locale":"es_MX","og_type":"article","og_title":"Acredita el IEES a 7 personas m\u00e1s como aspirantes a candidaturas independientes; suman 11 en total - Fuentes Fidedignas","og_description":"Cabe destacar que tan pronto cumplan con los requisitos y el IEES emita las constancias de acreditaci\u00f3n respectivas Culiac\u00e1n, Sin.- En sesi\u00f3n extraordinaria virtual, el Consejo General del Instituto Electoral del Estado de Sinaloa (IEES) acredit\u00f3 de manera condicionada a siete aspirantes m\u00e1s a candidaturas independientes, las cuales se suman a las cuatro avaladas en [&hellip;]","og_url":"https:\/\/fuentesfidedignas.com.mx\/index.php\/2024\/01\/20\/acredita-el-iees-a-siete-personas-mas-como-aspirantes-a-candidaturas-independientes-suman-11-en-total\/","og_site_name":"Fuentes Fidedignas","article_publisher":"https:\/\/www.facebook.com\/Fuentes-Fidedignas-368234489921644","article_published_time":"2024-01-20T20:39:00+00:00","article_modified_time":"2024-01-20T20:39:32+00:00","og_image":[{"width":1024,"height":683,"url":"https:\/\/fuentesfidedignas.com.mx\/wp-content\/uploads\/2024\/01\/IEES.jpeg","type":"image\/jpeg"}],"author":"Redacci\u00f3n","twitter_card":"summary_large_image","twitter_creator":"@fidedignas","twitter_site":"@fidedignas","twitter_misc":{"Escrito por":"Redacci\u00f3n","Tiempo de lectura":"4 minutos"},"schema":{"@context":"https:\/\/schema.org","@graph":[{"@type":"Article","@id":"https:\/\/fuentesfidedignas.com.mx\/index.php\/2024\/01\/20\/acredita-el-iees-a-siete-personas-mas-como-aspirantes-a-candidaturas-independientes-suman-11-en-total\/#article","isPartOf":{"@id":"https:\/\/fuentesfidedignas.com.mx\/index.php\/2024\/01\/20\/acredita-el-iees-a-siete-personas-mas-como-aspirantes-a-candidaturas-independientes-suman-11-en-total\/"},"author":{"name":"Redacci\u00f3n","@id":"https:\/\/fuentesfidedignas.com.mx\/#\/schema\/person\/331be9283d37198e2acd5750279085b0"},"headline":"Acredita el IEES a 7 personas m\u00e1s como aspirantes a candidaturas independientes; suman 11 en total","datePublished":"2024-01-20T20:39:00+00:00","dateModified":"2024-01-20T20:39:32+00:00","mainEntityOfPage":{"@id":"https:\/\/fuentesfidedignas.com.mx\/index.php\/2024\/01\/20\/acredita-el-iees-a-siete-personas-mas-como-aspirantes-a-candidaturas-independientes-suman-11-en-total\/"},"wordCount":724,"commentCount":0,"publisher":{"@id":"https:\/\/fuentesfidedignas.com.mx\/#organization"},"image":{"@id":"https:\/\/fuentesfidedignas.com.mx\/index.php\/2024\/01\/20\/acredita-el-iees-a-siete-personas-mas-como-aspirantes-a-candidaturas-independientes-suman-11-en-total\/#primaryimage"},"thumbnailUrl":"https:\/\/fuentesfidedignas.com.mx\/wp-content\/uploads\/2024\/01\/IEES.jpeg","articleSection":["NOTA PRINCIPAL"],"inLanguage":"es","potentialAction":[{"@type":"CommentAction","name":"Comment","target":["https:\/\/fuentesfidedignas.com.mx\/index.php\/2024\/01\/20\/acredita-el-iees-a-siete-personas-mas-como-aspirantes-a-candidaturas-independientes-suman-11-en-total\/#respond"]}]},{"@type":"WebPage","@id":"https:\/\/fuentesfidedignas.com.mx\/index.php\/2024\/01\/20\/acredita-el-iees-a-siete-personas-mas-como-aspirantes-a-candidaturas-independientes-suman-11-en-total\/","url":"https:\/\/fuentesfidedignas.com.mx\/index.php\/2024\/01\/20\/acredita-el-iees-a-siete-personas-mas-como-aspirantes-a-candidaturas-independientes-suman-11-en-total\/","name":"Acredita el IEES a 7 personas m\u00e1s como aspirantes a candidaturas independientes; suman 11 en total - Fuentes Fidedignas","isPartOf":{"@id":"https:\/\/fuentesfidedignas.com.mx\/#website"},"primaryImageOfPage":{"@id":"https:\/\/fuentesfidedignas.com.mx\/index.php\/2024\/01\/20\/acredita-el-iees-a-siete-personas-mas-como-aspirantes-a-candidaturas-independientes-suman-11-en-total\/#primaryimage"},"image":{"@id":"https:\/\/fuentesfidedignas.com.mx\/index.php\/2024\/01\/20\/acredita-el-iees-a-siete-personas-mas-como-aspirantes-a-candidaturas-independientes-suman-11-en-total\/#primaryimage"},"thumbnailUrl":"https:\/\/fuentesfidedignas.com.mx\/wp-content\/uploads\/2024\/01\/IEES.jpeg","datePublished":"2024-01-20T20:39:00+00:00","dateModified":"2024-01-20T20:39:32+00:00","breadcrumb":{"@id":"https:\/\/fuentesfidedignas.com.mx\/index.php\/2024\/01\/20\/acredita-el-iees-a-siete-personas-mas-como-aspirantes-a-candidaturas-independientes-suman-11-en-total\/#breadcrumb"},"inLanguage":"es","potentialAction":[{"@type":"ReadAction","target":["https:\/\/fuentesfidedignas.com.mx\/index.php\/2024\/01\/20\/acredita-el-iees-a-siete-personas-mas-como-aspirantes-a-candidaturas-independientes-suman-11-en-total\/"]}]},{"@type":"ImageObject","inLanguage":"es","@id":"https:\/\/fuentesfidedignas.com.mx\/index.php\/2024\/01\/20\/acredita-el-iees-a-siete-personas-mas-como-aspirantes-a-candidaturas-independientes-suman-11-en-total\/#primaryimage","url":"https:\/\/fuentesfidedignas.com.mx\/wp-content\/uploads\/2024\/01\/IEES.jpeg","contentUrl":"https:\/\/fuentesfidedignas.com.mx\/wp-content\/uploads\/2024\/01\/IEES.jpeg","width":1024,"height":683},{"@type":"BreadcrumbList","@id":"https:\/\/fuentesfidedignas.com.mx\/index.php\/2024\/01\/20\/acredita-el-iees-a-siete-personas-mas-como-aspirantes-a-candidaturas-independientes-suman-11-en-total\/#breadcrumb","itemListElement":[{"@type":"ListItem","position":1,"name":"Inicio","item":"https:\/\/fuentesfidedignas.com.mx\/"},{"@type":"ListItem","position":2,"name":"Acredita el IEES a 7 personas m\u00e1s como aspirantes a candidaturas independientes; suman 11 en total"}]},{"@type":"WebSite","@id":"https:\/\/fuentesfidedignas.com.mx\/#website","url":"https:\/\/fuentesfidedignas.com.mx\/","name":"Fuentes Fidedignas","description":"Otro sitio realizado con WordPress","publisher":{"@id":"https:\/\/fuentesfidedignas.com.mx\/#organization"},"potentialAction":[{"@type":"SearchAction","target":{"@type":"EntryPoint","urlTemplate":"https:\/\/fuentesfidedignas.com.mx\/?s={search_term_string}"},"query-input":{"@type":"PropertyValueSpecification","valueRequired":true,"valueName":"search_term_string"}}],"inLanguage":"es"},{"@type":"Organization","@id":"https:\/\/fuentesfidedignas.com.mx\/#organization","name":"Fuentes Fidedignas","url":"https:\/\/fuentesfidedignas.com.mx\/","logo":{"@type":"ImageObject","inLanguage":"es","@id":"https:\/\/fuentesfidedignas.com.mx\/#\/schema\/logo\/image\/","url":"https:\/\/fuentesfidedignas.com.mx\/wp-content\/uploads\/2021\/04\/logo-retina.png","contentUrl":"https:\/\/fuentesfidedignas.com.mx\/wp-content\/uploads\/2021\/04\/logo-retina.png","width":280,"height":51,"caption":"Fuentes Fidedignas"},"image":{"@id":"https:\/\/fuentesfidedignas.com.mx\/#\/schema\/logo\/image\/"},"sameAs":["https:\/\/www.facebook.com\/Fuentes-Fidedignas-368234489921644","https:\/\/x.com\/fidedignas"]},{"@type":"Person","@id":"https:\/\/fuentesfidedignas.com.mx\/#\/schema\/person\/331be9283d37198e2acd5750279085b0","name":"Redacci\u00f3n","image":{"@type":"ImageObject","inLanguage":"es","@id":"https:\/\/secure.gravatar.com\/avatar\/f6d8782c11d12b2d4ad3fbb6931aeab5309937a4d6cd2fc9cfaa28a6396a5aec?s=96&d=mm&r=g","url":"https:\/\/secure.gravatar.com\/avatar\/f6d8782c11d12b2d4ad3fbb6931aeab5309937a4d6cd2fc9cfaa28a6396a5aec?s=96&d=mm&r=g","contentUrl":"https:\/\/secure.gravatar.com\/avatar\/f6d8782c11d12b2d4ad3fbb6931aeab5309937a4d6cd2fc9cfaa28a6396a5aec?s=96&d=mm&r=g","caption":"Redacci\u00f3n"},"url":"https:\/\/fuentesfidedignas.com.mx\/index.php\/author\/redaccion\/"}]}},"_links":{"self":[{"href":"https:\/\/fuentesfidedignas.com.mx\/index.php\/wp-json\/wp\/v2\/posts\/71335","targetHints":{"allow":["GET"]}}],"collection":[{"href":"https:\/\/fuentesfidedignas.com.mx\/index.php\/wp-json\/wp\/v2\/posts"}],"about":[{"href":"https:\/\/fuentesfidedignas.com.mx\/index.php\/wp-json\/wp\/v2\/types\/post"}],"author":[{"embeddable":true,"href":"https:\/\/fuentesfidedignas.com.mx\/index.php\/wp-json\/wp\/v2\/users\/4"}],"replies":[{"embeddable":true,"href":"https:\/\/fuentesfidedignas.com.mx\/index.php\/wp-json\/wp\/v2\/comments?post=71335"}],"version-history":[{"count":2,"href":"https:\/\/fuentesfidedignas.com.mx\/index.php\/wp-json\/wp\/v2\/posts\/71335\/revisions"}],"predecessor-version":[{"id":71337,"href":"https:\/\/fuentesfidedignas.com.mx\/index.php\/wp-json\/wp\/v2\/posts\/71335\/revisions\/71337"}],"wp:featuredmedia":[{"embeddable":true,"href":"https:\/\/fuentesfidedignas.com.mx\/index.php\/wp-json\/wp\/v2\/media\/71167"}],"wp:attachment":[{"href":"https:\/\/fuentesfidedignas.com.mx\/index.php\/wp-json\/wp\/v2\/media?parent=71335"}],"wp:term":[{"taxonomy":"category","embeddable":true,"href":"https:\/\/fuentesfidedignas.com.mx\/index.php\/wp-json\/wp\/v2\/categories?post=71335"},{"taxonomy":"post_tag","embeddable":true,"href":"https:\/\/fuentesfidedignas.com.mx\/index.php\/wp-json\/wp\/v2\/tags?post=71335"}],"curies":[{"name":"wp","href":"https:\/\/api.w.org\/{rel}","templated":true}]}}