{"id":71073,"date":"2024-01-18T13:16:35","date_gmt":"2024-01-18T20:16:35","guid":{"rendered":"https:\/\/fuentesfidedignas.com.mx\/?p=71073"},"modified":"2024-01-18T13:16:37","modified_gmt":"2024-01-18T20:16:37","slug":"pato-zambrano-se-sube-a-la-contienda-por-monterrey-sera-el-rival-de-mariana-rodriguez","status":"publish","type":"post","link":"https:\/\/fuentesfidedignas.com.mx\/index.php\/2024\/01\/18\/pato-zambrano-se-sube-a-la-contienda-por-monterrey-sera-el-rival-de-mariana-rodriguez\/","title":{"rendered":"\u2018Pato\u2019 Zambrano se sube a la contienda por Monterrey, ser\u00e1 el rival de Mariana Rodr\u00edguez"},"content":{"rendered":"\n<p><strong><em>El exconcursante de Big Brother rompi\u00f3 con el PVEM y ahora ir\u00e1 de la mano del partido VIDA<\/em><\/strong><\/p>\n\n\n\n<p>Nuevo Le\u00f3n.- <strong>Patricio \u2018Pato\u2019 Zambrano,<\/strong>\u00a0quien desde hace unos a\u00f1os salt\u00f3 de la far\u00e1ndula a la pol\u00edtica, oficialmente ser\u00e1 el contrincante de la influencer y empresaria Mariana Rodr\u00edguez para buscar la presidencia municipal de\u00a0<strong>Monterrey\u00a0<\/strong>en las elecciones del pr\u00f3ximo 2 de junio.<\/p>\n\n\n\n<p>Esta ser\u00e1 la tercera vez que Pato Zambrano compita por un cargo p\u00fablico en una elecci\u00f3n, pues en las&nbsp;<strong>elecciones de 2018&nbsp;<\/strong>compiti\u00f3 contra Adri\u00e1n de la Garza por la capital neoleonesa, y tambi\u00e9n busc\u00f3 ocupar un esca\u00f1o en el<strong>&nbsp;Congreso de Nuevo Le\u00f3n.<\/strong><\/p>\n\n\n\n<p>Actualmente, se ha dedicado a denunciar irregularidades en la administraci\u00f3n del actual alcalde de la zona regiomontana,&nbsp;<strong>Luis Donaldo Colosio Riojas<\/strong>, as\u00ed como a varios de sus funcionarios, principalmente por el tema de la calidad del aire a la que se enfrenta la metr\u00f3poli.<\/p>\n\n\n\n<h2 class=\"wp-block-heading\">Va con VIDA<\/h2>\n\n\n\n<p><img decoding=\"async\" alt=\"Es la segunda vez que buscar\u00e1 ser alcalde de Monterrey. (IG\/@patoezambrano)\" height=\"593\" width=\"887\" src=\"https:\/\/www.infobae.com\/new-resizer\/svRHVZtp14BV1N269GnqRrkLsmA=\/420x280\/filters:format(webp):quality(85)\/cloudfront-us-east-1.images.arcpublishing.com\/infobae\/7VQWIMJOHFD7LCEQJA67OJ5QWQ.png%20420w\" srcset=\"https:\/\/www.infobae.com\/new-resizer\/svRHVZtp14BV1N269GnqRrkLsmA=\/420x280\/filters:format(webp):quality(85)\/cloudfront-us-east-1.images.arcpublishing.com\/infobae\/7VQWIMJOHFD7LCEQJA67OJ5QWQ.png 420w,https:\/\/www.infobae.com\/new-resizer\/cBZStLTt6RRnGBkWSv6bsC-K2ZY=\/768x512\/filters:format(webp):quality(85)\/cloudfront-us-east-1.images.arcpublishing.com\/infobae\/7VQWIMJOHFD7LCEQJA67OJ5QWQ.png 768w,https:\/\/www.infobae.com\/new-resizer\/OjiqATqm301uFHnpQ8Hxosrwmi0=\/992x661\/filters:format(webp):quality(85)\/cloudfront-us-east-1.images.arcpublishing.com\/infobae\/7VQWIMJOHFD7LCEQJA67OJ5QWQ.png 992w,https:\/\/www.infobae.com\/new-resizer\/0nPuQlNN-fSdTmxTwY6LvufU6pc=\/1200x800\/filters:format(webp):quality(85)\/cloudfront-us-east-1.images.arcpublishing.com\/infobae\/7VQWIMJOHFD7LCEQJA67OJ5QWQ.png 1200w,https:\/\/www.infobae.com\/new-resizer\/kIOBlPBxvZEd-FVTWnH5v4b64lY=\/1440x960\/filters:format(webp):quality(85)\/cloudfront-us-east-1.images.arcpublishing.com\/infobae\/7VQWIMJOHFD7LCEQJA67OJ5QWQ.png 1440w\">Es la segunda vez que buscar\u00e1 ser alcalde de Monterrey. (IG\/@patoezambrano)<\/p>\n\n\n\n<p>Emanado hace un par de d\u00e9cadas del famoso\u00a0<em>reality\u00a0<\/em>show Big Brother, Patricio Zambrano anunci\u00f3 este mi\u00e9rcoles que no ir\u00e1 como candidato independiente ni por el Partido Verde Ecologista de M\u00e9xico (PVEM) \u2015como se especul\u00f3 en un inicio\u2015 sino que ser\u00e1 de la mano del partido de reciente creaci\u00f3n:\u00a0<strong>VIDA Nuevo Le\u00f3n.<\/strong><\/p>\n\n\n\n<p>\u201cY me presento ante ustedes libre de ataduras, sin partidos sat\u00e9lite, sin grupos pol\u00edticos nuevos o viejos atr\u00e1s de este proyecto 100 por ciento ciudadano e independiente\u201d, se\u00f1al\u00f3 frente a cientos de personas que le mostraron su apoyo.<\/p>\n\n\n\n<p>Esperando al anuncio oficial, seg\u00fan los tiempos del Instituto Nacional Electoral (INE) lo indican, el \u2018Pato\u2019 se ver\u00eda las caras con la tambi\u00e9n esposa del gobernador de Nuevo Le\u00f3n,<strong>&nbsp;Mariana Rodr\u00edguez Cant\u00fa, de la mano de Movimiento Ciudadano (MC)<\/strong>&nbsp;y tambi\u00e9n con el \u201cfantasma\u201d de su pasado,<strong>&nbsp;Adri\u00e1n de la Garza,<\/strong>&nbsp;quien se prev\u00e9 compita nuevamente por parte del Partido Revolucionario Institucional (<strong>PRI<\/strong>).<\/p>\n\n\n\n<p>El partido Vida Democr\u00e1tica Activa en Nuevo Le\u00f3n (VIDA) naci\u00f3 en el a\u00f1o 2020 como un movimiento local. Seg\u00fan sus l\u00edderes, se enfoca en atender y promover iniciativas que correspondan a los intereses y necesidades de la ciudadan\u00eda neoleonesa.<\/p>\n\n\n\n<p>El ex de Irma Serrano, \u201cLa Tigresa\u201d, aprovech\u00f3 los micr\u00f3fonos para pedir a los ciudadanos que no lo insulten por su decisi\u00f3n de competir en las elecciones y que, en su lugar, sino est\u00e1n conformes entonces lo castiguen en las urnas.<\/p>\n\n\n\n<p>\u201cVeo a mis adversarios muy fuertes, muy preparados, con muchas ganas y aprovecho para hacer un llamado, si a alguien no le parece que \u2018Pato\u2019 Zambrano y su propuesta, vayan, cast\u00edguenme en la urnas, no me insulten\u201d, a\u00f1adi\u00f3.<\/p>\n\n\n\n<p><img decoding=\"async\" alt=\"Se pensaba que ir\u00eda de la mano del PVEM. (IG\/@patoezambrano)\" height=\"532\" width=\"768\" src=\"https:\/\/www.infobae.com\/new-resizer\/2vW2Y7QhRJB5AiAlwUPp0qOyegI=\/420x280\/filters:format(webp):quality(85)\/cloudfront-us-east-1.images.arcpublishing.com\/infobae\/V3KJABB5NJB77FYZM7KJASQEXA.png%20420w\" srcset=\"https:\/\/www.infobae.com\/new-resizer\/2vW2Y7QhRJB5AiAlwUPp0qOyegI=\/420x280\/filters:format(webp):quality(85)\/cloudfront-us-east-1.images.arcpublishing.com\/infobae\/V3KJABB5NJB77FYZM7KJASQEXA.png 420w,https:\/\/www.infobae.com\/new-resizer\/4EfFTEPhS8kv1iVQyVnI6froJRY=\/768x512\/filters:format(webp):quality(85)\/cloudfront-us-east-1.images.arcpublishing.com\/infobae\/V3KJABB5NJB77FYZM7KJASQEXA.png 768w,https:\/\/www.infobae.com\/new-resizer\/txyB7Mv1ivb5ReP2aJ9QPGlXMjo=\/992x661\/filters:format(webp):quality(85)\/cloudfront-us-east-1.images.arcpublishing.com\/infobae\/V3KJABB5NJB77FYZM7KJASQEXA.png 992w,https:\/\/www.infobae.com\/new-resizer\/g0nUxAFun2P-vnqhRseAN2mpqHA=\/1200x800\/filters:format(webp):quality(85)\/cloudfront-us-east-1.images.arcpublishing.com\/infobae\/V3KJABB5NJB77FYZM7KJASQEXA.png 1200w,https:\/\/www.infobae.com\/new-resizer\/VG6IiemCpAKjuWjgyB8iwG5ZSAg=\/1440x960\/filters:format(webp):quality(85)\/cloudfront-us-east-1.images.arcpublishing.com\/infobae\/V3KJABB5NJB77FYZM7KJASQEXA.png 1440w\">Se pensaba que ir\u00eda de la mano del PVEM. (IG\/@patoezambrano)<\/p>\n\n\n\n<p>Precis\u00f3 que \u00e9l no tiene pleito con ninguno de los candidatos, especialmente con Mariana Rodr\u00edguez, cuyo esposo es su amigo. Advirti\u00f3 que si la emecista gana entonces mantendr\u00e1 una \u201cextraordinaria\u201d relaci\u00f3n con ella.<\/p>\n\n\n\n<p>Por su parte, el presidente de VIDA en Nuevo Le\u00f3n, Jaime Ochoa, dio la bienvenida al partido al influencer y reiter\u00f3 que su partido no es uno \u201cchico\u201d como muchos consideran.<\/p>\n\n\n\n<p>\u201cTe quiero decir que no llegaste a un&nbsp;<strong>partido chico,<\/strong>&nbsp;s\u00e9 que la decisi\u00f3n que tomaste ha sido dif\u00edcil porque el com\u00fan de la gente considera que somos un partido chico pero estamos en 24 estados de la Rep\u00fablica y somos una agrupaci\u00f3n pol\u00edtica nacional\u201d, indic\u00f3.<\/p>\n\n\n\n<p>Cabe apuntar que desde hace semanas Patricio Zambrano ya hab\u00eda externado sus deseos de competir en la elecci\u00f3n y ha estado compartiendo videos en redes sociales en donde se le ve recorriendo calles y puntos emblem\u00e1ticos de la entidad; hablando con pobladores y haciendo visibles las \u00e1reas de oportunidad en la demarcaci\u00f3n.<\/p>\n","protected":false},"excerpt":{"rendered":"<p>El exconcursante de Big Brother rompi\u00f3 con el PVEM y ahora ir\u00e1 de la mano del partido VIDA Nuevo Le\u00f3n.- Patricio \u2018Pato\u2019 Zambrano,\u00a0quien desde hace unos a\u00f1os salt\u00f3 de la far\u00e1ndula a la pol\u00edtica, oficialmente ser\u00e1 el contrincante de la influencer y empresaria Mariana Rodr\u00edguez para buscar la presidencia municipal de\u00a0Monterrey\u00a0en las elecciones del pr\u00f3ximo [&hellip;]<\/p>\n","protected":false},"author":41,"featured_media":71074,"comment_status":"open","ping_status":"open","sticky":false,"template":"","format":"standard","meta":{"tdm_status":"","tdm_grid_status":"","footnotes":""},"categories":[39],"tags":[],"class_list":{"0":"post-71073","1":"post","2":"type-post","3":"status-publish","4":"format-standard","5":"has-post-thumbnail","7":"category-noticias-nacionales"},"yoast_head":"<!-- This site is optimized with the Yoast SEO plugin v27.4 - https:\/\/yoast.com\/product\/yoast-seo-wordpress\/ -->\n<title>\u2018Pato\u2019 Zambrano se sube a la contienda por Monterrey, ser\u00e1 el rival de Mariana Rodr\u00edguez - Fuentes Fidedignas<\/title>\n<meta name=\"robots\" content=\"index, follow, max-snippet:-1, max-image-preview:large, max-video-preview:-1\" \/>\n<link rel=\"canonical\" href=\"https:\/\/fuentesfidedignas.com.mx\/index.php\/2024\/01\/18\/pato-zambrano-se-sube-a-la-contienda-por-monterrey-sera-el-rival-de-mariana-rodriguez\/\" \/>\n<meta property=\"og:locale\" content=\"es_MX\" \/>\n<meta property=\"og:type\" content=\"article\" \/>\n<meta property=\"og:title\" content=\"\u2018Pato\u2019 Zambrano se sube a la contienda por Monterrey, ser\u00e1 el rival de Mariana Rodr\u00edguez - Fuentes Fidedignas\" \/>\n<meta property=\"og:description\" content=\"El exconcursante de Big Brother rompi\u00f3 con el PVEM y ahora ir\u00e1 de la mano del partido VIDA Nuevo Le\u00f3n.- Patricio \u2018Pato\u2019 Zambrano,\u00a0quien desde hace unos a\u00f1os salt\u00f3 de la far\u00e1ndula a la pol\u00edtica, oficialmente ser\u00e1 el contrincante de la influencer y empresaria Mariana Rodr\u00edguez para buscar la presidencia municipal de\u00a0Monterrey\u00a0en las elecciones del pr\u00f3ximo [&hellip;]\" \/>\n<meta property=\"og:url\" content=\"https:\/\/fuentesfidedignas.com.mx\/index.php\/2024\/01\/18\/pato-zambrano-se-sube-a-la-contienda-por-monterrey-sera-el-rival-de-mariana-rodriguez\/\" \/>\n<meta property=\"og:site_name\" content=\"Fuentes Fidedignas\" \/>\n<meta property=\"article:publisher\" content=\"https:\/\/www.facebook.com\/Fuentes-Fidedignas-368234489921644\" \/>\n<meta property=\"article:published_time\" content=\"2024-01-18T20:16:35+00:00\" \/>\n<meta property=\"article:modified_time\" content=\"2024-01-18T20:16:37+00:00\" \/>\n<meta property=\"og:image\" content=\"https:\/\/fuentesfidedignas.com.mx\/wp-content\/uploads\/2024\/01\/pato.jpg\" \/>\n\t<meta property=\"og:image:width\" content=\"725\" \/>\n\t<meta property=\"og:image:height\" content=\"405\" \/>\n\t<meta property=\"og:image:type\" content=\"image\/jpeg\" \/>\n<meta name=\"author\" content=\"Infobae\" \/>\n<meta name=\"twitter:card\" content=\"summary_large_image\" \/>\n<meta name=\"twitter:creator\" content=\"@fidedignas\" \/>\n<meta name=\"twitter:site\" content=\"@fidedignas\" \/>\n<meta name=\"twitter:label1\" content=\"Escrito por\" \/>\n\t<meta name=\"twitter:data1\" content=\"Infobae\" \/>\n\t<meta name=\"twitter:label2\" content=\"Tiempo de lectura\" \/>\n\t<meta name=\"twitter:data2\" content=\"4 minutos\" \/>\n<script type=\"application\/ld+json\" class=\"yoast-schema-graph\">{\"@context\":\"https:\\\/\\\/schema.org\",\"@graph\":[{\"@type\":\"Article\",\"@id\":\"https:\\\/\\\/fuentesfidedignas.com.mx\\\/index.php\\\/2024\\\/01\\\/18\\\/pato-zambrano-se-sube-a-la-contienda-por-monterrey-sera-el-rival-de-mariana-rodriguez\\\/#article\",\"isPartOf\":{\"@id\":\"https:\\\/\\\/fuentesfidedignas.com.mx\\\/index.php\\\/2024\\\/01\\\/18\\\/pato-zambrano-se-sube-a-la-contienda-por-monterrey-sera-el-rival-de-mariana-rodriguez\\\/\"},\"author\":{\"name\":\"Infobae\",\"@id\":\"https:\\\/\\\/fuentesfidedignas.com.mx\\\/#\\\/schema\\\/person\\\/8575896a7c1067d352f6c1cd6582c389\"},\"headline\":\"\u2018Pato\u2019 Zambrano se sube a la contienda por Monterrey, ser\u00e1 el rival de Mariana Rodr\u00edguez\",\"datePublished\":\"2024-01-18T20:16:35+00:00\",\"dateModified\":\"2024-01-18T20:16:37+00:00\",\"mainEntityOfPage\":{\"@id\":\"https:\\\/\\\/fuentesfidedignas.com.mx\\\/index.php\\\/2024\\\/01\\\/18\\\/pato-zambrano-se-sube-a-la-contienda-por-monterrey-sera-el-rival-de-mariana-rodriguez\\\/\"},\"wordCount\":685,\"commentCount\":0,\"publisher\":{\"@id\":\"https:\\\/\\\/fuentesfidedignas.com.mx\\\/#organization\"},\"image\":{\"@id\":\"https:\\\/\\\/fuentesfidedignas.com.mx\\\/index.php\\\/2024\\\/01\\\/18\\\/pato-zambrano-se-sube-a-la-contienda-por-monterrey-sera-el-rival-de-mariana-rodriguez\\\/#primaryimage\"},\"thumbnailUrl\":\"https:\\\/\\\/fuentesfidedignas.com.mx\\\/wp-content\\\/uploads\\\/2024\\\/01\\\/pato.jpg\",\"articleSection\":[\"NOTICIAS NACIONALES\"],\"inLanguage\":\"es\",\"potentialAction\":[{\"@type\":\"CommentAction\",\"name\":\"Comment\",\"target\":[\"https:\\\/\\\/fuentesfidedignas.com.mx\\\/index.php\\\/2024\\\/01\\\/18\\\/pato-zambrano-se-sube-a-la-contienda-por-monterrey-sera-el-rival-de-mariana-rodriguez\\\/#respond\"]}]},{\"@type\":\"WebPage\",\"@id\":\"https:\\\/\\\/fuentesfidedignas.com.mx\\\/index.php\\\/2024\\\/01\\\/18\\\/pato-zambrano-se-sube-a-la-contienda-por-monterrey-sera-el-rival-de-mariana-rodriguez\\\/\",\"url\":\"https:\\\/\\\/fuentesfidedignas.com.mx\\\/index.php\\\/2024\\\/01\\\/18\\\/pato-zambrano-se-sube-a-la-contienda-por-monterrey-sera-el-rival-de-mariana-rodriguez\\\/\",\"name\":\"\u2018Pato\u2019 Zambrano se sube a la contienda por Monterrey, ser\u00e1 el rival de Mariana Rodr\u00edguez - Fuentes Fidedignas\",\"isPartOf\":{\"@id\":\"https:\\\/\\\/fuentesfidedignas.com.mx\\\/#website\"},\"primaryImageOfPage\":{\"@id\":\"https:\\\/\\\/fuentesfidedignas.com.mx\\\/index.php\\\/2024\\\/01\\\/18\\\/pato-zambrano-se-sube-a-la-contienda-por-monterrey-sera-el-rival-de-mariana-rodriguez\\\/#primaryimage\"},\"image\":{\"@id\":\"https:\\\/\\\/fuentesfidedignas.com.mx\\\/index.php\\\/2024\\\/01\\\/18\\\/pato-zambrano-se-sube-a-la-contienda-por-monterrey-sera-el-rival-de-mariana-rodriguez\\\/#primaryimage\"},\"thumbnailUrl\":\"https:\\\/\\\/fuentesfidedignas.com.mx\\\/wp-content\\\/uploads\\\/2024\\\/01\\\/pato.jpg\",\"datePublished\":\"2024-01-18T20:16:35+00:00\",\"dateModified\":\"2024-01-18T20:16:37+00:00\",\"breadcrumb\":{\"@id\":\"https:\\\/\\\/fuentesfidedignas.com.mx\\\/index.php\\\/2024\\\/01\\\/18\\\/pato-zambrano-se-sube-a-la-contienda-por-monterrey-sera-el-rival-de-mariana-rodriguez\\\/#breadcrumb\"},\"inLanguage\":\"es\",\"potentialAction\":[{\"@type\":\"ReadAction\",\"target\":[\"https:\\\/\\\/fuentesfidedignas.com.mx\\\/index.php\\\/2024\\\/01\\\/18\\\/pato-zambrano-se-sube-a-la-contienda-por-monterrey-sera-el-rival-de-mariana-rodriguez\\\/\"]}]},{\"@type\":\"ImageObject\",\"inLanguage\":\"es\",\"@id\":\"https:\\\/\\\/fuentesfidedignas.com.mx\\\/index.php\\\/2024\\\/01\\\/18\\\/pato-zambrano-se-sube-a-la-contienda-por-monterrey-sera-el-rival-de-mariana-rodriguez\\\/#primaryimage\",\"url\":\"https:\\\/\\\/fuentesfidedignas.com.mx\\\/wp-content\\\/uploads\\\/2024\\\/01\\\/pato.jpg\",\"contentUrl\":\"https:\\\/\\\/fuentesfidedignas.com.mx\\\/wp-content\\\/uploads\\\/2024\\\/01\\\/pato.jpg\",\"width\":725,\"height\":405},{\"@type\":\"BreadcrumbList\",\"@id\":\"https:\\\/\\\/fuentesfidedignas.com.mx\\\/index.php\\\/2024\\\/01\\\/18\\\/pato-zambrano-se-sube-a-la-contienda-por-monterrey-sera-el-rival-de-mariana-rodriguez\\\/#breadcrumb\",\"itemListElement\":[{\"@type\":\"ListItem\",\"position\":1,\"name\":\"Inicio\",\"item\":\"https:\\\/\\\/fuentesfidedignas.com.mx\\\/\"},{\"@type\":\"ListItem\",\"position\":2,\"name\":\"\u2018Pato\u2019 Zambrano se sube a la contienda por Monterrey, ser\u00e1 el rival de Mariana Rodr\u00edguez\"}]},{\"@type\":\"WebSite\",\"@id\":\"https:\\\/\\\/fuentesfidedignas.com.mx\\\/#website\",\"url\":\"https:\\\/\\\/fuentesfidedignas.com.mx\\\/\",\"name\":\"Fuentes Fidedignas\",\"description\":\"Otro sitio realizado con WordPress\",\"publisher\":{\"@id\":\"https:\\\/\\\/fuentesfidedignas.com.mx\\\/#organization\"},\"potentialAction\":[{\"@type\":\"SearchAction\",\"target\":{\"@type\":\"EntryPoint\",\"urlTemplate\":\"https:\\\/\\\/fuentesfidedignas.com.mx\\\/?s={search_term_string}\"},\"query-input\":{\"@type\":\"PropertyValueSpecification\",\"valueRequired\":true,\"valueName\":\"search_term_string\"}}],\"inLanguage\":\"es\"},{\"@type\":\"Organization\",\"@id\":\"https:\\\/\\\/fuentesfidedignas.com.mx\\\/#organization\",\"name\":\"Fuentes Fidedignas\",\"url\":\"https:\\\/\\\/fuentesfidedignas.com.mx\\\/\",\"logo\":{\"@type\":\"ImageObject\",\"inLanguage\":\"es\",\"@id\":\"https:\\\/\\\/fuentesfidedignas.com.mx\\\/#\\\/schema\\\/logo\\\/image\\\/\",\"url\":\"https:\\\/\\\/fuentesfidedignas.com.mx\\\/wp-content\\\/uploads\\\/2021\\\/04\\\/logo-retina.png\",\"contentUrl\":\"https:\\\/\\\/fuentesfidedignas.com.mx\\\/wp-content\\\/uploads\\\/2021\\\/04\\\/logo-retina.png\",\"width\":280,\"height\":51,\"caption\":\"Fuentes Fidedignas\"},\"image\":{\"@id\":\"https:\\\/\\\/fuentesfidedignas.com.mx\\\/#\\\/schema\\\/logo\\\/image\\\/\"},\"sameAs\":[\"https:\\\/\\\/www.facebook.com\\\/Fuentes-Fidedignas-368234489921644\",\"https:\\\/\\\/x.com\\\/fidedignas\"]},{\"@type\":\"Person\",\"@id\":\"https:\\\/\\\/fuentesfidedignas.com.mx\\\/#\\\/schema\\\/person\\\/8575896a7c1067d352f6c1cd6582c389\",\"name\":\"Infobae\",\"image\":{\"@type\":\"ImageObject\",\"inLanguage\":\"es\",\"@id\":\"https:\\\/\\\/secure.gravatar.com\\\/avatar\\\/e4ec95706f8d1670343f6526fdcec45474bab17475a851434a64ca12b5acba1c?s=96&d=mm&r=g\",\"url\":\"https:\\\/\\\/secure.gravatar.com\\\/avatar\\\/e4ec95706f8d1670343f6526fdcec45474bab17475a851434a64ca12b5acba1c?s=96&d=mm&r=g\",\"contentUrl\":\"https:\\\/\\\/secure.gravatar.com\\\/avatar\\\/e4ec95706f8d1670343f6526fdcec45474bab17475a851434a64ca12b5acba1c?s=96&d=mm&r=g\",\"caption\":\"Infobae\"},\"url\":\"https:\\\/\\\/fuentesfidedignas.com.mx\\\/index.php\\\/author\\\/infobae\\\/\"}]}<\/script>\n<!-- \/ Yoast SEO plugin. -->","yoast_head_json":{"title":"\u2018Pato\u2019 Zambrano se sube a la contienda por Monterrey, ser\u00e1 el rival de Mariana Rodr\u00edguez - Fuentes Fidedignas","robots":{"index":"index","follow":"follow","max-snippet":"max-snippet:-1","max-image-preview":"max-image-preview:large","max-video-preview":"max-video-preview:-1"},"canonical":"https:\/\/fuentesfidedignas.com.mx\/index.php\/2024\/01\/18\/pato-zambrano-se-sube-a-la-contienda-por-monterrey-sera-el-rival-de-mariana-rodriguez\/","og_locale":"es_MX","og_type":"article","og_title":"\u2018Pato\u2019 Zambrano se sube a la contienda por Monterrey, ser\u00e1 el rival de Mariana Rodr\u00edguez - Fuentes Fidedignas","og_description":"El exconcursante de Big Brother rompi\u00f3 con el PVEM y ahora ir\u00e1 de la mano del partido VIDA Nuevo Le\u00f3n.- Patricio \u2018Pato\u2019 Zambrano,\u00a0quien desde hace unos a\u00f1os salt\u00f3 de la far\u00e1ndula a la pol\u00edtica, oficialmente ser\u00e1 el contrincante de la influencer y empresaria Mariana Rodr\u00edguez para buscar la presidencia municipal de\u00a0Monterrey\u00a0en las elecciones del pr\u00f3ximo [&hellip;]","og_url":"https:\/\/fuentesfidedignas.com.mx\/index.php\/2024\/01\/18\/pato-zambrano-se-sube-a-la-contienda-por-monterrey-sera-el-rival-de-mariana-rodriguez\/","og_site_name":"Fuentes Fidedignas","article_publisher":"https:\/\/www.facebook.com\/Fuentes-Fidedignas-368234489921644","article_published_time":"2024-01-18T20:16:35+00:00","article_modified_time":"2024-01-18T20:16:37+00:00","og_image":[{"width":725,"height":405,"url":"https:\/\/fuentesfidedignas.com.mx\/wp-content\/uploads\/2024\/01\/pato.jpg","type":"image\/jpeg"}],"author":"Infobae","twitter_card":"summary_large_image","twitter_creator":"@fidedignas","twitter_site":"@fidedignas","twitter_misc":{"Escrito por":"Infobae","Tiempo de lectura":"4 minutos"},"schema":{"@context":"https:\/\/schema.org","@graph":[{"@type":"Article","@id":"https:\/\/fuentesfidedignas.com.mx\/index.php\/2024\/01\/18\/pato-zambrano-se-sube-a-la-contienda-por-monterrey-sera-el-rival-de-mariana-rodriguez\/#article","isPartOf":{"@id":"https:\/\/fuentesfidedignas.com.mx\/index.php\/2024\/01\/18\/pato-zambrano-se-sube-a-la-contienda-por-monterrey-sera-el-rival-de-mariana-rodriguez\/"},"author":{"name":"Infobae","@id":"https:\/\/fuentesfidedignas.com.mx\/#\/schema\/person\/8575896a7c1067d352f6c1cd6582c389"},"headline":"\u2018Pato\u2019 Zambrano se sube a la contienda por Monterrey, ser\u00e1 el rival de Mariana Rodr\u00edguez","datePublished":"2024-01-18T20:16:35+00:00","dateModified":"2024-01-18T20:16:37+00:00","mainEntityOfPage":{"@id":"https:\/\/fuentesfidedignas.com.mx\/index.php\/2024\/01\/18\/pato-zambrano-se-sube-a-la-contienda-por-monterrey-sera-el-rival-de-mariana-rodriguez\/"},"wordCount":685,"commentCount":0,"publisher":{"@id":"https:\/\/fuentesfidedignas.com.mx\/#organization"},"image":{"@id":"https:\/\/fuentesfidedignas.com.mx\/index.php\/2024\/01\/18\/pato-zambrano-se-sube-a-la-contienda-por-monterrey-sera-el-rival-de-mariana-rodriguez\/#primaryimage"},"thumbnailUrl":"https:\/\/fuentesfidedignas.com.mx\/wp-content\/uploads\/2024\/01\/pato.jpg","articleSection":["NOTICIAS NACIONALES"],"inLanguage":"es","potentialAction":[{"@type":"CommentAction","name":"Comment","target":["https:\/\/fuentesfidedignas.com.mx\/index.php\/2024\/01\/18\/pato-zambrano-se-sube-a-la-contienda-por-monterrey-sera-el-rival-de-mariana-rodriguez\/#respond"]}]},{"@type":"WebPage","@id":"https:\/\/fuentesfidedignas.com.mx\/index.php\/2024\/01\/18\/pato-zambrano-se-sube-a-la-contienda-por-monterrey-sera-el-rival-de-mariana-rodriguez\/","url":"https:\/\/fuentesfidedignas.com.mx\/index.php\/2024\/01\/18\/pato-zambrano-se-sube-a-la-contienda-por-monterrey-sera-el-rival-de-mariana-rodriguez\/","name":"\u2018Pato\u2019 Zambrano se sube a la contienda por Monterrey, ser\u00e1 el rival de Mariana Rodr\u00edguez - Fuentes Fidedignas","isPartOf":{"@id":"https:\/\/fuentesfidedignas.com.mx\/#website"},"primaryImageOfPage":{"@id":"https:\/\/fuentesfidedignas.com.mx\/index.php\/2024\/01\/18\/pato-zambrano-se-sube-a-la-contienda-por-monterrey-sera-el-rival-de-mariana-rodriguez\/#primaryimage"},"image":{"@id":"https:\/\/fuentesfidedignas.com.mx\/index.php\/2024\/01\/18\/pato-zambrano-se-sube-a-la-contienda-por-monterrey-sera-el-rival-de-mariana-rodriguez\/#primaryimage"},"thumbnailUrl":"https:\/\/fuentesfidedignas.com.mx\/wp-content\/uploads\/2024\/01\/pato.jpg","datePublished":"2024-01-18T20:16:35+00:00","dateModified":"2024-01-18T20:16:37+00:00","breadcrumb":{"@id":"https:\/\/fuentesfidedignas.com.mx\/index.php\/2024\/01\/18\/pato-zambrano-se-sube-a-la-contienda-por-monterrey-sera-el-rival-de-mariana-rodriguez\/#breadcrumb"},"inLanguage":"es","potentialAction":[{"@type":"ReadAction","target":["https:\/\/fuentesfidedignas.com.mx\/index.php\/2024\/01\/18\/pato-zambrano-se-sube-a-la-contienda-por-monterrey-sera-el-rival-de-mariana-rodriguez\/"]}]},{"@type":"ImageObject","inLanguage":"es","@id":"https:\/\/fuentesfidedignas.com.mx\/index.php\/2024\/01\/18\/pato-zambrano-se-sube-a-la-contienda-por-monterrey-sera-el-rival-de-mariana-rodriguez\/#primaryimage","url":"https:\/\/fuentesfidedignas.com.mx\/wp-content\/uploads\/2024\/01\/pato.jpg","contentUrl":"https:\/\/fuentesfidedignas.com.mx\/wp-content\/uploads\/2024\/01\/pato.jpg","width":725,"height":405},{"@type":"BreadcrumbList","@id":"https:\/\/fuentesfidedignas.com.mx\/index.php\/2024\/01\/18\/pato-zambrano-se-sube-a-la-contienda-por-monterrey-sera-el-rival-de-mariana-rodriguez\/#breadcrumb","itemListElement":[{"@type":"ListItem","position":1,"name":"Inicio","item":"https:\/\/fuentesfidedignas.com.mx\/"},{"@type":"ListItem","position":2,"name":"\u2018Pato\u2019 Zambrano se sube a la contienda por Monterrey, ser\u00e1 el rival de Mariana Rodr\u00edguez"}]},{"@type":"WebSite","@id":"https:\/\/fuentesfidedignas.com.mx\/#website","url":"https:\/\/fuentesfidedignas.com.mx\/","name":"Fuentes Fidedignas","description":"Otro sitio realizado con WordPress","publisher":{"@id":"https:\/\/fuentesfidedignas.com.mx\/#organization"},"potentialAction":[{"@type":"SearchAction","target":{"@type":"EntryPoint","urlTemplate":"https:\/\/fuentesfidedignas.com.mx\/?s={search_term_string}"},"query-input":{"@type":"PropertyValueSpecification","valueRequired":true,"valueName":"search_term_string"}}],"inLanguage":"es"},{"@type":"Organization","@id":"https:\/\/fuentesfidedignas.com.mx\/#organization","name":"Fuentes Fidedignas","url":"https:\/\/fuentesfidedignas.com.mx\/","logo":{"@type":"ImageObject","inLanguage":"es","@id":"https:\/\/fuentesfidedignas.com.mx\/#\/schema\/logo\/image\/","url":"https:\/\/fuentesfidedignas.com.mx\/wp-content\/uploads\/2021\/04\/logo-retina.png","contentUrl":"https:\/\/fuentesfidedignas.com.mx\/wp-content\/uploads\/2021\/04\/logo-retina.png","width":280,"height":51,"caption":"Fuentes Fidedignas"},"image":{"@id":"https:\/\/fuentesfidedignas.com.mx\/#\/schema\/logo\/image\/"},"sameAs":["https:\/\/www.facebook.com\/Fuentes-Fidedignas-368234489921644","https:\/\/x.com\/fidedignas"]},{"@type":"Person","@id":"https:\/\/fuentesfidedignas.com.mx\/#\/schema\/person\/8575896a7c1067d352f6c1cd6582c389","name":"Infobae","image":{"@type":"ImageObject","inLanguage":"es","@id":"https:\/\/secure.gravatar.com\/avatar\/e4ec95706f8d1670343f6526fdcec45474bab17475a851434a64ca12b5acba1c?s=96&d=mm&r=g","url":"https:\/\/secure.gravatar.com\/avatar\/e4ec95706f8d1670343f6526fdcec45474bab17475a851434a64ca12b5acba1c?s=96&d=mm&r=g","contentUrl":"https:\/\/secure.gravatar.com\/avatar\/e4ec95706f8d1670343f6526fdcec45474bab17475a851434a64ca12b5acba1c?s=96&d=mm&r=g","caption":"Infobae"},"url":"https:\/\/fuentesfidedignas.com.mx\/index.php\/author\/infobae\/"}]}},"_links":{"self":[{"href":"https:\/\/fuentesfidedignas.com.mx\/index.php\/wp-json\/wp\/v2\/posts\/71073","targetHints":{"allow":["GET"]}}],"collection":[{"href":"https:\/\/fuentesfidedignas.com.mx\/index.php\/wp-json\/wp\/v2\/posts"}],"about":[{"href":"https:\/\/fuentesfidedignas.com.mx\/index.php\/wp-json\/wp\/v2\/types\/post"}],"author":[{"embeddable":true,"href":"https:\/\/fuentesfidedignas.com.mx\/index.php\/wp-json\/wp\/v2\/users\/41"}],"replies":[{"embeddable":true,"href":"https:\/\/fuentesfidedignas.com.mx\/index.php\/wp-json\/wp\/v2\/comments?post=71073"}],"version-history":[{"count":1,"href":"https:\/\/fuentesfidedignas.com.mx\/index.php\/wp-json\/wp\/v2\/posts\/71073\/revisions"}],"predecessor-version":[{"id":71075,"href":"https:\/\/fuentesfidedignas.com.mx\/index.php\/wp-json\/wp\/v2\/posts\/71073\/revisions\/71075"}],"wp:featuredmedia":[{"embeddable":true,"href":"https:\/\/fuentesfidedignas.com.mx\/index.php\/wp-json\/wp\/v2\/media\/71074"}],"wp:attachment":[{"href":"https:\/\/fuentesfidedignas.com.mx\/index.php\/wp-json\/wp\/v2\/media?parent=71073"}],"wp:term":[{"taxonomy":"category","embeddable":true,"href":"https:\/\/fuentesfidedignas.com.mx\/index.php\/wp-json\/wp\/v2\/categories?post=71073"},{"taxonomy":"post_tag","embeddable":true,"href":"https:\/\/fuentesfidedignas.com.mx\/index.php\/wp-json\/wp\/v2\/tags?post=71073"}],"curies":[{"name":"wp","href":"https:\/\/api.w.org\/{rel}","templated":true}]}}