{"id":71049,"date":"2024-01-18T08:19:42","date_gmt":"2024-01-18T15:19:42","guid":{"rendered":"https:\/\/fuentesfidedignas.com.mx\/?p=71049"},"modified":"2024-01-18T08:20:28","modified_gmt":"2024-01-18T15:20:28","slug":"amlo-planteara-desaparicion-de-organismos-autonomos-en-paquete-de-reformas-del-5-de-febrero","status":"publish","type":"post","link":"https:\/\/fuentesfidedignas.com.mx\/index.php\/2024\/01\/18\/amlo-planteara-desaparicion-de-organismos-autonomos-en-paquete-de-reformas-del-5-de-febrero\/","title":{"rendered":"AMLO plantear\u00e1 desaparici\u00f3n de organismos aut\u00f3nomos en nuevo paquete de reformas"},"content":{"rendered":"\n<p><strong><em>L\u00f3pez Obrador indic\u00f3 que los organismos aut\u00f3nomos se crearon \u201cpara proteger a particulares y afectar el inter\u00e9s p\u00fablico\u201d<\/em><\/strong><\/p>\n\n\n\n<p>Ciudad de M\u00e9xico.- El presidente de M\u00e9xico, Andr\u00e9s Manuel L\u00f3pez Obrador, revel\u00f3 hoy que en su paquete de reformas que presentar\u00e1 el pr\u00f3ximo 5 de febrero se encuentra la desaparici\u00f3n de todos los organismos aut\u00f3nomos.<\/p>\n\n\n\n<p>En la conferencia matutina de Palacio Nacional, L\u00f3pez Obrador dej\u00f3 en claro que su Gobierno revisa el actuar de estos organismos aut\u00f3nomos \u201ccon lupa\u201d.<\/p>\n\n\n\n<p>Nosotros tambi\u00e9n estamos revisando con lupa, lo que hacen estos organismos, al grado, que voy a proponer en el paquete de iniciativas de reforma, que desaparezcan\u201d, se\u00f1al\u00f3.<\/p>\n\n\n\n<p>\u201cTodos los organismos que crearon para proteger a particulares y afectar el inter\u00e9s p\u00fablico\u201d, puntualiz\u00f3 en el Sal\u00f3n Tesorer\u00eda este jueves.<\/p>\n\n\n\n<p>El mandatario mexicano expuso que durante el periodo neoliberal se \u201centregaron los bienes del pueblo y de la naci\u00f3n particulares, hubo una privatizaci\u00f3n que solo ven\u00eda como antecedente en la historia que llev\u00f3 a cabo Porfirio D\u00edaz le entreg\u00f3 el petr\u00f3leo, las minas, las tierras, el agua, los ferrocarriles, los bancos a los extranjeros, ese es el antecedente. Por eso fue la Revoluci\u00f3n\u201d.<\/p>\n\n\n\n<p>\u201cEntonces hicieron todas las reformas que necesitaban a la Constituci\u00f3n, por eso, aunque ya hemos hecho algunas, voy a presentar nuevas reformas para modificar art\u00edculos que se aprobaron en contra del inter\u00e9s de los mexicanos, reformas que se hicieron en el periodo neoliberal en los \u00faltimos 36 a\u00f1os para favorecer solo a particulares\u201d, puntualiz\u00f3.<\/p>\n\n\n\n<p>\u201cPero no qued\u00f3 en eso, nada m\u00e1s, crearon su gobierno, porque necesitaban protegerse y por eso constituyeron todos estos organismos, supuestamente aut\u00f3nomos en donde tiene m\u00e1s peso lo privado, lo particular que lo p\u00fablico, por eso es la actitud de este organismo\u201d, refiri\u00f3.<\/p>\n\n\n\n<p>El tabasque\u00f1o subray\u00f3 que los organismos aut\u00f3nomos son \u201cuna farsa\u201d siendo utilizados como excusa para decir que no deb\u00eda haber monopolios, siendo esta su raz\u00f3n para desaparecerlos.<\/p>\n\n\n\n<p>Tenemos que hacer esta reforma administrativa, adem\u00e1s imag\u00ednense todo lo que nos vamos a ahorrar porque no vamos a seguir manteniendo esos organismos facciosos, onerosos, antipopulares. \u00bfO seguimos manteniendo al Instituto de la Transparencia?\u201d, recalc\u00f3.<\/p>\n\n\n\n<p>El presidente de M\u00e9xico revel\u00f3 esta semana que el paquete de reformas constitucionales que presentar\u00e1 el 5 de febrero asciende a 10 iniciativas, entre las que incluir\u00e1 las del Poder Judicial, la Guardia Nacional y la austeridad republicana.<\/p>\n\n\n\n<p>Desde el jueves pasado, el mandatario hab\u00eda avisado que enviar\u00eda el \u00faltimo paquete de iniciativas constitucionales antes de concluir su mandato en octubre pr\u00f3ximo.<\/p>\n\n\n\n<p>El gobernante mexicano expres\u00f3 su esperanza de que su alianza de partidos recupere la mayor\u00eda de dos tercios del Congreso que se requiere para modificar la carta magna y que perdi\u00f3 en las elecciones intermedias de 2021.<\/p>\n","protected":false},"excerpt":{"rendered":"<p>L\u00f3pez Obrador indic\u00f3 que los organismos aut\u00f3nomos se crearon \u201cpara proteger a particulares y afectar el inter\u00e9s p\u00fablico\u201d Ciudad de M\u00e9xico.- El presidente de M\u00e9xico, Andr\u00e9s Manuel L\u00f3pez Obrador, revel\u00f3 hoy que en su paquete de reformas que presentar\u00e1 el pr\u00f3ximo 5 de febrero se encuentra la desaparici\u00f3n de todos los organismos aut\u00f3nomos. En la [&hellip;]<\/p>\n","protected":false},"author":47,"featured_media":49515,"comment_status":"open","ping_status":"open","sticky":false,"template":"","format":"standard","meta":{"tdm_status":"","tdm_grid_status":"","footnotes":""},"categories":[39],"tags":[],"class_list":{"0":"post-71049","1":"post","2":"type-post","3":"status-publish","4":"format-standard","5":"has-post-thumbnail","7":"category-noticias-nacionales"},"yoast_head":"<!-- This site is optimized with the Yoast SEO plugin v27.5 - https:\/\/yoast.com\/product\/yoast-seo-wordpress\/ -->\n<title>AMLO plantear\u00e1 desaparici\u00f3n de organismos aut\u00f3nomos en nuevo paquete de reformas - Fuentes Fidedignas<\/title>\n<meta name=\"robots\" content=\"index, follow, max-snippet:-1, max-image-preview:large, max-video-preview:-1\" \/>\n<link rel=\"canonical\" href=\"https:\/\/fuentesfidedignas.com.mx\/index.php\/2024\/01\/18\/amlo-planteara-desaparicion-de-organismos-autonomos-en-paquete-de-reformas-del-5-de-febrero\/\" \/>\n<meta property=\"og:locale\" content=\"es_MX\" \/>\n<meta property=\"og:type\" content=\"article\" \/>\n<meta property=\"og:title\" content=\"AMLO plantear\u00e1 desaparici\u00f3n de organismos aut\u00f3nomos en nuevo paquete de reformas - Fuentes Fidedignas\" \/>\n<meta property=\"og:description\" content=\"L\u00f3pez Obrador indic\u00f3 que los organismos aut\u00f3nomos se crearon \u201cpara proteger a particulares y afectar el inter\u00e9s p\u00fablico\u201d Ciudad de M\u00e9xico.- El presidente de M\u00e9xico, Andr\u00e9s Manuel L\u00f3pez Obrador, revel\u00f3 hoy que en su paquete de reformas que presentar\u00e1 el pr\u00f3ximo 5 de febrero se encuentra la desaparici\u00f3n de todos los organismos aut\u00f3nomos. En la [&hellip;]\" \/>\n<meta property=\"og:url\" content=\"https:\/\/fuentesfidedignas.com.mx\/index.php\/2024\/01\/18\/amlo-planteara-desaparicion-de-organismos-autonomos-en-paquete-de-reformas-del-5-de-febrero\/\" \/>\n<meta property=\"og:site_name\" content=\"Fuentes Fidedignas\" \/>\n<meta property=\"article:publisher\" content=\"https:\/\/www.facebook.com\/Fuentes-Fidedignas-368234489921644\" \/>\n<meta property=\"article:published_time\" content=\"2024-01-18T15:19:42+00:00\" \/>\n<meta property=\"article:modified_time\" content=\"2024-01-18T15:20:28+00:00\" \/>\n<meta property=\"og:image\" content=\"https:\/\/fuentesfidedignas.com.mx\/wp-content\/uploads\/2023\/06\/2-amlo.jpeg\" \/>\n\t<meta property=\"og:image:width\" content=\"1440\" \/>\n\t<meta property=\"og:image:height\" content=\"907\" \/>\n\t<meta property=\"og:image:type\" content=\"image\/jpeg\" \/>\n<meta name=\"author\" content=\"L\u00f3pez D\u00f3riga\" \/>\n<meta name=\"twitter:card\" content=\"summary_large_image\" \/>\n<meta name=\"twitter:creator\" content=\"@fidedignas\" \/>\n<meta name=\"twitter:site\" content=\"@fidedignas\" \/>\n<meta name=\"twitter:label1\" content=\"Escrito por\" \/>\n\t<meta name=\"twitter:data1\" content=\"L\u00f3pez D\u00f3riga\" \/>\n\t<meta name=\"twitter:label2\" content=\"Tiempo de lectura\" \/>\n\t<meta name=\"twitter:data2\" content=\"3 minutos\" \/>\n<script type=\"application\/ld+json\" class=\"yoast-schema-graph\">{\"@context\":\"https:\\\/\\\/schema.org\",\"@graph\":[{\"@type\":\"Article\",\"@id\":\"https:\\\/\\\/fuentesfidedignas.com.mx\\\/index.php\\\/2024\\\/01\\\/18\\\/amlo-planteara-desaparicion-de-organismos-autonomos-en-paquete-de-reformas-del-5-de-febrero\\\/#article\",\"isPartOf\":{\"@id\":\"https:\\\/\\\/fuentesfidedignas.com.mx\\\/index.php\\\/2024\\\/01\\\/18\\\/amlo-planteara-desaparicion-de-organismos-autonomos-en-paquete-de-reformas-del-5-de-febrero\\\/\"},\"author\":{\"name\":\"L\u00f3pez D\u00f3riga\",\"@id\":\"https:\\\/\\\/fuentesfidedignas.com.mx\\\/#\\\/schema\\\/person\\\/67d852f0557c8509146a4b9ddebd543a\"},\"headline\":\"AMLO plantear\u00e1 desaparici\u00f3n de organismos aut\u00f3nomos en nuevo paquete de reformas\",\"datePublished\":\"2024-01-18T15:19:42+00:00\",\"dateModified\":\"2024-01-18T15:20:28+00:00\",\"mainEntityOfPage\":{\"@id\":\"https:\\\/\\\/fuentesfidedignas.com.mx\\\/index.php\\\/2024\\\/01\\\/18\\\/amlo-planteara-desaparicion-de-organismos-autonomos-en-paquete-de-reformas-del-5-de-febrero\\\/\"},\"wordCount\":499,\"commentCount\":0,\"publisher\":{\"@id\":\"https:\\\/\\\/fuentesfidedignas.com.mx\\\/#organization\"},\"image\":{\"@id\":\"https:\\\/\\\/fuentesfidedignas.com.mx\\\/index.php\\\/2024\\\/01\\\/18\\\/amlo-planteara-desaparicion-de-organismos-autonomos-en-paquete-de-reformas-del-5-de-febrero\\\/#primaryimage\"},\"thumbnailUrl\":\"https:\\\/\\\/fuentesfidedignas.com.mx\\\/wp-content\\\/uploads\\\/2023\\\/06\\\/2-amlo.jpeg\",\"articleSection\":[\"NOTICIAS NACIONALES\"],\"inLanguage\":\"es\",\"potentialAction\":[{\"@type\":\"CommentAction\",\"name\":\"Comment\",\"target\":[\"https:\\\/\\\/fuentesfidedignas.com.mx\\\/index.php\\\/2024\\\/01\\\/18\\\/amlo-planteara-desaparicion-de-organismos-autonomos-en-paquete-de-reformas-del-5-de-febrero\\\/#respond\"]}]},{\"@type\":\"WebPage\",\"@id\":\"https:\\\/\\\/fuentesfidedignas.com.mx\\\/index.php\\\/2024\\\/01\\\/18\\\/amlo-planteara-desaparicion-de-organismos-autonomos-en-paquete-de-reformas-del-5-de-febrero\\\/\",\"url\":\"https:\\\/\\\/fuentesfidedignas.com.mx\\\/index.php\\\/2024\\\/01\\\/18\\\/amlo-planteara-desaparicion-de-organismos-autonomos-en-paquete-de-reformas-del-5-de-febrero\\\/\",\"name\":\"AMLO plantear\u00e1 desaparici\u00f3n de organismos aut\u00f3nomos en nuevo paquete de reformas - Fuentes Fidedignas\",\"isPartOf\":{\"@id\":\"https:\\\/\\\/fuentesfidedignas.com.mx\\\/#website\"},\"primaryImageOfPage\":{\"@id\":\"https:\\\/\\\/fuentesfidedignas.com.mx\\\/index.php\\\/2024\\\/01\\\/18\\\/amlo-planteara-desaparicion-de-organismos-autonomos-en-paquete-de-reformas-del-5-de-febrero\\\/#primaryimage\"},\"image\":{\"@id\":\"https:\\\/\\\/fuentesfidedignas.com.mx\\\/index.php\\\/2024\\\/01\\\/18\\\/amlo-planteara-desaparicion-de-organismos-autonomos-en-paquete-de-reformas-del-5-de-febrero\\\/#primaryimage\"},\"thumbnailUrl\":\"https:\\\/\\\/fuentesfidedignas.com.mx\\\/wp-content\\\/uploads\\\/2023\\\/06\\\/2-amlo.jpeg\",\"datePublished\":\"2024-01-18T15:19:42+00:00\",\"dateModified\":\"2024-01-18T15:20:28+00:00\",\"breadcrumb\":{\"@id\":\"https:\\\/\\\/fuentesfidedignas.com.mx\\\/index.php\\\/2024\\\/01\\\/18\\\/amlo-planteara-desaparicion-de-organismos-autonomos-en-paquete-de-reformas-del-5-de-febrero\\\/#breadcrumb\"},\"inLanguage\":\"es\",\"potentialAction\":[{\"@type\":\"ReadAction\",\"target\":[\"https:\\\/\\\/fuentesfidedignas.com.mx\\\/index.php\\\/2024\\\/01\\\/18\\\/amlo-planteara-desaparicion-de-organismos-autonomos-en-paquete-de-reformas-del-5-de-febrero\\\/\"]}]},{\"@type\":\"ImageObject\",\"inLanguage\":\"es\",\"@id\":\"https:\\\/\\\/fuentesfidedignas.com.mx\\\/index.php\\\/2024\\\/01\\\/18\\\/amlo-planteara-desaparicion-de-organismos-autonomos-en-paquete-de-reformas-del-5-de-febrero\\\/#primaryimage\",\"url\":\"https:\\\/\\\/fuentesfidedignas.com.mx\\\/wp-content\\\/uploads\\\/2023\\\/06\\\/2-amlo.jpeg\",\"contentUrl\":\"https:\\\/\\\/fuentesfidedignas.com.mx\\\/wp-content\\\/uploads\\\/2023\\\/06\\\/2-amlo.jpeg\",\"width\":1440,\"height\":907},{\"@type\":\"BreadcrumbList\",\"@id\":\"https:\\\/\\\/fuentesfidedignas.com.mx\\\/index.php\\\/2024\\\/01\\\/18\\\/amlo-planteara-desaparicion-de-organismos-autonomos-en-paquete-de-reformas-del-5-de-febrero\\\/#breadcrumb\",\"itemListElement\":[{\"@type\":\"ListItem\",\"position\":1,\"name\":\"Inicio\",\"item\":\"https:\\\/\\\/fuentesfidedignas.com.mx\\\/\"},{\"@type\":\"ListItem\",\"position\":2,\"name\":\"AMLO plantear\u00e1 desaparici\u00f3n de organismos aut\u00f3nomos en nuevo paquete de reformas\"}]},{\"@type\":\"WebSite\",\"@id\":\"https:\\\/\\\/fuentesfidedignas.com.mx\\\/#website\",\"url\":\"https:\\\/\\\/fuentesfidedignas.com.mx\\\/\",\"name\":\"Fuentes Fidedignas\",\"description\":\"Otro sitio realizado con WordPress\",\"publisher\":{\"@id\":\"https:\\\/\\\/fuentesfidedignas.com.mx\\\/#organization\"},\"potentialAction\":[{\"@type\":\"SearchAction\",\"target\":{\"@type\":\"EntryPoint\",\"urlTemplate\":\"https:\\\/\\\/fuentesfidedignas.com.mx\\\/?s={search_term_string}\"},\"query-input\":{\"@type\":\"PropertyValueSpecification\",\"valueRequired\":true,\"valueName\":\"search_term_string\"}}],\"inLanguage\":\"es\"},{\"@type\":\"Organization\",\"@id\":\"https:\\\/\\\/fuentesfidedignas.com.mx\\\/#organization\",\"name\":\"Fuentes Fidedignas\",\"url\":\"https:\\\/\\\/fuentesfidedignas.com.mx\\\/\",\"logo\":{\"@type\":\"ImageObject\",\"inLanguage\":\"es\",\"@id\":\"https:\\\/\\\/fuentesfidedignas.com.mx\\\/#\\\/schema\\\/logo\\\/image\\\/\",\"url\":\"https:\\\/\\\/fuentesfidedignas.com.mx\\\/wp-content\\\/uploads\\\/2021\\\/04\\\/logo-retina.png\",\"contentUrl\":\"https:\\\/\\\/fuentesfidedignas.com.mx\\\/wp-content\\\/uploads\\\/2021\\\/04\\\/logo-retina.png\",\"width\":280,\"height\":51,\"caption\":\"Fuentes Fidedignas\"},\"image\":{\"@id\":\"https:\\\/\\\/fuentesfidedignas.com.mx\\\/#\\\/schema\\\/logo\\\/image\\\/\"},\"sameAs\":[\"https:\\\/\\\/www.facebook.com\\\/Fuentes-Fidedignas-368234489921644\",\"https:\\\/\\\/x.com\\\/fidedignas\"]},{\"@type\":\"Person\",\"@id\":\"https:\\\/\\\/fuentesfidedignas.com.mx\\\/#\\\/schema\\\/person\\\/67d852f0557c8509146a4b9ddebd543a\",\"name\":\"L\u00f3pez D\u00f3riga\",\"image\":{\"@type\":\"ImageObject\",\"inLanguage\":\"es\",\"@id\":\"https:\\\/\\\/secure.gravatar.com\\\/avatar\\\/e525b06574ca18b33cded59dfe5778d6c823b9513154eff47da551b0551bdd1e?s=96&d=mm&r=g\",\"url\":\"https:\\\/\\\/secure.gravatar.com\\\/avatar\\\/e525b06574ca18b33cded59dfe5778d6c823b9513154eff47da551b0551bdd1e?s=96&d=mm&r=g\",\"contentUrl\":\"https:\\\/\\\/secure.gravatar.com\\\/avatar\\\/e525b06574ca18b33cded59dfe5778d6c823b9513154eff47da551b0551bdd1e?s=96&d=mm&r=g\",\"caption\":\"L\u00f3pez D\u00f3riga\"},\"url\":\"https:\\\/\\\/fuentesfidedignas.com.mx\\\/index.php\\\/author\\\/doriga\\\/\"}]}<\/script>\n<!-- \/ Yoast SEO plugin. -->","yoast_head_json":{"title":"AMLO plantear\u00e1 desaparici\u00f3n de organismos aut\u00f3nomos en nuevo paquete de reformas - Fuentes Fidedignas","robots":{"index":"index","follow":"follow","max-snippet":"max-snippet:-1","max-image-preview":"max-image-preview:large","max-video-preview":"max-video-preview:-1"},"canonical":"https:\/\/fuentesfidedignas.com.mx\/index.php\/2024\/01\/18\/amlo-planteara-desaparicion-de-organismos-autonomos-en-paquete-de-reformas-del-5-de-febrero\/","og_locale":"es_MX","og_type":"article","og_title":"AMLO plantear\u00e1 desaparici\u00f3n de organismos aut\u00f3nomos en nuevo paquete de reformas - Fuentes Fidedignas","og_description":"L\u00f3pez Obrador indic\u00f3 que los organismos aut\u00f3nomos se crearon \u201cpara proteger a particulares y afectar el inter\u00e9s p\u00fablico\u201d Ciudad de M\u00e9xico.- El presidente de M\u00e9xico, Andr\u00e9s Manuel L\u00f3pez Obrador, revel\u00f3 hoy que en su paquete de reformas que presentar\u00e1 el pr\u00f3ximo 5 de febrero se encuentra la desaparici\u00f3n de todos los organismos aut\u00f3nomos. En la [&hellip;]","og_url":"https:\/\/fuentesfidedignas.com.mx\/index.php\/2024\/01\/18\/amlo-planteara-desaparicion-de-organismos-autonomos-en-paquete-de-reformas-del-5-de-febrero\/","og_site_name":"Fuentes Fidedignas","article_publisher":"https:\/\/www.facebook.com\/Fuentes-Fidedignas-368234489921644","article_published_time":"2024-01-18T15:19:42+00:00","article_modified_time":"2024-01-18T15:20:28+00:00","og_image":[{"width":1440,"height":907,"url":"https:\/\/fuentesfidedignas.com.mx\/wp-content\/uploads\/2023\/06\/2-amlo.jpeg","type":"image\/jpeg"}],"author":"L\u00f3pez D\u00f3riga","twitter_card":"summary_large_image","twitter_creator":"@fidedignas","twitter_site":"@fidedignas","twitter_misc":{"Escrito por":"L\u00f3pez D\u00f3riga","Tiempo de lectura":"3 minutos"},"schema":{"@context":"https:\/\/schema.org","@graph":[{"@type":"Article","@id":"https:\/\/fuentesfidedignas.com.mx\/index.php\/2024\/01\/18\/amlo-planteara-desaparicion-de-organismos-autonomos-en-paquete-de-reformas-del-5-de-febrero\/#article","isPartOf":{"@id":"https:\/\/fuentesfidedignas.com.mx\/index.php\/2024\/01\/18\/amlo-planteara-desaparicion-de-organismos-autonomos-en-paquete-de-reformas-del-5-de-febrero\/"},"author":{"name":"L\u00f3pez D\u00f3riga","@id":"https:\/\/fuentesfidedignas.com.mx\/#\/schema\/person\/67d852f0557c8509146a4b9ddebd543a"},"headline":"AMLO plantear\u00e1 desaparici\u00f3n de organismos aut\u00f3nomos en nuevo paquete de reformas","datePublished":"2024-01-18T15:19:42+00:00","dateModified":"2024-01-18T15:20:28+00:00","mainEntityOfPage":{"@id":"https:\/\/fuentesfidedignas.com.mx\/index.php\/2024\/01\/18\/amlo-planteara-desaparicion-de-organismos-autonomos-en-paquete-de-reformas-del-5-de-febrero\/"},"wordCount":499,"commentCount":0,"publisher":{"@id":"https:\/\/fuentesfidedignas.com.mx\/#organization"},"image":{"@id":"https:\/\/fuentesfidedignas.com.mx\/index.php\/2024\/01\/18\/amlo-planteara-desaparicion-de-organismos-autonomos-en-paquete-de-reformas-del-5-de-febrero\/#primaryimage"},"thumbnailUrl":"https:\/\/fuentesfidedignas.com.mx\/wp-content\/uploads\/2023\/06\/2-amlo.jpeg","articleSection":["NOTICIAS NACIONALES"],"inLanguage":"es","potentialAction":[{"@type":"CommentAction","name":"Comment","target":["https:\/\/fuentesfidedignas.com.mx\/index.php\/2024\/01\/18\/amlo-planteara-desaparicion-de-organismos-autonomos-en-paquete-de-reformas-del-5-de-febrero\/#respond"]}]},{"@type":"WebPage","@id":"https:\/\/fuentesfidedignas.com.mx\/index.php\/2024\/01\/18\/amlo-planteara-desaparicion-de-organismos-autonomos-en-paquete-de-reformas-del-5-de-febrero\/","url":"https:\/\/fuentesfidedignas.com.mx\/index.php\/2024\/01\/18\/amlo-planteara-desaparicion-de-organismos-autonomos-en-paquete-de-reformas-del-5-de-febrero\/","name":"AMLO plantear\u00e1 desaparici\u00f3n de organismos aut\u00f3nomos en nuevo paquete de reformas - Fuentes Fidedignas","isPartOf":{"@id":"https:\/\/fuentesfidedignas.com.mx\/#website"},"primaryImageOfPage":{"@id":"https:\/\/fuentesfidedignas.com.mx\/index.php\/2024\/01\/18\/amlo-planteara-desaparicion-de-organismos-autonomos-en-paquete-de-reformas-del-5-de-febrero\/#primaryimage"},"image":{"@id":"https:\/\/fuentesfidedignas.com.mx\/index.php\/2024\/01\/18\/amlo-planteara-desaparicion-de-organismos-autonomos-en-paquete-de-reformas-del-5-de-febrero\/#primaryimage"},"thumbnailUrl":"https:\/\/fuentesfidedignas.com.mx\/wp-content\/uploads\/2023\/06\/2-amlo.jpeg","datePublished":"2024-01-18T15:19:42+00:00","dateModified":"2024-01-18T15:20:28+00:00","breadcrumb":{"@id":"https:\/\/fuentesfidedignas.com.mx\/index.php\/2024\/01\/18\/amlo-planteara-desaparicion-de-organismos-autonomos-en-paquete-de-reformas-del-5-de-febrero\/#breadcrumb"},"inLanguage":"es","potentialAction":[{"@type":"ReadAction","target":["https:\/\/fuentesfidedignas.com.mx\/index.php\/2024\/01\/18\/amlo-planteara-desaparicion-de-organismos-autonomos-en-paquete-de-reformas-del-5-de-febrero\/"]}]},{"@type":"ImageObject","inLanguage":"es","@id":"https:\/\/fuentesfidedignas.com.mx\/index.php\/2024\/01\/18\/amlo-planteara-desaparicion-de-organismos-autonomos-en-paquete-de-reformas-del-5-de-febrero\/#primaryimage","url":"https:\/\/fuentesfidedignas.com.mx\/wp-content\/uploads\/2023\/06\/2-amlo.jpeg","contentUrl":"https:\/\/fuentesfidedignas.com.mx\/wp-content\/uploads\/2023\/06\/2-amlo.jpeg","width":1440,"height":907},{"@type":"BreadcrumbList","@id":"https:\/\/fuentesfidedignas.com.mx\/index.php\/2024\/01\/18\/amlo-planteara-desaparicion-de-organismos-autonomos-en-paquete-de-reformas-del-5-de-febrero\/#breadcrumb","itemListElement":[{"@type":"ListItem","position":1,"name":"Inicio","item":"https:\/\/fuentesfidedignas.com.mx\/"},{"@type":"ListItem","position":2,"name":"AMLO plantear\u00e1 desaparici\u00f3n de organismos aut\u00f3nomos en nuevo paquete de reformas"}]},{"@type":"WebSite","@id":"https:\/\/fuentesfidedignas.com.mx\/#website","url":"https:\/\/fuentesfidedignas.com.mx\/","name":"Fuentes Fidedignas","description":"Otro sitio realizado con WordPress","publisher":{"@id":"https:\/\/fuentesfidedignas.com.mx\/#organization"},"potentialAction":[{"@type":"SearchAction","target":{"@type":"EntryPoint","urlTemplate":"https:\/\/fuentesfidedignas.com.mx\/?s={search_term_string}"},"query-input":{"@type":"PropertyValueSpecification","valueRequired":true,"valueName":"search_term_string"}}],"inLanguage":"es"},{"@type":"Organization","@id":"https:\/\/fuentesfidedignas.com.mx\/#organization","name":"Fuentes Fidedignas","url":"https:\/\/fuentesfidedignas.com.mx\/","logo":{"@type":"ImageObject","inLanguage":"es","@id":"https:\/\/fuentesfidedignas.com.mx\/#\/schema\/logo\/image\/","url":"https:\/\/fuentesfidedignas.com.mx\/wp-content\/uploads\/2021\/04\/logo-retina.png","contentUrl":"https:\/\/fuentesfidedignas.com.mx\/wp-content\/uploads\/2021\/04\/logo-retina.png","width":280,"height":51,"caption":"Fuentes Fidedignas"},"image":{"@id":"https:\/\/fuentesfidedignas.com.mx\/#\/schema\/logo\/image\/"},"sameAs":["https:\/\/www.facebook.com\/Fuentes-Fidedignas-368234489921644","https:\/\/x.com\/fidedignas"]},{"@type":"Person","@id":"https:\/\/fuentesfidedignas.com.mx\/#\/schema\/person\/67d852f0557c8509146a4b9ddebd543a","name":"L\u00f3pez D\u00f3riga","image":{"@type":"ImageObject","inLanguage":"es","@id":"https:\/\/secure.gravatar.com\/avatar\/e525b06574ca18b33cded59dfe5778d6c823b9513154eff47da551b0551bdd1e?s=96&d=mm&r=g","url":"https:\/\/secure.gravatar.com\/avatar\/e525b06574ca18b33cded59dfe5778d6c823b9513154eff47da551b0551bdd1e?s=96&d=mm&r=g","contentUrl":"https:\/\/secure.gravatar.com\/avatar\/e525b06574ca18b33cded59dfe5778d6c823b9513154eff47da551b0551bdd1e?s=96&d=mm&r=g","caption":"L\u00f3pez D\u00f3riga"},"url":"https:\/\/fuentesfidedignas.com.mx\/index.php\/author\/doriga\/"}]}},"_links":{"self":[{"href":"https:\/\/fuentesfidedignas.com.mx\/index.php\/wp-json\/wp\/v2\/posts\/71049","targetHints":{"allow":["GET"]}}],"collection":[{"href":"https:\/\/fuentesfidedignas.com.mx\/index.php\/wp-json\/wp\/v2\/posts"}],"about":[{"href":"https:\/\/fuentesfidedignas.com.mx\/index.php\/wp-json\/wp\/v2\/types\/post"}],"author":[{"embeddable":true,"href":"https:\/\/fuentesfidedignas.com.mx\/index.php\/wp-json\/wp\/v2\/users\/47"}],"replies":[{"embeddable":true,"href":"https:\/\/fuentesfidedignas.com.mx\/index.php\/wp-json\/wp\/v2\/comments?post=71049"}],"version-history":[{"count":2,"href":"https:\/\/fuentesfidedignas.com.mx\/index.php\/wp-json\/wp\/v2\/posts\/71049\/revisions"}],"predecessor-version":[{"id":71051,"href":"https:\/\/fuentesfidedignas.com.mx\/index.php\/wp-json\/wp\/v2\/posts\/71049\/revisions\/71051"}],"wp:featuredmedia":[{"embeddable":true,"href":"https:\/\/fuentesfidedignas.com.mx\/index.php\/wp-json\/wp\/v2\/media\/49515"}],"wp:attachment":[{"href":"https:\/\/fuentesfidedignas.com.mx\/index.php\/wp-json\/wp\/v2\/media?parent=71049"}],"wp:term":[{"taxonomy":"category","embeddable":true,"href":"https:\/\/fuentesfidedignas.com.mx\/index.php\/wp-json\/wp\/v2\/categories?post=71049"},{"taxonomy":"post_tag","embeddable":true,"href":"https:\/\/fuentesfidedignas.com.mx\/index.php\/wp-json\/wp\/v2\/tags?post=71049"}],"curies":[{"name":"wp","href":"https:\/\/api.w.org\/{rel}","templated":true}]}}