{"id":71016,"date":"2024-01-17T18:02:12","date_gmt":"2024-01-18T01:02:12","guid":{"rendered":"https:\/\/fuentesfidedignas.com.mx\/?p=71016"},"modified":"2024-01-17T18:56:57","modified_gmt":"2024-01-18T01:56:57","slug":"555-estacion-vega-inicia-de-construccion-de-telesecundaria","status":"publish","type":"post","link":"https:\/\/fuentesfidedignas.com.mx\/index.php\/2024\/01\/17\/555-estacion-vega-inicia-de-construccion-de-telesecundaria\/","title":{"rendered":"Compromiso cumplido en Estaci\u00f3n Vega: Inicia de construcci\u00f3n de Telesecundaria"},"content":{"rendered":"\n<p><strong><em>La comunidad, agradecida por la pronta respuesta a su petici\u00f3n, celebra el inicio de la primera fase de la construcci\u00f3n<\/em><\/strong><\/p>\n\n\n\n<p>El Fuerte, Sin.- En un paso significativo hacia el fortalecimiento educativo en Estaci\u00f3n Vega, el Alcalde Gildardo Leyva Ortega y la Secretaria de Educaci\u00f3n, Graciela Dom\u00ednguez Nava, informaron hoy la firma formal ante el notario p\u00fablico, otorgando los derechos del terreno que albergar\u00e1 la nueva telesecundaria en la localidad, la cual ya se encuentra en la primera etapa de su construcci\u00f3n.<\/p>\n\n\n\n<figure class=\"wp-block-image size-large\"><img decoding=\"async\" width=\"1024\" height=\"575\" src=\"https:\/\/fuentesfidedignas.com.mx\/wp-content\/uploads\/2024\/01\/7590961e-61ce-4bf3-a5d9-1d6e428c4cb8-1-1024x575.jpg\" class=\"wp-image-71013\" srcset=\"https:\/\/fuentesfidedignas.com.mx\/wp-content\/uploads\/2024\/01\/7590961e-61ce-4bf3-a5d9-1d6e428c4cb8-1-1024x575.jpg 1024w, https:\/\/fuentesfidedignas.com.mx\/wp-content\/uploads\/2024\/01\/7590961e-61ce-4bf3-a5d9-1d6e428c4cb8-1-300x168.jpg 300w, https:\/\/fuentesfidedignas.com.mx\/wp-content\/uploads\/2024\/01\/7590961e-61ce-4bf3-a5d9-1d6e428c4cb8-1-768x431.jpg 768w, https:\/\/fuentesfidedignas.com.mx\/wp-content\/uploads\/2024\/01\/7590961e-61ce-4bf3-a5d9-1d6e428c4cb8-1-1536x862.jpg 1536w, https:\/\/fuentesfidedignas.com.mx\/wp-content\/uploads\/2024\/01\/7590961e-61ce-4bf3-a5d9-1d6e428c4cb8-1.jpg 1600w\" sizes=\"(max-width: 1024px) 100vw, 1024px\" \/><\/figure>\n\n\n\n<p>Esta acci\u00f3n representa el compromiso decidido de las autoridades locales y estatales con la educaci\u00f3n, proporcionando un espacio adecuado para la formaci\u00f3n de futuras generaciones. La instituci\u00f3n educativa ya ha puesto en marcha la primera etapa de construcci\u00f3n, marcando el inicio de un proyecto que impactar\u00e1 positivamente en la comunidad.<\/p>\n\n\n\n<p>El alcalde Gildardo Leyva, agradeci\u00f3 todo el apoyo a la Secretaria de Educaci\u00f3n y al Gobernador del Estado, para que esta gesti\u00f3n fuera posible, la cual brindar\u00e1 un espacio digno para los estudiantes que tomaban sus clases a la intemperie.<\/p>\n\n\n\n<p>\u201cTen\u00eda que pasar este proceso y gracias a dios ya pas\u00f3, la verdad yo estoy muy contento porque ahora si sus ni\u00f1os van a tener un lugar digno donde vayan a la escuela, para que tengan la certeza de que los que estamos aqu\u00ed no somos pol\u00edticos como los de antes, hacemos las cosas bien y trabajamos por ustedes, por todas las comunidades\u201d, agreg\u00f3.<\/p>\n\n\n\n<figure class=\"wp-block-image size-large\"><img decoding=\"async\" width=\"1024\" height=\"575\" src=\"https:\/\/fuentesfidedignas.com.mx\/wp-content\/uploads\/2024\/01\/c7980ab4-3ee9-402d-9d0f-5fd5e374c75d-1-1024x575.jpg\" class=\"wp-image-71014\" srcset=\"https:\/\/fuentesfidedignas.com.mx\/wp-content\/uploads\/2024\/01\/c7980ab4-3ee9-402d-9d0f-5fd5e374c75d-1-1024x575.jpg 1024w, https:\/\/fuentesfidedignas.com.mx\/wp-content\/uploads\/2024\/01\/c7980ab4-3ee9-402d-9d0f-5fd5e374c75d-1-300x168.jpg 300w, https:\/\/fuentesfidedignas.com.mx\/wp-content\/uploads\/2024\/01\/c7980ab4-3ee9-402d-9d0f-5fd5e374c75d-1-768x431.jpg 768w, https:\/\/fuentesfidedignas.com.mx\/wp-content\/uploads\/2024\/01\/c7980ab4-3ee9-402d-9d0f-5fd5e374c75d-1-1536x862.jpg 1536w, https:\/\/fuentesfidedignas.com.mx\/wp-content\/uploads\/2024\/01\/c7980ab4-3ee9-402d-9d0f-5fd5e374c75d-1.jpg 1600w\" sizes=\"(max-width: 1024px) 100vw, 1024px\" \/><\/figure>\n\n\n\n<p>La respuesta favorable a la petici\u00f3n, presentada el pasado 05 de septiembre, ha generado un sentimiento de gratitud entre los habitantes de Estaci\u00f3n Vega. El compromiso conjunto entre la administraci\u00f3n local y la Secretar\u00eda de Educaci\u00f3n refleja el valor atribuido a la educaci\u00f3n como motor de desarrollo y progreso.<\/p>\n\n\n\n<p>La nueva telesecundaria no solo ser\u00e1 un espacio para la adquisici\u00f3n de conocimientos, sino tambi\u00e9n un punto de encuentro para la comunidad, fortaleciendo los lazos y contribuyendo al bienestar general. La inauguraci\u00f3n de esta instalaci\u00f3n educativa ser\u00e1 un hecho significativo para Estaci\u00f3n Vega, marcando el camino hacia un futuro educativo m\u00e1s prometedor.<\/p>\n","protected":false},"excerpt":{"rendered":"<p>La comunidad, agradecida por la pronta respuesta a su petici\u00f3n, celebra el inicio de la primera fase de la construcci\u00f3n El Fuerte, Sin.- En un paso significativo hacia el fortalecimiento educativo en Estaci\u00f3n Vega, el Alcalde Gildardo Leyva Ortega y la Secretaria de Educaci\u00f3n, Graciela Dom\u00ednguez Nava, informaron hoy la firma formal ante el notario [&hellip;]<\/p>\n","protected":false},"author":4,"featured_media":71015,"comment_status":"open","ping_status":"open","sticky":false,"template":"","format":"standard","meta":{"tdm_status":"","tdm_grid_status":"","footnotes":""},"categories":[1],"tags":[],"class_list":{"0":"post-71016","1":"post","2":"type-post","3":"status-publish","4":"format-standard","5":"has-post-thumbnail","7":"category-sin-categoria"},"yoast_head":"<!-- This site is optimized with the Yoast SEO plugin v27.5 - https:\/\/yoast.com\/product\/yoast-seo-wordpress\/ -->\n<title>Compromiso cumplido en Estaci\u00f3n Vega: Inicia de construcci\u00f3n de Telesecundaria - Fuentes Fidedignas<\/title>\n<meta name=\"robots\" content=\"index, follow, max-snippet:-1, max-image-preview:large, max-video-preview:-1\" \/>\n<link rel=\"canonical\" href=\"https:\/\/fuentesfidedignas.com.mx\/index.php\/2024\/01\/17\/555-estacion-vega-inicia-de-construccion-de-telesecundaria\/\" \/>\n<meta property=\"og:locale\" content=\"es_MX\" \/>\n<meta property=\"og:type\" content=\"article\" \/>\n<meta property=\"og:title\" content=\"Compromiso cumplido en Estaci\u00f3n Vega: Inicia de construcci\u00f3n de Telesecundaria - Fuentes Fidedignas\" \/>\n<meta property=\"og:description\" content=\"La comunidad, agradecida por la pronta respuesta a su petici\u00f3n, celebra el inicio de la primera fase de la construcci\u00f3n El Fuerte, Sin.- En un paso significativo hacia el fortalecimiento educativo en Estaci\u00f3n Vega, el Alcalde Gildardo Leyva Ortega y la Secretaria de Educaci\u00f3n, Graciela Dom\u00ednguez Nava, informaron hoy la firma formal ante el notario [&hellip;]\" \/>\n<meta property=\"og:url\" content=\"https:\/\/fuentesfidedignas.com.mx\/index.php\/2024\/01\/17\/555-estacion-vega-inicia-de-construccion-de-telesecundaria\/\" \/>\n<meta property=\"og:site_name\" content=\"Fuentes Fidedignas\" \/>\n<meta property=\"article:publisher\" content=\"https:\/\/www.facebook.com\/Fuentes-Fidedignas-368234489921644\" \/>\n<meta property=\"article:published_time\" content=\"2024-01-18T01:02:12+00:00\" \/>\n<meta property=\"article:modified_time\" content=\"2024-01-18T01:56:57+00:00\" \/>\n<meta property=\"og:image\" content=\"https:\/\/fuentesfidedignas.com.mx\/wp-content\/uploads\/2024\/01\/68b13eb7-1c42-4af2-a2a3-2bf88abfe3e6-1-e1705543012642.jpg\" \/>\n\t<meta property=\"og:image:width\" content=\"600\" \/>\n\t<meta property=\"og:image:height\" content=\"337\" \/>\n\t<meta property=\"og:image:type\" content=\"image\/jpeg\" \/>\n<meta name=\"author\" content=\"Redacci\u00f3n\" \/>\n<meta name=\"twitter:card\" content=\"summary_large_image\" \/>\n<meta name=\"twitter:creator\" content=\"@fidedignas\" \/>\n<meta name=\"twitter:site\" content=\"@fidedignas\" \/>\n<meta name=\"twitter:label1\" content=\"Escrito por\" \/>\n\t<meta name=\"twitter:data1\" content=\"Redacci\u00f3n\" \/>\n\t<meta name=\"twitter:label2\" content=\"Tiempo de lectura\" \/>\n\t<meta name=\"twitter:data2\" content=\"3 minutos\" \/>\n<script type=\"application\/ld+json\" class=\"yoast-schema-graph\">{\"@context\":\"https:\\\/\\\/schema.org\",\"@graph\":[{\"@type\":\"Article\",\"@id\":\"https:\\\/\\\/fuentesfidedignas.com.mx\\\/index.php\\\/2024\\\/01\\\/17\\\/555-estacion-vega-inicia-de-construccion-de-telesecundaria\\\/#article\",\"isPartOf\":{\"@id\":\"https:\\\/\\\/fuentesfidedignas.com.mx\\\/index.php\\\/2024\\\/01\\\/17\\\/555-estacion-vega-inicia-de-construccion-de-telesecundaria\\\/\"},\"author\":{\"name\":\"Redacci\u00f3n\",\"@id\":\"https:\\\/\\\/fuentesfidedignas.com.mx\\\/#\\\/schema\\\/person\\\/331be9283d37198e2acd5750279085b0\"},\"headline\":\"Compromiso cumplido en Estaci\u00f3n Vega: Inicia de construcci\u00f3n de Telesecundaria\",\"datePublished\":\"2024-01-18T01:02:12+00:00\",\"dateModified\":\"2024-01-18T01:56:57+00:00\",\"mainEntityOfPage\":{\"@id\":\"https:\\\/\\\/fuentesfidedignas.com.mx\\\/index.php\\\/2024\\\/01\\\/17\\\/555-estacion-vega-inicia-de-construccion-de-telesecundaria\\\/\"},\"wordCount\":377,\"commentCount\":0,\"publisher\":{\"@id\":\"https:\\\/\\\/fuentesfidedignas.com.mx\\\/#organization\"},\"image\":{\"@id\":\"https:\\\/\\\/fuentesfidedignas.com.mx\\\/index.php\\\/2024\\\/01\\\/17\\\/555-estacion-vega-inicia-de-construccion-de-telesecundaria\\\/#primaryimage\"},\"thumbnailUrl\":\"https:\\\/\\\/fuentesfidedignas.com.mx\\\/wp-content\\\/uploads\\\/2024\\\/01\\\/68b13eb7-1c42-4af2-a2a3-2bf88abfe3e6-1-e1705543012642.jpg\",\"inLanguage\":\"es\",\"potentialAction\":[{\"@type\":\"CommentAction\",\"name\":\"Comment\",\"target\":[\"https:\\\/\\\/fuentesfidedignas.com.mx\\\/index.php\\\/2024\\\/01\\\/17\\\/555-estacion-vega-inicia-de-construccion-de-telesecundaria\\\/#respond\"]}]},{\"@type\":\"WebPage\",\"@id\":\"https:\\\/\\\/fuentesfidedignas.com.mx\\\/index.php\\\/2024\\\/01\\\/17\\\/555-estacion-vega-inicia-de-construccion-de-telesecundaria\\\/\",\"url\":\"https:\\\/\\\/fuentesfidedignas.com.mx\\\/index.php\\\/2024\\\/01\\\/17\\\/555-estacion-vega-inicia-de-construccion-de-telesecundaria\\\/\",\"name\":\"Compromiso cumplido en Estaci\u00f3n Vega: Inicia de construcci\u00f3n de Telesecundaria - Fuentes Fidedignas\",\"isPartOf\":{\"@id\":\"https:\\\/\\\/fuentesfidedignas.com.mx\\\/#website\"},\"primaryImageOfPage\":{\"@id\":\"https:\\\/\\\/fuentesfidedignas.com.mx\\\/index.php\\\/2024\\\/01\\\/17\\\/555-estacion-vega-inicia-de-construccion-de-telesecundaria\\\/#primaryimage\"},\"image\":{\"@id\":\"https:\\\/\\\/fuentesfidedignas.com.mx\\\/index.php\\\/2024\\\/01\\\/17\\\/555-estacion-vega-inicia-de-construccion-de-telesecundaria\\\/#primaryimage\"},\"thumbnailUrl\":\"https:\\\/\\\/fuentesfidedignas.com.mx\\\/wp-content\\\/uploads\\\/2024\\\/01\\\/68b13eb7-1c42-4af2-a2a3-2bf88abfe3e6-1-e1705543012642.jpg\",\"datePublished\":\"2024-01-18T01:02:12+00:00\",\"dateModified\":\"2024-01-18T01:56:57+00:00\",\"breadcrumb\":{\"@id\":\"https:\\\/\\\/fuentesfidedignas.com.mx\\\/index.php\\\/2024\\\/01\\\/17\\\/555-estacion-vega-inicia-de-construccion-de-telesecundaria\\\/#breadcrumb\"},\"inLanguage\":\"es\",\"potentialAction\":[{\"@type\":\"ReadAction\",\"target\":[\"https:\\\/\\\/fuentesfidedignas.com.mx\\\/index.php\\\/2024\\\/01\\\/17\\\/555-estacion-vega-inicia-de-construccion-de-telesecundaria\\\/\"]}]},{\"@type\":\"ImageObject\",\"inLanguage\":\"es\",\"@id\":\"https:\\\/\\\/fuentesfidedignas.com.mx\\\/index.php\\\/2024\\\/01\\\/17\\\/555-estacion-vega-inicia-de-construccion-de-telesecundaria\\\/#primaryimage\",\"url\":\"https:\\\/\\\/fuentesfidedignas.com.mx\\\/wp-content\\\/uploads\\\/2024\\\/01\\\/68b13eb7-1c42-4af2-a2a3-2bf88abfe3e6-1-e1705543012642.jpg\",\"contentUrl\":\"https:\\\/\\\/fuentesfidedignas.com.mx\\\/wp-content\\\/uploads\\\/2024\\\/01\\\/68b13eb7-1c42-4af2-a2a3-2bf88abfe3e6-1-e1705543012642.jpg\",\"width\":600,\"height\":337},{\"@type\":\"BreadcrumbList\",\"@id\":\"https:\\\/\\\/fuentesfidedignas.com.mx\\\/index.php\\\/2024\\\/01\\\/17\\\/555-estacion-vega-inicia-de-construccion-de-telesecundaria\\\/#breadcrumb\",\"itemListElement\":[{\"@type\":\"ListItem\",\"position\":1,\"name\":\"Inicio\",\"item\":\"https:\\\/\\\/fuentesfidedignas.com.mx\\\/\"},{\"@type\":\"ListItem\",\"position\":2,\"name\":\"Compromiso cumplido en Estaci\u00f3n Vega: Inicia de construcci\u00f3n de Telesecundaria\"}]},{\"@type\":\"WebSite\",\"@id\":\"https:\\\/\\\/fuentesfidedignas.com.mx\\\/#website\",\"url\":\"https:\\\/\\\/fuentesfidedignas.com.mx\\\/\",\"name\":\"Fuentes Fidedignas\",\"description\":\"Otro sitio realizado con WordPress\",\"publisher\":{\"@id\":\"https:\\\/\\\/fuentesfidedignas.com.mx\\\/#organization\"},\"potentialAction\":[{\"@type\":\"SearchAction\",\"target\":{\"@type\":\"EntryPoint\",\"urlTemplate\":\"https:\\\/\\\/fuentesfidedignas.com.mx\\\/?s={search_term_string}\"},\"query-input\":{\"@type\":\"PropertyValueSpecification\",\"valueRequired\":true,\"valueName\":\"search_term_string\"}}],\"inLanguage\":\"es\"},{\"@type\":\"Organization\",\"@id\":\"https:\\\/\\\/fuentesfidedignas.com.mx\\\/#organization\",\"name\":\"Fuentes Fidedignas\",\"url\":\"https:\\\/\\\/fuentesfidedignas.com.mx\\\/\",\"logo\":{\"@type\":\"ImageObject\",\"inLanguage\":\"es\",\"@id\":\"https:\\\/\\\/fuentesfidedignas.com.mx\\\/#\\\/schema\\\/logo\\\/image\\\/\",\"url\":\"https:\\\/\\\/fuentesfidedignas.com.mx\\\/wp-content\\\/uploads\\\/2021\\\/04\\\/logo-retina.png\",\"contentUrl\":\"https:\\\/\\\/fuentesfidedignas.com.mx\\\/wp-content\\\/uploads\\\/2021\\\/04\\\/logo-retina.png\",\"width\":280,\"height\":51,\"caption\":\"Fuentes Fidedignas\"},\"image\":{\"@id\":\"https:\\\/\\\/fuentesfidedignas.com.mx\\\/#\\\/schema\\\/logo\\\/image\\\/\"},\"sameAs\":[\"https:\\\/\\\/www.facebook.com\\\/Fuentes-Fidedignas-368234489921644\",\"https:\\\/\\\/x.com\\\/fidedignas\"]},{\"@type\":\"Person\",\"@id\":\"https:\\\/\\\/fuentesfidedignas.com.mx\\\/#\\\/schema\\\/person\\\/331be9283d37198e2acd5750279085b0\",\"name\":\"Redacci\u00f3n\",\"image\":{\"@type\":\"ImageObject\",\"inLanguage\":\"es\",\"@id\":\"https:\\\/\\\/secure.gravatar.com\\\/avatar\\\/f6d8782c11d12b2d4ad3fbb6931aeab5309937a4d6cd2fc9cfaa28a6396a5aec?s=96&d=mm&r=g\",\"url\":\"https:\\\/\\\/secure.gravatar.com\\\/avatar\\\/f6d8782c11d12b2d4ad3fbb6931aeab5309937a4d6cd2fc9cfaa28a6396a5aec?s=96&d=mm&r=g\",\"contentUrl\":\"https:\\\/\\\/secure.gravatar.com\\\/avatar\\\/f6d8782c11d12b2d4ad3fbb6931aeab5309937a4d6cd2fc9cfaa28a6396a5aec?s=96&d=mm&r=g\",\"caption\":\"Redacci\u00f3n\"},\"url\":\"https:\\\/\\\/fuentesfidedignas.com.mx\\\/index.php\\\/author\\\/redaccion\\\/\"}]}<\/script>\n<!-- \/ Yoast SEO plugin. -->","yoast_head_json":{"title":"Compromiso cumplido en Estaci\u00f3n Vega: Inicia de construcci\u00f3n de Telesecundaria - Fuentes Fidedignas","robots":{"index":"index","follow":"follow","max-snippet":"max-snippet:-1","max-image-preview":"max-image-preview:large","max-video-preview":"max-video-preview:-1"},"canonical":"https:\/\/fuentesfidedignas.com.mx\/index.php\/2024\/01\/17\/555-estacion-vega-inicia-de-construccion-de-telesecundaria\/","og_locale":"es_MX","og_type":"article","og_title":"Compromiso cumplido en Estaci\u00f3n Vega: Inicia de construcci\u00f3n de Telesecundaria - Fuentes Fidedignas","og_description":"La comunidad, agradecida por la pronta respuesta a su petici\u00f3n, celebra el inicio de la primera fase de la construcci\u00f3n El Fuerte, Sin.- En un paso significativo hacia el fortalecimiento educativo en Estaci\u00f3n Vega, el Alcalde Gildardo Leyva Ortega y la Secretaria de Educaci\u00f3n, Graciela Dom\u00ednguez Nava, informaron hoy la firma formal ante el notario [&hellip;]","og_url":"https:\/\/fuentesfidedignas.com.mx\/index.php\/2024\/01\/17\/555-estacion-vega-inicia-de-construccion-de-telesecundaria\/","og_site_name":"Fuentes Fidedignas","article_publisher":"https:\/\/www.facebook.com\/Fuentes-Fidedignas-368234489921644","article_published_time":"2024-01-18T01:02:12+00:00","article_modified_time":"2024-01-18T01:56:57+00:00","og_image":[{"width":600,"height":337,"url":"https:\/\/fuentesfidedignas.com.mx\/wp-content\/uploads\/2024\/01\/68b13eb7-1c42-4af2-a2a3-2bf88abfe3e6-1-e1705543012642.jpg","type":"image\/jpeg"}],"author":"Redacci\u00f3n","twitter_card":"summary_large_image","twitter_creator":"@fidedignas","twitter_site":"@fidedignas","twitter_misc":{"Escrito por":"Redacci\u00f3n","Tiempo de lectura":"3 minutos"},"schema":{"@context":"https:\/\/schema.org","@graph":[{"@type":"Article","@id":"https:\/\/fuentesfidedignas.com.mx\/index.php\/2024\/01\/17\/555-estacion-vega-inicia-de-construccion-de-telesecundaria\/#article","isPartOf":{"@id":"https:\/\/fuentesfidedignas.com.mx\/index.php\/2024\/01\/17\/555-estacion-vega-inicia-de-construccion-de-telesecundaria\/"},"author":{"name":"Redacci\u00f3n","@id":"https:\/\/fuentesfidedignas.com.mx\/#\/schema\/person\/331be9283d37198e2acd5750279085b0"},"headline":"Compromiso cumplido en Estaci\u00f3n Vega: Inicia de construcci\u00f3n de Telesecundaria","datePublished":"2024-01-18T01:02:12+00:00","dateModified":"2024-01-18T01:56:57+00:00","mainEntityOfPage":{"@id":"https:\/\/fuentesfidedignas.com.mx\/index.php\/2024\/01\/17\/555-estacion-vega-inicia-de-construccion-de-telesecundaria\/"},"wordCount":377,"commentCount":0,"publisher":{"@id":"https:\/\/fuentesfidedignas.com.mx\/#organization"},"image":{"@id":"https:\/\/fuentesfidedignas.com.mx\/index.php\/2024\/01\/17\/555-estacion-vega-inicia-de-construccion-de-telesecundaria\/#primaryimage"},"thumbnailUrl":"https:\/\/fuentesfidedignas.com.mx\/wp-content\/uploads\/2024\/01\/68b13eb7-1c42-4af2-a2a3-2bf88abfe3e6-1-e1705543012642.jpg","inLanguage":"es","potentialAction":[{"@type":"CommentAction","name":"Comment","target":["https:\/\/fuentesfidedignas.com.mx\/index.php\/2024\/01\/17\/555-estacion-vega-inicia-de-construccion-de-telesecundaria\/#respond"]}]},{"@type":"WebPage","@id":"https:\/\/fuentesfidedignas.com.mx\/index.php\/2024\/01\/17\/555-estacion-vega-inicia-de-construccion-de-telesecundaria\/","url":"https:\/\/fuentesfidedignas.com.mx\/index.php\/2024\/01\/17\/555-estacion-vega-inicia-de-construccion-de-telesecundaria\/","name":"Compromiso cumplido en Estaci\u00f3n Vega: Inicia de construcci\u00f3n de Telesecundaria - Fuentes Fidedignas","isPartOf":{"@id":"https:\/\/fuentesfidedignas.com.mx\/#website"},"primaryImageOfPage":{"@id":"https:\/\/fuentesfidedignas.com.mx\/index.php\/2024\/01\/17\/555-estacion-vega-inicia-de-construccion-de-telesecundaria\/#primaryimage"},"image":{"@id":"https:\/\/fuentesfidedignas.com.mx\/index.php\/2024\/01\/17\/555-estacion-vega-inicia-de-construccion-de-telesecundaria\/#primaryimage"},"thumbnailUrl":"https:\/\/fuentesfidedignas.com.mx\/wp-content\/uploads\/2024\/01\/68b13eb7-1c42-4af2-a2a3-2bf88abfe3e6-1-e1705543012642.jpg","datePublished":"2024-01-18T01:02:12+00:00","dateModified":"2024-01-18T01:56:57+00:00","breadcrumb":{"@id":"https:\/\/fuentesfidedignas.com.mx\/index.php\/2024\/01\/17\/555-estacion-vega-inicia-de-construccion-de-telesecundaria\/#breadcrumb"},"inLanguage":"es","potentialAction":[{"@type":"ReadAction","target":["https:\/\/fuentesfidedignas.com.mx\/index.php\/2024\/01\/17\/555-estacion-vega-inicia-de-construccion-de-telesecundaria\/"]}]},{"@type":"ImageObject","inLanguage":"es","@id":"https:\/\/fuentesfidedignas.com.mx\/index.php\/2024\/01\/17\/555-estacion-vega-inicia-de-construccion-de-telesecundaria\/#primaryimage","url":"https:\/\/fuentesfidedignas.com.mx\/wp-content\/uploads\/2024\/01\/68b13eb7-1c42-4af2-a2a3-2bf88abfe3e6-1-e1705543012642.jpg","contentUrl":"https:\/\/fuentesfidedignas.com.mx\/wp-content\/uploads\/2024\/01\/68b13eb7-1c42-4af2-a2a3-2bf88abfe3e6-1-e1705543012642.jpg","width":600,"height":337},{"@type":"BreadcrumbList","@id":"https:\/\/fuentesfidedignas.com.mx\/index.php\/2024\/01\/17\/555-estacion-vega-inicia-de-construccion-de-telesecundaria\/#breadcrumb","itemListElement":[{"@type":"ListItem","position":1,"name":"Inicio","item":"https:\/\/fuentesfidedignas.com.mx\/"},{"@type":"ListItem","position":2,"name":"Compromiso cumplido en Estaci\u00f3n Vega: Inicia de construcci\u00f3n de Telesecundaria"}]},{"@type":"WebSite","@id":"https:\/\/fuentesfidedignas.com.mx\/#website","url":"https:\/\/fuentesfidedignas.com.mx\/","name":"Fuentes Fidedignas","description":"Otro sitio realizado con WordPress","publisher":{"@id":"https:\/\/fuentesfidedignas.com.mx\/#organization"},"potentialAction":[{"@type":"SearchAction","target":{"@type":"EntryPoint","urlTemplate":"https:\/\/fuentesfidedignas.com.mx\/?s={search_term_string}"},"query-input":{"@type":"PropertyValueSpecification","valueRequired":true,"valueName":"search_term_string"}}],"inLanguage":"es"},{"@type":"Organization","@id":"https:\/\/fuentesfidedignas.com.mx\/#organization","name":"Fuentes Fidedignas","url":"https:\/\/fuentesfidedignas.com.mx\/","logo":{"@type":"ImageObject","inLanguage":"es","@id":"https:\/\/fuentesfidedignas.com.mx\/#\/schema\/logo\/image\/","url":"https:\/\/fuentesfidedignas.com.mx\/wp-content\/uploads\/2021\/04\/logo-retina.png","contentUrl":"https:\/\/fuentesfidedignas.com.mx\/wp-content\/uploads\/2021\/04\/logo-retina.png","width":280,"height":51,"caption":"Fuentes Fidedignas"},"image":{"@id":"https:\/\/fuentesfidedignas.com.mx\/#\/schema\/logo\/image\/"},"sameAs":["https:\/\/www.facebook.com\/Fuentes-Fidedignas-368234489921644","https:\/\/x.com\/fidedignas"]},{"@type":"Person","@id":"https:\/\/fuentesfidedignas.com.mx\/#\/schema\/person\/331be9283d37198e2acd5750279085b0","name":"Redacci\u00f3n","image":{"@type":"ImageObject","inLanguage":"es","@id":"https:\/\/secure.gravatar.com\/avatar\/f6d8782c11d12b2d4ad3fbb6931aeab5309937a4d6cd2fc9cfaa28a6396a5aec?s=96&d=mm&r=g","url":"https:\/\/secure.gravatar.com\/avatar\/f6d8782c11d12b2d4ad3fbb6931aeab5309937a4d6cd2fc9cfaa28a6396a5aec?s=96&d=mm&r=g","contentUrl":"https:\/\/secure.gravatar.com\/avatar\/f6d8782c11d12b2d4ad3fbb6931aeab5309937a4d6cd2fc9cfaa28a6396a5aec?s=96&d=mm&r=g","caption":"Redacci\u00f3n"},"url":"https:\/\/fuentesfidedignas.com.mx\/index.php\/author\/redaccion\/"}]}},"_links":{"self":[{"href":"https:\/\/fuentesfidedignas.com.mx\/index.php\/wp-json\/wp\/v2\/posts\/71016","targetHints":{"allow":["GET"]}}],"collection":[{"href":"https:\/\/fuentesfidedignas.com.mx\/index.php\/wp-json\/wp\/v2\/posts"}],"about":[{"href":"https:\/\/fuentesfidedignas.com.mx\/index.php\/wp-json\/wp\/v2\/types\/post"}],"author":[{"embeddable":true,"href":"https:\/\/fuentesfidedignas.com.mx\/index.php\/wp-json\/wp\/v2\/users\/4"}],"replies":[{"embeddable":true,"href":"https:\/\/fuentesfidedignas.com.mx\/index.php\/wp-json\/wp\/v2\/comments?post=71016"}],"version-history":[{"count":1,"href":"https:\/\/fuentesfidedignas.com.mx\/index.php\/wp-json\/wp\/v2\/posts\/71016\/revisions"}],"predecessor-version":[{"id":71017,"href":"https:\/\/fuentesfidedignas.com.mx\/index.php\/wp-json\/wp\/v2\/posts\/71016\/revisions\/71017"}],"wp:featuredmedia":[{"embeddable":true,"href":"https:\/\/fuentesfidedignas.com.mx\/index.php\/wp-json\/wp\/v2\/media\/71015"}],"wp:attachment":[{"href":"https:\/\/fuentesfidedignas.com.mx\/index.php\/wp-json\/wp\/v2\/media?parent=71016"}],"wp:term":[{"taxonomy":"category","embeddable":true,"href":"https:\/\/fuentesfidedignas.com.mx\/index.php\/wp-json\/wp\/v2\/categories?post=71016"},{"taxonomy":"post_tag","embeddable":true,"href":"https:\/\/fuentesfidedignas.com.mx\/index.php\/wp-json\/wp\/v2\/tags?post=71016"}],"curies":[{"name":"wp","href":"https:\/\/api.w.org\/{rel}","templated":true}]}}