{"id":70999,"date":"2024-01-18T05:51:19","date_gmt":"2024-01-18T12:51:19","guid":{"rendered":"https:\/\/fuentesfidedignas.com.mx\/?p=70999"},"modified":"2024-01-17T17:58:59","modified_gmt":"2024-01-18T00:58:59","slug":"fuera-estereotipos-joven-realiza-fiesta-de-xv-anos-con-todo-y-chambelanas-video","status":"publish","type":"post","link":"https:\/\/fuentesfidedignas.com.mx\/index.php\/2024\/01\/18\/fuera-estereotipos-joven-realiza-fiesta-de-xv-anos-con-todo-y-chambelanas-video\/","title":{"rendered":"\u00a1Fuera estereotipos! Joven realiza fiesta de XV a\u00f1os con todo y &#8216;chambelanas&#8217; (video)"},"content":{"rendered":"\n<p><strong><em>Este adolescente llam\u00f3 la atenci\u00f3n de muchos al compartir c\u00f3mo fueron los preparativos para su fiesta de XV a\u00f1os.<\/em><\/strong><\/p>\n\n\n\n<p>La fiesta de XV a\u00f1os es uno de los momentos que m\u00e1s anhelan varias adolescentes y aunque se sabe que este festejo es com\u00fan que lo celebren las j\u00f3venes, en la actualidad gracias a la apertura y el dejar atr\u00e1s los estereotipos, se han dado a conocer casos de jovencitos que tambi\u00e9n han realizado sus XV a\u00f1os.<\/p>\n\n\n\n<p>Tal es el caso de Franco_david31, un joven usuario de TikTok que comparti\u00f3 con sus seguidores a trav\u00e9s de dicha plataforma de videos c\u00f3mo fue realiz\u00f3 su fiesta de XV a\u00f1os, algo que le hizo mucha ilusi\u00f3n.<\/p>\n\n\n\n<p>En una serie de videos, el jovencito comparti\u00f3 fotos y algunos clips de c\u00f3mo es que iba organizando su fiesta. Lo primero que mostr\u00f3 es que fue a comprar el traje que utilizar\u00eda para ese d\u00eda tan especial.<\/p>\n\n\n\n<p>Tambi\u00e9n mostr\u00f3 los adornos que compr\u00f3 para colocarlos en el lugar en donde fue su fiesta de XV a\u00f1os, as\u00ed como los ensayos que tuvo con sus \u201cchambelanas\u201d, a quienes \u00e9l llamaba damas.<\/p>\n\n\n\n<blockquote class=\"tiktok-embed\" cite=\"https:\/\/www.tiktok.com\/@franco_david31\/video\/7107821884468776197\" data-video-id=\"7107821884468776197\" style=\"max-width: 605px;min-width: 325px;\" > <section> <a target=\"_blank\" title=\"@franco_david31\" href=\"https:\/\/www.tiktok.com\/@franco_david31?refer=embed\" rel=\"noopener\">@franco_david31<\/a> C\u00f3mo fueron mis xv.\u2764\ufe0f\ud83e\udd70 <a title=\"fyp\u30b7\" target=\"_blank\" href=\"https:\/\/www.tiktok.com\/tag\/fyp%E3%82%B7?refer=embed\" rel=\"noopener\">#fyp\u30b7<\/a> <a title=\"xyzbca\" target=\"_blank\" href=\"https:\/\/www.tiktok.com\/tag\/xyzbca?refer=embed\" rel=\"noopener\">#xyzbca<\/a> <a title=\"parati\" target=\"_blank\" href=\"https:\/\/www.tiktok.com\/tag\/parati?refer=embed\" rel=\"noopener\">#parati<\/a> <a title=\"fypppppp\" target=\"_blank\" href=\"https:\/\/www.tiktok.com\/tag\/fypppppp?refer=embed\" rel=\"noopener\">#fypppppp<\/a> <a title=\"foryou\" target=\"_blank\" href=\"https:\/\/www.tiktok.com\/tag\/foryou?refer=embed\" rel=\"noopener\">#foryou<\/a> <a title=\"xva\u00f1os\" target=\"_blank\" href=\"https:\/\/www.tiktok.com\/tag\/xva%C3%B1os?refer=embed\" rel=\"noopener\">#xva\u00f1os<\/a> <a target=\"_blank\" title=\"\u266c La Boda del Huitlacoche - En Vivo - Carin Leon\" href=\"https:\/\/www.tiktok.com\/music\/La-Boda-del-Huitlacoche-En-Vivo-6904836130126956545?refer=embed\" rel=\"noopener\">\u266c La Boda del Huitlacoche &#8211; En Vivo &#8211; Carin Leon<\/a> <\/section> <\/blockquote> <script async src=\"https:\/\/www.tiktok.com\/embed.js\"><\/script>\n\n\n\n<p>En las im\u00e1genes que comparti\u00f3, mostr\u00f3 una foto que se tom\u00f3 con su mam\u00e1 en la iglesia. La se\u00f1ora portaba un vestido color rojo que combinaba con el mo\u00f1o y otros detalles que el quincea\u00f1ero portaba en su traje.<\/p>\n\n\n\n<blockquote class=\"tiktok-embed\" cite=\"https:\/\/www.tiktok.com\/@franco_david31\/video\/7107824871400279301\" data-video-id=\"7107824871400279301\" style=\"max-width: 605px;min-width: 325px;\" > <section> <a target=\"_blank\" title=\"@franco_david31\" href=\"https:\/\/www.tiktok.com\/@franco_david31?refer=embed\" rel=\"noopener\">@franco_david31<\/a> Estuvo muy bonito.\ud83e\udd70 <a title=\"fyp\u30b7\" target=\"_blank\" href=\"https:\/\/www.tiktok.com\/tag\/fyp%E3%82%B7?refer=embed\" rel=\"noopener\">#fyp\u30b7<\/a> <a title=\"xyzbca\" target=\"_blank\" href=\"https:\/\/www.tiktok.com\/tag\/xyzbca?refer=embed\" rel=\"noopener\">#xyzbca<\/a> <a title=\"parati\" target=\"_blank\" href=\"https:\/\/www.tiktok.com\/tag\/parati?refer=embed\" rel=\"noopener\">#parati<\/a> <a title=\"fypppppp\" target=\"_blank\" href=\"https:\/\/www.tiktok.com\/tag\/fypppppp?refer=embed\" rel=\"noopener\">#fypppppp<\/a> <a title=\"foryou\" target=\"_blank\" href=\"https:\/\/www.tiktok.com\/tag\/foryou?refer=embed\" rel=\"noopener\">#foryou<\/a> <a title=\"xva\u00f1os\" target=\"_blank\" href=\"https:\/\/www.tiktok.com\/tag\/xva%C3%B1os?refer=embed\" rel=\"noopener\">#xva\u00f1os<\/a> <a title=\"onlyinmycalvins\" target=\"_blank\" href=\"https:\/\/www.tiktok.com\/tag\/onlyinmycalvins?refer=embed\" rel=\"noopener\">#onlyinmycalvins<\/a> <a target=\"_blank\" title=\"\u266c La Boda del Huitlacoche - En Vivo - Carin Leon\" href=\"https:\/\/www.tiktok.com\/music\/La-Boda-del-Huitlacoche-En-Vivo-6904836130126956545?refer=embed\" rel=\"noopener\">\u266c La Boda del Huitlacoche &#8211; En Vivo &#8211; Carin Leon<\/a> <\/section> <\/blockquote> <script async src=\"https:\/\/www.tiktok.com\/embed.js\"><\/script>\n\n\n\n<p>En un segundo video, el joven mostr\u00f3 algunos momentos de su fiesta en la cual estuvo rodeado de su familia y amigos. El quincea\u00f1ero coment\u00f3 que uno de los momentos m\u00e1s emotivos de la noche fue cuando bail\u00f3 con su mam\u00e1, ya que no pudo contener las l\u00e1grimas y comenz\u00f3 a llorar.<\/p>\n\n\n\n<p>Todos estos videos se volvieron virales en TikTok y muchas personas no dudaron en felicitar al joven por haber hecho su fiesta de XV a\u00f1os y sobre todo por romper con los estereotipos que dicta la sociedad.<\/p>\n\n\n\n<p>\u201cCon este video me decido a hacerle sus XV a\u00f1os a mi hijo\u201d, \u201cQu\u00e9 bonito\u201d, \u201cDemasiado bonito todo\u201d, \u201cLos XV a\u00f1os m\u00e1s hermosos que he visto\u201d, \u201cNo porque sea hombre significa que no pueda tener XV, bien hecho\u201d, \u201cOjal\u00e1 m\u00e1s hombres se animaran a hacer sus XV a\u00f1os\u201d, \u201c\u00bfQui\u00e9n dijo que los hombres no pueden tener XV a\u00f1os?\u201d.<\/p>\n\n\n\n<blockquote class=\"tiktok-embed\" cite=\"https:\/\/www.tiktok.com\/@franco_david31\/video\/7107826675789876485\" data-video-id=\"7107826675789876485\" style=\"max-width: 605px;min-width: 325px;\" > <section> <a target=\"_blank\" title=\"@franco_david31\" href=\"https:\/\/www.tiktok.com\/@franco_david31?refer=embed\" rel=\"noopener\">@franco_david31<\/a> Fue de lo mejor.\u2764\ufe0f <a title=\"fyp\u30b7\" target=\"_blank\" href=\"https:\/\/www.tiktok.com\/tag\/fyp%E3%82%B7?refer=embed\" rel=\"noopener\">#fyp\u30b7<\/a> <a title=\"xyzbca\" target=\"_blank\" href=\"https:\/\/www.tiktok.com\/tag\/xyzbca?refer=embed\" rel=\"noopener\">#xyzbca<\/a> <a title=\"parati\" target=\"_blank\" href=\"https:\/\/www.tiktok.com\/tag\/parati?refer=embed\" rel=\"noopener\">#parati<\/a> <a title=\"fypppppp\" target=\"_blank\" href=\"https:\/\/www.tiktok.com\/tag\/fypppppp?refer=embed\" rel=\"noopener\">#fypppppp<\/a> <a title=\"foryou\" target=\"_blank\" href=\"https:\/\/www.tiktok.com\/tag\/foryou?refer=embed\" rel=\"noopener\">#foryou<\/a> <a title=\"xva\u00f1os\" target=\"_blank\" href=\"https:\/\/www.tiktok.com\/tag\/xva%C3%B1os?refer=embed\" rel=\"noopener\">#xva\u00f1os<\/a> <a target=\"_blank\" title=\"\u266c La Boda del Huitlacoche - En Vivo - Carin Leon\" href=\"https:\/\/www.tiktok.com\/music\/La-Boda-del-Huitlacoche-En-Vivo-6904836130126956545?refer=embed\" rel=\"noopener\">\u266c La Boda del Huitlacoche &#8211; En Vivo &#8211; Carin Leon<\/a> <\/section> <\/blockquote> <script async src=\"https:\/\/www.tiktok.com\/embed.js\"><\/script>\n","protected":false},"excerpt":{"rendered":"<p>Este adolescente llam\u00f3 la atenci\u00f3n de muchos al compartir c\u00f3mo fueron los preparativos para su fiesta de XV a\u00f1os. La fiesta de XV a\u00f1os es uno de los momentos que m\u00e1s anhelan varias adolescentes y aunque se sabe que este festejo es com\u00fan que lo celebren las j\u00f3venes, en la actualidad gracias a la apertura [&hellip;]<\/p>\n","protected":false},"author":7,"featured_media":71005,"comment_status":"open","ping_status":"open","sticky":false,"template":"","format":"standard","meta":{"tdm_status":"","tdm_grid_status":"","footnotes":""},"categories":[40],"tags":[],"class_list":{"0":"post-70999","1":"post","2":"type-post","3":"status-publish","4":"format-standard","5":"has-post-thumbnail","7":"category-las-asombrosas"},"yoast_head":"<!-- This site is optimized with the Yoast SEO plugin v27.5 - https:\/\/yoast.com\/product\/yoast-seo-wordpress\/ -->\n<title>\u00a1Fuera estereotipos! Joven realiza fiesta de XV a\u00f1os con todo y &#039;chambelanas&#039; (video) - Fuentes Fidedignas<\/title>\n<meta name=\"robots\" content=\"index, follow, max-snippet:-1, max-image-preview:large, max-video-preview:-1\" \/>\n<link rel=\"canonical\" href=\"https:\/\/fuentesfidedignas.com.mx\/index.php\/2024\/01\/18\/fuera-estereotipos-joven-realiza-fiesta-de-xv-anos-con-todo-y-chambelanas-video\/\" \/>\n<meta property=\"og:locale\" content=\"es_MX\" \/>\n<meta property=\"og:type\" content=\"article\" \/>\n<meta property=\"og:title\" content=\"\u00a1Fuera estereotipos! Joven realiza fiesta de XV a\u00f1os con todo y &#039;chambelanas&#039; (video) - Fuentes Fidedignas\" \/>\n<meta property=\"og:description\" content=\"Este adolescente llam\u00f3 la atenci\u00f3n de muchos al compartir c\u00f3mo fueron los preparativos para su fiesta de XV a\u00f1os. La fiesta de XV a\u00f1os es uno de los momentos que m\u00e1s anhelan varias adolescentes y aunque se sabe que este festejo es com\u00fan que lo celebren las j\u00f3venes, en la actualidad gracias a la apertura [&hellip;]\" \/>\n<meta property=\"og:url\" content=\"https:\/\/fuentesfidedignas.com.mx\/index.php\/2024\/01\/18\/fuera-estereotipos-joven-realiza-fiesta-de-xv-anos-con-todo-y-chambelanas-video\/\" \/>\n<meta property=\"og:site_name\" content=\"Fuentes Fidedignas\" \/>\n<meta property=\"article:publisher\" content=\"https:\/\/www.facebook.com\/Fuentes-Fidedignas-368234489921644\" \/>\n<meta property=\"article:published_time\" content=\"2024-01-18T12:51:19+00:00\" \/>\n<meta property=\"og:image\" content=\"https:\/\/fuentesfidedignas.com.mx\/wp-content\/uploads\/2024\/01\/JOVEN_XVANOS.jpg\" \/>\n\t<meta property=\"og:image:width\" content=\"800\" \/>\n\t<meta property=\"og:image:height\" content=\"600\" \/>\n\t<meta property=\"og:image:type\" content=\"image\/jpeg\" \/>\n<meta name=\"author\" content=\"Exc\u00e9lsior\" \/>\n<meta name=\"twitter:card\" content=\"summary_large_image\" \/>\n<meta name=\"twitter:creator\" content=\"@fidedignas\" \/>\n<meta name=\"twitter:site\" content=\"@fidedignas\" \/>\n<meta name=\"twitter:label1\" content=\"Escrito por\" \/>\n\t<meta name=\"twitter:data1\" content=\"Exc\u00e9lsior\" \/>\n\t<meta name=\"twitter:label2\" content=\"Tiempo de lectura\" \/>\n\t<meta name=\"twitter:data2\" content=\"2 minutos\" \/>\n<script type=\"application\/ld+json\" class=\"yoast-schema-graph\">{\"@context\":\"https:\\\/\\\/schema.org\",\"@graph\":[{\"@type\":\"Article\",\"@id\":\"https:\\\/\\\/fuentesfidedignas.com.mx\\\/index.php\\\/2024\\\/01\\\/18\\\/fuera-estereotipos-joven-realiza-fiesta-de-xv-anos-con-todo-y-chambelanas-video\\\/#article\",\"isPartOf\":{\"@id\":\"https:\\\/\\\/fuentesfidedignas.com.mx\\\/index.php\\\/2024\\\/01\\\/18\\\/fuera-estereotipos-joven-realiza-fiesta-de-xv-anos-con-todo-y-chambelanas-video\\\/\"},\"author\":{\"name\":\"Exc\u00e9lsior\",\"@id\":\"https:\\\/\\\/fuentesfidedignas.com.mx\\\/#\\\/schema\\\/person\\\/ec4edd1fbf5efa3e44fce34fe2787780\"},\"headline\":\"\u00a1Fuera estereotipos! Joven realiza fiesta de XV a\u00f1os con todo y &#8216;chambelanas&#8217; (video)\",\"datePublished\":\"2024-01-18T12:51:19+00:00\",\"mainEntityOfPage\":{\"@id\":\"https:\\\/\\\/fuentesfidedignas.com.mx\\\/index.php\\\/2024\\\/01\\\/18\\\/fuera-estereotipos-joven-realiza-fiesta-de-xv-anos-con-todo-y-chambelanas-video\\\/\"},\"wordCount\":489,\"commentCount\":0,\"publisher\":{\"@id\":\"https:\\\/\\\/fuentesfidedignas.com.mx\\\/#organization\"},\"image\":{\"@id\":\"https:\\\/\\\/fuentesfidedignas.com.mx\\\/index.php\\\/2024\\\/01\\\/18\\\/fuera-estereotipos-joven-realiza-fiesta-de-xv-anos-con-todo-y-chambelanas-video\\\/#primaryimage\"},\"thumbnailUrl\":\"https:\\\/\\\/fuentesfidedignas.com.mx\\\/wp-content\\\/uploads\\\/2024\\\/01\\\/JOVEN_XVANOS.jpg\",\"articleSection\":[\"LAS ASOMBROSAS\"],\"inLanguage\":\"es\",\"potentialAction\":[{\"@type\":\"CommentAction\",\"name\":\"Comment\",\"target\":[\"https:\\\/\\\/fuentesfidedignas.com.mx\\\/index.php\\\/2024\\\/01\\\/18\\\/fuera-estereotipos-joven-realiza-fiesta-de-xv-anos-con-todo-y-chambelanas-video\\\/#respond\"]}]},{\"@type\":\"WebPage\",\"@id\":\"https:\\\/\\\/fuentesfidedignas.com.mx\\\/index.php\\\/2024\\\/01\\\/18\\\/fuera-estereotipos-joven-realiza-fiesta-de-xv-anos-con-todo-y-chambelanas-video\\\/\",\"url\":\"https:\\\/\\\/fuentesfidedignas.com.mx\\\/index.php\\\/2024\\\/01\\\/18\\\/fuera-estereotipos-joven-realiza-fiesta-de-xv-anos-con-todo-y-chambelanas-video\\\/\",\"name\":\"\u00a1Fuera estereotipos! Joven realiza fiesta de XV a\u00f1os con todo y 'chambelanas' (video) - Fuentes Fidedignas\",\"isPartOf\":{\"@id\":\"https:\\\/\\\/fuentesfidedignas.com.mx\\\/#website\"},\"primaryImageOfPage\":{\"@id\":\"https:\\\/\\\/fuentesfidedignas.com.mx\\\/index.php\\\/2024\\\/01\\\/18\\\/fuera-estereotipos-joven-realiza-fiesta-de-xv-anos-con-todo-y-chambelanas-video\\\/#primaryimage\"},\"image\":{\"@id\":\"https:\\\/\\\/fuentesfidedignas.com.mx\\\/index.php\\\/2024\\\/01\\\/18\\\/fuera-estereotipos-joven-realiza-fiesta-de-xv-anos-con-todo-y-chambelanas-video\\\/#primaryimage\"},\"thumbnailUrl\":\"https:\\\/\\\/fuentesfidedignas.com.mx\\\/wp-content\\\/uploads\\\/2024\\\/01\\\/JOVEN_XVANOS.jpg\",\"datePublished\":\"2024-01-18T12:51:19+00:00\",\"breadcrumb\":{\"@id\":\"https:\\\/\\\/fuentesfidedignas.com.mx\\\/index.php\\\/2024\\\/01\\\/18\\\/fuera-estereotipos-joven-realiza-fiesta-de-xv-anos-con-todo-y-chambelanas-video\\\/#breadcrumb\"},\"inLanguage\":\"es\",\"potentialAction\":[{\"@type\":\"ReadAction\",\"target\":[\"https:\\\/\\\/fuentesfidedignas.com.mx\\\/index.php\\\/2024\\\/01\\\/18\\\/fuera-estereotipos-joven-realiza-fiesta-de-xv-anos-con-todo-y-chambelanas-video\\\/\"]}]},{\"@type\":\"ImageObject\",\"inLanguage\":\"es\",\"@id\":\"https:\\\/\\\/fuentesfidedignas.com.mx\\\/index.php\\\/2024\\\/01\\\/18\\\/fuera-estereotipos-joven-realiza-fiesta-de-xv-anos-con-todo-y-chambelanas-video\\\/#primaryimage\",\"url\":\"https:\\\/\\\/fuentesfidedignas.com.mx\\\/wp-content\\\/uploads\\\/2024\\\/01\\\/JOVEN_XVANOS.jpg\",\"contentUrl\":\"https:\\\/\\\/fuentesfidedignas.com.mx\\\/wp-content\\\/uploads\\\/2024\\\/01\\\/JOVEN_XVANOS.jpg\",\"width\":800,\"height\":600},{\"@type\":\"BreadcrumbList\",\"@id\":\"https:\\\/\\\/fuentesfidedignas.com.mx\\\/index.php\\\/2024\\\/01\\\/18\\\/fuera-estereotipos-joven-realiza-fiesta-de-xv-anos-con-todo-y-chambelanas-video\\\/#breadcrumb\",\"itemListElement\":[{\"@type\":\"ListItem\",\"position\":1,\"name\":\"Inicio\",\"item\":\"https:\\\/\\\/fuentesfidedignas.com.mx\\\/\"},{\"@type\":\"ListItem\",\"position\":2,\"name\":\"\u00a1Fuera estereotipos! Joven realiza fiesta de XV a\u00f1os con todo y &#8216;chambelanas&#8217; (video)\"}]},{\"@type\":\"WebSite\",\"@id\":\"https:\\\/\\\/fuentesfidedignas.com.mx\\\/#website\",\"url\":\"https:\\\/\\\/fuentesfidedignas.com.mx\\\/\",\"name\":\"Fuentes Fidedignas\",\"description\":\"Otro sitio realizado con WordPress\",\"publisher\":{\"@id\":\"https:\\\/\\\/fuentesfidedignas.com.mx\\\/#organization\"},\"potentialAction\":[{\"@type\":\"SearchAction\",\"target\":{\"@type\":\"EntryPoint\",\"urlTemplate\":\"https:\\\/\\\/fuentesfidedignas.com.mx\\\/?s={search_term_string}\"},\"query-input\":{\"@type\":\"PropertyValueSpecification\",\"valueRequired\":true,\"valueName\":\"search_term_string\"}}],\"inLanguage\":\"es\"},{\"@type\":\"Organization\",\"@id\":\"https:\\\/\\\/fuentesfidedignas.com.mx\\\/#organization\",\"name\":\"Fuentes Fidedignas\",\"url\":\"https:\\\/\\\/fuentesfidedignas.com.mx\\\/\",\"logo\":{\"@type\":\"ImageObject\",\"inLanguage\":\"es\",\"@id\":\"https:\\\/\\\/fuentesfidedignas.com.mx\\\/#\\\/schema\\\/logo\\\/image\\\/\",\"url\":\"https:\\\/\\\/fuentesfidedignas.com.mx\\\/wp-content\\\/uploads\\\/2021\\\/04\\\/logo-retina.png\",\"contentUrl\":\"https:\\\/\\\/fuentesfidedignas.com.mx\\\/wp-content\\\/uploads\\\/2021\\\/04\\\/logo-retina.png\",\"width\":280,\"height\":51,\"caption\":\"Fuentes Fidedignas\"},\"image\":{\"@id\":\"https:\\\/\\\/fuentesfidedignas.com.mx\\\/#\\\/schema\\\/logo\\\/image\\\/\"},\"sameAs\":[\"https:\\\/\\\/www.facebook.com\\\/Fuentes-Fidedignas-368234489921644\",\"https:\\\/\\\/x.com\\\/fidedignas\"]},{\"@type\":\"Person\",\"@id\":\"https:\\\/\\\/fuentesfidedignas.com.mx\\\/#\\\/schema\\\/person\\\/ec4edd1fbf5efa3e44fce34fe2787780\",\"name\":\"Exc\u00e9lsior\",\"image\":{\"@type\":\"ImageObject\",\"inLanguage\":\"es\",\"@id\":\"https:\\\/\\\/secure.gravatar.com\\\/avatar\\\/4b7ee9206b48be08447852b3f0814dbc7c0f3b51541b164f1464a2725614020b?s=96&d=mm&r=g\",\"url\":\"https:\\\/\\\/secure.gravatar.com\\\/avatar\\\/4b7ee9206b48be08447852b3f0814dbc7c0f3b51541b164f1464a2725614020b?s=96&d=mm&r=g\",\"contentUrl\":\"https:\\\/\\\/secure.gravatar.com\\\/avatar\\\/4b7ee9206b48be08447852b3f0814dbc7c0f3b51541b164f1464a2725614020b?s=96&d=mm&r=g\",\"caption\":\"Exc\u00e9lsior\"},\"url\":\"https:\\\/\\\/fuentesfidedignas.com.mx\\\/index.php\\\/author\\\/excelsior\\\/\"}]}<\/script>\n<!-- \/ Yoast SEO plugin. -->","yoast_head_json":{"title":"\u00a1Fuera estereotipos! Joven realiza fiesta de XV a\u00f1os con todo y 'chambelanas' (video) - Fuentes Fidedignas","robots":{"index":"index","follow":"follow","max-snippet":"max-snippet:-1","max-image-preview":"max-image-preview:large","max-video-preview":"max-video-preview:-1"},"canonical":"https:\/\/fuentesfidedignas.com.mx\/index.php\/2024\/01\/18\/fuera-estereotipos-joven-realiza-fiesta-de-xv-anos-con-todo-y-chambelanas-video\/","og_locale":"es_MX","og_type":"article","og_title":"\u00a1Fuera estereotipos! Joven realiza fiesta de XV a\u00f1os con todo y 'chambelanas' (video) - Fuentes Fidedignas","og_description":"Este adolescente llam\u00f3 la atenci\u00f3n de muchos al compartir c\u00f3mo fueron los preparativos para su fiesta de XV a\u00f1os. La fiesta de XV a\u00f1os es uno de los momentos que m\u00e1s anhelan varias adolescentes y aunque se sabe que este festejo es com\u00fan que lo celebren las j\u00f3venes, en la actualidad gracias a la apertura [&hellip;]","og_url":"https:\/\/fuentesfidedignas.com.mx\/index.php\/2024\/01\/18\/fuera-estereotipos-joven-realiza-fiesta-de-xv-anos-con-todo-y-chambelanas-video\/","og_site_name":"Fuentes Fidedignas","article_publisher":"https:\/\/www.facebook.com\/Fuentes-Fidedignas-368234489921644","article_published_time":"2024-01-18T12:51:19+00:00","og_image":[{"width":800,"height":600,"url":"https:\/\/fuentesfidedignas.com.mx\/wp-content\/uploads\/2024\/01\/JOVEN_XVANOS.jpg","type":"image\/jpeg"}],"author":"Exc\u00e9lsior","twitter_card":"summary_large_image","twitter_creator":"@fidedignas","twitter_site":"@fidedignas","twitter_misc":{"Escrito por":"Exc\u00e9lsior","Tiempo de lectura":"2 minutos"},"schema":{"@context":"https:\/\/schema.org","@graph":[{"@type":"Article","@id":"https:\/\/fuentesfidedignas.com.mx\/index.php\/2024\/01\/18\/fuera-estereotipos-joven-realiza-fiesta-de-xv-anos-con-todo-y-chambelanas-video\/#article","isPartOf":{"@id":"https:\/\/fuentesfidedignas.com.mx\/index.php\/2024\/01\/18\/fuera-estereotipos-joven-realiza-fiesta-de-xv-anos-con-todo-y-chambelanas-video\/"},"author":{"name":"Exc\u00e9lsior","@id":"https:\/\/fuentesfidedignas.com.mx\/#\/schema\/person\/ec4edd1fbf5efa3e44fce34fe2787780"},"headline":"\u00a1Fuera estereotipos! Joven realiza fiesta de XV a\u00f1os con todo y &#8216;chambelanas&#8217; (video)","datePublished":"2024-01-18T12:51:19+00:00","mainEntityOfPage":{"@id":"https:\/\/fuentesfidedignas.com.mx\/index.php\/2024\/01\/18\/fuera-estereotipos-joven-realiza-fiesta-de-xv-anos-con-todo-y-chambelanas-video\/"},"wordCount":489,"commentCount":0,"publisher":{"@id":"https:\/\/fuentesfidedignas.com.mx\/#organization"},"image":{"@id":"https:\/\/fuentesfidedignas.com.mx\/index.php\/2024\/01\/18\/fuera-estereotipos-joven-realiza-fiesta-de-xv-anos-con-todo-y-chambelanas-video\/#primaryimage"},"thumbnailUrl":"https:\/\/fuentesfidedignas.com.mx\/wp-content\/uploads\/2024\/01\/JOVEN_XVANOS.jpg","articleSection":["LAS ASOMBROSAS"],"inLanguage":"es","potentialAction":[{"@type":"CommentAction","name":"Comment","target":["https:\/\/fuentesfidedignas.com.mx\/index.php\/2024\/01\/18\/fuera-estereotipos-joven-realiza-fiesta-de-xv-anos-con-todo-y-chambelanas-video\/#respond"]}]},{"@type":"WebPage","@id":"https:\/\/fuentesfidedignas.com.mx\/index.php\/2024\/01\/18\/fuera-estereotipos-joven-realiza-fiesta-de-xv-anos-con-todo-y-chambelanas-video\/","url":"https:\/\/fuentesfidedignas.com.mx\/index.php\/2024\/01\/18\/fuera-estereotipos-joven-realiza-fiesta-de-xv-anos-con-todo-y-chambelanas-video\/","name":"\u00a1Fuera estereotipos! Joven realiza fiesta de XV a\u00f1os con todo y 'chambelanas' (video) - Fuentes Fidedignas","isPartOf":{"@id":"https:\/\/fuentesfidedignas.com.mx\/#website"},"primaryImageOfPage":{"@id":"https:\/\/fuentesfidedignas.com.mx\/index.php\/2024\/01\/18\/fuera-estereotipos-joven-realiza-fiesta-de-xv-anos-con-todo-y-chambelanas-video\/#primaryimage"},"image":{"@id":"https:\/\/fuentesfidedignas.com.mx\/index.php\/2024\/01\/18\/fuera-estereotipos-joven-realiza-fiesta-de-xv-anos-con-todo-y-chambelanas-video\/#primaryimage"},"thumbnailUrl":"https:\/\/fuentesfidedignas.com.mx\/wp-content\/uploads\/2024\/01\/JOVEN_XVANOS.jpg","datePublished":"2024-01-18T12:51:19+00:00","breadcrumb":{"@id":"https:\/\/fuentesfidedignas.com.mx\/index.php\/2024\/01\/18\/fuera-estereotipos-joven-realiza-fiesta-de-xv-anos-con-todo-y-chambelanas-video\/#breadcrumb"},"inLanguage":"es","potentialAction":[{"@type":"ReadAction","target":["https:\/\/fuentesfidedignas.com.mx\/index.php\/2024\/01\/18\/fuera-estereotipos-joven-realiza-fiesta-de-xv-anos-con-todo-y-chambelanas-video\/"]}]},{"@type":"ImageObject","inLanguage":"es","@id":"https:\/\/fuentesfidedignas.com.mx\/index.php\/2024\/01\/18\/fuera-estereotipos-joven-realiza-fiesta-de-xv-anos-con-todo-y-chambelanas-video\/#primaryimage","url":"https:\/\/fuentesfidedignas.com.mx\/wp-content\/uploads\/2024\/01\/JOVEN_XVANOS.jpg","contentUrl":"https:\/\/fuentesfidedignas.com.mx\/wp-content\/uploads\/2024\/01\/JOVEN_XVANOS.jpg","width":800,"height":600},{"@type":"BreadcrumbList","@id":"https:\/\/fuentesfidedignas.com.mx\/index.php\/2024\/01\/18\/fuera-estereotipos-joven-realiza-fiesta-de-xv-anos-con-todo-y-chambelanas-video\/#breadcrumb","itemListElement":[{"@type":"ListItem","position":1,"name":"Inicio","item":"https:\/\/fuentesfidedignas.com.mx\/"},{"@type":"ListItem","position":2,"name":"\u00a1Fuera estereotipos! Joven realiza fiesta de XV a\u00f1os con todo y &#8216;chambelanas&#8217; (video)"}]},{"@type":"WebSite","@id":"https:\/\/fuentesfidedignas.com.mx\/#website","url":"https:\/\/fuentesfidedignas.com.mx\/","name":"Fuentes Fidedignas","description":"Otro sitio realizado con WordPress","publisher":{"@id":"https:\/\/fuentesfidedignas.com.mx\/#organization"},"potentialAction":[{"@type":"SearchAction","target":{"@type":"EntryPoint","urlTemplate":"https:\/\/fuentesfidedignas.com.mx\/?s={search_term_string}"},"query-input":{"@type":"PropertyValueSpecification","valueRequired":true,"valueName":"search_term_string"}}],"inLanguage":"es"},{"@type":"Organization","@id":"https:\/\/fuentesfidedignas.com.mx\/#organization","name":"Fuentes Fidedignas","url":"https:\/\/fuentesfidedignas.com.mx\/","logo":{"@type":"ImageObject","inLanguage":"es","@id":"https:\/\/fuentesfidedignas.com.mx\/#\/schema\/logo\/image\/","url":"https:\/\/fuentesfidedignas.com.mx\/wp-content\/uploads\/2021\/04\/logo-retina.png","contentUrl":"https:\/\/fuentesfidedignas.com.mx\/wp-content\/uploads\/2021\/04\/logo-retina.png","width":280,"height":51,"caption":"Fuentes Fidedignas"},"image":{"@id":"https:\/\/fuentesfidedignas.com.mx\/#\/schema\/logo\/image\/"},"sameAs":["https:\/\/www.facebook.com\/Fuentes-Fidedignas-368234489921644","https:\/\/x.com\/fidedignas"]},{"@type":"Person","@id":"https:\/\/fuentesfidedignas.com.mx\/#\/schema\/person\/ec4edd1fbf5efa3e44fce34fe2787780","name":"Exc\u00e9lsior","image":{"@type":"ImageObject","inLanguage":"es","@id":"https:\/\/secure.gravatar.com\/avatar\/4b7ee9206b48be08447852b3f0814dbc7c0f3b51541b164f1464a2725614020b?s=96&d=mm&r=g","url":"https:\/\/secure.gravatar.com\/avatar\/4b7ee9206b48be08447852b3f0814dbc7c0f3b51541b164f1464a2725614020b?s=96&d=mm&r=g","contentUrl":"https:\/\/secure.gravatar.com\/avatar\/4b7ee9206b48be08447852b3f0814dbc7c0f3b51541b164f1464a2725614020b?s=96&d=mm&r=g","caption":"Exc\u00e9lsior"},"url":"https:\/\/fuentesfidedignas.com.mx\/index.php\/author\/excelsior\/"}]}},"_links":{"self":[{"href":"https:\/\/fuentesfidedignas.com.mx\/index.php\/wp-json\/wp\/v2\/posts\/70999","targetHints":{"allow":["GET"]}}],"collection":[{"href":"https:\/\/fuentesfidedignas.com.mx\/index.php\/wp-json\/wp\/v2\/posts"}],"about":[{"href":"https:\/\/fuentesfidedignas.com.mx\/index.php\/wp-json\/wp\/v2\/types\/post"}],"author":[{"embeddable":true,"href":"https:\/\/fuentesfidedignas.com.mx\/index.php\/wp-json\/wp\/v2\/users\/7"}],"replies":[{"embeddable":true,"href":"https:\/\/fuentesfidedignas.com.mx\/index.php\/wp-json\/wp\/v2\/comments?post=70999"}],"version-history":[{"count":1,"href":"https:\/\/fuentesfidedignas.com.mx\/index.php\/wp-json\/wp\/v2\/posts\/70999\/revisions"}],"predecessor-version":[{"id":71006,"href":"https:\/\/fuentesfidedignas.com.mx\/index.php\/wp-json\/wp\/v2\/posts\/70999\/revisions\/71006"}],"wp:featuredmedia":[{"embeddable":true,"href":"https:\/\/fuentesfidedignas.com.mx\/index.php\/wp-json\/wp\/v2\/media\/71005"}],"wp:attachment":[{"href":"https:\/\/fuentesfidedignas.com.mx\/index.php\/wp-json\/wp\/v2\/media?parent=70999"}],"wp:term":[{"taxonomy":"category","embeddable":true,"href":"https:\/\/fuentesfidedignas.com.mx\/index.php\/wp-json\/wp\/v2\/categories?post=70999"},{"taxonomy":"post_tag","embeddable":true,"href":"https:\/\/fuentesfidedignas.com.mx\/index.php\/wp-json\/wp\/v2\/tags?post=70999"}],"curies":[{"name":"wp","href":"https:\/\/api.w.org\/{rel}","templated":true}]}}