{"id":70929,"date":"2024-01-17T06:59:25","date_gmt":"2024-01-17T13:59:25","guid":{"rendered":"https:\/\/fuentesfidedignas.com.mx\/?p=70929"},"modified":"2024-01-17T07:01:01","modified_gmt":"2024-01-17T14:01:01","slug":"la-fefyde-de-la-uas-iniciara-a-finales-de-enero-una-nueva-version-de-su-programa-de-apoyo-al-bienestar-del-adulto-mayor","status":"publish","type":"post","link":"https:\/\/fuentesfidedignas.com.mx\/index.php\/2024\/01\/17\/la-fefyde-de-la-uas-iniciara-a-finales-de-enero-una-nueva-version-de-su-programa-de-apoyo-al-bienestar-del-adulto-mayor\/","title":{"rendered":"La FEFyDE de la UAS iniciar\u00e1 a finales de enero una nueva versi\u00f3n de su programa de apoyo al bienestar del adulto mayor"},"content":{"rendered":"\n<p><strong><em>La primera que es del 22 de enero al 19 de febrero en donde se realizar\u00e1 la Evaluaci\u00f3n diagn\u00f3stica de los participantes<\/em><\/strong><\/p>\n\n\n\n<p>Culiac\u00e1n, Sin.- Teniendo en cuenta que los adultos mayores que se mantienen activos les ayuda a conservarse de una mejor manera y esto contribuye tambi\u00e9n en mejorar su fuerza para que se puedan mantener independientes, la Facultad de Educaci\u00f3n F\u00edsica y Deportes (FEFyDE) de la Universidad Aut\u00f3noma de Sinaloa (UAS) a finales del mes de enero. estar\u00e1 poniendo en marcha la primera fase del programa \u201cSalud, Bienestar y Ejercicio F\u00edsico\u201d, inform\u00f3 Daniel Ramon Acosta L\u00f3pez.<\/p>\n\n\n\n<p>\u201cVa dirigido a los adultos mayores. A partir de los 65 a\u00f1os empezamos a trabajar con ellos, esta es la versi\u00f3n ya la cuarta generaci\u00f3n, denominada Reto Fitness, Versi\u00f3n 4.0, es la cuarta generaci\u00f3n y bueno aqu\u00ed trabajamos con los adultos mayores, hoy vamos a trabajar un proceso de todo un a\u00f1o con ellos\u201d, se\u00f1al\u00f3.<\/p>\n\n\n\n<p>As\u00ed mismo el director de la unidad acad\u00e9mica indic\u00f3 que este programa est\u00e1 conformado por dos etapas, la primera que es del 22 de enero al 19 de febrero en donde se realizar\u00e1 la Evaluaci\u00f3n diagn\u00f3stica de los participantes, y una segunda etapa que es la de Entrenamiento, iniciando el 19 de febrero, en la cual durante varios meses se da si bien fortalecimiento neuromuscular, tambi\u00e9n se agrega ahora relajaci\u00f3n progresiva neuromuscular.<\/p>\n\n\n\n<p>\u201cEntonces es un beneficio muy importante, adem\u00e1s tenemos por ah\u00ed algunas charlas de nutrici\u00f3n que se le agregan, donde asisten ellos. Tambi\u00e9n tenemos, hoy en esta nueva versi\u00f3n, vamos a tener un \u00e1rea de psicolog\u00eda para trabajar la parte psicoemocional con ellos tambi\u00e9n\u201d, detall\u00f3.<\/p>\n\n\n\n<p>El acad\u00e9mico universitario manifest\u00f3 que en este programa pueden participar todos aquellos que se encuentren entre la edad de los 65 a los 75 a\u00f1os, indicando que no es necesario que sean de la Universidad, ya que es abierto y no tiene costo alguno, por lo que los interesados en ser participantes pueden desde ya comunicarse al n\u00famero de la Facultad, el cual es 6674-31-91-47.<\/p>\n","protected":false},"excerpt":{"rendered":"<p>La primera que es del 22 de enero al 19 de febrero en donde se realizar\u00e1 la Evaluaci\u00f3n diagn\u00f3stica de los participantes Culiac\u00e1n, Sin.- Teniendo en cuenta que los adultos mayores que se mantienen activos les ayuda a conservarse de una mejor manera y esto contribuye tambi\u00e9n en mejorar su fuerza para que se puedan [&hellip;]<\/p>\n","protected":false},"author":4,"featured_media":70930,"comment_status":"open","ping_status":"open","sticky":false,"template":"","format":"standard","meta":{"tdm_status":"","tdm_grid_status":"","footnotes":""},"categories":[1],"tags":[],"class_list":{"0":"post-70929","1":"post","2":"type-post","3":"status-publish","4":"format-standard","5":"has-post-thumbnail","7":"category-sin-categoria"},"yoast_head":"<!-- This site is optimized with the Yoast SEO plugin v27.5 - https:\/\/yoast.com\/product\/yoast-seo-wordpress\/ -->\n<title>La FEFyDE de la UAS iniciar\u00e1 a finales de enero una nueva versi\u00f3n de su programa de apoyo al bienestar del adulto mayor - Fuentes Fidedignas<\/title>\n<meta name=\"robots\" content=\"index, follow, max-snippet:-1, max-image-preview:large, max-video-preview:-1\" \/>\n<link rel=\"canonical\" href=\"https:\/\/fuentesfidedignas.com.mx\/index.php\/2024\/01\/17\/la-fefyde-de-la-uas-iniciara-a-finales-de-enero-una-nueva-version-de-su-programa-de-apoyo-al-bienestar-del-adulto-mayor\/\" \/>\n<meta property=\"og:locale\" content=\"es_MX\" \/>\n<meta property=\"og:type\" content=\"article\" \/>\n<meta property=\"og:title\" content=\"La FEFyDE de la UAS iniciar\u00e1 a finales de enero una nueva versi\u00f3n de su programa de apoyo al bienestar del adulto mayor - Fuentes Fidedignas\" \/>\n<meta property=\"og:description\" content=\"La primera que es del 22 de enero al 19 de febrero en donde se realizar\u00e1 la Evaluaci\u00f3n diagn\u00f3stica de los participantes Culiac\u00e1n, Sin.- Teniendo en cuenta que los adultos mayores que se mantienen activos les ayuda a conservarse de una mejor manera y esto contribuye tambi\u00e9n en mejorar su fuerza para que se puedan [&hellip;]\" \/>\n<meta property=\"og:url\" content=\"https:\/\/fuentesfidedignas.com.mx\/index.php\/2024\/01\/17\/la-fefyde-de-la-uas-iniciara-a-finales-de-enero-una-nueva-version-de-su-programa-de-apoyo-al-bienestar-del-adulto-mayor\/\" \/>\n<meta property=\"og:site_name\" content=\"Fuentes Fidedignas\" \/>\n<meta property=\"article:publisher\" content=\"https:\/\/www.facebook.com\/Fuentes-Fidedignas-368234489921644\" \/>\n<meta property=\"article:published_time\" content=\"2024-01-17T13:59:25+00:00\" \/>\n<meta property=\"article:modified_time\" content=\"2024-01-17T14:01:01+00:00\" \/>\n<meta property=\"og:image\" content=\"https:\/\/fuentesfidedignas.com.mx\/wp-content\/uploads\/2024\/01\/FEFYDE-INICIO-DE-PROGRAMA-DEL-ADULTO-MAYOR-1.jpg\" \/>\n\t<meta property=\"og:image:width\" content=\"1280\" \/>\n\t<meta property=\"og:image:height\" content=\"960\" \/>\n\t<meta property=\"og:image:type\" content=\"image\/jpeg\" \/>\n<meta name=\"author\" content=\"Redacci\u00f3n\" \/>\n<meta name=\"twitter:card\" content=\"summary_large_image\" \/>\n<meta name=\"twitter:creator\" content=\"@fidedignas\" \/>\n<meta name=\"twitter:site\" content=\"@fidedignas\" \/>\n<meta name=\"twitter:label1\" content=\"Escrito por\" \/>\n\t<meta name=\"twitter:data1\" content=\"Redacci\u00f3n\" \/>\n\t<meta name=\"twitter:label2\" content=\"Tiempo de lectura\" \/>\n\t<meta name=\"twitter:data2\" content=\"2 minutos\" \/>\n<script type=\"application\/ld+json\" class=\"yoast-schema-graph\">{\"@context\":\"https:\\\/\\\/schema.org\",\"@graph\":[{\"@type\":\"Article\",\"@id\":\"https:\\\/\\\/fuentesfidedignas.com.mx\\\/index.php\\\/2024\\\/01\\\/17\\\/la-fefyde-de-la-uas-iniciara-a-finales-de-enero-una-nueva-version-de-su-programa-de-apoyo-al-bienestar-del-adulto-mayor\\\/#article\",\"isPartOf\":{\"@id\":\"https:\\\/\\\/fuentesfidedignas.com.mx\\\/index.php\\\/2024\\\/01\\\/17\\\/la-fefyde-de-la-uas-iniciara-a-finales-de-enero-una-nueva-version-de-su-programa-de-apoyo-al-bienestar-del-adulto-mayor\\\/\"},\"author\":{\"name\":\"Redacci\u00f3n\",\"@id\":\"https:\\\/\\\/fuentesfidedignas.com.mx\\\/#\\\/schema\\\/person\\\/331be9283d37198e2acd5750279085b0\"},\"headline\":\"La FEFyDE de la UAS iniciar\u00e1 a finales de enero una nueva versi\u00f3n de su programa de apoyo al bienestar del adulto mayor\",\"datePublished\":\"2024-01-17T13:59:25+00:00\",\"dateModified\":\"2024-01-17T14:01:01+00:00\",\"mainEntityOfPage\":{\"@id\":\"https:\\\/\\\/fuentesfidedignas.com.mx\\\/index.php\\\/2024\\\/01\\\/17\\\/la-fefyde-de-la-uas-iniciara-a-finales-de-enero-una-nueva-version-de-su-programa-de-apoyo-al-bienestar-del-adulto-mayor\\\/\"},\"wordCount\":381,\"commentCount\":0,\"publisher\":{\"@id\":\"https:\\\/\\\/fuentesfidedignas.com.mx\\\/#organization\"},\"image\":{\"@id\":\"https:\\\/\\\/fuentesfidedignas.com.mx\\\/index.php\\\/2024\\\/01\\\/17\\\/la-fefyde-de-la-uas-iniciara-a-finales-de-enero-una-nueva-version-de-su-programa-de-apoyo-al-bienestar-del-adulto-mayor\\\/#primaryimage\"},\"thumbnailUrl\":\"https:\\\/\\\/fuentesfidedignas.com.mx\\\/wp-content\\\/uploads\\\/2024\\\/01\\\/FEFYDE-INICIO-DE-PROGRAMA-DEL-ADULTO-MAYOR-1.jpg\",\"inLanguage\":\"es\",\"potentialAction\":[{\"@type\":\"CommentAction\",\"name\":\"Comment\",\"target\":[\"https:\\\/\\\/fuentesfidedignas.com.mx\\\/index.php\\\/2024\\\/01\\\/17\\\/la-fefyde-de-la-uas-iniciara-a-finales-de-enero-una-nueva-version-de-su-programa-de-apoyo-al-bienestar-del-adulto-mayor\\\/#respond\"]}]},{\"@type\":\"WebPage\",\"@id\":\"https:\\\/\\\/fuentesfidedignas.com.mx\\\/index.php\\\/2024\\\/01\\\/17\\\/la-fefyde-de-la-uas-iniciara-a-finales-de-enero-una-nueva-version-de-su-programa-de-apoyo-al-bienestar-del-adulto-mayor\\\/\",\"url\":\"https:\\\/\\\/fuentesfidedignas.com.mx\\\/index.php\\\/2024\\\/01\\\/17\\\/la-fefyde-de-la-uas-iniciara-a-finales-de-enero-una-nueva-version-de-su-programa-de-apoyo-al-bienestar-del-adulto-mayor\\\/\",\"name\":\"La FEFyDE de la UAS iniciar\u00e1 a finales de enero una nueva versi\u00f3n de su programa de apoyo al bienestar del adulto mayor - Fuentes Fidedignas\",\"isPartOf\":{\"@id\":\"https:\\\/\\\/fuentesfidedignas.com.mx\\\/#website\"},\"primaryImageOfPage\":{\"@id\":\"https:\\\/\\\/fuentesfidedignas.com.mx\\\/index.php\\\/2024\\\/01\\\/17\\\/la-fefyde-de-la-uas-iniciara-a-finales-de-enero-una-nueva-version-de-su-programa-de-apoyo-al-bienestar-del-adulto-mayor\\\/#primaryimage\"},\"image\":{\"@id\":\"https:\\\/\\\/fuentesfidedignas.com.mx\\\/index.php\\\/2024\\\/01\\\/17\\\/la-fefyde-de-la-uas-iniciara-a-finales-de-enero-una-nueva-version-de-su-programa-de-apoyo-al-bienestar-del-adulto-mayor\\\/#primaryimage\"},\"thumbnailUrl\":\"https:\\\/\\\/fuentesfidedignas.com.mx\\\/wp-content\\\/uploads\\\/2024\\\/01\\\/FEFYDE-INICIO-DE-PROGRAMA-DEL-ADULTO-MAYOR-1.jpg\",\"datePublished\":\"2024-01-17T13:59:25+00:00\",\"dateModified\":\"2024-01-17T14:01:01+00:00\",\"breadcrumb\":{\"@id\":\"https:\\\/\\\/fuentesfidedignas.com.mx\\\/index.php\\\/2024\\\/01\\\/17\\\/la-fefyde-de-la-uas-iniciara-a-finales-de-enero-una-nueva-version-de-su-programa-de-apoyo-al-bienestar-del-adulto-mayor\\\/#breadcrumb\"},\"inLanguage\":\"es\",\"potentialAction\":[{\"@type\":\"ReadAction\",\"target\":[\"https:\\\/\\\/fuentesfidedignas.com.mx\\\/index.php\\\/2024\\\/01\\\/17\\\/la-fefyde-de-la-uas-iniciara-a-finales-de-enero-una-nueva-version-de-su-programa-de-apoyo-al-bienestar-del-adulto-mayor\\\/\"]}]},{\"@type\":\"ImageObject\",\"inLanguage\":\"es\",\"@id\":\"https:\\\/\\\/fuentesfidedignas.com.mx\\\/index.php\\\/2024\\\/01\\\/17\\\/la-fefyde-de-la-uas-iniciara-a-finales-de-enero-una-nueva-version-de-su-programa-de-apoyo-al-bienestar-del-adulto-mayor\\\/#primaryimage\",\"url\":\"https:\\\/\\\/fuentesfidedignas.com.mx\\\/wp-content\\\/uploads\\\/2024\\\/01\\\/FEFYDE-INICIO-DE-PROGRAMA-DEL-ADULTO-MAYOR-1.jpg\",\"contentUrl\":\"https:\\\/\\\/fuentesfidedignas.com.mx\\\/wp-content\\\/uploads\\\/2024\\\/01\\\/FEFYDE-INICIO-DE-PROGRAMA-DEL-ADULTO-MAYOR-1.jpg\",\"width\":1280,\"height\":960},{\"@type\":\"BreadcrumbList\",\"@id\":\"https:\\\/\\\/fuentesfidedignas.com.mx\\\/index.php\\\/2024\\\/01\\\/17\\\/la-fefyde-de-la-uas-iniciara-a-finales-de-enero-una-nueva-version-de-su-programa-de-apoyo-al-bienestar-del-adulto-mayor\\\/#breadcrumb\",\"itemListElement\":[{\"@type\":\"ListItem\",\"position\":1,\"name\":\"Inicio\",\"item\":\"https:\\\/\\\/fuentesfidedignas.com.mx\\\/\"},{\"@type\":\"ListItem\",\"position\":2,\"name\":\"La FEFyDE de la UAS iniciar\u00e1 a finales de enero una nueva versi\u00f3n de su programa de apoyo al bienestar del adulto mayor\"}]},{\"@type\":\"WebSite\",\"@id\":\"https:\\\/\\\/fuentesfidedignas.com.mx\\\/#website\",\"url\":\"https:\\\/\\\/fuentesfidedignas.com.mx\\\/\",\"name\":\"Fuentes Fidedignas\",\"description\":\"Otro sitio realizado con WordPress\",\"publisher\":{\"@id\":\"https:\\\/\\\/fuentesfidedignas.com.mx\\\/#organization\"},\"potentialAction\":[{\"@type\":\"SearchAction\",\"target\":{\"@type\":\"EntryPoint\",\"urlTemplate\":\"https:\\\/\\\/fuentesfidedignas.com.mx\\\/?s={search_term_string}\"},\"query-input\":{\"@type\":\"PropertyValueSpecification\",\"valueRequired\":true,\"valueName\":\"search_term_string\"}}],\"inLanguage\":\"es\"},{\"@type\":\"Organization\",\"@id\":\"https:\\\/\\\/fuentesfidedignas.com.mx\\\/#organization\",\"name\":\"Fuentes Fidedignas\",\"url\":\"https:\\\/\\\/fuentesfidedignas.com.mx\\\/\",\"logo\":{\"@type\":\"ImageObject\",\"inLanguage\":\"es\",\"@id\":\"https:\\\/\\\/fuentesfidedignas.com.mx\\\/#\\\/schema\\\/logo\\\/image\\\/\",\"url\":\"https:\\\/\\\/fuentesfidedignas.com.mx\\\/wp-content\\\/uploads\\\/2021\\\/04\\\/logo-retina.png\",\"contentUrl\":\"https:\\\/\\\/fuentesfidedignas.com.mx\\\/wp-content\\\/uploads\\\/2021\\\/04\\\/logo-retina.png\",\"width\":280,\"height\":51,\"caption\":\"Fuentes Fidedignas\"},\"image\":{\"@id\":\"https:\\\/\\\/fuentesfidedignas.com.mx\\\/#\\\/schema\\\/logo\\\/image\\\/\"},\"sameAs\":[\"https:\\\/\\\/www.facebook.com\\\/Fuentes-Fidedignas-368234489921644\",\"https:\\\/\\\/x.com\\\/fidedignas\"]},{\"@type\":\"Person\",\"@id\":\"https:\\\/\\\/fuentesfidedignas.com.mx\\\/#\\\/schema\\\/person\\\/331be9283d37198e2acd5750279085b0\",\"name\":\"Redacci\u00f3n\",\"image\":{\"@type\":\"ImageObject\",\"inLanguage\":\"es\",\"@id\":\"https:\\\/\\\/secure.gravatar.com\\\/avatar\\\/f6d8782c11d12b2d4ad3fbb6931aeab5309937a4d6cd2fc9cfaa28a6396a5aec?s=96&d=mm&r=g\",\"url\":\"https:\\\/\\\/secure.gravatar.com\\\/avatar\\\/f6d8782c11d12b2d4ad3fbb6931aeab5309937a4d6cd2fc9cfaa28a6396a5aec?s=96&d=mm&r=g\",\"contentUrl\":\"https:\\\/\\\/secure.gravatar.com\\\/avatar\\\/f6d8782c11d12b2d4ad3fbb6931aeab5309937a4d6cd2fc9cfaa28a6396a5aec?s=96&d=mm&r=g\",\"caption\":\"Redacci\u00f3n\"},\"url\":\"https:\\\/\\\/fuentesfidedignas.com.mx\\\/index.php\\\/author\\\/redaccion\\\/\"}]}<\/script>\n<!-- \/ Yoast SEO plugin. -->","yoast_head_json":{"title":"La FEFyDE de la UAS iniciar\u00e1 a finales de enero una nueva versi\u00f3n de su programa de apoyo al bienestar del adulto mayor - Fuentes Fidedignas","robots":{"index":"index","follow":"follow","max-snippet":"max-snippet:-1","max-image-preview":"max-image-preview:large","max-video-preview":"max-video-preview:-1"},"canonical":"https:\/\/fuentesfidedignas.com.mx\/index.php\/2024\/01\/17\/la-fefyde-de-la-uas-iniciara-a-finales-de-enero-una-nueva-version-de-su-programa-de-apoyo-al-bienestar-del-adulto-mayor\/","og_locale":"es_MX","og_type":"article","og_title":"La FEFyDE de la UAS iniciar\u00e1 a finales de enero una nueva versi\u00f3n de su programa de apoyo al bienestar del adulto mayor - Fuentes Fidedignas","og_description":"La primera que es del 22 de enero al 19 de febrero en donde se realizar\u00e1 la Evaluaci\u00f3n diagn\u00f3stica de los participantes Culiac\u00e1n, Sin.- Teniendo en cuenta que los adultos mayores que se mantienen activos les ayuda a conservarse de una mejor manera y esto contribuye tambi\u00e9n en mejorar su fuerza para que se puedan [&hellip;]","og_url":"https:\/\/fuentesfidedignas.com.mx\/index.php\/2024\/01\/17\/la-fefyde-de-la-uas-iniciara-a-finales-de-enero-una-nueva-version-de-su-programa-de-apoyo-al-bienestar-del-adulto-mayor\/","og_site_name":"Fuentes Fidedignas","article_publisher":"https:\/\/www.facebook.com\/Fuentes-Fidedignas-368234489921644","article_published_time":"2024-01-17T13:59:25+00:00","article_modified_time":"2024-01-17T14:01:01+00:00","og_image":[{"width":1280,"height":960,"url":"https:\/\/fuentesfidedignas.com.mx\/wp-content\/uploads\/2024\/01\/FEFYDE-INICIO-DE-PROGRAMA-DEL-ADULTO-MAYOR-1.jpg","type":"image\/jpeg"}],"author":"Redacci\u00f3n","twitter_card":"summary_large_image","twitter_creator":"@fidedignas","twitter_site":"@fidedignas","twitter_misc":{"Escrito por":"Redacci\u00f3n","Tiempo de lectura":"2 minutos"},"schema":{"@context":"https:\/\/schema.org","@graph":[{"@type":"Article","@id":"https:\/\/fuentesfidedignas.com.mx\/index.php\/2024\/01\/17\/la-fefyde-de-la-uas-iniciara-a-finales-de-enero-una-nueva-version-de-su-programa-de-apoyo-al-bienestar-del-adulto-mayor\/#article","isPartOf":{"@id":"https:\/\/fuentesfidedignas.com.mx\/index.php\/2024\/01\/17\/la-fefyde-de-la-uas-iniciara-a-finales-de-enero-una-nueva-version-de-su-programa-de-apoyo-al-bienestar-del-adulto-mayor\/"},"author":{"name":"Redacci\u00f3n","@id":"https:\/\/fuentesfidedignas.com.mx\/#\/schema\/person\/331be9283d37198e2acd5750279085b0"},"headline":"La FEFyDE de la UAS iniciar\u00e1 a finales de enero una nueva versi\u00f3n de su programa de apoyo al bienestar del adulto mayor","datePublished":"2024-01-17T13:59:25+00:00","dateModified":"2024-01-17T14:01:01+00:00","mainEntityOfPage":{"@id":"https:\/\/fuentesfidedignas.com.mx\/index.php\/2024\/01\/17\/la-fefyde-de-la-uas-iniciara-a-finales-de-enero-una-nueva-version-de-su-programa-de-apoyo-al-bienestar-del-adulto-mayor\/"},"wordCount":381,"commentCount":0,"publisher":{"@id":"https:\/\/fuentesfidedignas.com.mx\/#organization"},"image":{"@id":"https:\/\/fuentesfidedignas.com.mx\/index.php\/2024\/01\/17\/la-fefyde-de-la-uas-iniciara-a-finales-de-enero-una-nueva-version-de-su-programa-de-apoyo-al-bienestar-del-adulto-mayor\/#primaryimage"},"thumbnailUrl":"https:\/\/fuentesfidedignas.com.mx\/wp-content\/uploads\/2024\/01\/FEFYDE-INICIO-DE-PROGRAMA-DEL-ADULTO-MAYOR-1.jpg","inLanguage":"es","potentialAction":[{"@type":"CommentAction","name":"Comment","target":["https:\/\/fuentesfidedignas.com.mx\/index.php\/2024\/01\/17\/la-fefyde-de-la-uas-iniciara-a-finales-de-enero-una-nueva-version-de-su-programa-de-apoyo-al-bienestar-del-adulto-mayor\/#respond"]}]},{"@type":"WebPage","@id":"https:\/\/fuentesfidedignas.com.mx\/index.php\/2024\/01\/17\/la-fefyde-de-la-uas-iniciara-a-finales-de-enero-una-nueva-version-de-su-programa-de-apoyo-al-bienestar-del-adulto-mayor\/","url":"https:\/\/fuentesfidedignas.com.mx\/index.php\/2024\/01\/17\/la-fefyde-de-la-uas-iniciara-a-finales-de-enero-una-nueva-version-de-su-programa-de-apoyo-al-bienestar-del-adulto-mayor\/","name":"La FEFyDE de la UAS iniciar\u00e1 a finales de enero una nueva versi\u00f3n de su programa de apoyo al bienestar del adulto mayor - Fuentes Fidedignas","isPartOf":{"@id":"https:\/\/fuentesfidedignas.com.mx\/#website"},"primaryImageOfPage":{"@id":"https:\/\/fuentesfidedignas.com.mx\/index.php\/2024\/01\/17\/la-fefyde-de-la-uas-iniciara-a-finales-de-enero-una-nueva-version-de-su-programa-de-apoyo-al-bienestar-del-adulto-mayor\/#primaryimage"},"image":{"@id":"https:\/\/fuentesfidedignas.com.mx\/index.php\/2024\/01\/17\/la-fefyde-de-la-uas-iniciara-a-finales-de-enero-una-nueva-version-de-su-programa-de-apoyo-al-bienestar-del-adulto-mayor\/#primaryimage"},"thumbnailUrl":"https:\/\/fuentesfidedignas.com.mx\/wp-content\/uploads\/2024\/01\/FEFYDE-INICIO-DE-PROGRAMA-DEL-ADULTO-MAYOR-1.jpg","datePublished":"2024-01-17T13:59:25+00:00","dateModified":"2024-01-17T14:01:01+00:00","breadcrumb":{"@id":"https:\/\/fuentesfidedignas.com.mx\/index.php\/2024\/01\/17\/la-fefyde-de-la-uas-iniciara-a-finales-de-enero-una-nueva-version-de-su-programa-de-apoyo-al-bienestar-del-adulto-mayor\/#breadcrumb"},"inLanguage":"es","potentialAction":[{"@type":"ReadAction","target":["https:\/\/fuentesfidedignas.com.mx\/index.php\/2024\/01\/17\/la-fefyde-de-la-uas-iniciara-a-finales-de-enero-una-nueva-version-de-su-programa-de-apoyo-al-bienestar-del-adulto-mayor\/"]}]},{"@type":"ImageObject","inLanguage":"es","@id":"https:\/\/fuentesfidedignas.com.mx\/index.php\/2024\/01\/17\/la-fefyde-de-la-uas-iniciara-a-finales-de-enero-una-nueva-version-de-su-programa-de-apoyo-al-bienestar-del-adulto-mayor\/#primaryimage","url":"https:\/\/fuentesfidedignas.com.mx\/wp-content\/uploads\/2024\/01\/FEFYDE-INICIO-DE-PROGRAMA-DEL-ADULTO-MAYOR-1.jpg","contentUrl":"https:\/\/fuentesfidedignas.com.mx\/wp-content\/uploads\/2024\/01\/FEFYDE-INICIO-DE-PROGRAMA-DEL-ADULTO-MAYOR-1.jpg","width":1280,"height":960},{"@type":"BreadcrumbList","@id":"https:\/\/fuentesfidedignas.com.mx\/index.php\/2024\/01\/17\/la-fefyde-de-la-uas-iniciara-a-finales-de-enero-una-nueva-version-de-su-programa-de-apoyo-al-bienestar-del-adulto-mayor\/#breadcrumb","itemListElement":[{"@type":"ListItem","position":1,"name":"Inicio","item":"https:\/\/fuentesfidedignas.com.mx\/"},{"@type":"ListItem","position":2,"name":"La FEFyDE de la UAS iniciar\u00e1 a finales de enero una nueva versi\u00f3n de su programa de apoyo al bienestar del adulto mayor"}]},{"@type":"WebSite","@id":"https:\/\/fuentesfidedignas.com.mx\/#website","url":"https:\/\/fuentesfidedignas.com.mx\/","name":"Fuentes Fidedignas","description":"Otro sitio realizado con WordPress","publisher":{"@id":"https:\/\/fuentesfidedignas.com.mx\/#organization"},"potentialAction":[{"@type":"SearchAction","target":{"@type":"EntryPoint","urlTemplate":"https:\/\/fuentesfidedignas.com.mx\/?s={search_term_string}"},"query-input":{"@type":"PropertyValueSpecification","valueRequired":true,"valueName":"search_term_string"}}],"inLanguage":"es"},{"@type":"Organization","@id":"https:\/\/fuentesfidedignas.com.mx\/#organization","name":"Fuentes Fidedignas","url":"https:\/\/fuentesfidedignas.com.mx\/","logo":{"@type":"ImageObject","inLanguage":"es","@id":"https:\/\/fuentesfidedignas.com.mx\/#\/schema\/logo\/image\/","url":"https:\/\/fuentesfidedignas.com.mx\/wp-content\/uploads\/2021\/04\/logo-retina.png","contentUrl":"https:\/\/fuentesfidedignas.com.mx\/wp-content\/uploads\/2021\/04\/logo-retina.png","width":280,"height":51,"caption":"Fuentes Fidedignas"},"image":{"@id":"https:\/\/fuentesfidedignas.com.mx\/#\/schema\/logo\/image\/"},"sameAs":["https:\/\/www.facebook.com\/Fuentes-Fidedignas-368234489921644","https:\/\/x.com\/fidedignas"]},{"@type":"Person","@id":"https:\/\/fuentesfidedignas.com.mx\/#\/schema\/person\/331be9283d37198e2acd5750279085b0","name":"Redacci\u00f3n","image":{"@type":"ImageObject","inLanguage":"es","@id":"https:\/\/secure.gravatar.com\/avatar\/f6d8782c11d12b2d4ad3fbb6931aeab5309937a4d6cd2fc9cfaa28a6396a5aec?s=96&d=mm&r=g","url":"https:\/\/secure.gravatar.com\/avatar\/f6d8782c11d12b2d4ad3fbb6931aeab5309937a4d6cd2fc9cfaa28a6396a5aec?s=96&d=mm&r=g","contentUrl":"https:\/\/secure.gravatar.com\/avatar\/f6d8782c11d12b2d4ad3fbb6931aeab5309937a4d6cd2fc9cfaa28a6396a5aec?s=96&d=mm&r=g","caption":"Redacci\u00f3n"},"url":"https:\/\/fuentesfidedignas.com.mx\/index.php\/author\/redaccion\/"}]}},"_links":{"self":[{"href":"https:\/\/fuentesfidedignas.com.mx\/index.php\/wp-json\/wp\/v2\/posts\/70929","targetHints":{"allow":["GET"]}}],"collection":[{"href":"https:\/\/fuentesfidedignas.com.mx\/index.php\/wp-json\/wp\/v2\/posts"}],"about":[{"href":"https:\/\/fuentesfidedignas.com.mx\/index.php\/wp-json\/wp\/v2\/types\/post"}],"author":[{"embeddable":true,"href":"https:\/\/fuentesfidedignas.com.mx\/index.php\/wp-json\/wp\/v2\/users\/4"}],"replies":[{"embeddable":true,"href":"https:\/\/fuentesfidedignas.com.mx\/index.php\/wp-json\/wp\/v2\/comments?post=70929"}],"version-history":[{"count":2,"href":"https:\/\/fuentesfidedignas.com.mx\/index.php\/wp-json\/wp\/v2\/posts\/70929\/revisions"}],"predecessor-version":[{"id":70932,"href":"https:\/\/fuentesfidedignas.com.mx\/index.php\/wp-json\/wp\/v2\/posts\/70929\/revisions\/70932"}],"wp:featuredmedia":[{"embeddable":true,"href":"https:\/\/fuentesfidedignas.com.mx\/index.php\/wp-json\/wp\/v2\/media\/70930"}],"wp:attachment":[{"href":"https:\/\/fuentesfidedignas.com.mx\/index.php\/wp-json\/wp\/v2\/media?parent=70929"}],"wp:term":[{"taxonomy":"category","embeddable":true,"href":"https:\/\/fuentesfidedignas.com.mx\/index.php\/wp-json\/wp\/v2\/categories?post=70929"},{"taxonomy":"post_tag","embeddable":true,"href":"https:\/\/fuentesfidedignas.com.mx\/index.php\/wp-json\/wp\/v2\/tags?post=70929"}],"curies":[{"name":"wp","href":"https:\/\/api.w.org\/{rel}","templated":true}]}}