{"id":70900,"date":"2024-01-16T17:14:15","date_gmt":"2024-01-17T00:14:15","guid":{"rendered":"https:\/\/fuentesfidedignas.com.mx\/?p=70900"},"modified":"2024-01-16T17:14:15","modified_gmt":"2024-01-17T00:14:15","slug":"frente-frio-28-entra-el-viernes-y-provocara-un-marcado-descenso-de-temperatura","status":"publish","type":"post","link":"https:\/\/fuentesfidedignas.com.mx\/index.php\/2024\/01\/16\/frente-frio-28-entra-el-viernes-y-provocara-un-marcado-descenso-de-temperatura\/","title":{"rendered":"Frente fr\u00edo 28 entra el viernes y provocar\u00e1 un marcado descenso de temperatura"},"content":{"rendered":"\n<p><strong><em>El SMN dio a conocer que la entrada del frente fr\u00edo 28 provocar\u00e1 un descenso marcado de temperatura, te explicamos qu\u00e9 estados ser\u00e1n los m\u00e1s afectados.<\/em><\/strong><\/p>\n\n\n\n<p>Ciudad de M\u00e9xico.- El Servicio Meteorol\u00f3gico Nacional (SMN) dio a conocer que el pa\u00eds ser\u00e1 \u201ccongelado\u201d por la entrada del frente fr\u00edo 28 el viernes 19 de enero de 2024, por lo que se pronostica otro fin de semana con bajas temperaturas; te explicamos cu\u00e1l es su trayectoria y qu\u00e9 estados ser\u00e1n los m\u00e1s afectados.<\/p>\n\n\n\n<p>El frente fr\u00edo 28 entrar\u00e1 sobre el norte y noreste del pa\u00eds y su masa de aire recorrer\u00e1 r\u00e1pidamente el noreste, oriente y sureste del pa\u00eds, hasta la Pen\u00ednsula de Yucat\u00e1n, ocasionando lluvias fuertes a puntuales intensas en el oriente y sureste del pa\u00eds, as\u00ed como en la Pen\u00ednsula de Yucat\u00e1n.<\/p>\n\n\n\n<p>De acuerdo con el organismo dependiente de la Conagua, el sistema provocar\u00e1 adem\u00e1s un nuevo marcado descenso de temperatura en el noreste, oriente, centro y sureste de M\u00e9xico; adem\u00e1s de evento de \u201cNorte\u201d fuerte a intenso en el litoral del Golfo de M\u00e9xico, Istmo y Golfo de Tehuantepec.<\/p>\n\n\n\n<p><strong>Clima frente fr\u00edo: Temperaturas m\u00ednimas viernes 19 de enero de 2024<\/strong><br>El SMN indic\u00f3 que el frente fr\u00edo 28 provocar\u00e1 el viernes 19 de enero de 2024, temperaturas m\u00ednimas de -10 a -5 \u00b0C con heladas para la madrugada del s\u00e1bado en sierras de Chihuahua, Durango y Coahuila; de -5 a 0 \u00b0C con heladas para la madrugada del s\u00e1bado en sierras de Baja California, Sonora, Nuevo Le\u00f3n, Tamaulipas, San Luis Potos\u00ed, Zacatecas, Aguascalientes, Jalisco, Estado de M\u00e9xico, Hidalgo, Tlaxcala, Puebla, Veracruz y Oaxaca y de 0 a 5 \u00b0C en sierras de Sinaloa, Michoac\u00e1n, Guanajuato, Quer\u00e9taro, Ciudad de M\u00e9xico, Morelos y Chiapas.<\/p>\n\n\n\n<p><strong>Clima frente fr\u00edo: Temperaturas m\u00ednimas s\u00e1bado 20 de enero de 2024<\/strong><\/p>\n\n\n\n<p>El organismo dependiente de la Conagua alert\u00f3 que el s\u00e1bado 20 de enero de 2024 se registrar\u00e1n temperaturas m\u00ednimas de -10 a -5 \u00b0C con heladas para la madrugada del domingo en sierras de Chihuahua, Durango y Coahuila; de -5 a 0 \u00b0C con heladas para la madrugada del domingo en sierras de Baja California, Sonora, Nuevo Le\u00f3n, Tamaulipas, San Luis Potos\u00ed, Zacatecas, Aguascalientes, Jalisco, Estado de M\u00e9xico, Hidalgo, Tlaxcala, Puebla, Veracruz y Oaxaca y de 0 a 5 \u00b0C para la madrugada del domingo en sierras de Sinaloa, Michoac\u00e1n, Guanajuato, Quer\u00e9taro, Ciudad de M\u00e9xico, Morelos y Chiapas.<\/p>\n","protected":false},"excerpt":{"rendered":"<p>El SMN dio a conocer que la entrada del frente fr\u00edo 28 provocar\u00e1 un descenso marcado de temperatura, te explicamos qu\u00e9 estados ser\u00e1n los m\u00e1s afectados. Ciudad de M\u00e9xico.- El Servicio Meteorol\u00f3gico Nacional (SMN) dio a conocer que el pa\u00eds ser\u00e1 \u201ccongelado\u201d por la entrada del frente fr\u00edo 28 el viernes 19 de enero de [&hellip;]<\/p>\n","protected":false},"author":7,"featured_media":22721,"comment_status":"open","ping_status":"open","sticky":false,"template":"","format":"standard","meta":{"tdm_status":"","tdm_grid_status":"","footnotes":""},"categories":[39],"tags":[],"class_list":{"0":"post-70900","1":"post","2":"type-post","3":"status-publish","4":"format-standard","5":"has-post-thumbnail","7":"category-noticias-nacionales"},"yoast_head":"<!-- This site is optimized with the Yoast SEO plugin v27.5 - https:\/\/yoast.com\/product\/yoast-seo-wordpress\/ -->\n<title>Frente fr\u00edo 28 entra el viernes y provocar\u00e1 un marcado descenso de temperatura - Fuentes Fidedignas<\/title>\n<meta name=\"robots\" content=\"index, follow, max-snippet:-1, max-image-preview:large, max-video-preview:-1\" \/>\n<link rel=\"canonical\" href=\"https:\/\/fuentesfidedignas.com.mx\/index.php\/2024\/01\/16\/frente-frio-28-entra-el-viernes-y-provocara-un-marcado-descenso-de-temperatura\/\" \/>\n<meta property=\"og:locale\" content=\"es_MX\" \/>\n<meta property=\"og:type\" content=\"article\" \/>\n<meta property=\"og:title\" content=\"Frente fr\u00edo 28 entra el viernes y provocar\u00e1 un marcado descenso de temperatura - Fuentes Fidedignas\" \/>\n<meta property=\"og:description\" content=\"El SMN dio a conocer que la entrada del frente fr\u00edo 28 provocar\u00e1 un descenso marcado de temperatura, te explicamos qu\u00e9 estados ser\u00e1n los m\u00e1s afectados. Ciudad de M\u00e9xico.- El Servicio Meteorol\u00f3gico Nacional (SMN) dio a conocer que el pa\u00eds ser\u00e1 \u201ccongelado\u201d por la entrada del frente fr\u00edo 28 el viernes 19 de enero de [&hellip;]\" \/>\n<meta property=\"og:url\" content=\"https:\/\/fuentesfidedignas.com.mx\/index.php\/2024\/01\/16\/frente-frio-28-entra-el-viernes-y-provocara-un-marcado-descenso-de-temperatura\/\" \/>\n<meta property=\"og:site_name\" content=\"Fuentes Fidedignas\" \/>\n<meta property=\"article:publisher\" content=\"https:\/\/www.facebook.com\/Fuentes-Fidedignas-368234489921644\" \/>\n<meta property=\"article:published_time\" content=\"2024-01-17T00:14:15+00:00\" \/>\n<meta property=\"og:image\" content=\"https:\/\/fuentesfidedignas.com.mx\/wp-content\/uploads\/2022\/01\/AIRE_FRIO.jpg\" \/>\n\t<meta property=\"og:image:width\" content=\"1140\" \/>\n\t<meta property=\"og:image:height\" content=\"712\" \/>\n\t<meta property=\"og:image:type\" content=\"image\/jpeg\" \/>\n<meta name=\"author\" content=\"Exc\u00e9lsior\" \/>\n<meta name=\"twitter:card\" content=\"summary_large_image\" \/>\n<meta name=\"twitter:creator\" content=\"@fidedignas\" \/>\n<meta name=\"twitter:site\" content=\"@fidedignas\" \/>\n<meta name=\"twitter:label1\" content=\"Escrito por\" \/>\n\t<meta name=\"twitter:data1\" content=\"Exc\u00e9lsior\" \/>\n\t<meta name=\"twitter:label2\" content=\"Tiempo de lectura\" \/>\n\t<meta name=\"twitter:data2\" content=\"2 minutos\" \/>\n<script type=\"application\/ld+json\" class=\"yoast-schema-graph\">{\"@context\":\"https:\\\/\\\/schema.org\",\"@graph\":[{\"@type\":\"Article\",\"@id\":\"https:\\\/\\\/fuentesfidedignas.com.mx\\\/index.php\\\/2024\\\/01\\\/16\\\/frente-frio-28-entra-el-viernes-y-provocara-un-marcado-descenso-de-temperatura\\\/#article\",\"isPartOf\":{\"@id\":\"https:\\\/\\\/fuentesfidedignas.com.mx\\\/index.php\\\/2024\\\/01\\\/16\\\/frente-frio-28-entra-el-viernes-y-provocara-un-marcado-descenso-de-temperatura\\\/\"},\"author\":{\"name\":\"Exc\u00e9lsior\",\"@id\":\"https:\\\/\\\/fuentesfidedignas.com.mx\\\/#\\\/schema\\\/person\\\/ec4edd1fbf5efa3e44fce34fe2787780\"},\"headline\":\"Frente fr\u00edo 28 entra el viernes y provocar\u00e1 un marcado descenso de temperatura\",\"datePublished\":\"2024-01-17T00:14:15+00:00\",\"mainEntityOfPage\":{\"@id\":\"https:\\\/\\\/fuentesfidedignas.com.mx\\\/index.php\\\/2024\\\/01\\\/16\\\/frente-frio-28-entra-el-viernes-y-provocara-un-marcado-descenso-de-temperatura\\\/\"},\"wordCount\":431,\"commentCount\":0,\"publisher\":{\"@id\":\"https:\\\/\\\/fuentesfidedignas.com.mx\\\/#organization\"},\"image\":{\"@id\":\"https:\\\/\\\/fuentesfidedignas.com.mx\\\/index.php\\\/2024\\\/01\\\/16\\\/frente-frio-28-entra-el-viernes-y-provocara-un-marcado-descenso-de-temperatura\\\/#primaryimage\"},\"thumbnailUrl\":\"https:\\\/\\\/fuentesfidedignas.com.mx\\\/wp-content\\\/uploads\\\/2022\\\/01\\\/AIRE_FRIO.jpg\",\"articleSection\":[\"NOTICIAS NACIONALES\"],\"inLanguage\":\"es\",\"potentialAction\":[{\"@type\":\"CommentAction\",\"name\":\"Comment\",\"target\":[\"https:\\\/\\\/fuentesfidedignas.com.mx\\\/index.php\\\/2024\\\/01\\\/16\\\/frente-frio-28-entra-el-viernes-y-provocara-un-marcado-descenso-de-temperatura\\\/#respond\"]}]},{\"@type\":\"WebPage\",\"@id\":\"https:\\\/\\\/fuentesfidedignas.com.mx\\\/index.php\\\/2024\\\/01\\\/16\\\/frente-frio-28-entra-el-viernes-y-provocara-un-marcado-descenso-de-temperatura\\\/\",\"url\":\"https:\\\/\\\/fuentesfidedignas.com.mx\\\/index.php\\\/2024\\\/01\\\/16\\\/frente-frio-28-entra-el-viernes-y-provocara-un-marcado-descenso-de-temperatura\\\/\",\"name\":\"Frente fr\u00edo 28 entra el viernes y provocar\u00e1 un marcado descenso de temperatura - Fuentes Fidedignas\",\"isPartOf\":{\"@id\":\"https:\\\/\\\/fuentesfidedignas.com.mx\\\/#website\"},\"primaryImageOfPage\":{\"@id\":\"https:\\\/\\\/fuentesfidedignas.com.mx\\\/index.php\\\/2024\\\/01\\\/16\\\/frente-frio-28-entra-el-viernes-y-provocara-un-marcado-descenso-de-temperatura\\\/#primaryimage\"},\"image\":{\"@id\":\"https:\\\/\\\/fuentesfidedignas.com.mx\\\/index.php\\\/2024\\\/01\\\/16\\\/frente-frio-28-entra-el-viernes-y-provocara-un-marcado-descenso-de-temperatura\\\/#primaryimage\"},\"thumbnailUrl\":\"https:\\\/\\\/fuentesfidedignas.com.mx\\\/wp-content\\\/uploads\\\/2022\\\/01\\\/AIRE_FRIO.jpg\",\"datePublished\":\"2024-01-17T00:14:15+00:00\",\"breadcrumb\":{\"@id\":\"https:\\\/\\\/fuentesfidedignas.com.mx\\\/index.php\\\/2024\\\/01\\\/16\\\/frente-frio-28-entra-el-viernes-y-provocara-un-marcado-descenso-de-temperatura\\\/#breadcrumb\"},\"inLanguage\":\"es\",\"potentialAction\":[{\"@type\":\"ReadAction\",\"target\":[\"https:\\\/\\\/fuentesfidedignas.com.mx\\\/index.php\\\/2024\\\/01\\\/16\\\/frente-frio-28-entra-el-viernes-y-provocara-un-marcado-descenso-de-temperatura\\\/\"]}]},{\"@type\":\"ImageObject\",\"inLanguage\":\"es\",\"@id\":\"https:\\\/\\\/fuentesfidedignas.com.mx\\\/index.php\\\/2024\\\/01\\\/16\\\/frente-frio-28-entra-el-viernes-y-provocara-un-marcado-descenso-de-temperatura\\\/#primaryimage\",\"url\":\"https:\\\/\\\/fuentesfidedignas.com.mx\\\/wp-content\\\/uploads\\\/2022\\\/01\\\/AIRE_FRIO.jpg\",\"contentUrl\":\"https:\\\/\\\/fuentesfidedignas.com.mx\\\/wp-content\\\/uploads\\\/2022\\\/01\\\/AIRE_FRIO.jpg\",\"width\":1140,\"height\":712},{\"@type\":\"BreadcrumbList\",\"@id\":\"https:\\\/\\\/fuentesfidedignas.com.mx\\\/index.php\\\/2024\\\/01\\\/16\\\/frente-frio-28-entra-el-viernes-y-provocara-un-marcado-descenso-de-temperatura\\\/#breadcrumb\",\"itemListElement\":[{\"@type\":\"ListItem\",\"position\":1,\"name\":\"Inicio\",\"item\":\"https:\\\/\\\/fuentesfidedignas.com.mx\\\/\"},{\"@type\":\"ListItem\",\"position\":2,\"name\":\"Frente fr\u00edo 28 entra el viernes y provocar\u00e1 un marcado descenso de temperatura\"}]},{\"@type\":\"WebSite\",\"@id\":\"https:\\\/\\\/fuentesfidedignas.com.mx\\\/#website\",\"url\":\"https:\\\/\\\/fuentesfidedignas.com.mx\\\/\",\"name\":\"Fuentes Fidedignas\",\"description\":\"Otro sitio realizado con WordPress\",\"publisher\":{\"@id\":\"https:\\\/\\\/fuentesfidedignas.com.mx\\\/#organization\"},\"potentialAction\":[{\"@type\":\"SearchAction\",\"target\":{\"@type\":\"EntryPoint\",\"urlTemplate\":\"https:\\\/\\\/fuentesfidedignas.com.mx\\\/?s={search_term_string}\"},\"query-input\":{\"@type\":\"PropertyValueSpecification\",\"valueRequired\":true,\"valueName\":\"search_term_string\"}}],\"inLanguage\":\"es\"},{\"@type\":\"Organization\",\"@id\":\"https:\\\/\\\/fuentesfidedignas.com.mx\\\/#organization\",\"name\":\"Fuentes Fidedignas\",\"url\":\"https:\\\/\\\/fuentesfidedignas.com.mx\\\/\",\"logo\":{\"@type\":\"ImageObject\",\"inLanguage\":\"es\",\"@id\":\"https:\\\/\\\/fuentesfidedignas.com.mx\\\/#\\\/schema\\\/logo\\\/image\\\/\",\"url\":\"https:\\\/\\\/fuentesfidedignas.com.mx\\\/wp-content\\\/uploads\\\/2021\\\/04\\\/logo-retina.png\",\"contentUrl\":\"https:\\\/\\\/fuentesfidedignas.com.mx\\\/wp-content\\\/uploads\\\/2021\\\/04\\\/logo-retina.png\",\"width\":280,\"height\":51,\"caption\":\"Fuentes Fidedignas\"},\"image\":{\"@id\":\"https:\\\/\\\/fuentesfidedignas.com.mx\\\/#\\\/schema\\\/logo\\\/image\\\/\"},\"sameAs\":[\"https:\\\/\\\/www.facebook.com\\\/Fuentes-Fidedignas-368234489921644\",\"https:\\\/\\\/x.com\\\/fidedignas\"]},{\"@type\":\"Person\",\"@id\":\"https:\\\/\\\/fuentesfidedignas.com.mx\\\/#\\\/schema\\\/person\\\/ec4edd1fbf5efa3e44fce34fe2787780\",\"name\":\"Exc\u00e9lsior\",\"image\":{\"@type\":\"ImageObject\",\"inLanguage\":\"es\",\"@id\":\"https:\\\/\\\/secure.gravatar.com\\\/avatar\\\/4b7ee9206b48be08447852b3f0814dbc7c0f3b51541b164f1464a2725614020b?s=96&d=mm&r=g\",\"url\":\"https:\\\/\\\/secure.gravatar.com\\\/avatar\\\/4b7ee9206b48be08447852b3f0814dbc7c0f3b51541b164f1464a2725614020b?s=96&d=mm&r=g\",\"contentUrl\":\"https:\\\/\\\/secure.gravatar.com\\\/avatar\\\/4b7ee9206b48be08447852b3f0814dbc7c0f3b51541b164f1464a2725614020b?s=96&d=mm&r=g\",\"caption\":\"Exc\u00e9lsior\"},\"url\":\"https:\\\/\\\/fuentesfidedignas.com.mx\\\/index.php\\\/author\\\/excelsior\\\/\"}]}<\/script>\n<!-- \/ Yoast SEO plugin. -->","yoast_head_json":{"title":"Frente fr\u00edo 28 entra el viernes y provocar\u00e1 un marcado descenso de temperatura - Fuentes Fidedignas","robots":{"index":"index","follow":"follow","max-snippet":"max-snippet:-1","max-image-preview":"max-image-preview:large","max-video-preview":"max-video-preview:-1"},"canonical":"https:\/\/fuentesfidedignas.com.mx\/index.php\/2024\/01\/16\/frente-frio-28-entra-el-viernes-y-provocara-un-marcado-descenso-de-temperatura\/","og_locale":"es_MX","og_type":"article","og_title":"Frente fr\u00edo 28 entra el viernes y provocar\u00e1 un marcado descenso de temperatura - Fuentes Fidedignas","og_description":"El SMN dio a conocer que la entrada del frente fr\u00edo 28 provocar\u00e1 un descenso marcado de temperatura, te explicamos qu\u00e9 estados ser\u00e1n los m\u00e1s afectados. Ciudad de M\u00e9xico.- El Servicio Meteorol\u00f3gico Nacional (SMN) dio a conocer que el pa\u00eds ser\u00e1 \u201ccongelado\u201d por la entrada del frente fr\u00edo 28 el viernes 19 de enero de [&hellip;]","og_url":"https:\/\/fuentesfidedignas.com.mx\/index.php\/2024\/01\/16\/frente-frio-28-entra-el-viernes-y-provocara-un-marcado-descenso-de-temperatura\/","og_site_name":"Fuentes Fidedignas","article_publisher":"https:\/\/www.facebook.com\/Fuentes-Fidedignas-368234489921644","article_published_time":"2024-01-17T00:14:15+00:00","og_image":[{"width":1140,"height":712,"url":"https:\/\/fuentesfidedignas.com.mx\/wp-content\/uploads\/2022\/01\/AIRE_FRIO.jpg","type":"image\/jpeg"}],"author":"Exc\u00e9lsior","twitter_card":"summary_large_image","twitter_creator":"@fidedignas","twitter_site":"@fidedignas","twitter_misc":{"Escrito por":"Exc\u00e9lsior","Tiempo de lectura":"2 minutos"},"schema":{"@context":"https:\/\/schema.org","@graph":[{"@type":"Article","@id":"https:\/\/fuentesfidedignas.com.mx\/index.php\/2024\/01\/16\/frente-frio-28-entra-el-viernes-y-provocara-un-marcado-descenso-de-temperatura\/#article","isPartOf":{"@id":"https:\/\/fuentesfidedignas.com.mx\/index.php\/2024\/01\/16\/frente-frio-28-entra-el-viernes-y-provocara-un-marcado-descenso-de-temperatura\/"},"author":{"name":"Exc\u00e9lsior","@id":"https:\/\/fuentesfidedignas.com.mx\/#\/schema\/person\/ec4edd1fbf5efa3e44fce34fe2787780"},"headline":"Frente fr\u00edo 28 entra el viernes y provocar\u00e1 un marcado descenso de temperatura","datePublished":"2024-01-17T00:14:15+00:00","mainEntityOfPage":{"@id":"https:\/\/fuentesfidedignas.com.mx\/index.php\/2024\/01\/16\/frente-frio-28-entra-el-viernes-y-provocara-un-marcado-descenso-de-temperatura\/"},"wordCount":431,"commentCount":0,"publisher":{"@id":"https:\/\/fuentesfidedignas.com.mx\/#organization"},"image":{"@id":"https:\/\/fuentesfidedignas.com.mx\/index.php\/2024\/01\/16\/frente-frio-28-entra-el-viernes-y-provocara-un-marcado-descenso-de-temperatura\/#primaryimage"},"thumbnailUrl":"https:\/\/fuentesfidedignas.com.mx\/wp-content\/uploads\/2022\/01\/AIRE_FRIO.jpg","articleSection":["NOTICIAS NACIONALES"],"inLanguage":"es","potentialAction":[{"@type":"CommentAction","name":"Comment","target":["https:\/\/fuentesfidedignas.com.mx\/index.php\/2024\/01\/16\/frente-frio-28-entra-el-viernes-y-provocara-un-marcado-descenso-de-temperatura\/#respond"]}]},{"@type":"WebPage","@id":"https:\/\/fuentesfidedignas.com.mx\/index.php\/2024\/01\/16\/frente-frio-28-entra-el-viernes-y-provocara-un-marcado-descenso-de-temperatura\/","url":"https:\/\/fuentesfidedignas.com.mx\/index.php\/2024\/01\/16\/frente-frio-28-entra-el-viernes-y-provocara-un-marcado-descenso-de-temperatura\/","name":"Frente fr\u00edo 28 entra el viernes y provocar\u00e1 un marcado descenso de temperatura - Fuentes Fidedignas","isPartOf":{"@id":"https:\/\/fuentesfidedignas.com.mx\/#website"},"primaryImageOfPage":{"@id":"https:\/\/fuentesfidedignas.com.mx\/index.php\/2024\/01\/16\/frente-frio-28-entra-el-viernes-y-provocara-un-marcado-descenso-de-temperatura\/#primaryimage"},"image":{"@id":"https:\/\/fuentesfidedignas.com.mx\/index.php\/2024\/01\/16\/frente-frio-28-entra-el-viernes-y-provocara-un-marcado-descenso-de-temperatura\/#primaryimage"},"thumbnailUrl":"https:\/\/fuentesfidedignas.com.mx\/wp-content\/uploads\/2022\/01\/AIRE_FRIO.jpg","datePublished":"2024-01-17T00:14:15+00:00","breadcrumb":{"@id":"https:\/\/fuentesfidedignas.com.mx\/index.php\/2024\/01\/16\/frente-frio-28-entra-el-viernes-y-provocara-un-marcado-descenso-de-temperatura\/#breadcrumb"},"inLanguage":"es","potentialAction":[{"@type":"ReadAction","target":["https:\/\/fuentesfidedignas.com.mx\/index.php\/2024\/01\/16\/frente-frio-28-entra-el-viernes-y-provocara-un-marcado-descenso-de-temperatura\/"]}]},{"@type":"ImageObject","inLanguage":"es","@id":"https:\/\/fuentesfidedignas.com.mx\/index.php\/2024\/01\/16\/frente-frio-28-entra-el-viernes-y-provocara-un-marcado-descenso-de-temperatura\/#primaryimage","url":"https:\/\/fuentesfidedignas.com.mx\/wp-content\/uploads\/2022\/01\/AIRE_FRIO.jpg","contentUrl":"https:\/\/fuentesfidedignas.com.mx\/wp-content\/uploads\/2022\/01\/AIRE_FRIO.jpg","width":1140,"height":712},{"@type":"BreadcrumbList","@id":"https:\/\/fuentesfidedignas.com.mx\/index.php\/2024\/01\/16\/frente-frio-28-entra-el-viernes-y-provocara-un-marcado-descenso-de-temperatura\/#breadcrumb","itemListElement":[{"@type":"ListItem","position":1,"name":"Inicio","item":"https:\/\/fuentesfidedignas.com.mx\/"},{"@type":"ListItem","position":2,"name":"Frente fr\u00edo 28 entra el viernes y provocar\u00e1 un marcado descenso de temperatura"}]},{"@type":"WebSite","@id":"https:\/\/fuentesfidedignas.com.mx\/#website","url":"https:\/\/fuentesfidedignas.com.mx\/","name":"Fuentes Fidedignas","description":"Otro sitio realizado con WordPress","publisher":{"@id":"https:\/\/fuentesfidedignas.com.mx\/#organization"},"potentialAction":[{"@type":"SearchAction","target":{"@type":"EntryPoint","urlTemplate":"https:\/\/fuentesfidedignas.com.mx\/?s={search_term_string}"},"query-input":{"@type":"PropertyValueSpecification","valueRequired":true,"valueName":"search_term_string"}}],"inLanguage":"es"},{"@type":"Organization","@id":"https:\/\/fuentesfidedignas.com.mx\/#organization","name":"Fuentes Fidedignas","url":"https:\/\/fuentesfidedignas.com.mx\/","logo":{"@type":"ImageObject","inLanguage":"es","@id":"https:\/\/fuentesfidedignas.com.mx\/#\/schema\/logo\/image\/","url":"https:\/\/fuentesfidedignas.com.mx\/wp-content\/uploads\/2021\/04\/logo-retina.png","contentUrl":"https:\/\/fuentesfidedignas.com.mx\/wp-content\/uploads\/2021\/04\/logo-retina.png","width":280,"height":51,"caption":"Fuentes Fidedignas"},"image":{"@id":"https:\/\/fuentesfidedignas.com.mx\/#\/schema\/logo\/image\/"},"sameAs":["https:\/\/www.facebook.com\/Fuentes-Fidedignas-368234489921644","https:\/\/x.com\/fidedignas"]},{"@type":"Person","@id":"https:\/\/fuentesfidedignas.com.mx\/#\/schema\/person\/ec4edd1fbf5efa3e44fce34fe2787780","name":"Exc\u00e9lsior","image":{"@type":"ImageObject","inLanguage":"es","@id":"https:\/\/secure.gravatar.com\/avatar\/4b7ee9206b48be08447852b3f0814dbc7c0f3b51541b164f1464a2725614020b?s=96&d=mm&r=g","url":"https:\/\/secure.gravatar.com\/avatar\/4b7ee9206b48be08447852b3f0814dbc7c0f3b51541b164f1464a2725614020b?s=96&d=mm&r=g","contentUrl":"https:\/\/secure.gravatar.com\/avatar\/4b7ee9206b48be08447852b3f0814dbc7c0f3b51541b164f1464a2725614020b?s=96&d=mm&r=g","caption":"Exc\u00e9lsior"},"url":"https:\/\/fuentesfidedignas.com.mx\/index.php\/author\/excelsior\/"}]}},"_links":{"self":[{"href":"https:\/\/fuentesfidedignas.com.mx\/index.php\/wp-json\/wp\/v2\/posts\/70900","targetHints":{"allow":["GET"]}}],"collection":[{"href":"https:\/\/fuentesfidedignas.com.mx\/index.php\/wp-json\/wp\/v2\/posts"}],"about":[{"href":"https:\/\/fuentesfidedignas.com.mx\/index.php\/wp-json\/wp\/v2\/types\/post"}],"author":[{"embeddable":true,"href":"https:\/\/fuentesfidedignas.com.mx\/index.php\/wp-json\/wp\/v2\/users\/7"}],"replies":[{"embeddable":true,"href":"https:\/\/fuentesfidedignas.com.mx\/index.php\/wp-json\/wp\/v2\/comments?post=70900"}],"version-history":[{"count":1,"href":"https:\/\/fuentesfidedignas.com.mx\/index.php\/wp-json\/wp\/v2\/posts\/70900\/revisions"}],"predecessor-version":[{"id":70901,"href":"https:\/\/fuentesfidedignas.com.mx\/index.php\/wp-json\/wp\/v2\/posts\/70900\/revisions\/70901"}],"wp:featuredmedia":[{"embeddable":true,"href":"https:\/\/fuentesfidedignas.com.mx\/index.php\/wp-json\/wp\/v2\/media\/22721"}],"wp:attachment":[{"href":"https:\/\/fuentesfidedignas.com.mx\/index.php\/wp-json\/wp\/v2\/media?parent=70900"}],"wp:term":[{"taxonomy":"category","embeddable":true,"href":"https:\/\/fuentesfidedignas.com.mx\/index.php\/wp-json\/wp\/v2\/categories?post=70900"},{"taxonomy":"post_tag","embeddable":true,"href":"https:\/\/fuentesfidedignas.com.mx\/index.php\/wp-json\/wp\/v2\/tags?post=70900"}],"curies":[{"name":"wp","href":"https:\/\/api.w.org\/{rel}","templated":true}]}}