{"id":70865,"date":"2024-01-17T05:47:09","date_gmt":"2024-01-17T12:47:09","guid":{"rendered":"https:\/\/fuentesfidedignas.com.mx\/?p=70865"},"modified":"2024-01-16T14:47:48","modified_gmt":"2024-01-16T21:47:48","slug":"video-mujer-grabo-el-momento-en-que-la-despidieron-injustificadamente-por-videollamada","status":"publish","type":"post","link":"https:\/\/fuentesfidedignas.com.mx\/index.php\/2024\/01\/17\/video-mujer-grabo-el-momento-en-que-la-despidieron-injustificadamente-por-videollamada\/","title":{"rendered":"VIDEO: Mujer grab\u00f3 el momento en que la despidieron injustificadamente\u2026 por videollamada"},"content":{"rendered":"\n<p><strong><em>La mujer decidi\u00f3 grabar cuando la despidieron injustificadamente despu\u00e9s de trabajar varios meses en la empresa.<\/em><\/strong><\/p>\n\n\n\n<p>Sin duda algo que puede ser muy duro para muchas personas es que las despidan de su trabajo, sobre todo cuando consideraban que estaban haciendo bien y se sent\u00edan contentos trabajando en la empresa, es por eso que cuando el despido es injustificado suele haber enojo y frustraci\u00f3n.<\/p>\n\n\n\n<p>Una joven, a quien despidieron injustificadamente de la empresa en la que trabaj\u00f3 por varios meses, decidi\u00f3 grabar el momento en el que el personal de Recursos Humanos le inform\u00f3 que ya no contar\u00edan con sus servicios.<\/p>\n\n\n\n<p>Por medio de TikTok y X, antes Twitter, se ha hecho viral un video que comparti\u00f3 Brittany Pietsch en donde cont\u00f3 que desde hace varios d\u00edas en la empresa que trabajaba personal de Recursos Humanos realizaba videollamadas individualmente con algunos de sus compa\u00f1eros.<\/p>\n\n\n\n<p>Estas videollamadas resultaban ser la forma en la que la empresa les informaba sobre su despido, el cual era injustificado, ya que no les dec\u00edan exactamente que los hab\u00eda orillado a tomar esta decisi\u00f3n.<\/p>\n\n\n\n<p>\u201cMis compa\u00f1eros han estado recibiendo invitaciones de llamadas de 15 minutos todo el d\u00eda. Mi mejor amiga del trabajo ha tenido una reuni\u00f3n de 30 minutos antes de m\u00ed y la han despedido, as\u00ed que sab\u00eda lo que se ven\u00eda\u201d.<\/p>\n\n\n\n<p>La joven grab\u00f3 cuando comenz\u00f3 la viodellamada con ella y aunque escuch\u00f3 los argumentos de una empleada del \u00e1rea de Recursos Humanos y un hombre al que nunca hab\u00eda visto, ella quiso exponer sus puntos de vista y defender su puesto de trabajo.<\/p>\n\n\n\n<p>\u201cEs muy, muy impactante. Muy, muy impactante. Realmente he dado toda mi energ\u00eda en la vida durante los \u00faltimos cuatro meses de este trabajo, y que te dejen ir sin motivo es como una enorme bofetada en la cara de una empresa en la que realmente quer\u00eda creer\u201d, coment\u00f3 en el video.<\/p>\n\n\n\n<p><strong>Internautas se muestran molestos ante el despido de la joven<\/strong><br>En los comentarios del video que r\u00e1pidamente se volvi\u00f3 viral, varias personas mostraron su apoyo a la joven y su enojo ante la empresa que la despidi\u00f3, adem\u00e1s argumentaron que lamentablemente muchas compa\u00f1\u00edas despiden injustificadamente a sus empleados.<\/p>\n\n\n\n<p>\u201cLas respuestas de Recursos Humanos me dan n\u00e1useas\u201d, \u201cEs un liderazgo cobarde el que lleva a despidos como este. Felicitaciones a ella por hacer preguntas reales\u201d, &#8220;Le aplaudo por grabar. Esto demuestra lo turbias pueden llegar a ser y se volver\u00e1n las empresas m\u00e1s grandes\u201d, \u201cEs doloroso verlo y est\u00e1 claro que las dos personas que la despiden tienen que hacer literalmente la misma rutina con un grupo de personas que no conocen. Simplemente un proceso feo para todos\u201d.<\/p>\n\n\n\n<figure class=\"wp-block-embed is-type-rich is-provider-twitter wp-block-embed-twitter\"><div class=\"wp-block-embed__wrapper\">\n<blockquote class=\"twitter-tweet\" data-width=\"550\" data-dnt=\"true\"><p lang=\"en\" dir=\"ltr\">Here\u2019s a video posted by a Cloudflare account executive getting laid off that she recorded as she argues with HR team.<br><br>It\u2019s painful to watch on both sides and which is why other big techs just send an email or provide an error when you try to login.<br> <a href=\"https:\/\/t.co\/3Yo2B6MxH7\">pic.twitter.com\/3Yo2B6MxH7<\/a><\/p>&mdash; Dare Obasanjo\ud83d\udc00 (@Carnage4Life) <a href=\"https:\/\/twitter.com\/Carnage4Life\/status\/1745669034178498727?ref_src=twsrc%5Etfw\">January 12, 2024<\/a><\/blockquote><script async src=\"https:\/\/platform.twitter.com\/widgets.js\" charset=\"utf-8\"><\/script>\n<\/div><\/figure>\n","protected":false},"excerpt":{"rendered":"<p>La mujer decidi\u00f3 grabar cuando la despidieron injustificadamente despu\u00e9s de trabajar varios meses en la empresa. Sin duda algo que puede ser muy duro para muchas personas es que las despidan de su trabajo, sobre todo cuando consideraban que estaban haciendo bien y se sent\u00edan contentos trabajando en la empresa, es por eso que cuando [&hellip;]<\/p>\n","protected":false},"author":7,"featured_media":70866,"comment_status":"open","ping_status":"open","sticky":false,"template":"","format":"standard","meta":{"tdm_status":"","tdm_grid_status":"","footnotes":""},"categories":[40],"tags":[],"class_list":{"0":"post-70865","1":"post","2":"type-post","3":"status-publish","4":"format-standard","5":"has-post-thumbnail","7":"category-las-asombrosas"},"yoast_head":"<!-- This site is optimized with the Yoast SEO plugin v27.5 - https:\/\/yoast.com\/product\/yoast-seo-wordpress\/ -->\n<title>VIDEO: Mujer grab\u00f3 el momento en que la despidieron injustificadamente\u2026 por videollamada - Fuentes Fidedignas<\/title>\n<meta name=\"robots\" content=\"index, follow, max-snippet:-1, max-image-preview:large, max-video-preview:-1\" \/>\n<link rel=\"canonical\" href=\"https:\/\/fuentesfidedignas.com.mx\/index.php\/2024\/01\/17\/video-mujer-grabo-el-momento-en-que-la-despidieron-injustificadamente-por-videollamada\/\" \/>\n<meta property=\"og:locale\" content=\"es_MX\" \/>\n<meta property=\"og:type\" content=\"article\" \/>\n<meta property=\"og:title\" content=\"VIDEO: Mujer grab\u00f3 el momento en que la despidieron injustificadamente\u2026 por videollamada - Fuentes Fidedignas\" \/>\n<meta property=\"og:description\" content=\"La mujer decidi\u00f3 grabar cuando la despidieron injustificadamente despu\u00e9s de trabajar varios meses en la empresa. Sin duda algo que puede ser muy duro para muchas personas es que las despidan de su trabajo, sobre todo cuando consideraban que estaban haciendo bien y se sent\u00edan contentos trabajando en la empresa, es por eso que cuando [&hellip;]\" \/>\n<meta property=\"og:url\" content=\"https:\/\/fuentesfidedignas.com.mx\/index.php\/2024\/01\/17\/video-mujer-grabo-el-momento-en-que-la-despidieron-injustificadamente-por-videollamada\/\" \/>\n<meta property=\"og:site_name\" content=\"Fuentes Fidedignas\" \/>\n<meta property=\"article:publisher\" content=\"https:\/\/www.facebook.com\/Fuentes-Fidedignas-368234489921644\" \/>\n<meta property=\"article:published_time\" content=\"2024-01-17T12:47:09+00:00\" \/>\n<meta property=\"og:image\" content=\"https:\/\/fuentesfidedignas.com.mx\/wp-content\/uploads\/2024\/01\/MUJER_RH.jpg\" \/>\n\t<meta property=\"og:image:width\" content=\"800\" \/>\n\t<meta property=\"og:image:height\" content=\"600\" \/>\n\t<meta property=\"og:image:type\" content=\"image\/jpeg\" \/>\n<meta name=\"author\" content=\"Exc\u00e9lsior\" \/>\n<meta name=\"twitter:card\" content=\"summary_large_image\" \/>\n<meta name=\"twitter:creator\" content=\"@fidedignas\" \/>\n<meta name=\"twitter:site\" content=\"@fidedignas\" \/>\n<meta name=\"twitter:label1\" content=\"Escrito por\" \/>\n\t<meta name=\"twitter:data1\" content=\"Exc\u00e9lsior\" \/>\n\t<meta name=\"twitter:label2\" content=\"Tiempo de lectura\" \/>\n\t<meta name=\"twitter:data2\" content=\"3 minutos\" \/>\n<script type=\"application\/ld+json\" class=\"yoast-schema-graph\">{\"@context\":\"https:\\\/\\\/schema.org\",\"@graph\":[{\"@type\":\"Article\",\"@id\":\"https:\\\/\\\/fuentesfidedignas.com.mx\\\/index.php\\\/2024\\\/01\\\/17\\\/video-mujer-grabo-el-momento-en-que-la-despidieron-injustificadamente-por-videollamada\\\/#article\",\"isPartOf\":{\"@id\":\"https:\\\/\\\/fuentesfidedignas.com.mx\\\/index.php\\\/2024\\\/01\\\/17\\\/video-mujer-grabo-el-momento-en-que-la-despidieron-injustificadamente-por-videollamada\\\/\"},\"author\":{\"name\":\"Exc\u00e9lsior\",\"@id\":\"https:\\\/\\\/fuentesfidedignas.com.mx\\\/#\\\/schema\\\/person\\\/ec4edd1fbf5efa3e44fce34fe2787780\"},\"headline\":\"VIDEO: Mujer grab\u00f3 el momento en que la despidieron injustificadamente\u2026 por videollamada\",\"datePublished\":\"2024-01-17T12:47:09+00:00\",\"mainEntityOfPage\":{\"@id\":\"https:\\\/\\\/fuentesfidedignas.com.mx\\\/index.php\\\/2024\\\/01\\\/17\\\/video-mujer-grabo-el-momento-en-que-la-despidieron-injustificadamente-por-videollamada\\\/\"},\"wordCount\":478,\"commentCount\":0,\"publisher\":{\"@id\":\"https:\\\/\\\/fuentesfidedignas.com.mx\\\/#organization\"},\"image\":{\"@id\":\"https:\\\/\\\/fuentesfidedignas.com.mx\\\/index.php\\\/2024\\\/01\\\/17\\\/video-mujer-grabo-el-momento-en-que-la-despidieron-injustificadamente-por-videollamada\\\/#primaryimage\"},\"thumbnailUrl\":\"https:\\\/\\\/fuentesfidedignas.com.mx\\\/wp-content\\\/uploads\\\/2024\\\/01\\\/MUJER_RH.jpg\",\"articleSection\":[\"LAS ASOMBROSAS\"],\"inLanguage\":\"es\",\"potentialAction\":[{\"@type\":\"CommentAction\",\"name\":\"Comment\",\"target\":[\"https:\\\/\\\/fuentesfidedignas.com.mx\\\/index.php\\\/2024\\\/01\\\/17\\\/video-mujer-grabo-el-momento-en-que-la-despidieron-injustificadamente-por-videollamada\\\/#respond\"]}]},{\"@type\":\"WebPage\",\"@id\":\"https:\\\/\\\/fuentesfidedignas.com.mx\\\/index.php\\\/2024\\\/01\\\/17\\\/video-mujer-grabo-el-momento-en-que-la-despidieron-injustificadamente-por-videollamada\\\/\",\"url\":\"https:\\\/\\\/fuentesfidedignas.com.mx\\\/index.php\\\/2024\\\/01\\\/17\\\/video-mujer-grabo-el-momento-en-que-la-despidieron-injustificadamente-por-videollamada\\\/\",\"name\":\"VIDEO: Mujer grab\u00f3 el momento en que la despidieron injustificadamente\u2026 por videollamada - Fuentes Fidedignas\",\"isPartOf\":{\"@id\":\"https:\\\/\\\/fuentesfidedignas.com.mx\\\/#website\"},\"primaryImageOfPage\":{\"@id\":\"https:\\\/\\\/fuentesfidedignas.com.mx\\\/index.php\\\/2024\\\/01\\\/17\\\/video-mujer-grabo-el-momento-en-que-la-despidieron-injustificadamente-por-videollamada\\\/#primaryimage\"},\"image\":{\"@id\":\"https:\\\/\\\/fuentesfidedignas.com.mx\\\/index.php\\\/2024\\\/01\\\/17\\\/video-mujer-grabo-el-momento-en-que-la-despidieron-injustificadamente-por-videollamada\\\/#primaryimage\"},\"thumbnailUrl\":\"https:\\\/\\\/fuentesfidedignas.com.mx\\\/wp-content\\\/uploads\\\/2024\\\/01\\\/MUJER_RH.jpg\",\"datePublished\":\"2024-01-17T12:47:09+00:00\",\"breadcrumb\":{\"@id\":\"https:\\\/\\\/fuentesfidedignas.com.mx\\\/index.php\\\/2024\\\/01\\\/17\\\/video-mujer-grabo-el-momento-en-que-la-despidieron-injustificadamente-por-videollamada\\\/#breadcrumb\"},\"inLanguage\":\"es\",\"potentialAction\":[{\"@type\":\"ReadAction\",\"target\":[\"https:\\\/\\\/fuentesfidedignas.com.mx\\\/index.php\\\/2024\\\/01\\\/17\\\/video-mujer-grabo-el-momento-en-que-la-despidieron-injustificadamente-por-videollamada\\\/\"]}]},{\"@type\":\"ImageObject\",\"inLanguage\":\"es\",\"@id\":\"https:\\\/\\\/fuentesfidedignas.com.mx\\\/index.php\\\/2024\\\/01\\\/17\\\/video-mujer-grabo-el-momento-en-que-la-despidieron-injustificadamente-por-videollamada\\\/#primaryimage\",\"url\":\"https:\\\/\\\/fuentesfidedignas.com.mx\\\/wp-content\\\/uploads\\\/2024\\\/01\\\/MUJER_RH.jpg\",\"contentUrl\":\"https:\\\/\\\/fuentesfidedignas.com.mx\\\/wp-content\\\/uploads\\\/2024\\\/01\\\/MUJER_RH.jpg\",\"width\":800,\"height\":600},{\"@type\":\"BreadcrumbList\",\"@id\":\"https:\\\/\\\/fuentesfidedignas.com.mx\\\/index.php\\\/2024\\\/01\\\/17\\\/video-mujer-grabo-el-momento-en-que-la-despidieron-injustificadamente-por-videollamada\\\/#breadcrumb\",\"itemListElement\":[{\"@type\":\"ListItem\",\"position\":1,\"name\":\"Inicio\",\"item\":\"https:\\\/\\\/fuentesfidedignas.com.mx\\\/\"},{\"@type\":\"ListItem\",\"position\":2,\"name\":\"VIDEO: Mujer grab\u00f3 el momento en que la despidieron injustificadamente\u2026 por videollamada\"}]},{\"@type\":\"WebSite\",\"@id\":\"https:\\\/\\\/fuentesfidedignas.com.mx\\\/#website\",\"url\":\"https:\\\/\\\/fuentesfidedignas.com.mx\\\/\",\"name\":\"Fuentes Fidedignas\",\"description\":\"Otro sitio realizado con WordPress\",\"publisher\":{\"@id\":\"https:\\\/\\\/fuentesfidedignas.com.mx\\\/#organization\"},\"potentialAction\":[{\"@type\":\"SearchAction\",\"target\":{\"@type\":\"EntryPoint\",\"urlTemplate\":\"https:\\\/\\\/fuentesfidedignas.com.mx\\\/?s={search_term_string}\"},\"query-input\":{\"@type\":\"PropertyValueSpecification\",\"valueRequired\":true,\"valueName\":\"search_term_string\"}}],\"inLanguage\":\"es\"},{\"@type\":\"Organization\",\"@id\":\"https:\\\/\\\/fuentesfidedignas.com.mx\\\/#organization\",\"name\":\"Fuentes Fidedignas\",\"url\":\"https:\\\/\\\/fuentesfidedignas.com.mx\\\/\",\"logo\":{\"@type\":\"ImageObject\",\"inLanguage\":\"es\",\"@id\":\"https:\\\/\\\/fuentesfidedignas.com.mx\\\/#\\\/schema\\\/logo\\\/image\\\/\",\"url\":\"https:\\\/\\\/fuentesfidedignas.com.mx\\\/wp-content\\\/uploads\\\/2021\\\/04\\\/logo-retina.png\",\"contentUrl\":\"https:\\\/\\\/fuentesfidedignas.com.mx\\\/wp-content\\\/uploads\\\/2021\\\/04\\\/logo-retina.png\",\"width\":280,\"height\":51,\"caption\":\"Fuentes Fidedignas\"},\"image\":{\"@id\":\"https:\\\/\\\/fuentesfidedignas.com.mx\\\/#\\\/schema\\\/logo\\\/image\\\/\"},\"sameAs\":[\"https:\\\/\\\/www.facebook.com\\\/Fuentes-Fidedignas-368234489921644\",\"https:\\\/\\\/x.com\\\/fidedignas\"]},{\"@type\":\"Person\",\"@id\":\"https:\\\/\\\/fuentesfidedignas.com.mx\\\/#\\\/schema\\\/person\\\/ec4edd1fbf5efa3e44fce34fe2787780\",\"name\":\"Exc\u00e9lsior\",\"image\":{\"@type\":\"ImageObject\",\"inLanguage\":\"es\",\"@id\":\"https:\\\/\\\/secure.gravatar.com\\\/avatar\\\/4b7ee9206b48be08447852b3f0814dbc7c0f3b51541b164f1464a2725614020b?s=96&d=mm&r=g\",\"url\":\"https:\\\/\\\/secure.gravatar.com\\\/avatar\\\/4b7ee9206b48be08447852b3f0814dbc7c0f3b51541b164f1464a2725614020b?s=96&d=mm&r=g\",\"contentUrl\":\"https:\\\/\\\/secure.gravatar.com\\\/avatar\\\/4b7ee9206b48be08447852b3f0814dbc7c0f3b51541b164f1464a2725614020b?s=96&d=mm&r=g\",\"caption\":\"Exc\u00e9lsior\"},\"url\":\"https:\\\/\\\/fuentesfidedignas.com.mx\\\/index.php\\\/author\\\/excelsior\\\/\"}]}<\/script>\n<!-- \/ Yoast SEO plugin. -->","yoast_head_json":{"title":"VIDEO: Mujer grab\u00f3 el momento en que la despidieron injustificadamente\u2026 por videollamada - Fuentes Fidedignas","robots":{"index":"index","follow":"follow","max-snippet":"max-snippet:-1","max-image-preview":"max-image-preview:large","max-video-preview":"max-video-preview:-1"},"canonical":"https:\/\/fuentesfidedignas.com.mx\/index.php\/2024\/01\/17\/video-mujer-grabo-el-momento-en-que-la-despidieron-injustificadamente-por-videollamada\/","og_locale":"es_MX","og_type":"article","og_title":"VIDEO: Mujer grab\u00f3 el momento en que la despidieron injustificadamente\u2026 por videollamada - Fuentes Fidedignas","og_description":"La mujer decidi\u00f3 grabar cuando la despidieron injustificadamente despu\u00e9s de trabajar varios meses en la empresa. Sin duda algo que puede ser muy duro para muchas personas es que las despidan de su trabajo, sobre todo cuando consideraban que estaban haciendo bien y se sent\u00edan contentos trabajando en la empresa, es por eso que cuando [&hellip;]","og_url":"https:\/\/fuentesfidedignas.com.mx\/index.php\/2024\/01\/17\/video-mujer-grabo-el-momento-en-que-la-despidieron-injustificadamente-por-videollamada\/","og_site_name":"Fuentes Fidedignas","article_publisher":"https:\/\/www.facebook.com\/Fuentes-Fidedignas-368234489921644","article_published_time":"2024-01-17T12:47:09+00:00","og_image":[{"width":800,"height":600,"url":"https:\/\/fuentesfidedignas.com.mx\/wp-content\/uploads\/2024\/01\/MUJER_RH.jpg","type":"image\/jpeg"}],"author":"Exc\u00e9lsior","twitter_card":"summary_large_image","twitter_creator":"@fidedignas","twitter_site":"@fidedignas","twitter_misc":{"Escrito por":"Exc\u00e9lsior","Tiempo de lectura":"3 minutos"},"schema":{"@context":"https:\/\/schema.org","@graph":[{"@type":"Article","@id":"https:\/\/fuentesfidedignas.com.mx\/index.php\/2024\/01\/17\/video-mujer-grabo-el-momento-en-que-la-despidieron-injustificadamente-por-videollamada\/#article","isPartOf":{"@id":"https:\/\/fuentesfidedignas.com.mx\/index.php\/2024\/01\/17\/video-mujer-grabo-el-momento-en-que-la-despidieron-injustificadamente-por-videollamada\/"},"author":{"name":"Exc\u00e9lsior","@id":"https:\/\/fuentesfidedignas.com.mx\/#\/schema\/person\/ec4edd1fbf5efa3e44fce34fe2787780"},"headline":"VIDEO: Mujer grab\u00f3 el momento en que la despidieron injustificadamente\u2026 por videollamada","datePublished":"2024-01-17T12:47:09+00:00","mainEntityOfPage":{"@id":"https:\/\/fuentesfidedignas.com.mx\/index.php\/2024\/01\/17\/video-mujer-grabo-el-momento-en-que-la-despidieron-injustificadamente-por-videollamada\/"},"wordCount":478,"commentCount":0,"publisher":{"@id":"https:\/\/fuentesfidedignas.com.mx\/#organization"},"image":{"@id":"https:\/\/fuentesfidedignas.com.mx\/index.php\/2024\/01\/17\/video-mujer-grabo-el-momento-en-que-la-despidieron-injustificadamente-por-videollamada\/#primaryimage"},"thumbnailUrl":"https:\/\/fuentesfidedignas.com.mx\/wp-content\/uploads\/2024\/01\/MUJER_RH.jpg","articleSection":["LAS ASOMBROSAS"],"inLanguage":"es","potentialAction":[{"@type":"CommentAction","name":"Comment","target":["https:\/\/fuentesfidedignas.com.mx\/index.php\/2024\/01\/17\/video-mujer-grabo-el-momento-en-que-la-despidieron-injustificadamente-por-videollamada\/#respond"]}]},{"@type":"WebPage","@id":"https:\/\/fuentesfidedignas.com.mx\/index.php\/2024\/01\/17\/video-mujer-grabo-el-momento-en-que-la-despidieron-injustificadamente-por-videollamada\/","url":"https:\/\/fuentesfidedignas.com.mx\/index.php\/2024\/01\/17\/video-mujer-grabo-el-momento-en-que-la-despidieron-injustificadamente-por-videollamada\/","name":"VIDEO: Mujer grab\u00f3 el momento en que la despidieron injustificadamente\u2026 por videollamada - Fuentes Fidedignas","isPartOf":{"@id":"https:\/\/fuentesfidedignas.com.mx\/#website"},"primaryImageOfPage":{"@id":"https:\/\/fuentesfidedignas.com.mx\/index.php\/2024\/01\/17\/video-mujer-grabo-el-momento-en-que-la-despidieron-injustificadamente-por-videollamada\/#primaryimage"},"image":{"@id":"https:\/\/fuentesfidedignas.com.mx\/index.php\/2024\/01\/17\/video-mujer-grabo-el-momento-en-que-la-despidieron-injustificadamente-por-videollamada\/#primaryimage"},"thumbnailUrl":"https:\/\/fuentesfidedignas.com.mx\/wp-content\/uploads\/2024\/01\/MUJER_RH.jpg","datePublished":"2024-01-17T12:47:09+00:00","breadcrumb":{"@id":"https:\/\/fuentesfidedignas.com.mx\/index.php\/2024\/01\/17\/video-mujer-grabo-el-momento-en-que-la-despidieron-injustificadamente-por-videollamada\/#breadcrumb"},"inLanguage":"es","potentialAction":[{"@type":"ReadAction","target":["https:\/\/fuentesfidedignas.com.mx\/index.php\/2024\/01\/17\/video-mujer-grabo-el-momento-en-que-la-despidieron-injustificadamente-por-videollamada\/"]}]},{"@type":"ImageObject","inLanguage":"es","@id":"https:\/\/fuentesfidedignas.com.mx\/index.php\/2024\/01\/17\/video-mujer-grabo-el-momento-en-que-la-despidieron-injustificadamente-por-videollamada\/#primaryimage","url":"https:\/\/fuentesfidedignas.com.mx\/wp-content\/uploads\/2024\/01\/MUJER_RH.jpg","contentUrl":"https:\/\/fuentesfidedignas.com.mx\/wp-content\/uploads\/2024\/01\/MUJER_RH.jpg","width":800,"height":600},{"@type":"BreadcrumbList","@id":"https:\/\/fuentesfidedignas.com.mx\/index.php\/2024\/01\/17\/video-mujer-grabo-el-momento-en-que-la-despidieron-injustificadamente-por-videollamada\/#breadcrumb","itemListElement":[{"@type":"ListItem","position":1,"name":"Inicio","item":"https:\/\/fuentesfidedignas.com.mx\/"},{"@type":"ListItem","position":2,"name":"VIDEO: Mujer grab\u00f3 el momento en que la despidieron injustificadamente\u2026 por videollamada"}]},{"@type":"WebSite","@id":"https:\/\/fuentesfidedignas.com.mx\/#website","url":"https:\/\/fuentesfidedignas.com.mx\/","name":"Fuentes Fidedignas","description":"Otro sitio realizado con WordPress","publisher":{"@id":"https:\/\/fuentesfidedignas.com.mx\/#organization"},"potentialAction":[{"@type":"SearchAction","target":{"@type":"EntryPoint","urlTemplate":"https:\/\/fuentesfidedignas.com.mx\/?s={search_term_string}"},"query-input":{"@type":"PropertyValueSpecification","valueRequired":true,"valueName":"search_term_string"}}],"inLanguage":"es"},{"@type":"Organization","@id":"https:\/\/fuentesfidedignas.com.mx\/#organization","name":"Fuentes Fidedignas","url":"https:\/\/fuentesfidedignas.com.mx\/","logo":{"@type":"ImageObject","inLanguage":"es","@id":"https:\/\/fuentesfidedignas.com.mx\/#\/schema\/logo\/image\/","url":"https:\/\/fuentesfidedignas.com.mx\/wp-content\/uploads\/2021\/04\/logo-retina.png","contentUrl":"https:\/\/fuentesfidedignas.com.mx\/wp-content\/uploads\/2021\/04\/logo-retina.png","width":280,"height":51,"caption":"Fuentes Fidedignas"},"image":{"@id":"https:\/\/fuentesfidedignas.com.mx\/#\/schema\/logo\/image\/"},"sameAs":["https:\/\/www.facebook.com\/Fuentes-Fidedignas-368234489921644","https:\/\/x.com\/fidedignas"]},{"@type":"Person","@id":"https:\/\/fuentesfidedignas.com.mx\/#\/schema\/person\/ec4edd1fbf5efa3e44fce34fe2787780","name":"Exc\u00e9lsior","image":{"@type":"ImageObject","inLanguage":"es","@id":"https:\/\/secure.gravatar.com\/avatar\/4b7ee9206b48be08447852b3f0814dbc7c0f3b51541b164f1464a2725614020b?s=96&d=mm&r=g","url":"https:\/\/secure.gravatar.com\/avatar\/4b7ee9206b48be08447852b3f0814dbc7c0f3b51541b164f1464a2725614020b?s=96&d=mm&r=g","contentUrl":"https:\/\/secure.gravatar.com\/avatar\/4b7ee9206b48be08447852b3f0814dbc7c0f3b51541b164f1464a2725614020b?s=96&d=mm&r=g","caption":"Exc\u00e9lsior"},"url":"https:\/\/fuentesfidedignas.com.mx\/index.php\/author\/excelsior\/"}]}},"_links":{"self":[{"href":"https:\/\/fuentesfidedignas.com.mx\/index.php\/wp-json\/wp\/v2\/posts\/70865","targetHints":{"allow":["GET"]}}],"collection":[{"href":"https:\/\/fuentesfidedignas.com.mx\/index.php\/wp-json\/wp\/v2\/posts"}],"about":[{"href":"https:\/\/fuentesfidedignas.com.mx\/index.php\/wp-json\/wp\/v2\/types\/post"}],"author":[{"embeddable":true,"href":"https:\/\/fuentesfidedignas.com.mx\/index.php\/wp-json\/wp\/v2\/users\/7"}],"replies":[{"embeddable":true,"href":"https:\/\/fuentesfidedignas.com.mx\/index.php\/wp-json\/wp\/v2\/comments?post=70865"}],"version-history":[{"count":1,"href":"https:\/\/fuentesfidedignas.com.mx\/index.php\/wp-json\/wp\/v2\/posts\/70865\/revisions"}],"predecessor-version":[{"id":70867,"href":"https:\/\/fuentesfidedignas.com.mx\/index.php\/wp-json\/wp\/v2\/posts\/70865\/revisions\/70867"}],"wp:featuredmedia":[{"embeddable":true,"href":"https:\/\/fuentesfidedignas.com.mx\/index.php\/wp-json\/wp\/v2\/media\/70866"}],"wp:attachment":[{"href":"https:\/\/fuentesfidedignas.com.mx\/index.php\/wp-json\/wp\/v2\/media?parent=70865"}],"wp:term":[{"taxonomy":"category","embeddable":true,"href":"https:\/\/fuentesfidedignas.com.mx\/index.php\/wp-json\/wp\/v2\/categories?post=70865"},{"taxonomy":"post_tag","embeddable":true,"href":"https:\/\/fuentesfidedignas.com.mx\/index.php\/wp-json\/wp\/v2\/tags?post=70865"}],"curies":[{"name":"wp","href":"https:\/\/api.w.org\/{rel}","templated":true}]}}