{"id":70831,"date":"2024-01-16T09:49:34","date_gmt":"2024-01-16T16:49:34","guid":{"rendered":"https:\/\/fuentesfidedignas.com.mx\/?p=70831"},"modified":"2024-01-16T09:49:54","modified_gmt":"2024-01-16T16:49:54","slug":"cerrar-la-frontera-mexico-ee-uu-no-se-puede-responde-amlo-a-trump","status":"publish","type":"post","link":"https:\/\/fuentesfidedignas.com.mx\/index.php\/2024\/01\/16\/cerrar-la-frontera-mexico-ee-uu-no-se-puede-responde-amlo-a-trump\/","title":{"rendered":"Cerrar la frontera M\u00e9xico-EE.UU. \u201cno se puede\u201d, responde AMLO a Trump"},"content":{"rendered":"\n<p><em><strong>L\u00f3pez Obrador atribuy\u00f3 a las campa\u00f1as electorales en EE.UU. las declaraciones de Trump de querer cerrar la frontera con M\u00e9xico para frenar la migraci\u00f3n<\/strong><\/em><\/p>\n\n\n\n<p>Ciudad de M\u00e9xico.- El presidente\u00a0<strong>Andr\u00e9s Manuel L\u00f3pez Obrador<\/strong>\u00a0asegur\u00f3 que \u201c<strong>no se puede<\/strong>\u201d\u00a0<strong>cerrar<\/strong>\u00a0la\u00a0<strong>frontera<\/strong>\u00a0de\u00a0<strong>Estados Unidos<\/strong>\u00a0con\u00a0<strong>M\u00e9xico<\/strong>, tal y como lo presumi\u00f3<strong>\u00a0Donald Trump<\/strong>\u00a0en el\u00a0<em>caucus<\/em>\u00a0de\u00a0<strong>Iowa<\/strong>\u00a0rumbo a la nominaci\u00f3n republicana.<\/p>\n\n\n\n<figure class=\"wp-block-embed is-type-rich is-provider-twitter wp-block-embed-twitter\"><div class=\"wp-block-embed__wrapper\">\n<blockquote class=\"twitter-tweet\" data-width=\"550\" data-dnt=\"true\"><p lang=\"es\" dir=\"ltr\">&quot;Es campa\u00f1a. Se expresan muchas cosas para tratar de ganar votos. Sin embargo, no se puede cerrar la frontera&quot;, responde as\u00ed el presidente a los dichos de Donald Trump durante campa\u00f1a en Estados Unidos.<br><br>&quot;Cerrar la frontera no se puede&quot;, dijo.<br><br>Detalles: <a href=\"https:\/\/t.co\/fKaVCytqoq\">https:\/\/t.co\/fKaVCytqoq<\/a> <a href=\"https:\/\/t.co\/hblwnsukiR\">pic.twitter.com\/hblwnsukiR<\/a><\/p>&mdash; Joaqu\u00edn L\u00f3pez-D\u00f3riga (@lopezdoriga) <a href=\"https:\/\/twitter.com\/lopezdoriga\/status\/1747255742812623216?ref_src=twsrc%5Etfw\">January 16, 2024<\/a><\/blockquote><script async src=\"https:\/\/platform.twitter.com\/widgets.js\" charset=\"utf-8\"><\/script>\n<\/div><\/figure>\n\n\n\n<p>Atribuy\u00f3 las&nbsp;<strong>declaraciones<\/strong>&nbsp;de&nbsp;<strong>Trump<\/strong>&nbsp;para frenar la migraci\u00f3n a las&nbsp;<strong>campa\u00f1as electorales<\/strong>&nbsp;y a la intenci\u00f3n de ganar votos.<\/p>\n\n\n\n<blockquote class=\"wp-block-quote is-layout-flow wp-block-quote-is-layout-flow\">\n<p>No se pueden cerrar las fronteras entre M\u00e9xico y Estados Unidos porque es fundamental la integraci\u00f3n econ\u00f3mica, social; es indispensable la buena vecindad\u201d, sostuvo en su&nbsp;<a href=\"https:\/\/youtu.be\/Yxg2nz-s8f0\" target=\"_blank\" rel=\"noreferrer noopener\">conferencia de prensa matutina<\/a>.<\/p>\n<\/blockquote>\n\n\n\n<p><strong>L\u00f3pez Obrador<\/strong>&nbsp;presumi\u00f3 que, de cerrarse la frontera, al menos por un d\u00eda, significar\u00eda p\u00e9rdidas para las empresas de&nbsp;<strong>M\u00e9xico<\/strong>, pero tambi\u00e9n para las de&nbsp;<strong>Estados Unidos<\/strong>.<\/p>\n\n\n\n<p>Se\u00f1al\u00f3 que el gobernador de&nbsp;<strong>Florida<\/strong>,&nbsp;<strong>Ron DeSantis<\/strong>, tambi\u00e9n tiene un discurso antimigrante \u201cporque piensan que de esa manera obtienen votos\u201d.<\/p>\n\n\n\n<blockquote class=\"wp-block-quote is-layout-flow wp-block-quote-is-layout-flow\">\n<p>Lo importante es buscar la cooperaci\u00f3n entre nuestras naciones, reafirmar nuestra amistad. No hay realmente problema con el presidente Trump solo tuvimos una diferencia en cuanto al manejo de la frontera por establecer o pretender establecer de manera unilateral aranceles a mercanc\u00edas mexicanas que se introducen a Estados Unidos, y sin embargo, se lleg\u00f3 a un acuerdo. Fue lo \u00fanico\u201d, rememor\u00f3.<\/p>\n<\/blockquote>\n\n\n\n<p>Tras\u00a0<a href=\"https:\/\/lopezdoriga.com\/internacional\/trump-llama-a-la-union-en-ee-uu-tras-ganar-los-caucus-de-iowa-y-arremete-contra-los-migrantes\/\" target=\"_blank\" rel=\"noreferrer noopener\">ganar el caucus de Iowa<\/a>, Donald Trump retom\u00f3 su ret\u00f3rica\u00a0<strong>antimigrante<\/strong>\u00a0y dijo que Estados Unidos sufre una \u201cinvasi\u00f3n\u201d con la llegada de migrantes a la frontera sur con M\u00e9xico.<\/p>\n\n\n\n<blockquote class=\"wp-block-quote is-layout-flow wp-block-quote-is-layout-flow\">\n<p>Vamos a sellar la frontera. Tenemos una invasi\u00f3n, una invasi\u00f3n de millones y millones de personas que est\u00e1n viniendo a nuestro pa\u00eds\u201d, manifest\u00f3.<\/p>\n<\/blockquote>\n","protected":false},"excerpt":{"rendered":"<p>L\u00f3pez Obrador atribuy\u00f3 a las campa\u00f1as electorales en EE.UU. las declaraciones de Trump de querer cerrar la frontera con M\u00e9xico para frenar la migraci\u00f3n Ciudad de M\u00e9xico.- El presidente\u00a0Andr\u00e9s Manuel L\u00f3pez Obrador\u00a0asegur\u00f3 que \u201cno se puede\u201d\u00a0cerrar\u00a0la\u00a0frontera\u00a0de\u00a0Estados Unidos\u00a0con\u00a0M\u00e9xico, tal y como lo presumi\u00f3\u00a0Donald Trump\u00a0en el\u00a0caucus\u00a0de\u00a0Iowa\u00a0rumbo a la nominaci\u00f3n republicana. Atribuy\u00f3 las&nbsp;declaraciones&nbsp;de&nbsp;Trump&nbsp;para frenar la migraci\u00f3n a las&nbsp;campa\u00f1as [&hellip;]<\/p>\n","protected":false},"author":47,"featured_media":70833,"comment_status":"open","ping_status":"open","sticky":false,"template":"","format":"standard","meta":{"tdm_status":"","tdm_grid_status":"","footnotes":""},"categories":[39],"tags":[],"class_list":{"0":"post-70831","1":"post","2":"type-post","3":"status-publish","4":"format-standard","5":"has-post-thumbnail","7":"category-noticias-nacionales"},"yoast_head":"<!-- This site is optimized with the Yoast SEO plugin v27.5 - https:\/\/yoast.com\/product\/yoast-seo-wordpress\/ -->\n<title>Cerrar la frontera M\u00e9xico-EE.UU. \u201cno se puede\u201d, responde AMLO a Trump - Fuentes Fidedignas<\/title>\n<meta name=\"robots\" content=\"index, follow, max-snippet:-1, max-image-preview:large, max-video-preview:-1\" \/>\n<link rel=\"canonical\" href=\"https:\/\/fuentesfidedignas.com.mx\/index.php\/2024\/01\/16\/cerrar-la-frontera-mexico-ee-uu-no-se-puede-responde-amlo-a-trump\/\" \/>\n<meta property=\"og:locale\" content=\"es_MX\" \/>\n<meta property=\"og:type\" content=\"article\" \/>\n<meta property=\"og:title\" content=\"Cerrar la frontera M\u00e9xico-EE.UU. \u201cno se puede\u201d, responde AMLO a Trump - Fuentes Fidedignas\" \/>\n<meta property=\"og:description\" content=\"L\u00f3pez Obrador atribuy\u00f3 a las campa\u00f1as electorales en EE.UU. las declaraciones de Trump de querer cerrar la frontera con M\u00e9xico para frenar la migraci\u00f3n Ciudad de M\u00e9xico.- El presidente\u00a0Andr\u00e9s Manuel L\u00f3pez Obrador\u00a0asegur\u00f3 que \u201cno se puede\u201d\u00a0cerrar\u00a0la\u00a0frontera\u00a0de\u00a0Estados Unidos\u00a0con\u00a0M\u00e9xico, tal y como lo presumi\u00f3\u00a0Donald Trump\u00a0en el\u00a0caucus\u00a0de\u00a0Iowa\u00a0rumbo a la nominaci\u00f3n republicana. Atribuy\u00f3 las&nbsp;declaraciones&nbsp;de&nbsp;Trump&nbsp;para frenar la migraci\u00f3n a las&nbsp;campa\u00f1as [&hellip;]\" \/>\n<meta property=\"og:url\" content=\"https:\/\/fuentesfidedignas.com.mx\/index.php\/2024\/01\/16\/cerrar-la-frontera-mexico-ee-uu-no-se-puede-responde-amlo-a-trump\/\" \/>\n<meta property=\"og:site_name\" content=\"Fuentes Fidedignas\" \/>\n<meta property=\"article:publisher\" content=\"https:\/\/www.facebook.com\/Fuentes-Fidedignas-368234489921644\" \/>\n<meta property=\"article:published_time\" content=\"2024-01-16T16:49:34+00:00\" \/>\n<meta property=\"article:modified_time\" content=\"2024-01-16T16:49:54+00:00\" \/>\n<meta property=\"og:image\" content=\"https:\/\/fuentesfidedignas.com.mx\/wp-content\/uploads\/2024\/01\/descarga-4-e1705423788275.jpeg\" \/>\n\t<meta property=\"og:image:width\" content=\"600\" \/>\n\t<meta property=\"og:image:height\" content=\"400\" \/>\n\t<meta property=\"og:image:type\" content=\"image\/jpeg\" \/>\n<meta name=\"author\" content=\"L\u00f3pez D\u00f3riga\" \/>\n<meta name=\"twitter:card\" content=\"summary_large_image\" \/>\n<meta name=\"twitter:creator\" content=\"@fidedignas\" \/>\n<meta name=\"twitter:site\" content=\"@fidedignas\" \/>\n<meta name=\"twitter:label1\" content=\"Escrito por\" \/>\n\t<meta name=\"twitter:data1\" content=\"L\u00f3pez D\u00f3riga\" \/>\n\t<meta name=\"twitter:label2\" content=\"Tiempo de lectura\" \/>\n\t<meta name=\"twitter:data2\" content=\"1 minuto\" \/>\n<script type=\"application\/ld+json\" class=\"yoast-schema-graph\">{\"@context\":\"https:\\\/\\\/schema.org\",\"@graph\":[{\"@type\":\"Article\",\"@id\":\"https:\\\/\\\/fuentesfidedignas.com.mx\\\/index.php\\\/2024\\\/01\\\/16\\\/cerrar-la-frontera-mexico-ee-uu-no-se-puede-responde-amlo-a-trump\\\/#article\",\"isPartOf\":{\"@id\":\"https:\\\/\\\/fuentesfidedignas.com.mx\\\/index.php\\\/2024\\\/01\\\/16\\\/cerrar-la-frontera-mexico-ee-uu-no-se-puede-responde-amlo-a-trump\\\/\"},\"author\":{\"name\":\"L\u00f3pez D\u00f3riga\",\"@id\":\"https:\\\/\\\/fuentesfidedignas.com.mx\\\/#\\\/schema\\\/person\\\/67d852f0557c8509146a4b9ddebd543a\"},\"headline\":\"Cerrar la frontera M\u00e9xico-EE.UU. \u201cno se puede\u201d, responde AMLO a Trump\",\"datePublished\":\"2024-01-16T16:49:34+00:00\",\"dateModified\":\"2024-01-16T16:49:54+00:00\",\"mainEntityOfPage\":{\"@id\":\"https:\\\/\\\/fuentesfidedignas.com.mx\\\/index.php\\\/2024\\\/01\\\/16\\\/cerrar-la-frontera-mexico-ee-uu-no-se-puede-responde-amlo-a-trump\\\/\"},\"wordCount\":371,\"commentCount\":0,\"publisher\":{\"@id\":\"https:\\\/\\\/fuentesfidedignas.com.mx\\\/#organization\"},\"image\":{\"@id\":\"https:\\\/\\\/fuentesfidedignas.com.mx\\\/index.php\\\/2024\\\/01\\\/16\\\/cerrar-la-frontera-mexico-ee-uu-no-se-puede-responde-amlo-a-trump\\\/#primaryimage\"},\"thumbnailUrl\":\"https:\\\/\\\/fuentesfidedignas.com.mx\\\/wp-content\\\/uploads\\\/2024\\\/01\\\/descarga-4-e1705423788275.jpeg\",\"articleSection\":[\"NOTICIAS NACIONALES\"],\"inLanguage\":\"es\",\"potentialAction\":[{\"@type\":\"CommentAction\",\"name\":\"Comment\",\"target\":[\"https:\\\/\\\/fuentesfidedignas.com.mx\\\/index.php\\\/2024\\\/01\\\/16\\\/cerrar-la-frontera-mexico-ee-uu-no-se-puede-responde-amlo-a-trump\\\/#respond\"]}]},{\"@type\":\"WebPage\",\"@id\":\"https:\\\/\\\/fuentesfidedignas.com.mx\\\/index.php\\\/2024\\\/01\\\/16\\\/cerrar-la-frontera-mexico-ee-uu-no-se-puede-responde-amlo-a-trump\\\/\",\"url\":\"https:\\\/\\\/fuentesfidedignas.com.mx\\\/index.php\\\/2024\\\/01\\\/16\\\/cerrar-la-frontera-mexico-ee-uu-no-se-puede-responde-amlo-a-trump\\\/\",\"name\":\"Cerrar la frontera M\u00e9xico-EE.UU. \u201cno se puede\u201d, responde AMLO a Trump - Fuentes Fidedignas\",\"isPartOf\":{\"@id\":\"https:\\\/\\\/fuentesfidedignas.com.mx\\\/#website\"},\"primaryImageOfPage\":{\"@id\":\"https:\\\/\\\/fuentesfidedignas.com.mx\\\/index.php\\\/2024\\\/01\\\/16\\\/cerrar-la-frontera-mexico-ee-uu-no-se-puede-responde-amlo-a-trump\\\/#primaryimage\"},\"image\":{\"@id\":\"https:\\\/\\\/fuentesfidedignas.com.mx\\\/index.php\\\/2024\\\/01\\\/16\\\/cerrar-la-frontera-mexico-ee-uu-no-se-puede-responde-amlo-a-trump\\\/#primaryimage\"},\"thumbnailUrl\":\"https:\\\/\\\/fuentesfidedignas.com.mx\\\/wp-content\\\/uploads\\\/2024\\\/01\\\/descarga-4-e1705423788275.jpeg\",\"datePublished\":\"2024-01-16T16:49:34+00:00\",\"dateModified\":\"2024-01-16T16:49:54+00:00\",\"breadcrumb\":{\"@id\":\"https:\\\/\\\/fuentesfidedignas.com.mx\\\/index.php\\\/2024\\\/01\\\/16\\\/cerrar-la-frontera-mexico-ee-uu-no-se-puede-responde-amlo-a-trump\\\/#breadcrumb\"},\"inLanguage\":\"es\",\"potentialAction\":[{\"@type\":\"ReadAction\",\"target\":[\"https:\\\/\\\/fuentesfidedignas.com.mx\\\/index.php\\\/2024\\\/01\\\/16\\\/cerrar-la-frontera-mexico-ee-uu-no-se-puede-responde-amlo-a-trump\\\/\"]}]},{\"@type\":\"ImageObject\",\"inLanguage\":\"es\",\"@id\":\"https:\\\/\\\/fuentesfidedignas.com.mx\\\/index.php\\\/2024\\\/01\\\/16\\\/cerrar-la-frontera-mexico-ee-uu-no-se-puede-responde-amlo-a-trump\\\/#primaryimage\",\"url\":\"https:\\\/\\\/fuentesfidedignas.com.mx\\\/wp-content\\\/uploads\\\/2024\\\/01\\\/descarga-4-e1705423788275.jpeg\",\"contentUrl\":\"https:\\\/\\\/fuentesfidedignas.com.mx\\\/wp-content\\\/uploads\\\/2024\\\/01\\\/descarga-4-e1705423788275.jpeg\",\"width\":600,\"height\":400},{\"@type\":\"BreadcrumbList\",\"@id\":\"https:\\\/\\\/fuentesfidedignas.com.mx\\\/index.php\\\/2024\\\/01\\\/16\\\/cerrar-la-frontera-mexico-ee-uu-no-se-puede-responde-amlo-a-trump\\\/#breadcrumb\",\"itemListElement\":[{\"@type\":\"ListItem\",\"position\":1,\"name\":\"Inicio\",\"item\":\"https:\\\/\\\/fuentesfidedignas.com.mx\\\/\"},{\"@type\":\"ListItem\",\"position\":2,\"name\":\"Cerrar la frontera M\u00e9xico-EE.UU. \u201cno se puede\u201d, responde AMLO a Trump\"}]},{\"@type\":\"WebSite\",\"@id\":\"https:\\\/\\\/fuentesfidedignas.com.mx\\\/#website\",\"url\":\"https:\\\/\\\/fuentesfidedignas.com.mx\\\/\",\"name\":\"Fuentes Fidedignas\",\"description\":\"Otro sitio realizado con WordPress\",\"publisher\":{\"@id\":\"https:\\\/\\\/fuentesfidedignas.com.mx\\\/#organization\"},\"potentialAction\":[{\"@type\":\"SearchAction\",\"target\":{\"@type\":\"EntryPoint\",\"urlTemplate\":\"https:\\\/\\\/fuentesfidedignas.com.mx\\\/?s={search_term_string}\"},\"query-input\":{\"@type\":\"PropertyValueSpecification\",\"valueRequired\":true,\"valueName\":\"search_term_string\"}}],\"inLanguage\":\"es\"},{\"@type\":\"Organization\",\"@id\":\"https:\\\/\\\/fuentesfidedignas.com.mx\\\/#organization\",\"name\":\"Fuentes Fidedignas\",\"url\":\"https:\\\/\\\/fuentesfidedignas.com.mx\\\/\",\"logo\":{\"@type\":\"ImageObject\",\"inLanguage\":\"es\",\"@id\":\"https:\\\/\\\/fuentesfidedignas.com.mx\\\/#\\\/schema\\\/logo\\\/image\\\/\",\"url\":\"https:\\\/\\\/fuentesfidedignas.com.mx\\\/wp-content\\\/uploads\\\/2021\\\/04\\\/logo-retina.png\",\"contentUrl\":\"https:\\\/\\\/fuentesfidedignas.com.mx\\\/wp-content\\\/uploads\\\/2021\\\/04\\\/logo-retina.png\",\"width\":280,\"height\":51,\"caption\":\"Fuentes Fidedignas\"},\"image\":{\"@id\":\"https:\\\/\\\/fuentesfidedignas.com.mx\\\/#\\\/schema\\\/logo\\\/image\\\/\"},\"sameAs\":[\"https:\\\/\\\/www.facebook.com\\\/Fuentes-Fidedignas-368234489921644\",\"https:\\\/\\\/x.com\\\/fidedignas\"]},{\"@type\":\"Person\",\"@id\":\"https:\\\/\\\/fuentesfidedignas.com.mx\\\/#\\\/schema\\\/person\\\/67d852f0557c8509146a4b9ddebd543a\",\"name\":\"L\u00f3pez D\u00f3riga\",\"image\":{\"@type\":\"ImageObject\",\"inLanguage\":\"es\",\"@id\":\"https:\\\/\\\/secure.gravatar.com\\\/avatar\\\/e525b06574ca18b33cded59dfe5778d6c823b9513154eff47da551b0551bdd1e?s=96&d=mm&r=g\",\"url\":\"https:\\\/\\\/secure.gravatar.com\\\/avatar\\\/e525b06574ca18b33cded59dfe5778d6c823b9513154eff47da551b0551bdd1e?s=96&d=mm&r=g\",\"contentUrl\":\"https:\\\/\\\/secure.gravatar.com\\\/avatar\\\/e525b06574ca18b33cded59dfe5778d6c823b9513154eff47da551b0551bdd1e?s=96&d=mm&r=g\",\"caption\":\"L\u00f3pez D\u00f3riga\"},\"url\":\"https:\\\/\\\/fuentesfidedignas.com.mx\\\/index.php\\\/author\\\/doriga\\\/\"}]}<\/script>\n<!-- \/ Yoast SEO plugin. -->","yoast_head_json":{"title":"Cerrar la frontera M\u00e9xico-EE.UU. \u201cno se puede\u201d, responde AMLO a Trump - Fuentes Fidedignas","robots":{"index":"index","follow":"follow","max-snippet":"max-snippet:-1","max-image-preview":"max-image-preview:large","max-video-preview":"max-video-preview:-1"},"canonical":"https:\/\/fuentesfidedignas.com.mx\/index.php\/2024\/01\/16\/cerrar-la-frontera-mexico-ee-uu-no-se-puede-responde-amlo-a-trump\/","og_locale":"es_MX","og_type":"article","og_title":"Cerrar la frontera M\u00e9xico-EE.UU. \u201cno se puede\u201d, responde AMLO a Trump - Fuentes Fidedignas","og_description":"L\u00f3pez Obrador atribuy\u00f3 a las campa\u00f1as electorales en EE.UU. las declaraciones de Trump de querer cerrar la frontera con M\u00e9xico para frenar la migraci\u00f3n Ciudad de M\u00e9xico.- El presidente\u00a0Andr\u00e9s Manuel L\u00f3pez Obrador\u00a0asegur\u00f3 que \u201cno se puede\u201d\u00a0cerrar\u00a0la\u00a0frontera\u00a0de\u00a0Estados Unidos\u00a0con\u00a0M\u00e9xico, tal y como lo presumi\u00f3\u00a0Donald Trump\u00a0en el\u00a0caucus\u00a0de\u00a0Iowa\u00a0rumbo a la nominaci\u00f3n republicana. Atribuy\u00f3 las&nbsp;declaraciones&nbsp;de&nbsp;Trump&nbsp;para frenar la migraci\u00f3n a las&nbsp;campa\u00f1as [&hellip;]","og_url":"https:\/\/fuentesfidedignas.com.mx\/index.php\/2024\/01\/16\/cerrar-la-frontera-mexico-ee-uu-no-se-puede-responde-amlo-a-trump\/","og_site_name":"Fuentes Fidedignas","article_publisher":"https:\/\/www.facebook.com\/Fuentes-Fidedignas-368234489921644","article_published_time":"2024-01-16T16:49:34+00:00","article_modified_time":"2024-01-16T16:49:54+00:00","og_image":[{"width":600,"height":400,"url":"https:\/\/fuentesfidedignas.com.mx\/wp-content\/uploads\/2024\/01\/descarga-4-e1705423788275.jpeg","type":"image\/jpeg"}],"author":"L\u00f3pez D\u00f3riga","twitter_card":"summary_large_image","twitter_creator":"@fidedignas","twitter_site":"@fidedignas","twitter_misc":{"Escrito por":"L\u00f3pez D\u00f3riga","Tiempo de lectura":"1 minuto"},"schema":{"@context":"https:\/\/schema.org","@graph":[{"@type":"Article","@id":"https:\/\/fuentesfidedignas.com.mx\/index.php\/2024\/01\/16\/cerrar-la-frontera-mexico-ee-uu-no-se-puede-responde-amlo-a-trump\/#article","isPartOf":{"@id":"https:\/\/fuentesfidedignas.com.mx\/index.php\/2024\/01\/16\/cerrar-la-frontera-mexico-ee-uu-no-se-puede-responde-amlo-a-trump\/"},"author":{"name":"L\u00f3pez D\u00f3riga","@id":"https:\/\/fuentesfidedignas.com.mx\/#\/schema\/person\/67d852f0557c8509146a4b9ddebd543a"},"headline":"Cerrar la frontera M\u00e9xico-EE.UU. \u201cno se puede\u201d, responde AMLO a Trump","datePublished":"2024-01-16T16:49:34+00:00","dateModified":"2024-01-16T16:49:54+00:00","mainEntityOfPage":{"@id":"https:\/\/fuentesfidedignas.com.mx\/index.php\/2024\/01\/16\/cerrar-la-frontera-mexico-ee-uu-no-se-puede-responde-amlo-a-trump\/"},"wordCount":371,"commentCount":0,"publisher":{"@id":"https:\/\/fuentesfidedignas.com.mx\/#organization"},"image":{"@id":"https:\/\/fuentesfidedignas.com.mx\/index.php\/2024\/01\/16\/cerrar-la-frontera-mexico-ee-uu-no-se-puede-responde-amlo-a-trump\/#primaryimage"},"thumbnailUrl":"https:\/\/fuentesfidedignas.com.mx\/wp-content\/uploads\/2024\/01\/descarga-4-e1705423788275.jpeg","articleSection":["NOTICIAS NACIONALES"],"inLanguage":"es","potentialAction":[{"@type":"CommentAction","name":"Comment","target":["https:\/\/fuentesfidedignas.com.mx\/index.php\/2024\/01\/16\/cerrar-la-frontera-mexico-ee-uu-no-se-puede-responde-amlo-a-trump\/#respond"]}]},{"@type":"WebPage","@id":"https:\/\/fuentesfidedignas.com.mx\/index.php\/2024\/01\/16\/cerrar-la-frontera-mexico-ee-uu-no-se-puede-responde-amlo-a-trump\/","url":"https:\/\/fuentesfidedignas.com.mx\/index.php\/2024\/01\/16\/cerrar-la-frontera-mexico-ee-uu-no-se-puede-responde-amlo-a-trump\/","name":"Cerrar la frontera M\u00e9xico-EE.UU. \u201cno se puede\u201d, responde AMLO a Trump - Fuentes Fidedignas","isPartOf":{"@id":"https:\/\/fuentesfidedignas.com.mx\/#website"},"primaryImageOfPage":{"@id":"https:\/\/fuentesfidedignas.com.mx\/index.php\/2024\/01\/16\/cerrar-la-frontera-mexico-ee-uu-no-se-puede-responde-amlo-a-trump\/#primaryimage"},"image":{"@id":"https:\/\/fuentesfidedignas.com.mx\/index.php\/2024\/01\/16\/cerrar-la-frontera-mexico-ee-uu-no-se-puede-responde-amlo-a-trump\/#primaryimage"},"thumbnailUrl":"https:\/\/fuentesfidedignas.com.mx\/wp-content\/uploads\/2024\/01\/descarga-4-e1705423788275.jpeg","datePublished":"2024-01-16T16:49:34+00:00","dateModified":"2024-01-16T16:49:54+00:00","breadcrumb":{"@id":"https:\/\/fuentesfidedignas.com.mx\/index.php\/2024\/01\/16\/cerrar-la-frontera-mexico-ee-uu-no-se-puede-responde-amlo-a-trump\/#breadcrumb"},"inLanguage":"es","potentialAction":[{"@type":"ReadAction","target":["https:\/\/fuentesfidedignas.com.mx\/index.php\/2024\/01\/16\/cerrar-la-frontera-mexico-ee-uu-no-se-puede-responde-amlo-a-trump\/"]}]},{"@type":"ImageObject","inLanguage":"es","@id":"https:\/\/fuentesfidedignas.com.mx\/index.php\/2024\/01\/16\/cerrar-la-frontera-mexico-ee-uu-no-se-puede-responde-amlo-a-trump\/#primaryimage","url":"https:\/\/fuentesfidedignas.com.mx\/wp-content\/uploads\/2024\/01\/descarga-4-e1705423788275.jpeg","contentUrl":"https:\/\/fuentesfidedignas.com.mx\/wp-content\/uploads\/2024\/01\/descarga-4-e1705423788275.jpeg","width":600,"height":400},{"@type":"BreadcrumbList","@id":"https:\/\/fuentesfidedignas.com.mx\/index.php\/2024\/01\/16\/cerrar-la-frontera-mexico-ee-uu-no-se-puede-responde-amlo-a-trump\/#breadcrumb","itemListElement":[{"@type":"ListItem","position":1,"name":"Inicio","item":"https:\/\/fuentesfidedignas.com.mx\/"},{"@type":"ListItem","position":2,"name":"Cerrar la frontera M\u00e9xico-EE.UU. \u201cno se puede\u201d, responde AMLO a Trump"}]},{"@type":"WebSite","@id":"https:\/\/fuentesfidedignas.com.mx\/#website","url":"https:\/\/fuentesfidedignas.com.mx\/","name":"Fuentes Fidedignas","description":"Otro sitio realizado con WordPress","publisher":{"@id":"https:\/\/fuentesfidedignas.com.mx\/#organization"},"potentialAction":[{"@type":"SearchAction","target":{"@type":"EntryPoint","urlTemplate":"https:\/\/fuentesfidedignas.com.mx\/?s={search_term_string}"},"query-input":{"@type":"PropertyValueSpecification","valueRequired":true,"valueName":"search_term_string"}}],"inLanguage":"es"},{"@type":"Organization","@id":"https:\/\/fuentesfidedignas.com.mx\/#organization","name":"Fuentes Fidedignas","url":"https:\/\/fuentesfidedignas.com.mx\/","logo":{"@type":"ImageObject","inLanguage":"es","@id":"https:\/\/fuentesfidedignas.com.mx\/#\/schema\/logo\/image\/","url":"https:\/\/fuentesfidedignas.com.mx\/wp-content\/uploads\/2021\/04\/logo-retina.png","contentUrl":"https:\/\/fuentesfidedignas.com.mx\/wp-content\/uploads\/2021\/04\/logo-retina.png","width":280,"height":51,"caption":"Fuentes Fidedignas"},"image":{"@id":"https:\/\/fuentesfidedignas.com.mx\/#\/schema\/logo\/image\/"},"sameAs":["https:\/\/www.facebook.com\/Fuentes-Fidedignas-368234489921644","https:\/\/x.com\/fidedignas"]},{"@type":"Person","@id":"https:\/\/fuentesfidedignas.com.mx\/#\/schema\/person\/67d852f0557c8509146a4b9ddebd543a","name":"L\u00f3pez D\u00f3riga","image":{"@type":"ImageObject","inLanguage":"es","@id":"https:\/\/secure.gravatar.com\/avatar\/e525b06574ca18b33cded59dfe5778d6c823b9513154eff47da551b0551bdd1e?s=96&d=mm&r=g","url":"https:\/\/secure.gravatar.com\/avatar\/e525b06574ca18b33cded59dfe5778d6c823b9513154eff47da551b0551bdd1e?s=96&d=mm&r=g","contentUrl":"https:\/\/secure.gravatar.com\/avatar\/e525b06574ca18b33cded59dfe5778d6c823b9513154eff47da551b0551bdd1e?s=96&d=mm&r=g","caption":"L\u00f3pez D\u00f3riga"},"url":"https:\/\/fuentesfidedignas.com.mx\/index.php\/author\/doriga\/"}]}},"_links":{"self":[{"href":"https:\/\/fuentesfidedignas.com.mx\/index.php\/wp-json\/wp\/v2\/posts\/70831","targetHints":{"allow":["GET"]}}],"collection":[{"href":"https:\/\/fuentesfidedignas.com.mx\/index.php\/wp-json\/wp\/v2\/posts"}],"about":[{"href":"https:\/\/fuentesfidedignas.com.mx\/index.php\/wp-json\/wp\/v2\/types\/post"}],"author":[{"embeddable":true,"href":"https:\/\/fuentesfidedignas.com.mx\/index.php\/wp-json\/wp\/v2\/users\/47"}],"replies":[{"embeddable":true,"href":"https:\/\/fuentesfidedignas.com.mx\/index.php\/wp-json\/wp\/v2\/comments?post=70831"}],"version-history":[{"count":1,"href":"https:\/\/fuentesfidedignas.com.mx\/index.php\/wp-json\/wp\/v2\/posts\/70831\/revisions"}],"predecessor-version":[{"id":70832,"href":"https:\/\/fuentesfidedignas.com.mx\/index.php\/wp-json\/wp\/v2\/posts\/70831\/revisions\/70832"}],"wp:featuredmedia":[{"embeddable":true,"href":"https:\/\/fuentesfidedignas.com.mx\/index.php\/wp-json\/wp\/v2\/media\/70833"}],"wp:attachment":[{"href":"https:\/\/fuentesfidedignas.com.mx\/index.php\/wp-json\/wp\/v2\/media?parent=70831"}],"wp:term":[{"taxonomy":"category","embeddable":true,"href":"https:\/\/fuentesfidedignas.com.mx\/index.php\/wp-json\/wp\/v2\/categories?post=70831"},{"taxonomy":"post_tag","embeddable":true,"href":"https:\/\/fuentesfidedignas.com.mx\/index.php\/wp-json\/wp\/v2\/tags?post=70831"}],"curies":[{"name":"wp","href":"https:\/\/api.w.org\/{rel}","templated":true}]}}