{"id":70632,"date":"2024-01-15T05:08:53","date_gmt":"2024-01-15T12:08:53","guid":{"rendered":"https:\/\/fuentesfidedignas.com.mx\/?p=70632"},"modified":"2024-01-14T12:09:12","modified_gmt":"2024-01-14T19:09:12","slug":"novia-llega-en-autobus-de-transporte-publico-a-su-boda-faltaban-20-minutos","status":"publish","type":"post","link":"https:\/\/fuentesfidedignas.com.mx\/index.php\/2024\/01\/15\/novia-llega-en-autobus-de-transporte-publico-a-su-boda-faltaban-20-minutos\/","title":{"rendered":"Novia llega en autob\u00fas de transporte p\u00fablico a su boda: &#8220;Faltaban 20 minutos&#8221;"},"content":{"rendered":"\n<p><strong><em>La mujer explic\u00f3 que primero intent\u00f3 usar una de las plataforma de transporte m\u00f3vil m\u00e1s populares, sin embargo, termin\u00f3 usando el transporte p\u00fablico.<\/em><\/strong><\/p>\n\n\n\n<p>SONORA.- Un mal trato de parte de un conductor de una plataforma de transporte m\u00f3vil oblig\u00f3 a una mujer a viajar en un autob\u00fas de transporte p\u00fablico para llegar a la iglesia para su boda\u00a0en C\u00f3corit, Sonora.<\/p>\n\n\n\n<p>A trav\u00e9s de redes sociales se viralizaron las im\u00e1genes de la mujer, de nombre Erika Villarreal, con su vestido de novia y ramo de flores en mano viajando junto a su pareja en un autob\u00fas de transporte p\u00fablico.<\/p>\n\n\n\n<p>En las fotograf\u00edas se puede apreciar a Erika vestida de novia, sentada en los \u00faltimos lugares de la unidad del suburbano.&nbsp;<\/p>\n\n\n\n<p>De acuerdo con la joven, tuvieron que improvisar para poder llegar a la iglesia luego de realizar su sesi\u00f3n de fotos como pareja en la Plaza C\u00f3corit, un pueblito que se encuentra a 15 minutos de Ciudad Obreg\u00f3n.<\/p>\n\n\n\n<p>Erika cuenta que la misa para oficializar su matrimonio comenzaba 20 minutos despu\u00e9s de su sesi\u00f3n de fotos, por lo que llegar a tiempo se convirti\u00f3 en su principal objetivo, sin importar el medio.<\/p>\n\n\n\n<p>Su primera opci\u00f3n fue pedir un taxi por aplicaci\u00f3n, sin embargo, debido a que eran muchos pasajeros, el conductor se neg\u00f3 a llevarlos, por lo que tuvieron que buscar otra alternativa.<\/p>\n\n\n\n<p>\u201cPed\u00ed Didi, el cual se port\u00f3 grosero y faltaban 20 minutos para la misa. Se me hizo f\u00e1cil subirme al cami\u00f3n vestida de novia. Hasta el camionero se qued\u00f3 sorprendido no quer\u00eda llegar tarde\u201d, cont\u00f3.<\/p>\n\n\n\n<p>La mujer relat\u00f3 que el operador del cami\u00f3n manej\u00f3 m\u00e1s r\u00e1pido para ayudar a que la pareja lograra casarse a tiempo.\u00a0\u00a0Adem\u00e1s de Erika y su pareja, en el transporte p\u00fablico tambi\u00e9n viajaban sus tres hijos y otros familiares.<\/p>\n\n\n\n<p>Internautas aplaudieron que la pareja resolviera la situaci\u00f3n de la mejor manera y pese a las adversidades pudieron llegar al altar juntos.<\/p>\n","protected":false},"excerpt":{"rendered":"<p>La mujer explic\u00f3 que primero intent\u00f3 usar una de las plataforma de transporte m\u00f3vil m\u00e1s populares, sin embargo, termin\u00f3 usando el transporte p\u00fablico. SONORA.- Un mal trato de parte de un conductor de una plataforma de transporte m\u00f3vil oblig\u00f3 a una mujer a viajar en un autob\u00fas de transporte p\u00fablico para llegar a la iglesia [&hellip;]<\/p>\n","protected":false},"author":9,"featured_media":70635,"comment_status":"open","ping_status":"open","sticky":false,"template":"","format":"standard","meta":{"tdm_status":"","tdm_grid_status":"","footnotes":""},"categories":[40],"tags":[],"class_list":{"0":"post-70632","1":"post","2":"type-post","3":"status-publish","4":"format-standard","5":"has-post-thumbnail","7":"category-las-asombrosas"},"yoast_head":"<!-- This site is optimized with the Yoast SEO plugin v27.5 - https:\/\/yoast.com\/product\/yoast-seo-wordpress\/ -->\n<title>Novia llega en autob\u00fas de transporte p\u00fablico a su boda: &quot;Faltaban 20 minutos&quot; - Fuentes Fidedignas<\/title>\n<meta name=\"robots\" content=\"index, follow, max-snippet:-1, max-image-preview:large, max-video-preview:-1\" \/>\n<link rel=\"canonical\" href=\"https:\/\/fuentesfidedignas.com.mx\/index.php\/2024\/01\/15\/novia-llega-en-autobus-de-transporte-publico-a-su-boda-faltaban-20-minutos\/\" \/>\n<meta property=\"og:locale\" content=\"es_MX\" \/>\n<meta property=\"og:type\" content=\"article\" \/>\n<meta property=\"og:title\" content=\"Novia llega en autob\u00fas de transporte p\u00fablico a su boda: &quot;Faltaban 20 minutos&quot; - Fuentes Fidedignas\" \/>\n<meta property=\"og:description\" content=\"La mujer explic\u00f3 que primero intent\u00f3 usar una de las plataforma de transporte m\u00f3vil m\u00e1s populares, sin embargo, termin\u00f3 usando el transporte p\u00fablico. SONORA.- Un mal trato de parte de un conductor de una plataforma de transporte m\u00f3vil oblig\u00f3 a una mujer a viajar en un autob\u00fas de transporte p\u00fablico para llegar a la iglesia [&hellip;]\" \/>\n<meta property=\"og:url\" content=\"https:\/\/fuentesfidedignas.com.mx\/index.php\/2024\/01\/15\/novia-llega-en-autobus-de-transporte-publico-a-su-boda-faltaban-20-minutos\/\" \/>\n<meta property=\"og:site_name\" content=\"Fuentes Fidedignas\" \/>\n<meta property=\"article:publisher\" content=\"https:\/\/www.facebook.com\/Fuentes-Fidedignas-368234489921644\" \/>\n<meta property=\"article:published_time\" content=\"2024-01-15T12:08:53+00:00\" \/>\n<meta property=\"og:image\" content=\"https:\/\/fuentesfidedignas.com.mx\/wp-content\/uploads\/2024\/01\/novia-llega-boda-transporte-publico.jpg\" \/>\n\t<meta property=\"og:image:width\" content=\"874\" \/>\n\t<meta property=\"og:image:height\" content=\"529\" \/>\n\t<meta property=\"og:image:type\" content=\"image\/jpeg\" \/>\n<meta name=\"author\" content=\"Milenio\" \/>\n<meta name=\"twitter:card\" content=\"summary_large_image\" \/>\n<meta name=\"twitter:creator\" content=\"@fidedignas\" \/>\n<meta name=\"twitter:site\" content=\"@fidedignas\" \/>\n<meta name=\"twitter:label1\" content=\"Escrito por\" \/>\n\t<meta name=\"twitter:data1\" content=\"Milenio\" \/>\n\t<meta name=\"twitter:label2\" content=\"Tiempo de lectura\" \/>\n\t<meta name=\"twitter:data2\" content=\"2 minutos\" \/>\n<script type=\"application\/ld+json\" class=\"yoast-schema-graph\">{\"@context\":\"https:\\\/\\\/schema.org\",\"@graph\":[{\"@type\":\"Article\",\"@id\":\"https:\\\/\\\/fuentesfidedignas.com.mx\\\/index.php\\\/2024\\\/01\\\/15\\\/novia-llega-en-autobus-de-transporte-publico-a-su-boda-faltaban-20-minutos\\\/#article\",\"isPartOf\":{\"@id\":\"https:\\\/\\\/fuentesfidedignas.com.mx\\\/index.php\\\/2024\\\/01\\\/15\\\/novia-llega-en-autobus-de-transporte-publico-a-su-boda-faltaban-20-minutos\\\/\"},\"author\":{\"name\":\"Milenio\",\"@id\":\"https:\\\/\\\/fuentesfidedignas.com.mx\\\/#\\\/schema\\\/person\\\/47ec0135738f4b0c7495f06a77a2c976\"},\"headline\":\"Novia llega en autob\u00fas de transporte p\u00fablico a su boda: &#8220;Faltaban 20 minutos&#8221;\",\"datePublished\":\"2024-01-15T12:08:53+00:00\",\"mainEntityOfPage\":{\"@id\":\"https:\\\/\\\/fuentesfidedignas.com.mx\\\/index.php\\\/2024\\\/01\\\/15\\\/novia-llega-en-autobus-de-transporte-publico-a-su-boda-faltaban-20-minutos\\\/\"},\"wordCount\":361,\"commentCount\":0,\"publisher\":{\"@id\":\"https:\\\/\\\/fuentesfidedignas.com.mx\\\/#organization\"},\"image\":{\"@id\":\"https:\\\/\\\/fuentesfidedignas.com.mx\\\/index.php\\\/2024\\\/01\\\/15\\\/novia-llega-en-autobus-de-transporte-publico-a-su-boda-faltaban-20-minutos\\\/#primaryimage\"},\"thumbnailUrl\":\"https:\\\/\\\/fuentesfidedignas.com.mx\\\/wp-content\\\/uploads\\\/2024\\\/01\\\/novia-llega-boda-transporte-publico.jpg\",\"articleSection\":[\"LAS ASOMBROSAS\"],\"inLanguage\":\"es\",\"potentialAction\":[{\"@type\":\"CommentAction\",\"name\":\"Comment\",\"target\":[\"https:\\\/\\\/fuentesfidedignas.com.mx\\\/index.php\\\/2024\\\/01\\\/15\\\/novia-llega-en-autobus-de-transporte-publico-a-su-boda-faltaban-20-minutos\\\/#respond\"]}]},{\"@type\":\"WebPage\",\"@id\":\"https:\\\/\\\/fuentesfidedignas.com.mx\\\/index.php\\\/2024\\\/01\\\/15\\\/novia-llega-en-autobus-de-transporte-publico-a-su-boda-faltaban-20-minutos\\\/\",\"url\":\"https:\\\/\\\/fuentesfidedignas.com.mx\\\/index.php\\\/2024\\\/01\\\/15\\\/novia-llega-en-autobus-de-transporte-publico-a-su-boda-faltaban-20-minutos\\\/\",\"name\":\"Novia llega en autob\u00fas de transporte p\u00fablico a su boda: \\\"Faltaban 20 minutos\\\" - Fuentes Fidedignas\",\"isPartOf\":{\"@id\":\"https:\\\/\\\/fuentesfidedignas.com.mx\\\/#website\"},\"primaryImageOfPage\":{\"@id\":\"https:\\\/\\\/fuentesfidedignas.com.mx\\\/index.php\\\/2024\\\/01\\\/15\\\/novia-llega-en-autobus-de-transporte-publico-a-su-boda-faltaban-20-minutos\\\/#primaryimage\"},\"image\":{\"@id\":\"https:\\\/\\\/fuentesfidedignas.com.mx\\\/index.php\\\/2024\\\/01\\\/15\\\/novia-llega-en-autobus-de-transporte-publico-a-su-boda-faltaban-20-minutos\\\/#primaryimage\"},\"thumbnailUrl\":\"https:\\\/\\\/fuentesfidedignas.com.mx\\\/wp-content\\\/uploads\\\/2024\\\/01\\\/novia-llega-boda-transporte-publico.jpg\",\"datePublished\":\"2024-01-15T12:08:53+00:00\",\"breadcrumb\":{\"@id\":\"https:\\\/\\\/fuentesfidedignas.com.mx\\\/index.php\\\/2024\\\/01\\\/15\\\/novia-llega-en-autobus-de-transporte-publico-a-su-boda-faltaban-20-minutos\\\/#breadcrumb\"},\"inLanguage\":\"es\",\"potentialAction\":[{\"@type\":\"ReadAction\",\"target\":[\"https:\\\/\\\/fuentesfidedignas.com.mx\\\/index.php\\\/2024\\\/01\\\/15\\\/novia-llega-en-autobus-de-transporte-publico-a-su-boda-faltaban-20-minutos\\\/\"]}]},{\"@type\":\"ImageObject\",\"inLanguage\":\"es\",\"@id\":\"https:\\\/\\\/fuentesfidedignas.com.mx\\\/index.php\\\/2024\\\/01\\\/15\\\/novia-llega-en-autobus-de-transporte-publico-a-su-boda-faltaban-20-minutos\\\/#primaryimage\",\"url\":\"https:\\\/\\\/fuentesfidedignas.com.mx\\\/wp-content\\\/uploads\\\/2024\\\/01\\\/novia-llega-boda-transporte-publico.jpg\",\"contentUrl\":\"https:\\\/\\\/fuentesfidedignas.com.mx\\\/wp-content\\\/uploads\\\/2024\\\/01\\\/novia-llega-boda-transporte-publico.jpg\",\"width\":874,\"height\":529},{\"@type\":\"BreadcrumbList\",\"@id\":\"https:\\\/\\\/fuentesfidedignas.com.mx\\\/index.php\\\/2024\\\/01\\\/15\\\/novia-llega-en-autobus-de-transporte-publico-a-su-boda-faltaban-20-minutos\\\/#breadcrumb\",\"itemListElement\":[{\"@type\":\"ListItem\",\"position\":1,\"name\":\"Inicio\",\"item\":\"https:\\\/\\\/fuentesfidedignas.com.mx\\\/\"},{\"@type\":\"ListItem\",\"position\":2,\"name\":\"Novia llega en autob\u00fas de transporte p\u00fablico a su boda: &#8220;Faltaban 20 minutos&#8221;\"}]},{\"@type\":\"WebSite\",\"@id\":\"https:\\\/\\\/fuentesfidedignas.com.mx\\\/#website\",\"url\":\"https:\\\/\\\/fuentesfidedignas.com.mx\\\/\",\"name\":\"Fuentes Fidedignas\",\"description\":\"Otro sitio realizado con WordPress\",\"publisher\":{\"@id\":\"https:\\\/\\\/fuentesfidedignas.com.mx\\\/#organization\"},\"potentialAction\":[{\"@type\":\"SearchAction\",\"target\":{\"@type\":\"EntryPoint\",\"urlTemplate\":\"https:\\\/\\\/fuentesfidedignas.com.mx\\\/?s={search_term_string}\"},\"query-input\":{\"@type\":\"PropertyValueSpecification\",\"valueRequired\":true,\"valueName\":\"search_term_string\"}}],\"inLanguage\":\"es\"},{\"@type\":\"Organization\",\"@id\":\"https:\\\/\\\/fuentesfidedignas.com.mx\\\/#organization\",\"name\":\"Fuentes Fidedignas\",\"url\":\"https:\\\/\\\/fuentesfidedignas.com.mx\\\/\",\"logo\":{\"@type\":\"ImageObject\",\"inLanguage\":\"es\",\"@id\":\"https:\\\/\\\/fuentesfidedignas.com.mx\\\/#\\\/schema\\\/logo\\\/image\\\/\",\"url\":\"https:\\\/\\\/fuentesfidedignas.com.mx\\\/wp-content\\\/uploads\\\/2021\\\/04\\\/logo-retina.png\",\"contentUrl\":\"https:\\\/\\\/fuentesfidedignas.com.mx\\\/wp-content\\\/uploads\\\/2021\\\/04\\\/logo-retina.png\",\"width\":280,\"height\":51,\"caption\":\"Fuentes Fidedignas\"},\"image\":{\"@id\":\"https:\\\/\\\/fuentesfidedignas.com.mx\\\/#\\\/schema\\\/logo\\\/image\\\/\"},\"sameAs\":[\"https:\\\/\\\/www.facebook.com\\\/Fuentes-Fidedignas-368234489921644\",\"https:\\\/\\\/x.com\\\/fidedignas\"]},{\"@type\":\"Person\",\"@id\":\"https:\\\/\\\/fuentesfidedignas.com.mx\\\/#\\\/schema\\\/person\\\/47ec0135738f4b0c7495f06a77a2c976\",\"name\":\"Milenio\",\"image\":{\"@type\":\"ImageObject\",\"inLanguage\":\"es\",\"@id\":\"https:\\\/\\\/secure.gravatar.com\\\/avatar\\\/acabf7b54753e51c2c76457954577c236b3b764789b19879565769739d1e4a75?s=96&d=mm&r=g\",\"url\":\"https:\\\/\\\/secure.gravatar.com\\\/avatar\\\/acabf7b54753e51c2c76457954577c236b3b764789b19879565769739d1e4a75?s=96&d=mm&r=g\",\"contentUrl\":\"https:\\\/\\\/secure.gravatar.com\\\/avatar\\\/acabf7b54753e51c2c76457954577c236b3b764789b19879565769739d1e4a75?s=96&d=mm&r=g\",\"caption\":\"Milenio\"},\"url\":\"https:\\\/\\\/fuentesfidedignas.com.mx\\\/index.php\\\/author\\\/milenio\\\/\"}]}<\/script>\n<!-- \/ Yoast SEO plugin. -->","yoast_head_json":{"title":"Novia llega en autob\u00fas de transporte p\u00fablico a su boda: \"Faltaban 20 minutos\" - Fuentes Fidedignas","robots":{"index":"index","follow":"follow","max-snippet":"max-snippet:-1","max-image-preview":"max-image-preview:large","max-video-preview":"max-video-preview:-1"},"canonical":"https:\/\/fuentesfidedignas.com.mx\/index.php\/2024\/01\/15\/novia-llega-en-autobus-de-transporte-publico-a-su-boda-faltaban-20-minutos\/","og_locale":"es_MX","og_type":"article","og_title":"Novia llega en autob\u00fas de transporte p\u00fablico a su boda: \"Faltaban 20 minutos\" - Fuentes Fidedignas","og_description":"La mujer explic\u00f3 que primero intent\u00f3 usar una de las plataforma de transporte m\u00f3vil m\u00e1s populares, sin embargo, termin\u00f3 usando el transporte p\u00fablico. SONORA.- Un mal trato de parte de un conductor de una plataforma de transporte m\u00f3vil oblig\u00f3 a una mujer a viajar en un autob\u00fas de transporte p\u00fablico para llegar a la iglesia [&hellip;]","og_url":"https:\/\/fuentesfidedignas.com.mx\/index.php\/2024\/01\/15\/novia-llega-en-autobus-de-transporte-publico-a-su-boda-faltaban-20-minutos\/","og_site_name":"Fuentes Fidedignas","article_publisher":"https:\/\/www.facebook.com\/Fuentes-Fidedignas-368234489921644","article_published_time":"2024-01-15T12:08:53+00:00","og_image":[{"width":874,"height":529,"url":"https:\/\/fuentesfidedignas.com.mx\/wp-content\/uploads\/2024\/01\/novia-llega-boda-transporte-publico.jpg","type":"image\/jpeg"}],"author":"Milenio","twitter_card":"summary_large_image","twitter_creator":"@fidedignas","twitter_site":"@fidedignas","twitter_misc":{"Escrito por":"Milenio","Tiempo de lectura":"2 minutos"},"schema":{"@context":"https:\/\/schema.org","@graph":[{"@type":"Article","@id":"https:\/\/fuentesfidedignas.com.mx\/index.php\/2024\/01\/15\/novia-llega-en-autobus-de-transporte-publico-a-su-boda-faltaban-20-minutos\/#article","isPartOf":{"@id":"https:\/\/fuentesfidedignas.com.mx\/index.php\/2024\/01\/15\/novia-llega-en-autobus-de-transporte-publico-a-su-boda-faltaban-20-minutos\/"},"author":{"name":"Milenio","@id":"https:\/\/fuentesfidedignas.com.mx\/#\/schema\/person\/47ec0135738f4b0c7495f06a77a2c976"},"headline":"Novia llega en autob\u00fas de transporte p\u00fablico a su boda: &#8220;Faltaban 20 minutos&#8221;","datePublished":"2024-01-15T12:08:53+00:00","mainEntityOfPage":{"@id":"https:\/\/fuentesfidedignas.com.mx\/index.php\/2024\/01\/15\/novia-llega-en-autobus-de-transporte-publico-a-su-boda-faltaban-20-minutos\/"},"wordCount":361,"commentCount":0,"publisher":{"@id":"https:\/\/fuentesfidedignas.com.mx\/#organization"},"image":{"@id":"https:\/\/fuentesfidedignas.com.mx\/index.php\/2024\/01\/15\/novia-llega-en-autobus-de-transporte-publico-a-su-boda-faltaban-20-minutos\/#primaryimage"},"thumbnailUrl":"https:\/\/fuentesfidedignas.com.mx\/wp-content\/uploads\/2024\/01\/novia-llega-boda-transporte-publico.jpg","articleSection":["LAS ASOMBROSAS"],"inLanguage":"es","potentialAction":[{"@type":"CommentAction","name":"Comment","target":["https:\/\/fuentesfidedignas.com.mx\/index.php\/2024\/01\/15\/novia-llega-en-autobus-de-transporte-publico-a-su-boda-faltaban-20-minutos\/#respond"]}]},{"@type":"WebPage","@id":"https:\/\/fuentesfidedignas.com.mx\/index.php\/2024\/01\/15\/novia-llega-en-autobus-de-transporte-publico-a-su-boda-faltaban-20-minutos\/","url":"https:\/\/fuentesfidedignas.com.mx\/index.php\/2024\/01\/15\/novia-llega-en-autobus-de-transporte-publico-a-su-boda-faltaban-20-minutos\/","name":"Novia llega en autob\u00fas de transporte p\u00fablico a su boda: \"Faltaban 20 minutos\" - Fuentes Fidedignas","isPartOf":{"@id":"https:\/\/fuentesfidedignas.com.mx\/#website"},"primaryImageOfPage":{"@id":"https:\/\/fuentesfidedignas.com.mx\/index.php\/2024\/01\/15\/novia-llega-en-autobus-de-transporte-publico-a-su-boda-faltaban-20-minutos\/#primaryimage"},"image":{"@id":"https:\/\/fuentesfidedignas.com.mx\/index.php\/2024\/01\/15\/novia-llega-en-autobus-de-transporte-publico-a-su-boda-faltaban-20-minutos\/#primaryimage"},"thumbnailUrl":"https:\/\/fuentesfidedignas.com.mx\/wp-content\/uploads\/2024\/01\/novia-llega-boda-transporte-publico.jpg","datePublished":"2024-01-15T12:08:53+00:00","breadcrumb":{"@id":"https:\/\/fuentesfidedignas.com.mx\/index.php\/2024\/01\/15\/novia-llega-en-autobus-de-transporte-publico-a-su-boda-faltaban-20-minutos\/#breadcrumb"},"inLanguage":"es","potentialAction":[{"@type":"ReadAction","target":["https:\/\/fuentesfidedignas.com.mx\/index.php\/2024\/01\/15\/novia-llega-en-autobus-de-transporte-publico-a-su-boda-faltaban-20-minutos\/"]}]},{"@type":"ImageObject","inLanguage":"es","@id":"https:\/\/fuentesfidedignas.com.mx\/index.php\/2024\/01\/15\/novia-llega-en-autobus-de-transporte-publico-a-su-boda-faltaban-20-minutos\/#primaryimage","url":"https:\/\/fuentesfidedignas.com.mx\/wp-content\/uploads\/2024\/01\/novia-llega-boda-transporte-publico.jpg","contentUrl":"https:\/\/fuentesfidedignas.com.mx\/wp-content\/uploads\/2024\/01\/novia-llega-boda-transporte-publico.jpg","width":874,"height":529},{"@type":"BreadcrumbList","@id":"https:\/\/fuentesfidedignas.com.mx\/index.php\/2024\/01\/15\/novia-llega-en-autobus-de-transporte-publico-a-su-boda-faltaban-20-minutos\/#breadcrumb","itemListElement":[{"@type":"ListItem","position":1,"name":"Inicio","item":"https:\/\/fuentesfidedignas.com.mx\/"},{"@type":"ListItem","position":2,"name":"Novia llega en autob\u00fas de transporte p\u00fablico a su boda: &#8220;Faltaban 20 minutos&#8221;"}]},{"@type":"WebSite","@id":"https:\/\/fuentesfidedignas.com.mx\/#website","url":"https:\/\/fuentesfidedignas.com.mx\/","name":"Fuentes Fidedignas","description":"Otro sitio realizado con WordPress","publisher":{"@id":"https:\/\/fuentesfidedignas.com.mx\/#organization"},"potentialAction":[{"@type":"SearchAction","target":{"@type":"EntryPoint","urlTemplate":"https:\/\/fuentesfidedignas.com.mx\/?s={search_term_string}"},"query-input":{"@type":"PropertyValueSpecification","valueRequired":true,"valueName":"search_term_string"}}],"inLanguage":"es"},{"@type":"Organization","@id":"https:\/\/fuentesfidedignas.com.mx\/#organization","name":"Fuentes Fidedignas","url":"https:\/\/fuentesfidedignas.com.mx\/","logo":{"@type":"ImageObject","inLanguage":"es","@id":"https:\/\/fuentesfidedignas.com.mx\/#\/schema\/logo\/image\/","url":"https:\/\/fuentesfidedignas.com.mx\/wp-content\/uploads\/2021\/04\/logo-retina.png","contentUrl":"https:\/\/fuentesfidedignas.com.mx\/wp-content\/uploads\/2021\/04\/logo-retina.png","width":280,"height":51,"caption":"Fuentes Fidedignas"},"image":{"@id":"https:\/\/fuentesfidedignas.com.mx\/#\/schema\/logo\/image\/"},"sameAs":["https:\/\/www.facebook.com\/Fuentes-Fidedignas-368234489921644","https:\/\/x.com\/fidedignas"]},{"@type":"Person","@id":"https:\/\/fuentesfidedignas.com.mx\/#\/schema\/person\/47ec0135738f4b0c7495f06a77a2c976","name":"Milenio","image":{"@type":"ImageObject","inLanguage":"es","@id":"https:\/\/secure.gravatar.com\/avatar\/acabf7b54753e51c2c76457954577c236b3b764789b19879565769739d1e4a75?s=96&d=mm&r=g","url":"https:\/\/secure.gravatar.com\/avatar\/acabf7b54753e51c2c76457954577c236b3b764789b19879565769739d1e4a75?s=96&d=mm&r=g","contentUrl":"https:\/\/secure.gravatar.com\/avatar\/acabf7b54753e51c2c76457954577c236b3b764789b19879565769739d1e4a75?s=96&d=mm&r=g","caption":"Milenio"},"url":"https:\/\/fuentesfidedignas.com.mx\/index.php\/author\/milenio\/"}]}},"_links":{"self":[{"href":"https:\/\/fuentesfidedignas.com.mx\/index.php\/wp-json\/wp\/v2\/posts\/70632","targetHints":{"allow":["GET"]}}],"collection":[{"href":"https:\/\/fuentesfidedignas.com.mx\/index.php\/wp-json\/wp\/v2\/posts"}],"about":[{"href":"https:\/\/fuentesfidedignas.com.mx\/index.php\/wp-json\/wp\/v2\/types\/post"}],"author":[{"embeddable":true,"href":"https:\/\/fuentesfidedignas.com.mx\/index.php\/wp-json\/wp\/v2\/users\/9"}],"replies":[{"embeddable":true,"href":"https:\/\/fuentesfidedignas.com.mx\/index.php\/wp-json\/wp\/v2\/comments?post=70632"}],"version-history":[{"count":1,"href":"https:\/\/fuentesfidedignas.com.mx\/index.php\/wp-json\/wp\/v2\/posts\/70632\/revisions"}],"predecessor-version":[{"id":70636,"href":"https:\/\/fuentesfidedignas.com.mx\/index.php\/wp-json\/wp\/v2\/posts\/70632\/revisions\/70636"}],"wp:featuredmedia":[{"embeddable":true,"href":"https:\/\/fuentesfidedignas.com.mx\/index.php\/wp-json\/wp\/v2\/media\/70635"}],"wp:attachment":[{"href":"https:\/\/fuentesfidedignas.com.mx\/index.php\/wp-json\/wp\/v2\/media?parent=70632"}],"wp:term":[{"taxonomy":"category","embeddable":true,"href":"https:\/\/fuentesfidedignas.com.mx\/index.php\/wp-json\/wp\/v2\/categories?post=70632"},{"taxonomy":"post_tag","embeddable":true,"href":"https:\/\/fuentesfidedignas.com.mx\/index.php\/wp-json\/wp\/v2\/tags?post=70632"}],"curies":[{"name":"wp","href":"https:\/\/api.w.org\/{rel}","templated":true}]}}