{"id":70613,"date":"2024-01-14T09:33:04","date_gmt":"2024-01-14T16:33:04","guid":{"rendered":"https:\/\/fuentesfidedignas.com.mx\/?p=70613"},"modified":"2024-01-14T09:33:04","modified_gmt":"2024-01-14T16:33:04","slug":"localizan-a-las-9-colombianas-desaparecidas-en-tabasco","status":"publish","type":"post","link":"https:\/\/fuentesfidedignas.com.mx\/index.php\/2024\/01\/14\/localizan-a-las-9-colombianas-desaparecidas-en-tabasco\/","title":{"rendered":"Localizan a las 9 colombianas desaparecidas en Tabasco"},"content":{"rendered":"\n<p><strong><em>Carlos Manuel Merino, gobernador de Tabasco, detall\u00f3 que las mujeres colombianas se encuentran en buen estado de salud<\/em><\/strong><\/p>\n\n\n\n<p>Carlos Manuel Merino, gobernador de Tabasco, confirm\u00f3 que fueron localizadas las nueve mujeres colombianas que estaban reportadas como desaparecidas.<\/p>\n\n\n\n<p>Por medio de redes sociales, el mandatario estatal detall\u00f3 que todas se encuentran bien de salud y bajo el resguardo de la Fiscal\u00eda de Tabasco.<\/p>\n\n\n\n<p>\u201cInformo a la opini\u00f3n p\u00fablica que a 24 horas de que la @FGETabasco fuese enterada por el escrito del Consulado de Colombia en Canc\u00fan, y despu\u00e9s de un buen trabajo de investigaci\u00f3n de dicha Fiscal\u00eda, se localiz\u00f3 a las mujeres colombianas mencionadas por la C\u00f3nsul que presuntamente estaban desaparecidas\u201d, apunt\u00f3 en su cuenta de X.<\/p>\n\n\n\n<p>\u201cLas mujeres se encuentran bien de salud y est\u00e1n bajo el resguardo de la @FGETabasco para determinar su situaci\u00f3n. Seguiremos informando por las cuentas y canales oficiales\u201d, puntualiz\u00f3 Merino.<\/p>\n\n\n\n<p>Seg\u00fan versiones period\u00edsticas, las nueve mujeres est\u00e1n desaparecidas desde el 5 de enero, cuando fueron llevadas para acudir a una fiesta privada y ser explotadas sexualmente como escorts por un hombre identificado como Saulo David S\u00e1nchez Zetina, El Jaguar\u2018, quien encabeza, supuestamente, una red de trata de mujeres ligada al Cartel Jalisco Nueva Generaci\u00f3n (CJNG).<\/p>\n\n\n\n<p>La denuncia fue realizada por otro grupo de compa\u00f1eras que tambi\u00e9n trabajan en estas fiestas, que aseguraron que las desaparecidas pertenecen a un grupo de entre 50 o 70 mujeres que fueron tra\u00eddas desde Colombia por esta red de trata.<\/p>\n\n\n\n<p>Esta red, que tambi\u00e9n tiene miembros colombianos, opera captando a las mujeres en Colombia y llev\u00e1ndolas a M\u00e9xico donde se les informa de una deuda de 120 mil pesos y se les retira el pasaporte, oblig\u00e1ndolas a trabajar como escorts en eventos privados.Seg\u00fan los reportes, estar\u00edan siendo retenidas por un problema entre jefes.<\/p>\n\n\n\n<p>El ministro de Interior colombiano, Luis Fernando Velasco, asegur\u00f3 este s\u00e1bado que a trav\u00e9s de la Canciller\u00eda y la embajada colombiana ya estaban \u201cinteractuando\u201d con el Gobierno y la Fiscal\u00eda mexicana \u201cpara lograr dar con el paradero de las 9 compatriotas que se encuentran desaparecidas en la zona de Villa Hermosa\u201d.<\/p>\n\n\n\n<p><\/p>\n","protected":false},"excerpt":{"rendered":"<p>Carlos Manuel Merino, gobernador de Tabasco, detall\u00f3 que las mujeres colombianas se encuentran en buen estado de salud Carlos Manuel Merino, gobernador de Tabasco, confirm\u00f3 que fueron localizadas las nueve mujeres colombianas que estaban reportadas como desaparecidas. Por medio de redes sociales, el mandatario estatal detall\u00f3 que todas se encuentran bien de salud y bajo [&hellip;]<\/p>\n","protected":false},"author":47,"featured_media":70614,"comment_status":"open","ping_status":"open","sticky":false,"template":"","format":"standard","meta":{"tdm_status":"","tdm_grid_status":"","footnotes":""},"categories":[39],"tags":[],"class_list":{"0":"post-70613","1":"post","2":"type-post","3":"status-publish","4":"format-standard","5":"has-post-thumbnail","7":"category-noticias-nacionales"},"yoast_head":"<!-- This site is optimized with the Yoast SEO plugin v27.5 - https:\/\/yoast.com\/product\/yoast-seo-wordpress\/ -->\n<title>Localizan a las 9 colombianas desaparecidas en Tabasco - Fuentes Fidedignas<\/title>\n<meta name=\"robots\" content=\"index, follow, max-snippet:-1, max-image-preview:large, max-video-preview:-1\" \/>\n<link rel=\"canonical\" href=\"https:\/\/fuentesfidedignas.com.mx\/index.php\/2024\/01\/14\/localizan-a-las-9-colombianas-desaparecidas-en-tabasco\/\" \/>\n<meta property=\"og:locale\" content=\"es_MX\" \/>\n<meta property=\"og:type\" content=\"article\" \/>\n<meta property=\"og:title\" content=\"Localizan a las 9 colombianas desaparecidas en Tabasco - Fuentes Fidedignas\" \/>\n<meta property=\"og:description\" content=\"Carlos Manuel Merino, gobernador de Tabasco, detall\u00f3 que las mujeres colombianas se encuentran en buen estado de salud Carlos Manuel Merino, gobernador de Tabasco, confirm\u00f3 que fueron localizadas las nueve mujeres colombianas que estaban reportadas como desaparecidas. Por medio de redes sociales, el mandatario estatal detall\u00f3 que todas se encuentran bien de salud y bajo [&hellip;]\" \/>\n<meta property=\"og:url\" content=\"https:\/\/fuentesfidedignas.com.mx\/index.php\/2024\/01\/14\/localizan-a-las-9-colombianas-desaparecidas-en-tabasco\/\" \/>\n<meta property=\"og:site_name\" content=\"Fuentes Fidedignas\" \/>\n<meta property=\"article:publisher\" content=\"https:\/\/www.facebook.com\/Fuentes-Fidedignas-368234489921644\" \/>\n<meta property=\"article:published_time\" content=\"2024-01-14T16:33:04+00:00\" \/>\n<meta property=\"og:image\" content=\"https:\/\/fuentesfidedignas.com.mx\/wp-content\/uploads\/2024\/01\/SCORTS.jpg\" \/>\n\t<meta property=\"og:image:width\" content=\"1368\" \/>\n\t<meta property=\"og:image:height\" content=\"800\" \/>\n\t<meta property=\"og:image:type\" content=\"image\/jpeg\" \/>\n<meta name=\"author\" content=\"L\u00f3pez D\u00f3riga\" \/>\n<meta name=\"twitter:card\" content=\"summary_large_image\" \/>\n<meta name=\"twitter:creator\" content=\"@fidedignas\" \/>\n<meta name=\"twitter:site\" content=\"@fidedignas\" \/>\n<meta name=\"twitter:label1\" content=\"Escrito por\" \/>\n\t<meta name=\"twitter:data1\" content=\"L\u00f3pez D\u00f3riga\" \/>\n\t<meta name=\"twitter:label2\" content=\"Tiempo de lectura\" \/>\n\t<meta name=\"twitter:data2\" content=\"2 minutos\" \/>\n<script type=\"application\/ld+json\" class=\"yoast-schema-graph\">{\"@context\":\"https:\\\/\\\/schema.org\",\"@graph\":[{\"@type\":\"Article\",\"@id\":\"https:\\\/\\\/fuentesfidedignas.com.mx\\\/index.php\\\/2024\\\/01\\\/14\\\/localizan-a-las-9-colombianas-desaparecidas-en-tabasco\\\/#article\",\"isPartOf\":{\"@id\":\"https:\\\/\\\/fuentesfidedignas.com.mx\\\/index.php\\\/2024\\\/01\\\/14\\\/localizan-a-las-9-colombianas-desaparecidas-en-tabasco\\\/\"},\"author\":{\"name\":\"L\u00f3pez D\u00f3riga\",\"@id\":\"https:\\\/\\\/fuentesfidedignas.com.mx\\\/#\\\/schema\\\/person\\\/67d852f0557c8509146a4b9ddebd543a\"},\"headline\":\"Localizan a las 9 colombianas desaparecidas en Tabasco\",\"datePublished\":\"2024-01-14T16:33:04+00:00\",\"mainEntityOfPage\":{\"@id\":\"https:\\\/\\\/fuentesfidedignas.com.mx\\\/index.php\\\/2024\\\/01\\\/14\\\/localizan-a-las-9-colombianas-desaparecidas-en-tabasco\\\/\"},\"wordCount\":375,\"commentCount\":0,\"publisher\":{\"@id\":\"https:\\\/\\\/fuentesfidedignas.com.mx\\\/#organization\"},\"image\":{\"@id\":\"https:\\\/\\\/fuentesfidedignas.com.mx\\\/index.php\\\/2024\\\/01\\\/14\\\/localizan-a-las-9-colombianas-desaparecidas-en-tabasco\\\/#primaryimage\"},\"thumbnailUrl\":\"https:\\\/\\\/fuentesfidedignas.com.mx\\\/wp-content\\\/uploads\\\/2024\\\/01\\\/SCORTS.jpg\",\"articleSection\":[\"NOTICIAS NACIONALES\"],\"inLanguage\":\"es\",\"potentialAction\":[{\"@type\":\"CommentAction\",\"name\":\"Comment\",\"target\":[\"https:\\\/\\\/fuentesfidedignas.com.mx\\\/index.php\\\/2024\\\/01\\\/14\\\/localizan-a-las-9-colombianas-desaparecidas-en-tabasco\\\/#respond\"]}]},{\"@type\":\"WebPage\",\"@id\":\"https:\\\/\\\/fuentesfidedignas.com.mx\\\/index.php\\\/2024\\\/01\\\/14\\\/localizan-a-las-9-colombianas-desaparecidas-en-tabasco\\\/\",\"url\":\"https:\\\/\\\/fuentesfidedignas.com.mx\\\/index.php\\\/2024\\\/01\\\/14\\\/localizan-a-las-9-colombianas-desaparecidas-en-tabasco\\\/\",\"name\":\"Localizan a las 9 colombianas desaparecidas en Tabasco - Fuentes Fidedignas\",\"isPartOf\":{\"@id\":\"https:\\\/\\\/fuentesfidedignas.com.mx\\\/#website\"},\"primaryImageOfPage\":{\"@id\":\"https:\\\/\\\/fuentesfidedignas.com.mx\\\/index.php\\\/2024\\\/01\\\/14\\\/localizan-a-las-9-colombianas-desaparecidas-en-tabasco\\\/#primaryimage\"},\"image\":{\"@id\":\"https:\\\/\\\/fuentesfidedignas.com.mx\\\/index.php\\\/2024\\\/01\\\/14\\\/localizan-a-las-9-colombianas-desaparecidas-en-tabasco\\\/#primaryimage\"},\"thumbnailUrl\":\"https:\\\/\\\/fuentesfidedignas.com.mx\\\/wp-content\\\/uploads\\\/2024\\\/01\\\/SCORTS.jpg\",\"datePublished\":\"2024-01-14T16:33:04+00:00\",\"breadcrumb\":{\"@id\":\"https:\\\/\\\/fuentesfidedignas.com.mx\\\/index.php\\\/2024\\\/01\\\/14\\\/localizan-a-las-9-colombianas-desaparecidas-en-tabasco\\\/#breadcrumb\"},\"inLanguage\":\"es\",\"potentialAction\":[{\"@type\":\"ReadAction\",\"target\":[\"https:\\\/\\\/fuentesfidedignas.com.mx\\\/index.php\\\/2024\\\/01\\\/14\\\/localizan-a-las-9-colombianas-desaparecidas-en-tabasco\\\/\"]}]},{\"@type\":\"ImageObject\",\"inLanguage\":\"es\",\"@id\":\"https:\\\/\\\/fuentesfidedignas.com.mx\\\/index.php\\\/2024\\\/01\\\/14\\\/localizan-a-las-9-colombianas-desaparecidas-en-tabasco\\\/#primaryimage\",\"url\":\"https:\\\/\\\/fuentesfidedignas.com.mx\\\/wp-content\\\/uploads\\\/2024\\\/01\\\/SCORTS.jpg\",\"contentUrl\":\"https:\\\/\\\/fuentesfidedignas.com.mx\\\/wp-content\\\/uploads\\\/2024\\\/01\\\/SCORTS.jpg\",\"width\":1368,\"height\":800},{\"@type\":\"BreadcrumbList\",\"@id\":\"https:\\\/\\\/fuentesfidedignas.com.mx\\\/index.php\\\/2024\\\/01\\\/14\\\/localizan-a-las-9-colombianas-desaparecidas-en-tabasco\\\/#breadcrumb\",\"itemListElement\":[{\"@type\":\"ListItem\",\"position\":1,\"name\":\"Inicio\",\"item\":\"https:\\\/\\\/fuentesfidedignas.com.mx\\\/\"},{\"@type\":\"ListItem\",\"position\":2,\"name\":\"Localizan a las 9 colombianas desaparecidas en Tabasco\"}]},{\"@type\":\"WebSite\",\"@id\":\"https:\\\/\\\/fuentesfidedignas.com.mx\\\/#website\",\"url\":\"https:\\\/\\\/fuentesfidedignas.com.mx\\\/\",\"name\":\"Fuentes Fidedignas\",\"description\":\"Otro sitio realizado con WordPress\",\"publisher\":{\"@id\":\"https:\\\/\\\/fuentesfidedignas.com.mx\\\/#organization\"},\"potentialAction\":[{\"@type\":\"SearchAction\",\"target\":{\"@type\":\"EntryPoint\",\"urlTemplate\":\"https:\\\/\\\/fuentesfidedignas.com.mx\\\/?s={search_term_string}\"},\"query-input\":{\"@type\":\"PropertyValueSpecification\",\"valueRequired\":true,\"valueName\":\"search_term_string\"}}],\"inLanguage\":\"es\"},{\"@type\":\"Organization\",\"@id\":\"https:\\\/\\\/fuentesfidedignas.com.mx\\\/#organization\",\"name\":\"Fuentes Fidedignas\",\"url\":\"https:\\\/\\\/fuentesfidedignas.com.mx\\\/\",\"logo\":{\"@type\":\"ImageObject\",\"inLanguage\":\"es\",\"@id\":\"https:\\\/\\\/fuentesfidedignas.com.mx\\\/#\\\/schema\\\/logo\\\/image\\\/\",\"url\":\"https:\\\/\\\/fuentesfidedignas.com.mx\\\/wp-content\\\/uploads\\\/2021\\\/04\\\/logo-retina.png\",\"contentUrl\":\"https:\\\/\\\/fuentesfidedignas.com.mx\\\/wp-content\\\/uploads\\\/2021\\\/04\\\/logo-retina.png\",\"width\":280,\"height\":51,\"caption\":\"Fuentes Fidedignas\"},\"image\":{\"@id\":\"https:\\\/\\\/fuentesfidedignas.com.mx\\\/#\\\/schema\\\/logo\\\/image\\\/\"},\"sameAs\":[\"https:\\\/\\\/www.facebook.com\\\/Fuentes-Fidedignas-368234489921644\",\"https:\\\/\\\/x.com\\\/fidedignas\"]},{\"@type\":\"Person\",\"@id\":\"https:\\\/\\\/fuentesfidedignas.com.mx\\\/#\\\/schema\\\/person\\\/67d852f0557c8509146a4b9ddebd543a\",\"name\":\"L\u00f3pez D\u00f3riga\",\"image\":{\"@type\":\"ImageObject\",\"inLanguage\":\"es\",\"@id\":\"https:\\\/\\\/secure.gravatar.com\\\/avatar\\\/e525b06574ca18b33cded59dfe5778d6c823b9513154eff47da551b0551bdd1e?s=96&d=mm&r=g\",\"url\":\"https:\\\/\\\/secure.gravatar.com\\\/avatar\\\/e525b06574ca18b33cded59dfe5778d6c823b9513154eff47da551b0551bdd1e?s=96&d=mm&r=g\",\"contentUrl\":\"https:\\\/\\\/secure.gravatar.com\\\/avatar\\\/e525b06574ca18b33cded59dfe5778d6c823b9513154eff47da551b0551bdd1e?s=96&d=mm&r=g\",\"caption\":\"L\u00f3pez D\u00f3riga\"},\"url\":\"https:\\\/\\\/fuentesfidedignas.com.mx\\\/index.php\\\/author\\\/doriga\\\/\"}]}<\/script>\n<!-- \/ Yoast SEO plugin. -->","yoast_head_json":{"title":"Localizan a las 9 colombianas desaparecidas en Tabasco - Fuentes Fidedignas","robots":{"index":"index","follow":"follow","max-snippet":"max-snippet:-1","max-image-preview":"max-image-preview:large","max-video-preview":"max-video-preview:-1"},"canonical":"https:\/\/fuentesfidedignas.com.mx\/index.php\/2024\/01\/14\/localizan-a-las-9-colombianas-desaparecidas-en-tabasco\/","og_locale":"es_MX","og_type":"article","og_title":"Localizan a las 9 colombianas desaparecidas en Tabasco - Fuentes Fidedignas","og_description":"Carlos Manuel Merino, gobernador de Tabasco, detall\u00f3 que las mujeres colombianas se encuentran en buen estado de salud Carlos Manuel Merino, gobernador de Tabasco, confirm\u00f3 que fueron localizadas las nueve mujeres colombianas que estaban reportadas como desaparecidas. Por medio de redes sociales, el mandatario estatal detall\u00f3 que todas se encuentran bien de salud y bajo [&hellip;]","og_url":"https:\/\/fuentesfidedignas.com.mx\/index.php\/2024\/01\/14\/localizan-a-las-9-colombianas-desaparecidas-en-tabasco\/","og_site_name":"Fuentes Fidedignas","article_publisher":"https:\/\/www.facebook.com\/Fuentes-Fidedignas-368234489921644","article_published_time":"2024-01-14T16:33:04+00:00","og_image":[{"width":1368,"height":800,"url":"https:\/\/fuentesfidedignas.com.mx\/wp-content\/uploads\/2024\/01\/SCORTS.jpg","type":"image\/jpeg"}],"author":"L\u00f3pez D\u00f3riga","twitter_card":"summary_large_image","twitter_creator":"@fidedignas","twitter_site":"@fidedignas","twitter_misc":{"Escrito por":"L\u00f3pez D\u00f3riga","Tiempo de lectura":"2 minutos"},"schema":{"@context":"https:\/\/schema.org","@graph":[{"@type":"Article","@id":"https:\/\/fuentesfidedignas.com.mx\/index.php\/2024\/01\/14\/localizan-a-las-9-colombianas-desaparecidas-en-tabasco\/#article","isPartOf":{"@id":"https:\/\/fuentesfidedignas.com.mx\/index.php\/2024\/01\/14\/localizan-a-las-9-colombianas-desaparecidas-en-tabasco\/"},"author":{"name":"L\u00f3pez D\u00f3riga","@id":"https:\/\/fuentesfidedignas.com.mx\/#\/schema\/person\/67d852f0557c8509146a4b9ddebd543a"},"headline":"Localizan a las 9 colombianas desaparecidas en Tabasco","datePublished":"2024-01-14T16:33:04+00:00","mainEntityOfPage":{"@id":"https:\/\/fuentesfidedignas.com.mx\/index.php\/2024\/01\/14\/localizan-a-las-9-colombianas-desaparecidas-en-tabasco\/"},"wordCount":375,"commentCount":0,"publisher":{"@id":"https:\/\/fuentesfidedignas.com.mx\/#organization"},"image":{"@id":"https:\/\/fuentesfidedignas.com.mx\/index.php\/2024\/01\/14\/localizan-a-las-9-colombianas-desaparecidas-en-tabasco\/#primaryimage"},"thumbnailUrl":"https:\/\/fuentesfidedignas.com.mx\/wp-content\/uploads\/2024\/01\/SCORTS.jpg","articleSection":["NOTICIAS NACIONALES"],"inLanguage":"es","potentialAction":[{"@type":"CommentAction","name":"Comment","target":["https:\/\/fuentesfidedignas.com.mx\/index.php\/2024\/01\/14\/localizan-a-las-9-colombianas-desaparecidas-en-tabasco\/#respond"]}]},{"@type":"WebPage","@id":"https:\/\/fuentesfidedignas.com.mx\/index.php\/2024\/01\/14\/localizan-a-las-9-colombianas-desaparecidas-en-tabasco\/","url":"https:\/\/fuentesfidedignas.com.mx\/index.php\/2024\/01\/14\/localizan-a-las-9-colombianas-desaparecidas-en-tabasco\/","name":"Localizan a las 9 colombianas desaparecidas en Tabasco - Fuentes Fidedignas","isPartOf":{"@id":"https:\/\/fuentesfidedignas.com.mx\/#website"},"primaryImageOfPage":{"@id":"https:\/\/fuentesfidedignas.com.mx\/index.php\/2024\/01\/14\/localizan-a-las-9-colombianas-desaparecidas-en-tabasco\/#primaryimage"},"image":{"@id":"https:\/\/fuentesfidedignas.com.mx\/index.php\/2024\/01\/14\/localizan-a-las-9-colombianas-desaparecidas-en-tabasco\/#primaryimage"},"thumbnailUrl":"https:\/\/fuentesfidedignas.com.mx\/wp-content\/uploads\/2024\/01\/SCORTS.jpg","datePublished":"2024-01-14T16:33:04+00:00","breadcrumb":{"@id":"https:\/\/fuentesfidedignas.com.mx\/index.php\/2024\/01\/14\/localizan-a-las-9-colombianas-desaparecidas-en-tabasco\/#breadcrumb"},"inLanguage":"es","potentialAction":[{"@type":"ReadAction","target":["https:\/\/fuentesfidedignas.com.mx\/index.php\/2024\/01\/14\/localizan-a-las-9-colombianas-desaparecidas-en-tabasco\/"]}]},{"@type":"ImageObject","inLanguage":"es","@id":"https:\/\/fuentesfidedignas.com.mx\/index.php\/2024\/01\/14\/localizan-a-las-9-colombianas-desaparecidas-en-tabasco\/#primaryimage","url":"https:\/\/fuentesfidedignas.com.mx\/wp-content\/uploads\/2024\/01\/SCORTS.jpg","contentUrl":"https:\/\/fuentesfidedignas.com.mx\/wp-content\/uploads\/2024\/01\/SCORTS.jpg","width":1368,"height":800},{"@type":"BreadcrumbList","@id":"https:\/\/fuentesfidedignas.com.mx\/index.php\/2024\/01\/14\/localizan-a-las-9-colombianas-desaparecidas-en-tabasco\/#breadcrumb","itemListElement":[{"@type":"ListItem","position":1,"name":"Inicio","item":"https:\/\/fuentesfidedignas.com.mx\/"},{"@type":"ListItem","position":2,"name":"Localizan a las 9 colombianas desaparecidas en Tabasco"}]},{"@type":"WebSite","@id":"https:\/\/fuentesfidedignas.com.mx\/#website","url":"https:\/\/fuentesfidedignas.com.mx\/","name":"Fuentes Fidedignas","description":"Otro sitio realizado con WordPress","publisher":{"@id":"https:\/\/fuentesfidedignas.com.mx\/#organization"},"potentialAction":[{"@type":"SearchAction","target":{"@type":"EntryPoint","urlTemplate":"https:\/\/fuentesfidedignas.com.mx\/?s={search_term_string}"},"query-input":{"@type":"PropertyValueSpecification","valueRequired":true,"valueName":"search_term_string"}}],"inLanguage":"es"},{"@type":"Organization","@id":"https:\/\/fuentesfidedignas.com.mx\/#organization","name":"Fuentes Fidedignas","url":"https:\/\/fuentesfidedignas.com.mx\/","logo":{"@type":"ImageObject","inLanguage":"es","@id":"https:\/\/fuentesfidedignas.com.mx\/#\/schema\/logo\/image\/","url":"https:\/\/fuentesfidedignas.com.mx\/wp-content\/uploads\/2021\/04\/logo-retina.png","contentUrl":"https:\/\/fuentesfidedignas.com.mx\/wp-content\/uploads\/2021\/04\/logo-retina.png","width":280,"height":51,"caption":"Fuentes Fidedignas"},"image":{"@id":"https:\/\/fuentesfidedignas.com.mx\/#\/schema\/logo\/image\/"},"sameAs":["https:\/\/www.facebook.com\/Fuentes-Fidedignas-368234489921644","https:\/\/x.com\/fidedignas"]},{"@type":"Person","@id":"https:\/\/fuentesfidedignas.com.mx\/#\/schema\/person\/67d852f0557c8509146a4b9ddebd543a","name":"L\u00f3pez D\u00f3riga","image":{"@type":"ImageObject","inLanguage":"es","@id":"https:\/\/secure.gravatar.com\/avatar\/e525b06574ca18b33cded59dfe5778d6c823b9513154eff47da551b0551bdd1e?s=96&d=mm&r=g","url":"https:\/\/secure.gravatar.com\/avatar\/e525b06574ca18b33cded59dfe5778d6c823b9513154eff47da551b0551bdd1e?s=96&d=mm&r=g","contentUrl":"https:\/\/secure.gravatar.com\/avatar\/e525b06574ca18b33cded59dfe5778d6c823b9513154eff47da551b0551bdd1e?s=96&d=mm&r=g","caption":"L\u00f3pez D\u00f3riga"},"url":"https:\/\/fuentesfidedignas.com.mx\/index.php\/author\/doriga\/"}]}},"_links":{"self":[{"href":"https:\/\/fuentesfidedignas.com.mx\/index.php\/wp-json\/wp\/v2\/posts\/70613","targetHints":{"allow":["GET"]}}],"collection":[{"href":"https:\/\/fuentesfidedignas.com.mx\/index.php\/wp-json\/wp\/v2\/posts"}],"about":[{"href":"https:\/\/fuentesfidedignas.com.mx\/index.php\/wp-json\/wp\/v2\/types\/post"}],"author":[{"embeddable":true,"href":"https:\/\/fuentesfidedignas.com.mx\/index.php\/wp-json\/wp\/v2\/users\/47"}],"replies":[{"embeddable":true,"href":"https:\/\/fuentesfidedignas.com.mx\/index.php\/wp-json\/wp\/v2\/comments?post=70613"}],"version-history":[{"count":1,"href":"https:\/\/fuentesfidedignas.com.mx\/index.php\/wp-json\/wp\/v2\/posts\/70613\/revisions"}],"predecessor-version":[{"id":70615,"href":"https:\/\/fuentesfidedignas.com.mx\/index.php\/wp-json\/wp\/v2\/posts\/70613\/revisions\/70615"}],"wp:featuredmedia":[{"embeddable":true,"href":"https:\/\/fuentesfidedignas.com.mx\/index.php\/wp-json\/wp\/v2\/media\/70614"}],"wp:attachment":[{"href":"https:\/\/fuentesfidedignas.com.mx\/index.php\/wp-json\/wp\/v2\/media?parent=70613"}],"wp:term":[{"taxonomy":"category","embeddable":true,"href":"https:\/\/fuentesfidedignas.com.mx\/index.php\/wp-json\/wp\/v2\/categories?post=70613"},{"taxonomy":"post_tag","embeddable":true,"href":"https:\/\/fuentesfidedignas.com.mx\/index.php\/wp-json\/wp\/v2\/tags?post=70613"}],"curies":[{"name":"wp","href":"https:\/\/api.w.org\/{rel}","templated":true}]}}