{"id":70540,"date":"2024-01-12T18:06:04","date_gmt":"2024-01-13T01:06:04","guid":{"rendered":"https:\/\/fuentesfidedignas.com.mx\/?p=70540"},"modified":"2024-01-12T18:06:57","modified_gmt":"2024-01-13T01:06:57","slug":"reconstruccion-de-primaria-sixto-osuna-una-prioridad-del-actual-gobierno-dominguez-nava","status":"publish","type":"post","link":"https:\/\/fuentesfidedignas.com.mx\/index.php\/2024\/01\/12\/reconstruccion-de-primaria-sixto-osuna-una-prioridad-del-actual-gobierno-dominguez-nava\/","title":{"rendered":"Reconstrucci\u00f3n de Primaria Sixto Osuna, una prioridad del actual gobierno: Dom\u00ednguez Nava"},"content":{"rendered":"\n<p><strong><em>\u2022 La titular de la SEPyC realiz\u00f3 un recorrido por el Plantel Educativo<\/em><br><em>\u2022 La inversi\u00f3n en reconstrucci\u00f3n del plantel, rebasa los 37 millones de pesos<\/em><\/strong><\/p>\n\n\n\n<p><em>Villa Uni\u00f3n, Mazatl\u00e1n, Sin.-<\/em> Para supervisar el avance de la reconstrucci\u00f3n de la Escuela Primaria &#8220;Sixto Osuna&#8221;, de Villa Uni\u00f3n, la Secretaria de Educaci\u00f3n P\u00fablica y Cultura, Graciela Dom\u00ednguez Nava, realiz\u00f3 un recorrido por el inmueble y anunci\u00f3 a la planta docente y directiva que ya est\u00e1 el contrato con la Comisi\u00f3n Federal de Electricidad, por lo que en breve la obra podr\u00eda ser entregada formalmente por ISIFE.<\/p>\n\n\n\n<p>La titular de la SEPyC, se\u00f1al\u00f3 que para el gobernador Rub\u00e9n Rocha Moya es prioridad que esta obra ya se encuentre al 100 por ciento, a fin de que las y los ni\u00f1os puedan tomar sus clases en las mejores condiciones, luego de la reconstrucci\u00f3n total de la primaria.<\/p>\n\n\n\n<p>Se realiz\u00f3 una inversi\u00f3n total de 37 millones 242 mil 273.66 pesos, con inversi\u00f3n estatal directa y de los Fondos de Aportaci\u00f3n M\u00faltiple 2022 y 2023 de Educaci\u00f3n B\u00e1sica, as\u00ed como Remanentes del Fondo de Aportaciones M\u00faltiples Potenciado, dividido en dos etapas.<\/p>\n\n\n\n<figure class=\"wp-block-image size-large\"><img decoding=\"async\" width=\"300\" height=\"200\" src=\"https:\/\/fuentesfidedignas.com.mx\/wp-content\/uploads\/2024\/01\/a9715029-80a8-4b45-8f71-96522644ba74-1-300x200.jpg\" class=\"wp-image-70539\" srcset=\"https:\/\/fuentesfidedignas.com.mx\/wp-content\/uploads\/2024\/01\/a9715029-80a8-4b45-8f71-96522644ba74-1-300x200.jpg 300w, https:\/\/fuentesfidedignas.com.mx\/wp-content\/uploads\/2024\/01\/a9715029-80a8-4b45-8f71-96522644ba74-1-768x512.jpg 768w, https:\/\/fuentesfidedignas.com.mx\/wp-content\/uploads\/2024\/01\/a9715029-80a8-4b45-8f71-96522644ba74-1.jpg 1024w\" sizes=\"(max-width: 300px) 100vw, 300px\" \/><\/figure>\n\n\n\n<p>En la primera, se realiz\u00f3 la Construcci\u00f3n del Edificio &#8220;A&#8221; con cuatro aulas, servicios sanitarios y escalera. Construcci\u00f3n de edificio &#8220;B&#8221;, con dos aulas, servicios sanitarios, Direcci\u00f3n y escaleras.<\/p>\n\n\n\n<p>En la segunda etapa, se construyeron 5 aulas en el edificio &#8220;A&#8221; y cuatro aulas m\u00e1s en el edificio &#8220;B&#8221;, construcci\u00f3n de canchas de usos m\u00faltiples de 19.2 x 32 metros, techumbre, cerca perimetral e instalaciones el\u00e9ctricas, adem\u00e1s, se equip\u00f3 con mobiliario para primarias: 400 mesas y sillas para alumnos, 22 sillas y mesas para maestros y 15 pintarrones.<\/p>\n\n\n\n<p>Durante la visita estuvo acompa\u00f1ada por la Subsecretaria de Planeaci\u00f3n Educativa, Catalina Esparza Navarrete; el Jefe de Servicios Regionales de Mazatl\u00e1n, Jos\u00e9 Juan Rend\u00f3n, la Subdirectora comisionada del plantel, Elvia Areli Castellanos Mor\u00e1n y la Supervisora Karem Denisse \u00c1lvarez, a quien posteriormente visitaron en sus oficinas que est\u00e1n contiguas a la primaria, para revisar la infraestructura f\u00edsica.<\/p>\n","protected":false},"excerpt":{"rendered":"<p>\u2022 La titular de la SEPyC realiz\u00f3 un recorrido por el Plantel Educativo\u2022 La inversi\u00f3n en reconstrucci\u00f3n del plantel, rebasa los 37 millones de pesos Villa Uni\u00f3n, Mazatl\u00e1n, Sin.- Para supervisar el avance de la reconstrucci\u00f3n de la Escuela Primaria &#8220;Sixto Osuna&#8221;, de Villa Uni\u00f3n, la Secretaria de Educaci\u00f3n P\u00fablica y Cultura, Graciela Dom\u00ednguez Nava, [&hellip;]<\/p>\n","protected":false},"author":4,"featured_media":70538,"comment_status":"open","ping_status":"open","sticky":false,"template":"","format":"standard","meta":{"tdm_status":"","tdm_grid_status":"","footnotes":""},"categories":[1],"tags":[],"class_list":{"0":"post-70540","1":"post","2":"type-post","3":"status-publish","4":"format-standard","5":"has-post-thumbnail","7":"category-sin-categoria"},"yoast_head":"<!-- This site is optimized with the Yoast SEO plugin v27.5 - https:\/\/yoast.com\/product\/yoast-seo-wordpress\/ -->\n<title>Reconstrucci\u00f3n de Primaria Sixto Osuna, una prioridad del actual gobierno: Dom\u00ednguez Nava - Fuentes Fidedignas<\/title>\n<meta name=\"robots\" content=\"index, follow, max-snippet:-1, max-image-preview:large, max-video-preview:-1\" \/>\n<link rel=\"canonical\" href=\"https:\/\/fuentesfidedignas.com.mx\/index.php\/2024\/01\/12\/reconstruccion-de-primaria-sixto-osuna-una-prioridad-del-actual-gobierno-dominguez-nava\/\" \/>\n<meta property=\"og:locale\" content=\"es_MX\" \/>\n<meta property=\"og:type\" content=\"article\" \/>\n<meta property=\"og:title\" content=\"Reconstrucci\u00f3n de Primaria Sixto Osuna, una prioridad del actual gobierno: Dom\u00ednguez Nava - Fuentes Fidedignas\" \/>\n<meta property=\"og:description\" content=\"\u2022 La titular de la SEPyC realiz\u00f3 un recorrido por el Plantel Educativo\u2022 La inversi\u00f3n en reconstrucci\u00f3n del plantel, rebasa los 37 millones de pesos Villa Uni\u00f3n, Mazatl\u00e1n, Sin.- Para supervisar el avance de la reconstrucci\u00f3n de la Escuela Primaria &#8220;Sixto Osuna&#8221;, de Villa Uni\u00f3n, la Secretaria de Educaci\u00f3n P\u00fablica y Cultura, Graciela Dom\u00ednguez Nava, [&hellip;]\" \/>\n<meta property=\"og:url\" content=\"https:\/\/fuentesfidedignas.com.mx\/index.php\/2024\/01\/12\/reconstruccion-de-primaria-sixto-osuna-una-prioridad-del-actual-gobierno-dominguez-nava\/\" \/>\n<meta property=\"og:site_name\" content=\"Fuentes Fidedignas\" \/>\n<meta property=\"article:publisher\" content=\"https:\/\/www.facebook.com\/Fuentes-Fidedignas-368234489921644\" \/>\n<meta property=\"article:published_time\" content=\"2024-01-13T01:06:04+00:00\" \/>\n<meta property=\"article:modified_time\" content=\"2024-01-13T01:06:57+00:00\" \/>\n<meta property=\"og:image\" content=\"https:\/\/fuentesfidedignas.com.mx\/wp-content\/uploads\/2024\/01\/122af231-58d0-491e-9af7-9c93662c92a4-1.jpg\" \/>\n\t<meta property=\"og:image:width\" content=\"1024\" \/>\n\t<meta property=\"og:image:height\" content=\"683\" \/>\n\t<meta property=\"og:image:type\" content=\"image\/jpeg\" \/>\n<meta name=\"author\" content=\"Redacci\u00f3n\" \/>\n<meta name=\"twitter:card\" content=\"summary_large_image\" \/>\n<meta name=\"twitter:creator\" content=\"@fidedignas\" \/>\n<meta name=\"twitter:site\" content=\"@fidedignas\" \/>\n<meta name=\"twitter:label1\" content=\"Escrito por\" \/>\n\t<meta name=\"twitter:data1\" content=\"Redacci\u00f3n\" \/>\n\t<meta name=\"twitter:label2\" content=\"Tiempo de lectura\" \/>\n\t<meta name=\"twitter:data2\" content=\"2 minutos\" \/>\n<script type=\"application\/ld+json\" class=\"yoast-schema-graph\">{\"@context\":\"https:\\\/\\\/schema.org\",\"@graph\":[{\"@type\":\"Article\",\"@id\":\"https:\\\/\\\/fuentesfidedignas.com.mx\\\/index.php\\\/2024\\\/01\\\/12\\\/reconstruccion-de-primaria-sixto-osuna-una-prioridad-del-actual-gobierno-dominguez-nava\\\/#article\",\"isPartOf\":{\"@id\":\"https:\\\/\\\/fuentesfidedignas.com.mx\\\/index.php\\\/2024\\\/01\\\/12\\\/reconstruccion-de-primaria-sixto-osuna-una-prioridad-del-actual-gobierno-dominguez-nava\\\/\"},\"author\":{\"name\":\"Redacci\u00f3n\",\"@id\":\"https:\\\/\\\/fuentesfidedignas.com.mx\\\/#\\\/schema\\\/person\\\/331be9283d37198e2acd5750279085b0\"},\"headline\":\"Reconstrucci\u00f3n de Primaria Sixto Osuna, una prioridad del actual gobierno: Dom\u00ednguez Nava\",\"datePublished\":\"2024-01-13T01:06:04+00:00\",\"dateModified\":\"2024-01-13T01:06:57+00:00\",\"mainEntityOfPage\":{\"@id\":\"https:\\\/\\\/fuentesfidedignas.com.mx\\\/index.php\\\/2024\\\/01\\\/12\\\/reconstruccion-de-primaria-sixto-osuna-una-prioridad-del-actual-gobierno-dominguez-nava\\\/\"},\"wordCount\":367,\"commentCount\":0,\"publisher\":{\"@id\":\"https:\\\/\\\/fuentesfidedignas.com.mx\\\/#organization\"},\"image\":{\"@id\":\"https:\\\/\\\/fuentesfidedignas.com.mx\\\/index.php\\\/2024\\\/01\\\/12\\\/reconstruccion-de-primaria-sixto-osuna-una-prioridad-del-actual-gobierno-dominguez-nava\\\/#primaryimage\"},\"thumbnailUrl\":\"https:\\\/\\\/fuentesfidedignas.com.mx\\\/wp-content\\\/uploads\\\/2024\\\/01\\\/122af231-58d0-491e-9af7-9c93662c92a4-1.jpg\",\"inLanguage\":\"es\",\"potentialAction\":[{\"@type\":\"CommentAction\",\"name\":\"Comment\",\"target\":[\"https:\\\/\\\/fuentesfidedignas.com.mx\\\/index.php\\\/2024\\\/01\\\/12\\\/reconstruccion-de-primaria-sixto-osuna-una-prioridad-del-actual-gobierno-dominguez-nava\\\/#respond\"]}]},{\"@type\":\"WebPage\",\"@id\":\"https:\\\/\\\/fuentesfidedignas.com.mx\\\/index.php\\\/2024\\\/01\\\/12\\\/reconstruccion-de-primaria-sixto-osuna-una-prioridad-del-actual-gobierno-dominguez-nava\\\/\",\"url\":\"https:\\\/\\\/fuentesfidedignas.com.mx\\\/index.php\\\/2024\\\/01\\\/12\\\/reconstruccion-de-primaria-sixto-osuna-una-prioridad-del-actual-gobierno-dominguez-nava\\\/\",\"name\":\"Reconstrucci\u00f3n de Primaria Sixto Osuna, una prioridad del actual gobierno: Dom\u00ednguez Nava - Fuentes Fidedignas\",\"isPartOf\":{\"@id\":\"https:\\\/\\\/fuentesfidedignas.com.mx\\\/#website\"},\"primaryImageOfPage\":{\"@id\":\"https:\\\/\\\/fuentesfidedignas.com.mx\\\/index.php\\\/2024\\\/01\\\/12\\\/reconstruccion-de-primaria-sixto-osuna-una-prioridad-del-actual-gobierno-dominguez-nava\\\/#primaryimage\"},\"image\":{\"@id\":\"https:\\\/\\\/fuentesfidedignas.com.mx\\\/index.php\\\/2024\\\/01\\\/12\\\/reconstruccion-de-primaria-sixto-osuna-una-prioridad-del-actual-gobierno-dominguez-nava\\\/#primaryimage\"},\"thumbnailUrl\":\"https:\\\/\\\/fuentesfidedignas.com.mx\\\/wp-content\\\/uploads\\\/2024\\\/01\\\/122af231-58d0-491e-9af7-9c93662c92a4-1.jpg\",\"datePublished\":\"2024-01-13T01:06:04+00:00\",\"dateModified\":\"2024-01-13T01:06:57+00:00\",\"breadcrumb\":{\"@id\":\"https:\\\/\\\/fuentesfidedignas.com.mx\\\/index.php\\\/2024\\\/01\\\/12\\\/reconstruccion-de-primaria-sixto-osuna-una-prioridad-del-actual-gobierno-dominguez-nava\\\/#breadcrumb\"},\"inLanguage\":\"es\",\"potentialAction\":[{\"@type\":\"ReadAction\",\"target\":[\"https:\\\/\\\/fuentesfidedignas.com.mx\\\/index.php\\\/2024\\\/01\\\/12\\\/reconstruccion-de-primaria-sixto-osuna-una-prioridad-del-actual-gobierno-dominguez-nava\\\/\"]}]},{\"@type\":\"ImageObject\",\"inLanguage\":\"es\",\"@id\":\"https:\\\/\\\/fuentesfidedignas.com.mx\\\/index.php\\\/2024\\\/01\\\/12\\\/reconstruccion-de-primaria-sixto-osuna-una-prioridad-del-actual-gobierno-dominguez-nava\\\/#primaryimage\",\"url\":\"https:\\\/\\\/fuentesfidedignas.com.mx\\\/wp-content\\\/uploads\\\/2024\\\/01\\\/122af231-58d0-491e-9af7-9c93662c92a4-1.jpg\",\"contentUrl\":\"https:\\\/\\\/fuentesfidedignas.com.mx\\\/wp-content\\\/uploads\\\/2024\\\/01\\\/122af231-58d0-491e-9af7-9c93662c92a4-1.jpg\",\"width\":1024,\"height\":683},{\"@type\":\"BreadcrumbList\",\"@id\":\"https:\\\/\\\/fuentesfidedignas.com.mx\\\/index.php\\\/2024\\\/01\\\/12\\\/reconstruccion-de-primaria-sixto-osuna-una-prioridad-del-actual-gobierno-dominguez-nava\\\/#breadcrumb\",\"itemListElement\":[{\"@type\":\"ListItem\",\"position\":1,\"name\":\"Inicio\",\"item\":\"https:\\\/\\\/fuentesfidedignas.com.mx\\\/\"},{\"@type\":\"ListItem\",\"position\":2,\"name\":\"Reconstrucci\u00f3n de Primaria Sixto Osuna, una prioridad del actual gobierno: Dom\u00ednguez Nava\"}]},{\"@type\":\"WebSite\",\"@id\":\"https:\\\/\\\/fuentesfidedignas.com.mx\\\/#website\",\"url\":\"https:\\\/\\\/fuentesfidedignas.com.mx\\\/\",\"name\":\"Fuentes Fidedignas\",\"description\":\"Otro sitio realizado con WordPress\",\"publisher\":{\"@id\":\"https:\\\/\\\/fuentesfidedignas.com.mx\\\/#organization\"},\"potentialAction\":[{\"@type\":\"SearchAction\",\"target\":{\"@type\":\"EntryPoint\",\"urlTemplate\":\"https:\\\/\\\/fuentesfidedignas.com.mx\\\/?s={search_term_string}\"},\"query-input\":{\"@type\":\"PropertyValueSpecification\",\"valueRequired\":true,\"valueName\":\"search_term_string\"}}],\"inLanguage\":\"es\"},{\"@type\":\"Organization\",\"@id\":\"https:\\\/\\\/fuentesfidedignas.com.mx\\\/#organization\",\"name\":\"Fuentes Fidedignas\",\"url\":\"https:\\\/\\\/fuentesfidedignas.com.mx\\\/\",\"logo\":{\"@type\":\"ImageObject\",\"inLanguage\":\"es\",\"@id\":\"https:\\\/\\\/fuentesfidedignas.com.mx\\\/#\\\/schema\\\/logo\\\/image\\\/\",\"url\":\"https:\\\/\\\/fuentesfidedignas.com.mx\\\/wp-content\\\/uploads\\\/2021\\\/04\\\/logo-retina.png\",\"contentUrl\":\"https:\\\/\\\/fuentesfidedignas.com.mx\\\/wp-content\\\/uploads\\\/2021\\\/04\\\/logo-retina.png\",\"width\":280,\"height\":51,\"caption\":\"Fuentes Fidedignas\"},\"image\":{\"@id\":\"https:\\\/\\\/fuentesfidedignas.com.mx\\\/#\\\/schema\\\/logo\\\/image\\\/\"},\"sameAs\":[\"https:\\\/\\\/www.facebook.com\\\/Fuentes-Fidedignas-368234489921644\",\"https:\\\/\\\/x.com\\\/fidedignas\"]},{\"@type\":\"Person\",\"@id\":\"https:\\\/\\\/fuentesfidedignas.com.mx\\\/#\\\/schema\\\/person\\\/331be9283d37198e2acd5750279085b0\",\"name\":\"Redacci\u00f3n\",\"image\":{\"@type\":\"ImageObject\",\"inLanguage\":\"es\",\"@id\":\"https:\\\/\\\/secure.gravatar.com\\\/avatar\\\/f6d8782c11d12b2d4ad3fbb6931aeab5309937a4d6cd2fc9cfaa28a6396a5aec?s=96&d=mm&r=g\",\"url\":\"https:\\\/\\\/secure.gravatar.com\\\/avatar\\\/f6d8782c11d12b2d4ad3fbb6931aeab5309937a4d6cd2fc9cfaa28a6396a5aec?s=96&d=mm&r=g\",\"contentUrl\":\"https:\\\/\\\/secure.gravatar.com\\\/avatar\\\/f6d8782c11d12b2d4ad3fbb6931aeab5309937a4d6cd2fc9cfaa28a6396a5aec?s=96&d=mm&r=g\",\"caption\":\"Redacci\u00f3n\"},\"url\":\"https:\\\/\\\/fuentesfidedignas.com.mx\\\/index.php\\\/author\\\/redaccion\\\/\"}]}<\/script>\n<!-- \/ Yoast SEO plugin. -->","yoast_head_json":{"title":"Reconstrucci\u00f3n de Primaria Sixto Osuna, una prioridad del actual gobierno: Dom\u00ednguez Nava - Fuentes Fidedignas","robots":{"index":"index","follow":"follow","max-snippet":"max-snippet:-1","max-image-preview":"max-image-preview:large","max-video-preview":"max-video-preview:-1"},"canonical":"https:\/\/fuentesfidedignas.com.mx\/index.php\/2024\/01\/12\/reconstruccion-de-primaria-sixto-osuna-una-prioridad-del-actual-gobierno-dominguez-nava\/","og_locale":"es_MX","og_type":"article","og_title":"Reconstrucci\u00f3n de Primaria Sixto Osuna, una prioridad del actual gobierno: Dom\u00ednguez Nava - Fuentes Fidedignas","og_description":"\u2022 La titular de la SEPyC realiz\u00f3 un recorrido por el Plantel Educativo\u2022 La inversi\u00f3n en reconstrucci\u00f3n del plantel, rebasa los 37 millones de pesos Villa Uni\u00f3n, Mazatl\u00e1n, Sin.- Para supervisar el avance de la reconstrucci\u00f3n de la Escuela Primaria &#8220;Sixto Osuna&#8221;, de Villa Uni\u00f3n, la Secretaria de Educaci\u00f3n P\u00fablica y Cultura, Graciela Dom\u00ednguez Nava, [&hellip;]","og_url":"https:\/\/fuentesfidedignas.com.mx\/index.php\/2024\/01\/12\/reconstruccion-de-primaria-sixto-osuna-una-prioridad-del-actual-gobierno-dominguez-nava\/","og_site_name":"Fuentes Fidedignas","article_publisher":"https:\/\/www.facebook.com\/Fuentes-Fidedignas-368234489921644","article_published_time":"2024-01-13T01:06:04+00:00","article_modified_time":"2024-01-13T01:06:57+00:00","og_image":[{"width":1024,"height":683,"url":"https:\/\/fuentesfidedignas.com.mx\/wp-content\/uploads\/2024\/01\/122af231-58d0-491e-9af7-9c93662c92a4-1.jpg","type":"image\/jpeg"}],"author":"Redacci\u00f3n","twitter_card":"summary_large_image","twitter_creator":"@fidedignas","twitter_site":"@fidedignas","twitter_misc":{"Escrito por":"Redacci\u00f3n","Tiempo de lectura":"2 minutos"},"schema":{"@context":"https:\/\/schema.org","@graph":[{"@type":"Article","@id":"https:\/\/fuentesfidedignas.com.mx\/index.php\/2024\/01\/12\/reconstruccion-de-primaria-sixto-osuna-una-prioridad-del-actual-gobierno-dominguez-nava\/#article","isPartOf":{"@id":"https:\/\/fuentesfidedignas.com.mx\/index.php\/2024\/01\/12\/reconstruccion-de-primaria-sixto-osuna-una-prioridad-del-actual-gobierno-dominguez-nava\/"},"author":{"name":"Redacci\u00f3n","@id":"https:\/\/fuentesfidedignas.com.mx\/#\/schema\/person\/331be9283d37198e2acd5750279085b0"},"headline":"Reconstrucci\u00f3n de Primaria Sixto Osuna, una prioridad del actual gobierno: Dom\u00ednguez Nava","datePublished":"2024-01-13T01:06:04+00:00","dateModified":"2024-01-13T01:06:57+00:00","mainEntityOfPage":{"@id":"https:\/\/fuentesfidedignas.com.mx\/index.php\/2024\/01\/12\/reconstruccion-de-primaria-sixto-osuna-una-prioridad-del-actual-gobierno-dominguez-nava\/"},"wordCount":367,"commentCount":0,"publisher":{"@id":"https:\/\/fuentesfidedignas.com.mx\/#organization"},"image":{"@id":"https:\/\/fuentesfidedignas.com.mx\/index.php\/2024\/01\/12\/reconstruccion-de-primaria-sixto-osuna-una-prioridad-del-actual-gobierno-dominguez-nava\/#primaryimage"},"thumbnailUrl":"https:\/\/fuentesfidedignas.com.mx\/wp-content\/uploads\/2024\/01\/122af231-58d0-491e-9af7-9c93662c92a4-1.jpg","inLanguage":"es","potentialAction":[{"@type":"CommentAction","name":"Comment","target":["https:\/\/fuentesfidedignas.com.mx\/index.php\/2024\/01\/12\/reconstruccion-de-primaria-sixto-osuna-una-prioridad-del-actual-gobierno-dominguez-nava\/#respond"]}]},{"@type":"WebPage","@id":"https:\/\/fuentesfidedignas.com.mx\/index.php\/2024\/01\/12\/reconstruccion-de-primaria-sixto-osuna-una-prioridad-del-actual-gobierno-dominguez-nava\/","url":"https:\/\/fuentesfidedignas.com.mx\/index.php\/2024\/01\/12\/reconstruccion-de-primaria-sixto-osuna-una-prioridad-del-actual-gobierno-dominguez-nava\/","name":"Reconstrucci\u00f3n de Primaria Sixto Osuna, una prioridad del actual gobierno: Dom\u00ednguez Nava - Fuentes Fidedignas","isPartOf":{"@id":"https:\/\/fuentesfidedignas.com.mx\/#website"},"primaryImageOfPage":{"@id":"https:\/\/fuentesfidedignas.com.mx\/index.php\/2024\/01\/12\/reconstruccion-de-primaria-sixto-osuna-una-prioridad-del-actual-gobierno-dominguez-nava\/#primaryimage"},"image":{"@id":"https:\/\/fuentesfidedignas.com.mx\/index.php\/2024\/01\/12\/reconstruccion-de-primaria-sixto-osuna-una-prioridad-del-actual-gobierno-dominguez-nava\/#primaryimage"},"thumbnailUrl":"https:\/\/fuentesfidedignas.com.mx\/wp-content\/uploads\/2024\/01\/122af231-58d0-491e-9af7-9c93662c92a4-1.jpg","datePublished":"2024-01-13T01:06:04+00:00","dateModified":"2024-01-13T01:06:57+00:00","breadcrumb":{"@id":"https:\/\/fuentesfidedignas.com.mx\/index.php\/2024\/01\/12\/reconstruccion-de-primaria-sixto-osuna-una-prioridad-del-actual-gobierno-dominguez-nava\/#breadcrumb"},"inLanguage":"es","potentialAction":[{"@type":"ReadAction","target":["https:\/\/fuentesfidedignas.com.mx\/index.php\/2024\/01\/12\/reconstruccion-de-primaria-sixto-osuna-una-prioridad-del-actual-gobierno-dominguez-nava\/"]}]},{"@type":"ImageObject","inLanguage":"es","@id":"https:\/\/fuentesfidedignas.com.mx\/index.php\/2024\/01\/12\/reconstruccion-de-primaria-sixto-osuna-una-prioridad-del-actual-gobierno-dominguez-nava\/#primaryimage","url":"https:\/\/fuentesfidedignas.com.mx\/wp-content\/uploads\/2024\/01\/122af231-58d0-491e-9af7-9c93662c92a4-1.jpg","contentUrl":"https:\/\/fuentesfidedignas.com.mx\/wp-content\/uploads\/2024\/01\/122af231-58d0-491e-9af7-9c93662c92a4-1.jpg","width":1024,"height":683},{"@type":"BreadcrumbList","@id":"https:\/\/fuentesfidedignas.com.mx\/index.php\/2024\/01\/12\/reconstruccion-de-primaria-sixto-osuna-una-prioridad-del-actual-gobierno-dominguez-nava\/#breadcrumb","itemListElement":[{"@type":"ListItem","position":1,"name":"Inicio","item":"https:\/\/fuentesfidedignas.com.mx\/"},{"@type":"ListItem","position":2,"name":"Reconstrucci\u00f3n de Primaria Sixto Osuna, una prioridad del actual gobierno: Dom\u00ednguez Nava"}]},{"@type":"WebSite","@id":"https:\/\/fuentesfidedignas.com.mx\/#website","url":"https:\/\/fuentesfidedignas.com.mx\/","name":"Fuentes Fidedignas","description":"Otro sitio realizado con WordPress","publisher":{"@id":"https:\/\/fuentesfidedignas.com.mx\/#organization"},"potentialAction":[{"@type":"SearchAction","target":{"@type":"EntryPoint","urlTemplate":"https:\/\/fuentesfidedignas.com.mx\/?s={search_term_string}"},"query-input":{"@type":"PropertyValueSpecification","valueRequired":true,"valueName":"search_term_string"}}],"inLanguage":"es"},{"@type":"Organization","@id":"https:\/\/fuentesfidedignas.com.mx\/#organization","name":"Fuentes Fidedignas","url":"https:\/\/fuentesfidedignas.com.mx\/","logo":{"@type":"ImageObject","inLanguage":"es","@id":"https:\/\/fuentesfidedignas.com.mx\/#\/schema\/logo\/image\/","url":"https:\/\/fuentesfidedignas.com.mx\/wp-content\/uploads\/2021\/04\/logo-retina.png","contentUrl":"https:\/\/fuentesfidedignas.com.mx\/wp-content\/uploads\/2021\/04\/logo-retina.png","width":280,"height":51,"caption":"Fuentes Fidedignas"},"image":{"@id":"https:\/\/fuentesfidedignas.com.mx\/#\/schema\/logo\/image\/"},"sameAs":["https:\/\/www.facebook.com\/Fuentes-Fidedignas-368234489921644","https:\/\/x.com\/fidedignas"]},{"@type":"Person","@id":"https:\/\/fuentesfidedignas.com.mx\/#\/schema\/person\/331be9283d37198e2acd5750279085b0","name":"Redacci\u00f3n","image":{"@type":"ImageObject","inLanguage":"es","@id":"https:\/\/secure.gravatar.com\/avatar\/f6d8782c11d12b2d4ad3fbb6931aeab5309937a4d6cd2fc9cfaa28a6396a5aec?s=96&d=mm&r=g","url":"https:\/\/secure.gravatar.com\/avatar\/f6d8782c11d12b2d4ad3fbb6931aeab5309937a4d6cd2fc9cfaa28a6396a5aec?s=96&d=mm&r=g","contentUrl":"https:\/\/secure.gravatar.com\/avatar\/f6d8782c11d12b2d4ad3fbb6931aeab5309937a4d6cd2fc9cfaa28a6396a5aec?s=96&d=mm&r=g","caption":"Redacci\u00f3n"},"url":"https:\/\/fuentesfidedignas.com.mx\/index.php\/author\/redaccion\/"}]}},"_links":{"self":[{"href":"https:\/\/fuentesfidedignas.com.mx\/index.php\/wp-json\/wp\/v2\/posts\/70540","targetHints":{"allow":["GET"]}}],"collection":[{"href":"https:\/\/fuentesfidedignas.com.mx\/index.php\/wp-json\/wp\/v2\/posts"}],"about":[{"href":"https:\/\/fuentesfidedignas.com.mx\/index.php\/wp-json\/wp\/v2\/types\/post"}],"author":[{"embeddable":true,"href":"https:\/\/fuentesfidedignas.com.mx\/index.php\/wp-json\/wp\/v2\/users\/4"}],"replies":[{"embeddable":true,"href":"https:\/\/fuentesfidedignas.com.mx\/index.php\/wp-json\/wp\/v2\/comments?post=70540"}],"version-history":[{"count":2,"href":"https:\/\/fuentesfidedignas.com.mx\/index.php\/wp-json\/wp\/v2\/posts\/70540\/revisions"}],"predecessor-version":[{"id":70542,"href":"https:\/\/fuentesfidedignas.com.mx\/index.php\/wp-json\/wp\/v2\/posts\/70540\/revisions\/70542"}],"wp:featuredmedia":[{"embeddable":true,"href":"https:\/\/fuentesfidedignas.com.mx\/index.php\/wp-json\/wp\/v2\/media\/70538"}],"wp:attachment":[{"href":"https:\/\/fuentesfidedignas.com.mx\/index.php\/wp-json\/wp\/v2\/media?parent=70540"}],"wp:term":[{"taxonomy":"category","embeddable":true,"href":"https:\/\/fuentesfidedignas.com.mx\/index.php\/wp-json\/wp\/v2\/categories?post=70540"},{"taxonomy":"post_tag","embeddable":true,"href":"https:\/\/fuentesfidedignas.com.mx\/index.php\/wp-json\/wp\/v2\/tags?post=70540"}],"curies":[{"name":"wp","href":"https:\/\/api.w.org\/{rel}","templated":true}]}}