{"id":70491,"date":"2024-01-12T10:38:35","date_gmt":"2024-01-12T17:38:35","guid":{"rendered":"https:\/\/fuentesfidedignas.com.mx\/?p=70491"},"modified":"2024-01-12T10:38:35","modified_gmt":"2024-01-12T17:38:35","slug":"peso-pluma-si-participara-en-el-festival-vina-del-mar-2024","status":"publish","type":"post","link":"https:\/\/fuentesfidedignas.com.mx\/index.php\/2024\/01\/12\/peso-pluma-si-participara-en-el-festival-vina-del-mar-2024\/","title":{"rendered":"Peso Pluma s\u00ed participar\u00e1 en el Festival Vi\u00f1a del Mar 2024"},"content":{"rendered":"\n<p><strong><em>Luego de d\u00edas de pol\u00e9mica en Chile debido a que ped\u00edan que se cancelara la invitaci\u00f3n del cantante por hacer apolog\u00eda al narco, se confirm\u00f3 su asistencia<\/em><\/strong><\/p>\n\n\n\n<p>Chile. Luego de la <a href=\"https:\/\/www.infobae.com\/mexico\/2024\/01\/10\/show-de-peso-pluma-en-el-festival-de-vina-del-mar-2024-en-peligro-piden-cancelar-su-concierto-por-nexos-con-el-narco\/\" target=\"_blank\" rel=\"noreferrer noopener\">pol\u00e9mica <\/a>que inici\u00f3 en <strong>Chile <\/strong>debido a que se anunci\u00f3 la participaci\u00f3n de <strong>Peso Pluma <\/strong>en la edici\u00f3n de este a\u00f1o del Festival de<strong> Vi\u00f1a del Mar<\/strong>, el evento confirm\u00f3 que, pese a los reclamos, el cantante s\u00ed participar\u00e1.<\/p>\n\n\n\n<p>A trav\u00e9s de un comunicado emitido por la Direcci\u00f3n de Comunicaciones del Festival Vi\u00f1a del Mar, se dio a conocer que Hassan Emilio Kabande Laija s\u00ed participar\u00e1 ya que no incurrir\u00e1n en&nbsp;<strong>censura&nbsp;<\/strong>ni&nbsp;<strong>discriminaci\u00f3n<\/strong>, algo que s\u00ed har\u00edan si es que no permiten que sea parte de este evento.<\/p>\n\n\n\n<blockquote class=\"wp-block-quote is-layout-flow wp-block-quote-is-layout-flow\">\n<p>\u201cTras la pol\u00e9mica generada en referencia a la participaci\u00f3n de Peso Pluma en la pr\u00f3xima edici\u00f3n del certamen, la organizaci\u00f3n del Festival Internacional de Vi\u00f1a del Mar, afirma que no incurrir\u00e1 en ning\u00fan tipo de censura ni discriminaci\u00f3n\u201d<\/p>\n<\/blockquote>\n\n\n\n<p>Por tanto, Peso Pluma se presentar\u00e1 la \u00faltima noche del festival para cerrar con broche de oro, el <strong>1 de marzo <\/strong>como estaba programado.<\/p>\n\n\n\n<p>Asimismo, se puede leer en el comunicado que uno de los motivos por los que se decidi\u00f3 que en la 63ma edici\u00f3n del festival participe el int\u00e9rprete de<em>&nbsp;Ella Baila Sola&nbsp;<\/em>no se debe a \u00e9l, sino a la apertura a la&nbsp;<strong>diversidad&nbsp;<\/strong>musical que promueve Vi\u00f1a del Mar y c\u00f3mo todos los g\u00e9neros hablan de diferentes realidades sociales.<\/p>\n\n\n\n<p>\u201cEl Festival Latino m\u00e1s grande del mundo celebra la diversidad de todos los artistas que pisan este destacado escenario.&nbsp;<strong>La m\u00fasica es universal y describe diferentes realidades<\/strong>\u201d, explican.<\/p>\n\n\n\n<p>A lo largo de este mensaje resaltaron los logros de&nbsp;<em>La Doble P<\/em>, como los oyentes mensuales que ha alcanzado en plataformas digitales, que ha sido nominado como un&nbsp;<strong>\u201cfen\u00f3meno musical\u201d&nbsp;<\/strong>y que es considerado un \u201cl\u00edder joven\u201d seg\u00fan la revista&nbsp;<em>Forbes<\/em>.<\/p>\n\n\n\n<figure class=\"wp-block-image\"><img decoding=\"async\" src=\"https:\/\/www.infobae.com\/new-resizer\/OM6wEUEk4z2QPlKCD2dNjIExG3U=\/arc-anglerfish-arc2-prod-infobae\/public\/7TOCBU7FVNG3RBLX2DSHHHRCQM.jpg\" alt=\"Fue a trav\u00e9s de este comunicado que se confirm\u00f3 la presencia de Peso Pluma en el Festival de Vi\u00f1a del Mar (Instagram\/@elfestivaldevina)\"\/><\/figure>\n\n\n\n<p>Fue a trav\u00e9s de este comunicado que se confirm\u00f3 la presencia de Peso Pluma en el Festival de Vi\u00f1a del Mar (Instagram\/@elfestivaldevina)<\/p>\n\n\n\n<p>Para cerrar la misiva, la Direcci\u00f3n de Comunicaciones recalc\u00f3 la importancia que tienen los nuevos g\u00e9neros musicales y mencionaron su deseo de que, pese a esta pol\u00e9mica, el cierre del festival sea exitoso.<\/p>\n\n\n\n<blockquote class=\"wp-block-quote is-layout-flow wp-block-quote-is-layout-flow\">\n<p>\u201cVi\u00f1a del Mar tambi\u00e9n reconoce el fen\u00f3meno de los nuevos g\u00e9neros musicales y espera un exitoso cierre de seis noches donde la m\u00fasica y el talento de los diferentes artistas seguir\u00e1n siendo el pilar del Festival latino m\u00e1s grande del mundo\u201d<\/p>\n<\/blockquote>\n\n\n\n<h2 class=\"wp-block-heading\">\u00bfPor qu\u00e9 no quer\u00edan que Peso Pluma estuviera en Vi\u00f1a del Mar?<\/h2>\n\n\n\n<p>El esc\u00e1ndalo por la participaci\u00f3n de Peso Pluma en el Festival de Vi\u00f1a del Mar inici\u00f3 cuando se dieron a conocer qui\u00e9nes ser\u00edan los artistas participantes. Uno de los primeros en quejarse de la decisi\u00f3n de llevar al mexicano a este evento tan importante en Latinoam\u00e9rica fue Alberto Mayol.<\/p>\n\n\n\n<figure class=\"wp-block-image\"><img decoding=\"async\" src=\"https:\/\/www.infobae.com\/new-resizer\/j8aNC3WddW46M53r7RIjvPTv2lQ=\/arc-anglerfish-arc2-prod-infobae\/public\/OPUZEPAQ4BACRDXI5YC5MONEE4.jpg\" alt=\" (Instagram\/@elfestivaldevina)\"\/><\/figure>\n\n\n\n<p>(Instagram\/@elfestivaldevina)<\/p>\n\n\n\n<p>El soci\u00f3logo se\u00f1al\u00f3 en una columna que permitir esto era darle voz al&nbsp;<strong>narcotr\u00e1fico&nbsp;<\/strong>e incentivar la cultura de los grupos del crimen organizado.<\/p>\n\n\n\n<p>La constante apolog\u00eda al delito que hace Hassan a trav\u00e9s de sus canciones provoc\u00f3 que tambi\u00e9n la diputada&nbsp;<a rel=\"noreferrer noopener\" href=\"https:\/\/www.infobae.com\/mexico\/2024\/01\/11\/diputada-chilena-pide-cancelar-la-presentacion-de-peso-pluma-en-festival-vina-del-mar\/\" target=\"_blank\"><strong>Camila Flores Oporto<\/strong><\/a>&nbsp;de Renovaci\u00f3n Nacional (RN) pidiera a Televisi\u00f3n Nacional de Chile (<strong>TVN<\/strong>), la televisora que emite el festival, que se replanteara el concierto del cantante.<\/p>\n\n\n\n<p>La respuesta de Televisi\u00f3n Nacional fue de&nbsp;<strong>deslindarse&nbsp;<\/strong>de lo que acontece en este evento, pues, seg\u00fan explic\u00f3 la televisora,<strong>&nbsp;no tiene injerencia&nbsp;<\/strong>en la elecci\u00f3n de los artistas que participan en el Festival de Vi\u00f1a del Mar.<\/p>\n\n\n\n<figure class=\"wp-block-image\"><img decoding=\"async\" src=\"https:\/\/www.infobae.com\/new-resizer\/ncCEpcGD6dIkbbLsFdr_o62HJDw=\/arc-anglerfish-arc2-prod-infobae\/public\/TDBIC3BGPXL7E4SOWHXQVBDTHQ.jpg\" alt=\"Peso Pluma no hizo declaraciones respecto a esta pol\u00e9mica a pesar de que inclusive pol\u00edticos se posicionaron (Foto AP\/Rebecca Blackwell)\"\/><\/figure>\n\n\n\n<p>Peso Pluma no hizo declaraciones respecto a esta pol\u00e9mica a pesar de que inclusive pol\u00edticos se posicionaron (Foto AP\/Rebecca Blackwell)<\/p>\n\n\n\n<p>Quienes seleccionan los artistas que se subir\u00e1n al escenario de este evento son un comit\u00e9 que no trabaja bajo TVN, sino que se conforma de varias instituciones, \u201ces responsabilidad de una comisi\u00f3n integrada por la Municipalidad de Vi\u00f1a del Mar, Canal 13 y TVN\u201d, aclar\u00f3 la televisora en un comunicado.<\/p>\n\n\n\n<p>El Festival de Vi\u00f1a del Mar iniciar\u00e1 el 25 de febrero y seguir\u00e1 el programa que ya hab\u00eda anunciado para finalizar el 1 de marzo.<\/p>\n","protected":false},"excerpt":{"rendered":"<p>Luego de d\u00edas de pol\u00e9mica en Chile debido a que ped\u00edan que se cancelara la invitaci\u00f3n del cantante por hacer apolog\u00eda al narco, se confirm\u00f3 su asistencia Chile. Luego de la pol\u00e9mica que inici\u00f3 en Chile debido a que se anunci\u00f3 la participaci\u00f3n de Peso Pluma en la edici\u00f3n de este a\u00f1o del Festival de [&hellip;]<\/p>\n","protected":false},"author":41,"featured_media":70490,"comment_status":"open","ping_status":"open","sticky":false,"template":"","format":"standard","meta":{"tdm_status":"","tdm_grid_status":"","footnotes":""},"categories":[39],"tags":[],"class_list":{"0":"post-70491","1":"post","2":"type-post","3":"status-publish","4":"format-standard","5":"has-post-thumbnail","7":"category-noticias-nacionales"},"yoast_head":"<!-- This site is optimized with the Yoast SEO plugin v27.4 - https:\/\/yoast.com\/product\/yoast-seo-wordpress\/ -->\n<title>Peso Pluma s\u00ed participar\u00e1 en el Festival Vi\u00f1a del Mar 2024 - Fuentes Fidedignas<\/title>\n<meta name=\"robots\" content=\"index, follow, max-snippet:-1, max-image-preview:large, max-video-preview:-1\" \/>\n<link rel=\"canonical\" href=\"https:\/\/fuentesfidedignas.com.mx\/index.php\/2024\/01\/12\/peso-pluma-si-participara-en-el-festival-vina-del-mar-2024\/\" \/>\n<meta property=\"og:locale\" content=\"es_MX\" \/>\n<meta property=\"og:type\" content=\"article\" \/>\n<meta property=\"og:title\" content=\"Peso Pluma s\u00ed participar\u00e1 en el Festival Vi\u00f1a del Mar 2024 - Fuentes Fidedignas\" \/>\n<meta property=\"og:description\" content=\"Luego de d\u00edas de pol\u00e9mica en Chile debido a que ped\u00edan que se cancelara la invitaci\u00f3n del cantante por hacer apolog\u00eda al narco, se confirm\u00f3 su asistencia Chile. Luego de la pol\u00e9mica que inici\u00f3 en Chile debido a que se anunci\u00f3 la participaci\u00f3n de Peso Pluma en la edici\u00f3n de este a\u00f1o del Festival de [&hellip;]\" \/>\n<meta property=\"og:url\" content=\"https:\/\/fuentesfidedignas.com.mx\/index.php\/2024\/01\/12\/peso-pluma-si-participara-en-el-festival-vina-del-mar-2024\/\" \/>\n<meta property=\"og:site_name\" content=\"Fuentes Fidedignas\" \/>\n<meta property=\"article:publisher\" content=\"https:\/\/www.facebook.com\/Fuentes-Fidedignas-368234489921644\" \/>\n<meta property=\"article:published_time\" content=\"2024-01-12T17:38:35+00:00\" \/>\n<meta property=\"og:image\" content=\"https:\/\/fuentesfidedignas.com.mx\/wp-content\/uploads\/2024\/01\/img_7993-1.png\" \/>\n\t<meta property=\"og:image:width\" content=\"640\" \/>\n\t<meta property=\"og:image:height\" content=\"427\" \/>\n\t<meta property=\"og:image:type\" content=\"image\/png\" \/>\n<meta name=\"author\" content=\"Infobae\" \/>\n<meta name=\"twitter:card\" content=\"summary_large_image\" \/>\n<meta name=\"twitter:creator\" content=\"@fidedignas\" \/>\n<meta name=\"twitter:site\" content=\"@fidedignas\" \/>\n<meta name=\"twitter:label1\" content=\"Escrito por\" \/>\n\t<meta name=\"twitter:data1\" content=\"Infobae\" \/>\n\t<meta name=\"twitter:label2\" content=\"Tiempo de lectura\" \/>\n\t<meta name=\"twitter:data2\" content=\"4 minutos\" \/>\n<script type=\"application\/ld+json\" class=\"yoast-schema-graph\">{\"@context\":\"https:\\\/\\\/schema.org\",\"@graph\":[{\"@type\":\"Article\",\"@id\":\"https:\\\/\\\/fuentesfidedignas.com.mx\\\/index.php\\\/2024\\\/01\\\/12\\\/peso-pluma-si-participara-en-el-festival-vina-del-mar-2024\\\/#article\",\"isPartOf\":{\"@id\":\"https:\\\/\\\/fuentesfidedignas.com.mx\\\/index.php\\\/2024\\\/01\\\/12\\\/peso-pluma-si-participara-en-el-festival-vina-del-mar-2024\\\/\"},\"author\":{\"name\":\"Infobae\",\"@id\":\"https:\\\/\\\/fuentesfidedignas.com.mx\\\/#\\\/schema\\\/person\\\/8575896a7c1067d352f6c1cd6582c389\"},\"headline\":\"Peso Pluma s\u00ed participar\u00e1 en el Festival Vi\u00f1a del Mar 2024\",\"datePublished\":\"2024-01-12T17:38:35+00:00\",\"mainEntityOfPage\":{\"@id\":\"https:\\\/\\\/fuentesfidedignas.com.mx\\\/index.php\\\/2024\\\/01\\\/12\\\/peso-pluma-si-participara-en-el-festival-vina-del-mar-2024\\\/\"},\"wordCount\":775,\"commentCount\":0,\"publisher\":{\"@id\":\"https:\\\/\\\/fuentesfidedignas.com.mx\\\/#organization\"},\"image\":{\"@id\":\"https:\\\/\\\/fuentesfidedignas.com.mx\\\/index.php\\\/2024\\\/01\\\/12\\\/peso-pluma-si-participara-en-el-festival-vina-del-mar-2024\\\/#primaryimage\"},\"thumbnailUrl\":\"https:\\\/\\\/fuentesfidedignas.com.mx\\\/wp-content\\\/uploads\\\/2024\\\/01\\\/img_7993-1.png\",\"articleSection\":[\"NOTICIAS NACIONALES\"],\"inLanguage\":\"es\",\"potentialAction\":[{\"@type\":\"CommentAction\",\"name\":\"Comment\",\"target\":[\"https:\\\/\\\/fuentesfidedignas.com.mx\\\/index.php\\\/2024\\\/01\\\/12\\\/peso-pluma-si-participara-en-el-festival-vina-del-mar-2024\\\/#respond\"]}]},{\"@type\":\"WebPage\",\"@id\":\"https:\\\/\\\/fuentesfidedignas.com.mx\\\/index.php\\\/2024\\\/01\\\/12\\\/peso-pluma-si-participara-en-el-festival-vina-del-mar-2024\\\/\",\"url\":\"https:\\\/\\\/fuentesfidedignas.com.mx\\\/index.php\\\/2024\\\/01\\\/12\\\/peso-pluma-si-participara-en-el-festival-vina-del-mar-2024\\\/\",\"name\":\"Peso Pluma s\u00ed participar\u00e1 en el Festival Vi\u00f1a del Mar 2024 - Fuentes Fidedignas\",\"isPartOf\":{\"@id\":\"https:\\\/\\\/fuentesfidedignas.com.mx\\\/#website\"},\"primaryImageOfPage\":{\"@id\":\"https:\\\/\\\/fuentesfidedignas.com.mx\\\/index.php\\\/2024\\\/01\\\/12\\\/peso-pluma-si-participara-en-el-festival-vina-del-mar-2024\\\/#primaryimage\"},\"image\":{\"@id\":\"https:\\\/\\\/fuentesfidedignas.com.mx\\\/index.php\\\/2024\\\/01\\\/12\\\/peso-pluma-si-participara-en-el-festival-vina-del-mar-2024\\\/#primaryimage\"},\"thumbnailUrl\":\"https:\\\/\\\/fuentesfidedignas.com.mx\\\/wp-content\\\/uploads\\\/2024\\\/01\\\/img_7993-1.png\",\"datePublished\":\"2024-01-12T17:38:35+00:00\",\"breadcrumb\":{\"@id\":\"https:\\\/\\\/fuentesfidedignas.com.mx\\\/index.php\\\/2024\\\/01\\\/12\\\/peso-pluma-si-participara-en-el-festival-vina-del-mar-2024\\\/#breadcrumb\"},\"inLanguage\":\"es\",\"potentialAction\":[{\"@type\":\"ReadAction\",\"target\":[\"https:\\\/\\\/fuentesfidedignas.com.mx\\\/index.php\\\/2024\\\/01\\\/12\\\/peso-pluma-si-participara-en-el-festival-vina-del-mar-2024\\\/\"]}]},{\"@type\":\"ImageObject\",\"inLanguage\":\"es\",\"@id\":\"https:\\\/\\\/fuentesfidedignas.com.mx\\\/index.php\\\/2024\\\/01\\\/12\\\/peso-pluma-si-participara-en-el-festival-vina-del-mar-2024\\\/#primaryimage\",\"url\":\"https:\\\/\\\/fuentesfidedignas.com.mx\\\/wp-content\\\/uploads\\\/2024\\\/01\\\/img_7993-1.png\",\"contentUrl\":\"https:\\\/\\\/fuentesfidedignas.com.mx\\\/wp-content\\\/uploads\\\/2024\\\/01\\\/img_7993-1.png\",\"width\":640,\"height\":427},{\"@type\":\"BreadcrumbList\",\"@id\":\"https:\\\/\\\/fuentesfidedignas.com.mx\\\/index.php\\\/2024\\\/01\\\/12\\\/peso-pluma-si-participara-en-el-festival-vina-del-mar-2024\\\/#breadcrumb\",\"itemListElement\":[{\"@type\":\"ListItem\",\"position\":1,\"name\":\"Inicio\",\"item\":\"https:\\\/\\\/fuentesfidedignas.com.mx\\\/\"},{\"@type\":\"ListItem\",\"position\":2,\"name\":\"Peso Pluma s\u00ed participar\u00e1 en el Festival Vi\u00f1a del Mar 2024\"}]},{\"@type\":\"WebSite\",\"@id\":\"https:\\\/\\\/fuentesfidedignas.com.mx\\\/#website\",\"url\":\"https:\\\/\\\/fuentesfidedignas.com.mx\\\/\",\"name\":\"Fuentes Fidedignas\",\"description\":\"Otro sitio realizado con WordPress\",\"publisher\":{\"@id\":\"https:\\\/\\\/fuentesfidedignas.com.mx\\\/#organization\"},\"potentialAction\":[{\"@type\":\"SearchAction\",\"target\":{\"@type\":\"EntryPoint\",\"urlTemplate\":\"https:\\\/\\\/fuentesfidedignas.com.mx\\\/?s={search_term_string}\"},\"query-input\":{\"@type\":\"PropertyValueSpecification\",\"valueRequired\":true,\"valueName\":\"search_term_string\"}}],\"inLanguage\":\"es\"},{\"@type\":\"Organization\",\"@id\":\"https:\\\/\\\/fuentesfidedignas.com.mx\\\/#organization\",\"name\":\"Fuentes Fidedignas\",\"url\":\"https:\\\/\\\/fuentesfidedignas.com.mx\\\/\",\"logo\":{\"@type\":\"ImageObject\",\"inLanguage\":\"es\",\"@id\":\"https:\\\/\\\/fuentesfidedignas.com.mx\\\/#\\\/schema\\\/logo\\\/image\\\/\",\"url\":\"https:\\\/\\\/fuentesfidedignas.com.mx\\\/wp-content\\\/uploads\\\/2021\\\/04\\\/logo-retina.png\",\"contentUrl\":\"https:\\\/\\\/fuentesfidedignas.com.mx\\\/wp-content\\\/uploads\\\/2021\\\/04\\\/logo-retina.png\",\"width\":280,\"height\":51,\"caption\":\"Fuentes Fidedignas\"},\"image\":{\"@id\":\"https:\\\/\\\/fuentesfidedignas.com.mx\\\/#\\\/schema\\\/logo\\\/image\\\/\"},\"sameAs\":[\"https:\\\/\\\/www.facebook.com\\\/Fuentes-Fidedignas-368234489921644\",\"https:\\\/\\\/x.com\\\/fidedignas\"]},{\"@type\":\"Person\",\"@id\":\"https:\\\/\\\/fuentesfidedignas.com.mx\\\/#\\\/schema\\\/person\\\/8575896a7c1067d352f6c1cd6582c389\",\"name\":\"Infobae\",\"image\":{\"@type\":\"ImageObject\",\"inLanguage\":\"es\",\"@id\":\"https:\\\/\\\/secure.gravatar.com\\\/avatar\\\/e4ec95706f8d1670343f6526fdcec45474bab17475a851434a64ca12b5acba1c?s=96&d=mm&r=g\",\"url\":\"https:\\\/\\\/secure.gravatar.com\\\/avatar\\\/e4ec95706f8d1670343f6526fdcec45474bab17475a851434a64ca12b5acba1c?s=96&d=mm&r=g\",\"contentUrl\":\"https:\\\/\\\/secure.gravatar.com\\\/avatar\\\/e4ec95706f8d1670343f6526fdcec45474bab17475a851434a64ca12b5acba1c?s=96&d=mm&r=g\",\"caption\":\"Infobae\"},\"url\":\"https:\\\/\\\/fuentesfidedignas.com.mx\\\/index.php\\\/author\\\/infobae\\\/\"}]}<\/script>\n<!-- \/ Yoast SEO plugin. -->","yoast_head_json":{"title":"Peso Pluma s\u00ed participar\u00e1 en el Festival Vi\u00f1a del Mar 2024 - Fuentes Fidedignas","robots":{"index":"index","follow":"follow","max-snippet":"max-snippet:-1","max-image-preview":"max-image-preview:large","max-video-preview":"max-video-preview:-1"},"canonical":"https:\/\/fuentesfidedignas.com.mx\/index.php\/2024\/01\/12\/peso-pluma-si-participara-en-el-festival-vina-del-mar-2024\/","og_locale":"es_MX","og_type":"article","og_title":"Peso Pluma s\u00ed participar\u00e1 en el Festival Vi\u00f1a del Mar 2024 - Fuentes Fidedignas","og_description":"Luego de d\u00edas de pol\u00e9mica en Chile debido a que ped\u00edan que se cancelara la invitaci\u00f3n del cantante por hacer apolog\u00eda al narco, se confirm\u00f3 su asistencia Chile. Luego de la pol\u00e9mica que inici\u00f3 en Chile debido a que se anunci\u00f3 la participaci\u00f3n de Peso Pluma en la edici\u00f3n de este a\u00f1o del Festival de [&hellip;]","og_url":"https:\/\/fuentesfidedignas.com.mx\/index.php\/2024\/01\/12\/peso-pluma-si-participara-en-el-festival-vina-del-mar-2024\/","og_site_name":"Fuentes Fidedignas","article_publisher":"https:\/\/www.facebook.com\/Fuentes-Fidedignas-368234489921644","article_published_time":"2024-01-12T17:38:35+00:00","og_image":[{"width":640,"height":427,"url":"https:\/\/fuentesfidedignas.com.mx\/wp-content\/uploads\/2024\/01\/img_7993-1.png","type":"image\/png"}],"author":"Infobae","twitter_card":"summary_large_image","twitter_creator":"@fidedignas","twitter_site":"@fidedignas","twitter_misc":{"Escrito por":"Infobae","Tiempo de lectura":"4 minutos"},"schema":{"@context":"https:\/\/schema.org","@graph":[{"@type":"Article","@id":"https:\/\/fuentesfidedignas.com.mx\/index.php\/2024\/01\/12\/peso-pluma-si-participara-en-el-festival-vina-del-mar-2024\/#article","isPartOf":{"@id":"https:\/\/fuentesfidedignas.com.mx\/index.php\/2024\/01\/12\/peso-pluma-si-participara-en-el-festival-vina-del-mar-2024\/"},"author":{"name":"Infobae","@id":"https:\/\/fuentesfidedignas.com.mx\/#\/schema\/person\/8575896a7c1067d352f6c1cd6582c389"},"headline":"Peso Pluma s\u00ed participar\u00e1 en el Festival Vi\u00f1a del Mar 2024","datePublished":"2024-01-12T17:38:35+00:00","mainEntityOfPage":{"@id":"https:\/\/fuentesfidedignas.com.mx\/index.php\/2024\/01\/12\/peso-pluma-si-participara-en-el-festival-vina-del-mar-2024\/"},"wordCount":775,"commentCount":0,"publisher":{"@id":"https:\/\/fuentesfidedignas.com.mx\/#organization"},"image":{"@id":"https:\/\/fuentesfidedignas.com.mx\/index.php\/2024\/01\/12\/peso-pluma-si-participara-en-el-festival-vina-del-mar-2024\/#primaryimage"},"thumbnailUrl":"https:\/\/fuentesfidedignas.com.mx\/wp-content\/uploads\/2024\/01\/img_7993-1.png","articleSection":["NOTICIAS NACIONALES"],"inLanguage":"es","potentialAction":[{"@type":"CommentAction","name":"Comment","target":["https:\/\/fuentesfidedignas.com.mx\/index.php\/2024\/01\/12\/peso-pluma-si-participara-en-el-festival-vina-del-mar-2024\/#respond"]}]},{"@type":"WebPage","@id":"https:\/\/fuentesfidedignas.com.mx\/index.php\/2024\/01\/12\/peso-pluma-si-participara-en-el-festival-vina-del-mar-2024\/","url":"https:\/\/fuentesfidedignas.com.mx\/index.php\/2024\/01\/12\/peso-pluma-si-participara-en-el-festival-vina-del-mar-2024\/","name":"Peso Pluma s\u00ed participar\u00e1 en el Festival Vi\u00f1a del Mar 2024 - Fuentes Fidedignas","isPartOf":{"@id":"https:\/\/fuentesfidedignas.com.mx\/#website"},"primaryImageOfPage":{"@id":"https:\/\/fuentesfidedignas.com.mx\/index.php\/2024\/01\/12\/peso-pluma-si-participara-en-el-festival-vina-del-mar-2024\/#primaryimage"},"image":{"@id":"https:\/\/fuentesfidedignas.com.mx\/index.php\/2024\/01\/12\/peso-pluma-si-participara-en-el-festival-vina-del-mar-2024\/#primaryimage"},"thumbnailUrl":"https:\/\/fuentesfidedignas.com.mx\/wp-content\/uploads\/2024\/01\/img_7993-1.png","datePublished":"2024-01-12T17:38:35+00:00","breadcrumb":{"@id":"https:\/\/fuentesfidedignas.com.mx\/index.php\/2024\/01\/12\/peso-pluma-si-participara-en-el-festival-vina-del-mar-2024\/#breadcrumb"},"inLanguage":"es","potentialAction":[{"@type":"ReadAction","target":["https:\/\/fuentesfidedignas.com.mx\/index.php\/2024\/01\/12\/peso-pluma-si-participara-en-el-festival-vina-del-mar-2024\/"]}]},{"@type":"ImageObject","inLanguage":"es","@id":"https:\/\/fuentesfidedignas.com.mx\/index.php\/2024\/01\/12\/peso-pluma-si-participara-en-el-festival-vina-del-mar-2024\/#primaryimage","url":"https:\/\/fuentesfidedignas.com.mx\/wp-content\/uploads\/2024\/01\/img_7993-1.png","contentUrl":"https:\/\/fuentesfidedignas.com.mx\/wp-content\/uploads\/2024\/01\/img_7993-1.png","width":640,"height":427},{"@type":"BreadcrumbList","@id":"https:\/\/fuentesfidedignas.com.mx\/index.php\/2024\/01\/12\/peso-pluma-si-participara-en-el-festival-vina-del-mar-2024\/#breadcrumb","itemListElement":[{"@type":"ListItem","position":1,"name":"Inicio","item":"https:\/\/fuentesfidedignas.com.mx\/"},{"@type":"ListItem","position":2,"name":"Peso Pluma s\u00ed participar\u00e1 en el Festival Vi\u00f1a del Mar 2024"}]},{"@type":"WebSite","@id":"https:\/\/fuentesfidedignas.com.mx\/#website","url":"https:\/\/fuentesfidedignas.com.mx\/","name":"Fuentes Fidedignas","description":"Otro sitio realizado con WordPress","publisher":{"@id":"https:\/\/fuentesfidedignas.com.mx\/#organization"},"potentialAction":[{"@type":"SearchAction","target":{"@type":"EntryPoint","urlTemplate":"https:\/\/fuentesfidedignas.com.mx\/?s={search_term_string}"},"query-input":{"@type":"PropertyValueSpecification","valueRequired":true,"valueName":"search_term_string"}}],"inLanguage":"es"},{"@type":"Organization","@id":"https:\/\/fuentesfidedignas.com.mx\/#organization","name":"Fuentes Fidedignas","url":"https:\/\/fuentesfidedignas.com.mx\/","logo":{"@type":"ImageObject","inLanguage":"es","@id":"https:\/\/fuentesfidedignas.com.mx\/#\/schema\/logo\/image\/","url":"https:\/\/fuentesfidedignas.com.mx\/wp-content\/uploads\/2021\/04\/logo-retina.png","contentUrl":"https:\/\/fuentesfidedignas.com.mx\/wp-content\/uploads\/2021\/04\/logo-retina.png","width":280,"height":51,"caption":"Fuentes Fidedignas"},"image":{"@id":"https:\/\/fuentesfidedignas.com.mx\/#\/schema\/logo\/image\/"},"sameAs":["https:\/\/www.facebook.com\/Fuentes-Fidedignas-368234489921644","https:\/\/x.com\/fidedignas"]},{"@type":"Person","@id":"https:\/\/fuentesfidedignas.com.mx\/#\/schema\/person\/8575896a7c1067d352f6c1cd6582c389","name":"Infobae","image":{"@type":"ImageObject","inLanguage":"es","@id":"https:\/\/secure.gravatar.com\/avatar\/e4ec95706f8d1670343f6526fdcec45474bab17475a851434a64ca12b5acba1c?s=96&d=mm&r=g","url":"https:\/\/secure.gravatar.com\/avatar\/e4ec95706f8d1670343f6526fdcec45474bab17475a851434a64ca12b5acba1c?s=96&d=mm&r=g","contentUrl":"https:\/\/secure.gravatar.com\/avatar\/e4ec95706f8d1670343f6526fdcec45474bab17475a851434a64ca12b5acba1c?s=96&d=mm&r=g","caption":"Infobae"},"url":"https:\/\/fuentesfidedignas.com.mx\/index.php\/author\/infobae\/"}]}},"_links":{"self":[{"href":"https:\/\/fuentesfidedignas.com.mx\/index.php\/wp-json\/wp\/v2\/posts\/70491","targetHints":{"allow":["GET"]}}],"collection":[{"href":"https:\/\/fuentesfidedignas.com.mx\/index.php\/wp-json\/wp\/v2\/posts"}],"about":[{"href":"https:\/\/fuentesfidedignas.com.mx\/index.php\/wp-json\/wp\/v2\/types\/post"}],"author":[{"embeddable":true,"href":"https:\/\/fuentesfidedignas.com.mx\/index.php\/wp-json\/wp\/v2\/users\/41"}],"replies":[{"embeddable":true,"href":"https:\/\/fuentesfidedignas.com.mx\/index.php\/wp-json\/wp\/v2\/comments?post=70491"}],"version-history":[{"count":1,"href":"https:\/\/fuentesfidedignas.com.mx\/index.php\/wp-json\/wp\/v2\/posts\/70491\/revisions"}],"predecessor-version":[{"id":70492,"href":"https:\/\/fuentesfidedignas.com.mx\/index.php\/wp-json\/wp\/v2\/posts\/70491\/revisions\/70492"}],"wp:featuredmedia":[{"embeddable":true,"href":"https:\/\/fuentesfidedignas.com.mx\/index.php\/wp-json\/wp\/v2\/media\/70490"}],"wp:attachment":[{"href":"https:\/\/fuentesfidedignas.com.mx\/index.php\/wp-json\/wp\/v2\/media?parent=70491"}],"wp:term":[{"taxonomy":"category","embeddable":true,"href":"https:\/\/fuentesfidedignas.com.mx\/index.php\/wp-json\/wp\/v2\/categories?post=70491"},{"taxonomy":"post_tag","embeddable":true,"href":"https:\/\/fuentesfidedignas.com.mx\/index.php\/wp-json\/wp\/v2\/tags?post=70491"}],"curies":[{"name":"wp","href":"https:\/\/api.w.org\/{rel}","templated":true}]}}