{"id":70481,"date":"2024-01-12T09:22:19","date_gmt":"2024-01-12T16:22:19","guid":{"rendered":"https:\/\/fuentesfidedignas.com.mx\/?p=70481"},"modified":"2024-01-12T09:24:42","modified_gmt":"2024-01-12T16:24:42","slug":"ciro-gomez-leyva-revela-nuevos-videos-sobre-el-atentado-en-su-contra","status":"publish","type":"post","link":"https:\/\/fuentesfidedignas.com.mx\/index.php\/2024\/01\/12\/ciro-gomez-leyva-revela-nuevos-videos-sobre-el-atentado-en-su-contra\/","title":{"rendered":"Ciro G\u00f3mez Leyva revela nuevos videos sobre el atentado en su contra"},"content":{"rendered":"\n<p><br><strong><em>Ciro G\u00f3mez Leyva mostr\u00f3 grabaciones del momento de la agresi\u00f3n armada, perpetrada en calles de la Ciudad de M\u00e9xico, a tan s\u00f3lo unos metros de su domicilio<\/em><\/strong><\/p>\n\n\n\n<p>Ciudad de M\u00e9xico.- El periodista Ciro G\u00f3mez Leyva revel\u00f3, este jueves por la noche, nuevas im\u00e1genes relacionadas con el atentado que sufri\u00f3 en diciembre de 2022.<\/p>\n\n\n\n<p>En su noticiero nocturno, el comunicador mostr\u00f3 grabaciones del momento de la agresi\u00f3n armada, perpetrada en calles de la Ciudad de M\u00e9xico, a tan s\u00f3lo unos metros de su domicilio.<\/p>\n\n\n\n<figure class=\"wp-block-embed is-type-rich is-provider-twitter wp-block-embed-twitter\"><div class=\"wp-block-embed__wrapper\">\n<blockquote class=\"twitter-tweet\" data-width=\"550\" data-dnt=\"true\"><p lang=\"es\" dir=\"ltr\">Se cumple un a\u00f1o de la detenci\u00f3n de 11 supuestos integrantes del grupo que quiso matarme en diciembre de 2022. Lo que tenemos ahora es acceso al expediente y estas im\u00e1genes que muestran un nuevo \u00e1ngulo de la forma en que me alcanza la motocicleta: <a href=\"https:\/\/t.co\/KEhlnWk5Az\">pic.twitter.com\/KEhlnWk5Az<\/a><\/p>&mdash; Ciro G\u00f3mez Leyva (@CiroGomezL) <a href=\"https:\/\/twitter.com\/CiroGomezL\/status\/1745666956596842592?ref_src=twsrc%5Etfw\">January 12, 2024<\/a><\/blockquote><script async src=\"https:\/\/platform.twitter.com\/widgets.js\" charset=\"utf-8\"><\/script>\n<\/div><\/figure>\n\n\n\n<p>G\u00f3mez Leyva tambi\u00e9n mostr\u00f3 un video con audio en el que aparecen los presuntos autores materiales de la agresi\u00f3n, entre ellos un supuesto l\u00edder criminal identificado como&nbsp;<strong>Pedro Pool<\/strong>&nbsp;\u2018N\u2019, donde habla de \u2018<strong>El Patr\u00f3n<\/strong>\u2018, presunto coordinador del atentado.<\/p>\n\n\n\n<blockquote class=\"wp-block-quote is-layout-flow wp-block-quote-is-layout-flow\">\n<p>El Patr\u00f3n es al que se lo lleva la verga, ahorita va a decir: \u2018no, \u00bfc\u00f3mo puede ser posible?\u2019. Hermano, el tiro est\u00e1 hecho, no nos puede decir\u2026 Se va a cambiar hasta de casa\u201d, declar\u00f3 en su conversaci\u00f3n.<\/p>\n<\/blockquote>\n\n\n\n<figure class=\"wp-block-embed is-type-rich is-provider-twitter wp-block-embed-twitter\"><div class=\"wp-block-embed__wrapper\">\n<blockquote class=\"twitter-tweet\" data-width=\"550\" data-dnt=\"true\"><p lang=\"es\" dir=\"ltr\">\u201cEl patr\u00f3n es al que se lo lleva la verga\u201d, esta fue la conversaci\u00f3n que tuvieron tres personas que supuestamente participaron en el atentado en mi contra en diciembre de 2022. Los tres fueron grabados por c\u00e1maras de seguridad de un elevador, 33 minutos despu\u00e9s del ataque. <a href=\"https:\/\/t.co\/vgQg1iXVtU\">pic.twitter.com\/vgQg1iXVtU<\/a><\/p>&mdash; Ciro G\u00f3mez Leyva (@CiroGomezL) <a href=\"https:\/\/twitter.com\/CiroGomezL\/status\/1745670769332322608?ref_src=twsrc%5Etfw\">January 12, 2024<\/a><\/blockquote><script async src=\"https:\/\/platform.twitter.com\/widgets.js\" charset=\"utf-8\"><\/script>\n<\/div><\/figure>\n\n\n\n<p>El periodista <strong>Ciro G\u00f3mez Leyva<\/strong> se\u00f1al\u00f3 que a un a\u00f1o de la detenci\u00f3n de 11 supuestos integrantes del grupo criminal que intent\u00f3 asesinarlo, se desconoce a\u00fan el motivo del atentado contra su vida.<\/p>\n","protected":false},"excerpt":{"rendered":"<p>Ciro G\u00f3mez Leyva mostr\u00f3 grabaciones del momento de la agresi\u00f3n armada, perpetrada en calles de la Ciudad de M\u00e9xico, a tan s\u00f3lo unos metros de su domicilio Ciudad de M\u00e9xico.- El periodista Ciro G\u00f3mez Leyva revel\u00f3, este jueves por la noche, nuevas im\u00e1genes relacionadas con el atentado que sufri\u00f3 en diciembre de 2022. En su [&hellip;]<\/p>\n","protected":false},"author":47,"featured_media":70480,"comment_status":"open","ping_status":"open","sticky":false,"template":"","format":"standard","meta":{"tdm_status":"","tdm_grid_status":"","footnotes":""},"categories":[39,1],"tags":[],"class_list":{"0":"post-70481","1":"post","2":"type-post","3":"status-publish","4":"format-standard","5":"has-post-thumbnail","7":"category-noticias-nacionales","8":"category-sin-categoria"},"yoast_head":"<!-- This site is optimized with the Yoast SEO plugin v27.5 - https:\/\/yoast.com\/product\/yoast-seo-wordpress\/ -->\n<title>Ciro G\u00f3mez Leyva revela nuevos videos sobre el atentado en su contra - Fuentes Fidedignas<\/title>\n<meta name=\"robots\" content=\"index, follow, max-snippet:-1, max-image-preview:large, max-video-preview:-1\" \/>\n<link rel=\"canonical\" href=\"https:\/\/fuentesfidedignas.com.mx\/index.php\/2024\/01\/12\/ciro-gomez-leyva-revela-nuevos-videos-sobre-el-atentado-en-su-contra\/\" \/>\n<meta property=\"og:locale\" content=\"es_MX\" \/>\n<meta property=\"og:type\" content=\"article\" \/>\n<meta property=\"og:title\" content=\"Ciro G\u00f3mez Leyva revela nuevos videos sobre el atentado en su contra - Fuentes Fidedignas\" \/>\n<meta property=\"og:description\" content=\"Ciro G\u00f3mez Leyva mostr\u00f3 grabaciones del momento de la agresi\u00f3n armada, perpetrada en calles de la Ciudad de M\u00e9xico, a tan s\u00f3lo unos metros de su domicilio Ciudad de M\u00e9xico.- El periodista Ciro G\u00f3mez Leyva revel\u00f3, este jueves por la noche, nuevas im\u00e1genes relacionadas con el atentado que sufri\u00f3 en diciembre de 2022. En su [&hellip;]\" \/>\n<meta property=\"og:url\" content=\"https:\/\/fuentesfidedignas.com.mx\/index.php\/2024\/01\/12\/ciro-gomez-leyva-revela-nuevos-videos-sobre-el-atentado-en-su-contra\/\" \/>\n<meta property=\"og:site_name\" content=\"Fuentes Fidedignas\" \/>\n<meta property=\"article:publisher\" content=\"https:\/\/www.facebook.com\/Fuentes-Fidedignas-368234489921644\" \/>\n<meta property=\"article:published_time\" content=\"2024-01-12T16:22:19+00:00\" \/>\n<meta property=\"article:modified_time\" content=\"2024-01-12T16:24:42+00:00\" \/>\n<meta property=\"og:image\" content=\"https:\/\/fuentesfidedignas.com.mx\/wp-content\/uploads\/2024\/01\/img_7989-1.jpg\" \/>\n\t<meta property=\"og:image:width\" content=\"1200\" \/>\n\t<meta property=\"og:image:height\" content=\"675\" \/>\n\t<meta property=\"og:image:type\" content=\"image\/jpeg\" \/>\n<meta name=\"author\" content=\"L\u00f3pez D\u00f3riga\" \/>\n<meta name=\"twitter:card\" content=\"summary_large_image\" \/>\n<meta name=\"twitter:creator\" content=\"@fidedignas\" \/>\n<meta name=\"twitter:site\" content=\"@fidedignas\" \/>\n<meta name=\"twitter:label1\" content=\"Escrito por\" \/>\n\t<meta name=\"twitter:data1\" content=\"L\u00f3pez D\u00f3riga\" \/>\n\t<meta name=\"twitter:label2\" content=\"Tiempo de lectura\" \/>\n\t<meta name=\"twitter:data2\" content=\"1 minuto\" \/>\n<script type=\"application\/ld+json\" class=\"yoast-schema-graph\">{\"@context\":\"https:\\\/\\\/schema.org\",\"@graph\":[{\"@type\":\"Article\",\"@id\":\"https:\\\/\\\/fuentesfidedignas.com.mx\\\/index.php\\\/2024\\\/01\\\/12\\\/ciro-gomez-leyva-revela-nuevos-videos-sobre-el-atentado-en-su-contra\\\/#article\",\"isPartOf\":{\"@id\":\"https:\\\/\\\/fuentesfidedignas.com.mx\\\/index.php\\\/2024\\\/01\\\/12\\\/ciro-gomez-leyva-revela-nuevos-videos-sobre-el-atentado-en-su-contra\\\/\"},\"author\":{\"name\":\"L\u00f3pez D\u00f3riga\",\"@id\":\"https:\\\/\\\/fuentesfidedignas.com.mx\\\/#\\\/schema\\\/person\\\/67d852f0557c8509146a4b9ddebd543a\"},\"headline\":\"Ciro G\u00f3mez Leyva revela nuevos videos sobre el atentado en su contra\",\"datePublished\":\"2024-01-12T16:22:19+00:00\",\"dateModified\":\"2024-01-12T16:24:42+00:00\",\"mainEntityOfPage\":{\"@id\":\"https:\\\/\\\/fuentesfidedignas.com.mx\\\/index.php\\\/2024\\\/01\\\/12\\\/ciro-gomez-leyva-revela-nuevos-videos-sobre-el-atentado-en-su-contra\\\/\"},\"wordCount\":243,\"commentCount\":0,\"publisher\":{\"@id\":\"https:\\\/\\\/fuentesfidedignas.com.mx\\\/#organization\"},\"image\":{\"@id\":\"https:\\\/\\\/fuentesfidedignas.com.mx\\\/index.php\\\/2024\\\/01\\\/12\\\/ciro-gomez-leyva-revela-nuevos-videos-sobre-el-atentado-en-su-contra\\\/#primaryimage\"},\"thumbnailUrl\":\"https:\\\/\\\/fuentesfidedignas.com.mx\\\/wp-content\\\/uploads\\\/2024\\\/01\\\/img_7989-1.jpg\",\"articleSection\":[\"NOTICIAS NACIONALES\"],\"inLanguage\":\"es\",\"potentialAction\":[{\"@type\":\"CommentAction\",\"name\":\"Comment\",\"target\":[\"https:\\\/\\\/fuentesfidedignas.com.mx\\\/index.php\\\/2024\\\/01\\\/12\\\/ciro-gomez-leyva-revela-nuevos-videos-sobre-el-atentado-en-su-contra\\\/#respond\"]}]},{\"@type\":\"WebPage\",\"@id\":\"https:\\\/\\\/fuentesfidedignas.com.mx\\\/index.php\\\/2024\\\/01\\\/12\\\/ciro-gomez-leyva-revela-nuevos-videos-sobre-el-atentado-en-su-contra\\\/\",\"url\":\"https:\\\/\\\/fuentesfidedignas.com.mx\\\/index.php\\\/2024\\\/01\\\/12\\\/ciro-gomez-leyva-revela-nuevos-videos-sobre-el-atentado-en-su-contra\\\/\",\"name\":\"Ciro G\u00f3mez Leyva revela nuevos videos sobre el atentado en su contra - Fuentes Fidedignas\",\"isPartOf\":{\"@id\":\"https:\\\/\\\/fuentesfidedignas.com.mx\\\/#website\"},\"primaryImageOfPage\":{\"@id\":\"https:\\\/\\\/fuentesfidedignas.com.mx\\\/index.php\\\/2024\\\/01\\\/12\\\/ciro-gomez-leyva-revela-nuevos-videos-sobre-el-atentado-en-su-contra\\\/#primaryimage\"},\"image\":{\"@id\":\"https:\\\/\\\/fuentesfidedignas.com.mx\\\/index.php\\\/2024\\\/01\\\/12\\\/ciro-gomez-leyva-revela-nuevos-videos-sobre-el-atentado-en-su-contra\\\/#primaryimage\"},\"thumbnailUrl\":\"https:\\\/\\\/fuentesfidedignas.com.mx\\\/wp-content\\\/uploads\\\/2024\\\/01\\\/img_7989-1.jpg\",\"datePublished\":\"2024-01-12T16:22:19+00:00\",\"dateModified\":\"2024-01-12T16:24:42+00:00\",\"breadcrumb\":{\"@id\":\"https:\\\/\\\/fuentesfidedignas.com.mx\\\/index.php\\\/2024\\\/01\\\/12\\\/ciro-gomez-leyva-revela-nuevos-videos-sobre-el-atentado-en-su-contra\\\/#breadcrumb\"},\"inLanguage\":\"es\",\"potentialAction\":[{\"@type\":\"ReadAction\",\"target\":[\"https:\\\/\\\/fuentesfidedignas.com.mx\\\/index.php\\\/2024\\\/01\\\/12\\\/ciro-gomez-leyva-revela-nuevos-videos-sobre-el-atentado-en-su-contra\\\/\"]}]},{\"@type\":\"ImageObject\",\"inLanguage\":\"es\",\"@id\":\"https:\\\/\\\/fuentesfidedignas.com.mx\\\/index.php\\\/2024\\\/01\\\/12\\\/ciro-gomez-leyva-revela-nuevos-videos-sobre-el-atentado-en-su-contra\\\/#primaryimage\",\"url\":\"https:\\\/\\\/fuentesfidedignas.com.mx\\\/wp-content\\\/uploads\\\/2024\\\/01\\\/img_7989-1.jpg\",\"contentUrl\":\"https:\\\/\\\/fuentesfidedignas.com.mx\\\/wp-content\\\/uploads\\\/2024\\\/01\\\/img_7989-1.jpg\",\"width\":1200,\"height\":675},{\"@type\":\"BreadcrumbList\",\"@id\":\"https:\\\/\\\/fuentesfidedignas.com.mx\\\/index.php\\\/2024\\\/01\\\/12\\\/ciro-gomez-leyva-revela-nuevos-videos-sobre-el-atentado-en-su-contra\\\/#breadcrumb\",\"itemListElement\":[{\"@type\":\"ListItem\",\"position\":1,\"name\":\"Inicio\",\"item\":\"https:\\\/\\\/fuentesfidedignas.com.mx\\\/\"},{\"@type\":\"ListItem\",\"position\":2,\"name\":\"Ciro G\u00f3mez Leyva revela nuevos videos sobre el atentado en su contra\"}]},{\"@type\":\"WebSite\",\"@id\":\"https:\\\/\\\/fuentesfidedignas.com.mx\\\/#website\",\"url\":\"https:\\\/\\\/fuentesfidedignas.com.mx\\\/\",\"name\":\"Fuentes Fidedignas\",\"description\":\"Otro sitio realizado con WordPress\",\"publisher\":{\"@id\":\"https:\\\/\\\/fuentesfidedignas.com.mx\\\/#organization\"},\"potentialAction\":[{\"@type\":\"SearchAction\",\"target\":{\"@type\":\"EntryPoint\",\"urlTemplate\":\"https:\\\/\\\/fuentesfidedignas.com.mx\\\/?s={search_term_string}\"},\"query-input\":{\"@type\":\"PropertyValueSpecification\",\"valueRequired\":true,\"valueName\":\"search_term_string\"}}],\"inLanguage\":\"es\"},{\"@type\":\"Organization\",\"@id\":\"https:\\\/\\\/fuentesfidedignas.com.mx\\\/#organization\",\"name\":\"Fuentes Fidedignas\",\"url\":\"https:\\\/\\\/fuentesfidedignas.com.mx\\\/\",\"logo\":{\"@type\":\"ImageObject\",\"inLanguage\":\"es\",\"@id\":\"https:\\\/\\\/fuentesfidedignas.com.mx\\\/#\\\/schema\\\/logo\\\/image\\\/\",\"url\":\"https:\\\/\\\/fuentesfidedignas.com.mx\\\/wp-content\\\/uploads\\\/2021\\\/04\\\/logo-retina.png\",\"contentUrl\":\"https:\\\/\\\/fuentesfidedignas.com.mx\\\/wp-content\\\/uploads\\\/2021\\\/04\\\/logo-retina.png\",\"width\":280,\"height\":51,\"caption\":\"Fuentes Fidedignas\"},\"image\":{\"@id\":\"https:\\\/\\\/fuentesfidedignas.com.mx\\\/#\\\/schema\\\/logo\\\/image\\\/\"},\"sameAs\":[\"https:\\\/\\\/www.facebook.com\\\/Fuentes-Fidedignas-368234489921644\",\"https:\\\/\\\/x.com\\\/fidedignas\"]},{\"@type\":\"Person\",\"@id\":\"https:\\\/\\\/fuentesfidedignas.com.mx\\\/#\\\/schema\\\/person\\\/67d852f0557c8509146a4b9ddebd543a\",\"name\":\"L\u00f3pez D\u00f3riga\",\"image\":{\"@type\":\"ImageObject\",\"inLanguage\":\"es\",\"@id\":\"https:\\\/\\\/secure.gravatar.com\\\/avatar\\\/e525b06574ca18b33cded59dfe5778d6c823b9513154eff47da551b0551bdd1e?s=96&d=mm&r=g\",\"url\":\"https:\\\/\\\/secure.gravatar.com\\\/avatar\\\/e525b06574ca18b33cded59dfe5778d6c823b9513154eff47da551b0551bdd1e?s=96&d=mm&r=g\",\"contentUrl\":\"https:\\\/\\\/secure.gravatar.com\\\/avatar\\\/e525b06574ca18b33cded59dfe5778d6c823b9513154eff47da551b0551bdd1e?s=96&d=mm&r=g\",\"caption\":\"L\u00f3pez D\u00f3riga\"},\"url\":\"https:\\\/\\\/fuentesfidedignas.com.mx\\\/index.php\\\/author\\\/doriga\\\/\"}]}<\/script>\n<!-- \/ Yoast SEO plugin. -->","yoast_head_json":{"title":"Ciro G\u00f3mez Leyva revela nuevos videos sobre el atentado en su contra - Fuentes Fidedignas","robots":{"index":"index","follow":"follow","max-snippet":"max-snippet:-1","max-image-preview":"max-image-preview:large","max-video-preview":"max-video-preview:-1"},"canonical":"https:\/\/fuentesfidedignas.com.mx\/index.php\/2024\/01\/12\/ciro-gomez-leyva-revela-nuevos-videos-sobre-el-atentado-en-su-contra\/","og_locale":"es_MX","og_type":"article","og_title":"Ciro G\u00f3mez Leyva revela nuevos videos sobre el atentado en su contra - Fuentes Fidedignas","og_description":"Ciro G\u00f3mez Leyva mostr\u00f3 grabaciones del momento de la agresi\u00f3n armada, perpetrada en calles de la Ciudad de M\u00e9xico, a tan s\u00f3lo unos metros de su domicilio Ciudad de M\u00e9xico.- El periodista Ciro G\u00f3mez Leyva revel\u00f3, este jueves por la noche, nuevas im\u00e1genes relacionadas con el atentado que sufri\u00f3 en diciembre de 2022. En su [&hellip;]","og_url":"https:\/\/fuentesfidedignas.com.mx\/index.php\/2024\/01\/12\/ciro-gomez-leyva-revela-nuevos-videos-sobre-el-atentado-en-su-contra\/","og_site_name":"Fuentes Fidedignas","article_publisher":"https:\/\/www.facebook.com\/Fuentes-Fidedignas-368234489921644","article_published_time":"2024-01-12T16:22:19+00:00","article_modified_time":"2024-01-12T16:24:42+00:00","og_image":[{"width":1200,"height":675,"url":"https:\/\/fuentesfidedignas.com.mx\/wp-content\/uploads\/2024\/01\/img_7989-1.jpg","type":"image\/jpeg"}],"author":"L\u00f3pez D\u00f3riga","twitter_card":"summary_large_image","twitter_creator":"@fidedignas","twitter_site":"@fidedignas","twitter_misc":{"Escrito por":"L\u00f3pez D\u00f3riga","Tiempo de lectura":"1 minuto"},"schema":{"@context":"https:\/\/schema.org","@graph":[{"@type":"Article","@id":"https:\/\/fuentesfidedignas.com.mx\/index.php\/2024\/01\/12\/ciro-gomez-leyva-revela-nuevos-videos-sobre-el-atentado-en-su-contra\/#article","isPartOf":{"@id":"https:\/\/fuentesfidedignas.com.mx\/index.php\/2024\/01\/12\/ciro-gomez-leyva-revela-nuevos-videos-sobre-el-atentado-en-su-contra\/"},"author":{"name":"L\u00f3pez D\u00f3riga","@id":"https:\/\/fuentesfidedignas.com.mx\/#\/schema\/person\/67d852f0557c8509146a4b9ddebd543a"},"headline":"Ciro G\u00f3mez Leyva revela nuevos videos sobre el atentado en su contra","datePublished":"2024-01-12T16:22:19+00:00","dateModified":"2024-01-12T16:24:42+00:00","mainEntityOfPage":{"@id":"https:\/\/fuentesfidedignas.com.mx\/index.php\/2024\/01\/12\/ciro-gomez-leyva-revela-nuevos-videos-sobre-el-atentado-en-su-contra\/"},"wordCount":243,"commentCount":0,"publisher":{"@id":"https:\/\/fuentesfidedignas.com.mx\/#organization"},"image":{"@id":"https:\/\/fuentesfidedignas.com.mx\/index.php\/2024\/01\/12\/ciro-gomez-leyva-revela-nuevos-videos-sobre-el-atentado-en-su-contra\/#primaryimage"},"thumbnailUrl":"https:\/\/fuentesfidedignas.com.mx\/wp-content\/uploads\/2024\/01\/img_7989-1.jpg","articleSection":["NOTICIAS NACIONALES"],"inLanguage":"es","potentialAction":[{"@type":"CommentAction","name":"Comment","target":["https:\/\/fuentesfidedignas.com.mx\/index.php\/2024\/01\/12\/ciro-gomez-leyva-revela-nuevos-videos-sobre-el-atentado-en-su-contra\/#respond"]}]},{"@type":"WebPage","@id":"https:\/\/fuentesfidedignas.com.mx\/index.php\/2024\/01\/12\/ciro-gomez-leyva-revela-nuevos-videos-sobre-el-atentado-en-su-contra\/","url":"https:\/\/fuentesfidedignas.com.mx\/index.php\/2024\/01\/12\/ciro-gomez-leyva-revela-nuevos-videos-sobre-el-atentado-en-su-contra\/","name":"Ciro G\u00f3mez Leyva revela nuevos videos sobre el atentado en su contra - Fuentes Fidedignas","isPartOf":{"@id":"https:\/\/fuentesfidedignas.com.mx\/#website"},"primaryImageOfPage":{"@id":"https:\/\/fuentesfidedignas.com.mx\/index.php\/2024\/01\/12\/ciro-gomez-leyva-revela-nuevos-videos-sobre-el-atentado-en-su-contra\/#primaryimage"},"image":{"@id":"https:\/\/fuentesfidedignas.com.mx\/index.php\/2024\/01\/12\/ciro-gomez-leyva-revela-nuevos-videos-sobre-el-atentado-en-su-contra\/#primaryimage"},"thumbnailUrl":"https:\/\/fuentesfidedignas.com.mx\/wp-content\/uploads\/2024\/01\/img_7989-1.jpg","datePublished":"2024-01-12T16:22:19+00:00","dateModified":"2024-01-12T16:24:42+00:00","breadcrumb":{"@id":"https:\/\/fuentesfidedignas.com.mx\/index.php\/2024\/01\/12\/ciro-gomez-leyva-revela-nuevos-videos-sobre-el-atentado-en-su-contra\/#breadcrumb"},"inLanguage":"es","potentialAction":[{"@type":"ReadAction","target":["https:\/\/fuentesfidedignas.com.mx\/index.php\/2024\/01\/12\/ciro-gomez-leyva-revela-nuevos-videos-sobre-el-atentado-en-su-contra\/"]}]},{"@type":"ImageObject","inLanguage":"es","@id":"https:\/\/fuentesfidedignas.com.mx\/index.php\/2024\/01\/12\/ciro-gomez-leyva-revela-nuevos-videos-sobre-el-atentado-en-su-contra\/#primaryimage","url":"https:\/\/fuentesfidedignas.com.mx\/wp-content\/uploads\/2024\/01\/img_7989-1.jpg","contentUrl":"https:\/\/fuentesfidedignas.com.mx\/wp-content\/uploads\/2024\/01\/img_7989-1.jpg","width":1200,"height":675},{"@type":"BreadcrumbList","@id":"https:\/\/fuentesfidedignas.com.mx\/index.php\/2024\/01\/12\/ciro-gomez-leyva-revela-nuevos-videos-sobre-el-atentado-en-su-contra\/#breadcrumb","itemListElement":[{"@type":"ListItem","position":1,"name":"Inicio","item":"https:\/\/fuentesfidedignas.com.mx\/"},{"@type":"ListItem","position":2,"name":"Ciro G\u00f3mez Leyva revela nuevos videos sobre el atentado en su contra"}]},{"@type":"WebSite","@id":"https:\/\/fuentesfidedignas.com.mx\/#website","url":"https:\/\/fuentesfidedignas.com.mx\/","name":"Fuentes Fidedignas","description":"Otro sitio realizado con WordPress","publisher":{"@id":"https:\/\/fuentesfidedignas.com.mx\/#organization"},"potentialAction":[{"@type":"SearchAction","target":{"@type":"EntryPoint","urlTemplate":"https:\/\/fuentesfidedignas.com.mx\/?s={search_term_string}"},"query-input":{"@type":"PropertyValueSpecification","valueRequired":true,"valueName":"search_term_string"}}],"inLanguage":"es"},{"@type":"Organization","@id":"https:\/\/fuentesfidedignas.com.mx\/#organization","name":"Fuentes Fidedignas","url":"https:\/\/fuentesfidedignas.com.mx\/","logo":{"@type":"ImageObject","inLanguage":"es","@id":"https:\/\/fuentesfidedignas.com.mx\/#\/schema\/logo\/image\/","url":"https:\/\/fuentesfidedignas.com.mx\/wp-content\/uploads\/2021\/04\/logo-retina.png","contentUrl":"https:\/\/fuentesfidedignas.com.mx\/wp-content\/uploads\/2021\/04\/logo-retina.png","width":280,"height":51,"caption":"Fuentes Fidedignas"},"image":{"@id":"https:\/\/fuentesfidedignas.com.mx\/#\/schema\/logo\/image\/"},"sameAs":["https:\/\/www.facebook.com\/Fuentes-Fidedignas-368234489921644","https:\/\/x.com\/fidedignas"]},{"@type":"Person","@id":"https:\/\/fuentesfidedignas.com.mx\/#\/schema\/person\/67d852f0557c8509146a4b9ddebd543a","name":"L\u00f3pez D\u00f3riga","image":{"@type":"ImageObject","inLanguage":"es","@id":"https:\/\/secure.gravatar.com\/avatar\/e525b06574ca18b33cded59dfe5778d6c823b9513154eff47da551b0551bdd1e?s=96&d=mm&r=g","url":"https:\/\/secure.gravatar.com\/avatar\/e525b06574ca18b33cded59dfe5778d6c823b9513154eff47da551b0551bdd1e?s=96&d=mm&r=g","contentUrl":"https:\/\/secure.gravatar.com\/avatar\/e525b06574ca18b33cded59dfe5778d6c823b9513154eff47da551b0551bdd1e?s=96&d=mm&r=g","caption":"L\u00f3pez D\u00f3riga"},"url":"https:\/\/fuentesfidedignas.com.mx\/index.php\/author\/doriga\/"}]}},"_links":{"self":[{"href":"https:\/\/fuentesfidedignas.com.mx\/index.php\/wp-json\/wp\/v2\/posts\/70481","targetHints":{"allow":["GET"]}}],"collection":[{"href":"https:\/\/fuentesfidedignas.com.mx\/index.php\/wp-json\/wp\/v2\/posts"}],"about":[{"href":"https:\/\/fuentesfidedignas.com.mx\/index.php\/wp-json\/wp\/v2\/types\/post"}],"author":[{"embeddable":true,"href":"https:\/\/fuentesfidedignas.com.mx\/index.php\/wp-json\/wp\/v2\/users\/47"}],"replies":[{"embeddable":true,"href":"https:\/\/fuentesfidedignas.com.mx\/index.php\/wp-json\/wp\/v2\/comments?post=70481"}],"version-history":[{"count":2,"href":"https:\/\/fuentesfidedignas.com.mx\/index.php\/wp-json\/wp\/v2\/posts\/70481\/revisions"}],"predecessor-version":[{"id":70483,"href":"https:\/\/fuentesfidedignas.com.mx\/index.php\/wp-json\/wp\/v2\/posts\/70481\/revisions\/70483"}],"wp:featuredmedia":[{"embeddable":true,"href":"https:\/\/fuentesfidedignas.com.mx\/index.php\/wp-json\/wp\/v2\/media\/70480"}],"wp:attachment":[{"href":"https:\/\/fuentesfidedignas.com.mx\/index.php\/wp-json\/wp\/v2\/media?parent=70481"}],"wp:term":[{"taxonomy":"category","embeddable":true,"href":"https:\/\/fuentesfidedignas.com.mx\/index.php\/wp-json\/wp\/v2\/categories?post=70481"},{"taxonomy":"post_tag","embeddable":true,"href":"https:\/\/fuentesfidedignas.com.mx\/index.php\/wp-json\/wp\/v2\/tags?post=70481"}],"curies":[{"name":"wp","href":"https:\/\/api.w.org\/{rel}","templated":true}]}}