{"id":70449,"date":"2024-01-12T05:25:48","date_gmt":"2024-01-12T12:25:48","guid":{"rendered":"https:\/\/fuentesfidedignas.com.mx\/?p=70449"},"modified":"2024-01-11T19:26:09","modified_gmt":"2024-01-12T02:26:09","slug":"perritos-rescatados-comieron-una-perrirosca-para-celebrar-el-dia-de-reyes-se-lo-merecen-video","status":"publish","type":"post","link":"https:\/\/fuentesfidedignas.com.mx\/index.php\/2024\/01\/12\/perritos-rescatados-comieron-una-perrirosca-para-celebrar-el-dia-de-reyes-se-lo-merecen-video\/","title":{"rendered":"Perritos rescatados comieron una &#8216;perrirosca&#8217; para celebrar el D\u00eda de Reyes; &#8220;se lo merecen&#8221; (video)"},"content":{"rendered":"\n<p><strong><em>La fundaci\u00f3n Orejitas de Gala hicieron felices a varios perritos que han sido rescatados de la calle o vivieron maltrato.<\/em><\/strong><\/p>\n\n\n\n<p>Ciudad de M\u00e9xico.- Hace unos d\u00edas en M\u00e9xico y algunos pa\u00edses de Latinoam\u00e9rica se celebr\u00f3 el D\u00eda de Reyes que adem\u00e1s de caracterizarse porque los ni\u00f1os reciben regalos por parte de Melchor, Gaspar y Baltazar tambi\u00e9n se suele comer rosca de reyes y para celebrar esta fecha, unos perritos rescatados comieron una perrirosca.<\/p>\n\n\n\n<p>Por medio de Facebook se volvi\u00f3 viral una foto y video de la perrirosca que disfrutaron unos perritos rescatados de la calle y de maltrato animal por la fundaci\u00f3n Orejitas de Gala, ubicada en Tlaxcala.<\/p>\n\n\n\n<p>\u201cHoy m\u00e1s de cien perritos de Tlaxcala, M\u00e9xico, no les llegaron los reyes, pero s\u00ed degustaron de su rosca de reyes\u201d, se lee en la publicaci\u00f3n.<\/p>\n\n\n\n<p>En la foto compartida por la fundaci\u00f3n se observa la gran perrirosca que comieron los lomitos el D\u00eda de Reyes. Esta peculiar rosca de reyes fue hecha con croquetas, premios en forma de hueso y tambi\u00e9n conten\u00eda unos trozos de bolillo.<\/p>\n\n\n\n<iframe loading=\"lazy\" src=\"https:\/\/www.facebook.com\/plugins\/video.php?height=476&#038;href=https%3A%2F%2Fwww.facebook.com%2FOrejitasdeGala%2Fvideos%2F7105371216216796%2F&#038;show_text=false&#038;width=267&#038;t=0\" width=\"267\" height=\"476\" style=\"border:none;overflow:hidden\" scrolling=\"no\" frameborder=\"0\" allowfullscreen=\"true\" allow=\"autoplay; clipboard-write; encrypted-media; picture-in-picture; web-share\" allowFullScreen=\"true\"><\/iframe>\n\n\n\n<p>La fundaci\u00f3n tambi\u00e9n comparti\u00f3 un video en el que se ve a muchos perritos mover la cola debido a que est\u00e1n emocionados por la perrirosca. En el clip se ve que una persona deja la rosca de reyes en el piso y poco despu\u00e9s los lomitos comienzan a comerla.<\/p>\n\n\n\n<p>En poco tiempo la perrirosca se termin\u00f3 y dej\u00f3 contentos a los perritos que celebraron con ella el D\u00eda de Reyes.<\/p>\n\n\n\n<p>Este video y la foto se volvieron viral r\u00e1pidamente y miles de personas le agradecieron a la fundaci\u00f3n por rescatar a los lomitos y sorprenderlos con este detalle para que celebraran el D\u00eda de Reyes.<\/p>\n\n\n\n<p>\u201cExcelente idea\u201d, \u201cQu\u00e9 creatividad. Sin duda aman a los animales, muchas gracias por rescatarlos\u201d, \u201cQu\u00e9 bonito. Que disfruten mucho su rosca\u201d, \u201cEllos se lo merecen despu\u00e9s de mucho sufrimiento, ahora conocen el amor\u201d, \u201cQu\u00e9 lindo detalle. Ellos tambi\u00e9n tienen derechos\u201d, \u201cAcciones como esta me hacen llorar de alegr\u00eda\u201d.<\/p>\n\n\n\n<iframe loading=\"lazy\" src=\"https:\/\/www.facebook.com\/plugins\/post.php?href=https%3A%2F%2Fwww.facebook.com%2FOrejitasdeGala%2Fposts%2Fpfbid02Kv5oz3VLnNxxuESYMhoyJeSuYQjva4BucVPHgBcmmqjR4Tu2ed6i5iH2yenQnV4Jl&#038;show_text=true&#038;width=500\" width=\"500\" height=\"524\" style=\"border:none;overflow:hidden\" scrolling=\"no\" frameborder=\"0\" allowfullscreen=\"true\" allow=\"autoplay; clipboard-write; encrypted-media; picture-in-picture; web-share\"><\/iframe>\n","protected":false},"excerpt":{"rendered":"<p>La fundaci\u00f3n Orejitas de Gala hicieron felices a varios perritos que han sido rescatados de la calle o vivieron maltrato. Ciudad de M\u00e9xico.- Hace unos d\u00edas en M\u00e9xico y algunos pa\u00edses de Latinoam\u00e9rica se celebr\u00f3 el D\u00eda de Reyes que adem\u00e1s de caracterizarse porque los ni\u00f1os reciben regalos por parte de Melchor, Gaspar y Baltazar [&hellip;]<\/p>\n","protected":false},"author":7,"featured_media":70450,"comment_status":"open","ping_status":"open","sticky":false,"template":"","format":"standard","meta":{"tdm_status":"","tdm_grid_status":"","footnotes":""},"categories":[40],"tags":[],"class_list":{"0":"post-70449","1":"post","2":"type-post","3":"status-publish","4":"format-standard","5":"has-post-thumbnail","7":"category-las-asombrosas"},"yoast_head":"<!-- This site is optimized with the Yoast SEO plugin v27.5 - https:\/\/yoast.com\/product\/yoast-seo-wordpress\/ -->\n<title>Perritos rescatados comieron una &#039;perrirosca&#039; para celebrar el D\u00eda de Reyes; &quot;se lo merecen&quot; (video) - Fuentes Fidedignas<\/title>\n<meta name=\"robots\" content=\"index, follow, max-snippet:-1, max-image-preview:large, max-video-preview:-1\" \/>\n<link rel=\"canonical\" href=\"https:\/\/fuentesfidedignas.com.mx\/index.php\/2024\/01\/12\/perritos-rescatados-comieron-una-perrirosca-para-celebrar-el-dia-de-reyes-se-lo-merecen-video\/\" \/>\n<meta property=\"og:locale\" content=\"es_MX\" \/>\n<meta property=\"og:type\" content=\"article\" \/>\n<meta property=\"og:title\" content=\"Perritos rescatados comieron una &#039;perrirosca&#039; para celebrar el D\u00eda de Reyes; &quot;se lo merecen&quot; (video) - Fuentes Fidedignas\" \/>\n<meta property=\"og:description\" content=\"La fundaci\u00f3n Orejitas de Gala hicieron felices a varios perritos que han sido rescatados de la calle o vivieron maltrato. Ciudad de M\u00e9xico.- Hace unos d\u00edas en M\u00e9xico y algunos pa\u00edses de Latinoam\u00e9rica se celebr\u00f3 el D\u00eda de Reyes que adem\u00e1s de caracterizarse porque los ni\u00f1os reciben regalos por parte de Melchor, Gaspar y Baltazar [&hellip;]\" \/>\n<meta property=\"og:url\" content=\"https:\/\/fuentesfidedignas.com.mx\/index.php\/2024\/01\/12\/perritos-rescatados-comieron-una-perrirosca-para-celebrar-el-dia-de-reyes-se-lo-merecen-video\/\" \/>\n<meta property=\"og:site_name\" content=\"Fuentes Fidedignas\" \/>\n<meta property=\"article:publisher\" content=\"https:\/\/www.facebook.com\/Fuentes-Fidedignas-368234489921644\" \/>\n<meta property=\"article:published_time\" content=\"2024-01-12T12:25:48+00:00\" \/>\n<meta property=\"og:image\" content=\"https:\/\/fuentesfidedignas.com.mx\/wp-content\/uploads\/2024\/01\/PERRIROSCA.jpg\" \/>\n\t<meta property=\"og:image:width\" content=\"800\" \/>\n\t<meta property=\"og:image:height\" content=\"600\" \/>\n\t<meta property=\"og:image:type\" content=\"image\/jpeg\" \/>\n<meta name=\"author\" content=\"Exc\u00e9lsior\" \/>\n<meta name=\"twitter:card\" content=\"summary_large_image\" \/>\n<meta name=\"twitter:creator\" content=\"@fidedignas\" \/>\n<meta name=\"twitter:site\" content=\"@fidedignas\" \/>\n<meta name=\"twitter:label1\" content=\"Escrito por\" \/>\n\t<meta name=\"twitter:data1\" content=\"Exc\u00e9lsior\" \/>\n\t<meta name=\"twitter:label2\" content=\"Tiempo de lectura\" \/>\n\t<meta name=\"twitter:data2\" content=\"2 minutos\" \/>\n<script type=\"application\/ld+json\" class=\"yoast-schema-graph\">{\"@context\":\"https:\\\/\\\/schema.org\",\"@graph\":[{\"@type\":\"Article\",\"@id\":\"https:\\\/\\\/fuentesfidedignas.com.mx\\\/index.php\\\/2024\\\/01\\\/12\\\/perritos-rescatados-comieron-una-perrirosca-para-celebrar-el-dia-de-reyes-se-lo-merecen-video\\\/#article\",\"isPartOf\":{\"@id\":\"https:\\\/\\\/fuentesfidedignas.com.mx\\\/index.php\\\/2024\\\/01\\\/12\\\/perritos-rescatados-comieron-una-perrirosca-para-celebrar-el-dia-de-reyes-se-lo-merecen-video\\\/\"},\"author\":{\"name\":\"Exc\u00e9lsior\",\"@id\":\"https:\\\/\\\/fuentesfidedignas.com.mx\\\/#\\\/schema\\\/person\\\/ec4edd1fbf5efa3e44fce34fe2787780\"},\"headline\":\"Perritos rescatados comieron una &#8216;perrirosca&#8217; para celebrar el D\u00eda de Reyes; &#8220;se lo merecen&#8221; (video)\",\"datePublished\":\"2024-01-12T12:25:48+00:00\",\"mainEntityOfPage\":{\"@id\":\"https:\\\/\\\/fuentesfidedignas.com.mx\\\/index.php\\\/2024\\\/01\\\/12\\\/perritos-rescatados-comieron-una-perrirosca-para-celebrar-el-dia-de-reyes-se-lo-merecen-video\\\/\"},\"wordCount\":374,\"commentCount\":0,\"publisher\":{\"@id\":\"https:\\\/\\\/fuentesfidedignas.com.mx\\\/#organization\"},\"image\":{\"@id\":\"https:\\\/\\\/fuentesfidedignas.com.mx\\\/index.php\\\/2024\\\/01\\\/12\\\/perritos-rescatados-comieron-una-perrirosca-para-celebrar-el-dia-de-reyes-se-lo-merecen-video\\\/#primaryimage\"},\"thumbnailUrl\":\"https:\\\/\\\/fuentesfidedignas.com.mx\\\/wp-content\\\/uploads\\\/2024\\\/01\\\/PERRIROSCA.jpg\",\"articleSection\":[\"LAS ASOMBROSAS\"],\"inLanguage\":\"es\",\"potentialAction\":[{\"@type\":\"CommentAction\",\"name\":\"Comment\",\"target\":[\"https:\\\/\\\/fuentesfidedignas.com.mx\\\/index.php\\\/2024\\\/01\\\/12\\\/perritos-rescatados-comieron-una-perrirosca-para-celebrar-el-dia-de-reyes-se-lo-merecen-video\\\/#respond\"]}]},{\"@type\":\"WebPage\",\"@id\":\"https:\\\/\\\/fuentesfidedignas.com.mx\\\/index.php\\\/2024\\\/01\\\/12\\\/perritos-rescatados-comieron-una-perrirosca-para-celebrar-el-dia-de-reyes-se-lo-merecen-video\\\/\",\"url\":\"https:\\\/\\\/fuentesfidedignas.com.mx\\\/index.php\\\/2024\\\/01\\\/12\\\/perritos-rescatados-comieron-una-perrirosca-para-celebrar-el-dia-de-reyes-se-lo-merecen-video\\\/\",\"name\":\"Perritos rescatados comieron una 'perrirosca' para celebrar el D\u00eda de Reyes; \\\"se lo merecen\\\" (video) - Fuentes Fidedignas\",\"isPartOf\":{\"@id\":\"https:\\\/\\\/fuentesfidedignas.com.mx\\\/#website\"},\"primaryImageOfPage\":{\"@id\":\"https:\\\/\\\/fuentesfidedignas.com.mx\\\/index.php\\\/2024\\\/01\\\/12\\\/perritos-rescatados-comieron-una-perrirosca-para-celebrar-el-dia-de-reyes-se-lo-merecen-video\\\/#primaryimage\"},\"image\":{\"@id\":\"https:\\\/\\\/fuentesfidedignas.com.mx\\\/index.php\\\/2024\\\/01\\\/12\\\/perritos-rescatados-comieron-una-perrirosca-para-celebrar-el-dia-de-reyes-se-lo-merecen-video\\\/#primaryimage\"},\"thumbnailUrl\":\"https:\\\/\\\/fuentesfidedignas.com.mx\\\/wp-content\\\/uploads\\\/2024\\\/01\\\/PERRIROSCA.jpg\",\"datePublished\":\"2024-01-12T12:25:48+00:00\",\"breadcrumb\":{\"@id\":\"https:\\\/\\\/fuentesfidedignas.com.mx\\\/index.php\\\/2024\\\/01\\\/12\\\/perritos-rescatados-comieron-una-perrirosca-para-celebrar-el-dia-de-reyes-se-lo-merecen-video\\\/#breadcrumb\"},\"inLanguage\":\"es\",\"potentialAction\":[{\"@type\":\"ReadAction\",\"target\":[\"https:\\\/\\\/fuentesfidedignas.com.mx\\\/index.php\\\/2024\\\/01\\\/12\\\/perritos-rescatados-comieron-una-perrirosca-para-celebrar-el-dia-de-reyes-se-lo-merecen-video\\\/\"]}]},{\"@type\":\"ImageObject\",\"inLanguage\":\"es\",\"@id\":\"https:\\\/\\\/fuentesfidedignas.com.mx\\\/index.php\\\/2024\\\/01\\\/12\\\/perritos-rescatados-comieron-una-perrirosca-para-celebrar-el-dia-de-reyes-se-lo-merecen-video\\\/#primaryimage\",\"url\":\"https:\\\/\\\/fuentesfidedignas.com.mx\\\/wp-content\\\/uploads\\\/2024\\\/01\\\/PERRIROSCA.jpg\",\"contentUrl\":\"https:\\\/\\\/fuentesfidedignas.com.mx\\\/wp-content\\\/uploads\\\/2024\\\/01\\\/PERRIROSCA.jpg\",\"width\":800,\"height\":600},{\"@type\":\"BreadcrumbList\",\"@id\":\"https:\\\/\\\/fuentesfidedignas.com.mx\\\/index.php\\\/2024\\\/01\\\/12\\\/perritos-rescatados-comieron-una-perrirosca-para-celebrar-el-dia-de-reyes-se-lo-merecen-video\\\/#breadcrumb\",\"itemListElement\":[{\"@type\":\"ListItem\",\"position\":1,\"name\":\"Inicio\",\"item\":\"https:\\\/\\\/fuentesfidedignas.com.mx\\\/\"},{\"@type\":\"ListItem\",\"position\":2,\"name\":\"Perritos rescatados comieron una &#8216;perrirosca&#8217; para celebrar el D\u00eda de Reyes; &#8220;se lo merecen&#8221; (video)\"}]},{\"@type\":\"WebSite\",\"@id\":\"https:\\\/\\\/fuentesfidedignas.com.mx\\\/#website\",\"url\":\"https:\\\/\\\/fuentesfidedignas.com.mx\\\/\",\"name\":\"Fuentes Fidedignas\",\"description\":\"Otro sitio realizado con WordPress\",\"publisher\":{\"@id\":\"https:\\\/\\\/fuentesfidedignas.com.mx\\\/#organization\"},\"potentialAction\":[{\"@type\":\"SearchAction\",\"target\":{\"@type\":\"EntryPoint\",\"urlTemplate\":\"https:\\\/\\\/fuentesfidedignas.com.mx\\\/?s={search_term_string}\"},\"query-input\":{\"@type\":\"PropertyValueSpecification\",\"valueRequired\":true,\"valueName\":\"search_term_string\"}}],\"inLanguage\":\"es\"},{\"@type\":\"Organization\",\"@id\":\"https:\\\/\\\/fuentesfidedignas.com.mx\\\/#organization\",\"name\":\"Fuentes Fidedignas\",\"url\":\"https:\\\/\\\/fuentesfidedignas.com.mx\\\/\",\"logo\":{\"@type\":\"ImageObject\",\"inLanguage\":\"es\",\"@id\":\"https:\\\/\\\/fuentesfidedignas.com.mx\\\/#\\\/schema\\\/logo\\\/image\\\/\",\"url\":\"https:\\\/\\\/fuentesfidedignas.com.mx\\\/wp-content\\\/uploads\\\/2021\\\/04\\\/logo-retina.png\",\"contentUrl\":\"https:\\\/\\\/fuentesfidedignas.com.mx\\\/wp-content\\\/uploads\\\/2021\\\/04\\\/logo-retina.png\",\"width\":280,\"height\":51,\"caption\":\"Fuentes Fidedignas\"},\"image\":{\"@id\":\"https:\\\/\\\/fuentesfidedignas.com.mx\\\/#\\\/schema\\\/logo\\\/image\\\/\"},\"sameAs\":[\"https:\\\/\\\/www.facebook.com\\\/Fuentes-Fidedignas-368234489921644\",\"https:\\\/\\\/x.com\\\/fidedignas\"]},{\"@type\":\"Person\",\"@id\":\"https:\\\/\\\/fuentesfidedignas.com.mx\\\/#\\\/schema\\\/person\\\/ec4edd1fbf5efa3e44fce34fe2787780\",\"name\":\"Exc\u00e9lsior\",\"image\":{\"@type\":\"ImageObject\",\"inLanguage\":\"es\",\"@id\":\"https:\\\/\\\/secure.gravatar.com\\\/avatar\\\/4b7ee9206b48be08447852b3f0814dbc7c0f3b51541b164f1464a2725614020b?s=96&d=mm&r=g\",\"url\":\"https:\\\/\\\/secure.gravatar.com\\\/avatar\\\/4b7ee9206b48be08447852b3f0814dbc7c0f3b51541b164f1464a2725614020b?s=96&d=mm&r=g\",\"contentUrl\":\"https:\\\/\\\/secure.gravatar.com\\\/avatar\\\/4b7ee9206b48be08447852b3f0814dbc7c0f3b51541b164f1464a2725614020b?s=96&d=mm&r=g\",\"caption\":\"Exc\u00e9lsior\"},\"url\":\"https:\\\/\\\/fuentesfidedignas.com.mx\\\/index.php\\\/author\\\/excelsior\\\/\"}]}<\/script>\n<!-- \/ Yoast SEO plugin. -->","yoast_head_json":{"title":"Perritos rescatados comieron una 'perrirosca' para celebrar el D\u00eda de Reyes; \"se lo merecen\" (video) - Fuentes Fidedignas","robots":{"index":"index","follow":"follow","max-snippet":"max-snippet:-1","max-image-preview":"max-image-preview:large","max-video-preview":"max-video-preview:-1"},"canonical":"https:\/\/fuentesfidedignas.com.mx\/index.php\/2024\/01\/12\/perritos-rescatados-comieron-una-perrirosca-para-celebrar-el-dia-de-reyes-se-lo-merecen-video\/","og_locale":"es_MX","og_type":"article","og_title":"Perritos rescatados comieron una 'perrirosca' para celebrar el D\u00eda de Reyes; \"se lo merecen\" (video) - Fuentes Fidedignas","og_description":"La fundaci\u00f3n Orejitas de Gala hicieron felices a varios perritos que han sido rescatados de la calle o vivieron maltrato. Ciudad de M\u00e9xico.- Hace unos d\u00edas en M\u00e9xico y algunos pa\u00edses de Latinoam\u00e9rica se celebr\u00f3 el D\u00eda de Reyes que adem\u00e1s de caracterizarse porque los ni\u00f1os reciben regalos por parte de Melchor, Gaspar y Baltazar [&hellip;]","og_url":"https:\/\/fuentesfidedignas.com.mx\/index.php\/2024\/01\/12\/perritos-rescatados-comieron-una-perrirosca-para-celebrar-el-dia-de-reyes-se-lo-merecen-video\/","og_site_name":"Fuentes Fidedignas","article_publisher":"https:\/\/www.facebook.com\/Fuentes-Fidedignas-368234489921644","article_published_time":"2024-01-12T12:25:48+00:00","og_image":[{"width":800,"height":600,"url":"https:\/\/fuentesfidedignas.com.mx\/wp-content\/uploads\/2024\/01\/PERRIROSCA.jpg","type":"image\/jpeg"}],"author":"Exc\u00e9lsior","twitter_card":"summary_large_image","twitter_creator":"@fidedignas","twitter_site":"@fidedignas","twitter_misc":{"Escrito por":"Exc\u00e9lsior","Tiempo de lectura":"2 minutos"},"schema":{"@context":"https:\/\/schema.org","@graph":[{"@type":"Article","@id":"https:\/\/fuentesfidedignas.com.mx\/index.php\/2024\/01\/12\/perritos-rescatados-comieron-una-perrirosca-para-celebrar-el-dia-de-reyes-se-lo-merecen-video\/#article","isPartOf":{"@id":"https:\/\/fuentesfidedignas.com.mx\/index.php\/2024\/01\/12\/perritos-rescatados-comieron-una-perrirosca-para-celebrar-el-dia-de-reyes-se-lo-merecen-video\/"},"author":{"name":"Exc\u00e9lsior","@id":"https:\/\/fuentesfidedignas.com.mx\/#\/schema\/person\/ec4edd1fbf5efa3e44fce34fe2787780"},"headline":"Perritos rescatados comieron una &#8216;perrirosca&#8217; para celebrar el D\u00eda de Reyes; &#8220;se lo merecen&#8221; (video)","datePublished":"2024-01-12T12:25:48+00:00","mainEntityOfPage":{"@id":"https:\/\/fuentesfidedignas.com.mx\/index.php\/2024\/01\/12\/perritos-rescatados-comieron-una-perrirosca-para-celebrar-el-dia-de-reyes-se-lo-merecen-video\/"},"wordCount":374,"commentCount":0,"publisher":{"@id":"https:\/\/fuentesfidedignas.com.mx\/#organization"},"image":{"@id":"https:\/\/fuentesfidedignas.com.mx\/index.php\/2024\/01\/12\/perritos-rescatados-comieron-una-perrirosca-para-celebrar-el-dia-de-reyes-se-lo-merecen-video\/#primaryimage"},"thumbnailUrl":"https:\/\/fuentesfidedignas.com.mx\/wp-content\/uploads\/2024\/01\/PERRIROSCA.jpg","articleSection":["LAS ASOMBROSAS"],"inLanguage":"es","potentialAction":[{"@type":"CommentAction","name":"Comment","target":["https:\/\/fuentesfidedignas.com.mx\/index.php\/2024\/01\/12\/perritos-rescatados-comieron-una-perrirosca-para-celebrar-el-dia-de-reyes-se-lo-merecen-video\/#respond"]}]},{"@type":"WebPage","@id":"https:\/\/fuentesfidedignas.com.mx\/index.php\/2024\/01\/12\/perritos-rescatados-comieron-una-perrirosca-para-celebrar-el-dia-de-reyes-se-lo-merecen-video\/","url":"https:\/\/fuentesfidedignas.com.mx\/index.php\/2024\/01\/12\/perritos-rescatados-comieron-una-perrirosca-para-celebrar-el-dia-de-reyes-se-lo-merecen-video\/","name":"Perritos rescatados comieron una 'perrirosca' para celebrar el D\u00eda de Reyes; \"se lo merecen\" (video) - Fuentes Fidedignas","isPartOf":{"@id":"https:\/\/fuentesfidedignas.com.mx\/#website"},"primaryImageOfPage":{"@id":"https:\/\/fuentesfidedignas.com.mx\/index.php\/2024\/01\/12\/perritos-rescatados-comieron-una-perrirosca-para-celebrar-el-dia-de-reyes-se-lo-merecen-video\/#primaryimage"},"image":{"@id":"https:\/\/fuentesfidedignas.com.mx\/index.php\/2024\/01\/12\/perritos-rescatados-comieron-una-perrirosca-para-celebrar-el-dia-de-reyes-se-lo-merecen-video\/#primaryimage"},"thumbnailUrl":"https:\/\/fuentesfidedignas.com.mx\/wp-content\/uploads\/2024\/01\/PERRIROSCA.jpg","datePublished":"2024-01-12T12:25:48+00:00","breadcrumb":{"@id":"https:\/\/fuentesfidedignas.com.mx\/index.php\/2024\/01\/12\/perritos-rescatados-comieron-una-perrirosca-para-celebrar-el-dia-de-reyes-se-lo-merecen-video\/#breadcrumb"},"inLanguage":"es","potentialAction":[{"@type":"ReadAction","target":["https:\/\/fuentesfidedignas.com.mx\/index.php\/2024\/01\/12\/perritos-rescatados-comieron-una-perrirosca-para-celebrar-el-dia-de-reyes-se-lo-merecen-video\/"]}]},{"@type":"ImageObject","inLanguage":"es","@id":"https:\/\/fuentesfidedignas.com.mx\/index.php\/2024\/01\/12\/perritos-rescatados-comieron-una-perrirosca-para-celebrar-el-dia-de-reyes-se-lo-merecen-video\/#primaryimage","url":"https:\/\/fuentesfidedignas.com.mx\/wp-content\/uploads\/2024\/01\/PERRIROSCA.jpg","contentUrl":"https:\/\/fuentesfidedignas.com.mx\/wp-content\/uploads\/2024\/01\/PERRIROSCA.jpg","width":800,"height":600},{"@type":"BreadcrumbList","@id":"https:\/\/fuentesfidedignas.com.mx\/index.php\/2024\/01\/12\/perritos-rescatados-comieron-una-perrirosca-para-celebrar-el-dia-de-reyes-se-lo-merecen-video\/#breadcrumb","itemListElement":[{"@type":"ListItem","position":1,"name":"Inicio","item":"https:\/\/fuentesfidedignas.com.mx\/"},{"@type":"ListItem","position":2,"name":"Perritos rescatados comieron una &#8216;perrirosca&#8217; para celebrar el D\u00eda de Reyes; &#8220;se lo merecen&#8221; (video)"}]},{"@type":"WebSite","@id":"https:\/\/fuentesfidedignas.com.mx\/#website","url":"https:\/\/fuentesfidedignas.com.mx\/","name":"Fuentes Fidedignas","description":"Otro sitio realizado con WordPress","publisher":{"@id":"https:\/\/fuentesfidedignas.com.mx\/#organization"},"potentialAction":[{"@type":"SearchAction","target":{"@type":"EntryPoint","urlTemplate":"https:\/\/fuentesfidedignas.com.mx\/?s={search_term_string}"},"query-input":{"@type":"PropertyValueSpecification","valueRequired":true,"valueName":"search_term_string"}}],"inLanguage":"es"},{"@type":"Organization","@id":"https:\/\/fuentesfidedignas.com.mx\/#organization","name":"Fuentes Fidedignas","url":"https:\/\/fuentesfidedignas.com.mx\/","logo":{"@type":"ImageObject","inLanguage":"es","@id":"https:\/\/fuentesfidedignas.com.mx\/#\/schema\/logo\/image\/","url":"https:\/\/fuentesfidedignas.com.mx\/wp-content\/uploads\/2021\/04\/logo-retina.png","contentUrl":"https:\/\/fuentesfidedignas.com.mx\/wp-content\/uploads\/2021\/04\/logo-retina.png","width":280,"height":51,"caption":"Fuentes Fidedignas"},"image":{"@id":"https:\/\/fuentesfidedignas.com.mx\/#\/schema\/logo\/image\/"},"sameAs":["https:\/\/www.facebook.com\/Fuentes-Fidedignas-368234489921644","https:\/\/x.com\/fidedignas"]},{"@type":"Person","@id":"https:\/\/fuentesfidedignas.com.mx\/#\/schema\/person\/ec4edd1fbf5efa3e44fce34fe2787780","name":"Exc\u00e9lsior","image":{"@type":"ImageObject","inLanguage":"es","@id":"https:\/\/secure.gravatar.com\/avatar\/4b7ee9206b48be08447852b3f0814dbc7c0f3b51541b164f1464a2725614020b?s=96&d=mm&r=g","url":"https:\/\/secure.gravatar.com\/avatar\/4b7ee9206b48be08447852b3f0814dbc7c0f3b51541b164f1464a2725614020b?s=96&d=mm&r=g","contentUrl":"https:\/\/secure.gravatar.com\/avatar\/4b7ee9206b48be08447852b3f0814dbc7c0f3b51541b164f1464a2725614020b?s=96&d=mm&r=g","caption":"Exc\u00e9lsior"},"url":"https:\/\/fuentesfidedignas.com.mx\/index.php\/author\/excelsior\/"}]}},"_links":{"self":[{"href":"https:\/\/fuentesfidedignas.com.mx\/index.php\/wp-json\/wp\/v2\/posts\/70449","targetHints":{"allow":["GET"]}}],"collection":[{"href":"https:\/\/fuentesfidedignas.com.mx\/index.php\/wp-json\/wp\/v2\/posts"}],"about":[{"href":"https:\/\/fuentesfidedignas.com.mx\/index.php\/wp-json\/wp\/v2\/types\/post"}],"author":[{"embeddable":true,"href":"https:\/\/fuentesfidedignas.com.mx\/index.php\/wp-json\/wp\/v2\/users\/7"}],"replies":[{"embeddable":true,"href":"https:\/\/fuentesfidedignas.com.mx\/index.php\/wp-json\/wp\/v2\/comments?post=70449"}],"version-history":[{"count":1,"href":"https:\/\/fuentesfidedignas.com.mx\/index.php\/wp-json\/wp\/v2\/posts\/70449\/revisions"}],"predecessor-version":[{"id":70451,"href":"https:\/\/fuentesfidedignas.com.mx\/index.php\/wp-json\/wp\/v2\/posts\/70449\/revisions\/70451"}],"wp:featuredmedia":[{"embeddable":true,"href":"https:\/\/fuentesfidedignas.com.mx\/index.php\/wp-json\/wp\/v2\/media\/70450"}],"wp:attachment":[{"href":"https:\/\/fuentesfidedignas.com.mx\/index.php\/wp-json\/wp\/v2\/media?parent=70449"}],"wp:term":[{"taxonomy":"category","embeddable":true,"href":"https:\/\/fuentesfidedignas.com.mx\/index.php\/wp-json\/wp\/v2\/categories?post=70449"},{"taxonomy":"post_tag","embeddable":true,"href":"https:\/\/fuentesfidedignas.com.mx\/index.php\/wp-json\/wp\/v2\/tags?post=70449"}],"curies":[{"name":"wp","href":"https:\/\/api.w.org\/{rel}","templated":true}]}}