{"id":70440,"date":"2024-01-11T18:48:44","date_gmt":"2024-01-12T01:48:44","guid":{"rendered":"https:\/\/fuentesfidedignas.com.mx\/?p=70440"},"modified":"2024-01-11T18:48:44","modified_gmt":"2024-01-12T01:48:44","slug":"julio-cesar-chavez-jr-es-puesto-en-libertad-tras-ser-detenido-en-estados-unidos","status":"publish","type":"post","link":"https:\/\/fuentesfidedignas.com.mx\/index.php\/2024\/01\/11\/julio-cesar-chavez-jr-es-puesto-en-libertad-tras-ser-detenido-en-estados-unidos\/","title":{"rendered":"Julio C\u00e9sar Ch\u00e1vez Jr. es puesto en libertad tras ser detenido en Estados Unidos"},"content":{"rendered":"\n<p><strong><em>El hijo del Gran Campe\u00f3n Mexicano saldr\u00e1 bajo fianza, pero deber\u00e1 entrar de inmediato a un programa de rehabilitaci\u00f3n<\/em><\/strong><\/p>\n\n\n\n<p>Estados Unidos.- El boxeador Julio C\u00e9sar Ch\u00e1vez Jr.\u00a0fue puesto en libertad este d\u00eda luego de ser detenido en Los Angeles, California por posesi\u00f3n ilegal de un arma de fuego, por lo que su padre actu\u00f3 para solucionar su situaci\u00f3n legal.<\/p>\n\n\n\n<p>\u201cJulio va a salir hoy, se le otorg\u00f3 la fianza y como ustedes escucharon ser\u00e1 sometido a un programa de rehabilitaci\u00f3n\u201d, mencionaron los abogados Michel Goldstein y Guadalupe Valencia tras salir de la audiencia.<\/p>\n\n\n\n<blockquote class=\"twitter-tweet\" data-media-max-width=\"560\"><p lang=\"es\" dir=\"ltr\">\ud83d\udea8\ud83d\udea8 Ch\u00e1vez Jr. Libre \ud83d\udea8\ud83d\udea8<br>Curiosamente el abogado que Ch\u00e1vez Jr. odia Lupe Valencia ayudo a que lo liberaran de la c\u00e1rcel. Fianza de $50K dls. M\u00e1s detalles hoy en <a href=\"https:\/\/twitter.com\/ProBoxTvEspanol?ref_src=twsrc%5Etfw\">@ProBoxTvEspanol<\/a> <a href=\"https:\/\/twitter.com\/hashtag\/ChavezJr?src=hash&amp;ref_src=twsrc%5Etfw\">#ChavezJr<\/a> <a href=\"https:\/\/twitter.com\/hashtag\/ProBoxTV?src=hash&amp;ref_src=twsrc%5Etfw\">#ProBoxTV<\/a> <a href=\"https:\/\/t.co\/1jyHaDWAue\">pic.twitter.com\/1jyHaDWAue<\/a><\/p>&mdash; Ricardo Celis (@CelisDeportes) <a href=\"https:\/\/twitter.com\/CelisDeportes\/status\/1745519999710532001?ref_src=twsrc%5Etfw\">January 11, 2024<\/a><\/blockquote> <script async src=\"https:\/\/platform.twitter.com\/widgets.js\" charset=\"utf-8\"><\/script>\n\n\n\n<p><br>Las autoridades hab\u00edan fijado una fianza de 75 mil d\u00f3lares, la cual se redujo a 50 mil d\u00f3lares, y mencionaron que ser\u00e1 por la noche cuando sea puesto en libertad para ir al programa de rehabilitaci\u00f3n.<\/p>\n\n\n\n<p>&#8220;Julio va a salir hoy, se le otorg\u00f3 la fianza y como escucharon, el juez, va a entrar a un programa hoy&#8221;.<\/p>\n\n\n\n<p>\u201cLa audiencia del d\u00eda 15 es para iniciar el proceso del caso, hoy solamente fue para leer los cargos y ver lo de la fianza, los tres cargos son por posesi\u00f3n de arma y no sabemos cu\u00e1l ser\u00e1 el futuro, es un proceso que toma tiempo y muchas cosas pueden pasar. Ojal\u00e1 todo salga bien\u201d.<\/p>\n\n\n\n<p>El Hijo de la Leyenda del boxeo estuvo unos d\u00edas bajo la custodia de las autoridades de California por los hechos antes mencionados, por los cuales fue fichado, seg\u00fan reportes de medios.\u00a0<\/p>\n\n\n\n<p>Desde el pasado lunes se report\u00f3 que el p\u00fagil fue arrestado el fin de semana, algo que ese mismo d\u00eda confirm\u00f3 su padre Julio C\u00e9sar Ch\u00e1vez, quien explic\u00f3 que sus abogados trabajaban en el asunto legal, aunque no detall\u00f3 c\u00f3mo se dieron los hechos.&nbsp;<\/p>\n\n\n\n<p>&#8220;Gracias por estar al pendiente y preocuparse por mi hijo Julio. Desafortunadamente confirm\u00f3 la noticia que se difundi\u00f3 el d\u00eda de hoy. Mi Julio C\u00e9sar Ch\u00e1vez Jr. fue detenido y nos encontramos trabajando junto con sus abogados para resolver su situaci\u00f3n jur\u00eddica&#8221;, inform\u00f3 el ex boxeador por medio de X, antes Twitter.\u00a0\u00a0<\/p>\n\n\n\n<blockquote class=\"twitter-tweet\"><p lang=\"zxx\" dir=\"ltr\"><a href=\"https:\/\/t.co\/tWHblm8jfB\">pic.twitter.com\/tWHblm8jfB<\/a><\/p>&mdash; Julio C\u00e9sar Ch\u00e1vez (@Jcchavez115) <a href=\"https:\/\/twitter.com\/Jcchavez115\/status\/1744546803662602709?ref_src=twsrc%5Etfw\">January 9, 2024<\/a><\/blockquote> <script async src=\"https:\/\/platform.twitter.com\/widgets.js\" charset=\"utf-8\"><\/script>\n\n\n\n<p>Lo anterior, provoc\u00f3 su detenci\u00f3n y por ende fue trasladado a la c\u00e1rcel&nbsp;de&nbsp;Valley en Van Nuys, donde fue fichado por los hechos.<\/p>\n\n\n\n<p>Un reporte de uno de sus vecinos, que tem\u00eda por la integridad de las personas cercanas, a la boxeador, y a la de \u00e9l mismo, fue la raz\u00f3n por la que las autoridades fueron a la casa y encontraron el arma de fuego.\u00a0<\/p>\n\n\n\n<p><strong>\u00bfCu\u00e1l ser\u00eda la condena contra Julio C\u00e9sar Ch\u00e1vez Jr.?<\/strong><br>La detenci\u00f3n de Julio C\u00e9sar Ch\u00e1vez podr\u00eda traerle problemas grave, pues tendr\u00eda restricciones para poder laborar, es decir disputar una pelea en Estados Unidos, ante los antecedentes que dej\u00f3 esto.\u00a0<\/p>\n\n\n\n<p>Por obvias razones, el arma ser\u00eda incautada al ser &#8220;fantasma&#8221;, lo que significa que ni el rifle ni sus partes tiene n\u00famero de serie y no puede ser rastreadas por medio de bases de datos policiales.&nbsp;&nbsp;<\/p>\n\n\n\n<p>Aunque el boxeador ya est\u00e1 libre, la leyes de Estados Unidos dictan que podr\u00eda pasar un a\u00f1o en prisi\u00f3n por la posesi\u00f3n del rifle, pero existe la posibilidad que tenga estar en libertad condicional.\u00a0<\/p>\n","protected":false},"excerpt":{"rendered":"<p>El hijo del Gran Campe\u00f3n Mexicano saldr\u00e1 bajo fianza, pero deber\u00e1 entrar de inmediato a un programa de rehabilitaci\u00f3n Estados Unidos.- El boxeador Julio C\u00e9sar Ch\u00e1vez Jr.\u00a0fue puesto en libertad este d\u00eda luego de ser detenido en Los Angeles, California por posesi\u00f3n ilegal de un arma de fuego, por lo que su padre actu\u00f3 para [&hellip;]<\/p>\n","protected":false},"author":9,"featured_media":70123,"comment_status":"open","ping_status":"open","sticky":false,"template":"","format":"standard","meta":{"tdm_status":"","tdm_grid_status":"","footnotes":""},"categories":[39],"tags":[],"class_list":{"0":"post-70440","1":"post","2":"type-post","3":"status-publish","4":"format-standard","5":"has-post-thumbnail","7":"category-noticias-nacionales"},"yoast_head":"<!-- This site is optimized with the Yoast SEO plugin v27.5 - https:\/\/yoast.com\/product\/yoast-seo-wordpress\/ -->\n<title>Julio C\u00e9sar Ch\u00e1vez Jr. es puesto en libertad tras ser detenido en Estados Unidos - Fuentes Fidedignas<\/title>\n<meta name=\"robots\" content=\"index, follow, max-snippet:-1, max-image-preview:large, max-video-preview:-1\" \/>\n<link rel=\"canonical\" href=\"https:\/\/fuentesfidedignas.com.mx\/index.php\/2024\/01\/11\/julio-cesar-chavez-jr-es-puesto-en-libertad-tras-ser-detenido-en-estados-unidos\/\" \/>\n<meta property=\"og:locale\" content=\"es_MX\" \/>\n<meta property=\"og:type\" content=\"article\" \/>\n<meta property=\"og:title\" content=\"Julio C\u00e9sar Ch\u00e1vez Jr. es puesto en libertad tras ser detenido en Estados Unidos - Fuentes Fidedignas\" \/>\n<meta property=\"og:description\" content=\"El hijo del Gran Campe\u00f3n Mexicano saldr\u00e1 bajo fianza, pero deber\u00e1 entrar de inmediato a un programa de rehabilitaci\u00f3n Estados Unidos.- El boxeador Julio C\u00e9sar Ch\u00e1vez Jr.\u00a0fue puesto en libertad este d\u00eda luego de ser detenido en Los Angeles, California por posesi\u00f3n ilegal de un arma de fuego, por lo que su padre actu\u00f3 para [&hellip;]\" \/>\n<meta property=\"og:url\" content=\"https:\/\/fuentesfidedignas.com.mx\/index.php\/2024\/01\/11\/julio-cesar-chavez-jr-es-puesto-en-libertad-tras-ser-detenido-en-estados-unidos\/\" \/>\n<meta property=\"og:site_name\" content=\"Fuentes Fidedignas\" \/>\n<meta property=\"article:publisher\" content=\"https:\/\/www.facebook.com\/Fuentes-Fidedignas-368234489921644\" \/>\n<meta property=\"article:published_time\" content=\"2024-01-12T01:48:44+00:00\" \/>\n<meta property=\"og:image\" content=\"https:\/\/fuentesfidedignas.com.mx\/wp-content\/uploads\/2024\/01\/CHAVEZ_JR3.jpg\" \/>\n\t<meta property=\"og:image:width\" content=\"664\" \/>\n\t<meta property=\"og:image:height\" content=\"498\" \/>\n\t<meta property=\"og:image:type\" content=\"image\/jpeg\" \/>\n<meta name=\"author\" content=\"Milenio\" \/>\n<meta name=\"twitter:card\" content=\"summary_large_image\" \/>\n<meta name=\"twitter:creator\" content=\"@fidedignas\" \/>\n<meta name=\"twitter:site\" content=\"@fidedignas\" \/>\n<meta name=\"twitter:label1\" content=\"Escrito por\" \/>\n\t<meta name=\"twitter:data1\" content=\"Milenio\" \/>\n\t<meta name=\"twitter:label2\" content=\"Tiempo de lectura\" \/>\n\t<meta name=\"twitter:data2\" content=\"3 minutos\" \/>\n<script type=\"application\/ld+json\" class=\"yoast-schema-graph\">{\"@context\":\"https:\\\/\\\/schema.org\",\"@graph\":[{\"@type\":\"Article\",\"@id\":\"https:\\\/\\\/fuentesfidedignas.com.mx\\\/index.php\\\/2024\\\/01\\\/11\\\/julio-cesar-chavez-jr-es-puesto-en-libertad-tras-ser-detenido-en-estados-unidos\\\/#article\",\"isPartOf\":{\"@id\":\"https:\\\/\\\/fuentesfidedignas.com.mx\\\/index.php\\\/2024\\\/01\\\/11\\\/julio-cesar-chavez-jr-es-puesto-en-libertad-tras-ser-detenido-en-estados-unidos\\\/\"},\"author\":{\"name\":\"Milenio\",\"@id\":\"https:\\\/\\\/fuentesfidedignas.com.mx\\\/#\\\/schema\\\/person\\\/47ec0135738f4b0c7495f06a77a2c976\"},\"headline\":\"Julio C\u00e9sar Ch\u00e1vez Jr. es puesto en libertad tras ser detenido en Estados Unidos\",\"datePublished\":\"2024-01-12T01:48:44+00:00\",\"mainEntityOfPage\":{\"@id\":\"https:\\\/\\\/fuentesfidedignas.com.mx\\\/index.php\\\/2024\\\/01\\\/11\\\/julio-cesar-chavez-jr-es-puesto-en-libertad-tras-ser-detenido-en-estados-unidos\\\/\"},\"wordCount\":633,\"commentCount\":0,\"publisher\":{\"@id\":\"https:\\\/\\\/fuentesfidedignas.com.mx\\\/#organization\"},\"image\":{\"@id\":\"https:\\\/\\\/fuentesfidedignas.com.mx\\\/index.php\\\/2024\\\/01\\\/11\\\/julio-cesar-chavez-jr-es-puesto-en-libertad-tras-ser-detenido-en-estados-unidos\\\/#primaryimage\"},\"thumbnailUrl\":\"https:\\\/\\\/fuentesfidedignas.com.mx\\\/wp-content\\\/uploads\\\/2024\\\/01\\\/CHAVEZ_JR3.jpg\",\"articleSection\":[\"NOTICIAS NACIONALES\"],\"inLanguage\":\"es\",\"potentialAction\":[{\"@type\":\"CommentAction\",\"name\":\"Comment\",\"target\":[\"https:\\\/\\\/fuentesfidedignas.com.mx\\\/index.php\\\/2024\\\/01\\\/11\\\/julio-cesar-chavez-jr-es-puesto-en-libertad-tras-ser-detenido-en-estados-unidos\\\/#respond\"]}]},{\"@type\":\"WebPage\",\"@id\":\"https:\\\/\\\/fuentesfidedignas.com.mx\\\/index.php\\\/2024\\\/01\\\/11\\\/julio-cesar-chavez-jr-es-puesto-en-libertad-tras-ser-detenido-en-estados-unidos\\\/\",\"url\":\"https:\\\/\\\/fuentesfidedignas.com.mx\\\/index.php\\\/2024\\\/01\\\/11\\\/julio-cesar-chavez-jr-es-puesto-en-libertad-tras-ser-detenido-en-estados-unidos\\\/\",\"name\":\"Julio C\u00e9sar Ch\u00e1vez Jr. es puesto en libertad tras ser detenido en Estados Unidos - Fuentes Fidedignas\",\"isPartOf\":{\"@id\":\"https:\\\/\\\/fuentesfidedignas.com.mx\\\/#website\"},\"primaryImageOfPage\":{\"@id\":\"https:\\\/\\\/fuentesfidedignas.com.mx\\\/index.php\\\/2024\\\/01\\\/11\\\/julio-cesar-chavez-jr-es-puesto-en-libertad-tras-ser-detenido-en-estados-unidos\\\/#primaryimage\"},\"image\":{\"@id\":\"https:\\\/\\\/fuentesfidedignas.com.mx\\\/index.php\\\/2024\\\/01\\\/11\\\/julio-cesar-chavez-jr-es-puesto-en-libertad-tras-ser-detenido-en-estados-unidos\\\/#primaryimage\"},\"thumbnailUrl\":\"https:\\\/\\\/fuentesfidedignas.com.mx\\\/wp-content\\\/uploads\\\/2024\\\/01\\\/CHAVEZ_JR3.jpg\",\"datePublished\":\"2024-01-12T01:48:44+00:00\",\"breadcrumb\":{\"@id\":\"https:\\\/\\\/fuentesfidedignas.com.mx\\\/index.php\\\/2024\\\/01\\\/11\\\/julio-cesar-chavez-jr-es-puesto-en-libertad-tras-ser-detenido-en-estados-unidos\\\/#breadcrumb\"},\"inLanguage\":\"es\",\"potentialAction\":[{\"@type\":\"ReadAction\",\"target\":[\"https:\\\/\\\/fuentesfidedignas.com.mx\\\/index.php\\\/2024\\\/01\\\/11\\\/julio-cesar-chavez-jr-es-puesto-en-libertad-tras-ser-detenido-en-estados-unidos\\\/\"]}]},{\"@type\":\"ImageObject\",\"inLanguage\":\"es\",\"@id\":\"https:\\\/\\\/fuentesfidedignas.com.mx\\\/index.php\\\/2024\\\/01\\\/11\\\/julio-cesar-chavez-jr-es-puesto-en-libertad-tras-ser-detenido-en-estados-unidos\\\/#primaryimage\",\"url\":\"https:\\\/\\\/fuentesfidedignas.com.mx\\\/wp-content\\\/uploads\\\/2024\\\/01\\\/CHAVEZ_JR3.jpg\",\"contentUrl\":\"https:\\\/\\\/fuentesfidedignas.com.mx\\\/wp-content\\\/uploads\\\/2024\\\/01\\\/CHAVEZ_JR3.jpg\",\"width\":664,\"height\":498},{\"@type\":\"BreadcrumbList\",\"@id\":\"https:\\\/\\\/fuentesfidedignas.com.mx\\\/index.php\\\/2024\\\/01\\\/11\\\/julio-cesar-chavez-jr-es-puesto-en-libertad-tras-ser-detenido-en-estados-unidos\\\/#breadcrumb\",\"itemListElement\":[{\"@type\":\"ListItem\",\"position\":1,\"name\":\"Inicio\",\"item\":\"https:\\\/\\\/fuentesfidedignas.com.mx\\\/\"},{\"@type\":\"ListItem\",\"position\":2,\"name\":\"Julio C\u00e9sar Ch\u00e1vez Jr. es puesto en libertad tras ser detenido en Estados Unidos\"}]},{\"@type\":\"WebSite\",\"@id\":\"https:\\\/\\\/fuentesfidedignas.com.mx\\\/#website\",\"url\":\"https:\\\/\\\/fuentesfidedignas.com.mx\\\/\",\"name\":\"Fuentes Fidedignas\",\"description\":\"Otro sitio realizado con WordPress\",\"publisher\":{\"@id\":\"https:\\\/\\\/fuentesfidedignas.com.mx\\\/#organization\"},\"potentialAction\":[{\"@type\":\"SearchAction\",\"target\":{\"@type\":\"EntryPoint\",\"urlTemplate\":\"https:\\\/\\\/fuentesfidedignas.com.mx\\\/?s={search_term_string}\"},\"query-input\":{\"@type\":\"PropertyValueSpecification\",\"valueRequired\":true,\"valueName\":\"search_term_string\"}}],\"inLanguage\":\"es\"},{\"@type\":\"Organization\",\"@id\":\"https:\\\/\\\/fuentesfidedignas.com.mx\\\/#organization\",\"name\":\"Fuentes Fidedignas\",\"url\":\"https:\\\/\\\/fuentesfidedignas.com.mx\\\/\",\"logo\":{\"@type\":\"ImageObject\",\"inLanguage\":\"es\",\"@id\":\"https:\\\/\\\/fuentesfidedignas.com.mx\\\/#\\\/schema\\\/logo\\\/image\\\/\",\"url\":\"https:\\\/\\\/fuentesfidedignas.com.mx\\\/wp-content\\\/uploads\\\/2021\\\/04\\\/logo-retina.png\",\"contentUrl\":\"https:\\\/\\\/fuentesfidedignas.com.mx\\\/wp-content\\\/uploads\\\/2021\\\/04\\\/logo-retina.png\",\"width\":280,\"height\":51,\"caption\":\"Fuentes Fidedignas\"},\"image\":{\"@id\":\"https:\\\/\\\/fuentesfidedignas.com.mx\\\/#\\\/schema\\\/logo\\\/image\\\/\"},\"sameAs\":[\"https:\\\/\\\/www.facebook.com\\\/Fuentes-Fidedignas-368234489921644\",\"https:\\\/\\\/x.com\\\/fidedignas\"]},{\"@type\":\"Person\",\"@id\":\"https:\\\/\\\/fuentesfidedignas.com.mx\\\/#\\\/schema\\\/person\\\/47ec0135738f4b0c7495f06a77a2c976\",\"name\":\"Milenio\",\"image\":{\"@type\":\"ImageObject\",\"inLanguage\":\"es\",\"@id\":\"https:\\\/\\\/secure.gravatar.com\\\/avatar\\\/acabf7b54753e51c2c76457954577c236b3b764789b19879565769739d1e4a75?s=96&d=mm&r=g\",\"url\":\"https:\\\/\\\/secure.gravatar.com\\\/avatar\\\/acabf7b54753e51c2c76457954577c236b3b764789b19879565769739d1e4a75?s=96&d=mm&r=g\",\"contentUrl\":\"https:\\\/\\\/secure.gravatar.com\\\/avatar\\\/acabf7b54753e51c2c76457954577c236b3b764789b19879565769739d1e4a75?s=96&d=mm&r=g\",\"caption\":\"Milenio\"},\"url\":\"https:\\\/\\\/fuentesfidedignas.com.mx\\\/index.php\\\/author\\\/milenio\\\/\"}]}<\/script>\n<!-- \/ Yoast SEO plugin. -->","yoast_head_json":{"title":"Julio C\u00e9sar Ch\u00e1vez Jr. es puesto en libertad tras ser detenido en Estados Unidos - Fuentes Fidedignas","robots":{"index":"index","follow":"follow","max-snippet":"max-snippet:-1","max-image-preview":"max-image-preview:large","max-video-preview":"max-video-preview:-1"},"canonical":"https:\/\/fuentesfidedignas.com.mx\/index.php\/2024\/01\/11\/julio-cesar-chavez-jr-es-puesto-en-libertad-tras-ser-detenido-en-estados-unidos\/","og_locale":"es_MX","og_type":"article","og_title":"Julio C\u00e9sar Ch\u00e1vez Jr. es puesto en libertad tras ser detenido en Estados Unidos - Fuentes Fidedignas","og_description":"El hijo del Gran Campe\u00f3n Mexicano saldr\u00e1 bajo fianza, pero deber\u00e1 entrar de inmediato a un programa de rehabilitaci\u00f3n Estados Unidos.- El boxeador Julio C\u00e9sar Ch\u00e1vez Jr.\u00a0fue puesto en libertad este d\u00eda luego de ser detenido en Los Angeles, California por posesi\u00f3n ilegal de un arma de fuego, por lo que su padre actu\u00f3 para [&hellip;]","og_url":"https:\/\/fuentesfidedignas.com.mx\/index.php\/2024\/01\/11\/julio-cesar-chavez-jr-es-puesto-en-libertad-tras-ser-detenido-en-estados-unidos\/","og_site_name":"Fuentes Fidedignas","article_publisher":"https:\/\/www.facebook.com\/Fuentes-Fidedignas-368234489921644","article_published_time":"2024-01-12T01:48:44+00:00","og_image":[{"width":664,"height":498,"url":"https:\/\/fuentesfidedignas.com.mx\/wp-content\/uploads\/2024\/01\/CHAVEZ_JR3.jpg","type":"image\/jpeg"}],"author":"Milenio","twitter_card":"summary_large_image","twitter_creator":"@fidedignas","twitter_site":"@fidedignas","twitter_misc":{"Escrito por":"Milenio","Tiempo de lectura":"3 minutos"},"schema":{"@context":"https:\/\/schema.org","@graph":[{"@type":"Article","@id":"https:\/\/fuentesfidedignas.com.mx\/index.php\/2024\/01\/11\/julio-cesar-chavez-jr-es-puesto-en-libertad-tras-ser-detenido-en-estados-unidos\/#article","isPartOf":{"@id":"https:\/\/fuentesfidedignas.com.mx\/index.php\/2024\/01\/11\/julio-cesar-chavez-jr-es-puesto-en-libertad-tras-ser-detenido-en-estados-unidos\/"},"author":{"name":"Milenio","@id":"https:\/\/fuentesfidedignas.com.mx\/#\/schema\/person\/47ec0135738f4b0c7495f06a77a2c976"},"headline":"Julio C\u00e9sar Ch\u00e1vez Jr. es puesto en libertad tras ser detenido en Estados Unidos","datePublished":"2024-01-12T01:48:44+00:00","mainEntityOfPage":{"@id":"https:\/\/fuentesfidedignas.com.mx\/index.php\/2024\/01\/11\/julio-cesar-chavez-jr-es-puesto-en-libertad-tras-ser-detenido-en-estados-unidos\/"},"wordCount":633,"commentCount":0,"publisher":{"@id":"https:\/\/fuentesfidedignas.com.mx\/#organization"},"image":{"@id":"https:\/\/fuentesfidedignas.com.mx\/index.php\/2024\/01\/11\/julio-cesar-chavez-jr-es-puesto-en-libertad-tras-ser-detenido-en-estados-unidos\/#primaryimage"},"thumbnailUrl":"https:\/\/fuentesfidedignas.com.mx\/wp-content\/uploads\/2024\/01\/CHAVEZ_JR3.jpg","articleSection":["NOTICIAS NACIONALES"],"inLanguage":"es","potentialAction":[{"@type":"CommentAction","name":"Comment","target":["https:\/\/fuentesfidedignas.com.mx\/index.php\/2024\/01\/11\/julio-cesar-chavez-jr-es-puesto-en-libertad-tras-ser-detenido-en-estados-unidos\/#respond"]}]},{"@type":"WebPage","@id":"https:\/\/fuentesfidedignas.com.mx\/index.php\/2024\/01\/11\/julio-cesar-chavez-jr-es-puesto-en-libertad-tras-ser-detenido-en-estados-unidos\/","url":"https:\/\/fuentesfidedignas.com.mx\/index.php\/2024\/01\/11\/julio-cesar-chavez-jr-es-puesto-en-libertad-tras-ser-detenido-en-estados-unidos\/","name":"Julio C\u00e9sar Ch\u00e1vez Jr. es puesto en libertad tras ser detenido en Estados Unidos - Fuentes Fidedignas","isPartOf":{"@id":"https:\/\/fuentesfidedignas.com.mx\/#website"},"primaryImageOfPage":{"@id":"https:\/\/fuentesfidedignas.com.mx\/index.php\/2024\/01\/11\/julio-cesar-chavez-jr-es-puesto-en-libertad-tras-ser-detenido-en-estados-unidos\/#primaryimage"},"image":{"@id":"https:\/\/fuentesfidedignas.com.mx\/index.php\/2024\/01\/11\/julio-cesar-chavez-jr-es-puesto-en-libertad-tras-ser-detenido-en-estados-unidos\/#primaryimage"},"thumbnailUrl":"https:\/\/fuentesfidedignas.com.mx\/wp-content\/uploads\/2024\/01\/CHAVEZ_JR3.jpg","datePublished":"2024-01-12T01:48:44+00:00","breadcrumb":{"@id":"https:\/\/fuentesfidedignas.com.mx\/index.php\/2024\/01\/11\/julio-cesar-chavez-jr-es-puesto-en-libertad-tras-ser-detenido-en-estados-unidos\/#breadcrumb"},"inLanguage":"es","potentialAction":[{"@type":"ReadAction","target":["https:\/\/fuentesfidedignas.com.mx\/index.php\/2024\/01\/11\/julio-cesar-chavez-jr-es-puesto-en-libertad-tras-ser-detenido-en-estados-unidos\/"]}]},{"@type":"ImageObject","inLanguage":"es","@id":"https:\/\/fuentesfidedignas.com.mx\/index.php\/2024\/01\/11\/julio-cesar-chavez-jr-es-puesto-en-libertad-tras-ser-detenido-en-estados-unidos\/#primaryimage","url":"https:\/\/fuentesfidedignas.com.mx\/wp-content\/uploads\/2024\/01\/CHAVEZ_JR3.jpg","contentUrl":"https:\/\/fuentesfidedignas.com.mx\/wp-content\/uploads\/2024\/01\/CHAVEZ_JR3.jpg","width":664,"height":498},{"@type":"BreadcrumbList","@id":"https:\/\/fuentesfidedignas.com.mx\/index.php\/2024\/01\/11\/julio-cesar-chavez-jr-es-puesto-en-libertad-tras-ser-detenido-en-estados-unidos\/#breadcrumb","itemListElement":[{"@type":"ListItem","position":1,"name":"Inicio","item":"https:\/\/fuentesfidedignas.com.mx\/"},{"@type":"ListItem","position":2,"name":"Julio C\u00e9sar Ch\u00e1vez Jr. es puesto en libertad tras ser detenido en Estados Unidos"}]},{"@type":"WebSite","@id":"https:\/\/fuentesfidedignas.com.mx\/#website","url":"https:\/\/fuentesfidedignas.com.mx\/","name":"Fuentes Fidedignas","description":"Otro sitio realizado con WordPress","publisher":{"@id":"https:\/\/fuentesfidedignas.com.mx\/#organization"},"potentialAction":[{"@type":"SearchAction","target":{"@type":"EntryPoint","urlTemplate":"https:\/\/fuentesfidedignas.com.mx\/?s={search_term_string}"},"query-input":{"@type":"PropertyValueSpecification","valueRequired":true,"valueName":"search_term_string"}}],"inLanguage":"es"},{"@type":"Organization","@id":"https:\/\/fuentesfidedignas.com.mx\/#organization","name":"Fuentes Fidedignas","url":"https:\/\/fuentesfidedignas.com.mx\/","logo":{"@type":"ImageObject","inLanguage":"es","@id":"https:\/\/fuentesfidedignas.com.mx\/#\/schema\/logo\/image\/","url":"https:\/\/fuentesfidedignas.com.mx\/wp-content\/uploads\/2021\/04\/logo-retina.png","contentUrl":"https:\/\/fuentesfidedignas.com.mx\/wp-content\/uploads\/2021\/04\/logo-retina.png","width":280,"height":51,"caption":"Fuentes Fidedignas"},"image":{"@id":"https:\/\/fuentesfidedignas.com.mx\/#\/schema\/logo\/image\/"},"sameAs":["https:\/\/www.facebook.com\/Fuentes-Fidedignas-368234489921644","https:\/\/x.com\/fidedignas"]},{"@type":"Person","@id":"https:\/\/fuentesfidedignas.com.mx\/#\/schema\/person\/47ec0135738f4b0c7495f06a77a2c976","name":"Milenio","image":{"@type":"ImageObject","inLanguage":"es","@id":"https:\/\/secure.gravatar.com\/avatar\/acabf7b54753e51c2c76457954577c236b3b764789b19879565769739d1e4a75?s=96&d=mm&r=g","url":"https:\/\/secure.gravatar.com\/avatar\/acabf7b54753e51c2c76457954577c236b3b764789b19879565769739d1e4a75?s=96&d=mm&r=g","contentUrl":"https:\/\/secure.gravatar.com\/avatar\/acabf7b54753e51c2c76457954577c236b3b764789b19879565769739d1e4a75?s=96&d=mm&r=g","caption":"Milenio"},"url":"https:\/\/fuentesfidedignas.com.mx\/index.php\/author\/milenio\/"}]}},"_links":{"self":[{"href":"https:\/\/fuentesfidedignas.com.mx\/index.php\/wp-json\/wp\/v2\/posts\/70440","targetHints":{"allow":["GET"]}}],"collection":[{"href":"https:\/\/fuentesfidedignas.com.mx\/index.php\/wp-json\/wp\/v2\/posts"}],"about":[{"href":"https:\/\/fuentesfidedignas.com.mx\/index.php\/wp-json\/wp\/v2\/types\/post"}],"author":[{"embeddable":true,"href":"https:\/\/fuentesfidedignas.com.mx\/index.php\/wp-json\/wp\/v2\/users\/9"}],"replies":[{"embeddable":true,"href":"https:\/\/fuentesfidedignas.com.mx\/index.php\/wp-json\/wp\/v2\/comments?post=70440"}],"version-history":[{"count":1,"href":"https:\/\/fuentesfidedignas.com.mx\/index.php\/wp-json\/wp\/v2\/posts\/70440\/revisions"}],"predecessor-version":[{"id":70442,"href":"https:\/\/fuentesfidedignas.com.mx\/index.php\/wp-json\/wp\/v2\/posts\/70440\/revisions\/70442"}],"wp:featuredmedia":[{"embeddable":true,"href":"https:\/\/fuentesfidedignas.com.mx\/index.php\/wp-json\/wp\/v2\/media\/70123"}],"wp:attachment":[{"href":"https:\/\/fuentesfidedignas.com.mx\/index.php\/wp-json\/wp\/v2\/media?parent=70440"}],"wp:term":[{"taxonomy":"category","embeddable":true,"href":"https:\/\/fuentesfidedignas.com.mx\/index.php\/wp-json\/wp\/v2\/categories?post=70440"},{"taxonomy":"post_tag","embeddable":true,"href":"https:\/\/fuentesfidedignas.com.mx\/index.php\/wp-json\/wp\/v2\/tags?post=70440"}],"curies":[{"name":"wp","href":"https:\/\/api.w.org\/{rel}","templated":true}]}}