{"id":70422,"date":"2024-01-11T17:34:20","date_gmt":"2024-01-12T00:34:20","guid":{"rendered":"https:\/\/fuentesfidedignas.com.mx\/?p=70422"},"modified":"2024-01-11T17:34:20","modified_gmt":"2024-01-12T00:34:20","slug":"entrega-dif-bienestar-apoyos-invernales-a-familias-afectadas-por-la-bajas-temperaturas-en-sanalona","status":"publish","type":"post","link":"https:\/\/fuentesfidedignas.com.mx\/index.php\/2024\/01\/11\/entrega-dif-bienestar-apoyos-invernales-a-familias-afectadas-por-la-bajas-temperaturas-en-sanalona\/","title":{"rendered":"Entrega DIF Bienestar apoyos invernales a familias afectadas por la bajas temperaturas en Sanalona"},"content":{"rendered":"\n<p><strong><em>Estos apoyos llegan a las familias con el prop\u00f3sito de reducir el impacto que causan las bajas temperaturas en esta \u00e9poca del a\u00f1o.<\/em><\/strong><\/p>\n\n\n\n<p>Culiac\u00e1n Sin.- Bajo la visi\u00f3n de reducir el impacto de las bajas temperaturas en familias que habitan en comunidades vulnerables, el Sistema DIF Bienestar Culiac\u00e1n en coordinaci\u00f3n con Protecci\u00f3n Civil municipal, realiz\u00f3 la entrega de m\u00e1s de 300 apoyos de cobija y despensa en la Sindicatura de Sanalona.<\/p>\n\n\n\n<p>La presidenta del DIF Municipal Irma Nidya Gasca Aldama, encabez\u00f3 la caravana que recorri\u00f3 las comunidades El rinc\u00f3n, Arroyo Grande, Cedritos, Alcoyonqui, El melao, La puerta, El Espinal, El ciruelar y Vinoramas en la sindicatura de Sanalona.<\/p>\n\n\n\n<p>Ah\u00ed, Gasca Aldama inform\u00f3 que estos apoyos llegan a las familias con el prop\u00f3sito de reducir el impacto que causan las bajas temperaturas en esta \u00e9poca del a\u00f1o.<\/p>\n\n\n\n<p>Mencion\u00f3 que la entrega, se llev\u00f3 a cabo gracias a la coordinaci\u00f3n que se tiene entre el \u00e1rea de trabajo social, la direcci\u00f3n operativa en DIF Bienestar y Protecci\u00f3n Civil municipal.<\/p>\n\n\n\n<p>\u201cEstas zonas son unas de las que les pega m\u00e1s el fr\u00edo.<br>Les venimos a entregar lo que son las cobijas, despensas, que esperemos les sea de mucha ayuda y que sepan que aqu\u00ed estamos al pendiente de cualquier otra necesidad\u201d, dijo.<\/p>\n\n\n\n<p>En total, fueron 300 despensas y 600 cobijas las que se entregaron a las familias, adem\u00e1s de que se gestionaron diversas peticiones encaminadas a la mejora del entorno de las comunidades.<\/p>\n\n\n\n<p>Durante la ruta de entrega, tambi\u00e9n se cont\u00f3 con la presencia del Director de Protecci\u00f3n Civil municipal Jes\u00fas Bill Mendoza, el Director Operativo en DIF Bienestar Kristiam Espinoza Garc\u00eda, la agente de bienestar Erika Mart\u00ednez y el s\u00edndico de Sanalona Eduardo Gonz\u00e1lez.<\/p>\n\n\n\n<figure class=\"wp-block-gallery has-nested-images columns-default is-cropped wp-block-gallery-1 is-layout-flex wp-block-gallery-is-layout-flex\">\n<figure class=\"wp-block-image size-large\"><img decoding=\"async\" width=\"1024\" height=\"682\" data-id=\"70424\" src=\"https:\/\/fuentesfidedignas.com.mx\/wp-content\/uploads\/2024\/01\/WhatsApp-Image-2024-01-11-at-5.27.44-PM-1024x682.jpeg\" alt=\"\" class=\"wp-image-70424\" srcset=\"https:\/\/fuentesfidedignas.com.mx\/wp-content\/uploads\/2024\/01\/WhatsApp-Image-2024-01-11-at-5.27.44-PM-1024x682.jpeg 1024w, https:\/\/fuentesfidedignas.com.mx\/wp-content\/uploads\/2024\/01\/WhatsApp-Image-2024-01-11-at-5.27.44-PM-300x200.jpeg 300w, https:\/\/fuentesfidedignas.com.mx\/wp-content\/uploads\/2024\/01\/WhatsApp-Image-2024-01-11-at-5.27.44-PM-768x512.jpeg 768w, https:\/\/fuentesfidedignas.com.mx\/wp-content\/uploads\/2024\/01\/WhatsApp-Image-2024-01-11-at-5.27.44-PM-1536x1023.jpeg 1536w, https:\/\/fuentesfidedignas.com.mx\/wp-content\/uploads\/2024\/01\/WhatsApp-Image-2024-01-11-at-5.27.44-PM-696x464.jpeg 696w, https:\/\/fuentesfidedignas.com.mx\/wp-content\/uploads\/2024\/01\/WhatsApp-Image-2024-01-11-at-5.27.44-PM-1068x712.jpeg 1068w, https:\/\/fuentesfidedignas.com.mx\/wp-content\/uploads\/2024\/01\/WhatsApp-Image-2024-01-11-at-5.27.44-PM-630x420.jpeg 630w, https:\/\/fuentesfidedignas.com.mx\/wp-content\/uploads\/2024\/01\/WhatsApp-Image-2024-01-11-at-5.27.44-PM.jpeg 1600w\" sizes=\"(max-width: 1024px) 100vw, 1024px\" \/><\/figure>\n\n\n\n<figure class=\"wp-block-image size-large\"><img decoding=\"async\" width=\"1024\" height=\"682\" data-id=\"70425\" src=\"https:\/\/fuentesfidedignas.com.mx\/wp-content\/uploads\/2024\/01\/WhatsApp-Image-2024-01-11-at-5.27.43-PM-2-1024x682.jpeg\" alt=\"\" class=\"wp-image-70425\" srcset=\"https:\/\/fuentesfidedignas.com.mx\/wp-content\/uploads\/2024\/01\/WhatsApp-Image-2024-01-11-at-5.27.43-PM-2-1024x682.jpeg 1024w, https:\/\/fuentesfidedignas.com.mx\/wp-content\/uploads\/2024\/01\/WhatsApp-Image-2024-01-11-at-5.27.43-PM-2-300x200.jpeg 300w, https:\/\/fuentesfidedignas.com.mx\/wp-content\/uploads\/2024\/01\/WhatsApp-Image-2024-01-11-at-5.27.43-PM-2-768x512.jpeg 768w, https:\/\/fuentesfidedignas.com.mx\/wp-content\/uploads\/2024\/01\/WhatsApp-Image-2024-01-11-at-5.27.43-PM-2-1536x1023.jpeg 1536w, https:\/\/fuentesfidedignas.com.mx\/wp-content\/uploads\/2024\/01\/WhatsApp-Image-2024-01-11-at-5.27.43-PM-2-696x464.jpeg 696w, https:\/\/fuentesfidedignas.com.mx\/wp-content\/uploads\/2024\/01\/WhatsApp-Image-2024-01-11-at-5.27.43-PM-2-1068x712.jpeg 1068w, https:\/\/fuentesfidedignas.com.mx\/wp-content\/uploads\/2024\/01\/WhatsApp-Image-2024-01-11-at-5.27.43-PM-2-630x420.jpeg 630w, https:\/\/fuentesfidedignas.com.mx\/wp-content\/uploads\/2024\/01\/WhatsApp-Image-2024-01-11-at-5.27.43-PM-2.jpeg 1600w\" sizes=\"(max-width: 1024px) 100vw, 1024px\" \/><\/figure>\n\n\n\n<figure class=\"wp-block-image size-large\"><img decoding=\"async\" width=\"1024\" height=\"682\" data-id=\"70426\" src=\"https:\/\/fuentesfidedignas.com.mx\/wp-content\/uploads\/2024\/01\/WhatsApp-Image-2024-01-11-at-5.27.43-PM-1-1024x682.jpeg\" alt=\"\" class=\"wp-image-70426\" srcset=\"https:\/\/fuentesfidedignas.com.mx\/wp-content\/uploads\/2024\/01\/WhatsApp-Image-2024-01-11-at-5.27.43-PM-1-1024x682.jpeg 1024w, https:\/\/fuentesfidedignas.com.mx\/wp-content\/uploads\/2024\/01\/WhatsApp-Image-2024-01-11-at-5.27.43-PM-1-300x200.jpeg 300w, https:\/\/fuentesfidedignas.com.mx\/wp-content\/uploads\/2024\/01\/WhatsApp-Image-2024-01-11-at-5.27.43-PM-1-768x512.jpeg 768w, https:\/\/fuentesfidedignas.com.mx\/wp-content\/uploads\/2024\/01\/WhatsApp-Image-2024-01-11-at-5.27.43-PM-1-1536x1023.jpeg 1536w, https:\/\/fuentesfidedignas.com.mx\/wp-content\/uploads\/2024\/01\/WhatsApp-Image-2024-01-11-at-5.27.43-PM-1-696x464.jpeg 696w, https:\/\/fuentesfidedignas.com.mx\/wp-content\/uploads\/2024\/01\/WhatsApp-Image-2024-01-11-at-5.27.43-PM-1-1068x712.jpeg 1068w, https:\/\/fuentesfidedignas.com.mx\/wp-content\/uploads\/2024\/01\/WhatsApp-Image-2024-01-11-at-5.27.43-PM-1-630x420.jpeg 630w, https:\/\/fuentesfidedignas.com.mx\/wp-content\/uploads\/2024\/01\/WhatsApp-Image-2024-01-11-at-5.27.43-PM-1.jpeg 1600w\" sizes=\"(max-width: 1024px) 100vw, 1024px\" \/><\/figure>\n\n\n\n<figure class=\"wp-block-image size-large\"><img decoding=\"async\" width=\"1024\" height=\"682\" data-id=\"70427\" src=\"https:\/\/fuentesfidedignas.com.mx\/wp-content\/uploads\/2024\/01\/WhatsApp-Image-2024-01-11-at-5.27.43-PM-1024x682.jpeg\" alt=\"\" class=\"wp-image-70427\" srcset=\"https:\/\/fuentesfidedignas.com.mx\/wp-content\/uploads\/2024\/01\/WhatsApp-Image-2024-01-11-at-5.27.43-PM-1024x682.jpeg 1024w, https:\/\/fuentesfidedignas.com.mx\/wp-content\/uploads\/2024\/01\/WhatsApp-Image-2024-01-11-at-5.27.43-PM-300x200.jpeg 300w, https:\/\/fuentesfidedignas.com.mx\/wp-content\/uploads\/2024\/01\/WhatsApp-Image-2024-01-11-at-5.27.43-PM-768x512.jpeg 768w, https:\/\/fuentesfidedignas.com.mx\/wp-content\/uploads\/2024\/01\/WhatsApp-Image-2024-01-11-at-5.27.43-PM-1536x1023.jpeg 1536w, https:\/\/fuentesfidedignas.com.mx\/wp-content\/uploads\/2024\/01\/WhatsApp-Image-2024-01-11-at-5.27.43-PM-696x464.jpeg 696w, https:\/\/fuentesfidedignas.com.mx\/wp-content\/uploads\/2024\/01\/WhatsApp-Image-2024-01-11-at-5.27.43-PM-1068x712.jpeg 1068w, https:\/\/fuentesfidedignas.com.mx\/wp-content\/uploads\/2024\/01\/WhatsApp-Image-2024-01-11-at-5.27.43-PM-630x420.jpeg 630w, https:\/\/fuentesfidedignas.com.mx\/wp-content\/uploads\/2024\/01\/WhatsApp-Image-2024-01-11-at-5.27.43-PM.jpeg 1600w\" sizes=\"(max-width: 1024px) 100vw, 1024px\" \/><\/figure>\n\n\n\n<figure class=\"wp-block-image size-large\"><img decoding=\"async\" width=\"1024\" height=\"682\" data-id=\"70428\" src=\"https:\/\/fuentesfidedignas.com.mx\/wp-content\/uploads\/2024\/01\/WhatsApp-Image-2024-01-11-at-5.27.42-PM-2-1024x682.jpeg\" alt=\"\" class=\"wp-image-70428\" srcset=\"https:\/\/fuentesfidedignas.com.mx\/wp-content\/uploads\/2024\/01\/WhatsApp-Image-2024-01-11-at-5.27.42-PM-2-1024x682.jpeg 1024w, https:\/\/fuentesfidedignas.com.mx\/wp-content\/uploads\/2024\/01\/WhatsApp-Image-2024-01-11-at-5.27.42-PM-2-300x200.jpeg 300w, https:\/\/fuentesfidedignas.com.mx\/wp-content\/uploads\/2024\/01\/WhatsApp-Image-2024-01-11-at-5.27.42-PM-2-768x512.jpeg 768w, https:\/\/fuentesfidedignas.com.mx\/wp-content\/uploads\/2024\/01\/WhatsApp-Image-2024-01-11-at-5.27.42-PM-2-1536x1023.jpeg 1536w, https:\/\/fuentesfidedignas.com.mx\/wp-content\/uploads\/2024\/01\/WhatsApp-Image-2024-01-11-at-5.27.42-PM-2-696x464.jpeg 696w, https:\/\/fuentesfidedignas.com.mx\/wp-content\/uploads\/2024\/01\/WhatsApp-Image-2024-01-11-at-5.27.42-PM-2-1068x712.jpeg 1068w, https:\/\/fuentesfidedignas.com.mx\/wp-content\/uploads\/2024\/01\/WhatsApp-Image-2024-01-11-at-5.27.42-PM-2-630x420.jpeg 630w, https:\/\/fuentesfidedignas.com.mx\/wp-content\/uploads\/2024\/01\/WhatsApp-Image-2024-01-11-at-5.27.42-PM-2.jpeg 1600w\" sizes=\"(max-width: 1024px) 100vw, 1024px\" \/><\/figure>\n\n\n\n<figure class=\"wp-block-image size-large\"><img decoding=\"async\" width=\"1024\" height=\"682\" data-id=\"70429\" src=\"https:\/\/fuentesfidedignas.com.mx\/wp-content\/uploads\/2024\/01\/WhatsApp-Image-2024-01-11-at-5.27.42-PM-1-1024x682.jpeg\" alt=\"\" class=\"wp-image-70429\" srcset=\"https:\/\/fuentesfidedignas.com.mx\/wp-content\/uploads\/2024\/01\/WhatsApp-Image-2024-01-11-at-5.27.42-PM-1-1024x682.jpeg 1024w, https:\/\/fuentesfidedignas.com.mx\/wp-content\/uploads\/2024\/01\/WhatsApp-Image-2024-01-11-at-5.27.42-PM-1-300x200.jpeg 300w, https:\/\/fuentesfidedignas.com.mx\/wp-content\/uploads\/2024\/01\/WhatsApp-Image-2024-01-11-at-5.27.42-PM-1-768x512.jpeg 768w, https:\/\/fuentesfidedignas.com.mx\/wp-content\/uploads\/2024\/01\/WhatsApp-Image-2024-01-11-at-5.27.42-PM-1-1536x1023.jpeg 1536w, https:\/\/fuentesfidedignas.com.mx\/wp-content\/uploads\/2024\/01\/WhatsApp-Image-2024-01-11-at-5.27.42-PM-1-696x464.jpeg 696w, https:\/\/fuentesfidedignas.com.mx\/wp-content\/uploads\/2024\/01\/WhatsApp-Image-2024-01-11-at-5.27.42-PM-1-1068x712.jpeg 1068w, https:\/\/fuentesfidedignas.com.mx\/wp-content\/uploads\/2024\/01\/WhatsApp-Image-2024-01-11-at-5.27.42-PM-1-630x420.jpeg 630w, https:\/\/fuentesfidedignas.com.mx\/wp-content\/uploads\/2024\/01\/WhatsApp-Image-2024-01-11-at-5.27.42-PM-1.jpeg 1600w\" sizes=\"(max-width: 1024px) 100vw, 1024px\" \/><\/figure>\n\n\n\n<figure class=\"wp-block-image size-large\"><img decoding=\"async\" width=\"1024\" height=\"682\" data-id=\"70430\" src=\"https:\/\/fuentesfidedignas.com.mx\/wp-content\/uploads\/2024\/01\/WhatsApp-Image-2024-01-11-at-5.27.42-PM-1024x682.jpeg\" alt=\"\" class=\"wp-image-70430\" srcset=\"https:\/\/fuentesfidedignas.com.mx\/wp-content\/uploads\/2024\/01\/WhatsApp-Image-2024-01-11-at-5.27.42-PM-1024x682.jpeg 1024w, https:\/\/fuentesfidedignas.com.mx\/wp-content\/uploads\/2024\/01\/WhatsApp-Image-2024-01-11-at-5.27.42-PM-300x200.jpeg 300w, https:\/\/fuentesfidedignas.com.mx\/wp-content\/uploads\/2024\/01\/WhatsApp-Image-2024-01-11-at-5.27.42-PM-768x512.jpeg 768w, https:\/\/fuentesfidedignas.com.mx\/wp-content\/uploads\/2024\/01\/WhatsApp-Image-2024-01-11-at-5.27.42-PM-1536x1023.jpeg 1536w, https:\/\/fuentesfidedignas.com.mx\/wp-content\/uploads\/2024\/01\/WhatsApp-Image-2024-01-11-at-5.27.42-PM-696x464.jpeg 696w, https:\/\/fuentesfidedignas.com.mx\/wp-content\/uploads\/2024\/01\/WhatsApp-Image-2024-01-11-at-5.27.42-PM-1068x712.jpeg 1068w, https:\/\/fuentesfidedignas.com.mx\/wp-content\/uploads\/2024\/01\/WhatsApp-Image-2024-01-11-at-5.27.42-PM-630x420.jpeg 630w, https:\/\/fuentesfidedignas.com.mx\/wp-content\/uploads\/2024\/01\/WhatsApp-Image-2024-01-11-at-5.27.42-PM.jpeg 1600w\" sizes=\"(max-width: 1024px) 100vw, 1024px\" \/><\/figure>\n<\/figure>\n","protected":false},"excerpt":{"rendered":"<p>Estos apoyos llegan a las familias con el prop\u00f3sito de reducir el impacto que causan las bajas temperaturas en esta \u00e9poca del a\u00f1o. Culiac\u00e1n Sin.- Bajo la visi\u00f3n de reducir el impacto de las bajas temperaturas en familias que habitan en comunidades vulnerables, el Sistema DIF Bienestar Culiac\u00e1n en coordinaci\u00f3n con Protecci\u00f3n Civil municipal, realiz\u00f3 [&hellip;]<\/p>\n","protected":false},"author":4,"featured_media":70423,"comment_status":"open","ping_status":"open","sticky":false,"template":"","format":"standard","meta":{"tdm_status":"","tdm_grid_status":"","footnotes":""},"categories":[1],"tags":[],"class_list":{"0":"post-70422","1":"post","2":"type-post","3":"status-publish","4":"format-standard","5":"has-post-thumbnail","7":"category-sin-categoria"},"yoast_head":"<!-- This site is optimized with the Yoast SEO plugin v27.5 - https:\/\/yoast.com\/product\/yoast-seo-wordpress\/ -->\n<title>Entrega DIF Bienestar apoyos invernales a familias afectadas por la bajas temperaturas en Sanalona - Fuentes Fidedignas<\/title>\n<meta name=\"robots\" content=\"index, follow, max-snippet:-1, max-image-preview:large, max-video-preview:-1\" \/>\n<link rel=\"canonical\" href=\"https:\/\/fuentesfidedignas.com.mx\/index.php\/2024\/01\/11\/entrega-dif-bienestar-apoyos-invernales-a-familias-afectadas-por-la-bajas-temperaturas-en-sanalona\/\" \/>\n<meta property=\"og:locale\" content=\"es_MX\" \/>\n<meta property=\"og:type\" content=\"article\" \/>\n<meta property=\"og:title\" content=\"Entrega DIF Bienestar apoyos invernales a familias afectadas por la bajas temperaturas en Sanalona - Fuentes Fidedignas\" \/>\n<meta property=\"og:description\" content=\"Estos apoyos llegan a las familias con el prop\u00f3sito de reducir el impacto que causan las bajas temperaturas en esta \u00e9poca del a\u00f1o. Culiac\u00e1n Sin.- Bajo la visi\u00f3n de reducir el impacto de las bajas temperaturas en familias que habitan en comunidades vulnerables, el Sistema DIF Bienestar Culiac\u00e1n en coordinaci\u00f3n con Protecci\u00f3n Civil municipal, realiz\u00f3 [&hellip;]\" \/>\n<meta property=\"og:url\" content=\"https:\/\/fuentesfidedignas.com.mx\/index.php\/2024\/01\/11\/entrega-dif-bienestar-apoyos-invernales-a-familias-afectadas-por-la-bajas-temperaturas-en-sanalona\/\" \/>\n<meta property=\"og:site_name\" content=\"Fuentes Fidedignas\" \/>\n<meta property=\"article:publisher\" content=\"https:\/\/www.facebook.com\/Fuentes-Fidedignas-368234489921644\" \/>\n<meta property=\"article:published_time\" content=\"2024-01-12T00:34:20+00:00\" \/>\n<meta property=\"og:image\" content=\"https:\/\/fuentesfidedignas.com.mx\/wp-content\/uploads\/2024\/01\/WhatsApp-Image-2024-01-11-at-5.27.44-PM-1.jpeg\" \/>\n\t<meta property=\"og:image:width\" content=\"1600\" \/>\n\t<meta property=\"og:image:height\" content=\"1066\" \/>\n\t<meta property=\"og:image:type\" content=\"image\/jpeg\" \/>\n<meta name=\"author\" content=\"Redacci\u00f3n\" \/>\n<meta name=\"twitter:card\" content=\"summary_large_image\" \/>\n<meta name=\"twitter:creator\" content=\"@fidedignas\" \/>\n<meta name=\"twitter:site\" content=\"@fidedignas\" \/>\n<meta name=\"twitter:label1\" content=\"Escrito por\" \/>\n\t<meta name=\"twitter:data1\" content=\"Redacci\u00f3n\" \/>\n\t<meta name=\"twitter:label2\" content=\"Tiempo de lectura\" \/>\n\t<meta name=\"twitter:data2\" content=\"3 minutos\" \/>\n<script type=\"application\/ld+json\" class=\"yoast-schema-graph\">{\"@context\":\"https:\\\/\\\/schema.org\",\"@graph\":[{\"@type\":\"Article\",\"@id\":\"https:\\\/\\\/fuentesfidedignas.com.mx\\\/index.php\\\/2024\\\/01\\\/11\\\/entrega-dif-bienestar-apoyos-invernales-a-familias-afectadas-por-la-bajas-temperaturas-en-sanalona\\\/#article\",\"isPartOf\":{\"@id\":\"https:\\\/\\\/fuentesfidedignas.com.mx\\\/index.php\\\/2024\\\/01\\\/11\\\/entrega-dif-bienestar-apoyos-invernales-a-familias-afectadas-por-la-bajas-temperaturas-en-sanalona\\\/\"},\"author\":{\"name\":\"Redacci\u00f3n\",\"@id\":\"https:\\\/\\\/fuentesfidedignas.com.mx\\\/#\\\/schema\\\/person\\\/331be9283d37198e2acd5750279085b0\"},\"headline\":\"Entrega DIF Bienestar apoyos invernales a familias afectadas por la bajas temperaturas en Sanalona\",\"datePublished\":\"2024-01-12T00:34:20+00:00\",\"mainEntityOfPage\":{\"@id\":\"https:\\\/\\\/fuentesfidedignas.com.mx\\\/index.php\\\/2024\\\/01\\\/11\\\/entrega-dif-bienestar-apoyos-invernales-a-familias-afectadas-por-la-bajas-temperaturas-en-sanalona\\\/\"},\"wordCount\":318,\"commentCount\":0,\"publisher\":{\"@id\":\"https:\\\/\\\/fuentesfidedignas.com.mx\\\/#organization\"},\"image\":{\"@id\":\"https:\\\/\\\/fuentesfidedignas.com.mx\\\/index.php\\\/2024\\\/01\\\/11\\\/entrega-dif-bienestar-apoyos-invernales-a-familias-afectadas-por-la-bajas-temperaturas-en-sanalona\\\/#primaryimage\"},\"thumbnailUrl\":\"https:\\\/\\\/fuentesfidedignas.com.mx\\\/wp-content\\\/uploads\\\/2024\\\/01\\\/WhatsApp-Image-2024-01-11-at-5.27.44-PM-1.jpeg\",\"inLanguage\":\"es\",\"potentialAction\":[{\"@type\":\"CommentAction\",\"name\":\"Comment\",\"target\":[\"https:\\\/\\\/fuentesfidedignas.com.mx\\\/index.php\\\/2024\\\/01\\\/11\\\/entrega-dif-bienestar-apoyos-invernales-a-familias-afectadas-por-la-bajas-temperaturas-en-sanalona\\\/#respond\"]}]},{\"@type\":\"WebPage\",\"@id\":\"https:\\\/\\\/fuentesfidedignas.com.mx\\\/index.php\\\/2024\\\/01\\\/11\\\/entrega-dif-bienestar-apoyos-invernales-a-familias-afectadas-por-la-bajas-temperaturas-en-sanalona\\\/\",\"url\":\"https:\\\/\\\/fuentesfidedignas.com.mx\\\/index.php\\\/2024\\\/01\\\/11\\\/entrega-dif-bienestar-apoyos-invernales-a-familias-afectadas-por-la-bajas-temperaturas-en-sanalona\\\/\",\"name\":\"Entrega DIF Bienestar apoyos invernales a familias afectadas por la bajas temperaturas en Sanalona - Fuentes Fidedignas\",\"isPartOf\":{\"@id\":\"https:\\\/\\\/fuentesfidedignas.com.mx\\\/#website\"},\"primaryImageOfPage\":{\"@id\":\"https:\\\/\\\/fuentesfidedignas.com.mx\\\/index.php\\\/2024\\\/01\\\/11\\\/entrega-dif-bienestar-apoyos-invernales-a-familias-afectadas-por-la-bajas-temperaturas-en-sanalona\\\/#primaryimage\"},\"image\":{\"@id\":\"https:\\\/\\\/fuentesfidedignas.com.mx\\\/index.php\\\/2024\\\/01\\\/11\\\/entrega-dif-bienestar-apoyos-invernales-a-familias-afectadas-por-la-bajas-temperaturas-en-sanalona\\\/#primaryimage\"},\"thumbnailUrl\":\"https:\\\/\\\/fuentesfidedignas.com.mx\\\/wp-content\\\/uploads\\\/2024\\\/01\\\/WhatsApp-Image-2024-01-11-at-5.27.44-PM-1.jpeg\",\"datePublished\":\"2024-01-12T00:34:20+00:00\",\"breadcrumb\":{\"@id\":\"https:\\\/\\\/fuentesfidedignas.com.mx\\\/index.php\\\/2024\\\/01\\\/11\\\/entrega-dif-bienestar-apoyos-invernales-a-familias-afectadas-por-la-bajas-temperaturas-en-sanalona\\\/#breadcrumb\"},\"inLanguage\":\"es\",\"potentialAction\":[{\"@type\":\"ReadAction\",\"target\":[\"https:\\\/\\\/fuentesfidedignas.com.mx\\\/index.php\\\/2024\\\/01\\\/11\\\/entrega-dif-bienestar-apoyos-invernales-a-familias-afectadas-por-la-bajas-temperaturas-en-sanalona\\\/\"]}]},{\"@type\":\"ImageObject\",\"inLanguage\":\"es\",\"@id\":\"https:\\\/\\\/fuentesfidedignas.com.mx\\\/index.php\\\/2024\\\/01\\\/11\\\/entrega-dif-bienestar-apoyos-invernales-a-familias-afectadas-por-la-bajas-temperaturas-en-sanalona\\\/#primaryimage\",\"url\":\"https:\\\/\\\/fuentesfidedignas.com.mx\\\/wp-content\\\/uploads\\\/2024\\\/01\\\/WhatsApp-Image-2024-01-11-at-5.27.44-PM-1.jpeg\",\"contentUrl\":\"https:\\\/\\\/fuentesfidedignas.com.mx\\\/wp-content\\\/uploads\\\/2024\\\/01\\\/WhatsApp-Image-2024-01-11-at-5.27.44-PM-1.jpeg\",\"width\":1600,\"height\":1066},{\"@type\":\"BreadcrumbList\",\"@id\":\"https:\\\/\\\/fuentesfidedignas.com.mx\\\/index.php\\\/2024\\\/01\\\/11\\\/entrega-dif-bienestar-apoyos-invernales-a-familias-afectadas-por-la-bajas-temperaturas-en-sanalona\\\/#breadcrumb\",\"itemListElement\":[{\"@type\":\"ListItem\",\"position\":1,\"name\":\"Inicio\",\"item\":\"https:\\\/\\\/fuentesfidedignas.com.mx\\\/\"},{\"@type\":\"ListItem\",\"position\":2,\"name\":\"Entrega DIF Bienestar apoyos invernales a familias afectadas por la bajas temperaturas en Sanalona\"}]},{\"@type\":\"WebSite\",\"@id\":\"https:\\\/\\\/fuentesfidedignas.com.mx\\\/#website\",\"url\":\"https:\\\/\\\/fuentesfidedignas.com.mx\\\/\",\"name\":\"Fuentes Fidedignas\",\"description\":\"Otro sitio realizado con WordPress\",\"publisher\":{\"@id\":\"https:\\\/\\\/fuentesfidedignas.com.mx\\\/#organization\"},\"potentialAction\":[{\"@type\":\"SearchAction\",\"target\":{\"@type\":\"EntryPoint\",\"urlTemplate\":\"https:\\\/\\\/fuentesfidedignas.com.mx\\\/?s={search_term_string}\"},\"query-input\":{\"@type\":\"PropertyValueSpecification\",\"valueRequired\":true,\"valueName\":\"search_term_string\"}}],\"inLanguage\":\"es\"},{\"@type\":\"Organization\",\"@id\":\"https:\\\/\\\/fuentesfidedignas.com.mx\\\/#organization\",\"name\":\"Fuentes Fidedignas\",\"url\":\"https:\\\/\\\/fuentesfidedignas.com.mx\\\/\",\"logo\":{\"@type\":\"ImageObject\",\"inLanguage\":\"es\",\"@id\":\"https:\\\/\\\/fuentesfidedignas.com.mx\\\/#\\\/schema\\\/logo\\\/image\\\/\",\"url\":\"https:\\\/\\\/fuentesfidedignas.com.mx\\\/wp-content\\\/uploads\\\/2021\\\/04\\\/logo-retina.png\",\"contentUrl\":\"https:\\\/\\\/fuentesfidedignas.com.mx\\\/wp-content\\\/uploads\\\/2021\\\/04\\\/logo-retina.png\",\"width\":280,\"height\":51,\"caption\":\"Fuentes Fidedignas\"},\"image\":{\"@id\":\"https:\\\/\\\/fuentesfidedignas.com.mx\\\/#\\\/schema\\\/logo\\\/image\\\/\"},\"sameAs\":[\"https:\\\/\\\/www.facebook.com\\\/Fuentes-Fidedignas-368234489921644\",\"https:\\\/\\\/x.com\\\/fidedignas\"]},{\"@type\":\"Person\",\"@id\":\"https:\\\/\\\/fuentesfidedignas.com.mx\\\/#\\\/schema\\\/person\\\/331be9283d37198e2acd5750279085b0\",\"name\":\"Redacci\u00f3n\",\"image\":{\"@type\":\"ImageObject\",\"inLanguage\":\"es\",\"@id\":\"https:\\\/\\\/secure.gravatar.com\\\/avatar\\\/f6d8782c11d12b2d4ad3fbb6931aeab5309937a4d6cd2fc9cfaa28a6396a5aec?s=96&d=mm&r=g\",\"url\":\"https:\\\/\\\/secure.gravatar.com\\\/avatar\\\/f6d8782c11d12b2d4ad3fbb6931aeab5309937a4d6cd2fc9cfaa28a6396a5aec?s=96&d=mm&r=g\",\"contentUrl\":\"https:\\\/\\\/secure.gravatar.com\\\/avatar\\\/f6d8782c11d12b2d4ad3fbb6931aeab5309937a4d6cd2fc9cfaa28a6396a5aec?s=96&d=mm&r=g\",\"caption\":\"Redacci\u00f3n\"},\"url\":\"https:\\\/\\\/fuentesfidedignas.com.mx\\\/index.php\\\/author\\\/redaccion\\\/\"}]}<\/script>\n<!-- \/ Yoast SEO plugin. -->","yoast_head_json":{"title":"Entrega DIF Bienestar apoyos invernales a familias afectadas por la bajas temperaturas en Sanalona - Fuentes Fidedignas","robots":{"index":"index","follow":"follow","max-snippet":"max-snippet:-1","max-image-preview":"max-image-preview:large","max-video-preview":"max-video-preview:-1"},"canonical":"https:\/\/fuentesfidedignas.com.mx\/index.php\/2024\/01\/11\/entrega-dif-bienestar-apoyos-invernales-a-familias-afectadas-por-la-bajas-temperaturas-en-sanalona\/","og_locale":"es_MX","og_type":"article","og_title":"Entrega DIF Bienestar apoyos invernales a familias afectadas por la bajas temperaturas en Sanalona - Fuentes Fidedignas","og_description":"Estos apoyos llegan a las familias con el prop\u00f3sito de reducir el impacto que causan las bajas temperaturas en esta \u00e9poca del a\u00f1o. Culiac\u00e1n Sin.- Bajo la visi\u00f3n de reducir el impacto de las bajas temperaturas en familias que habitan en comunidades vulnerables, el Sistema DIF Bienestar Culiac\u00e1n en coordinaci\u00f3n con Protecci\u00f3n Civil municipal, realiz\u00f3 [&hellip;]","og_url":"https:\/\/fuentesfidedignas.com.mx\/index.php\/2024\/01\/11\/entrega-dif-bienestar-apoyos-invernales-a-familias-afectadas-por-la-bajas-temperaturas-en-sanalona\/","og_site_name":"Fuentes Fidedignas","article_publisher":"https:\/\/www.facebook.com\/Fuentes-Fidedignas-368234489921644","article_published_time":"2024-01-12T00:34:20+00:00","og_image":[{"width":1600,"height":1066,"url":"https:\/\/fuentesfidedignas.com.mx\/wp-content\/uploads\/2024\/01\/WhatsApp-Image-2024-01-11-at-5.27.44-PM-1.jpeg","type":"image\/jpeg"}],"author":"Redacci\u00f3n","twitter_card":"summary_large_image","twitter_creator":"@fidedignas","twitter_site":"@fidedignas","twitter_misc":{"Escrito por":"Redacci\u00f3n","Tiempo de lectura":"3 minutos"},"schema":{"@context":"https:\/\/schema.org","@graph":[{"@type":"Article","@id":"https:\/\/fuentesfidedignas.com.mx\/index.php\/2024\/01\/11\/entrega-dif-bienestar-apoyos-invernales-a-familias-afectadas-por-la-bajas-temperaturas-en-sanalona\/#article","isPartOf":{"@id":"https:\/\/fuentesfidedignas.com.mx\/index.php\/2024\/01\/11\/entrega-dif-bienestar-apoyos-invernales-a-familias-afectadas-por-la-bajas-temperaturas-en-sanalona\/"},"author":{"name":"Redacci\u00f3n","@id":"https:\/\/fuentesfidedignas.com.mx\/#\/schema\/person\/331be9283d37198e2acd5750279085b0"},"headline":"Entrega DIF Bienestar apoyos invernales a familias afectadas por la bajas temperaturas en Sanalona","datePublished":"2024-01-12T00:34:20+00:00","mainEntityOfPage":{"@id":"https:\/\/fuentesfidedignas.com.mx\/index.php\/2024\/01\/11\/entrega-dif-bienestar-apoyos-invernales-a-familias-afectadas-por-la-bajas-temperaturas-en-sanalona\/"},"wordCount":318,"commentCount":0,"publisher":{"@id":"https:\/\/fuentesfidedignas.com.mx\/#organization"},"image":{"@id":"https:\/\/fuentesfidedignas.com.mx\/index.php\/2024\/01\/11\/entrega-dif-bienestar-apoyos-invernales-a-familias-afectadas-por-la-bajas-temperaturas-en-sanalona\/#primaryimage"},"thumbnailUrl":"https:\/\/fuentesfidedignas.com.mx\/wp-content\/uploads\/2024\/01\/WhatsApp-Image-2024-01-11-at-5.27.44-PM-1.jpeg","inLanguage":"es","potentialAction":[{"@type":"CommentAction","name":"Comment","target":["https:\/\/fuentesfidedignas.com.mx\/index.php\/2024\/01\/11\/entrega-dif-bienestar-apoyos-invernales-a-familias-afectadas-por-la-bajas-temperaturas-en-sanalona\/#respond"]}]},{"@type":"WebPage","@id":"https:\/\/fuentesfidedignas.com.mx\/index.php\/2024\/01\/11\/entrega-dif-bienestar-apoyos-invernales-a-familias-afectadas-por-la-bajas-temperaturas-en-sanalona\/","url":"https:\/\/fuentesfidedignas.com.mx\/index.php\/2024\/01\/11\/entrega-dif-bienestar-apoyos-invernales-a-familias-afectadas-por-la-bajas-temperaturas-en-sanalona\/","name":"Entrega DIF Bienestar apoyos invernales a familias afectadas por la bajas temperaturas en Sanalona - Fuentes Fidedignas","isPartOf":{"@id":"https:\/\/fuentesfidedignas.com.mx\/#website"},"primaryImageOfPage":{"@id":"https:\/\/fuentesfidedignas.com.mx\/index.php\/2024\/01\/11\/entrega-dif-bienestar-apoyos-invernales-a-familias-afectadas-por-la-bajas-temperaturas-en-sanalona\/#primaryimage"},"image":{"@id":"https:\/\/fuentesfidedignas.com.mx\/index.php\/2024\/01\/11\/entrega-dif-bienestar-apoyos-invernales-a-familias-afectadas-por-la-bajas-temperaturas-en-sanalona\/#primaryimage"},"thumbnailUrl":"https:\/\/fuentesfidedignas.com.mx\/wp-content\/uploads\/2024\/01\/WhatsApp-Image-2024-01-11-at-5.27.44-PM-1.jpeg","datePublished":"2024-01-12T00:34:20+00:00","breadcrumb":{"@id":"https:\/\/fuentesfidedignas.com.mx\/index.php\/2024\/01\/11\/entrega-dif-bienestar-apoyos-invernales-a-familias-afectadas-por-la-bajas-temperaturas-en-sanalona\/#breadcrumb"},"inLanguage":"es","potentialAction":[{"@type":"ReadAction","target":["https:\/\/fuentesfidedignas.com.mx\/index.php\/2024\/01\/11\/entrega-dif-bienestar-apoyos-invernales-a-familias-afectadas-por-la-bajas-temperaturas-en-sanalona\/"]}]},{"@type":"ImageObject","inLanguage":"es","@id":"https:\/\/fuentesfidedignas.com.mx\/index.php\/2024\/01\/11\/entrega-dif-bienestar-apoyos-invernales-a-familias-afectadas-por-la-bajas-temperaturas-en-sanalona\/#primaryimage","url":"https:\/\/fuentesfidedignas.com.mx\/wp-content\/uploads\/2024\/01\/WhatsApp-Image-2024-01-11-at-5.27.44-PM-1.jpeg","contentUrl":"https:\/\/fuentesfidedignas.com.mx\/wp-content\/uploads\/2024\/01\/WhatsApp-Image-2024-01-11-at-5.27.44-PM-1.jpeg","width":1600,"height":1066},{"@type":"BreadcrumbList","@id":"https:\/\/fuentesfidedignas.com.mx\/index.php\/2024\/01\/11\/entrega-dif-bienestar-apoyos-invernales-a-familias-afectadas-por-la-bajas-temperaturas-en-sanalona\/#breadcrumb","itemListElement":[{"@type":"ListItem","position":1,"name":"Inicio","item":"https:\/\/fuentesfidedignas.com.mx\/"},{"@type":"ListItem","position":2,"name":"Entrega DIF Bienestar apoyos invernales a familias afectadas por la bajas temperaturas en Sanalona"}]},{"@type":"WebSite","@id":"https:\/\/fuentesfidedignas.com.mx\/#website","url":"https:\/\/fuentesfidedignas.com.mx\/","name":"Fuentes Fidedignas","description":"Otro sitio realizado con WordPress","publisher":{"@id":"https:\/\/fuentesfidedignas.com.mx\/#organization"},"potentialAction":[{"@type":"SearchAction","target":{"@type":"EntryPoint","urlTemplate":"https:\/\/fuentesfidedignas.com.mx\/?s={search_term_string}"},"query-input":{"@type":"PropertyValueSpecification","valueRequired":true,"valueName":"search_term_string"}}],"inLanguage":"es"},{"@type":"Organization","@id":"https:\/\/fuentesfidedignas.com.mx\/#organization","name":"Fuentes Fidedignas","url":"https:\/\/fuentesfidedignas.com.mx\/","logo":{"@type":"ImageObject","inLanguage":"es","@id":"https:\/\/fuentesfidedignas.com.mx\/#\/schema\/logo\/image\/","url":"https:\/\/fuentesfidedignas.com.mx\/wp-content\/uploads\/2021\/04\/logo-retina.png","contentUrl":"https:\/\/fuentesfidedignas.com.mx\/wp-content\/uploads\/2021\/04\/logo-retina.png","width":280,"height":51,"caption":"Fuentes Fidedignas"},"image":{"@id":"https:\/\/fuentesfidedignas.com.mx\/#\/schema\/logo\/image\/"},"sameAs":["https:\/\/www.facebook.com\/Fuentes-Fidedignas-368234489921644","https:\/\/x.com\/fidedignas"]},{"@type":"Person","@id":"https:\/\/fuentesfidedignas.com.mx\/#\/schema\/person\/331be9283d37198e2acd5750279085b0","name":"Redacci\u00f3n","image":{"@type":"ImageObject","inLanguage":"es","@id":"https:\/\/secure.gravatar.com\/avatar\/f6d8782c11d12b2d4ad3fbb6931aeab5309937a4d6cd2fc9cfaa28a6396a5aec?s=96&d=mm&r=g","url":"https:\/\/secure.gravatar.com\/avatar\/f6d8782c11d12b2d4ad3fbb6931aeab5309937a4d6cd2fc9cfaa28a6396a5aec?s=96&d=mm&r=g","contentUrl":"https:\/\/secure.gravatar.com\/avatar\/f6d8782c11d12b2d4ad3fbb6931aeab5309937a4d6cd2fc9cfaa28a6396a5aec?s=96&d=mm&r=g","caption":"Redacci\u00f3n"},"url":"https:\/\/fuentesfidedignas.com.mx\/index.php\/author\/redaccion\/"}]}},"_links":{"self":[{"href":"https:\/\/fuentesfidedignas.com.mx\/index.php\/wp-json\/wp\/v2\/posts\/70422","targetHints":{"allow":["GET"]}}],"collection":[{"href":"https:\/\/fuentesfidedignas.com.mx\/index.php\/wp-json\/wp\/v2\/posts"}],"about":[{"href":"https:\/\/fuentesfidedignas.com.mx\/index.php\/wp-json\/wp\/v2\/types\/post"}],"author":[{"embeddable":true,"href":"https:\/\/fuentesfidedignas.com.mx\/index.php\/wp-json\/wp\/v2\/users\/4"}],"replies":[{"embeddable":true,"href":"https:\/\/fuentesfidedignas.com.mx\/index.php\/wp-json\/wp\/v2\/comments?post=70422"}],"version-history":[{"count":1,"href":"https:\/\/fuentesfidedignas.com.mx\/index.php\/wp-json\/wp\/v2\/posts\/70422\/revisions"}],"predecessor-version":[{"id":70431,"href":"https:\/\/fuentesfidedignas.com.mx\/index.php\/wp-json\/wp\/v2\/posts\/70422\/revisions\/70431"}],"wp:featuredmedia":[{"embeddable":true,"href":"https:\/\/fuentesfidedignas.com.mx\/index.php\/wp-json\/wp\/v2\/media\/70423"}],"wp:attachment":[{"href":"https:\/\/fuentesfidedignas.com.mx\/index.php\/wp-json\/wp\/v2\/media?parent=70422"}],"wp:term":[{"taxonomy":"category","embeddable":true,"href":"https:\/\/fuentesfidedignas.com.mx\/index.php\/wp-json\/wp\/v2\/categories?post=70422"},{"taxonomy":"post_tag","embeddable":true,"href":"https:\/\/fuentesfidedignas.com.mx\/index.php\/wp-json\/wp\/v2\/tags?post=70422"}],"curies":[{"name":"wp","href":"https:\/\/api.w.org\/{rel}","templated":true}]}}