{"id":70392,"date":"2024-01-11T14:30:01","date_gmt":"2024-01-11T21:30:01","guid":{"rendered":"https:\/\/fuentesfidedignas.com.mx\/?p=70392"},"modified":"2024-01-11T14:30:03","modified_gmt":"2024-01-11T21:30:03","slug":"tienes-uno-de-estos-autos-profeco-alerta-por-fallas-en-modelos-vw-gm-y-toyota","status":"publish","type":"post","link":"https:\/\/fuentesfidedignas.com.mx\/index.php\/2024\/01\/11\/tienes-uno-de-estos-autos-profeco-alerta-por-fallas-en-modelos-vw-gm-y-toyota\/","title":{"rendered":"\u00bfTienes uno de estos autos? Profeco alerta por fallas en modelos VW, GM y Toyota"},"content":{"rendered":"\n<p><br><em><strong>La Profeco detall\u00f3 que se trata 65 mil unidades, las cuales podr\u00edan provocar lesiones a los conductores<\/strong><\/em><\/p>\n\n\n\n<p>Ciudad de M\u00e9xico.- Veh\u00edculos de las automotrices General Motors, Toyota y Volkswagen\u00a0presentan fallas que podr\u00eda afectar a los conductores de estas unidades, alert\u00f3 la Procuradur\u00eda Federal del Consumidor (Profeco) y\u00a0llam\u00f3 a que los due\u00f1os a acudir a una revisi\u00f3n.\u00a0<\/p>\n\n\n\n<p>De acuerdo con la Revista del Consumidor que en este mes publica la Profeco, m\u00e1s&nbsp;65 mil unidades son las que se ven afectadas.<\/p>\n\n\n\n<p><strong>General Motors de M\u00e9xico<\/strong><br>Unas mil 87 unidades de esta automotriz tienen llamado a revisi\u00f3n para las marcas Acadia a\u00f1os 202 a 2021, as\u00ed como el Cadillac modelo XT5 a\u00f1os 2020 a 2021.<\/p>\n\n\n\n<p><strong>\u00bfCu\u00e1l es el riesgo?\u00a0<\/strong><br>Hay posibilidad de que la c\u00e1mara de visi\u00f3n 360 grados, con equipamiento adicional, funcione de manera intermitente o deje de funcionar.<br>Por lo anterior, la automotriz reemplazar\u00e1 de manera gratuita los cables coaxiles que transmiten la se\u00f1al de la c\u00e1mara.<\/p>\n\n\n\n<p>Los conductores deber\u00e1n acudir a Distribuidores Autorizados General Motors, tel\u00e9fono 800 4660 812.<\/p>\n\n\n\n<p><strong>Toyota Motor<\/strong><br>Unas mil 844 unidades del\u00a0 modelo Hilux 2022 deben ser revisadas por Toyota Motor Sales de M\u00e9xico.<\/p>\n\n\n\n<p><strong>\u00bfCu\u00e1l es el riesgo?<\/strong><\/p>\n\n\n\n<p>La empresa explica que debido a la escasez de semiconductores que se usan en los microchips de las llaves, solo se incluy\u00f3 una que corresponde al acceso remoto de los veh\u00edculos.<\/p>\n\n\n\n<p>Por lo anterior, inform\u00f3 que cualquier distribuidor autorizado proporcionar\u00e1 una llave de acceso remota sin costo alguno para el consumidor.<\/p>\n\n\n\n<p>Los conductores de estos veh\u00edculos deber\u00e1n visitar la p\u00e1gina al sitio web oficial de Toyota, o bien, llamar al 01 800 7 869682, o enviar un correo a contacto@marcatoyota.com.mx<\/p>\n\n\n\n<p><strong>Volkswagen de M\u00e9xico<\/strong><br>La automotriz report\u00f3 62 mil 307 unidades de los modelos EOS 2010, Eurovan 2008 a 2009, Passat 2008, 2009 y 2010, Polo 2013, as\u00ed como Vento 2014.<\/p>\n\n\n\n<p><strong>\u00bfCu\u00e1l es el riesgo?<\/strong><\/p>\n\n\n\n<p>Se detall\u00f3 que en caso de accidente y con la activaci\u00f3n de las bolsas de aire (airbag) marca Takata, es posible que las carcasas del generador de gas de la bolsa de aire frontal del lado del conductor, se desprendan peque\u00f1os filamentos.&nbsp;<\/p>\n\n\n\n<p>Por lo que se deben revisar los autos afectados, y de ser necesario llevar a cabo la sustituci\u00f3n de dicha bolsa o generador de gas, esto sin costo.<\/p>\n\n\n\n<p>Los conductores deber\u00e1n acudir con su Distribuidor Autorizado Volkswagen, o bien, llamar al 800 737 8489, o enviar un correo a contacto@vw.com.mx<\/p>\n","protected":false},"excerpt":{"rendered":"<p>La Profeco detall\u00f3 que se trata 65 mil unidades, las cuales podr\u00edan provocar lesiones a los conductores Ciudad de M\u00e9xico.- Veh\u00edculos de las automotrices General Motors, Toyota y Volkswagen\u00a0presentan fallas que podr\u00eda afectar a los conductores de estas unidades, alert\u00f3 la Procuradur\u00eda Federal del Consumidor (Profeco) y\u00a0llam\u00f3 a que los due\u00f1os a acudir a una [&hellip;]<\/p>\n","protected":false},"author":9,"featured_media":70393,"comment_status":"open","ping_status":"open","sticky":false,"template":"","format":"standard","meta":{"tdm_status":"","tdm_grid_status":"","footnotes":""},"categories":[39],"tags":[],"class_list":{"0":"post-70392","1":"post","2":"type-post","3":"status-publish","4":"format-standard","5":"has-post-thumbnail","7":"category-noticias-nacionales"},"yoast_head":"<!-- This site is optimized with the Yoast SEO plugin v27.5 - https:\/\/yoast.com\/product\/yoast-seo-wordpress\/ -->\n<title>\u00bfTienes uno de estos autos? Profeco alerta por fallas en modelos VW, GM y Toyota - Fuentes Fidedignas<\/title>\n<meta name=\"robots\" content=\"index, follow, max-snippet:-1, max-image-preview:large, max-video-preview:-1\" \/>\n<link rel=\"canonical\" href=\"https:\/\/fuentesfidedignas.com.mx\/index.php\/2024\/01\/11\/tienes-uno-de-estos-autos-profeco-alerta-por-fallas-en-modelos-vw-gm-y-toyota\/\" \/>\n<meta property=\"og:locale\" content=\"es_MX\" \/>\n<meta property=\"og:type\" content=\"article\" \/>\n<meta property=\"og:title\" content=\"\u00bfTienes uno de estos autos? Profeco alerta por fallas en modelos VW, GM y Toyota - Fuentes Fidedignas\" \/>\n<meta property=\"og:description\" content=\"La Profeco detall\u00f3 que se trata 65 mil unidades, las cuales podr\u00edan provocar lesiones a los conductores Ciudad de M\u00e9xico.- Veh\u00edculos de las automotrices General Motors, Toyota y Volkswagen\u00a0presentan fallas que podr\u00eda afectar a los conductores de estas unidades, alert\u00f3 la Procuradur\u00eda Federal del Consumidor (Profeco) y\u00a0llam\u00f3 a que los due\u00f1os a acudir a una [&hellip;]\" \/>\n<meta property=\"og:url\" content=\"https:\/\/fuentesfidedignas.com.mx\/index.php\/2024\/01\/11\/tienes-uno-de-estos-autos-profeco-alerta-por-fallas-en-modelos-vw-gm-y-toyota\/\" \/>\n<meta property=\"og:site_name\" content=\"Fuentes Fidedignas\" \/>\n<meta property=\"article:publisher\" content=\"https:\/\/www.facebook.com\/Fuentes-Fidedignas-368234489921644\" \/>\n<meta property=\"article:published_time\" content=\"2024-01-11T21:30:01+00:00\" \/>\n<meta property=\"article:modified_time\" content=\"2024-01-11T21:30:03+00:00\" \/>\n<meta property=\"og:image\" content=\"https:\/\/fuentesfidedignas.com.mx\/wp-content\/uploads\/2024\/01\/1366_2000.jpg\" \/>\n\t<meta property=\"og:image:width\" content=\"1366\" \/>\n\t<meta property=\"og:image:height\" content=\"984\" \/>\n\t<meta property=\"og:image:type\" content=\"image\/jpeg\" \/>\n<meta name=\"author\" content=\"Milenio\" \/>\n<meta name=\"twitter:card\" content=\"summary_large_image\" \/>\n<meta name=\"twitter:creator\" content=\"@fidedignas\" \/>\n<meta name=\"twitter:site\" content=\"@fidedignas\" \/>\n<meta name=\"twitter:label1\" content=\"Escrito por\" \/>\n\t<meta name=\"twitter:data1\" content=\"Milenio\" \/>\n\t<meta name=\"twitter:label2\" content=\"Tiempo de lectura\" \/>\n\t<meta name=\"twitter:data2\" content=\"3 minutos\" \/>\n<script type=\"application\/ld+json\" class=\"yoast-schema-graph\">{\"@context\":\"https:\\\/\\\/schema.org\",\"@graph\":[{\"@type\":\"Article\",\"@id\":\"https:\\\/\\\/fuentesfidedignas.com.mx\\\/index.php\\\/2024\\\/01\\\/11\\\/tienes-uno-de-estos-autos-profeco-alerta-por-fallas-en-modelos-vw-gm-y-toyota\\\/#article\",\"isPartOf\":{\"@id\":\"https:\\\/\\\/fuentesfidedignas.com.mx\\\/index.php\\\/2024\\\/01\\\/11\\\/tienes-uno-de-estos-autos-profeco-alerta-por-fallas-en-modelos-vw-gm-y-toyota\\\/\"},\"author\":{\"name\":\"Milenio\",\"@id\":\"https:\\\/\\\/fuentesfidedignas.com.mx\\\/#\\\/schema\\\/person\\\/47ec0135738f4b0c7495f06a77a2c976\"},\"headline\":\"\u00bfTienes uno de estos autos? Profeco alerta por fallas en modelos VW, GM y Toyota\",\"datePublished\":\"2024-01-11T21:30:01+00:00\",\"dateModified\":\"2024-01-11T21:30:03+00:00\",\"mainEntityOfPage\":{\"@id\":\"https:\\\/\\\/fuentesfidedignas.com.mx\\\/index.php\\\/2024\\\/01\\\/11\\\/tienes-uno-de-estos-autos-profeco-alerta-por-fallas-en-modelos-vw-gm-y-toyota\\\/\"},\"wordCount\":426,\"commentCount\":0,\"publisher\":{\"@id\":\"https:\\\/\\\/fuentesfidedignas.com.mx\\\/#organization\"},\"image\":{\"@id\":\"https:\\\/\\\/fuentesfidedignas.com.mx\\\/index.php\\\/2024\\\/01\\\/11\\\/tienes-uno-de-estos-autos-profeco-alerta-por-fallas-en-modelos-vw-gm-y-toyota\\\/#primaryimage\"},\"thumbnailUrl\":\"https:\\\/\\\/fuentesfidedignas.com.mx\\\/wp-content\\\/uploads\\\/2024\\\/01\\\/1366_2000.jpg\",\"articleSection\":[\"NOTICIAS NACIONALES\"],\"inLanguage\":\"es\",\"potentialAction\":[{\"@type\":\"CommentAction\",\"name\":\"Comment\",\"target\":[\"https:\\\/\\\/fuentesfidedignas.com.mx\\\/index.php\\\/2024\\\/01\\\/11\\\/tienes-uno-de-estos-autos-profeco-alerta-por-fallas-en-modelos-vw-gm-y-toyota\\\/#respond\"]}]},{\"@type\":\"WebPage\",\"@id\":\"https:\\\/\\\/fuentesfidedignas.com.mx\\\/index.php\\\/2024\\\/01\\\/11\\\/tienes-uno-de-estos-autos-profeco-alerta-por-fallas-en-modelos-vw-gm-y-toyota\\\/\",\"url\":\"https:\\\/\\\/fuentesfidedignas.com.mx\\\/index.php\\\/2024\\\/01\\\/11\\\/tienes-uno-de-estos-autos-profeco-alerta-por-fallas-en-modelos-vw-gm-y-toyota\\\/\",\"name\":\"\u00bfTienes uno de estos autos? Profeco alerta por fallas en modelos VW, GM y Toyota - Fuentes Fidedignas\",\"isPartOf\":{\"@id\":\"https:\\\/\\\/fuentesfidedignas.com.mx\\\/#website\"},\"primaryImageOfPage\":{\"@id\":\"https:\\\/\\\/fuentesfidedignas.com.mx\\\/index.php\\\/2024\\\/01\\\/11\\\/tienes-uno-de-estos-autos-profeco-alerta-por-fallas-en-modelos-vw-gm-y-toyota\\\/#primaryimage\"},\"image\":{\"@id\":\"https:\\\/\\\/fuentesfidedignas.com.mx\\\/index.php\\\/2024\\\/01\\\/11\\\/tienes-uno-de-estos-autos-profeco-alerta-por-fallas-en-modelos-vw-gm-y-toyota\\\/#primaryimage\"},\"thumbnailUrl\":\"https:\\\/\\\/fuentesfidedignas.com.mx\\\/wp-content\\\/uploads\\\/2024\\\/01\\\/1366_2000.jpg\",\"datePublished\":\"2024-01-11T21:30:01+00:00\",\"dateModified\":\"2024-01-11T21:30:03+00:00\",\"breadcrumb\":{\"@id\":\"https:\\\/\\\/fuentesfidedignas.com.mx\\\/index.php\\\/2024\\\/01\\\/11\\\/tienes-uno-de-estos-autos-profeco-alerta-por-fallas-en-modelos-vw-gm-y-toyota\\\/#breadcrumb\"},\"inLanguage\":\"es\",\"potentialAction\":[{\"@type\":\"ReadAction\",\"target\":[\"https:\\\/\\\/fuentesfidedignas.com.mx\\\/index.php\\\/2024\\\/01\\\/11\\\/tienes-uno-de-estos-autos-profeco-alerta-por-fallas-en-modelos-vw-gm-y-toyota\\\/\"]}]},{\"@type\":\"ImageObject\",\"inLanguage\":\"es\",\"@id\":\"https:\\\/\\\/fuentesfidedignas.com.mx\\\/index.php\\\/2024\\\/01\\\/11\\\/tienes-uno-de-estos-autos-profeco-alerta-por-fallas-en-modelos-vw-gm-y-toyota\\\/#primaryimage\",\"url\":\"https:\\\/\\\/fuentesfidedignas.com.mx\\\/wp-content\\\/uploads\\\/2024\\\/01\\\/1366_2000.jpg\",\"contentUrl\":\"https:\\\/\\\/fuentesfidedignas.com.mx\\\/wp-content\\\/uploads\\\/2024\\\/01\\\/1366_2000.jpg\",\"width\":1366,\"height\":984},{\"@type\":\"BreadcrumbList\",\"@id\":\"https:\\\/\\\/fuentesfidedignas.com.mx\\\/index.php\\\/2024\\\/01\\\/11\\\/tienes-uno-de-estos-autos-profeco-alerta-por-fallas-en-modelos-vw-gm-y-toyota\\\/#breadcrumb\",\"itemListElement\":[{\"@type\":\"ListItem\",\"position\":1,\"name\":\"Inicio\",\"item\":\"https:\\\/\\\/fuentesfidedignas.com.mx\\\/\"},{\"@type\":\"ListItem\",\"position\":2,\"name\":\"\u00bfTienes uno de estos autos? Profeco alerta por fallas en modelos VW, GM y Toyota\"}]},{\"@type\":\"WebSite\",\"@id\":\"https:\\\/\\\/fuentesfidedignas.com.mx\\\/#website\",\"url\":\"https:\\\/\\\/fuentesfidedignas.com.mx\\\/\",\"name\":\"Fuentes Fidedignas\",\"description\":\"Otro sitio realizado con WordPress\",\"publisher\":{\"@id\":\"https:\\\/\\\/fuentesfidedignas.com.mx\\\/#organization\"},\"potentialAction\":[{\"@type\":\"SearchAction\",\"target\":{\"@type\":\"EntryPoint\",\"urlTemplate\":\"https:\\\/\\\/fuentesfidedignas.com.mx\\\/?s={search_term_string}\"},\"query-input\":{\"@type\":\"PropertyValueSpecification\",\"valueRequired\":true,\"valueName\":\"search_term_string\"}}],\"inLanguage\":\"es\"},{\"@type\":\"Organization\",\"@id\":\"https:\\\/\\\/fuentesfidedignas.com.mx\\\/#organization\",\"name\":\"Fuentes Fidedignas\",\"url\":\"https:\\\/\\\/fuentesfidedignas.com.mx\\\/\",\"logo\":{\"@type\":\"ImageObject\",\"inLanguage\":\"es\",\"@id\":\"https:\\\/\\\/fuentesfidedignas.com.mx\\\/#\\\/schema\\\/logo\\\/image\\\/\",\"url\":\"https:\\\/\\\/fuentesfidedignas.com.mx\\\/wp-content\\\/uploads\\\/2021\\\/04\\\/logo-retina.png\",\"contentUrl\":\"https:\\\/\\\/fuentesfidedignas.com.mx\\\/wp-content\\\/uploads\\\/2021\\\/04\\\/logo-retina.png\",\"width\":280,\"height\":51,\"caption\":\"Fuentes Fidedignas\"},\"image\":{\"@id\":\"https:\\\/\\\/fuentesfidedignas.com.mx\\\/#\\\/schema\\\/logo\\\/image\\\/\"},\"sameAs\":[\"https:\\\/\\\/www.facebook.com\\\/Fuentes-Fidedignas-368234489921644\",\"https:\\\/\\\/x.com\\\/fidedignas\"]},{\"@type\":\"Person\",\"@id\":\"https:\\\/\\\/fuentesfidedignas.com.mx\\\/#\\\/schema\\\/person\\\/47ec0135738f4b0c7495f06a77a2c976\",\"name\":\"Milenio\",\"image\":{\"@type\":\"ImageObject\",\"inLanguage\":\"es\",\"@id\":\"https:\\\/\\\/secure.gravatar.com\\\/avatar\\\/acabf7b54753e51c2c76457954577c236b3b764789b19879565769739d1e4a75?s=96&d=mm&r=g\",\"url\":\"https:\\\/\\\/secure.gravatar.com\\\/avatar\\\/acabf7b54753e51c2c76457954577c236b3b764789b19879565769739d1e4a75?s=96&d=mm&r=g\",\"contentUrl\":\"https:\\\/\\\/secure.gravatar.com\\\/avatar\\\/acabf7b54753e51c2c76457954577c236b3b764789b19879565769739d1e4a75?s=96&d=mm&r=g\",\"caption\":\"Milenio\"},\"url\":\"https:\\\/\\\/fuentesfidedignas.com.mx\\\/index.php\\\/author\\\/milenio\\\/\"}]}<\/script>\n<!-- \/ Yoast SEO plugin. -->","yoast_head_json":{"title":"\u00bfTienes uno de estos autos? Profeco alerta por fallas en modelos VW, GM y Toyota - Fuentes Fidedignas","robots":{"index":"index","follow":"follow","max-snippet":"max-snippet:-1","max-image-preview":"max-image-preview:large","max-video-preview":"max-video-preview:-1"},"canonical":"https:\/\/fuentesfidedignas.com.mx\/index.php\/2024\/01\/11\/tienes-uno-de-estos-autos-profeco-alerta-por-fallas-en-modelos-vw-gm-y-toyota\/","og_locale":"es_MX","og_type":"article","og_title":"\u00bfTienes uno de estos autos? Profeco alerta por fallas en modelos VW, GM y Toyota - Fuentes Fidedignas","og_description":"La Profeco detall\u00f3 que se trata 65 mil unidades, las cuales podr\u00edan provocar lesiones a los conductores Ciudad de M\u00e9xico.- Veh\u00edculos de las automotrices General Motors, Toyota y Volkswagen\u00a0presentan fallas que podr\u00eda afectar a los conductores de estas unidades, alert\u00f3 la Procuradur\u00eda Federal del Consumidor (Profeco) y\u00a0llam\u00f3 a que los due\u00f1os a acudir a una [&hellip;]","og_url":"https:\/\/fuentesfidedignas.com.mx\/index.php\/2024\/01\/11\/tienes-uno-de-estos-autos-profeco-alerta-por-fallas-en-modelos-vw-gm-y-toyota\/","og_site_name":"Fuentes Fidedignas","article_publisher":"https:\/\/www.facebook.com\/Fuentes-Fidedignas-368234489921644","article_published_time":"2024-01-11T21:30:01+00:00","article_modified_time":"2024-01-11T21:30:03+00:00","og_image":[{"width":1366,"height":984,"url":"https:\/\/fuentesfidedignas.com.mx\/wp-content\/uploads\/2024\/01\/1366_2000.jpg","type":"image\/jpeg"}],"author":"Milenio","twitter_card":"summary_large_image","twitter_creator":"@fidedignas","twitter_site":"@fidedignas","twitter_misc":{"Escrito por":"Milenio","Tiempo de lectura":"3 minutos"},"schema":{"@context":"https:\/\/schema.org","@graph":[{"@type":"Article","@id":"https:\/\/fuentesfidedignas.com.mx\/index.php\/2024\/01\/11\/tienes-uno-de-estos-autos-profeco-alerta-por-fallas-en-modelos-vw-gm-y-toyota\/#article","isPartOf":{"@id":"https:\/\/fuentesfidedignas.com.mx\/index.php\/2024\/01\/11\/tienes-uno-de-estos-autos-profeco-alerta-por-fallas-en-modelos-vw-gm-y-toyota\/"},"author":{"name":"Milenio","@id":"https:\/\/fuentesfidedignas.com.mx\/#\/schema\/person\/47ec0135738f4b0c7495f06a77a2c976"},"headline":"\u00bfTienes uno de estos autos? Profeco alerta por fallas en modelos VW, GM y Toyota","datePublished":"2024-01-11T21:30:01+00:00","dateModified":"2024-01-11T21:30:03+00:00","mainEntityOfPage":{"@id":"https:\/\/fuentesfidedignas.com.mx\/index.php\/2024\/01\/11\/tienes-uno-de-estos-autos-profeco-alerta-por-fallas-en-modelos-vw-gm-y-toyota\/"},"wordCount":426,"commentCount":0,"publisher":{"@id":"https:\/\/fuentesfidedignas.com.mx\/#organization"},"image":{"@id":"https:\/\/fuentesfidedignas.com.mx\/index.php\/2024\/01\/11\/tienes-uno-de-estos-autos-profeco-alerta-por-fallas-en-modelos-vw-gm-y-toyota\/#primaryimage"},"thumbnailUrl":"https:\/\/fuentesfidedignas.com.mx\/wp-content\/uploads\/2024\/01\/1366_2000.jpg","articleSection":["NOTICIAS NACIONALES"],"inLanguage":"es","potentialAction":[{"@type":"CommentAction","name":"Comment","target":["https:\/\/fuentesfidedignas.com.mx\/index.php\/2024\/01\/11\/tienes-uno-de-estos-autos-profeco-alerta-por-fallas-en-modelos-vw-gm-y-toyota\/#respond"]}]},{"@type":"WebPage","@id":"https:\/\/fuentesfidedignas.com.mx\/index.php\/2024\/01\/11\/tienes-uno-de-estos-autos-profeco-alerta-por-fallas-en-modelos-vw-gm-y-toyota\/","url":"https:\/\/fuentesfidedignas.com.mx\/index.php\/2024\/01\/11\/tienes-uno-de-estos-autos-profeco-alerta-por-fallas-en-modelos-vw-gm-y-toyota\/","name":"\u00bfTienes uno de estos autos? Profeco alerta por fallas en modelos VW, GM y Toyota - Fuentes Fidedignas","isPartOf":{"@id":"https:\/\/fuentesfidedignas.com.mx\/#website"},"primaryImageOfPage":{"@id":"https:\/\/fuentesfidedignas.com.mx\/index.php\/2024\/01\/11\/tienes-uno-de-estos-autos-profeco-alerta-por-fallas-en-modelos-vw-gm-y-toyota\/#primaryimage"},"image":{"@id":"https:\/\/fuentesfidedignas.com.mx\/index.php\/2024\/01\/11\/tienes-uno-de-estos-autos-profeco-alerta-por-fallas-en-modelos-vw-gm-y-toyota\/#primaryimage"},"thumbnailUrl":"https:\/\/fuentesfidedignas.com.mx\/wp-content\/uploads\/2024\/01\/1366_2000.jpg","datePublished":"2024-01-11T21:30:01+00:00","dateModified":"2024-01-11T21:30:03+00:00","breadcrumb":{"@id":"https:\/\/fuentesfidedignas.com.mx\/index.php\/2024\/01\/11\/tienes-uno-de-estos-autos-profeco-alerta-por-fallas-en-modelos-vw-gm-y-toyota\/#breadcrumb"},"inLanguage":"es","potentialAction":[{"@type":"ReadAction","target":["https:\/\/fuentesfidedignas.com.mx\/index.php\/2024\/01\/11\/tienes-uno-de-estos-autos-profeco-alerta-por-fallas-en-modelos-vw-gm-y-toyota\/"]}]},{"@type":"ImageObject","inLanguage":"es","@id":"https:\/\/fuentesfidedignas.com.mx\/index.php\/2024\/01\/11\/tienes-uno-de-estos-autos-profeco-alerta-por-fallas-en-modelos-vw-gm-y-toyota\/#primaryimage","url":"https:\/\/fuentesfidedignas.com.mx\/wp-content\/uploads\/2024\/01\/1366_2000.jpg","contentUrl":"https:\/\/fuentesfidedignas.com.mx\/wp-content\/uploads\/2024\/01\/1366_2000.jpg","width":1366,"height":984},{"@type":"BreadcrumbList","@id":"https:\/\/fuentesfidedignas.com.mx\/index.php\/2024\/01\/11\/tienes-uno-de-estos-autos-profeco-alerta-por-fallas-en-modelos-vw-gm-y-toyota\/#breadcrumb","itemListElement":[{"@type":"ListItem","position":1,"name":"Inicio","item":"https:\/\/fuentesfidedignas.com.mx\/"},{"@type":"ListItem","position":2,"name":"\u00bfTienes uno de estos autos? Profeco alerta por fallas en modelos VW, GM y Toyota"}]},{"@type":"WebSite","@id":"https:\/\/fuentesfidedignas.com.mx\/#website","url":"https:\/\/fuentesfidedignas.com.mx\/","name":"Fuentes Fidedignas","description":"Otro sitio realizado con WordPress","publisher":{"@id":"https:\/\/fuentesfidedignas.com.mx\/#organization"},"potentialAction":[{"@type":"SearchAction","target":{"@type":"EntryPoint","urlTemplate":"https:\/\/fuentesfidedignas.com.mx\/?s={search_term_string}"},"query-input":{"@type":"PropertyValueSpecification","valueRequired":true,"valueName":"search_term_string"}}],"inLanguage":"es"},{"@type":"Organization","@id":"https:\/\/fuentesfidedignas.com.mx\/#organization","name":"Fuentes Fidedignas","url":"https:\/\/fuentesfidedignas.com.mx\/","logo":{"@type":"ImageObject","inLanguage":"es","@id":"https:\/\/fuentesfidedignas.com.mx\/#\/schema\/logo\/image\/","url":"https:\/\/fuentesfidedignas.com.mx\/wp-content\/uploads\/2021\/04\/logo-retina.png","contentUrl":"https:\/\/fuentesfidedignas.com.mx\/wp-content\/uploads\/2021\/04\/logo-retina.png","width":280,"height":51,"caption":"Fuentes Fidedignas"},"image":{"@id":"https:\/\/fuentesfidedignas.com.mx\/#\/schema\/logo\/image\/"},"sameAs":["https:\/\/www.facebook.com\/Fuentes-Fidedignas-368234489921644","https:\/\/x.com\/fidedignas"]},{"@type":"Person","@id":"https:\/\/fuentesfidedignas.com.mx\/#\/schema\/person\/47ec0135738f4b0c7495f06a77a2c976","name":"Milenio","image":{"@type":"ImageObject","inLanguage":"es","@id":"https:\/\/secure.gravatar.com\/avatar\/acabf7b54753e51c2c76457954577c236b3b764789b19879565769739d1e4a75?s=96&d=mm&r=g","url":"https:\/\/secure.gravatar.com\/avatar\/acabf7b54753e51c2c76457954577c236b3b764789b19879565769739d1e4a75?s=96&d=mm&r=g","contentUrl":"https:\/\/secure.gravatar.com\/avatar\/acabf7b54753e51c2c76457954577c236b3b764789b19879565769739d1e4a75?s=96&d=mm&r=g","caption":"Milenio"},"url":"https:\/\/fuentesfidedignas.com.mx\/index.php\/author\/milenio\/"}]}},"_links":{"self":[{"href":"https:\/\/fuentesfidedignas.com.mx\/index.php\/wp-json\/wp\/v2\/posts\/70392","targetHints":{"allow":["GET"]}}],"collection":[{"href":"https:\/\/fuentesfidedignas.com.mx\/index.php\/wp-json\/wp\/v2\/posts"}],"about":[{"href":"https:\/\/fuentesfidedignas.com.mx\/index.php\/wp-json\/wp\/v2\/types\/post"}],"author":[{"embeddable":true,"href":"https:\/\/fuentesfidedignas.com.mx\/index.php\/wp-json\/wp\/v2\/users\/9"}],"replies":[{"embeddable":true,"href":"https:\/\/fuentesfidedignas.com.mx\/index.php\/wp-json\/wp\/v2\/comments?post=70392"}],"version-history":[{"count":1,"href":"https:\/\/fuentesfidedignas.com.mx\/index.php\/wp-json\/wp\/v2\/posts\/70392\/revisions"}],"predecessor-version":[{"id":70394,"href":"https:\/\/fuentesfidedignas.com.mx\/index.php\/wp-json\/wp\/v2\/posts\/70392\/revisions\/70394"}],"wp:featuredmedia":[{"embeddable":true,"href":"https:\/\/fuentesfidedignas.com.mx\/index.php\/wp-json\/wp\/v2\/media\/70393"}],"wp:attachment":[{"href":"https:\/\/fuentesfidedignas.com.mx\/index.php\/wp-json\/wp\/v2\/media?parent=70392"}],"wp:term":[{"taxonomy":"category","embeddable":true,"href":"https:\/\/fuentesfidedignas.com.mx\/index.php\/wp-json\/wp\/v2\/categories?post=70392"},{"taxonomy":"post_tag","embeddable":true,"href":"https:\/\/fuentesfidedignas.com.mx\/index.php\/wp-json\/wp\/v2\/tags?post=70392"}],"curies":[{"name":"wp","href":"https:\/\/api.w.org\/{rel}","templated":true}]}}