{"id":70354,"date":"2024-01-11T07:23:15","date_gmt":"2024-01-11T14:23:15","guid":{"rendered":"https:\/\/fuentesfidedignas.com.mx\/?p=70354"},"modified":"2024-01-11T07:23:15","modified_gmt":"2024-01-11T14:23:15","slug":"ecuador-sigue-en-shock-en-el-primer-dia-de-la-guerra-declarada-al-crimen-organizado","status":"publish","type":"post","link":"https:\/\/fuentesfidedignas.com.mx\/index.php\/2024\/01\/11\/ecuador-sigue-en-shock-en-el-primer-dia-de-la-guerra-declarada-al-crimen-organizado\/","title":{"rendered":"Ecuador sigue en \u2018shock\u2019 en el primer d\u00eda de \u201cla guerra\u201d declarada al crimen organizado"},"content":{"rendered":"\n<p><strong><em>El primer d\u00eda de la guerra contra el crimen organizado en Ecuador se sald\u00f3 con \u201c329 terroristas\u201d detenidos y cinco abatidos<\/em><\/strong><\/p>\n\n\n\n<p>ECUADOR.- Ecuador no sale todav\u00eda de la conmoci\u00f3n causada por la jornada de terror y caos vivida ante las acciones violentas perpetradas por bandas criminales, a las que el presidente de Ecuador, Daniel Noboa, les ha declarado \u201cla guerra\u201c.<\/p>\n\n\n\n<p>El asalto armado y transmitido al canal TC Televisi\u00f3n, el incendio de veh\u00edculos, el secuestro de polic\u00edas y los motines con rehenes en diversas c\u00e1rceles del pa\u00eds han llevado a Noboa a tomar una decisi\u00f3n pol\u00e9mica e in\u00e9dita de considerar a los grupos del crimen organizado como actores beligerantes contra la estabilidad del Estado.<\/p>\n\n\n\n<p>Y al decretar el \u201cconflicto armado interno\u201c, las bandas criminales que operan en Ecuador pasaron a ser consideradas \u201cterroristas\u201d y objetivos militares a ser \u201cneutralizados\u201d, por lo que el primer d\u00eda bajo este escenario se sald\u00f3 con \u201c329 terroristas\u201d detenidos y cinco abatidos, mientras que tambi\u00e9n se registrados dos polic\u00edas fallecidos y uno herido.<\/p>\n\n\n\n<p>En las calles la actividad ha sido muy reducida, con clases escolares suspendidas, mucha gente resguardada en sus casas, y mucha seguridad en torno al presidencial Palacio de Carondelet.<\/p>\n\n\n\n<p>Mientras, un total de 139 funcionarios de prisiones entre guardias y personal administrativo siguen retenidos en al menos cinco c\u00e1rceles donde los presos se han amotinado como medida de protesta contra la pol\u00edtica de mano duras que Noboa quiere implantar en el sistema penitenciario de Ecuador.<\/p>\n\n\n\n<p>Entre los retenidos hay 125 guardias carcelarios y 14 funcionarios administrativos en las c\u00e1rceles de Cuenca, Azogues, Napo, Ambato y Latacunga.<\/p>\n\n\n\n<p>En esta \u00faltima, situada a 70 kil\u00f3metros al sur de Quito, los presos pululaban por los techos del recinto carcelario e incluso portaban pancartas en las que reclamaban \u201cpaz\u201d, al igual que sus familiares concentrados en el exterior, seg\u00fan pudo comprobar EFE.<\/p>\n\n\n\n<p><strong>Noboa cerrado a negociar<\/strong><br>De momento Noboa se muestra intransigente a negociar la libertad del personal penitenciario. \u201cEstamos haciendo lo posible y lo imposible para traerlos sanos y salvos, pero no podemos parar una guerra por eso, porque el Estado est\u00e1 en guerra\u201d, remarc\u00f3.<\/p>\n\n\n\n<p>\u201cEstamos en un estado de guerra y no podemos ceder ante estos terroristas\u201d, se\u00f1al\u00f3 Noboa en su primera intervenci\u00f3n p\u00fablica desde el estallido de esta crisis, su primera como mandatario tras haber asumido el cargo en noviembre pasado.<\/p>\n\n\n\n<p>Esta ola de violencia se da ante la aparentemente inminente intenci\u00f3n del Gobierno de Noboa de aislar a los l\u00edderes de las bandas criminales antes de llevarlos a dos c\u00e1rceles de m\u00e1xima seguridad cuya construcci\u00f3n prev\u00e9 presentar este jueves, con un dise\u00f1o similar a las utilizadas en M\u00e9xico y El Salvador.<\/p>\n\n\n\n<p><strong>C\u00e1rceles en la mira<\/strong><\/p>\n\n\n\n<p>Las c\u00e1rceles est\u00e1n en el punto de mira de Noboa despu\u00e9s de que hayan sido asesinados en ellas m\u00e1s de 450 presos desde 2020 en una serie de masacres carcelarias por enfrentamientos entre bandas rivales, una violencia que se ha extendido a las calles hasta hacer de Ecuador uno de los pa\u00edses m\u00e1s violentos de la regi\u00f3n.<\/p>\n\n\n\n<p>Advertido de este plan se fug\u00f3 el domingo de prisi\u00f3n Jos\u00e9 Adolfo Mac\u00edas \u2018Fito\u2019, el capo de \u2018Los Choneros\u2019, la banda criminal m\u00e1s numerosa de Ecuador y una de las m\u00e1s violentas, para la que Ecuador ofrece una recompensa por su captura.<\/p>\n\n\n\n<p>Tambi\u00e9n fue incluido en el programa de recompensas Fabricio Col\u00f3n Pico, un cabecilla de la banda criminal \u2018Los Lobos\u2019 se\u00f1alado de presuntamente planear un atentado contra la fiscal general, Diana Salazar, y fugado el lunes de la c\u00e1rcel de Riobamba tras un mot\u00edn donde se escaparon un total de 32 reos.<\/p>\n\n\n\n<p><strong>A prisi\u00f3n los asaltantes del canal<\/strong><br>Al mismo tiempo, la Fiscal\u00eda proces\u00f3 por terrorismo a los 13 detenidos por el asalto a las instalaciones del canal de televisi\u00f3n el martes en Guayaquil, entre los que hay un venezolano y dos menores.<\/p>\n\n\n\n<p>A los once adultos, entre ellos el venezolano, se les orden\u00f3 el ingreso en prisi\u00f3n preventiva, mientras que los dos menores, de 15 y 17 a\u00f1os, pasar\u00e1n a un centro de internamiento mientras prosiguen las investigaciones.<\/p>\n\n\n\n<p>El miedo todav\u00eda permanece en el grupo en el momento de que estas personas irrumpieron encapuchadas y armadas en el estudio de televisi\u00f3n y enca\u00f1onaron al personal que all\u00ed se encontraba, todo transmitido en vivo a nivel nacional.<\/p>\n\n\n\n<p><strong>\u201cTuvimos miedo de morir\u201d<\/strong><br>\u201cLo de ayer nunca pens\u00e9 experimentarlo en la vida. Fue desastroso para todos los trabajadores del canal. Todos tuvimos miedo de morir o de que alg\u00fan compa\u00f1ero resultara muerto o herido\u201d, dijo a EFE el productor creativo Carlos Vega.<\/p>\n\n\n\n<p>A uno de los operarios de c\u00e1maras no se le quitar\u00e1 de la cabeza que \u201cal compa\u00f1ero Jos\u00e9 Luis Calder\u00f3n los delincuentes le pusieron un taco de dinamita en el pecho. Lo vimos todos en Ecuador\u201d.<\/p>\n\n\n\n<p>El di\u00e1logo evit\u00f3 que acabase en ba\u00f1o se sangre, declar\u00f3 en entrevista con EFE el general V\u00edctor Herrera Leiva, comandante de la Polic\u00eda de Ecuador. Con el di\u00e1logo \u201cse busc\u00f3 que desistieran de la utilizaci\u00f3n de las armas, porque al interior del canal ten\u00edan dos armas largas, una subametralladora y tres artefactos explosivos\u201d, detall\u00f3.<\/p>\n","protected":false},"excerpt":{"rendered":"<p>El primer d\u00eda de la guerra contra el crimen organizado en Ecuador se sald\u00f3 con \u201c329 terroristas\u201d detenidos y cinco abatidos ECUADOR.- Ecuador no sale todav\u00eda de la conmoci\u00f3n causada por la jornada de terror y caos vivida ante las acciones violentas perpetradas por bandas criminales, a las que el presidente de Ecuador, Daniel Noboa, [&hellip;]<\/p>\n","protected":false},"author":47,"featured_media":70355,"comment_status":"open","ping_status":"open","sticky":false,"template":"","format":"standard","meta":{"tdm_status":"","tdm_grid_status":"","footnotes":""},"categories":[39],"tags":[],"class_list":{"0":"post-70354","1":"post","2":"type-post","3":"status-publish","4":"format-standard","5":"has-post-thumbnail","7":"category-noticias-nacionales"},"yoast_head":"<!-- This site is optimized with the Yoast SEO plugin v27.5 - https:\/\/yoast.com\/product\/yoast-seo-wordpress\/ -->\n<title>Ecuador sigue en \u2018shock\u2019 en el primer d\u00eda de \u201cla guerra\u201d declarada al crimen organizado - Fuentes Fidedignas<\/title>\n<meta name=\"robots\" content=\"index, follow, max-snippet:-1, max-image-preview:large, max-video-preview:-1\" \/>\n<link rel=\"canonical\" href=\"https:\/\/fuentesfidedignas.com.mx\/index.php\/2024\/01\/11\/ecuador-sigue-en-shock-en-el-primer-dia-de-la-guerra-declarada-al-crimen-organizado\/\" \/>\n<meta property=\"og:locale\" content=\"es_MX\" \/>\n<meta property=\"og:type\" content=\"article\" \/>\n<meta property=\"og:title\" content=\"Ecuador sigue en \u2018shock\u2019 en el primer d\u00eda de \u201cla guerra\u201d declarada al crimen organizado - Fuentes Fidedignas\" \/>\n<meta property=\"og:description\" content=\"El primer d\u00eda de la guerra contra el crimen organizado en Ecuador se sald\u00f3 con \u201c329 terroristas\u201d detenidos y cinco abatidos ECUADOR.- Ecuador no sale todav\u00eda de la conmoci\u00f3n causada por la jornada de terror y caos vivida ante las acciones violentas perpetradas por bandas criminales, a las que el presidente de Ecuador, Daniel Noboa, [&hellip;]\" \/>\n<meta property=\"og:url\" content=\"https:\/\/fuentesfidedignas.com.mx\/index.php\/2024\/01\/11\/ecuador-sigue-en-shock-en-el-primer-dia-de-la-guerra-declarada-al-crimen-organizado\/\" \/>\n<meta property=\"og:site_name\" content=\"Fuentes Fidedignas\" \/>\n<meta property=\"article:publisher\" content=\"https:\/\/www.facebook.com\/Fuentes-Fidedignas-368234489921644\" \/>\n<meta property=\"article:published_time\" content=\"2024-01-11T14:23:15+00:00\" \/>\n<meta property=\"og:image\" content=\"https:\/\/fuentesfidedignas.com.mx\/wp-content\/uploads\/2024\/01\/Ecuador-Policia-Militares.jpg\" \/>\n\t<meta property=\"og:image:width\" content=\"1024\" \/>\n\t<meta property=\"og:image:height\" content=\"768\" \/>\n\t<meta property=\"og:image:type\" content=\"image\/jpeg\" \/>\n<meta name=\"author\" content=\"L\u00f3pez D\u00f3riga\" \/>\n<meta name=\"twitter:card\" content=\"summary_large_image\" \/>\n<meta name=\"twitter:creator\" content=\"@fidedignas\" \/>\n<meta name=\"twitter:site\" content=\"@fidedignas\" \/>\n<meta name=\"twitter:label1\" content=\"Escrito por\" \/>\n\t<meta name=\"twitter:data1\" content=\"L\u00f3pez D\u00f3riga\" \/>\n\t<meta name=\"twitter:label2\" content=\"Tiempo de lectura\" \/>\n\t<meta name=\"twitter:data2\" content=\"5 minutos\" \/>\n<script type=\"application\/ld+json\" class=\"yoast-schema-graph\">{\"@context\":\"https:\\\/\\\/schema.org\",\"@graph\":[{\"@type\":\"Article\",\"@id\":\"https:\\\/\\\/fuentesfidedignas.com.mx\\\/index.php\\\/2024\\\/01\\\/11\\\/ecuador-sigue-en-shock-en-el-primer-dia-de-la-guerra-declarada-al-crimen-organizado\\\/#article\",\"isPartOf\":{\"@id\":\"https:\\\/\\\/fuentesfidedignas.com.mx\\\/index.php\\\/2024\\\/01\\\/11\\\/ecuador-sigue-en-shock-en-el-primer-dia-de-la-guerra-declarada-al-crimen-organizado\\\/\"},\"author\":{\"name\":\"L\u00f3pez D\u00f3riga\",\"@id\":\"https:\\\/\\\/fuentesfidedignas.com.mx\\\/#\\\/schema\\\/person\\\/67d852f0557c8509146a4b9ddebd543a\"},\"headline\":\"Ecuador sigue en \u2018shock\u2019 en el primer d\u00eda de \u201cla guerra\u201d declarada al crimen organizado\",\"datePublished\":\"2024-01-11T14:23:15+00:00\",\"mainEntityOfPage\":{\"@id\":\"https:\\\/\\\/fuentesfidedignas.com.mx\\\/index.php\\\/2024\\\/01\\\/11\\\/ecuador-sigue-en-shock-en-el-primer-dia-de-la-guerra-declarada-al-crimen-organizado\\\/\"},\"wordCount\":913,\"commentCount\":0,\"publisher\":{\"@id\":\"https:\\\/\\\/fuentesfidedignas.com.mx\\\/#organization\"},\"image\":{\"@id\":\"https:\\\/\\\/fuentesfidedignas.com.mx\\\/index.php\\\/2024\\\/01\\\/11\\\/ecuador-sigue-en-shock-en-el-primer-dia-de-la-guerra-declarada-al-crimen-organizado\\\/#primaryimage\"},\"thumbnailUrl\":\"https:\\\/\\\/fuentesfidedignas.com.mx\\\/wp-content\\\/uploads\\\/2024\\\/01\\\/Ecuador-Policia-Militares.jpg\",\"articleSection\":[\"NOTICIAS NACIONALES\"],\"inLanguage\":\"es\",\"potentialAction\":[{\"@type\":\"CommentAction\",\"name\":\"Comment\",\"target\":[\"https:\\\/\\\/fuentesfidedignas.com.mx\\\/index.php\\\/2024\\\/01\\\/11\\\/ecuador-sigue-en-shock-en-el-primer-dia-de-la-guerra-declarada-al-crimen-organizado\\\/#respond\"]}]},{\"@type\":\"WebPage\",\"@id\":\"https:\\\/\\\/fuentesfidedignas.com.mx\\\/index.php\\\/2024\\\/01\\\/11\\\/ecuador-sigue-en-shock-en-el-primer-dia-de-la-guerra-declarada-al-crimen-organizado\\\/\",\"url\":\"https:\\\/\\\/fuentesfidedignas.com.mx\\\/index.php\\\/2024\\\/01\\\/11\\\/ecuador-sigue-en-shock-en-el-primer-dia-de-la-guerra-declarada-al-crimen-organizado\\\/\",\"name\":\"Ecuador sigue en \u2018shock\u2019 en el primer d\u00eda de \u201cla guerra\u201d declarada al crimen organizado - Fuentes Fidedignas\",\"isPartOf\":{\"@id\":\"https:\\\/\\\/fuentesfidedignas.com.mx\\\/#website\"},\"primaryImageOfPage\":{\"@id\":\"https:\\\/\\\/fuentesfidedignas.com.mx\\\/index.php\\\/2024\\\/01\\\/11\\\/ecuador-sigue-en-shock-en-el-primer-dia-de-la-guerra-declarada-al-crimen-organizado\\\/#primaryimage\"},\"image\":{\"@id\":\"https:\\\/\\\/fuentesfidedignas.com.mx\\\/index.php\\\/2024\\\/01\\\/11\\\/ecuador-sigue-en-shock-en-el-primer-dia-de-la-guerra-declarada-al-crimen-organizado\\\/#primaryimage\"},\"thumbnailUrl\":\"https:\\\/\\\/fuentesfidedignas.com.mx\\\/wp-content\\\/uploads\\\/2024\\\/01\\\/Ecuador-Policia-Militares.jpg\",\"datePublished\":\"2024-01-11T14:23:15+00:00\",\"breadcrumb\":{\"@id\":\"https:\\\/\\\/fuentesfidedignas.com.mx\\\/index.php\\\/2024\\\/01\\\/11\\\/ecuador-sigue-en-shock-en-el-primer-dia-de-la-guerra-declarada-al-crimen-organizado\\\/#breadcrumb\"},\"inLanguage\":\"es\",\"potentialAction\":[{\"@type\":\"ReadAction\",\"target\":[\"https:\\\/\\\/fuentesfidedignas.com.mx\\\/index.php\\\/2024\\\/01\\\/11\\\/ecuador-sigue-en-shock-en-el-primer-dia-de-la-guerra-declarada-al-crimen-organizado\\\/\"]}]},{\"@type\":\"ImageObject\",\"inLanguage\":\"es\",\"@id\":\"https:\\\/\\\/fuentesfidedignas.com.mx\\\/index.php\\\/2024\\\/01\\\/11\\\/ecuador-sigue-en-shock-en-el-primer-dia-de-la-guerra-declarada-al-crimen-organizado\\\/#primaryimage\",\"url\":\"https:\\\/\\\/fuentesfidedignas.com.mx\\\/wp-content\\\/uploads\\\/2024\\\/01\\\/Ecuador-Policia-Militares.jpg\",\"contentUrl\":\"https:\\\/\\\/fuentesfidedignas.com.mx\\\/wp-content\\\/uploads\\\/2024\\\/01\\\/Ecuador-Policia-Militares.jpg\",\"width\":1024,\"height\":768},{\"@type\":\"BreadcrumbList\",\"@id\":\"https:\\\/\\\/fuentesfidedignas.com.mx\\\/index.php\\\/2024\\\/01\\\/11\\\/ecuador-sigue-en-shock-en-el-primer-dia-de-la-guerra-declarada-al-crimen-organizado\\\/#breadcrumb\",\"itemListElement\":[{\"@type\":\"ListItem\",\"position\":1,\"name\":\"Inicio\",\"item\":\"https:\\\/\\\/fuentesfidedignas.com.mx\\\/\"},{\"@type\":\"ListItem\",\"position\":2,\"name\":\"Ecuador sigue en \u2018shock\u2019 en el primer d\u00eda de \u201cla guerra\u201d declarada al crimen organizado\"}]},{\"@type\":\"WebSite\",\"@id\":\"https:\\\/\\\/fuentesfidedignas.com.mx\\\/#website\",\"url\":\"https:\\\/\\\/fuentesfidedignas.com.mx\\\/\",\"name\":\"Fuentes Fidedignas\",\"description\":\"Otro sitio realizado con WordPress\",\"publisher\":{\"@id\":\"https:\\\/\\\/fuentesfidedignas.com.mx\\\/#organization\"},\"potentialAction\":[{\"@type\":\"SearchAction\",\"target\":{\"@type\":\"EntryPoint\",\"urlTemplate\":\"https:\\\/\\\/fuentesfidedignas.com.mx\\\/?s={search_term_string}\"},\"query-input\":{\"@type\":\"PropertyValueSpecification\",\"valueRequired\":true,\"valueName\":\"search_term_string\"}}],\"inLanguage\":\"es\"},{\"@type\":\"Organization\",\"@id\":\"https:\\\/\\\/fuentesfidedignas.com.mx\\\/#organization\",\"name\":\"Fuentes Fidedignas\",\"url\":\"https:\\\/\\\/fuentesfidedignas.com.mx\\\/\",\"logo\":{\"@type\":\"ImageObject\",\"inLanguage\":\"es\",\"@id\":\"https:\\\/\\\/fuentesfidedignas.com.mx\\\/#\\\/schema\\\/logo\\\/image\\\/\",\"url\":\"https:\\\/\\\/fuentesfidedignas.com.mx\\\/wp-content\\\/uploads\\\/2021\\\/04\\\/logo-retina.png\",\"contentUrl\":\"https:\\\/\\\/fuentesfidedignas.com.mx\\\/wp-content\\\/uploads\\\/2021\\\/04\\\/logo-retina.png\",\"width\":280,\"height\":51,\"caption\":\"Fuentes Fidedignas\"},\"image\":{\"@id\":\"https:\\\/\\\/fuentesfidedignas.com.mx\\\/#\\\/schema\\\/logo\\\/image\\\/\"},\"sameAs\":[\"https:\\\/\\\/www.facebook.com\\\/Fuentes-Fidedignas-368234489921644\",\"https:\\\/\\\/x.com\\\/fidedignas\"]},{\"@type\":\"Person\",\"@id\":\"https:\\\/\\\/fuentesfidedignas.com.mx\\\/#\\\/schema\\\/person\\\/67d852f0557c8509146a4b9ddebd543a\",\"name\":\"L\u00f3pez D\u00f3riga\",\"image\":{\"@type\":\"ImageObject\",\"inLanguage\":\"es\",\"@id\":\"https:\\\/\\\/secure.gravatar.com\\\/avatar\\\/e525b06574ca18b33cded59dfe5778d6c823b9513154eff47da551b0551bdd1e?s=96&d=mm&r=g\",\"url\":\"https:\\\/\\\/secure.gravatar.com\\\/avatar\\\/e525b06574ca18b33cded59dfe5778d6c823b9513154eff47da551b0551bdd1e?s=96&d=mm&r=g\",\"contentUrl\":\"https:\\\/\\\/secure.gravatar.com\\\/avatar\\\/e525b06574ca18b33cded59dfe5778d6c823b9513154eff47da551b0551bdd1e?s=96&d=mm&r=g\",\"caption\":\"L\u00f3pez D\u00f3riga\"},\"url\":\"https:\\\/\\\/fuentesfidedignas.com.mx\\\/index.php\\\/author\\\/doriga\\\/\"}]}<\/script>\n<!-- \/ Yoast SEO plugin. -->","yoast_head_json":{"title":"Ecuador sigue en \u2018shock\u2019 en el primer d\u00eda de \u201cla guerra\u201d declarada al crimen organizado - Fuentes Fidedignas","robots":{"index":"index","follow":"follow","max-snippet":"max-snippet:-1","max-image-preview":"max-image-preview:large","max-video-preview":"max-video-preview:-1"},"canonical":"https:\/\/fuentesfidedignas.com.mx\/index.php\/2024\/01\/11\/ecuador-sigue-en-shock-en-el-primer-dia-de-la-guerra-declarada-al-crimen-organizado\/","og_locale":"es_MX","og_type":"article","og_title":"Ecuador sigue en \u2018shock\u2019 en el primer d\u00eda de \u201cla guerra\u201d declarada al crimen organizado - Fuentes Fidedignas","og_description":"El primer d\u00eda de la guerra contra el crimen organizado en Ecuador se sald\u00f3 con \u201c329 terroristas\u201d detenidos y cinco abatidos ECUADOR.- Ecuador no sale todav\u00eda de la conmoci\u00f3n causada por la jornada de terror y caos vivida ante las acciones violentas perpetradas por bandas criminales, a las que el presidente de Ecuador, Daniel Noboa, [&hellip;]","og_url":"https:\/\/fuentesfidedignas.com.mx\/index.php\/2024\/01\/11\/ecuador-sigue-en-shock-en-el-primer-dia-de-la-guerra-declarada-al-crimen-organizado\/","og_site_name":"Fuentes Fidedignas","article_publisher":"https:\/\/www.facebook.com\/Fuentes-Fidedignas-368234489921644","article_published_time":"2024-01-11T14:23:15+00:00","og_image":[{"width":1024,"height":768,"url":"https:\/\/fuentesfidedignas.com.mx\/wp-content\/uploads\/2024\/01\/Ecuador-Policia-Militares.jpg","type":"image\/jpeg"}],"author":"L\u00f3pez D\u00f3riga","twitter_card":"summary_large_image","twitter_creator":"@fidedignas","twitter_site":"@fidedignas","twitter_misc":{"Escrito por":"L\u00f3pez D\u00f3riga","Tiempo de lectura":"5 minutos"},"schema":{"@context":"https:\/\/schema.org","@graph":[{"@type":"Article","@id":"https:\/\/fuentesfidedignas.com.mx\/index.php\/2024\/01\/11\/ecuador-sigue-en-shock-en-el-primer-dia-de-la-guerra-declarada-al-crimen-organizado\/#article","isPartOf":{"@id":"https:\/\/fuentesfidedignas.com.mx\/index.php\/2024\/01\/11\/ecuador-sigue-en-shock-en-el-primer-dia-de-la-guerra-declarada-al-crimen-organizado\/"},"author":{"name":"L\u00f3pez D\u00f3riga","@id":"https:\/\/fuentesfidedignas.com.mx\/#\/schema\/person\/67d852f0557c8509146a4b9ddebd543a"},"headline":"Ecuador sigue en \u2018shock\u2019 en el primer d\u00eda de \u201cla guerra\u201d declarada al crimen organizado","datePublished":"2024-01-11T14:23:15+00:00","mainEntityOfPage":{"@id":"https:\/\/fuentesfidedignas.com.mx\/index.php\/2024\/01\/11\/ecuador-sigue-en-shock-en-el-primer-dia-de-la-guerra-declarada-al-crimen-organizado\/"},"wordCount":913,"commentCount":0,"publisher":{"@id":"https:\/\/fuentesfidedignas.com.mx\/#organization"},"image":{"@id":"https:\/\/fuentesfidedignas.com.mx\/index.php\/2024\/01\/11\/ecuador-sigue-en-shock-en-el-primer-dia-de-la-guerra-declarada-al-crimen-organizado\/#primaryimage"},"thumbnailUrl":"https:\/\/fuentesfidedignas.com.mx\/wp-content\/uploads\/2024\/01\/Ecuador-Policia-Militares.jpg","articleSection":["NOTICIAS NACIONALES"],"inLanguage":"es","potentialAction":[{"@type":"CommentAction","name":"Comment","target":["https:\/\/fuentesfidedignas.com.mx\/index.php\/2024\/01\/11\/ecuador-sigue-en-shock-en-el-primer-dia-de-la-guerra-declarada-al-crimen-organizado\/#respond"]}]},{"@type":"WebPage","@id":"https:\/\/fuentesfidedignas.com.mx\/index.php\/2024\/01\/11\/ecuador-sigue-en-shock-en-el-primer-dia-de-la-guerra-declarada-al-crimen-organizado\/","url":"https:\/\/fuentesfidedignas.com.mx\/index.php\/2024\/01\/11\/ecuador-sigue-en-shock-en-el-primer-dia-de-la-guerra-declarada-al-crimen-organizado\/","name":"Ecuador sigue en \u2018shock\u2019 en el primer d\u00eda de \u201cla guerra\u201d declarada al crimen organizado - Fuentes Fidedignas","isPartOf":{"@id":"https:\/\/fuentesfidedignas.com.mx\/#website"},"primaryImageOfPage":{"@id":"https:\/\/fuentesfidedignas.com.mx\/index.php\/2024\/01\/11\/ecuador-sigue-en-shock-en-el-primer-dia-de-la-guerra-declarada-al-crimen-organizado\/#primaryimage"},"image":{"@id":"https:\/\/fuentesfidedignas.com.mx\/index.php\/2024\/01\/11\/ecuador-sigue-en-shock-en-el-primer-dia-de-la-guerra-declarada-al-crimen-organizado\/#primaryimage"},"thumbnailUrl":"https:\/\/fuentesfidedignas.com.mx\/wp-content\/uploads\/2024\/01\/Ecuador-Policia-Militares.jpg","datePublished":"2024-01-11T14:23:15+00:00","breadcrumb":{"@id":"https:\/\/fuentesfidedignas.com.mx\/index.php\/2024\/01\/11\/ecuador-sigue-en-shock-en-el-primer-dia-de-la-guerra-declarada-al-crimen-organizado\/#breadcrumb"},"inLanguage":"es","potentialAction":[{"@type":"ReadAction","target":["https:\/\/fuentesfidedignas.com.mx\/index.php\/2024\/01\/11\/ecuador-sigue-en-shock-en-el-primer-dia-de-la-guerra-declarada-al-crimen-organizado\/"]}]},{"@type":"ImageObject","inLanguage":"es","@id":"https:\/\/fuentesfidedignas.com.mx\/index.php\/2024\/01\/11\/ecuador-sigue-en-shock-en-el-primer-dia-de-la-guerra-declarada-al-crimen-organizado\/#primaryimage","url":"https:\/\/fuentesfidedignas.com.mx\/wp-content\/uploads\/2024\/01\/Ecuador-Policia-Militares.jpg","contentUrl":"https:\/\/fuentesfidedignas.com.mx\/wp-content\/uploads\/2024\/01\/Ecuador-Policia-Militares.jpg","width":1024,"height":768},{"@type":"BreadcrumbList","@id":"https:\/\/fuentesfidedignas.com.mx\/index.php\/2024\/01\/11\/ecuador-sigue-en-shock-en-el-primer-dia-de-la-guerra-declarada-al-crimen-organizado\/#breadcrumb","itemListElement":[{"@type":"ListItem","position":1,"name":"Inicio","item":"https:\/\/fuentesfidedignas.com.mx\/"},{"@type":"ListItem","position":2,"name":"Ecuador sigue en \u2018shock\u2019 en el primer d\u00eda de \u201cla guerra\u201d declarada al crimen organizado"}]},{"@type":"WebSite","@id":"https:\/\/fuentesfidedignas.com.mx\/#website","url":"https:\/\/fuentesfidedignas.com.mx\/","name":"Fuentes Fidedignas","description":"Otro sitio realizado con WordPress","publisher":{"@id":"https:\/\/fuentesfidedignas.com.mx\/#organization"},"potentialAction":[{"@type":"SearchAction","target":{"@type":"EntryPoint","urlTemplate":"https:\/\/fuentesfidedignas.com.mx\/?s={search_term_string}"},"query-input":{"@type":"PropertyValueSpecification","valueRequired":true,"valueName":"search_term_string"}}],"inLanguage":"es"},{"@type":"Organization","@id":"https:\/\/fuentesfidedignas.com.mx\/#organization","name":"Fuentes Fidedignas","url":"https:\/\/fuentesfidedignas.com.mx\/","logo":{"@type":"ImageObject","inLanguage":"es","@id":"https:\/\/fuentesfidedignas.com.mx\/#\/schema\/logo\/image\/","url":"https:\/\/fuentesfidedignas.com.mx\/wp-content\/uploads\/2021\/04\/logo-retina.png","contentUrl":"https:\/\/fuentesfidedignas.com.mx\/wp-content\/uploads\/2021\/04\/logo-retina.png","width":280,"height":51,"caption":"Fuentes Fidedignas"},"image":{"@id":"https:\/\/fuentesfidedignas.com.mx\/#\/schema\/logo\/image\/"},"sameAs":["https:\/\/www.facebook.com\/Fuentes-Fidedignas-368234489921644","https:\/\/x.com\/fidedignas"]},{"@type":"Person","@id":"https:\/\/fuentesfidedignas.com.mx\/#\/schema\/person\/67d852f0557c8509146a4b9ddebd543a","name":"L\u00f3pez D\u00f3riga","image":{"@type":"ImageObject","inLanguage":"es","@id":"https:\/\/secure.gravatar.com\/avatar\/e525b06574ca18b33cded59dfe5778d6c823b9513154eff47da551b0551bdd1e?s=96&d=mm&r=g","url":"https:\/\/secure.gravatar.com\/avatar\/e525b06574ca18b33cded59dfe5778d6c823b9513154eff47da551b0551bdd1e?s=96&d=mm&r=g","contentUrl":"https:\/\/secure.gravatar.com\/avatar\/e525b06574ca18b33cded59dfe5778d6c823b9513154eff47da551b0551bdd1e?s=96&d=mm&r=g","caption":"L\u00f3pez D\u00f3riga"},"url":"https:\/\/fuentesfidedignas.com.mx\/index.php\/author\/doriga\/"}]}},"_links":{"self":[{"href":"https:\/\/fuentesfidedignas.com.mx\/index.php\/wp-json\/wp\/v2\/posts\/70354","targetHints":{"allow":["GET"]}}],"collection":[{"href":"https:\/\/fuentesfidedignas.com.mx\/index.php\/wp-json\/wp\/v2\/posts"}],"about":[{"href":"https:\/\/fuentesfidedignas.com.mx\/index.php\/wp-json\/wp\/v2\/types\/post"}],"author":[{"embeddable":true,"href":"https:\/\/fuentesfidedignas.com.mx\/index.php\/wp-json\/wp\/v2\/users\/47"}],"replies":[{"embeddable":true,"href":"https:\/\/fuentesfidedignas.com.mx\/index.php\/wp-json\/wp\/v2\/comments?post=70354"}],"version-history":[{"count":1,"href":"https:\/\/fuentesfidedignas.com.mx\/index.php\/wp-json\/wp\/v2\/posts\/70354\/revisions"}],"predecessor-version":[{"id":70356,"href":"https:\/\/fuentesfidedignas.com.mx\/index.php\/wp-json\/wp\/v2\/posts\/70354\/revisions\/70356"}],"wp:featuredmedia":[{"embeddable":true,"href":"https:\/\/fuentesfidedignas.com.mx\/index.php\/wp-json\/wp\/v2\/media\/70355"}],"wp:attachment":[{"href":"https:\/\/fuentesfidedignas.com.mx\/index.php\/wp-json\/wp\/v2\/media?parent=70354"}],"wp:term":[{"taxonomy":"category","embeddable":true,"href":"https:\/\/fuentesfidedignas.com.mx\/index.php\/wp-json\/wp\/v2\/categories?post=70354"},{"taxonomy":"post_tag","embeddable":true,"href":"https:\/\/fuentesfidedignas.com.mx\/index.php\/wp-json\/wp\/v2\/tags?post=70354"}],"curies":[{"name":"wp","href":"https:\/\/api.w.org\/{rel}","templated":true}]}}