{"id":70333,"date":"2024-01-11T05:15:16","date_gmt":"2024-01-11T12:15:16","guid":{"rendered":"https:\/\/fuentesfidedignas.com.mx\/?p=70333"},"modified":"2024-01-10T22:15:52","modified_gmt":"2024-01-11T05:15:52","slug":"influencer-genera-polemica-al-mostrar-en-video-como-se-depila-el-ojo","status":"publish","type":"post","link":"https:\/\/fuentesfidedignas.com.mx\/index.php\/2024\/01\/11\/influencer-genera-polemica-al-mostrar-en-video-como-se-depila-el-ojo\/","title":{"rendered":"Influencer genera pol\u00e9mica al mostrar en video c\u00f3mo se depila el ojo"},"content":{"rendered":"\n<p><strong><em>La influencer conocida como Yanei Reach ha generado gran revuelo en redes luego de que compartiera el procedimiento que realiza para depilarse uno de sus ojos.<\/em><\/strong><\/p>\n\n\n\n<p>Una reconocida influencer sorprendi\u00f3 a todos en TikTok tras compartir un video en el que mencion\u00f3 que se iba a depilar el ojo. Sin embargo, no se refer\u00eda a que se trataba de sus cejas o pesta\u00f1as, sino que literalmente se depilar\u00eda el globo ocular pues en esa parte le creci\u00f3 un pelo.<\/p>\n\n\n\n<p>Tras la publicaci\u00f3n del video, la joven conocida como\u00a0Yanei Reach se volvi\u00f3\u00a0viral pues mostr\u00f3 en el clip c\u00f3mo fue el procedimiento para depilarse no sin antes mostrar que realmente un pelo le hab\u00eda crecido en el globo ocular, pero \u00bfqu\u00e9 es lo que padece? \u00bfen verdad puede crecer un pelo dentro del ojo? aqu\u00ed te compartimos lo que sabemos de este peculiar caso.<\/p>\n\n\n\n<p>Yanei Reach, quien se encuentra en TikTok con la cuenta -@yaneireach- comparti\u00f3 el momento en el que se depil\u00f3 su ojo pues en la parte blanca de su globo ocular, llamada escler\u00f3tica le hab\u00eda salido un pelo, el cual procedi\u00f3 a quitarselo.&nbsp;<\/p>\n\n\n\n<p>\u201c\u00a1Acomp\u00e1\u00f1enme a depilarme el ojo! S\u00ed, escuchaste bien, me voy a depilar el ojo, porque tengo esta cosita aqu\u00ed y le crece pelo\u201d, dijo la tiktoker.<\/p>\n\n\n\n<p>En el material audiovisual se puede ver como la influencer, con ayuda de unas pinzas para depilar, empieza a retirar el pelo que creci\u00f3 en su ojo, justo donde se alcanza a ver una peque\u00f1a protuberancia color beige con un vello saliendo de \u00e9sta.<\/p>\n\n\n\n<p>La tiktoker tuvo que realizar el procedimiento un par de veces pues en el primer intento, el pelo se parti\u00f3 en dos y qued\u00f3 la mitad todav\u00eda incrustada en su ojo.&nbsp;<\/p>\n\n\n\n<p>El video de la influencer, que alcanza m\u00e1s de 2 millones de reproducciones, ha generado curiosidad y sorpresa entre sus seguidores quienes se preguntan cu\u00e1l es el padecimiento que tiene y si es que existe alg\u00fan procedimiento para evitarlo.<\/p>\n\n\n\n<p>&#8220;Yo hab\u00eda escuchado lo de pelos en la lengua, pero en el ojo&#8221;; &#8220;No sabes si hay alguna cirug\u00eda o algo asi para quit\u00e1rtelo completamente?&#8221;; &#8220;Se llama dermoide limbar en el ojo&#8221;.<\/p>\n\n\n\n<blockquote class=\"tiktok-embed\" cite=\"https:\/\/www.tiktok.com\/@yaneireach\/video\/7321055367935380742\" data-video-id=\"7321055367935380742\" style=\"max-width: 605px;min-width: 325px;\" > <section> <a target=\"_blank\" title=\"@yaneireach\" href=\"https:\/\/www.tiktok.com\/@yaneireach?refer=embed\" rel=\"noopener\">@yaneireach<\/a> <p>Depilandome el ojo \ud83d\ude35\u200d\ud83d\udcab<\/p> <a target=\"_blank\" title=\"\u266c sonido original - \u2728YaneiReach\u2728\" href=\"https:\/\/www.tiktok.com\/music\/sonido-original-7321055387622853381?refer=embed\" rel=\"noopener\">\u266c sonido original &#8211; \u2728YaneiReach\u2728<\/a> <\/section> <\/blockquote> <script async src=\"https:\/\/www.tiktok.com\/embed.js\"><\/script>\n\n\n\n<p><strong>\u00bfQu\u00e9 es lo que padece la influencer que se tiene que depilar el ojo?<\/strong><br>En un video compartido previamente por la influencer mencion\u00f3 que tiene un padecimiento que se llama &#8216;dermoide limbal&#8217;.\u00a0<\/p>\n\n\n\n<p>De acuerdo al Hospital Infantil de Texas, se trata de un&nbsp;quiste que est\u00e1 presente en la intersecci\u00f3n de la c\u00f3rnea (la ventana transparente de la parte delantera del ojo) y la escler\u00f3tica (la parte blanca del ojo). Este quiste se presenta desde el nacimiento y en ocasiones puede crecer de tama\u00f1o con el tiempo.<\/p>\n\n\n\n<p>En muchos casos no se requiere tratamiento.\u00a0Si el quiste llegara a provocar enrojecimiento o irritaci\u00f3n, pueden utilizarse gotas oculares con esteroides. Si el dermoide aumenta de tama\u00f1o o bloquea la vista, o si preocupa su aspecto se puede realizar una cirug\u00eda.<\/p>\n\n\n\n<blockquote class=\"tiktok-embed\" cite=\"https:\/\/www.tiktok.com\/@yaneireach\/video\/7280254056025689349\" data-video-id=\"7280254056025689349\" style=\"max-width: 605px;min-width: 325px;\" > <section> <a target=\"_blank\" title=\"@yaneireach\" href=\"https:\/\/www.tiktok.com\/@yaneireach?refer=embed\" rel=\"noopener\">@yaneireach<\/a> <p>Holiis<\/p> <a target=\"_blank\" title=\"\u266c sonido original - \u2728YaneiReach\u2728\" href=\"https:\/\/www.tiktok.com\/music\/sonido-original-7280254114470759173?refer=embed\" rel=\"noopener\">\u266c sonido original &#8211; \u2728YaneiReach\u2728<\/a> <\/section> <\/blockquote> <script async src=\"https:\/\/www.tiktok.com\/embed.js\"><\/script>\n","protected":false},"excerpt":{"rendered":"<p>La influencer conocida como Yanei Reach ha generado gran revuelo en redes luego de que compartiera el procedimiento que realiza para depilarse uno de sus ojos. Una reconocida influencer sorprendi\u00f3 a todos en TikTok tras compartir un video en el que mencion\u00f3 que se iba a depilar el ojo. Sin embargo, no se refer\u00eda a [&hellip;]<\/p>\n","protected":false},"author":9,"featured_media":70334,"comment_status":"open","ping_status":"open","sticky":false,"template":"","format":"standard","meta":{"tdm_status":"","tdm_grid_status":"","footnotes":""},"categories":[40],"tags":[],"class_list":{"0":"post-70333","1":"post","2":"type-post","3":"status-publish","4":"format-standard","5":"has-post-thumbnail","7":"category-las-asombrosas"},"yoast_head":"<!-- This site is optimized with the Yoast SEO plugin v27.5 - https:\/\/yoast.com\/product\/yoast-seo-wordpress\/ -->\n<title>Influencer genera pol\u00e9mica al mostrar en video c\u00f3mo se depila el ojo - Fuentes Fidedignas<\/title>\n<meta name=\"robots\" content=\"index, follow, max-snippet:-1, max-image-preview:large, max-video-preview:-1\" \/>\n<link rel=\"canonical\" href=\"https:\/\/fuentesfidedignas.com.mx\/index.php\/2024\/01\/11\/influencer-genera-polemica-al-mostrar-en-video-como-se-depila-el-ojo\/\" \/>\n<meta property=\"og:locale\" content=\"es_MX\" \/>\n<meta property=\"og:type\" content=\"article\" \/>\n<meta property=\"og:title\" content=\"Influencer genera pol\u00e9mica al mostrar en video c\u00f3mo se depila el ojo - Fuentes Fidedignas\" \/>\n<meta property=\"og:description\" content=\"La influencer conocida como Yanei Reach ha generado gran revuelo en redes luego de que compartiera el procedimiento que realiza para depilarse uno de sus ojos. Una reconocida influencer sorprendi\u00f3 a todos en TikTok tras compartir un video en el que mencion\u00f3 que se iba a depilar el ojo. Sin embargo, no se refer\u00eda a [&hellip;]\" \/>\n<meta property=\"og:url\" content=\"https:\/\/fuentesfidedignas.com.mx\/index.php\/2024\/01\/11\/influencer-genera-polemica-al-mostrar-en-video-como-se-depila-el-ojo\/\" \/>\n<meta property=\"og:site_name\" content=\"Fuentes Fidedignas\" \/>\n<meta property=\"article:publisher\" content=\"https:\/\/www.facebook.com\/Fuentes-Fidedignas-368234489921644\" \/>\n<meta property=\"article:published_time\" content=\"2024-01-11T12:15:16+00:00\" \/>\n<meta property=\"og:image\" content=\"https:\/\/fuentesfidedignas.com.mx\/wp-content\/uploads\/2024\/01\/INFLUENCER_OJOS.jpg\" \/>\n\t<meta property=\"og:image:width\" content=\"877\" \/>\n\t<meta property=\"og:image:height\" content=\"533\" \/>\n\t<meta property=\"og:image:type\" content=\"image\/jpeg\" \/>\n<meta name=\"author\" content=\"Milenio\" \/>\n<meta name=\"twitter:card\" content=\"summary_large_image\" \/>\n<meta name=\"twitter:creator\" content=\"@fidedignas\" \/>\n<meta name=\"twitter:site\" content=\"@fidedignas\" \/>\n<meta name=\"twitter:label1\" content=\"Escrito por\" \/>\n\t<meta name=\"twitter:data1\" content=\"Milenio\" \/>\n\t<meta name=\"twitter:label2\" content=\"Tiempo de lectura\" \/>\n\t<meta name=\"twitter:data2\" content=\"3 minutos\" \/>\n<script type=\"application\/ld+json\" class=\"yoast-schema-graph\">{\"@context\":\"https:\\\/\\\/schema.org\",\"@graph\":[{\"@type\":\"Article\",\"@id\":\"https:\\\/\\\/fuentesfidedignas.com.mx\\\/index.php\\\/2024\\\/01\\\/11\\\/influencer-genera-polemica-al-mostrar-en-video-como-se-depila-el-ojo\\\/#article\",\"isPartOf\":{\"@id\":\"https:\\\/\\\/fuentesfidedignas.com.mx\\\/index.php\\\/2024\\\/01\\\/11\\\/influencer-genera-polemica-al-mostrar-en-video-como-se-depila-el-ojo\\\/\"},\"author\":{\"name\":\"Milenio\",\"@id\":\"https:\\\/\\\/fuentesfidedignas.com.mx\\\/#\\\/schema\\\/person\\\/47ec0135738f4b0c7495f06a77a2c976\"},\"headline\":\"Influencer genera pol\u00e9mica al mostrar en video c\u00f3mo se depila el ojo\",\"datePublished\":\"2024-01-11T12:15:16+00:00\",\"mainEntityOfPage\":{\"@id\":\"https:\\\/\\\/fuentesfidedignas.com.mx\\\/index.php\\\/2024\\\/01\\\/11\\\/influencer-genera-polemica-al-mostrar-en-video-como-se-depila-el-ojo\\\/\"},\"wordCount\":542,\"commentCount\":0,\"publisher\":{\"@id\":\"https:\\\/\\\/fuentesfidedignas.com.mx\\\/#organization\"},\"image\":{\"@id\":\"https:\\\/\\\/fuentesfidedignas.com.mx\\\/index.php\\\/2024\\\/01\\\/11\\\/influencer-genera-polemica-al-mostrar-en-video-como-se-depila-el-ojo\\\/#primaryimage\"},\"thumbnailUrl\":\"https:\\\/\\\/fuentesfidedignas.com.mx\\\/wp-content\\\/uploads\\\/2024\\\/01\\\/INFLUENCER_OJOS.jpg\",\"articleSection\":[\"LAS ASOMBROSAS\"],\"inLanguage\":\"es\",\"potentialAction\":[{\"@type\":\"CommentAction\",\"name\":\"Comment\",\"target\":[\"https:\\\/\\\/fuentesfidedignas.com.mx\\\/index.php\\\/2024\\\/01\\\/11\\\/influencer-genera-polemica-al-mostrar-en-video-como-se-depila-el-ojo\\\/#respond\"]}]},{\"@type\":\"WebPage\",\"@id\":\"https:\\\/\\\/fuentesfidedignas.com.mx\\\/index.php\\\/2024\\\/01\\\/11\\\/influencer-genera-polemica-al-mostrar-en-video-como-se-depila-el-ojo\\\/\",\"url\":\"https:\\\/\\\/fuentesfidedignas.com.mx\\\/index.php\\\/2024\\\/01\\\/11\\\/influencer-genera-polemica-al-mostrar-en-video-como-se-depila-el-ojo\\\/\",\"name\":\"Influencer genera pol\u00e9mica al mostrar en video c\u00f3mo se depila el ojo - Fuentes Fidedignas\",\"isPartOf\":{\"@id\":\"https:\\\/\\\/fuentesfidedignas.com.mx\\\/#website\"},\"primaryImageOfPage\":{\"@id\":\"https:\\\/\\\/fuentesfidedignas.com.mx\\\/index.php\\\/2024\\\/01\\\/11\\\/influencer-genera-polemica-al-mostrar-en-video-como-se-depila-el-ojo\\\/#primaryimage\"},\"image\":{\"@id\":\"https:\\\/\\\/fuentesfidedignas.com.mx\\\/index.php\\\/2024\\\/01\\\/11\\\/influencer-genera-polemica-al-mostrar-en-video-como-se-depila-el-ojo\\\/#primaryimage\"},\"thumbnailUrl\":\"https:\\\/\\\/fuentesfidedignas.com.mx\\\/wp-content\\\/uploads\\\/2024\\\/01\\\/INFLUENCER_OJOS.jpg\",\"datePublished\":\"2024-01-11T12:15:16+00:00\",\"breadcrumb\":{\"@id\":\"https:\\\/\\\/fuentesfidedignas.com.mx\\\/index.php\\\/2024\\\/01\\\/11\\\/influencer-genera-polemica-al-mostrar-en-video-como-se-depila-el-ojo\\\/#breadcrumb\"},\"inLanguage\":\"es\",\"potentialAction\":[{\"@type\":\"ReadAction\",\"target\":[\"https:\\\/\\\/fuentesfidedignas.com.mx\\\/index.php\\\/2024\\\/01\\\/11\\\/influencer-genera-polemica-al-mostrar-en-video-como-se-depila-el-ojo\\\/\"]}]},{\"@type\":\"ImageObject\",\"inLanguage\":\"es\",\"@id\":\"https:\\\/\\\/fuentesfidedignas.com.mx\\\/index.php\\\/2024\\\/01\\\/11\\\/influencer-genera-polemica-al-mostrar-en-video-como-se-depila-el-ojo\\\/#primaryimage\",\"url\":\"https:\\\/\\\/fuentesfidedignas.com.mx\\\/wp-content\\\/uploads\\\/2024\\\/01\\\/INFLUENCER_OJOS.jpg\",\"contentUrl\":\"https:\\\/\\\/fuentesfidedignas.com.mx\\\/wp-content\\\/uploads\\\/2024\\\/01\\\/INFLUENCER_OJOS.jpg\",\"width\":877,\"height\":533},{\"@type\":\"BreadcrumbList\",\"@id\":\"https:\\\/\\\/fuentesfidedignas.com.mx\\\/index.php\\\/2024\\\/01\\\/11\\\/influencer-genera-polemica-al-mostrar-en-video-como-se-depila-el-ojo\\\/#breadcrumb\",\"itemListElement\":[{\"@type\":\"ListItem\",\"position\":1,\"name\":\"Inicio\",\"item\":\"https:\\\/\\\/fuentesfidedignas.com.mx\\\/\"},{\"@type\":\"ListItem\",\"position\":2,\"name\":\"Influencer genera pol\u00e9mica al mostrar en video c\u00f3mo se depila el ojo\"}]},{\"@type\":\"WebSite\",\"@id\":\"https:\\\/\\\/fuentesfidedignas.com.mx\\\/#website\",\"url\":\"https:\\\/\\\/fuentesfidedignas.com.mx\\\/\",\"name\":\"Fuentes Fidedignas\",\"description\":\"Otro sitio realizado con WordPress\",\"publisher\":{\"@id\":\"https:\\\/\\\/fuentesfidedignas.com.mx\\\/#organization\"},\"potentialAction\":[{\"@type\":\"SearchAction\",\"target\":{\"@type\":\"EntryPoint\",\"urlTemplate\":\"https:\\\/\\\/fuentesfidedignas.com.mx\\\/?s={search_term_string}\"},\"query-input\":{\"@type\":\"PropertyValueSpecification\",\"valueRequired\":true,\"valueName\":\"search_term_string\"}}],\"inLanguage\":\"es\"},{\"@type\":\"Organization\",\"@id\":\"https:\\\/\\\/fuentesfidedignas.com.mx\\\/#organization\",\"name\":\"Fuentes Fidedignas\",\"url\":\"https:\\\/\\\/fuentesfidedignas.com.mx\\\/\",\"logo\":{\"@type\":\"ImageObject\",\"inLanguage\":\"es\",\"@id\":\"https:\\\/\\\/fuentesfidedignas.com.mx\\\/#\\\/schema\\\/logo\\\/image\\\/\",\"url\":\"https:\\\/\\\/fuentesfidedignas.com.mx\\\/wp-content\\\/uploads\\\/2021\\\/04\\\/logo-retina.png\",\"contentUrl\":\"https:\\\/\\\/fuentesfidedignas.com.mx\\\/wp-content\\\/uploads\\\/2021\\\/04\\\/logo-retina.png\",\"width\":280,\"height\":51,\"caption\":\"Fuentes Fidedignas\"},\"image\":{\"@id\":\"https:\\\/\\\/fuentesfidedignas.com.mx\\\/#\\\/schema\\\/logo\\\/image\\\/\"},\"sameAs\":[\"https:\\\/\\\/www.facebook.com\\\/Fuentes-Fidedignas-368234489921644\",\"https:\\\/\\\/x.com\\\/fidedignas\"]},{\"@type\":\"Person\",\"@id\":\"https:\\\/\\\/fuentesfidedignas.com.mx\\\/#\\\/schema\\\/person\\\/47ec0135738f4b0c7495f06a77a2c976\",\"name\":\"Milenio\",\"image\":{\"@type\":\"ImageObject\",\"inLanguage\":\"es\",\"@id\":\"https:\\\/\\\/secure.gravatar.com\\\/avatar\\\/acabf7b54753e51c2c76457954577c236b3b764789b19879565769739d1e4a75?s=96&d=mm&r=g\",\"url\":\"https:\\\/\\\/secure.gravatar.com\\\/avatar\\\/acabf7b54753e51c2c76457954577c236b3b764789b19879565769739d1e4a75?s=96&d=mm&r=g\",\"contentUrl\":\"https:\\\/\\\/secure.gravatar.com\\\/avatar\\\/acabf7b54753e51c2c76457954577c236b3b764789b19879565769739d1e4a75?s=96&d=mm&r=g\",\"caption\":\"Milenio\"},\"url\":\"https:\\\/\\\/fuentesfidedignas.com.mx\\\/index.php\\\/author\\\/milenio\\\/\"}]}<\/script>\n<!-- \/ Yoast SEO plugin. -->","yoast_head_json":{"title":"Influencer genera pol\u00e9mica al mostrar en video c\u00f3mo se depila el ojo - Fuentes Fidedignas","robots":{"index":"index","follow":"follow","max-snippet":"max-snippet:-1","max-image-preview":"max-image-preview:large","max-video-preview":"max-video-preview:-1"},"canonical":"https:\/\/fuentesfidedignas.com.mx\/index.php\/2024\/01\/11\/influencer-genera-polemica-al-mostrar-en-video-como-se-depila-el-ojo\/","og_locale":"es_MX","og_type":"article","og_title":"Influencer genera pol\u00e9mica al mostrar en video c\u00f3mo se depila el ojo - Fuentes Fidedignas","og_description":"La influencer conocida como Yanei Reach ha generado gran revuelo en redes luego de que compartiera el procedimiento que realiza para depilarse uno de sus ojos. Una reconocida influencer sorprendi\u00f3 a todos en TikTok tras compartir un video en el que mencion\u00f3 que se iba a depilar el ojo. Sin embargo, no se refer\u00eda a [&hellip;]","og_url":"https:\/\/fuentesfidedignas.com.mx\/index.php\/2024\/01\/11\/influencer-genera-polemica-al-mostrar-en-video-como-se-depila-el-ojo\/","og_site_name":"Fuentes Fidedignas","article_publisher":"https:\/\/www.facebook.com\/Fuentes-Fidedignas-368234489921644","article_published_time":"2024-01-11T12:15:16+00:00","og_image":[{"width":877,"height":533,"url":"https:\/\/fuentesfidedignas.com.mx\/wp-content\/uploads\/2024\/01\/INFLUENCER_OJOS.jpg","type":"image\/jpeg"}],"author":"Milenio","twitter_card":"summary_large_image","twitter_creator":"@fidedignas","twitter_site":"@fidedignas","twitter_misc":{"Escrito por":"Milenio","Tiempo de lectura":"3 minutos"},"schema":{"@context":"https:\/\/schema.org","@graph":[{"@type":"Article","@id":"https:\/\/fuentesfidedignas.com.mx\/index.php\/2024\/01\/11\/influencer-genera-polemica-al-mostrar-en-video-como-se-depila-el-ojo\/#article","isPartOf":{"@id":"https:\/\/fuentesfidedignas.com.mx\/index.php\/2024\/01\/11\/influencer-genera-polemica-al-mostrar-en-video-como-se-depila-el-ojo\/"},"author":{"name":"Milenio","@id":"https:\/\/fuentesfidedignas.com.mx\/#\/schema\/person\/47ec0135738f4b0c7495f06a77a2c976"},"headline":"Influencer genera pol\u00e9mica al mostrar en video c\u00f3mo se depila el ojo","datePublished":"2024-01-11T12:15:16+00:00","mainEntityOfPage":{"@id":"https:\/\/fuentesfidedignas.com.mx\/index.php\/2024\/01\/11\/influencer-genera-polemica-al-mostrar-en-video-como-se-depila-el-ojo\/"},"wordCount":542,"commentCount":0,"publisher":{"@id":"https:\/\/fuentesfidedignas.com.mx\/#organization"},"image":{"@id":"https:\/\/fuentesfidedignas.com.mx\/index.php\/2024\/01\/11\/influencer-genera-polemica-al-mostrar-en-video-como-se-depila-el-ojo\/#primaryimage"},"thumbnailUrl":"https:\/\/fuentesfidedignas.com.mx\/wp-content\/uploads\/2024\/01\/INFLUENCER_OJOS.jpg","articleSection":["LAS ASOMBROSAS"],"inLanguage":"es","potentialAction":[{"@type":"CommentAction","name":"Comment","target":["https:\/\/fuentesfidedignas.com.mx\/index.php\/2024\/01\/11\/influencer-genera-polemica-al-mostrar-en-video-como-se-depila-el-ojo\/#respond"]}]},{"@type":"WebPage","@id":"https:\/\/fuentesfidedignas.com.mx\/index.php\/2024\/01\/11\/influencer-genera-polemica-al-mostrar-en-video-como-se-depila-el-ojo\/","url":"https:\/\/fuentesfidedignas.com.mx\/index.php\/2024\/01\/11\/influencer-genera-polemica-al-mostrar-en-video-como-se-depila-el-ojo\/","name":"Influencer genera pol\u00e9mica al mostrar en video c\u00f3mo se depila el ojo - Fuentes Fidedignas","isPartOf":{"@id":"https:\/\/fuentesfidedignas.com.mx\/#website"},"primaryImageOfPage":{"@id":"https:\/\/fuentesfidedignas.com.mx\/index.php\/2024\/01\/11\/influencer-genera-polemica-al-mostrar-en-video-como-se-depila-el-ojo\/#primaryimage"},"image":{"@id":"https:\/\/fuentesfidedignas.com.mx\/index.php\/2024\/01\/11\/influencer-genera-polemica-al-mostrar-en-video-como-se-depila-el-ojo\/#primaryimage"},"thumbnailUrl":"https:\/\/fuentesfidedignas.com.mx\/wp-content\/uploads\/2024\/01\/INFLUENCER_OJOS.jpg","datePublished":"2024-01-11T12:15:16+00:00","breadcrumb":{"@id":"https:\/\/fuentesfidedignas.com.mx\/index.php\/2024\/01\/11\/influencer-genera-polemica-al-mostrar-en-video-como-se-depila-el-ojo\/#breadcrumb"},"inLanguage":"es","potentialAction":[{"@type":"ReadAction","target":["https:\/\/fuentesfidedignas.com.mx\/index.php\/2024\/01\/11\/influencer-genera-polemica-al-mostrar-en-video-como-se-depila-el-ojo\/"]}]},{"@type":"ImageObject","inLanguage":"es","@id":"https:\/\/fuentesfidedignas.com.mx\/index.php\/2024\/01\/11\/influencer-genera-polemica-al-mostrar-en-video-como-se-depila-el-ojo\/#primaryimage","url":"https:\/\/fuentesfidedignas.com.mx\/wp-content\/uploads\/2024\/01\/INFLUENCER_OJOS.jpg","contentUrl":"https:\/\/fuentesfidedignas.com.mx\/wp-content\/uploads\/2024\/01\/INFLUENCER_OJOS.jpg","width":877,"height":533},{"@type":"BreadcrumbList","@id":"https:\/\/fuentesfidedignas.com.mx\/index.php\/2024\/01\/11\/influencer-genera-polemica-al-mostrar-en-video-como-se-depila-el-ojo\/#breadcrumb","itemListElement":[{"@type":"ListItem","position":1,"name":"Inicio","item":"https:\/\/fuentesfidedignas.com.mx\/"},{"@type":"ListItem","position":2,"name":"Influencer genera pol\u00e9mica al mostrar en video c\u00f3mo se depila el ojo"}]},{"@type":"WebSite","@id":"https:\/\/fuentesfidedignas.com.mx\/#website","url":"https:\/\/fuentesfidedignas.com.mx\/","name":"Fuentes Fidedignas","description":"Otro sitio realizado con WordPress","publisher":{"@id":"https:\/\/fuentesfidedignas.com.mx\/#organization"},"potentialAction":[{"@type":"SearchAction","target":{"@type":"EntryPoint","urlTemplate":"https:\/\/fuentesfidedignas.com.mx\/?s={search_term_string}"},"query-input":{"@type":"PropertyValueSpecification","valueRequired":true,"valueName":"search_term_string"}}],"inLanguage":"es"},{"@type":"Organization","@id":"https:\/\/fuentesfidedignas.com.mx\/#organization","name":"Fuentes Fidedignas","url":"https:\/\/fuentesfidedignas.com.mx\/","logo":{"@type":"ImageObject","inLanguage":"es","@id":"https:\/\/fuentesfidedignas.com.mx\/#\/schema\/logo\/image\/","url":"https:\/\/fuentesfidedignas.com.mx\/wp-content\/uploads\/2021\/04\/logo-retina.png","contentUrl":"https:\/\/fuentesfidedignas.com.mx\/wp-content\/uploads\/2021\/04\/logo-retina.png","width":280,"height":51,"caption":"Fuentes Fidedignas"},"image":{"@id":"https:\/\/fuentesfidedignas.com.mx\/#\/schema\/logo\/image\/"},"sameAs":["https:\/\/www.facebook.com\/Fuentes-Fidedignas-368234489921644","https:\/\/x.com\/fidedignas"]},{"@type":"Person","@id":"https:\/\/fuentesfidedignas.com.mx\/#\/schema\/person\/47ec0135738f4b0c7495f06a77a2c976","name":"Milenio","image":{"@type":"ImageObject","inLanguage":"es","@id":"https:\/\/secure.gravatar.com\/avatar\/acabf7b54753e51c2c76457954577c236b3b764789b19879565769739d1e4a75?s=96&d=mm&r=g","url":"https:\/\/secure.gravatar.com\/avatar\/acabf7b54753e51c2c76457954577c236b3b764789b19879565769739d1e4a75?s=96&d=mm&r=g","contentUrl":"https:\/\/secure.gravatar.com\/avatar\/acabf7b54753e51c2c76457954577c236b3b764789b19879565769739d1e4a75?s=96&d=mm&r=g","caption":"Milenio"},"url":"https:\/\/fuentesfidedignas.com.mx\/index.php\/author\/milenio\/"}]}},"_links":{"self":[{"href":"https:\/\/fuentesfidedignas.com.mx\/index.php\/wp-json\/wp\/v2\/posts\/70333","targetHints":{"allow":["GET"]}}],"collection":[{"href":"https:\/\/fuentesfidedignas.com.mx\/index.php\/wp-json\/wp\/v2\/posts"}],"about":[{"href":"https:\/\/fuentesfidedignas.com.mx\/index.php\/wp-json\/wp\/v2\/types\/post"}],"author":[{"embeddable":true,"href":"https:\/\/fuentesfidedignas.com.mx\/index.php\/wp-json\/wp\/v2\/users\/9"}],"replies":[{"embeddable":true,"href":"https:\/\/fuentesfidedignas.com.mx\/index.php\/wp-json\/wp\/v2\/comments?post=70333"}],"version-history":[{"count":1,"href":"https:\/\/fuentesfidedignas.com.mx\/index.php\/wp-json\/wp\/v2\/posts\/70333\/revisions"}],"predecessor-version":[{"id":70335,"href":"https:\/\/fuentesfidedignas.com.mx\/index.php\/wp-json\/wp\/v2\/posts\/70333\/revisions\/70335"}],"wp:featuredmedia":[{"embeddable":true,"href":"https:\/\/fuentesfidedignas.com.mx\/index.php\/wp-json\/wp\/v2\/media\/70334"}],"wp:attachment":[{"href":"https:\/\/fuentesfidedignas.com.mx\/index.php\/wp-json\/wp\/v2\/media?parent=70333"}],"wp:term":[{"taxonomy":"category","embeddable":true,"href":"https:\/\/fuentesfidedignas.com.mx\/index.php\/wp-json\/wp\/v2\/categories?post=70333"},{"taxonomy":"post_tag","embeddable":true,"href":"https:\/\/fuentesfidedignas.com.mx\/index.php\/wp-json\/wp\/v2\/tags?post=70333"}],"curies":[{"name":"wp","href":"https:\/\/api.w.org\/{rel}","templated":true}]}}