{"id":7020,"date":"2021-07-08T14:55:29","date_gmt":"2021-07-08T21:55:29","guid":{"rendered":"https:\/\/fuentesfidedignas.com.mx\/?p=7020"},"modified":"2021-07-08T15:49:41","modified_gmt":"2021-07-08T22:49:41","slug":"rechaza-gildardo-leyva-basificar-amigosyfamilia-nubia-ramos","status":"publish","type":"post","link":"https:\/\/fuentesfidedignas.com.mx\/index.php\/2021\/07\/08\/rechaza-gildardo-leyva-basificar-amigosyfamilia-nubia-ramos\/","title":{"rendered":"Rechaza Gildardo Leyva basificar a 160 familiares y amigos de Nubia Ramos"},"content":{"rendered":"\n<p><strong><em>\u201cDe llevarse a cabo causar\u00edan un perjuicio econ\u00f3mico y financiero importante en las arcas econ\u00f3micas de El Fuerte\u201d, indic\u00f3 el alcalde electo<\/em><\/strong><\/p>\n\n\n\n<p>El Fuerte, Sin.- El alcalde electo de El Fuerte, Gildardo Leyva Ortega, acusa y critica la intenci\u00f3n de basificar a m\u00e1s de 160 trabajadores del Ayuntamiento, pues esto traer\u00eda una desequilibrio y da\u00f1o a las arcas del municipio, pues indica que se trata de un proceso ilegal y suma a muchos trabajadores ligados a la actual alcaldesa Nubia Ramos.<\/p>\n\n\n\n<p>\u201cExpreso rotundamente mi inconformidad con el desaseo administrativo generalizado en el Ayuntamiento de El Fuerte, respecto del actuar de las actuales autoridades municipales al pretender basificar de manera ilegal e ileg\u00edtima a m\u00e1s de 160 empleados municipales, entre ellos amigos y familiares de diversos funcionarios del ayuntamiento seg\u00fan diversos trascendidos\u201d, se\u00f1ala la publicaci\u00f3n del pr\u00f3ximo alcalde.<\/p>\n\n\n\n<p>A trav\u00e9s de sus redes sociales, el presidente municipal electo hizo p\u00fablica su opini\u00f3n donde critica un actuar doloso e ilegal de la administraci\u00f3n saliente al pretender realizar una acci\u00f3n \u201cviolatoria de la Ley de Disciplina Financiera de las Entidades Federativas y los Municipios, de la Ley de Presupuesto y Responsabilidad Hacendaria, entre muchas otras normas m\u00e1s\u201d.<\/p>\n\n\n\n<p>Asimismo, afirma que \u201cde llevarse a cabo causar\u00edan un perjuicio econ\u00f3mico y financiero importante en las arcas econ\u00f3micas de El Fuerte. Esto agravar\u00e1 a\u00fan m\u00e1s la situaci\u00f3n de los sindicalizados actuales al hacer todav\u00eda m\u00e1s gravoso para el Ayuntamiento sus prestaciones\u201d.<\/p>\n\n\n\n<p>Esta es la lista de empleados del Ayuntamiento que se busca basificar:<\/p>\n\n\n\n<figure class=\"wp-block-gallery columns-3 is-cropped wp-block-gallery-1 is-layout-flex wp-block-gallery-is-layout-flex\"><ul class=\"blocks-gallery-grid\"><li class=\"blocks-gallery-item\"><figure><img decoding=\"async\" width=\"576\" height=\"1024\" src=\"https:\/\/fuentesfidedignas.com.mx\/wp-content\/uploads\/2021\/07\/1-576x1024.jpg\" alt=\"\" data-id=\"7021\" data-full-url=\"https:\/\/fuentesfidedignas.com.mx\/wp-content\/uploads\/2021\/07\/1.jpg\" data-link=\"https:\/\/fuentesfidedignas.com.mx\/?attachment_id=7021\" class=\"wp-image-7021\" srcset=\"https:\/\/fuentesfidedignas.com.mx\/wp-content\/uploads\/2021\/07\/1-576x1024.jpg 576w, https:\/\/fuentesfidedignas.com.mx\/wp-content\/uploads\/2021\/07\/1-169x300.jpg 169w, https:\/\/fuentesfidedignas.com.mx\/wp-content\/uploads\/2021\/07\/1-696x1237.jpg 696w, https:\/\/fuentesfidedignas.com.mx\/wp-content\/uploads\/2021\/07\/1-236x420.jpg 236w, https:\/\/fuentesfidedignas.com.mx\/wp-content\/uploads\/2021\/07\/1.jpg 720w\" sizes=\"(max-width: 576px) 100vw, 576px\" \/><\/figure><\/li><li class=\"blocks-gallery-item\"><figure><img decoding=\"async\" width=\"576\" height=\"1024\" src=\"https:\/\/fuentesfidedignas.com.mx\/wp-content\/uploads\/2021\/07\/2-576x1024.jpg\" alt=\"\" data-id=\"7022\" data-full-url=\"https:\/\/fuentesfidedignas.com.mx\/wp-content\/uploads\/2021\/07\/2.jpg\" data-link=\"https:\/\/fuentesfidedignas.com.mx\/?attachment_id=7022\" class=\"wp-image-7022\" srcset=\"https:\/\/fuentesfidedignas.com.mx\/wp-content\/uploads\/2021\/07\/2-576x1024.jpg 576w, https:\/\/fuentesfidedignas.com.mx\/wp-content\/uploads\/2021\/07\/2-169x300.jpg 169w, https:\/\/fuentesfidedignas.com.mx\/wp-content\/uploads\/2021\/07\/2-696x1237.jpg 696w, https:\/\/fuentesfidedignas.com.mx\/wp-content\/uploads\/2021\/07\/2-236x420.jpg 236w, https:\/\/fuentesfidedignas.com.mx\/wp-content\/uploads\/2021\/07\/2.jpg 720w\" sizes=\"(max-width: 576px) 100vw, 576px\" \/><\/figure><\/li><li class=\"blocks-gallery-item\"><figure><img decoding=\"async\" width=\"576\" height=\"1024\" src=\"https:\/\/fuentesfidedignas.com.mx\/wp-content\/uploads\/2021\/07\/3-576x1024.jpg\" alt=\"\" data-id=\"7023\" data-full-url=\"https:\/\/fuentesfidedignas.com.mx\/wp-content\/uploads\/2021\/07\/3.jpg\" data-link=\"https:\/\/fuentesfidedignas.com.mx\/?attachment_id=7023\" class=\"wp-image-7023\" srcset=\"https:\/\/fuentesfidedignas.com.mx\/wp-content\/uploads\/2021\/07\/3-576x1024.jpg 576w, https:\/\/fuentesfidedignas.com.mx\/wp-content\/uploads\/2021\/07\/3-169x300.jpg 169w, https:\/\/fuentesfidedignas.com.mx\/wp-content\/uploads\/2021\/07\/3-696x1237.jpg 696w, https:\/\/fuentesfidedignas.com.mx\/wp-content\/uploads\/2021\/07\/3-236x420.jpg 236w, https:\/\/fuentesfidedignas.com.mx\/wp-content\/uploads\/2021\/07\/3.jpg 720w\" sizes=\"(max-width: 576px) 100vw, 576px\" \/><\/figure><\/li><li class=\"blocks-gallery-item\"><figure><img decoding=\"async\" width=\"720\" height=\"1280\" src=\"https:\/\/fuentesfidedignas.com.mx\/wp-content\/uploads\/2021\/07\/4-576x1024.jpg\" alt=\"\" data-id=\"7024\" data-full-url=\"https:\/\/fuentesfidedignas.com.mx\/wp-content\/uploads\/2021\/07\/4.jpg\" data-link=\"https:\/\/fuentesfidedignas.com.mx\/?attachment_id=7024\" class=\"wp-image-7024\" srcset=\"https:\/\/fuentesfidedignas.com.mx\/wp-content\/uploads\/2021\/07\/4-576x1024.jpg 576w, https:\/\/fuentesfidedignas.com.mx\/wp-content\/uploads\/2021\/07\/4-169x300.jpg 169w, https:\/\/fuentesfidedignas.com.mx\/wp-content\/uploads\/2021\/07\/4-696x1237.jpg 696w, https:\/\/fuentesfidedignas.com.mx\/wp-content\/uploads\/2021\/07\/4-236x420.jpg 236w, https:\/\/fuentesfidedignas.com.mx\/wp-content\/uploads\/2021\/07\/4.jpg 720w\" sizes=\"(max-width: 720px) 100vw, 720px\" \/><\/figure><\/li><\/ul><\/figure>\n\n\n\n<div class=\"fb-post\" data-href=\"https:\/\/www.facebook.com\/GildardoLeyvaMorena\/posts\/365476841673269\" data-width=\"500\" data-show-text=\"true\"><blockquote cite=\"https:\/\/www.facebook.com\/GildardoLeyvaMorena\/posts\/365476841673269\" class=\"fb-xfbml-parse-ignore\"><p>RECHAZO P\u00daBLICO A LA BASIFICACI\u00d3N ILEGAL E ILEGITIMA DE FUNCIONARIOS EN EL AYUNTAMIENTO DE EL FUERTE\n\nA la opini\u00f3n&#8230;<\/p>Publicada por <a href=\"https:\/\/www.facebook.com\/GildardoLeyvaMorena\/\">Gildardo Leyva<\/a> en&nbsp;<a href=\"https:\/\/www.facebook.com\/GildardoLeyvaMorena\/posts\/365476841673269\">Jueves, 8 de julio de 2021<\/a><\/blockquote><\/div>\n\n\n\n<p>Aqu\u00ed la declaraci\u00f3n \u00edntegra de Leyva Ortega:<\/p>\n\n\n\n<p><em>\u201cRECHAZO P\u00daBLICO A LA BASIFICACI\u00d3N ILEGAL E ILEGITIMA DE FUNCIONARIOS EN EL AYUNTAMIENTO DE EL FUERTE<\/em><\/p>\n\n\n\n<p><em>A la opini\u00f3n P\u00fablica<\/em><\/p>\n\n\n\n<p><em>Mediante el presente comunicado, expreso rotundamente mi inconformidad con el desaseo administrativo generalizado en el Ayuntamiento de El Fuerte, respecto del actuar de las actuales autoridades municipales al pretender basificar de manera ilegal e ileg\u00edtima a m\u00e1s de 160 empleados municipales, entre ellos amigos y familiares de diversos funcionarios del ayuntamiento seg\u00fan diversos trascendidos. Su objetivo es claro,&nbsp; no solo es seguir sangrando criminalmente el erario p\u00fablico sino el de desestabilizar e intentar un sabotaje al nuevo gobierno municipal. Nos queda muy claro que semejante pretensi\u00f3n es violatoria de la Ley de Disciplina Financiera de las Entidades Federativas y los Municipios, de la Ley de Presupuesto y Responsabilidad Hacendaria, entre muchas otras normas m\u00e1s.<\/em><\/p>\n\n\n\n<p><em>La voluntad popular fue clara, el 6 de junio, los ciudadanos votaron para que las autoridades municipales que estaban en el poder se vayan. Consideramos que dichas autoridades salientes en lugar de actuar con urbanidad pol\u00edtica siguen empecinadas en decisiones arbitrarias e ilegales, en perjuicio del patrimonio econ\u00f3mico de nuestro municipio, situaci\u00f3n que no estamos dispuestos a permitir.<\/em><\/p>\n\n\n\n<p><em>Tanto los regidores electos, como la propia s\u00edndica procuradora y un servidor, hemos decidido que vamos a combatirlos de manera contundente y judicialmente por la v\u00eda penal, civil, administrativa y\/o la que corresponda. Para ello debo de informales que por nuestra parte ya estamos listos con nuestro equipo de transici\u00f3n quienes se encargaran de llevar a cabo con los servidores municipales salientes el correspondiente acto de entrega y recepci\u00f3n conforme lo estipulan las leyes, solo nos resta esperar de las autoridades municipales salientes nos se\u00f1ales d\u00eda y hora para cumplir con ese cometido.&nbsp;&nbsp;<\/em><\/p>\n\n\n\n<p><em>Quiero insistir y que quede muy claro a la ciudadan\u00eda fortense que no reconocemos este abuso y menos cuando, en los hechos, ha culminado su mandato ya que consideramos que de llevarse a cabo causar\u00edan un perjuicio econ\u00f3mico y financiero importante en las arcas econ\u00f3micas de El Fuerte. Esto agravar\u00e1 a\u00fan m\u00e1s la situaci\u00f3n de los sindicalizados actuales al hacer todav\u00eda m\u00e1s gravoso para el Ayuntamiento sus prestaciones.<\/em><\/p>\n\n\n\n<p><em>Es inaceptable que no obstante de ello las autoridades municipales salientes con su actuar al margen de la ley en forma por dem\u00e1s dolosa e ilegal&nbsp; quebraron nuestro municipio, desaparecieron equipo, el parque vehicular es inoperante, obras p\u00fablicas fantasmas, pagadas en exceso, hasta&nbsp; entrega de facturas falsas, desorden de los expedientes de las obras, auto pr\u00e9stamos de regidores y funcionarios y pasivos sin fuente pagos por m\u00e1s de 80 millones, adeudos millonarios a CONAGUA y CFE, entre otros.<\/em><\/p>\n\n\n\n<p><em>Las cuentas p\u00fablicas del Ayuntamiento est\u00e1n reprobadas, apenas alcanzan 28 de 100 puntos de acuerdo con la Auditor\u00eda Superior del Estado (ASE) al 2019, no podemos ni aproximar el desfalco al 1 de noviembre. Imaginen el desorden que hay en la administraci\u00f3n, si solo por las diferencias en la informaci\u00f3n financiera a causa de omisiones, errores num\u00e9ricos y de c\u00e1lculo, la ASE no tiene certeza del ejercicio de 38 millones 251 mil pesos en 2019.<\/em><\/p>\n\n\n\n<p><em>Esto solo es una muestra, por eso urge un cambio, los fortenses sabemos que es hasta en defensa propia. Quienes no lo entiendan deber\u00e1n asumir las consecuencias pol\u00edticas, sociales y legales de sus actos. Hacemos un llamado a abandonar tal pretensi\u00f3n y asumir la responsabilidad y \u00e9tica del servicio p\u00fablico que juraron cumplir.<\/em><\/p>\n\n\n\n<p><em>Por una administraci\u00f3n municipal limpia, transparente, austera y con rendici\u00f3n de cuentas.<\/em><\/p>\n\n\n\n<p><em>Atentamente.<\/em><\/p>\n\n\n\n<p><em>Gildardo Leyva Ortega<\/em><\/p>\n\n\n\n<p><em>Presidente Municipal Electo de El Fuerte 2021-2024\u201d<\/em><\/p>\n","protected":false},"excerpt":{"rendered":"<p>\u201cDe llevarse a cabo causar\u00edan un perjuicio econ\u00f3mico y financiero importante en las arcas econ\u00f3micas de El Fuerte\u201d, indic\u00f3 el alcalde electo El Fuerte, Sin.- El alcalde electo de El Fuerte, Gildardo Leyva Ortega, acusa y critica la intenci\u00f3n de basificar a m\u00e1s de 160 trabajadores del Ayuntamiento, pues esto traer\u00eda una desequilibrio y da\u00f1o [&hellip;]<\/p>\n","protected":false},"author":11,"featured_media":7045,"comment_status":"open","ping_status":"open","sticky":false,"template":"","format":"standard","meta":{"tdm_status":"","tdm_grid_status":"","footnotes":""},"categories":[37],"tags":[322,323,186,43],"class_list":{"0":"post-7020","1":"post","2":"type-post","3":"status-publish","4":"format-standard","5":"has-post-thumbnail","7":"category-nota-principal","8":"tag-el-fuerte","9":"tag-gildardo-leyva","10":"tag-noticiaslocales","11":"tag-politica"},"yoast_head":"<!-- This site is optimized with the Yoast SEO plugin v27.5 - https:\/\/yoast.com\/product\/yoast-seo-wordpress\/ -->\n<title>Rechaza Gildardo Leyva basificar a 160 familiares y amigos de Nubia Ramos - Fuentes Fidedignas<\/title>\n<meta name=\"robots\" content=\"index, follow, max-snippet:-1, max-image-preview:large, max-video-preview:-1\" \/>\n<link rel=\"canonical\" href=\"https:\/\/fuentesfidedignas.com.mx\/index.php\/2021\/07\/08\/rechaza-gildardo-leyva-basificar-amigosyfamilia-nubia-ramos\/\" \/>\n<meta property=\"og:locale\" content=\"es_MX\" \/>\n<meta property=\"og:type\" content=\"article\" \/>\n<meta property=\"og:title\" content=\"Rechaza Gildardo Leyva basificar a 160 familiares y amigos de Nubia Ramos - Fuentes Fidedignas\" \/>\n<meta property=\"og:description\" content=\"\u201cDe llevarse a cabo causar\u00edan un perjuicio econ\u00f3mico y financiero importante en las arcas econ\u00f3micas de El Fuerte\u201d, indic\u00f3 el alcalde electo El Fuerte, Sin.- El alcalde electo de El Fuerte, Gildardo Leyva Ortega, acusa y critica la intenci\u00f3n de basificar a m\u00e1s de 160 trabajadores del Ayuntamiento, pues esto traer\u00eda una desequilibrio y da\u00f1o [&hellip;]\" \/>\n<meta property=\"og:url\" content=\"https:\/\/fuentesfidedignas.com.mx\/index.php\/2021\/07\/08\/rechaza-gildardo-leyva-basificar-amigosyfamilia-nubia-ramos\/\" \/>\n<meta property=\"og:site_name\" content=\"Fuentes Fidedignas\" \/>\n<meta property=\"article:publisher\" content=\"https:\/\/www.facebook.com\/Fuentes-Fidedignas-368234489921644\" \/>\n<meta property=\"article:published_time\" content=\"2021-07-08T21:55:29+00:00\" \/>\n<meta property=\"article:modified_time\" content=\"2021-07-08T22:49:41+00:00\" \/>\n<meta property=\"og:image\" content=\"https:\/\/fuentesfidedignas.com.mx\/wp-content\/uploads\/2021\/07\/l.jpg\" \/>\n\t<meta property=\"og:image:width\" content=\"1600\" \/>\n\t<meta property=\"og:image:height\" content=\"1200\" \/>\n\t<meta property=\"og:image:type\" content=\"image\/jpeg\" \/>\n<meta name=\"author\" content=\"Marissa Palafox\" \/>\n<meta name=\"twitter:card\" content=\"summary_large_image\" \/>\n<meta name=\"twitter:creator\" content=\"@fidedignas\" \/>\n<meta name=\"twitter:site\" content=\"@fidedignas\" \/>\n<meta name=\"twitter:label1\" content=\"Escrito por\" \/>\n\t<meta name=\"twitter:data1\" content=\"Marissa Palafox\" \/>\n\t<meta name=\"twitter:label2\" content=\"Tiempo de lectura\" \/>\n\t<meta name=\"twitter:data2\" content=\"5 minutos\" \/>\n<script type=\"application\/ld+json\" class=\"yoast-schema-graph\">{\"@context\":\"https:\\\/\\\/schema.org\",\"@graph\":[{\"@type\":\"Article\",\"@id\":\"https:\\\/\\\/fuentesfidedignas.com.mx\\\/index.php\\\/2021\\\/07\\\/08\\\/rechaza-gildardo-leyva-basificar-amigosyfamilia-nubia-ramos\\\/#article\",\"isPartOf\":{\"@id\":\"https:\\\/\\\/fuentesfidedignas.com.mx\\\/index.php\\\/2021\\\/07\\\/08\\\/rechaza-gildardo-leyva-basificar-amigosyfamilia-nubia-ramos\\\/\"},\"author\":{\"name\":\"Marissa Palafox\",\"@id\":\"https:\\\/\\\/fuentesfidedignas.com.mx\\\/#\\\/schema\\\/person\\\/2c10028b4a30078c05a056a215342ab9\"},\"headline\":\"Rechaza Gildardo Leyva basificar a 160 familiares y amigos de Nubia Ramos\",\"datePublished\":\"2021-07-08T21:55:29+00:00\",\"dateModified\":\"2021-07-08T22:49:41+00:00\",\"mainEntityOfPage\":{\"@id\":\"https:\\\/\\\/fuentesfidedignas.com.mx\\\/index.php\\\/2021\\\/07\\\/08\\\/rechaza-gildardo-leyva-basificar-amigosyfamilia-nubia-ramos\\\/\"},\"wordCount\":947,\"commentCount\":0,\"publisher\":{\"@id\":\"https:\\\/\\\/fuentesfidedignas.com.mx\\\/#organization\"},\"image\":{\"@id\":\"https:\\\/\\\/fuentesfidedignas.com.mx\\\/index.php\\\/2021\\\/07\\\/08\\\/rechaza-gildardo-leyva-basificar-amigosyfamilia-nubia-ramos\\\/#primaryimage\"},\"thumbnailUrl\":\"https:\\\/\\\/fuentesfidedignas.com.mx\\\/wp-content\\\/uploads\\\/2021\\\/07\\\/l.jpg\",\"keywords\":[\"El Fuerte\",\"Gildardo Leyva\",\"NoticiasLocales\",\"pol\u00edtica\"],\"articleSection\":[\"NOTA PRINCIPAL\"],\"inLanguage\":\"es\",\"potentialAction\":[{\"@type\":\"CommentAction\",\"name\":\"Comment\",\"target\":[\"https:\\\/\\\/fuentesfidedignas.com.mx\\\/index.php\\\/2021\\\/07\\\/08\\\/rechaza-gildardo-leyva-basificar-amigosyfamilia-nubia-ramos\\\/#respond\"]}]},{\"@type\":\"WebPage\",\"@id\":\"https:\\\/\\\/fuentesfidedignas.com.mx\\\/index.php\\\/2021\\\/07\\\/08\\\/rechaza-gildardo-leyva-basificar-amigosyfamilia-nubia-ramos\\\/\",\"url\":\"https:\\\/\\\/fuentesfidedignas.com.mx\\\/index.php\\\/2021\\\/07\\\/08\\\/rechaza-gildardo-leyva-basificar-amigosyfamilia-nubia-ramos\\\/\",\"name\":\"Rechaza Gildardo Leyva basificar a 160 familiares y amigos de Nubia Ramos - Fuentes Fidedignas\",\"isPartOf\":{\"@id\":\"https:\\\/\\\/fuentesfidedignas.com.mx\\\/#website\"},\"primaryImageOfPage\":{\"@id\":\"https:\\\/\\\/fuentesfidedignas.com.mx\\\/index.php\\\/2021\\\/07\\\/08\\\/rechaza-gildardo-leyva-basificar-amigosyfamilia-nubia-ramos\\\/#primaryimage\"},\"image\":{\"@id\":\"https:\\\/\\\/fuentesfidedignas.com.mx\\\/index.php\\\/2021\\\/07\\\/08\\\/rechaza-gildardo-leyva-basificar-amigosyfamilia-nubia-ramos\\\/#primaryimage\"},\"thumbnailUrl\":\"https:\\\/\\\/fuentesfidedignas.com.mx\\\/wp-content\\\/uploads\\\/2021\\\/07\\\/l.jpg\",\"datePublished\":\"2021-07-08T21:55:29+00:00\",\"dateModified\":\"2021-07-08T22:49:41+00:00\",\"breadcrumb\":{\"@id\":\"https:\\\/\\\/fuentesfidedignas.com.mx\\\/index.php\\\/2021\\\/07\\\/08\\\/rechaza-gildardo-leyva-basificar-amigosyfamilia-nubia-ramos\\\/#breadcrumb\"},\"inLanguage\":\"es\",\"potentialAction\":[{\"@type\":\"ReadAction\",\"target\":[\"https:\\\/\\\/fuentesfidedignas.com.mx\\\/index.php\\\/2021\\\/07\\\/08\\\/rechaza-gildardo-leyva-basificar-amigosyfamilia-nubia-ramos\\\/\"]}]},{\"@type\":\"ImageObject\",\"inLanguage\":\"es\",\"@id\":\"https:\\\/\\\/fuentesfidedignas.com.mx\\\/index.php\\\/2021\\\/07\\\/08\\\/rechaza-gildardo-leyva-basificar-amigosyfamilia-nubia-ramos\\\/#primaryimage\",\"url\":\"https:\\\/\\\/fuentesfidedignas.com.mx\\\/wp-content\\\/uploads\\\/2021\\\/07\\\/l.jpg\",\"contentUrl\":\"https:\\\/\\\/fuentesfidedignas.com.mx\\\/wp-content\\\/uploads\\\/2021\\\/07\\\/l.jpg\",\"width\":1600,\"height\":1200},{\"@type\":\"BreadcrumbList\",\"@id\":\"https:\\\/\\\/fuentesfidedignas.com.mx\\\/index.php\\\/2021\\\/07\\\/08\\\/rechaza-gildardo-leyva-basificar-amigosyfamilia-nubia-ramos\\\/#breadcrumb\",\"itemListElement\":[{\"@type\":\"ListItem\",\"position\":1,\"name\":\"Inicio\",\"item\":\"https:\\\/\\\/fuentesfidedignas.com.mx\\\/\"},{\"@type\":\"ListItem\",\"position\":2,\"name\":\"Rechaza Gildardo Leyva basificar a 160 familiares y amigos de Nubia Ramos\"}]},{\"@type\":\"WebSite\",\"@id\":\"https:\\\/\\\/fuentesfidedignas.com.mx\\\/#website\",\"url\":\"https:\\\/\\\/fuentesfidedignas.com.mx\\\/\",\"name\":\"Fuentes Fidedignas\",\"description\":\"Otro sitio realizado con WordPress\",\"publisher\":{\"@id\":\"https:\\\/\\\/fuentesfidedignas.com.mx\\\/#organization\"},\"potentialAction\":[{\"@type\":\"SearchAction\",\"target\":{\"@type\":\"EntryPoint\",\"urlTemplate\":\"https:\\\/\\\/fuentesfidedignas.com.mx\\\/?s={search_term_string}\"},\"query-input\":{\"@type\":\"PropertyValueSpecification\",\"valueRequired\":true,\"valueName\":\"search_term_string\"}}],\"inLanguage\":\"es\"},{\"@type\":\"Organization\",\"@id\":\"https:\\\/\\\/fuentesfidedignas.com.mx\\\/#organization\",\"name\":\"Fuentes Fidedignas\",\"url\":\"https:\\\/\\\/fuentesfidedignas.com.mx\\\/\",\"logo\":{\"@type\":\"ImageObject\",\"inLanguage\":\"es\",\"@id\":\"https:\\\/\\\/fuentesfidedignas.com.mx\\\/#\\\/schema\\\/logo\\\/image\\\/\",\"url\":\"https:\\\/\\\/fuentesfidedignas.com.mx\\\/wp-content\\\/uploads\\\/2021\\\/04\\\/logo-retina.png\",\"contentUrl\":\"https:\\\/\\\/fuentesfidedignas.com.mx\\\/wp-content\\\/uploads\\\/2021\\\/04\\\/logo-retina.png\",\"width\":280,\"height\":51,\"caption\":\"Fuentes Fidedignas\"},\"image\":{\"@id\":\"https:\\\/\\\/fuentesfidedignas.com.mx\\\/#\\\/schema\\\/logo\\\/image\\\/\"},\"sameAs\":[\"https:\\\/\\\/www.facebook.com\\\/Fuentes-Fidedignas-368234489921644\",\"https:\\\/\\\/x.com\\\/fidedignas\"]},{\"@type\":\"Person\",\"@id\":\"https:\\\/\\\/fuentesfidedignas.com.mx\\\/#\\\/schema\\\/person\\\/2c10028b4a30078c05a056a215342ab9\",\"name\":\"Marissa Palafox\",\"image\":{\"@type\":\"ImageObject\",\"inLanguage\":\"es\",\"@id\":\"https:\\\/\\\/secure.gravatar.com\\\/avatar\\\/20a43bdb2f2db10f20b22d4e98b96eb027faf98f7f76d29854dc5fab46d1cf71?s=96&d=mm&r=g\",\"url\":\"https:\\\/\\\/secure.gravatar.com\\\/avatar\\\/20a43bdb2f2db10f20b22d4e98b96eb027faf98f7f76d29854dc5fab46d1cf71?s=96&d=mm&r=g\",\"contentUrl\":\"https:\\\/\\\/secure.gravatar.com\\\/avatar\\\/20a43bdb2f2db10f20b22d4e98b96eb027faf98f7f76d29854dc5fab46d1cf71?s=96&d=mm&r=g\",\"caption\":\"Marissa Palafox\"},\"url\":\"https:\\\/\\\/fuentesfidedignas.com.mx\\\/index.php\\\/author\\\/marissa\\\/\"}]}<\/script>\n<!-- \/ Yoast SEO plugin. -->","yoast_head_json":{"title":"Rechaza Gildardo Leyva basificar a 160 familiares y amigos de Nubia Ramos - Fuentes Fidedignas","robots":{"index":"index","follow":"follow","max-snippet":"max-snippet:-1","max-image-preview":"max-image-preview:large","max-video-preview":"max-video-preview:-1"},"canonical":"https:\/\/fuentesfidedignas.com.mx\/index.php\/2021\/07\/08\/rechaza-gildardo-leyva-basificar-amigosyfamilia-nubia-ramos\/","og_locale":"es_MX","og_type":"article","og_title":"Rechaza Gildardo Leyva basificar a 160 familiares y amigos de Nubia Ramos - Fuentes Fidedignas","og_description":"\u201cDe llevarse a cabo causar\u00edan un perjuicio econ\u00f3mico y financiero importante en las arcas econ\u00f3micas de El Fuerte\u201d, indic\u00f3 el alcalde electo El Fuerte, Sin.- El alcalde electo de El Fuerte, Gildardo Leyva Ortega, acusa y critica la intenci\u00f3n de basificar a m\u00e1s de 160 trabajadores del Ayuntamiento, pues esto traer\u00eda una desequilibrio y da\u00f1o [&hellip;]","og_url":"https:\/\/fuentesfidedignas.com.mx\/index.php\/2021\/07\/08\/rechaza-gildardo-leyva-basificar-amigosyfamilia-nubia-ramos\/","og_site_name":"Fuentes Fidedignas","article_publisher":"https:\/\/www.facebook.com\/Fuentes-Fidedignas-368234489921644","article_published_time":"2021-07-08T21:55:29+00:00","article_modified_time":"2021-07-08T22:49:41+00:00","og_image":[{"width":1600,"height":1200,"url":"https:\/\/fuentesfidedignas.com.mx\/wp-content\/uploads\/2021\/07\/l.jpg","type":"image\/jpeg"}],"author":"Marissa Palafox","twitter_card":"summary_large_image","twitter_creator":"@fidedignas","twitter_site":"@fidedignas","twitter_misc":{"Escrito por":"Marissa Palafox","Tiempo de lectura":"5 minutos"},"schema":{"@context":"https:\/\/schema.org","@graph":[{"@type":"Article","@id":"https:\/\/fuentesfidedignas.com.mx\/index.php\/2021\/07\/08\/rechaza-gildardo-leyva-basificar-amigosyfamilia-nubia-ramos\/#article","isPartOf":{"@id":"https:\/\/fuentesfidedignas.com.mx\/index.php\/2021\/07\/08\/rechaza-gildardo-leyva-basificar-amigosyfamilia-nubia-ramos\/"},"author":{"name":"Marissa Palafox","@id":"https:\/\/fuentesfidedignas.com.mx\/#\/schema\/person\/2c10028b4a30078c05a056a215342ab9"},"headline":"Rechaza Gildardo Leyva basificar a 160 familiares y amigos de Nubia Ramos","datePublished":"2021-07-08T21:55:29+00:00","dateModified":"2021-07-08T22:49:41+00:00","mainEntityOfPage":{"@id":"https:\/\/fuentesfidedignas.com.mx\/index.php\/2021\/07\/08\/rechaza-gildardo-leyva-basificar-amigosyfamilia-nubia-ramos\/"},"wordCount":947,"commentCount":0,"publisher":{"@id":"https:\/\/fuentesfidedignas.com.mx\/#organization"},"image":{"@id":"https:\/\/fuentesfidedignas.com.mx\/index.php\/2021\/07\/08\/rechaza-gildardo-leyva-basificar-amigosyfamilia-nubia-ramos\/#primaryimage"},"thumbnailUrl":"https:\/\/fuentesfidedignas.com.mx\/wp-content\/uploads\/2021\/07\/l.jpg","keywords":["El Fuerte","Gildardo Leyva","NoticiasLocales","pol\u00edtica"],"articleSection":["NOTA PRINCIPAL"],"inLanguage":"es","potentialAction":[{"@type":"CommentAction","name":"Comment","target":["https:\/\/fuentesfidedignas.com.mx\/index.php\/2021\/07\/08\/rechaza-gildardo-leyva-basificar-amigosyfamilia-nubia-ramos\/#respond"]}]},{"@type":"WebPage","@id":"https:\/\/fuentesfidedignas.com.mx\/index.php\/2021\/07\/08\/rechaza-gildardo-leyva-basificar-amigosyfamilia-nubia-ramos\/","url":"https:\/\/fuentesfidedignas.com.mx\/index.php\/2021\/07\/08\/rechaza-gildardo-leyva-basificar-amigosyfamilia-nubia-ramos\/","name":"Rechaza Gildardo Leyva basificar a 160 familiares y amigos de Nubia Ramos - Fuentes Fidedignas","isPartOf":{"@id":"https:\/\/fuentesfidedignas.com.mx\/#website"},"primaryImageOfPage":{"@id":"https:\/\/fuentesfidedignas.com.mx\/index.php\/2021\/07\/08\/rechaza-gildardo-leyva-basificar-amigosyfamilia-nubia-ramos\/#primaryimage"},"image":{"@id":"https:\/\/fuentesfidedignas.com.mx\/index.php\/2021\/07\/08\/rechaza-gildardo-leyva-basificar-amigosyfamilia-nubia-ramos\/#primaryimage"},"thumbnailUrl":"https:\/\/fuentesfidedignas.com.mx\/wp-content\/uploads\/2021\/07\/l.jpg","datePublished":"2021-07-08T21:55:29+00:00","dateModified":"2021-07-08T22:49:41+00:00","breadcrumb":{"@id":"https:\/\/fuentesfidedignas.com.mx\/index.php\/2021\/07\/08\/rechaza-gildardo-leyva-basificar-amigosyfamilia-nubia-ramos\/#breadcrumb"},"inLanguage":"es","potentialAction":[{"@type":"ReadAction","target":["https:\/\/fuentesfidedignas.com.mx\/index.php\/2021\/07\/08\/rechaza-gildardo-leyva-basificar-amigosyfamilia-nubia-ramos\/"]}]},{"@type":"ImageObject","inLanguage":"es","@id":"https:\/\/fuentesfidedignas.com.mx\/index.php\/2021\/07\/08\/rechaza-gildardo-leyva-basificar-amigosyfamilia-nubia-ramos\/#primaryimage","url":"https:\/\/fuentesfidedignas.com.mx\/wp-content\/uploads\/2021\/07\/l.jpg","contentUrl":"https:\/\/fuentesfidedignas.com.mx\/wp-content\/uploads\/2021\/07\/l.jpg","width":1600,"height":1200},{"@type":"BreadcrumbList","@id":"https:\/\/fuentesfidedignas.com.mx\/index.php\/2021\/07\/08\/rechaza-gildardo-leyva-basificar-amigosyfamilia-nubia-ramos\/#breadcrumb","itemListElement":[{"@type":"ListItem","position":1,"name":"Inicio","item":"https:\/\/fuentesfidedignas.com.mx\/"},{"@type":"ListItem","position":2,"name":"Rechaza Gildardo Leyva basificar a 160 familiares y amigos de Nubia Ramos"}]},{"@type":"WebSite","@id":"https:\/\/fuentesfidedignas.com.mx\/#website","url":"https:\/\/fuentesfidedignas.com.mx\/","name":"Fuentes Fidedignas","description":"Otro sitio realizado con WordPress","publisher":{"@id":"https:\/\/fuentesfidedignas.com.mx\/#organization"},"potentialAction":[{"@type":"SearchAction","target":{"@type":"EntryPoint","urlTemplate":"https:\/\/fuentesfidedignas.com.mx\/?s={search_term_string}"},"query-input":{"@type":"PropertyValueSpecification","valueRequired":true,"valueName":"search_term_string"}}],"inLanguage":"es"},{"@type":"Organization","@id":"https:\/\/fuentesfidedignas.com.mx\/#organization","name":"Fuentes Fidedignas","url":"https:\/\/fuentesfidedignas.com.mx\/","logo":{"@type":"ImageObject","inLanguage":"es","@id":"https:\/\/fuentesfidedignas.com.mx\/#\/schema\/logo\/image\/","url":"https:\/\/fuentesfidedignas.com.mx\/wp-content\/uploads\/2021\/04\/logo-retina.png","contentUrl":"https:\/\/fuentesfidedignas.com.mx\/wp-content\/uploads\/2021\/04\/logo-retina.png","width":280,"height":51,"caption":"Fuentes Fidedignas"},"image":{"@id":"https:\/\/fuentesfidedignas.com.mx\/#\/schema\/logo\/image\/"},"sameAs":["https:\/\/www.facebook.com\/Fuentes-Fidedignas-368234489921644","https:\/\/x.com\/fidedignas"]},{"@type":"Person","@id":"https:\/\/fuentesfidedignas.com.mx\/#\/schema\/person\/2c10028b4a30078c05a056a215342ab9","name":"Marissa Palafox","image":{"@type":"ImageObject","inLanguage":"es","@id":"https:\/\/secure.gravatar.com\/avatar\/20a43bdb2f2db10f20b22d4e98b96eb027faf98f7f76d29854dc5fab46d1cf71?s=96&d=mm&r=g","url":"https:\/\/secure.gravatar.com\/avatar\/20a43bdb2f2db10f20b22d4e98b96eb027faf98f7f76d29854dc5fab46d1cf71?s=96&d=mm&r=g","contentUrl":"https:\/\/secure.gravatar.com\/avatar\/20a43bdb2f2db10f20b22d4e98b96eb027faf98f7f76d29854dc5fab46d1cf71?s=96&d=mm&r=g","caption":"Marissa Palafox"},"url":"https:\/\/fuentesfidedignas.com.mx\/index.php\/author\/marissa\/"}]}},"_links":{"self":[{"href":"https:\/\/fuentesfidedignas.com.mx\/index.php\/wp-json\/wp\/v2\/posts\/7020","targetHints":{"allow":["GET"]}}],"collection":[{"href":"https:\/\/fuentesfidedignas.com.mx\/index.php\/wp-json\/wp\/v2\/posts"}],"about":[{"href":"https:\/\/fuentesfidedignas.com.mx\/index.php\/wp-json\/wp\/v2\/types\/post"}],"author":[{"embeddable":true,"href":"https:\/\/fuentesfidedignas.com.mx\/index.php\/wp-json\/wp\/v2\/users\/11"}],"replies":[{"embeddable":true,"href":"https:\/\/fuentesfidedignas.com.mx\/index.php\/wp-json\/wp\/v2\/comments?post=7020"}],"version-history":[{"count":7,"href":"https:\/\/fuentesfidedignas.com.mx\/index.php\/wp-json\/wp\/v2\/posts\/7020\/revisions"}],"predecessor-version":[{"id":7037,"href":"https:\/\/fuentesfidedignas.com.mx\/index.php\/wp-json\/wp\/v2\/posts\/7020\/revisions\/7037"}],"wp:featuredmedia":[{"embeddable":true,"href":"https:\/\/fuentesfidedignas.com.mx\/index.php\/wp-json\/wp\/v2\/media\/7045"}],"wp:attachment":[{"href":"https:\/\/fuentesfidedignas.com.mx\/index.php\/wp-json\/wp\/v2\/media?parent=7020"}],"wp:term":[{"taxonomy":"category","embeddable":true,"href":"https:\/\/fuentesfidedignas.com.mx\/index.php\/wp-json\/wp\/v2\/categories?post=7020"},{"taxonomy":"post_tag","embeddable":true,"href":"https:\/\/fuentesfidedignas.com.mx\/index.php\/wp-json\/wp\/v2\/tags?post=7020"}],"curies":[{"name":"wp","href":"https:\/\/api.w.org\/{rel}","templated":true}]}}