{"id":70154,"date":"2024-01-08T18:44:27","date_gmt":"2024-01-09T01:44:27","guid":{"rendered":"https:\/\/fuentesfidedignas.com.mx\/?p=70154"},"modified":"2024-01-08T18:48:10","modified_gmt":"2024-01-09T01:48:10","slug":"ya-se-siente-el-triunfo-de-xochitl-galvez-en-sinaloa-sadol-osorio-porras","status":"publish","type":"post","link":"https:\/\/fuentesfidedignas.com.mx\/index.php\/2024\/01\/08\/ya-se-siente-el-triunfo-de-xochitl-galvez-en-sinaloa-sadol-osorio-porras\/","title":{"rendered":"Ya se siente el triunfo de X\u00f3chitl G\u00e1lvez en Sinaloa: Sadol Osorio Porras"},"content":{"rendered":"\n<p><strong><em>Se\u00f1al\u00f3 que a\u00fan est\u00e1n en la expectativa de qui\u00e9n ser\u00e1 el que encabezar\u00e1 la contienda por la alcald\u00eda, esperando con ella recuperar el gobierno de la capital sinaloense.<\/em><\/strong><\/p>\n\n\n\n<p>Culiac\u00e1n, Sin.- El regidor por el Partido Acci\u00f3n Nacional (PAN), Sadol Osorio Porras coment\u00f3 que ya se siente el triunfo de la precandidata X\u00f3chitl G\u00e1lvez en Sinaloa como presidenta a la Rep\u00fablica Mexicana, as\u00ed como de los que ya suenan en el norte y sur del estado.<\/p>\n\n\n\n<p>&#8220;Comentar que se siente el triunfo en el norte y sur de sinaloa quedando pendiente de resolver la capital del estado. El norte con &#8220;Mingo&#8221; Ram\u00edrez y el sur con &#8220;Memo&#8221; Romero no cabe duda que se tiene garantizado el triunfo&#8221;, confi\u00f3.<\/p>\n\n\n\n<p>Lo anterior, al ser entrevistado en un acto p\u00fablico de campa\u00f1a encabezado por X\u00f3chitl G\u00e1lvez en la ciudad de Los Mochis.<\/p>\n\n\n\n<p>Y con respecto a la capital sinaloense, se\u00f1al\u00f3 que a\u00fan est\u00e1n en la expectativa de qui\u00e9n ser\u00e1 el que encabezar\u00e1 la contienda por la alcald\u00eda, esperando con ella recuperar el gobierno de la capital sinaloense.<\/p>\n\n\n\n<p>&#8220;Aqu\u00ed en la capital estamos con la expectativa de quien le tocar\u00e1 encabezar la alcald\u00eda esperando que sea una excelente decisi\u00f3n para recuperar Culiac\u00e1n&#8221;, puntualiz\u00f3.<\/p>\n","protected":false},"excerpt":{"rendered":"<p>Se\u00f1al\u00f3 que a\u00fan est\u00e1n en la expectativa de qui\u00e9n ser\u00e1 el que encabezar\u00e1 la contienda por la alcald\u00eda, esperando con ella recuperar el gobierno de la capital sinaloense. Culiac\u00e1n, Sin.- El regidor por el Partido Acci\u00f3n Nacional (PAN), Sadol Osorio Porras coment\u00f3 que ya se siente el triunfo de la precandidata X\u00f3chitl G\u00e1lvez en Sinaloa [&hellip;]<\/p>\n","protected":false},"author":112,"featured_media":59591,"comment_status":"open","ping_status":"open","sticky":false,"template":"","format":"standard","meta":{"tdm_status":"","tdm_grid_status":"","footnotes":""},"categories":[38],"tags":[],"class_list":{"0":"post-70154","1":"post","2":"type-post","3":"status-publish","4":"format-standard","5":"has-post-thumbnail","7":"category-noticias-locales"},"yoast_head":"<!-- This site is optimized with the Yoast SEO plugin v27.4 - https:\/\/yoast.com\/product\/yoast-seo-wordpress\/ -->\n<title>Ya se siente el triunfo de X\u00f3chitl G\u00e1lvez en Sinaloa: Sadol Osorio Porras - Fuentes Fidedignas<\/title>\n<meta name=\"robots\" content=\"index, follow, max-snippet:-1, max-image-preview:large, max-video-preview:-1\" \/>\n<link rel=\"canonical\" href=\"https:\/\/fuentesfidedignas.com.mx\/index.php\/2024\/01\/08\/ya-se-siente-el-triunfo-de-xochitl-galvez-en-sinaloa-sadol-osorio-porras\/\" \/>\n<meta property=\"og:locale\" content=\"es_MX\" \/>\n<meta property=\"og:type\" content=\"article\" \/>\n<meta property=\"og:title\" content=\"Ya se siente el triunfo de X\u00f3chitl G\u00e1lvez en Sinaloa: Sadol Osorio Porras - Fuentes Fidedignas\" \/>\n<meta property=\"og:description\" content=\"Se\u00f1al\u00f3 que a\u00fan est\u00e1n en la expectativa de qui\u00e9n ser\u00e1 el que encabezar\u00e1 la contienda por la alcald\u00eda, esperando con ella recuperar el gobierno de la capital sinaloense. Culiac\u00e1n, Sin.- El regidor por el Partido Acci\u00f3n Nacional (PAN), Sadol Osorio Porras coment\u00f3 que ya se siente el triunfo de la precandidata X\u00f3chitl G\u00e1lvez en Sinaloa [&hellip;]\" \/>\n<meta property=\"og:url\" content=\"https:\/\/fuentesfidedignas.com.mx\/index.php\/2024\/01\/08\/ya-se-siente-el-triunfo-de-xochitl-galvez-en-sinaloa-sadol-osorio-porras\/\" \/>\n<meta property=\"og:site_name\" content=\"Fuentes Fidedignas\" \/>\n<meta property=\"article:publisher\" content=\"https:\/\/www.facebook.com\/Fuentes-Fidedignas-368234489921644\" \/>\n<meta property=\"article:published_time\" content=\"2024-01-09T01:44:27+00:00\" \/>\n<meta property=\"article:modified_time\" content=\"2024-01-09T01:48:10+00:00\" \/>\n<meta property=\"og:image\" content=\"https:\/\/fuentesfidedignas.com.mx\/wp-content\/uploads\/2023\/09\/sadol-osiorio-ferreiro.jpeg\" \/>\n\t<meta property=\"og:image:width\" content=\"700\" \/>\n\t<meta property=\"og:image:height\" content=\"525\" \/>\n\t<meta property=\"og:image:type\" content=\"image\/jpeg\" \/>\n<meta name=\"author\" content=\"Leonardo Gutierrez\" \/>\n<meta name=\"twitter:card\" content=\"summary_large_image\" \/>\n<meta name=\"twitter:creator\" content=\"@fidedignas\" \/>\n<meta name=\"twitter:site\" content=\"@fidedignas\" \/>\n<meta name=\"twitter:label1\" content=\"Escrito por\" \/>\n\t<meta name=\"twitter:data1\" content=\"Leonardo Gutierrez\" \/>\n\t<meta name=\"twitter:label2\" content=\"Tiempo de lectura\" \/>\n\t<meta name=\"twitter:data2\" content=\"2 minutos\" \/>\n<script type=\"application\/ld+json\" class=\"yoast-schema-graph\">{\"@context\":\"https:\\\/\\\/schema.org\",\"@graph\":[{\"@type\":\"Article\",\"@id\":\"https:\\\/\\\/fuentesfidedignas.com.mx\\\/index.php\\\/2024\\\/01\\\/08\\\/ya-se-siente-el-triunfo-de-xochitl-galvez-en-sinaloa-sadol-osorio-porras\\\/#article\",\"isPartOf\":{\"@id\":\"https:\\\/\\\/fuentesfidedignas.com.mx\\\/index.php\\\/2024\\\/01\\\/08\\\/ya-se-siente-el-triunfo-de-xochitl-galvez-en-sinaloa-sadol-osorio-porras\\\/\"},\"author\":{\"name\":\"Leonardo Gutierrez\",\"@id\":\"https:\\\/\\\/fuentesfidedignas.com.mx\\\/#\\\/schema\\\/person\\\/c77df25c00baae1d4fdc0340db6f364c\"},\"headline\":\"Ya se siente el triunfo de X\u00f3chitl G\u00e1lvez en Sinaloa: Sadol Osorio Porras\",\"datePublished\":\"2024-01-09T01:44:27+00:00\",\"dateModified\":\"2024-01-09T01:48:10+00:00\",\"mainEntityOfPage\":{\"@id\":\"https:\\\/\\\/fuentesfidedignas.com.mx\\\/index.php\\\/2024\\\/01\\\/08\\\/ya-se-siente-el-triunfo-de-xochitl-galvez-en-sinaloa-sadol-osorio-porras\\\/\"},\"wordCount\":237,\"commentCount\":0,\"publisher\":{\"@id\":\"https:\\\/\\\/fuentesfidedignas.com.mx\\\/#organization\"},\"image\":{\"@id\":\"https:\\\/\\\/fuentesfidedignas.com.mx\\\/index.php\\\/2024\\\/01\\\/08\\\/ya-se-siente-el-triunfo-de-xochitl-galvez-en-sinaloa-sadol-osorio-porras\\\/#primaryimage\"},\"thumbnailUrl\":\"https:\\\/\\\/fuentesfidedignas.com.mx\\\/wp-content\\\/uploads\\\/2023\\\/09\\\/sadol-osiorio-ferreiro.jpeg\",\"articleSection\":[\"NOTICIAS LOCALES\"],\"inLanguage\":\"es\",\"potentialAction\":[{\"@type\":\"CommentAction\",\"name\":\"Comment\",\"target\":[\"https:\\\/\\\/fuentesfidedignas.com.mx\\\/index.php\\\/2024\\\/01\\\/08\\\/ya-se-siente-el-triunfo-de-xochitl-galvez-en-sinaloa-sadol-osorio-porras\\\/#respond\"]}]},{\"@type\":\"WebPage\",\"@id\":\"https:\\\/\\\/fuentesfidedignas.com.mx\\\/index.php\\\/2024\\\/01\\\/08\\\/ya-se-siente-el-triunfo-de-xochitl-galvez-en-sinaloa-sadol-osorio-porras\\\/\",\"url\":\"https:\\\/\\\/fuentesfidedignas.com.mx\\\/index.php\\\/2024\\\/01\\\/08\\\/ya-se-siente-el-triunfo-de-xochitl-galvez-en-sinaloa-sadol-osorio-porras\\\/\",\"name\":\"Ya se siente el triunfo de X\u00f3chitl G\u00e1lvez en Sinaloa: Sadol Osorio Porras - Fuentes Fidedignas\",\"isPartOf\":{\"@id\":\"https:\\\/\\\/fuentesfidedignas.com.mx\\\/#website\"},\"primaryImageOfPage\":{\"@id\":\"https:\\\/\\\/fuentesfidedignas.com.mx\\\/index.php\\\/2024\\\/01\\\/08\\\/ya-se-siente-el-triunfo-de-xochitl-galvez-en-sinaloa-sadol-osorio-porras\\\/#primaryimage\"},\"image\":{\"@id\":\"https:\\\/\\\/fuentesfidedignas.com.mx\\\/index.php\\\/2024\\\/01\\\/08\\\/ya-se-siente-el-triunfo-de-xochitl-galvez-en-sinaloa-sadol-osorio-porras\\\/#primaryimage\"},\"thumbnailUrl\":\"https:\\\/\\\/fuentesfidedignas.com.mx\\\/wp-content\\\/uploads\\\/2023\\\/09\\\/sadol-osiorio-ferreiro.jpeg\",\"datePublished\":\"2024-01-09T01:44:27+00:00\",\"dateModified\":\"2024-01-09T01:48:10+00:00\",\"breadcrumb\":{\"@id\":\"https:\\\/\\\/fuentesfidedignas.com.mx\\\/index.php\\\/2024\\\/01\\\/08\\\/ya-se-siente-el-triunfo-de-xochitl-galvez-en-sinaloa-sadol-osorio-porras\\\/#breadcrumb\"},\"inLanguage\":\"es\",\"potentialAction\":[{\"@type\":\"ReadAction\",\"target\":[\"https:\\\/\\\/fuentesfidedignas.com.mx\\\/index.php\\\/2024\\\/01\\\/08\\\/ya-se-siente-el-triunfo-de-xochitl-galvez-en-sinaloa-sadol-osorio-porras\\\/\"]}]},{\"@type\":\"ImageObject\",\"inLanguage\":\"es\",\"@id\":\"https:\\\/\\\/fuentesfidedignas.com.mx\\\/index.php\\\/2024\\\/01\\\/08\\\/ya-se-siente-el-triunfo-de-xochitl-galvez-en-sinaloa-sadol-osorio-porras\\\/#primaryimage\",\"url\":\"https:\\\/\\\/fuentesfidedignas.com.mx\\\/wp-content\\\/uploads\\\/2023\\\/09\\\/sadol-osiorio-ferreiro.jpeg\",\"contentUrl\":\"https:\\\/\\\/fuentesfidedignas.com.mx\\\/wp-content\\\/uploads\\\/2023\\\/09\\\/sadol-osiorio-ferreiro.jpeg\",\"width\":700,\"height\":525},{\"@type\":\"BreadcrumbList\",\"@id\":\"https:\\\/\\\/fuentesfidedignas.com.mx\\\/index.php\\\/2024\\\/01\\\/08\\\/ya-se-siente-el-triunfo-de-xochitl-galvez-en-sinaloa-sadol-osorio-porras\\\/#breadcrumb\",\"itemListElement\":[{\"@type\":\"ListItem\",\"position\":1,\"name\":\"Inicio\",\"item\":\"https:\\\/\\\/fuentesfidedignas.com.mx\\\/\"},{\"@type\":\"ListItem\",\"position\":2,\"name\":\"Ya se siente el triunfo de X\u00f3chitl G\u00e1lvez en Sinaloa: Sadol Osorio Porras\"}]},{\"@type\":\"WebSite\",\"@id\":\"https:\\\/\\\/fuentesfidedignas.com.mx\\\/#website\",\"url\":\"https:\\\/\\\/fuentesfidedignas.com.mx\\\/\",\"name\":\"Fuentes Fidedignas\",\"description\":\"Otro sitio realizado con WordPress\",\"publisher\":{\"@id\":\"https:\\\/\\\/fuentesfidedignas.com.mx\\\/#organization\"},\"potentialAction\":[{\"@type\":\"SearchAction\",\"target\":{\"@type\":\"EntryPoint\",\"urlTemplate\":\"https:\\\/\\\/fuentesfidedignas.com.mx\\\/?s={search_term_string}\"},\"query-input\":{\"@type\":\"PropertyValueSpecification\",\"valueRequired\":true,\"valueName\":\"search_term_string\"}}],\"inLanguage\":\"es\"},{\"@type\":\"Organization\",\"@id\":\"https:\\\/\\\/fuentesfidedignas.com.mx\\\/#organization\",\"name\":\"Fuentes Fidedignas\",\"url\":\"https:\\\/\\\/fuentesfidedignas.com.mx\\\/\",\"logo\":{\"@type\":\"ImageObject\",\"inLanguage\":\"es\",\"@id\":\"https:\\\/\\\/fuentesfidedignas.com.mx\\\/#\\\/schema\\\/logo\\\/image\\\/\",\"url\":\"https:\\\/\\\/fuentesfidedignas.com.mx\\\/wp-content\\\/uploads\\\/2021\\\/04\\\/logo-retina.png\",\"contentUrl\":\"https:\\\/\\\/fuentesfidedignas.com.mx\\\/wp-content\\\/uploads\\\/2021\\\/04\\\/logo-retina.png\",\"width\":280,\"height\":51,\"caption\":\"Fuentes Fidedignas\"},\"image\":{\"@id\":\"https:\\\/\\\/fuentesfidedignas.com.mx\\\/#\\\/schema\\\/logo\\\/image\\\/\"},\"sameAs\":[\"https:\\\/\\\/www.facebook.com\\\/Fuentes-Fidedignas-368234489921644\",\"https:\\\/\\\/x.com\\\/fidedignas\"]},{\"@type\":\"Person\",\"@id\":\"https:\\\/\\\/fuentesfidedignas.com.mx\\\/#\\\/schema\\\/person\\\/c77df25c00baae1d4fdc0340db6f364c\",\"name\":\"Leonardo Gutierrez\",\"image\":{\"@type\":\"ImageObject\",\"inLanguage\":\"es\",\"@id\":\"https:\\\/\\\/secure.gravatar.com\\\/avatar\\\/17b13a7a986cc98ca4d7337340bcac5945cbae677961c354aefb3c7962c8cc1f?s=96&d=mm&r=g\",\"url\":\"https:\\\/\\\/secure.gravatar.com\\\/avatar\\\/17b13a7a986cc98ca4d7337340bcac5945cbae677961c354aefb3c7962c8cc1f?s=96&d=mm&r=g\",\"contentUrl\":\"https:\\\/\\\/secure.gravatar.com\\\/avatar\\\/17b13a7a986cc98ca4d7337340bcac5945cbae677961c354aefb3c7962c8cc1f?s=96&d=mm&r=g\",\"caption\":\"Leonardo Gutierrez\"},\"url\":\"https:\\\/\\\/fuentesfidedignas.com.mx\\\/index.php\\\/author\\\/leonardogut\\\/\"}]}<\/script>\n<!-- \/ Yoast SEO plugin. -->","yoast_head_json":{"title":"Ya se siente el triunfo de X\u00f3chitl G\u00e1lvez en Sinaloa: Sadol Osorio Porras - Fuentes Fidedignas","robots":{"index":"index","follow":"follow","max-snippet":"max-snippet:-1","max-image-preview":"max-image-preview:large","max-video-preview":"max-video-preview:-1"},"canonical":"https:\/\/fuentesfidedignas.com.mx\/index.php\/2024\/01\/08\/ya-se-siente-el-triunfo-de-xochitl-galvez-en-sinaloa-sadol-osorio-porras\/","og_locale":"es_MX","og_type":"article","og_title":"Ya se siente el triunfo de X\u00f3chitl G\u00e1lvez en Sinaloa: Sadol Osorio Porras - Fuentes Fidedignas","og_description":"Se\u00f1al\u00f3 que a\u00fan est\u00e1n en la expectativa de qui\u00e9n ser\u00e1 el que encabezar\u00e1 la contienda por la alcald\u00eda, esperando con ella recuperar el gobierno de la capital sinaloense. Culiac\u00e1n, Sin.- El regidor por el Partido Acci\u00f3n Nacional (PAN), Sadol Osorio Porras coment\u00f3 que ya se siente el triunfo de la precandidata X\u00f3chitl G\u00e1lvez en Sinaloa [&hellip;]","og_url":"https:\/\/fuentesfidedignas.com.mx\/index.php\/2024\/01\/08\/ya-se-siente-el-triunfo-de-xochitl-galvez-en-sinaloa-sadol-osorio-porras\/","og_site_name":"Fuentes Fidedignas","article_publisher":"https:\/\/www.facebook.com\/Fuentes-Fidedignas-368234489921644","article_published_time":"2024-01-09T01:44:27+00:00","article_modified_time":"2024-01-09T01:48:10+00:00","og_image":[{"width":700,"height":525,"url":"https:\/\/fuentesfidedignas.com.mx\/wp-content\/uploads\/2023\/09\/sadol-osiorio-ferreiro.jpeg","type":"image\/jpeg"}],"author":"Leonardo Gutierrez","twitter_card":"summary_large_image","twitter_creator":"@fidedignas","twitter_site":"@fidedignas","twitter_misc":{"Escrito por":"Leonardo Gutierrez","Tiempo de lectura":"2 minutos"},"schema":{"@context":"https:\/\/schema.org","@graph":[{"@type":"Article","@id":"https:\/\/fuentesfidedignas.com.mx\/index.php\/2024\/01\/08\/ya-se-siente-el-triunfo-de-xochitl-galvez-en-sinaloa-sadol-osorio-porras\/#article","isPartOf":{"@id":"https:\/\/fuentesfidedignas.com.mx\/index.php\/2024\/01\/08\/ya-se-siente-el-triunfo-de-xochitl-galvez-en-sinaloa-sadol-osorio-porras\/"},"author":{"name":"Leonardo Gutierrez","@id":"https:\/\/fuentesfidedignas.com.mx\/#\/schema\/person\/c77df25c00baae1d4fdc0340db6f364c"},"headline":"Ya se siente el triunfo de X\u00f3chitl G\u00e1lvez en Sinaloa: Sadol Osorio Porras","datePublished":"2024-01-09T01:44:27+00:00","dateModified":"2024-01-09T01:48:10+00:00","mainEntityOfPage":{"@id":"https:\/\/fuentesfidedignas.com.mx\/index.php\/2024\/01\/08\/ya-se-siente-el-triunfo-de-xochitl-galvez-en-sinaloa-sadol-osorio-porras\/"},"wordCount":237,"commentCount":0,"publisher":{"@id":"https:\/\/fuentesfidedignas.com.mx\/#organization"},"image":{"@id":"https:\/\/fuentesfidedignas.com.mx\/index.php\/2024\/01\/08\/ya-se-siente-el-triunfo-de-xochitl-galvez-en-sinaloa-sadol-osorio-porras\/#primaryimage"},"thumbnailUrl":"https:\/\/fuentesfidedignas.com.mx\/wp-content\/uploads\/2023\/09\/sadol-osiorio-ferreiro.jpeg","articleSection":["NOTICIAS LOCALES"],"inLanguage":"es","potentialAction":[{"@type":"CommentAction","name":"Comment","target":["https:\/\/fuentesfidedignas.com.mx\/index.php\/2024\/01\/08\/ya-se-siente-el-triunfo-de-xochitl-galvez-en-sinaloa-sadol-osorio-porras\/#respond"]}]},{"@type":"WebPage","@id":"https:\/\/fuentesfidedignas.com.mx\/index.php\/2024\/01\/08\/ya-se-siente-el-triunfo-de-xochitl-galvez-en-sinaloa-sadol-osorio-porras\/","url":"https:\/\/fuentesfidedignas.com.mx\/index.php\/2024\/01\/08\/ya-se-siente-el-triunfo-de-xochitl-galvez-en-sinaloa-sadol-osorio-porras\/","name":"Ya se siente el triunfo de X\u00f3chitl G\u00e1lvez en Sinaloa: Sadol Osorio Porras - Fuentes Fidedignas","isPartOf":{"@id":"https:\/\/fuentesfidedignas.com.mx\/#website"},"primaryImageOfPage":{"@id":"https:\/\/fuentesfidedignas.com.mx\/index.php\/2024\/01\/08\/ya-se-siente-el-triunfo-de-xochitl-galvez-en-sinaloa-sadol-osorio-porras\/#primaryimage"},"image":{"@id":"https:\/\/fuentesfidedignas.com.mx\/index.php\/2024\/01\/08\/ya-se-siente-el-triunfo-de-xochitl-galvez-en-sinaloa-sadol-osorio-porras\/#primaryimage"},"thumbnailUrl":"https:\/\/fuentesfidedignas.com.mx\/wp-content\/uploads\/2023\/09\/sadol-osiorio-ferreiro.jpeg","datePublished":"2024-01-09T01:44:27+00:00","dateModified":"2024-01-09T01:48:10+00:00","breadcrumb":{"@id":"https:\/\/fuentesfidedignas.com.mx\/index.php\/2024\/01\/08\/ya-se-siente-el-triunfo-de-xochitl-galvez-en-sinaloa-sadol-osorio-porras\/#breadcrumb"},"inLanguage":"es","potentialAction":[{"@type":"ReadAction","target":["https:\/\/fuentesfidedignas.com.mx\/index.php\/2024\/01\/08\/ya-se-siente-el-triunfo-de-xochitl-galvez-en-sinaloa-sadol-osorio-porras\/"]}]},{"@type":"ImageObject","inLanguage":"es","@id":"https:\/\/fuentesfidedignas.com.mx\/index.php\/2024\/01\/08\/ya-se-siente-el-triunfo-de-xochitl-galvez-en-sinaloa-sadol-osorio-porras\/#primaryimage","url":"https:\/\/fuentesfidedignas.com.mx\/wp-content\/uploads\/2023\/09\/sadol-osiorio-ferreiro.jpeg","contentUrl":"https:\/\/fuentesfidedignas.com.mx\/wp-content\/uploads\/2023\/09\/sadol-osiorio-ferreiro.jpeg","width":700,"height":525},{"@type":"BreadcrumbList","@id":"https:\/\/fuentesfidedignas.com.mx\/index.php\/2024\/01\/08\/ya-se-siente-el-triunfo-de-xochitl-galvez-en-sinaloa-sadol-osorio-porras\/#breadcrumb","itemListElement":[{"@type":"ListItem","position":1,"name":"Inicio","item":"https:\/\/fuentesfidedignas.com.mx\/"},{"@type":"ListItem","position":2,"name":"Ya se siente el triunfo de X\u00f3chitl G\u00e1lvez en Sinaloa: Sadol Osorio Porras"}]},{"@type":"WebSite","@id":"https:\/\/fuentesfidedignas.com.mx\/#website","url":"https:\/\/fuentesfidedignas.com.mx\/","name":"Fuentes Fidedignas","description":"Otro sitio realizado con WordPress","publisher":{"@id":"https:\/\/fuentesfidedignas.com.mx\/#organization"},"potentialAction":[{"@type":"SearchAction","target":{"@type":"EntryPoint","urlTemplate":"https:\/\/fuentesfidedignas.com.mx\/?s={search_term_string}"},"query-input":{"@type":"PropertyValueSpecification","valueRequired":true,"valueName":"search_term_string"}}],"inLanguage":"es"},{"@type":"Organization","@id":"https:\/\/fuentesfidedignas.com.mx\/#organization","name":"Fuentes Fidedignas","url":"https:\/\/fuentesfidedignas.com.mx\/","logo":{"@type":"ImageObject","inLanguage":"es","@id":"https:\/\/fuentesfidedignas.com.mx\/#\/schema\/logo\/image\/","url":"https:\/\/fuentesfidedignas.com.mx\/wp-content\/uploads\/2021\/04\/logo-retina.png","contentUrl":"https:\/\/fuentesfidedignas.com.mx\/wp-content\/uploads\/2021\/04\/logo-retina.png","width":280,"height":51,"caption":"Fuentes Fidedignas"},"image":{"@id":"https:\/\/fuentesfidedignas.com.mx\/#\/schema\/logo\/image\/"},"sameAs":["https:\/\/www.facebook.com\/Fuentes-Fidedignas-368234489921644","https:\/\/x.com\/fidedignas"]},{"@type":"Person","@id":"https:\/\/fuentesfidedignas.com.mx\/#\/schema\/person\/c77df25c00baae1d4fdc0340db6f364c","name":"Leonardo Gutierrez","image":{"@type":"ImageObject","inLanguage":"es","@id":"https:\/\/secure.gravatar.com\/avatar\/17b13a7a986cc98ca4d7337340bcac5945cbae677961c354aefb3c7962c8cc1f?s=96&d=mm&r=g","url":"https:\/\/secure.gravatar.com\/avatar\/17b13a7a986cc98ca4d7337340bcac5945cbae677961c354aefb3c7962c8cc1f?s=96&d=mm&r=g","contentUrl":"https:\/\/secure.gravatar.com\/avatar\/17b13a7a986cc98ca4d7337340bcac5945cbae677961c354aefb3c7962c8cc1f?s=96&d=mm&r=g","caption":"Leonardo Gutierrez"},"url":"https:\/\/fuentesfidedignas.com.mx\/index.php\/author\/leonardogut\/"}]}},"_links":{"self":[{"href":"https:\/\/fuentesfidedignas.com.mx\/index.php\/wp-json\/wp\/v2\/posts\/70154","targetHints":{"allow":["GET"]}}],"collection":[{"href":"https:\/\/fuentesfidedignas.com.mx\/index.php\/wp-json\/wp\/v2\/posts"}],"about":[{"href":"https:\/\/fuentesfidedignas.com.mx\/index.php\/wp-json\/wp\/v2\/types\/post"}],"author":[{"embeddable":true,"href":"https:\/\/fuentesfidedignas.com.mx\/index.php\/wp-json\/wp\/v2\/users\/112"}],"replies":[{"embeddable":true,"href":"https:\/\/fuentesfidedignas.com.mx\/index.php\/wp-json\/wp\/v2\/comments?post=70154"}],"version-history":[{"count":1,"href":"https:\/\/fuentesfidedignas.com.mx\/index.php\/wp-json\/wp\/v2\/posts\/70154\/revisions"}],"predecessor-version":[{"id":70155,"href":"https:\/\/fuentesfidedignas.com.mx\/index.php\/wp-json\/wp\/v2\/posts\/70154\/revisions\/70155"}],"wp:featuredmedia":[{"embeddable":true,"href":"https:\/\/fuentesfidedignas.com.mx\/index.php\/wp-json\/wp\/v2\/media\/59591"}],"wp:attachment":[{"href":"https:\/\/fuentesfidedignas.com.mx\/index.php\/wp-json\/wp\/v2\/media?parent=70154"}],"wp:term":[{"taxonomy":"category","embeddable":true,"href":"https:\/\/fuentesfidedignas.com.mx\/index.php\/wp-json\/wp\/v2\/categories?post=70154"},{"taxonomy":"post_tag","embeddable":true,"href":"https:\/\/fuentesfidedignas.com.mx\/index.php\/wp-json\/wp\/v2\/tags?post=70154"}],"curies":[{"name":"wp","href":"https:\/\/api.w.org\/{rel}","templated":true}]}}