{"id":70131,"date":"2024-01-08T19:12:18","date_gmt":"2024-01-09T02:12:18","guid":{"rendered":"https:\/\/fuentesfidedignas.com.mx\/?p=70131"},"modified":"2024-01-08T19:21:51","modified_gmt":"2024-01-09T02:21:51","slug":"no-te-lo-pierdas-este-jueves-11-y-domingo-14concierto-de-ano-nuevo-con-la-ossla","status":"publish","type":"post","link":"https:\/\/fuentesfidedignas.com.mx\/index.php\/2024\/01\/08\/no-te-lo-pierdas-este-jueves-11-y-domingo-14concierto-de-ano-nuevo-con-la-ossla\/","title":{"rendered":"\u00a1No te lo pierdas! Este jueves 11 y domingo 14,Concierto de A\u00f1o Nuevo con la OSSLA"},"content":{"rendered":"\n<p><strong><em>Ofrecer\u00e1 un ameno programa con entrada libre, bajo la direcci\u00f3n del Mtro. Eduardo Garc\u00eda Barrios ya como director titular<\/em><\/strong><\/p>\n\n\n\n<p>Culiac\u00e1n, Sin.- La Orquesta Sinf\u00f3nica Sinaloa de las Artes abrir\u00e1 sus actividades de este a\u00f1o con su tradicional Concierto de A\u00f1o Nuevo 2024, con dos funciones, el jueves 11 de enero a las 19:30 horas y el domingo 14 a las12:30 horas, en el Teatro Pablo de Villavicencio, ambos con entrada libre a todo el p\u00fablico.<\/p>\n\n\n\n<p>El Instituto Sinaloense de Cultura inform\u00f3 que el programa estar\u00e1 a cargo del nuevo director titular de la OSSLA, el Mtro. Eduardo Garc\u00eda Barrios, y es con el que inicia sus actividades al frente de la Orquesta.<\/p>\n\n\n\n<p>El programa preparado para esta ocasi\u00f3n se integra con las piezas Obertura de \u201cLas bodas de F\u00edgaro\u201d, de Wolfgang Amadeus Mozart, Obertura de \u201cRomeo y Julieta\u201d, de Piotr I. Tchaikovsky; Obertura de \u201cLa urraca ladrona\u201d, de Giacomo Rossini, y \u201cDos Gymnopedias\u201d, de Erik Satie, con orquestaci\u00f3n de Claude Debussy.<\/p>\n\n\n\n<p>El Concierto de A\u00f1o Nuevo es ya una de las tradiciones musicales de la OSSLA que se mantiene cada inicio de a\u00f1o para brindar a la sociedad sinaloense una oportunidad de mirar con optimismo y esperanza hacia el futuro y es adem\u00e1s una invitaci\u00f3n a ser mejores a trav\u00e9s de las m\u00e1s bellas expresiones de la m\u00fasica.<\/p>\n\n\n\n<p>El Mtro. Eduardo Garc\u00eda Barrios, quien ya ha dirigido a la OSSLA como director hu\u00e9sped en diversas ocasiones, lo har\u00e1 por primera vez este jueves como director titular la OSSLA, cargo que asumi\u00f3 apenas en diciembre pasado.<\/p>\n\n\n\n<p>\u00c9l naci\u00f3 en M\u00e9xico, el 12 noviembre de 1960. Fue disc\u00edpulo en el Conservatorio Nacional de M\u00fasica de los maestros Jos\u00e9 Su\u00e1rez, Ana Mar\u00eda B\u00e1ez y Gela Dubrova. Realiz\u00f3 sus estudios profesionales en Mosc\u00fa, donde trabaj\u00f3 junto a Mikhail Voskresensky y Dimitri Kitayenko, director de la Orquesta Filarm\u00f3nica de Mosc\u00fa.Durante su estancia en la entonces capital de la Uni\u00f3n Sovi\u00e9tica, fund\u00f3 La Sinfonietta de Mosc\u00fa y en 1990 se gradu\u00f3 con honores como director sinf\u00f3nico y de \u00f3pera del Conservatorio Tchaikovsky.<\/p>\n\n\n\n<p>Ese mismo a\u00f1o, regres\u00f3 a M\u00e9xico y junto a un grupo de m\u00fasicos rusos fund\u00f3 la Orquesta de Baja California de la que fue director art\u00edstico hasta 1998. De 1998 a 2002 fue director titular de la Filarm\u00f3nica de la Universidad de Lima, Per\u00fa, as\u00ed como director titular de la Orquesta Sinf\u00f3nica del Conservatorio Nacional de M\u00fasica y de la Orquesta Sinf\u00f3nica Carlos Ch\u00e1vez, y director asociado de la Orquesta Sinf\u00f3nica de San Antonio, Texas.<\/p>\n\n\n\n<p>En 2010 desarroll\u00f3 en Baja California un proyecto comunitario estatal, que dio paso a la atenci\u00f3n a nivel nacional de agrupaciones comunitarias. Fue miembro del Consejo Acad\u00e9mico del Programa Orquesta-Escuela, modelo de educaci\u00f3n musical alternativo y que rigi\u00f3 la formaci\u00f3n musical de la Orquesta-Escuela Carlos Ch\u00e1vez, adscrita al Sistema Nacional de Fomento Musical de la Secretar\u00eda de Cultura Federal, instituci\u00f3n de la cual fue coordinador nacional desde abril de 2013 a fines de 2021, para volver a la direcci\u00f3n orquestal.<\/p>\n\n\n\n<figure class=\"wp-block-gallery has-nested-images columns-default is-cropped wp-block-gallery-1 is-layout-flex wp-block-gallery-is-layout-flex\">\n<figure class=\"wp-block-image size-large\"><img decoding=\"async\" width=\"1024\" height=\"1024\" data-id=\"70132\" src=\"https:\/\/fuentesfidedignas.com.mx\/wp-content\/uploads\/2024\/01\/08Ene2024-Concierto-Ano-Nuevo-2024_Eduardo-Garcia-Barrios-01-1024x1024.jpg\" alt=\"\" class=\"wp-image-70132\" srcset=\"https:\/\/fuentesfidedignas.com.mx\/wp-content\/uploads\/2024\/01\/08Ene2024-Concierto-Ano-Nuevo-2024_Eduardo-Garcia-Barrios-01-1024x1024.jpg 1024w, https:\/\/fuentesfidedignas.com.mx\/wp-content\/uploads\/2024\/01\/08Ene2024-Concierto-Ano-Nuevo-2024_Eduardo-Garcia-Barrios-01-300x300.jpg 300w, https:\/\/fuentesfidedignas.com.mx\/wp-content\/uploads\/2024\/01\/08Ene2024-Concierto-Ano-Nuevo-2024_Eduardo-Garcia-Barrios-01-150x150.jpg 150w, https:\/\/fuentesfidedignas.com.mx\/wp-content\/uploads\/2024\/01\/08Ene2024-Concierto-Ano-Nuevo-2024_Eduardo-Garcia-Barrios-01-768x768.jpg 768w, https:\/\/fuentesfidedignas.com.mx\/wp-content\/uploads\/2024\/01\/08Ene2024-Concierto-Ano-Nuevo-2024_Eduardo-Garcia-Barrios-01-696x696.jpg 696w, https:\/\/fuentesfidedignas.com.mx\/wp-content\/uploads\/2024\/01\/08Ene2024-Concierto-Ano-Nuevo-2024_Eduardo-Garcia-Barrios-01-1068x1068.jpg 1068w, https:\/\/fuentesfidedignas.com.mx\/wp-content\/uploads\/2024\/01\/08Ene2024-Concierto-Ano-Nuevo-2024_Eduardo-Garcia-Barrios-01-420x420.jpg 420w, https:\/\/fuentesfidedignas.com.mx\/wp-content\/uploads\/2024\/01\/08Ene2024-Concierto-Ano-Nuevo-2024_Eduardo-Garcia-Barrios-01.jpg 1205w\" sizes=\"(max-width: 1024px) 100vw, 1024px\" \/><\/figure>\n<\/figure>\n","protected":false},"excerpt":{"rendered":"<p>Ofrecer\u00e1 un ameno programa con entrada libre, bajo la direcci\u00f3n del Mtro. Eduardo Garc\u00eda Barrios ya como director titular Culiac\u00e1n, Sin.- La Orquesta Sinf\u00f3nica Sinaloa de las Artes abrir\u00e1 sus actividades de este a\u00f1o con su tradicional Concierto de A\u00f1o Nuevo 2024, con dos funciones, el jueves 11 de enero a las 19:30 horas y [&hellip;]<\/p>\n","protected":false},"author":4,"featured_media":67086,"comment_status":"open","ping_status":"open","sticky":false,"template":"","format":"standard","meta":{"tdm_status":"","tdm_grid_status":"","footnotes":""},"categories":[1],"tags":[],"class_list":{"0":"post-70131","1":"post","2":"type-post","3":"status-publish","4":"format-standard","5":"has-post-thumbnail","7":"category-sin-categoria"},"yoast_head":"<!-- This site is optimized with the Yoast SEO plugin v27.5 - https:\/\/yoast.com\/product\/yoast-seo-wordpress\/ -->\n<title>\u00a1No te lo pierdas! Este jueves 11 y domingo 14,Concierto de A\u00f1o Nuevo con la OSSLA - Fuentes Fidedignas<\/title>\n<meta name=\"robots\" content=\"index, follow, max-snippet:-1, max-image-preview:large, max-video-preview:-1\" \/>\n<link rel=\"canonical\" href=\"https:\/\/fuentesfidedignas.com.mx\/index.php\/2024\/01\/08\/no-te-lo-pierdas-este-jueves-11-y-domingo-14concierto-de-ano-nuevo-con-la-ossla\/\" \/>\n<meta property=\"og:locale\" content=\"es_MX\" \/>\n<meta property=\"og:type\" content=\"article\" \/>\n<meta property=\"og:title\" content=\"\u00a1No te lo pierdas! Este jueves 11 y domingo 14,Concierto de A\u00f1o Nuevo con la OSSLA - Fuentes Fidedignas\" \/>\n<meta property=\"og:description\" content=\"Ofrecer\u00e1 un ameno programa con entrada libre, bajo la direcci\u00f3n del Mtro. Eduardo Garc\u00eda Barrios ya como director titular Culiac\u00e1n, Sin.- La Orquesta Sinf\u00f3nica Sinaloa de las Artes abrir\u00e1 sus actividades de este a\u00f1o con su tradicional Concierto de A\u00f1o Nuevo 2024, con dos funciones, el jueves 11 de enero a las 19:30 horas y [&hellip;]\" \/>\n<meta property=\"og:url\" content=\"https:\/\/fuentesfidedignas.com.mx\/index.php\/2024\/01\/08\/no-te-lo-pierdas-este-jueves-11-y-domingo-14concierto-de-ano-nuevo-con-la-ossla\/\" \/>\n<meta property=\"og:site_name\" content=\"Fuentes Fidedignas\" \/>\n<meta property=\"article:publisher\" content=\"https:\/\/www.facebook.com\/Fuentes-Fidedignas-368234489921644\" \/>\n<meta property=\"article:published_time\" content=\"2024-01-09T02:12:18+00:00\" \/>\n<meta property=\"article:modified_time\" content=\"2024-01-09T02:21:51+00:00\" \/>\n<meta property=\"og:image\" content=\"https:\/\/fuentesfidedignas.com.mx\/wp-content\/uploads\/2023\/11\/28Nov2023-Concierto-OSSLA-en-Guasave.jpg\" \/>\n\t<meta property=\"og:image:width\" content=\"1440\" \/>\n\t<meta property=\"og:image:height\" content=\"960\" \/>\n\t<meta property=\"og:image:type\" content=\"image\/jpeg\" \/>\n<meta name=\"author\" content=\"Redacci\u00f3n\" \/>\n<meta name=\"twitter:card\" content=\"summary_large_image\" \/>\n<meta name=\"twitter:creator\" content=\"@fidedignas\" \/>\n<meta name=\"twitter:site\" content=\"@fidedignas\" \/>\n<meta name=\"twitter:label1\" content=\"Escrito por\" \/>\n\t<meta name=\"twitter:data1\" content=\"Redacci\u00f3n\" \/>\n\t<meta name=\"twitter:label2\" content=\"Tiempo de lectura\" \/>\n\t<meta name=\"twitter:data2\" content=\"3 minutos\" \/>\n<script type=\"application\/ld+json\" class=\"yoast-schema-graph\">{\"@context\":\"https:\\\/\\\/schema.org\",\"@graph\":[{\"@type\":\"Article\",\"@id\":\"https:\\\/\\\/fuentesfidedignas.com.mx\\\/index.php\\\/2024\\\/01\\\/08\\\/no-te-lo-pierdas-este-jueves-11-y-domingo-14concierto-de-ano-nuevo-con-la-ossla\\\/#article\",\"isPartOf\":{\"@id\":\"https:\\\/\\\/fuentesfidedignas.com.mx\\\/index.php\\\/2024\\\/01\\\/08\\\/no-te-lo-pierdas-este-jueves-11-y-domingo-14concierto-de-ano-nuevo-con-la-ossla\\\/\"},\"author\":{\"name\":\"Redacci\u00f3n\",\"@id\":\"https:\\\/\\\/fuentesfidedignas.com.mx\\\/#\\\/schema\\\/person\\\/331be9283d37198e2acd5750279085b0\"},\"headline\":\"\u00a1No te lo pierdas! Este jueves 11 y domingo 14,Concierto de A\u00f1o Nuevo con la OSSLA\",\"datePublished\":\"2024-01-09T02:12:18+00:00\",\"dateModified\":\"2024-01-09T02:21:51+00:00\",\"mainEntityOfPage\":{\"@id\":\"https:\\\/\\\/fuentesfidedignas.com.mx\\\/index.php\\\/2024\\\/01\\\/08\\\/no-te-lo-pierdas-este-jueves-11-y-domingo-14concierto-de-ano-nuevo-con-la-ossla\\\/\"},\"wordCount\":544,\"commentCount\":0,\"publisher\":{\"@id\":\"https:\\\/\\\/fuentesfidedignas.com.mx\\\/#organization\"},\"image\":{\"@id\":\"https:\\\/\\\/fuentesfidedignas.com.mx\\\/index.php\\\/2024\\\/01\\\/08\\\/no-te-lo-pierdas-este-jueves-11-y-domingo-14concierto-de-ano-nuevo-con-la-ossla\\\/#primaryimage\"},\"thumbnailUrl\":\"https:\\\/\\\/fuentesfidedignas.com.mx\\\/wp-content\\\/uploads\\\/2023\\\/11\\\/28Nov2023-Concierto-OSSLA-en-Guasave.jpg\",\"inLanguage\":\"es\",\"potentialAction\":[{\"@type\":\"CommentAction\",\"name\":\"Comment\",\"target\":[\"https:\\\/\\\/fuentesfidedignas.com.mx\\\/index.php\\\/2024\\\/01\\\/08\\\/no-te-lo-pierdas-este-jueves-11-y-domingo-14concierto-de-ano-nuevo-con-la-ossla\\\/#respond\"]}]},{\"@type\":\"WebPage\",\"@id\":\"https:\\\/\\\/fuentesfidedignas.com.mx\\\/index.php\\\/2024\\\/01\\\/08\\\/no-te-lo-pierdas-este-jueves-11-y-domingo-14concierto-de-ano-nuevo-con-la-ossla\\\/\",\"url\":\"https:\\\/\\\/fuentesfidedignas.com.mx\\\/index.php\\\/2024\\\/01\\\/08\\\/no-te-lo-pierdas-este-jueves-11-y-domingo-14concierto-de-ano-nuevo-con-la-ossla\\\/\",\"name\":\"\u00a1No te lo pierdas! Este jueves 11 y domingo 14,Concierto de A\u00f1o Nuevo con la OSSLA - Fuentes Fidedignas\",\"isPartOf\":{\"@id\":\"https:\\\/\\\/fuentesfidedignas.com.mx\\\/#website\"},\"primaryImageOfPage\":{\"@id\":\"https:\\\/\\\/fuentesfidedignas.com.mx\\\/index.php\\\/2024\\\/01\\\/08\\\/no-te-lo-pierdas-este-jueves-11-y-domingo-14concierto-de-ano-nuevo-con-la-ossla\\\/#primaryimage\"},\"image\":{\"@id\":\"https:\\\/\\\/fuentesfidedignas.com.mx\\\/index.php\\\/2024\\\/01\\\/08\\\/no-te-lo-pierdas-este-jueves-11-y-domingo-14concierto-de-ano-nuevo-con-la-ossla\\\/#primaryimage\"},\"thumbnailUrl\":\"https:\\\/\\\/fuentesfidedignas.com.mx\\\/wp-content\\\/uploads\\\/2023\\\/11\\\/28Nov2023-Concierto-OSSLA-en-Guasave.jpg\",\"datePublished\":\"2024-01-09T02:12:18+00:00\",\"dateModified\":\"2024-01-09T02:21:51+00:00\",\"breadcrumb\":{\"@id\":\"https:\\\/\\\/fuentesfidedignas.com.mx\\\/index.php\\\/2024\\\/01\\\/08\\\/no-te-lo-pierdas-este-jueves-11-y-domingo-14concierto-de-ano-nuevo-con-la-ossla\\\/#breadcrumb\"},\"inLanguage\":\"es\",\"potentialAction\":[{\"@type\":\"ReadAction\",\"target\":[\"https:\\\/\\\/fuentesfidedignas.com.mx\\\/index.php\\\/2024\\\/01\\\/08\\\/no-te-lo-pierdas-este-jueves-11-y-domingo-14concierto-de-ano-nuevo-con-la-ossla\\\/\"]}]},{\"@type\":\"ImageObject\",\"inLanguage\":\"es\",\"@id\":\"https:\\\/\\\/fuentesfidedignas.com.mx\\\/index.php\\\/2024\\\/01\\\/08\\\/no-te-lo-pierdas-este-jueves-11-y-domingo-14concierto-de-ano-nuevo-con-la-ossla\\\/#primaryimage\",\"url\":\"https:\\\/\\\/fuentesfidedignas.com.mx\\\/wp-content\\\/uploads\\\/2023\\\/11\\\/28Nov2023-Concierto-OSSLA-en-Guasave.jpg\",\"contentUrl\":\"https:\\\/\\\/fuentesfidedignas.com.mx\\\/wp-content\\\/uploads\\\/2023\\\/11\\\/28Nov2023-Concierto-OSSLA-en-Guasave.jpg\",\"width\":1440,\"height\":960},{\"@type\":\"BreadcrumbList\",\"@id\":\"https:\\\/\\\/fuentesfidedignas.com.mx\\\/index.php\\\/2024\\\/01\\\/08\\\/no-te-lo-pierdas-este-jueves-11-y-domingo-14concierto-de-ano-nuevo-con-la-ossla\\\/#breadcrumb\",\"itemListElement\":[{\"@type\":\"ListItem\",\"position\":1,\"name\":\"Inicio\",\"item\":\"https:\\\/\\\/fuentesfidedignas.com.mx\\\/\"},{\"@type\":\"ListItem\",\"position\":2,\"name\":\"\u00a1No te lo pierdas! Este jueves 11 y domingo 14,Concierto de A\u00f1o Nuevo con la OSSLA\"}]},{\"@type\":\"WebSite\",\"@id\":\"https:\\\/\\\/fuentesfidedignas.com.mx\\\/#website\",\"url\":\"https:\\\/\\\/fuentesfidedignas.com.mx\\\/\",\"name\":\"Fuentes Fidedignas\",\"description\":\"Otro sitio realizado con WordPress\",\"publisher\":{\"@id\":\"https:\\\/\\\/fuentesfidedignas.com.mx\\\/#organization\"},\"potentialAction\":[{\"@type\":\"SearchAction\",\"target\":{\"@type\":\"EntryPoint\",\"urlTemplate\":\"https:\\\/\\\/fuentesfidedignas.com.mx\\\/?s={search_term_string}\"},\"query-input\":{\"@type\":\"PropertyValueSpecification\",\"valueRequired\":true,\"valueName\":\"search_term_string\"}}],\"inLanguage\":\"es\"},{\"@type\":\"Organization\",\"@id\":\"https:\\\/\\\/fuentesfidedignas.com.mx\\\/#organization\",\"name\":\"Fuentes Fidedignas\",\"url\":\"https:\\\/\\\/fuentesfidedignas.com.mx\\\/\",\"logo\":{\"@type\":\"ImageObject\",\"inLanguage\":\"es\",\"@id\":\"https:\\\/\\\/fuentesfidedignas.com.mx\\\/#\\\/schema\\\/logo\\\/image\\\/\",\"url\":\"https:\\\/\\\/fuentesfidedignas.com.mx\\\/wp-content\\\/uploads\\\/2021\\\/04\\\/logo-retina.png\",\"contentUrl\":\"https:\\\/\\\/fuentesfidedignas.com.mx\\\/wp-content\\\/uploads\\\/2021\\\/04\\\/logo-retina.png\",\"width\":280,\"height\":51,\"caption\":\"Fuentes Fidedignas\"},\"image\":{\"@id\":\"https:\\\/\\\/fuentesfidedignas.com.mx\\\/#\\\/schema\\\/logo\\\/image\\\/\"},\"sameAs\":[\"https:\\\/\\\/www.facebook.com\\\/Fuentes-Fidedignas-368234489921644\",\"https:\\\/\\\/x.com\\\/fidedignas\"]},{\"@type\":\"Person\",\"@id\":\"https:\\\/\\\/fuentesfidedignas.com.mx\\\/#\\\/schema\\\/person\\\/331be9283d37198e2acd5750279085b0\",\"name\":\"Redacci\u00f3n\",\"image\":{\"@type\":\"ImageObject\",\"inLanguage\":\"es\",\"@id\":\"https:\\\/\\\/secure.gravatar.com\\\/avatar\\\/f6d8782c11d12b2d4ad3fbb6931aeab5309937a4d6cd2fc9cfaa28a6396a5aec?s=96&d=mm&r=g\",\"url\":\"https:\\\/\\\/secure.gravatar.com\\\/avatar\\\/f6d8782c11d12b2d4ad3fbb6931aeab5309937a4d6cd2fc9cfaa28a6396a5aec?s=96&d=mm&r=g\",\"contentUrl\":\"https:\\\/\\\/secure.gravatar.com\\\/avatar\\\/f6d8782c11d12b2d4ad3fbb6931aeab5309937a4d6cd2fc9cfaa28a6396a5aec?s=96&d=mm&r=g\",\"caption\":\"Redacci\u00f3n\"},\"url\":\"https:\\\/\\\/fuentesfidedignas.com.mx\\\/index.php\\\/author\\\/redaccion\\\/\"}]}<\/script>\n<!-- \/ Yoast SEO plugin. -->","yoast_head_json":{"title":"\u00a1No te lo pierdas! Este jueves 11 y domingo 14,Concierto de A\u00f1o Nuevo con la OSSLA - Fuentes Fidedignas","robots":{"index":"index","follow":"follow","max-snippet":"max-snippet:-1","max-image-preview":"max-image-preview:large","max-video-preview":"max-video-preview:-1"},"canonical":"https:\/\/fuentesfidedignas.com.mx\/index.php\/2024\/01\/08\/no-te-lo-pierdas-este-jueves-11-y-domingo-14concierto-de-ano-nuevo-con-la-ossla\/","og_locale":"es_MX","og_type":"article","og_title":"\u00a1No te lo pierdas! Este jueves 11 y domingo 14,Concierto de A\u00f1o Nuevo con la OSSLA - Fuentes Fidedignas","og_description":"Ofrecer\u00e1 un ameno programa con entrada libre, bajo la direcci\u00f3n del Mtro. Eduardo Garc\u00eda Barrios ya como director titular Culiac\u00e1n, Sin.- La Orquesta Sinf\u00f3nica Sinaloa de las Artes abrir\u00e1 sus actividades de este a\u00f1o con su tradicional Concierto de A\u00f1o Nuevo 2024, con dos funciones, el jueves 11 de enero a las 19:30 horas y [&hellip;]","og_url":"https:\/\/fuentesfidedignas.com.mx\/index.php\/2024\/01\/08\/no-te-lo-pierdas-este-jueves-11-y-domingo-14concierto-de-ano-nuevo-con-la-ossla\/","og_site_name":"Fuentes Fidedignas","article_publisher":"https:\/\/www.facebook.com\/Fuentes-Fidedignas-368234489921644","article_published_time":"2024-01-09T02:12:18+00:00","article_modified_time":"2024-01-09T02:21:51+00:00","og_image":[{"width":1440,"height":960,"url":"https:\/\/fuentesfidedignas.com.mx\/wp-content\/uploads\/2023\/11\/28Nov2023-Concierto-OSSLA-en-Guasave.jpg","type":"image\/jpeg"}],"author":"Redacci\u00f3n","twitter_card":"summary_large_image","twitter_creator":"@fidedignas","twitter_site":"@fidedignas","twitter_misc":{"Escrito por":"Redacci\u00f3n","Tiempo de lectura":"3 minutos"},"schema":{"@context":"https:\/\/schema.org","@graph":[{"@type":"Article","@id":"https:\/\/fuentesfidedignas.com.mx\/index.php\/2024\/01\/08\/no-te-lo-pierdas-este-jueves-11-y-domingo-14concierto-de-ano-nuevo-con-la-ossla\/#article","isPartOf":{"@id":"https:\/\/fuentesfidedignas.com.mx\/index.php\/2024\/01\/08\/no-te-lo-pierdas-este-jueves-11-y-domingo-14concierto-de-ano-nuevo-con-la-ossla\/"},"author":{"name":"Redacci\u00f3n","@id":"https:\/\/fuentesfidedignas.com.mx\/#\/schema\/person\/331be9283d37198e2acd5750279085b0"},"headline":"\u00a1No te lo pierdas! Este jueves 11 y domingo 14,Concierto de A\u00f1o Nuevo con la OSSLA","datePublished":"2024-01-09T02:12:18+00:00","dateModified":"2024-01-09T02:21:51+00:00","mainEntityOfPage":{"@id":"https:\/\/fuentesfidedignas.com.mx\/index.php\/2024\/01\/08\/no-te-lo-pierdas-este-jueves-11-y-domingo-14concierto-de-ano-nuevo-con-la-ossla\/"},"wordCount":544,"commentCount":0,"publisher":{"@id":"https:\/\/fuentesfidedignas.com.mx\/#organization"},"image":{"@id":"https:\/\/fuentesfidedignas.com.mx\/index.php\/2024\/01\/08\/no-te-lo-pierdas-este-jueves-11-y-domingo-14concierto-de-ano-nuevo-con-la-ossla\/#primaryimage"},"thumbnailUrl":"https:\/\/fuentesfidedignas.com.mx\/wp-content\/uploads\/2023\/11\/28Nov2023-Concierto-OSSLA-en-Guasave.jpg","inLanguage":"es","potentialAction":[{"@type":"CommentAction","name":"Comment","target":["https:\/\/fuentesfidedignas.com.mx\/index.php\/2024\/01\/08\/no-te-lo-pierdas-este-jueves-11-y-domingo-14concierto-de-ano-nuevo-con-la-ossla\/#respond"]}]},{"@type":"WebPage","@id":"https:\/\/fuentesfidedignas.com.mx\/index.php\/2024\/01\/08\/no-te-lo-pierdas-este-jueves-11-y-domingo-14concierto-de-ano-nuevo-con-la-ossla\/","url":"https:\/\/fuentesfidedignas.com.mx\/index.php\/2024\/01\/08\/no-te-lo-pierdas-este-jueves-11-y-domingo-14concierto-de-ano-nuevo-con-la-ossla\/","name":"\u00a1No te lo pierdas! Este jueves 11 y domingo 14,Concierto de A\u00f1o Nuevo con la OSSLA - Fuentes Fidedignas","isPartOf":{"@id":"https:\/\/fuentesfidedignas.com.mx\/#website"},"primaryImageOfPage":{"@id":"https:\/\/fuentesfidedignas.com.mx\/index.php\/2024\/01\/08\/no-te-lo-pierdas-este-jueves-11-y-domingo-14concierto-de-ano-nuevo-con-la-ossla\/#primaryimage"},"image":{"@id":"https:\/\/fuentesfidedignas.com.mx\/index.php\/2024\/01\/08\/no-te-lo-pierdas-este-jueves-11-y-domingo-14concierto-de-ano-nuevo-con-la-ossla\/#primaryimage"},"thumbnailUrl":"https:\/\/fuentesfidedignas.com.mx\/wp-content\/uploads\/2023\/11\/28Nov2023-Concierto-OSSLA-en-Guasave.jpg","datePublished":"2024-01-09T02:12:18+00:00","dateModified":"2024-01-09T02:21:51+00:00","breadcrumb":{"@id":"https:\/\/fuentesfidedignas.com.mx\/index.php\/2024\/01\/08\/no-te-lo-pierdas-este-jueves-11-y-domingo-14concierto-de-ano-nuevo-con-la-ossla\/#breadcrumb"},"inLanguage":"es","potentialAction":[{"@type":"ReadAction","target":["https:\/\/fuentesfidedignas.com.mx\/index.php\/2024\/01\/08\/no-te-lo-pierdas-este-jueves-11-y-domingo-14concierto-de-ano-nuevo-con-la-ossla\/"]}]},{"@type":"ImageObject","inLanguage":"es","@id":"https:\/\/fuentesfidedignas.com.mx\/index.php\/2024\/01\/08\/no-te-lo-pierdas-este-jueves-11-y-domingo-14concierto-de-ano-nuevo-con-la-ossla\/#primaryimage","url":"https:\/\/fuentesfidedignas.com.mx\/wp-content\/uploads\/2023\/11\/28Nov2023-Concierto-OSSLA-en-Guasave.jpg","contentUrl":"https:\/\/fuentesfidedignas.com.mx\/wp-content\/uploads\/2023\/11\/28Nov2023-Concierto-OSSLA-en-Guasave.jpg","width":1440,"height":960},{"@type":"BreadcrumbList","@id":"https:\/\/fuentesfidedignas.com.mx\/index.php\/2024\/01\/08\/no-te-lo-pierdas-este-jueves-11-y-domingo-14concierto-de-ano-nuevo-con-la-ossla\/#breadcrumb","itemListElement":[{"@type":"ListItem","position":1,"name":"Inicio","item":"https:\/\/fuentesfidedignas.com.mx\/"},{"@type":"ListItem","position":2,"name":"\u00a1No te lo pierdas! Este jueves 11 y domingo 14,Concierto de A\u00f1o Nuevo con la OSSLA"}]},{"@type":"WebSite","@id":"https:\/\/fuentesfidedignas.com.mx\/#website","url":"https:\/\/fuentesfidedignas.com.mx\/","name":"Fuentes Fidedignas","description":"Otro sitio realizado con WordPress","publisher":{"@id":"https:\/\/fuentesfidedignas.com.mx\/#organization"},"potentialAction":[{"@type":"SearchAction","target":{"@type":"EntryPoint","urlTemplate":"https:\/\/fuentesfidedignas.com.mx\/?s={search_term_string}"},"query-input":{"@type":"PropertyValueSpecification","valueRequired":true,"valueName":"search_term_string"}}],"inLanguage":"es"},{"@type":"Organization","@id":"https:\/\/fuentesfidedignas.com.mx\/#organization","name":"Fuentes Fidedignas","url":"https:\/\/fuentesfidedignas.com.mx\/","logo":{"@type":"ImageObject","inLanguage":"es","@id":"https:\/\/fuentesfidedignas.com.mx\/#\/schema\/logo\/image\/","url":"https:\/\/fuentesfidedignas.com.mx\/wp-content\/uploads\/2021\/04\/logo-retina.png","contentUrl":"https:\/\/fuentesfidedignas.com.mx\/wp-content\/uploads\/2021\/04\/logo-retina.png","width":280,"height":51,"caption":"Fuentes Fidedignas"},"image":{"@id":"https:\/\/fuentesfidedignas.com.mx\/#\/schema\/logo\/image\/"},"sameAs":["https:\/\/www.facebook.com\/Fuentes-Fidedignas-368234489921644","https:\/\/x.com\/fidedignas"]},{"@type":"Person","@id":"https:\/\/fuentesfidedignas.com.mx\/#\/schema\/person\/331be9283d37198e2acd5750279085b0","name":"Redacci\u00f3n","image":{"@type":"ImageObject","inLanguage":"es","@id":"https:\/\/secure.gravatar.com\/avatar\/f6d8782c11d12b2d4ad3fbb6931aeab5309937a4d6cd2fc9cfaa28a6396a5aec?s=96&d=mm&r=g","url":"https:\/\/secure.gravatar.com\/avatar\/f6d8782c11d12b2d4ad3fbb6931aeab5309937a4d6cd2fc9cfaa28a6396a5aec?s=96&d=mm&r=g","contentUrl":"https:\/\/secure.gravatar.com\/avatar\/f6d8782c11d12b2d4ad3fbb6931aeab5309937a4d6cd2fc9cfaa28a6396a5aec?s=96&d=mm&r=g","caption":"Redacci\u00f3n"},"url":"https:\/\/fuentesfidedignas.com.mx\/index.php\/author\/redaccion\/"}]}},"_links":{"self":[{"href":"https:\/\/fuentesfidedignas.com.mx\/index.php\/wp-json\/wp\/v2\/posts\/70131","targetHints":{"allow":["GET"]}}],"collection":[{"href":"https:\/\/fuentesfidedignas.com.mx\/index.php\/wp-json\/wp\/v2\/posts"}],"about":[{"href":"https:\/\/fuentesfidedignas.com.mx\/index.php\/wp-json\/wp\/v2\/types\/post"}],"author":[{"embeddable":true,"href":"https:\/\/fuentesfidedignas.com.mx\/index.php\/wp-json\/wp\/v2\/users\/4"}],"replies":[{"embeddable":true,"href":"https:\/\/fuentesfidedignas.com.mx\/index.php\/wp-json\/wp\/v2\/comments?post=70131"}],"version-history":[{"count":1,"href":"https:\/\/fuentesfidedignas.com.mx\/index.php\/wp-json\/wp\/v2\/posts\/70131\/revisions"}],"predecessor-version":[{"id":70133,"href":"https:\/\/fuentesfidedignas.com.mx\/index.php\/wp-json\/wp\/v2\/posts\/70131\/revisions\/70133"}],"wp:featuredmedia":[{"embeddable":true,"href":"https:\/\/fuentesfidedignas.com.mx\/index.php\/wp-json\/wp\/v2\/media\/67086"}],"wp:attachment":[{"href":"https:\/\/fuentesfidedignas.com.mx\/index.php\/wp-json\/wp\/v2\/media?parent=70131"}],"wp:term":[{"taxonomy":"category","embeddable":true,"href":"https:\/\/fuentesfidedignas.com.mx\/index.php\/wp-json\/wp\/v2\/categories?post=70131"},{"taxonomy":"post_tag","embeddable":true,"href":"https:\/\/fuentesfidedignas.com.mx\/index.php\/wp-json\/wp\/v2\/tags?post=70131"}],"curies":[{"name":"wp","href":"https:\/\/api.w.org\/{rel}","templated":true}]}}