{"id":70106,"date":"2024-01-08T11:50:57","date_gmt":"2024-01-08T18:50:57","guid":{"rendered":"https:\/\/fuentesfidedignas.com.mx\/?p=70106"},"modified":"2024-01-08T11:51:23","modified_gmt":"2024-01-08T18:51:23","slug":"congreso-de-la-cdmx-niega-ratificacion-de-ernestina-godoy-como-fiscal","status":"publish","type":"post","link":"https:\/\/fuentesfidedignas.com.mx\/index.php\/2024\/01\/08\/congreso-de-la-cdmx-niega-ratificacion-de-ernestina-godoy-como-fiscal\/","title":{"rendered":"Congreso de la CDMX niega ratificaci\u00f3n de Ernestina Godoy como fiscal"},"content":{"rendered":"\n<p><strong><em>La votaci\u00f3n de la ratificaci\u00f3n de Ernestina Godoy fue aplazada hasta hoy debido a que falt\u00f3 tiempo para realizar los sufragios en la sesi\u00f3n del pasado 13 de diciembre de 2023<\/em><\/strong><\/p>\n\n\n\n<p>Ciudad de M\u00e9xico. En la sesi\u00f3n del 8 de enero, despu\u00e9s de que oradores militantes de diferentes partidos pasaran a dar sus puntos en contra o a favor, el Congreso de la Ciudad de M\u00e9xico neg\u00f3 la ratificaci\u00f3n de Ernestina Godoy al frente de la Fiscal\u00eda General de Justicia de la capital.<\/p>\n\n\n\n<p>En total se emitieron 41 votos a favor, 25 en contra y cero abstenciones; sin embargo, no sumaban las dos terceras partes necesarias para que la ratificaci\u00f3n fuera validada por el Congreso de la Ciudad de M\u00e9xico.<\/p>\n\n\n\n<p>A pesar de la negativa del dirigente del Partido Revolucionario Institucional (PRI), Alejandro Moreno,<strong>&nbsp;algunos militantes de la organizaci\u00f3n pol\u00edtico votaron a favor<\/strong>&nbsp;de la ratificaci\u00f3n de la fiscal, como fue la diputada M\u00f3nica C\u00e9sar Fern\u00e1ndez y Chantal Wesly Hern\u00e1ndez Jim\u00e9nez.<\/p>\n\n\n\n<p>Despu\u00e9s de que la presidenta de la Mesa Directiva del Congreso de la Ciudad de M\u00e9xico,&nbsp;<strong>Gabriela Salido Magos,<\/strong>&nbsp;<strong>avalara la negativa para que Ernestina Godoy<\/strong><strong>continuara en el cargo<\/strong>, la diputada Maxta Gonz\u00e1lez se\u00f1al\u00f3 que a las afueras del Congreso el grupo de personas que se protestaban en contra de la ratificaci\u00f3n estaban siendo encapsulados por elementos de la Secretar\u00eda de Seguridad Ciudadana.<\/p>\n\n\n\n<h2 class=\"wp-block-heading\">\u00bfPor qu\u00e9 se aplaz\u00f3 la votaci\u00f3n para la ratificaci\u00f3n de Ernestina Godoy?<\/h2>\n\n\n\n<p>En la sesi\u00f3n del Congreso local, del pasado 14 de diciembre de 2023,&nbsp;<strong>los legisladores de Morena lograron consumir el tiempo l\u00edmite de la reuni\u00f3n<\/strong>&nbsp;y que se tuviera que agendar una nueva junta para s\u00f3lo tratar este tema.<\/p>\n\n\n\n<p>A lo largo de la sesi\u00f3n del pasado mes de diciembre, fueron al menos 15 oradores de Morena quienes utilizaron el reciento&nbsp;<strong>para exponer los logros que alcanz\u00f3 Ernestina Godoy<\/strong>&nbsp;al frente de la Fiscal\u00eda,&nbsp;<strong>algunos tomando hasta 10 minutos<\/strong>&nbsp;para exponer sus puntos a su favor.<\/p>\n\n\n\n<p>Cerca de concluir el tiempo, los legisladores del PAN, PRI y PRD acusaron a la bancada de Morena de intentar consumir el tiempo para aplazar la votaci\u00f3n, <strong>debido a que no contaban con los sufragios suficientes para garantizar hacer oficial la ratificaci\u00f3n de Ernestina Godoy<\/strong> al frente de la Fiscal\u00eda.<\/p>\n\n\n\n<h2 class=\"wp-block-heading\">Bancadas PRI, PAN y PRD se opon\u00edan a la ratificaci\u00f3n de Godoy<\/h2>\n\n\n\n<p>Las bancadas de los partidos opositores al oficialismo aseguraron&nbsp;<strong>ante los medios de comunicaci\u00f3n que votar\u00edan en contra<\/strong>&nbsp;de la ratificaci\u00f3n de la fiscal Ernestina Godoy, incluso aseguraron que Morena no podr\u00eda sumar los sufragios necesarios para lograr que se extendiera su direcci\u00f3n en el organismo de seguridad.<\/p>\n\n\n\n<p>Fueron a las 10:15 horas, del 13 de diciembre, cuando dio inici\u00f3 a la sesi\u00f3n en donde se votar\u00eda por esta ratificaci\u00f3n, al inicio estaban presenten 64 de los 66 diputados, por lo tal eran necesario 43 votos a favor de la fiscal.<\/p>\n","protected":false},"excerpt":{"rendered":"<p>La votaci\u00f3n de la ratificaci\u00f3n de Ernestina Godoy fue aplazada hasta hoy debido a que falt\u00f3 tiempo para realizar los sufragios en la sesi\u00f3n del pasado 13 de diciembre de 2023 Ciudad de M\u00e9xico. En la sesi\u00f3n del 8 de enero, despu\u00e9s de que oradores militantes de diferentes partidos pasaran a dar sus puntos en [&hellip;]<\/p>\n","protected":false},"author":41,"featured_media":70108,"comment_status":"open","ping_status":"open","sticky":false,"template":"","format":"standard","meta":{"tdm_status":"","tdm_grid_status":"","footnotes":""},"categories":[39],"tags":[],"class_list":{"0":"post-70106","1":"post","2":"type-post","3":"status-publish","4":"format-standard","5":"has-post-thumbnail","7":"category-noticias-nacionales"},"yoast_head":"<!-- This site is optimized with the Yoast SEO plugin v27.4 - https:\/\/yoast.com\/product\/yoast-seo-wordpress\/ -->\n<title>Congreso de la CDMX niega ratificaci\u00f3n de Ernestina Godoy como fiscal - Fuentes Fidedignas<\/title>\n<meta name=\"robots\" content=\"index, follow, max-snippet:-1, max-image-preview:large, max-video-preview:-1\" \/>\n<link rel=\"canonical\" href=\"https:\/\/fuentesfidedignas.com.mx\/index.php\/2024\/01\/08\/congreso-de-la-cdmx-niega-ratificacion-de-ernestina-godoy-como-fiscal\/\" \/>\n<meta property=\"og:locale\" content=\"es_MX\" \/>\n<meta property=\"og:type\" content=\"article\" \/>\n<meta property=\"og:title\" content=\"Congreso de la CDMX niega ratificaci\u00f3n de Ernestina Godoy como fiscal - Fuentes Fidedignas\" \/>\n<meta property=\"og:description\" content=\"La votaci\u00f3n de la ratificaci\u00f3n de Ernestina Godoy fue aplazada hasta hoy debido a que falt\u00f3 tiempo para realizar los sufragios en la sesi\u00f3n del pasado 13 de diciembre de 2023 Ciudad de M\u00e9xico. En la sesi\u00f3n del 8 de enero, despu\u00e9s de que oradores militantes de diferentes partidos pasaran a dar sus puntos en [&hellip;]\" \/>\n<meta property=\"og:url\" content=\"https:\/\/fuentesfidedignas.com.mx\/index.php\/2024\/01\/08\/congreso-de-la-cdmx-niega-ratificacion-de-ernestina-godoy-como-fiscal\/\" \/>\n<meta property=\"og:site_name\" content=\"Fuentes Fidedignas\" \/>\n<meta property=\"article:publisher\" content=\"https:\/\/www.facebook.com\/Fuentes-Fidedignas-368234489921644\" \/>\n<meta property=\"article:published_time\" content=\"2024-01-08T18:50:57+00:00\" \/>\n<meta property=\"article:modified_time\" content=\"2024-01-08T18:51:23+00:00\" \/>\n<meta property=\"og:image\" content=\"https:\/\/fuentesfidedignas.com.mx\/wp-content\/uploads\/2021\/04\/logo-retina.png\" \/>\n\t<meta property=\"og:image:width\" content=\"280\" \/>\n\t<meta property=\"og:image:height\" content=\"51\" \/>\n\t<meta property=\"og:image:type\" content=\"image\/png\" \/>\n<meta name=\"author\" content=\"Infobae\" \/>\n<meta name=\"twitter:card\" content=\"summary_large_image\" \/>\n<meta name=\"twitter:creator\" content=\"@fidedignas\" \/>\n<meta name=\"twitter:site\" content=\"@fidedignas\" \/>\n<meta name=\"twitter:label1\" content=\"Escrito por\" \/>\n\t<meta name=\"twitter:data1\" content=\"Infobae\" \/>\n\t<meta name=\"twitter:label2\" content=\"Tiempo de lectura\" \/>\n\t<meta name=\"twitter:data2\" content=\"3 minutos\" \/>\n<script type=\"application\/ld+json\" class=\"yoast-schema-graph\">{\"@context\":\"https:\\\/\\\/schema.org\",\"@graph\":[{\"@type\":\"Article\",\"@id\":\"https:\\\/\\\/fuentesfidedignas.com.mx\\\/index.php\\\/2024\\\/01\\\/08\\\/congreso-de-la-cdmx-niega-ratificacion-de-ernestina-godoy-como-fiscal\\\/#article\",\"isPartOf\":{\"@id\":\"https:\\\/\\\/fuentesfidedignas.com.mx\\\/index.php\\\/2024\\\/01\\\/08\\\/congreso-de-la-cdmx-niega-ratificacion-de-ernestina-godoy-como-fiscal\\\/\"},\"author\":{\"name\":\"Infobae\",\"@id\":\"https:\\\/\\\/fuentesfidedignas.com.mx\\\/#\\\/schema\\\/person\\\/8575896a7c1067d352f6c1cd6582c389\"},\"headline\":\"Congreso de la CDMX niega ratificaci\u00f3n de Ernestina Godoy como fiscal\",\"datePublished\":\"2024-01-08T18:50:57+00:00\",\"dateModified\":\"2024-01-08T18:51:23+00:00\",\"mainEntityOfPage\":{\"@id\":\"https:\\\/\\\/fuentesfidedignas.com.mx\\\/index.php\\\/2024\\\/01\\\/08\\\/congreso-de-la-cdmx-niega-ratificacion-de-ernestina-godoy-como-fiscal\\\/\"},\"wordCount\":532,\"commentCount\":0,\"publisher\":{\"@id\":\"https:\\\/\\\/fuentesfidedignas.com.mx\\\/#organization\"},\"image\":{\"@id\":\"https:\\\/\\\/fuentesfidedignas.com.mx\\\/index.php\\\/2024\\\/01\\\/08\\\/congreso-de-la-cdmx-niega-ratificacion-de-ernestina-godoy-como-fiscal\\\/#primaryimage\"},\"thumbnailUrl\":\"https:\\\/\\\/fuentesfidedignas.com.mx\\\/wp-content\\\/uploads\\\/2024\\\/01\\\/img_7423-1.png\",\"articleSection\":[\"NOTICIAS NACIONALES\"],\"inLanguage\":\"es\",\"potentialAction\":[{\"@type\":\"CommentAction\",\"name\":\"Comment\",\"target\":[\"https:\\\/\\\/fuentesfidedignas.com.mx\\\/index.php\\\/2024\\\/01\\\/08\\\/congreso-de-la-cdmx-niega-ratificacion-de-ernestina-godoy-como-fiscal\\\/#respond\"]}]},{\"@type\":\"WebPage\",\"@id\":\"https:\\\/\\\/fuentesfidedignas.com.mx\\\/index.php\\\/2024\\\/01\\\/08\\\/congreso-de-la-cdmx-niega-ratificacion-de-ernestina-godoy-como-fiscal\\\/\",\"url\":\"https:\\\/\\\/fuentesfidedignas.com.mx\\\/index.php\\\/2024\\\/01\\\/08\\\/congreso-de-la-cdmx-niega-ratificacion-de-ernestina-godoy-como-fiscal\\\/\",\"name\":\"Congreso de la CDMX niega ratificaci\u00f3n de Ernestina Godoy como fiscal - Fuentes Fidedignas\",\"isPartOf\":{\"@id\":\"https:\\\/\\\/fuentesfidedignas.com.mx\\\/#website\"},\"primaryImageOfPage\":{\"@id\":\"https:\\\/\\\/fuentesfidedignas.com.mx\\\/index.php\\\/2024\\\/01\\\/08\\\/congreso-de-la-cdmx-niega-ratificacion-de-ernestina-godoy-como-fiscal\\\/#primaryimage\"},\"image\":{\"@id\":\"https:\\\/\\\/fuentesfidedignas.com.mx\\\/index.php\\\/2024\\\/01\\\/08\\\/congreso-de-la-cdmx-niega-ratificacion-de-ernestina-godoy-como-fiscal\\\/#primaryimage\"},\"thumbnailUrl\":\"https:\\\/\\\/fuentesfidedignas.com.mx\\\/wp-content\\\/uploads\\\/2024\\\/01\\\/img_7423-1.png\",\"datePublished\":\"2024-01-08T18:50:57+00:00\",\"dateModified\":\"2024-01-08T18:51:23+00:00\",\"breadcrumb\":{\"@id\":\"https:\\\/\\\/fuentesfidedignas.com.mx\\\/index.php\\\/2024\\\/01\\\/08\\\/congreso-de-la-cdmx-niega-ratificacion-de-ernestina-godoy-como-fiscal\\\/#breadcrumb\"},\"inLanguage\":\"es\",\"potentialAction\":[{\"@type\":\"ReadAction\",\"target\":[\"https:\\\/\\\/fuentesfidedignas.com.mx\\\/index.php\\\/2024\\\/01\\\/08\\\/congreso-de-la-cdmx-niega-ratificacion-de-ernestina-godoy-como-fiscal\\\/\"]}]},{\"@type\":\"ImageObject\",\"inLanguage\":\"es\",\"@id\":\"https:\\\/\\\/fuentesfidedignas.com.mx\\\/index.php\\\/2024\\\/01\\\/08\\\/congreso-de-la-cdmx-niega-ratificacion-de-ernestina-godoy-como-fiscal\\\/#primaryimage\",\"url\":\"https:\\\/\\\/fuentesfidedignas.com.mx\\\/wp-content\\\/uploads\\\/2024\\\/01\\\/img_7423-1.png\",\"contentUrl\":\"https:\\\/\\\/fuentesfidedignas.com.mx\\\/wp-content\\\/uploads\\\/2024\\\/01\\\/img_7423-1.png\",\"width\":640,\"height\":360},{\"@type\":\"BreadcrumbList\",\"@id\":\"https:\\\/\\\/fuentesfidedignas.com.mx\\\/index.php\\\/2024\\\/01\\\/08\\\/congreso-de-la-cdmx-niega-ratificacion-de-ernestina-godoy-como-fiscal\\\/#breadcrumb\",\"itemListElement\":[{\"@type\":\"ListItem\",\"position\":1,\"name\":\"Inicio\",\"item\":\"https:\\\/\\\/fuentesfidedignas.com.mx\\\/\"},{\"@type\":\"ListItem\",\"position\":2,\"name\":\"Congreso de la CDMX niega ratificaci\u00f3n de Ernestina Godoy como fiscal\"}]},{\"@type\":\"WebSite\",\"@id\":\"https:\\\/\\\/fuentesfidedignas.com.mx\\\/#website\",\"url\":\"https:\\\/\\\/fuentesfidedignas.com.mx\\\/\",\"name\":\"Fuentes Fidedignas\",\"description\":\"Otro sitio realizado con WordPress\",\"publisher\":{\"@id\":\"https:\\\/\\\/fuentesfidedignas.com.mx\\\/#organization\"},\"potentialAction\":[{\"@type\":\"SearchAction\",\"target\":{\"@type\":\"EntryPoint\",\"urlTemplate\":\"https:\\\/\\\/fuentesfidedignas.com.mx\\\/?s={search_term_string}\"},\"query-input\":{\"@type\":\"PropertyValueSpecification\",\"valueRequired\":true,\"valueName\":\"search_term_string\"}}],\"inLanguage\":\"es\"},{\"@type\":\"Organization\",\"@id\":\"https:\\\/\\\/fuentesfidedignas.com.mx\\\/#organization\",\"name\":\"Fuentes Fidedignas\",\"url\":\"https:\\\/\\\/fuentesfidedignas.com.mx\\\/\",\"logo\":{\"@type\":\"ImageObject\",\"inLanguage\":\"es\",\"@id\":\"https:\\\/\\\/fuentesfidedignas.com.mx\\\/#\\\/schema\\\/logo\\\/image\\\/\",\"url\":\"https:\\\/\\\/fuentesfidedignas.com.mx\\\/wp-content\\\/uploads\\\/2021\\\/04\\\/logo-retina.png\",\"contentUrl\":\"https:\\\/\\\/fuentesfidedignas.com.mx\\\/wp-content\\\/uploads\\\/2021\\\/04\\\/logo-retina.png\",\"width\":280,\"height\":51,\"caption\":\"Fuentes Fidedignas\"},\"image\":{\"@id\":\"https:\\\/\\\/fuentesfidedignas.com.mx\\\/#\\\/schema\\\/logo\\\/image\\\/\"},\"sameAs\":[\"https:\\\/\\\/www.facebook.com\\\/Fuentes-Fidedignas-368234489921644\",\"https:\\\/\\\/x.com\\\/fidedignas\"]},{\"@type\":\"Person\",\"@id\":\"https:\\\/\\\/fuentesfidedignas.com.mx\\\/#\\\/schema\\\/person\\\/8575896a7c1067d352f6c1cd6582c389\",\"name\":\"Infobae\",\"image\":{\"@type\":\"ImageObject\",\"inLanguage\":\"es\",\"@id\":\"https:\\\/\\\/secure.gravatar.com\\\/avatar\\\/e4ec95706f8d1670343f6526fdcec45474bab17475a851434a64ca12b5acba1c?s=96&d=mm&r=g\",\"url\":\"https:\\\/\\\/secure.gravatar.com\\\/avatar\\\/e4ec95706f8d1670343f6526fdcec45474bab17475a851434a64ca12b5acba1c?s=96&d=mm&r=g\",\"contentUrl\":\"https:\\\/\\\/secure.gravatar.com\\\/avatar\\\/e4ec95706f8d1670343f6526fdcec45474bab17475a851434a64ca12b5acba1c?s=96&d=mm&r=g\",\"caption\":\"Infobae\"},\"url\":\"https:\\\/\\\/fuentesfidedignas.com.mx\\\/index.php\\\/author\\\/infobae\\\/\"}]}<\/script>\n<!-- \/ Yoast SEO plugin. -->","yoast_head_json":{"title":"Congreso de la CDMX niega ratificaci\u00f3n de Ernestina Godoy como fiscal - Fuentes Fidedignas","robots":{"index":"index","follow":"follow","max-snippet":"max-snippet:-1","max-image-preview":"max-image-preview:large","max-video-preview":"max-video-preview:-1"},"canonical":"https:\/\/fuentesfidedignas.com.mx\/index.php\/2024\/01\/08\/congreso-de-la-cdmx-niega-ratificacion-de-ernestina-godoy-como-fiscal\/","og_locale":"es_MX","og_type":"article","og_title":"Congreso de la CDMX niega ratificaci\u00f3n de Ernestina Godoy como fiscal - Fuentes Fidedignas","og_description":"La votaci\u00f3n de la ratificaci\u00f3n de Ernestina Godoy fue aplazada hasta hoy debido a que falt\u00f3 tiempo para realizar los sufragios en la sesi\u00f3n del pasado 13 de diciembre de 2023 Ciudad de M\u00e9xico. En la sesi\u00f3n del 8 de enero, despu\u00e9s de que oradores militantes de diferentes partidos pasaran a dar sus puntos en [&hellip;]","og_url":"https:\/\/fuentesfidedignas.com.mx\/index.php\/2024\/01\/08\/congreso-de-la-cdmx-niega-ratificacion-de-ernestina-godoy-como-fiscal\/","og_site_name":"Fuentes Fidedignas","article_publisher":"https:\/\/www.facebook.com\/Fuentes-Fidedignas-368234489921644","article_published_time":"2024-01-08T18:50:57+00:00","article_modified_time":"2024-01-08T18:51:23+00:00","og_image":[{"width":280,"height":51,"url":"https:\/\/fuentesfidedignas.com.mx\/wp-content\/uploads\/2021\/04\/logo-retina.png","type":"image\/png"}],"author":"Infobae","twitter_card":"summary_large_image","twitter_creator":"@fidedignas","twitter_site":"@fidedignas","twitter_misc":{"Escrito por":"Infobae","Tiempo de lectura":"3 minutos"},"schema":{"@context":"https:\/\/schema.org","@graph":[{"@type":"Article","@id":"https:\/\/fuentesfidedignas.com.mx\/index.php\/2024\/01\/08\/congreso-de-la-cdmx-niega-ratificacion-de-ernestina-godoy-como-fiscal\/#article","isPartOf":{"@id":"https:\/\/fuentesfidedignas.com.mx\/index.php\/2024\/01\/08\/congreso-de-la-cdmx-niega-ratificacion-de-ernestina-godoy-como-fiscal\/"},"author":{"name":"Infobae","@id":"https:\/\/fuentesfidedignas.com.mx\/#\/schema\/person\/8575896a7c1067d352f6c1cd6582c389"},"headline":"Congreso de la CDMX niega ratificaci\u00f3n de Ernestina Godoy como fiscal","datePublished":"2024-01-08T18:50:57+00:00","dateModified":"2024-01-08T18:51:23+00:00","mainEntityOfPage":{"@id":"https:\/\/fuentesfidedignas.com.mx\/index.php\/2024\/01\/08\/congreso-de-la-cdmx-niega-ratificacion-de-ernestina-godoy-como-fiscal\/"},"wordCount":532,"commentCount":0,"publisher":{"@id":"https:\/\/fuentesfidedignas.com.mx\/#organization"},"image":{"@id":"https:\/\/fuentesfidedignas.com.mx\/index.php\/2024\/01\/08\/congreso-de-la-cdmx-niega-ratificacion-de-ernestina-godoy-como-fiscal\/#primaryimage"},"thumbnailUrl":"https:\/\/fuentesfidedignas.com.mx\/wp-content\/uploads\/2024\/01\/img_7423-1.png","articleSection":["NOTICIAS NACIONALES"],"inLanguage":"es","potentialAction":[{"@type":"CommentAction","name":"Comment","target":["https:\/\/fuentesfidedignas.com.mx\/index.php\/2024\/01\/08\/congreso-de-la-cdmx-niega-ratificacion-de-ernestina-godoy-como-fiscal\/#respond"]}]},{"@type":"WebPage","@id":"https:\/\/fuentesfidedignas.com.mx\/index.php\/2024\/01\/08\/congreso-de-la-cdmx-niega-ratificacion-de-ernestina-godoy-como-fiscal\/","url":"https:\/\/fuentesfidedignas.com.mx\/index.php\/2024\/01\/08\/congreso-de-la-cdmx-niega-ratificacion-de-ernestina-godoy-como-fiscal\/","name":"Congreso de la CDMX niega ratificaci\u00f3n de Ernestina Godoy como fiscal - Fuentes Fidedignas","isPartOf":{"@id":"https:\/\/fuentesfidedignas.com.mx\/#website"},"primaryImageOfPage":{"@id":"https:\/\/fuentesfidedignas.com.mx\/index.php\/2024\/01\/08\/congreso-de-la-cdmx-niega-ratificacion-de-ernestina-godoy-como-fiscal\/#primaryimage"},"image":{"@id":"https:\/\/fuentesfidedignas.com.mx\/index.php\/2024\/01\/08\/congreso-de-la-cdmx-niega-ratificacion-de-ernestina-godoy-como-fiscal\/#primaryimage"},"thumbnailUrl":"https:\/\/fuentesfidedignas.com.mx\/wp-content\/uploads\/2024\/01\/img_7423-1.png","datePublished":"2024-01-08T18:50:57+00:00","dateModified":"2024-01-08T18:51:23+00:00","breadcrumb":{"@id":"https:\/\/fuentesfidedignas.com.mx\/index.php\/2024\/01\/08\/congreso-de-la-cdmx-niega-ratificacion-de-ernestina-godoy-como-fiscal\/#breadcrumb"},"inLanguage":"es","potentialAction":[{"@type":"ReadAction","target":["https:\/\/fuentesfidedignas.com.mx\/index.php\/2024\/01\/08\/congreso-de-la-cdmx-niega-ratificacion-de-ernestina-godoy-como-fiscal\/"]}]},{"@type":"ImageObject","inLanguage":"es","@id":"https:\/\/fuentesfidedignas.com.mx\/index.php\/2024\/01\/08\/congreso-de-la-cdmx-niega-ratificacion-de-ernestina-godoy-como-fiscal\/#primaryimage","url":"https:\/\/fuentesfidedignas.com.mx\/wp-content\/uploads\/2024\/01\/img_7423-1.png","contentUrl":"https:\/\/fuentesfidedignas.com.mx\/wp-content\/uploads\/2024\/01\/img_7423-1.png","width":640,"height":360},{"@type":"BreadcrumbList","@id":"https:\/\/fuentesfidedignas.com.mx\/index.php\/2024\/01\/08\/congreso-de-la-cdmx-niega-ratificacion-de-ernestina-godoy-como-fiscal\/#breadcrumb","itemListElement":[{"@type":"ListItem","position":1,"name":"Inicio","item":"https:\/\/fuentesfidedignas.com.mx\/"},{"@type":"ListItem","position":2,"name":"Congreso de la CDMX niega ratificaci\u00f3n de Ernestina Godoy como fiscal"}]},{"@type":"WebSite","@id":"https:\/\/fuentesfidedignas.com.mx\/#website","url":"https:\/\/fuentesfidedignas.com.mx\/","name":"Fuentes Fidedignas","description":"Otro sitio realizado con WordPress","publisher":{"@id":"https:\/\/fuentesfidedignas.com.mx\/#organization"},"potentialAction":[{"@type":"SearchAction","target":{"@type":"EntryPoint","urlTemplate":"https:\/\/fuentesfidedignas.com.mx\/?s={search_term_string}"},"query-input":{"@type":"PropertyValueSpecification","valueRequired":true,"valueName":"search_term_string"}}],"inLanguage":"es"},{"@type":"Organization","@id":"https:\/\/fuentesfidedignas.com.mx\/#organization","name":"Fuentes Fidedignas","url":"https:\/\/fuentesfidedignas.com.mx\/","logo":{"@type":"ImageObject","inLanguage":"es","@id":"https:\/\/fuentesfidedignas.com.mx\/#\/schema\/logo\/image\/","url":"https:\/\/fuentesfidedignas.com.mx\/wp-content\/uploads\/2021\/04\/logo-retina.png","contentUrl":"https:\/\/fuentesfidedignas.com.mx\/wp-content\/uploads\/2021\/04\/logo-retina.png","width":280,"height":51,"caption":"Fuentes Fidedignas"},"image":{"@id":"https:\/\/fuentesfidedignas.com.mx\/#\/schema\/logo\/image\/"},"sameAs":["https:\/\/www.facebook.com\/Fuentes-Fidedignas-368234489921644","https:\/\/x.com\/fidedignas"]},{"@type":"Person","@id":"https:\/\/fuentesfidedignas.com.mx\/#\/schema\/person\/8575896a7c1067d352f6c1cd6582c389","name":"Infobae","image":{"@type":"ImageObject","inLanguage":"es","@id":"https:\/\/secure.gravatar.com\/avatar\/e4ec95706f8d1670343f6526fdcec45474bab17475a851434a64ca12b5acba1c?s=96&d=mm&r=g","url":"https:\/\/secure.gravatar.com\/avatar\/e4ec95706f8d1670343f6526fdcec45474bab17475a851434a64ca12b5acba1c?s=96&d=mm&r=g","contentUrl":"https:\/\/secure.gravatar.com\/avatar\/e4ec95706f8d1670343f6526fdcec45474bab17475a851434a64ca12b5acba1c?s=96&d=mm&r=g","caption":"Infobae"},"url":"https:\/\/fuentesfidedignas.com.mx\/index.php\/author\/infobae\/"}]}},"_links":{"self":[{"href":"https:\/\/fuentesfidedignas.com.mx\/index.php\/wp-json\/wp\/v2\/posts\/70106","targetHints":{"allow":["GET"]}}],"collection":[{"href":"https:\/\/fuentesfidedignas.com.mx\/index.php\/wp-json\/wp\/v2\/posts"}],"about":[{"href":"https:\/\/fuentesfidedignas.com.mx\/index.php\/wp-json\/wp\/v2\/types\/post"}],"author":[{"embeddable":true,"href":"https:\/\/fuentesfidedignas.com.mx\/index.php\/wp-json\/wp\/v2\/users\/41"}],"replies":[{"embeddable":true,"href":"https:\/\/fuentesfidedignas.com.mx\/index.php\/wp-json\/wp\/v2\/comments?post=70106"}],"version-history":[{"count":1,"href":"https:\/\/fuentesfidedignas.com.mx\/index.php\/wp-json\/wp\/v2\/posts\/70106\/revisions"}],"predecessor-version":[{"id":70107,"href":"https:\/\/fuentesfidedignas.com.mx\/index.php\/wp-json\/wp\/v2\/posts\/70106\/revisions\/70107"}],"wp:featuredmedia":[{"embeddable":true,"href":"https:\/\/fuentesfidedignas.com.mx\/index.php\/wp-json\/wp\/v2\/media\/70108"}],"wp:attachment":[{"href":"https:\/\/fuentesfidedignas.com.mx\/index.php\/wp-json\/wp\/v2\/media?parent=70106"}],"wp:term":[{"taxonomy":"category","embeddable":true,"href":"https:\/\/fuentesfidedignas.com.mx\/index.php\/wp-json\/wp\/v2\/categories?post=70106"},{"taxonomy":"post_tag","embeddable":true,"href":"https:\/\/fuentesfidedignas.com.mx\/index.php\/wp-json\/wp\/v2\/tags?post=70106"}],"curies":[{"name":"wp","href":"https:\/\/api.w.org\/{rel}","templated":true}]}}