{"id":70080,"date":"2024-01-08T07:31:02","date_gmt":"2024-01-08T14:31:02","guid":{"rendered":"https:\/\/fuentesfidedignas.com.mx\/?p=70080"},"modified":"2024-01-08T07:31:02","modified_gmt":"2024-01-08T14:31:02","slug":"reportan-quema-de-vehiculos-y-bloqueos-en-celaya-hay-un-bombero-fallecido","status":"publish","type":"post","link":"https:\/\/fuentesfidedignas.com.mx\/index.php\/2024\/01\/08\/reportan-quema-de-vehiculos-y-bloqueos-en-celaya-hay-un-bombero-fallecido\/","title":{"rendered":"Reportan quema de veh\u00edculos y bloqueos en Celaya; hay un bombero fallecido"},"content":{"rendered":"\n<p><strong><em>Durante la tarde de este domingo, en el municipio de Celaya se registraron varios &#8216;narcobloqueos&#8217;.<\/em><\/strong><\/p>\n\n\n\n<p>CELAYA.- La Fiscal\u00eda General del Estado en coordinaci\u00f3n con la Secretar\u00eda de Seguridad P\u00fablica del Estado lograron la captura de tres presuntos integrantes de un grupo delictivo que opera en la regi\u00f3n Laja-Baj\u00edo a quienes decomisaron un arma de fuego, municiones, cargadores, un veh\u00edculo as\u00ed como droga.<\/p>\n\n\n\n<p>Derivado de la intervenci\u00f3n de las autoridades estatales, los delincuentes incendiaron veh\u00edculos en algunos tramos carreteros, sin embargo, la situaci\u00f3n fue controlada a la brevedad por las autoridades y con reforzamiento de operativos tierra-aire seg\u00fan dieron a conocer autoridades estatales.<\/p>\n\n\n\n<p>\u201cEl grupo delincuencial gener\u00f3 actos de violencia al incendiar veh\u00edculos en diferentes tramos carreteros de la regi\u00f3n, sin embargo, la situaci\u00f3n fue controlada de manera inmediata por las autoridades estatales y el apoyo de cuerpos de emergencias, al apagar los siniestros, liberar las v\u00edas de comunicaci\u00f3n y retirar las unidades da\u00f1adas por el fuego. Al momento, se realiza un intenso patrullaje tierra-aire para garantizar la seguridad de la poblaci\u00f3n\u201d se\u00f1ala el comunicado conjunto emitido.<\/p>\n\n\n\n<p>Los hechos se registraron este domingo sobre el camino de la comunidad San Antonio de los Morales del municipio de Juventino Rosas, cuando los efectivos estatales realizaban patrullajes de prevenci\u00f3n y vigilancia, cuando se tuvo a la vista una camioneta tipo suv en la cual viajaba un grupo de civiles armados, quienes al percatarse de la presencia de los efectivos estatales y sin motivo aparente, comenzaron a atacarlos con disparos de arma de fuego.<\/p>\n\n\n\n<p>Los elementos estatales repelieron de inmediato la agresi\u00f3n, dando inicio a una persecuci\u00f3n que termin\u00f3 en las inmediaciones de la comunidad en menci\u00f3n, cuando los efectivos lograron que el veh\u00edculo de los presuntos agresores detuviera su marcha y \u00e9stos fueran asegurados activando los protocolos de actuaci\u00f3n policial.<\/p>\n\n\n\n<p>Derivado de la intervenci\u00f3n de las autoridades estatales, el grupo delictivo gener\u00f3 actos de violencia al incendiar varios veh\u00edculos y tirar estrellas ponchallantas en la comunidad de Yustis del municipio de Celaya; sobre la carretera estatal 67 a la altura de la comunidad de Franco Tavera en Juventino Rosas; tambi\u00e9n incendiaron una unidad a la altura de la comunidad Santiago de Cuenda; en la colonia La Providencia de Celaya incendiaron otra unidad.<\/p>\n\n\n\n<p>Sobre la carretera 45 libre tramo Celaya-Salamanca a la altura del retorno de Villagr\u00e1n, fue incendiado un cami\u00f3n; en la colonia Praderas del Sol de Juventino Rosas, fue da\u00f1ado por incendio un cami\u00f3n; en la comunidad de Suchitl\u00e1n del municipio de Villagr\u00e1n, fue da\u00f1ada por incendio una camioneta pickup.<\/p>\n\n\n\n<p>En todos estos actos, las autoridades estatales con el apoyo de los cuerpos de emergencias extinguieron el fuego, liberaron las v\u00edas de comunicaci\u00f3n y controlaron la situaci\u00f3n de manera inmediata.<\/p>\n\n\n\n<p><strong>Asesinan a bombero<\/strong><\/p>\n\n\n\n<p>Un elemento de Bomberos del municipio de Celaya perdi\u00f3 la vida tras ser atacado por hombres armados cuando acudi\u00f3 al llamado de auxilio junto con sus compa\u00f1eros a apagar uno de los veh\u00edculos incendiados utilizados por criminales para bloquear accesos al lugar, el hecho se registr\u00f3 entre la avenida Mutualismo en su cruce con Constituyentes.<\/p>\n\n\n\n<p>Tras ser atacados los bomberos se resguardaron de las balas pero uno de ellos, de quien se desconoce hasta el momento su identidad, fue alcanzado por los impactos por lo que fue trasladado a un hospital a donde lleg\u00f3 sin signos vitales.<\/p>\n\n\n\n<p>&#8220;Durante la tarde de este domingo, personal de la Secretar\u00eda de Seguridad adscritos a la Direcci\u00f3n de Protecci\u00f3n Civil y Bomberos fueron cobardemente agredidos por sujetos armados en la calle de Mutualismo, luego de que acudieron a sofocar uno de los siete incendios de veh\u00edculos provocados en diversas comunidades y colonias del municipio\u201d se\u00f1al\u00f3 la Secretar\u00eda de Seguridad en un comunicado.<\/p>\n\n\n\n<p>La Secretar\u00eda de Seguridad conden\u00f3 en\u00e9rgicamente las agresiones \u201ca servidores p\u00fablicos que arriesgan su vida para salvaguardar a las familias celayenses y coadyuvar\u00e1 con la Fiscal\u00eda General del Estado de Guanajuato para que este crimen no quede impune y se lleve ante la justicia a los delincuentes que lo cometieron\u201d.<\/p>\n\n\n\n<p>\u201cYa retomamos el control, los incendios de veh\u00edculos se dieron en la comunidad de Yustis y San Jos\u00e9 de Guanajuato, cerca de Juventino Rosas y Santa Rosa de Lima y dos veh\u00edculos en las orillas de la ciudad. Lamentablemente agredieron a un bombero que iba a pagar un veh\u00edculo. Acaba de fallecer\u201d inform\u00f3 a MILENIO, Jes\u00fas Rivera Peralta, secretario de Seguridad del municipio de Celaya.<\/p>\n\n\n\n<p>De manera adicional una familia tambi\u00e9n fue atacada a balazos cuando otro grupo de hombres armados intent\u00f3 despojarla de su autom\u00f3vil sed\u00e1n color gris, en la comunidad de San Jos\u00e9 de Guanajuato.<\/p>\n\n\n\n<p><strong>Atiende PC en Celaya 7 incendios<\/strong><br>La Secretar\u00eda de Seguridad Ciudadana de Celaya (SSCC) inform\u00f3 mediante un comunicado que la tarde de ayer personal de la Direcci\u00f3n de Protecci\u00f3n Civil y Bomberos atendi\u00f3 siete incendios presuntamente provocados por personas hasta el momento desconocidas, y al acudir a salvaguardar la integridad de los celayenses y sus familias, bomberos de Protecci\u00f3n Civil fueron agredidos con disparos de arma de fuego.<\/p>\n\n\n\n<p>En total, se sofocaron siete incendios de autom\u00f3viles en las comunidades de Plancarte, San Isidro de Trojes, 2da. Fracci\u00f3n de Crespo, y las colonias L\u00f3pez Portillo, Los Mezquites y sobre carretera Panamericana en apoyo a Guardia Nacional (jurisdicci\u00f3n Federal).<\/p>\n\n\n\n<p><strong>Quema de autos y &#8216;narcobloqueos&#8217; en Guanajuato<\/strong><\/p>\n\n\n\n<p>En el estado de Guanajuato se han registrado diversos ataques y bloqueos por parte de grupos criminales, donde adem\u00e1s han quemado veh\u00edculos e incluso, tiendas y locales.&nbsp;<\/p>\n\n\n\n<p>Uno de ellos ocurri\u00f3 el 30 de enero del 2023, donde se&nbsp;reportaron balaceras, quema de veh\u00edculos y tiendas &#8216;Oxxo&#8217;, esto en los municipios de Celaya, Juventino Rosas y Comonfort.&nbsp;<\/p>\n\n\n\n<p>Anteriormente, en noviembre del 2022, al menos 8 veh\u00edculos fueron incendiados en diversos puntos de cuatro municipios del estado de Guanajuato, como Villagr\u00e1n, Celaya, Juventino Rosas y Comonfort.<\/p>\n\n\n\n<p>Esto ocurri\u00f3 tras la detenci\u00f3n de\u00a0Rodolfo Y\u00e9pez Ortiz, hermano de &#8216;El Marro&#8217;.<\/p>\n","protected":false},"excerpt":{"rendered":"<p>Durante la tarde de este domingo, en el municipio de Celaya se registraron varios &#8216;narcobloqueos&#8217;. CELAYA.- La Fiscal\u00eda General del Estado en coordinaci\u00f3n con la Secretar\u00eda de Seguridad P\u00fablica del Estado lograron la captura de tres presuntos integrantes de un grupo delictivo que opera en la regi\u00f3n Laja-Baj\u00edo a quienes decomisaron un arma de fuego, [&hellip;]<\/p>\n","protected":false},"author":9,"featured_media":70081,"comment_status":"open","ping_status":"open","sticky":false,"template":"","format":"standard","meta":{"tdm_status":"","tdm_grid_status":"","footnotes":""},"categories":[39],"tags":[],"class_list":{"0":"post-70080","1":"post","2":"type-post","3":"status-publish","4":"format-standard","5":"has-post-thumbnail","7":"category-noticias-nacionales"},"yoast_head":"<!-- This site is optimized with the Yoast SEO plugin v27.5 - https:\/\/yoast.com\/product\/yoast-seo-wordpress\/ -->\n<title>Reportan quema de veh\u00edculos y bloqueos en Celaya; hay un bombero fallecido - Fuentes Fidedignas<\/title>\n<meta name=\"robots\" content=\"index, follow, max-snippet:-1, max-image-preview:large, max-video-preview:-1\" \/>\n<link rel=\"canonical\" href=\"https:\/\/fuentesfidedignas.com.mx\/index.php\/2024\/01\/08\/reportan-quema-de-vehiculos-y-bloqueos-en-celaya-hay-un-bombero-fallecido\/\" \/>\n<meta property=\"og:locale\" content=\"es_MX\" \/>\n<meta property=\"og:type\" content=\"article\" \/>\n<meta property=\"og:title\" content=\"Reportan quema de veh\u00edculos y bloqueos en Celaya; hay un bombero fallecido - Fuentes Fidedignas\" \/>\n<meta property=\"og:description\" content=\"Durante la tarde de este domingo, en el municipio de Celaya se registraron varios &#8216;narcobloqueos&#8217;. CELAYA.- La Fiscal\u00eda General del Estado en coordinaci\u00f3n con la Secretar\u00eda de Seguridad P\u00fablica del Estado lograron la captura de tres presuntos integrantes de un grupo delictivo que opera en la regi\u00f3n Laja-Baj\u00edo a quienes decomisaron un arma de fuego, [&hellip;]\" \/>\n<meta property=\"og:url\" content=\"https:\/\/fuentesfidedignas.com.mx\/index.php\/2024\/01\/08\/reportan-quema-de-vehiculos-y-bloqueos-en-celaya-hay-un-bombero-fallecido\/\" \/>\n<meta property=\"og:site_name\" content=\"Fuentes Fidedignas\" \/>\n<meta property=\"article:publisher\" content=\"https:\/\/www.facebook.com\/Fuentes-Fidedignas-368234489921644\" \/>\n<meta property=\"article:published_time\" content=\"2024-01-08T14:31:02+00:00\" \/>\n<meta property=\"og:image\" content=\"https:\/\/fuentesfidedignas.com.mx\/wp-content\/uploads\/2024\/01\/NARCO_BLOQUEO.jpg\" \/>\n\t<meta property=\"og:image:width\" content=\"934\" \/>\n\t<meta property=\"og:image:height\" content=\"523\" \/>\n\t<meta property=\"og:image:type\" content=\"image\/jpeg\" \/>\n<meta name=\"author\" content=\"Milenio\" \/>\n<meta name=\"twitter:card\" content=\"summary_large_image\" \/>\n<meta name=\"twitter:creator\" content=\"@fidedignas\" \/>\n<meta name=\"twitter:site\" content=\"@fidedignas\" \/>\n<meta name=\"twitter:label1\" content=\"Escrito por\" \/>\n\t<meta name=\"twitter:data1\" content=\"Milenio\" \/>\n\t<meta name=\"twitter:label2\" content=\"Tiempo de lectura\" \/>\n\t<meta name=\"twitter:data2\" content=\"5 minutos\" \/>\n<script type=\"application\/ld+json\" class=\"yoast-schema-graph\">{\"@context\":\"https:\\\/\\\/schema.org\",\"@graph\":[{\"@type\":\"Article\",\"@id\":\"https:\\\/\\\/fuentesfidedignas.com.mx\\\/index.php\\\/2024\\\/01\\\/08\\\/reportan-quema-de-vehiculos-y-bloqueos-en-celaya-hay-un-bombero-fallecido\\\/#article\",\"isPartOf\":{\"@id\":\"https:\\\/\\\/fuentesfidedignas.com.mx\\\/index.php\\\/2024\\\/01\\\/08\\\/reportan-quema-de-vehiculos-y-bloqueos-en-celaya-hay-un-bombero-fallecido\\\/\"},\"author\":{\"name\":\"Milenio\",\"@id\":\"https:\\\/\\\/fuentesfidedignas.com.mx\\\/#\\\/schema\\\/person\\\/47ec0135738f4b0c7495f06a77a2c976\"},\"headline\":\"Reportan quema de veh\u00edculos y bloqueos en Celaya; hay un bombero fallecido\",\"datePublished\":\"2024-01-08T14:31:02+00:00\",\"mainEntityOfPage\":{\"@id\":\"https:\\\/\\\/fuentesfidedignas.com.mx\\\/index.php\\\/2024\\\/01\\\/08\\\/reportan-quema-de-vehiculos-y-bloqueos-en-celaya-hay-un-bombero-fallecido\\\/\"},\"wordCount\":1050,\"commentCount\":0,\"publisher\":{\"@id\":\"https:\\\/\\\/fuentesfidedignas.com.mx\\\/#organization\"},\"image\":{\"@id\":\"https:\\\/\\\/fuentesfidedignas.com.mx\\\/index.php\\\/2024\\\/01\\\/08\\\/reportan-quema-de-vehiculos-y-bloqueos-en-celaya-hay-un-bombero-fallecido\\\/#primaryimage\"},\"thumbnailUrl\":\"https:\\\/\\\/fuentesfidedignas.com.mx\\\/wp-content\\\/uploads\\\/2024\\\/01\\\/NARCO_BLOQUEO.jpg\",\"articleSection\":[\"NOTICIAS NACIONALES\"],\"inLanguage\":\"es\",\"potentialAction\":[{\"@type\":\"CommentAction\",\"name\":\"Comment\",\"target\":[\"https:\\\/\\\/fuentesfidedignas.com.mx\\\/index.php\\\/2024\\\/01\\\/08\\\/reportan-quema-de-vehiculos-y-bloqueos-en-celaya-hay-un-bombero-fallecido\\\/#respond\"]}]},{\"@type\":\"WebPage\",\"@id\":\"https:\\\/\\\/fuentesfidedignas.com.mx\\\/index.php\\\/2024\\\/01\\\/08\\\/reportan-quema-de-vehiculos-y-bloqueos-en-celaya-hay-un-bombero-fallecido\\\/\",\"url\":\"https:\\\/\\\/fuentesfidedignas.com.mx\\\/index.php\\\/2024\\\/01\\\/08\\\/reportan-quema-de-vehiculos-y-bloqueos-en-celaya-hay-un-bombero-fallecido\\\/\",\"name\":\"Reportan quema de veh\u00edculos y bloqueos en Celaya; hay un bombero fallecido - Fuentes Fidedignas\",\"isPartOf\":{\"@id\":\"https:\\\/\\\/fuentesfidedignas.com.mx\\\/#website\"},\"primaryImageOfPage\":{\"@id\":\"https:\\\/\\\/fuentesfidedignas.com.mx\\\/index.php\\\/2024\\\/01\\\/08\\\/reportan-quema-de-vehiculos-y-bloqueos-en-celaya-hay-un-bombero-fallecido\\\/#primaryimage\"},\"image\":{\"@id\":\"https:\\\/\\\/fuentesfidedignas.com.mx\\\/index.php\\\/2024\\\/01\\\/08\\\/reportan-quema-de-vehiculos-y-bloqueos-en-celaya-hay-un-bombero-fallecido\\\/#primaryimage\"},\"thumbnailUrl\":\"https:\\\/\\\/fuentesfidedignas.com.mx\\\/wp-content\\\/uploads\\\/2024\\\/01\\\/NARCO_BLOQUEO.jpg\",\"datePublished\":\"2024-01-08T14:31:02+00:00\",\"breadcrumb\":{\"@id\":\"https:\\\/\\\/fuentesfidedignas.com.mx\\\/index.php\\\/2024\\\/01\\\/08\\\/reportan-quema-de-vehiculos-y-bloqueos-en-celaya-hay-un-bombero-fallecido\\\/#breadcrumb\"},\"inLanguage\":\"es\",\"potentialAction\":[{\"@type\":\"ReadAction\",\"target\":[\"https:\\\/\\\/fuentesfidedignas.com.mx\\\/index.php\\\/2024\\\/01\\\/08\\\/reportan-quema-de-vehiculos-y-bloqueos-en-celaya-hay-un-bombero-fallecido\\\/\"]}]},{\"@type\":\"ImageObject\",\"inLanguage\":\"es\",\"@id\":\"https:\\\/\\\/fuentesfidedignas.com.mx\\\/index.php\\\/2024\\\/01\\\/08\\\/reportan-quema-de-vehiculos-y-bloqueos-en-celaya-hay-un-bombero-fallecido\\\/#primaryimage\",\"url\":\"https:\\\/\\\/fuentesfidedignas.com.mx\\\/wp-content\\\/uploads\\\/2024\\\/01\\\/NARCO_BLOQUEO.jpg\",\"contentUrl\":\"https:\\\/\\\/fuentesfidedignas.com.mx\\\/wp-content\\\/uploads\\\/2024\\\/01\\\/NARCO_BLOQUEO.jpg\",\"width\":934,\"height\":523},{\"@type\":\"BreadcrumbList\",\"@id\":\"https:\\\/\\\/fuentesfidedignas.com.mx\\\/index.php\\\/2024\\\/01\\\/08\\\/reportan-quema-de-vehiculos-y-bloqueos-en-celaya-hay-un-bombero-fallecido\\\/#breadcrumb\",\"itemListElement\":[{\"@type\":\"ListItem\",\"position\":1,\"name\":\"Inicio\",\"item\":\"https:\\\/\\\/fuentesfidedignas.com.mx\\\/\"},{\"@type\":\"ListItem\",\"position\":2,\"name\":\"Reportan quema de veh\u00edculos y bloqueos en Celaya; hay un bombero fallecido\"}]},{\"@type\":\"WebSite\",\"@id\":\"https:\\\/\\\/fuentesfidedignas.com.mx\\\/#website\",\"url\":\"https:\\\/\\\/fuentesfidedignas.com.mx\\\/\",\"name\":\"Fuentes Fidedignas\",\"description\":\"Otro sitio realizado con WordPress\",\"publisher\":{\"@id\":\"https:\\\/\\\/fuentesfidedignas.com.mx\\\/#organization\"},\"potentialAction\":[{\"@type\":\"SearchAction\",\"target\":{\"@type\":\"EntryPoint\",\"urlTemplate\":\"https:\\\/\\\/fuentesfidedignas.com.mx\\\/?s={search_term_string}\"},\"query-input\":{\"@type\":\"PropertyValueSpecification\",\"valueRequired\":true,\"valueName\":\"search_term_string\"}}],\"inLanguage\":\"es\"},{\"@type\":\"Organization\",\"@id\":\"https:\\\/\\\/fuentesfidedignas.com.mx\\\/#organization\",\"name\":\"Fuentes Fidedignas\",\"url\":\"https:\\\/\\\/fuentesfidedignas.com.mx\\\/\",\"logo\":{\"@type\":\"ImageObject\",\"inLanguage\":\"es\",\"@id\":\"https:\\\/\\\/fuentesfidedignas.com.mx\\\/#\\\/schema\\\/logo\\\/image\\\/\",\"url\":\"https:\\\/\\\/fuentesfidedignas.com.mx\\\/wp-content\\\/uploads\\\/2021\\\/04\\\/logo-retina.png\",\"contentUrl\":\"https:\\\/\\\/fuentesfidedignas.com.mx\\\/wp-content\\\/uploads\\\/2021\\\/04\\\/logo-retina.png\",\"width\":280,\"height\":51,\"caption\":\"Fuentes Fidedignas\"},\"image\":{\"@id\":\"https:\\\/\\\/fuentesfidedignas.com.mx\\\/#\\\/schema\\\/logo\\\/image\\\/\"},\"sameAs\":[\"https:\\\/\\\/www.facebook.com\\\/Fuentes-Fidedignas-368234489921644\",\"https:\\\/\\\/x.com\\\/fidedignas\"]},{\"@type\":\"Person\",\"@id\":\"https:\\\/\\\/fuentesfidedignas.com.mx\\\/#\\\/schema\\\/person\\\/47ec0135738f4b0c7495f06a77a2c976\",\"name\":\"Milenio\",\"image\":{\"@type\":\"ImageObject\",\"inLanguage\":\"es\",\"@id\":\"https:\\\/\\\/secure.gravatar.com\\\/avatar\\\/acabf7b54753e51c2c76457954577c236b3b764789b19879565769739d1e4a75?s=96&d=mm&r=g\",\"url\":\"https:\\\/\\\/secure.gravatar.com\\\/avatar\\\/acabf7b54753e51c2c76457954577c236b3b764789b19879565769739d1e4a75?s=96&d=mm&r=g\",\"contentUrl\":\"https:\\\/\\\/secure.gravatar.com\\\/avatar\\\/acabf7b54753e51c2c76457954577c236b3b764789b19879565769739d1e4a75?s=96&d=mm&r=g\",\"caption\":\"Milenio\"},\"url\":\"https:\\\/\\\/fuentesfidedignas.com.mx\\\/index.php\\\/author\\\/milenio\\\/\"}]}<\/script>\n<!-- \/ Yoast SEO plugin. -->","yoast_head_json":{"title":"Reportan quema de veh\u00edculos y bloqueos en Celaya; hay un bombero fallecido - Fuentes Fidedignas","robots":{"index":"index","follow":"follow","max-snippet":"max-snippet:-1","max-image-preview":"max-image-preview:large","max-video-preview":"max-video-preview:-1"},"canonical":"https:\/\/fuentesfidedignas.com.mx\/index.php\/2024\/01\/08\/reportan-quema-de-vehiculos-y-bloqueos-en-celaya-hay-un-bombero-fallecido\/","og_locale":"es_MX","og_type":"article","og_title":"Reportan quema de veh\u00edculos y bloqueos en Celaya; hay un bombero fallecido - Fuentes Fidedignas","og_description":"Durante la tarde de este domingo, en el municipio de Celaya se registraron varios &#8216;narcobloqueos&#8217;. CELAYA.- La Fiscal\u00eda General del Estado en coordinaci\u00f3n con la Secretar\u00eda de Seguridad P\u00fablica del Estado lograron la captura de tres presuntos integrantes de un grupo delictivo que opera en la regi\u00f3n Laja-Baj\u00edo a quienes decomisaron un arma de fuego, [&hellip;]","og_url":"https:\/\/fuentesfidedignas.com.mx\/index.php\/2024\/01\/08\/reportan-quema-de-vehiculos-y-bloqueos-en-celaya-hay-un-bombero-fallecido\/","og_site_name":"Fuentes Fidedignas","article_publisher":"https:\/\/www.facebook.com\/Fuentes-Fidedignas-368234489921644","article_published_time":"2024-01-08T14:31:02+00:00","og_image":[{"width":934,"height":523,"url":"https:\/\/fuentesfidedignas.com.mx\/wp-content\/uploads\/2024\/01\/NARCO_BLOQUEO.jpg","type":"image\/jpeg"}],"author":"Milenio","twitter_card":"summary_large_image","twitter_creator":"@fidedignas","twitter_site":"@fidedignas","twitter_misc":{"Escrito por":"Milenio","Tiempo de lectura":"5 minutos"},"schema":{"@context":"https:\/\/schema.org","@graph":[{"@type":"Article","@id":"https:\/\/fuentesfidedignas.com.mx\/index.php\/2024\/01\/08\/reportan-quema-de-vehiculos-y-bloqueos-en-celaya-hay-un-bombero-fallecido\/#article","isPartOf":{"@id":"https:\/\/fuentesfidedignas.com.mx\/index.php\/2024\/01\/08\/reportan-quema-de-vehiculos-y-bloqueos-en-celaya-hay-un-bombero-fallecido\/"},"author":{"name":"Milenio","@id":"https:\/\/fuentesfidedignas.com.mx\/#\/schema\/person\/47ec0135738f4b0c7495f06a77a2c976"},"headline":"Reportan quema de veh\u00edculos y bloqueos en Celaya; hay un bombero fallecido","datePublished":"2024-01-08T14:31:02+00:00","mainEntityOfPage":{"@id":"https:\/\/fuentesfidedignas.com.mx\/index.php\/2024\/01\/08\/reportan-quema-de-vehiculos-y-bloqueos-en-celaya-hay-un-bombero-fallecido\/"},"wordCount":1050,"commentCount":0,"publisher":{"@id":"https:\/\/fuentesfidedignas.com.mx\/#organization"},"image":{"@id":"https:\/\/fuentesfidedignas.com.mx\/index.php\/2024\/01\/08\/reportan-quema-de-vehiculos-y-bloqueos-en-celaya-hay-un-bombero-fallecido\/#primaryimage"},"thumbnailUrl":"https:\/\/fuentesfidedignas.com.mx\/wp-content\/uploads\/2024\/01\/NARCO_BLOQUEO.jpg","articleSection":["NOTICIAS NACIONALES"],"inLanguage":"es","potentialAction":[{"@type":"CommentAction","name":"Comment","target":["https:\/\/fuentesfidedignas.com.mx\/index.php\/2024\/01\/08\/reportan-quema-de-vehiculos-y-bloqueos-en-celaya-hay-un-bombero-fallecido\/#respond"]}]},{"@type":"WebPage","@id":"https:\/\/fuentesfidedignas.com.mx\/index.php\/2024\/01\/08\/reportan-quema-de-vehiculos-y-bloqueos-en-celaya-hay-un-bombero-fallecido\/","url":"https:\/\/fuentesfidedignas.com.mx\/index.php\/2024\/01\/08\/reportan-quema-de-vehiculos-y-bloqueos-en-celaya-hay-un-bombero-fallecido\/","name":"Reportan quema de veh\u00edculos y bloqueos en Celaya; hay un bombero fallecido - Fuentes Fidedignas","isPartOf":{"@id":"https:\/\/fuentesfidedignas.com.mx\/#website"},"primaryImageOfPage":{"@id":"https:\/\/fuentesfidedignas.com.mx\/index.php\/2024\/01\/08\/reportan-quema-de-vehiculos-y-bloqueos-en-celaya-hay-un-bombero-fallecido\/#primaryimage"},"image":{"@id":"https:\/\/fuentesfidedignas.com.mx\/index.php\/2024\/01\/08\/reportan-quema-de-vehiculos-y-bloqueos-en-celaya-hay-un-bombero-fallecido\/#primaryimage"},"thumbnailUrl":"https:\/\/fuentesfidedignas.com.mx\/wp-content\/uploads\/2024\/01\/NARCO_BLOQUEO.jpg","datePublished":"2024-01-08T14:31:02+00:00","breadcrumb":{"@id":"https:\/\/fuentesfidedignas.com.mx\/index.php\/2024\/01\/08\/reportan-quema-de-vehiculos-y-bloqueos-en-celaya-hay-un-bombero-fallecido\/#breadcrumb"},"inLanguage":"es","potentialAction":[{"@type":"ReadAction","target":["https:\/\/fuentesfidedignas.com.mx\/index.php\/2024\/01\/08\/reportan-quema-de-vehiculos-y-bloqueos-en-celaya-hay-un-bombero-fallecido\/"]}]},{"@type":"ImageObject","inLanguage":"es","@id":"https:\/\/fuentesfidedignas.com.mx\/index.php\/2024\/01\/08\/reportan-quema-de-vehiculos-y-bloqueos-en-celaya-hay-un-bombero-fallecido\/#primaryimage","url":"https:\/\/fuentesfidedignas.com.mx\/wp-content\/uploads\/2024\/01\/NARCO_BLOQUEO.jpg","contentUrl":"https:\/\/fuentesfidedignas.com.mx\/wp-content\/uploads\/2024\/01\/NARCO_BLOQUEO.jpg","width":934,"height":523},{"@type":"BreadcrumbList","@id":"https:\/\/fuentesfidedignas.com.mx\/index.php\/2024\/01\/08\/reportan-quema-de-vehiculos-y-bloqueos-en-celaya-hay-un-bombero-fallecido\/#breadcrumb","itemListElement":[{"@type":"ListItem","position":1,"name":"Inicio","item":"https:\/\/fuentesfidedignas.com.mx\/"},{"@type":"ListItem","position":2,"name":"Reportan quema de veh\u00edculos y bloqueos en Celaya; hay un bombero fallecido"}]},{"@type":"WebSite","@id":"https:\/\/fuentesfidedignas.com.mx\/#website","url":"https:\/\/fuentesfidedignas.com.mx\/","name":"Fuentes Fidedignas","description":"Otro sitio realizado con WordPress","publisher":{"@id":"https:\/\/fuentesfidedignas.com.mx\/#organization"},"potentialAction":[{"@type":"SearchAction","target":{"@type":"EntryPoint","urlTemplate":"https:\/\/fuentesfidedignas.com.mx\/?s={search_term_string}"},"query-input":{"@type":"PropertyValueSpecification","valueRequired":true,"valueName":"search_term_string"}}],"inLanguage":"es"},{"@type":"Organization","@id":"https:\/\/fuentesfidedignas.com.mx\/#organization","name":"Fuentes Fidedignas","url":"https:\/\/fuentesfidedignas.com.mx\/","logo":{"@type":"ImageObject","inLanguage":"es","@id":"https:\/\/fuentesfidedignas.com.mx\/#\/schema\/logo\/image\/","url":"https:\/\/fuentesfidedignas.com.mx\/wp-content\/uploads\/2021\/04\/logo-retina.png","contentUrl":"https:\/\/fuentesfidedignas.com.mx\/wp-content\/uploads\/2021\/04\/logo-retina.png","width":280,"height":51,"caption":"Fuentes Fidedignas"},"image":{"@id":"https:\/\/fuentesfidedignas.com.mx\/#\/schema\/logo\/image\/"},"sameAs":["https:\/\/www.facebook.com\/Fuentes-Fidedignas-368234489921644","https:\/\/x.com\/fidedignas"]},{"@type":"Person","@id":"https:\/\/fuentesfidedignas.com.mx\/#\/schema\/person\/47ec0135738f4b0c7495f06a77a2c976","name":"Milenio","image":{"@type":"ImageObject","inLanguage":"es","@id":"https:\/\/secure.gravatar.com\/avatar\/acabf7b54753e51c2c76457954577c236b3b764789b19879565769739d1e4a75?s=96&d=mm&r=g","url":"https:\/\/secure.gravatar.com\/avatar\/acabf7b54753e51c2c76457954577c236b3b764789b19879565769739d1e4a75?s=96&d=mm&r=g","contentUrl":"https:\/\/secure.gravatar.com\/avatar\/acabf7b54753e51c2c76457954577c236b3b764789b19879565769739d1e4a75?s=96&d=mm&r=g","caption":"Milenio"},"url":"https:\/\/fuentesfidedignas.com.mx\/index.php\/author\/milenio\/"}]}},"_links":{"self":[{"href":"https:\/\/fuentesfidedignas.com.mx\/index.php\/wp-json\/wp\/v2\/posts\/70080","targetHints":{"allow":["GET"]}}],"collection":[{"href":"https:\/\/fuentesfidedignas.com.mx\/index.php\/wp-json\/wp\/v2\/posts"}],"about":[{"href":"https:\/\/fuentesfidedignas.com.mx\/index.php\/wp-json\/wp\/v2\/types\/post"}],"author":[{"embeddable":true,"href":"https:\/\/fuentesfidedignas.com.mx\/index.php\/wp-json\/wp\/v2\/users\/9"}],"replies":[{"embeddable":true,"href":"https:\/\/fuentesfidedignas.com.mx\/index.php\/wp-json\/wp\/v2\/comments?post=70080"}],"version-history":[{"count":1,"href":"https:\/\/fuentesfidedignas.com.mx\/index.php\/wp-json\/wp\/v2\/posts\/70080\/revisions"}],"predecessor-version":[{"id":70082,"href":"https:\/\/fuentesfidedignas.com.mx\/index.php\/wp-json\/wp\/v2\/posts\/70080\/revisions\/70082"}],"wp:featuredmedia":[{"embeddable":true,"href":"https:\/\/fuentesfidedignas.com.mx\/index.php\/wp-json\/wp\/v2\/media\/70081"}],"wp:attachment":[{"href":"https:\/\/fuentesfidedignas.com.mx\/index.php\/wp-json\/wp\/v2\/media?parent=70080"}],"wp:term":[{"taxonomy":"category","embeddable":true,"href":"https:\/\/fuentesfidedignas.com.mx\/index.php\/wp-json\/wp\/v2\/categories?post=70080"},{"taxonomy":"post_tag","embeddable":true,"href":"https:\/\/fuentesfidedignas.com.mx\/index.php\/wp-json\/wp\/v2\/tags?post=70080"}],"curies":[{"name":"wp","href":"https:\/\/api.w.org\/{rel}","templated":true}]}}