{"id":69984,"date":"2024-01-06T11:23:12","date_gmt":"2024-01-06T18:23:12","guid":{"rendered":"https:\/\/fuentesfidedignas.com.mx\/?p=69984"},"modified":"2024-01-06T11:23:13","modified_gmt":"2024-01-06T18:23:13","slug":"candidatos-de-albanal","status":"publish","type":"post","link":"https:\/\/fuentesfidedignas.com.mx\/index.php\/2024\/01\/06\/candidatos-de-albanal\/","title":{"rendered":"Candidatos de alba\u00f1al"},"content":{"rendered":"\n<p><br>Por Mario Martini<\/p>\n\n\n\n<p>Al revisar por encimita la lista de candidatos de Morena-Sinaloa que atribuyen al gobernador Rub\u00e9n Rocha Moya, m\u00e1s que una decisi\u00f3n definitiva parece m\u00e1s bien una provocaci\u00f3n para evaluar reacciones de aspirantes, dirigencias partidista, militantes y electores en general. Revolver las aguas, pues.<\/p>\n\n\n\n<p>Los partidos y el gobernador tienen todo el derecho de postular a quienes les venga en gana como les venga en gana, pues ser\u00e1n ellos los responsables de hacer ganar o perder en sus estados a la candidata presidencial, pero ten\u00edamos la leve esperanza que este proceso interno ser\u00eda diferente por la reiterada promesa de apertura democr\u00e1tica total con l\u00edmites a la imposici\u00f3n.<\/p>\n\n\n\n<p>Cuesta mucho trabajo entender la inclusi\u00f3n de algunos personajes, cuya trayectoria est\u00e1 lejos de la honorabilidad y muy cerca de los tribunales. No solamente deber\u00edan ser vetados sino procesados por aprovecharse de las necesidades de familias desplazadas por la violencia.<\/p>\n\n\n\n<p>Es el caso de Mar\u00eda In\u00e9s Perez Corral y Miguel \u00c1ngel Guti\u00e9rrez S\u00e0nchez, conocido como Superbarrio, que no han clarificado el destino de unos 150 millones presupuestados para desplazados, usufructuado impune e inhumanamente las necesidades de quienes viven en condiciones miserables. Aquella va en la lista pluriniminal de diputados federales y el otro est\u00e1 apuntado con una curul en el congreso local.<\/p>\n\n\n\n<p>Hay demandas en instancias penales, administrativas y comisiones de derechos humanos contra Guti\u00e9rrez S\u00e1nchez, interpuestas en Mazatl\u00e1n por el activista Jos\u00e9 Carlos Gonzales Alarcon y varios afectados, quienes se ha propuesto llevarlas a instancias internacionales y meterlo a prisi\u00f3n, lo que dif\u00edcilmente ocurrir\u00eda si adquiere fuero legal.<\/p>\n\n\n\n<p>En la regi\u00f3n del \u00c9vora, la dirigente Esperanza Hern\u00e1ndez ha confrontado p\u00fablicamente a la secretaria de Bienestar, quien no ha podido explicar d\u00f3nde est\u00e1n los 150 millones de pesos de los presupuestos 2022 y 2023, etiquetados para vivienda y servicios b\u00e1sicos de miles de personas que lo perdieron todo por efectos del crimen organizado.<\/p>\n\n\n\n<p>No necesitamos hacer un an\u00e1lisis profundo para oler la fetidez de la corrupci\u00f3n alrededor de ambos personajes que incluso incluyeron a parientes cercanos en la n\u00f3mina de SEBIDES-Sinaloa sin tener el perfil profesional para desempe\u00f1ar el cargo, por supuesto.<\/p>\n\n\n\n<p>Tanto la secretaria como Guti\u00e9rrez S\u00e1nchez deben estar agarrados de una fuerte alcayata que los meti\u00f3 a esta lista a pesar de sus nulos resultados y negra hoja de vida.<\/p>\n\n\n\n<p>En las pr\u00f3ximas horas confirmaremos si en realidad se trat\u00f3 de un petardo provocador o ya es cosa juzgada que solamente espera el aval nacional.<\/p>\n\n\n\n<p>Mientras tanto, \u201cSuperbarrio\u201d sigue navegando con viento en popa sobre mares de su propio esti\u00e9rcol.<\/p>\n\n\n\n<p>Saludos cordiales<br>MM<\/p>\n","protected":false},"excerpt":{"rendered":"<p>Por Mario Martini Al revisar por encimita la lista de candidatos de Morena-Sinaloa que atribuyen al gobernador Rub\u00e9n Rocha Moya, m\u00e1s que una decisi\u00f3n definitiva parece m\u00e1s bien una provocaci\u00f3n para evaluar reacciones de aspirantes, dirigencias partidista, militantes y electores en general. Revolver las aguas, pues. Los partidos y el gobernador tienen todo el derecho [&hellip;]<\/p>\n","protected":false},"author":132,"featured_media":69983,"comment_status":"open","ping_status":"open","sticky":false,"template":"","format":"standard","meta":{"tdm_status":"","tdm_grid_status":"","footnotes":""},"categories":[3064,2814],"tags":[],"class_list":{"0":"post-69984","1":"post","2":"type-post","3":"status-publish","4":"format-standard","5":"has-post-thumbnail","7":"category-columnas","8":"category-observatorio"},"yoast_head":"<!-- This site is optimized with the Yoast SEO plugin v27.4 - https:\/\/yoast.com\/product\/yoast-seo-wordpress\/ -->\n<title>Candidatos de alba\u00f1al - Fuentes Fidedignas<\/title>\n<meta name=\"robots\" content=\"index, follow, max-snippet:-1, max-image-preview:large, max-video-preview:-1\" \/>\n<link rel=\"canonical\" href=\"https:\/\/fuentesfidedignas.com.mx\/index.php\/2024\/01\/06\/candidatos-de-albanal\/\" \/>\n<meta property=\"og:locale\" content=\"es_MX\" \/>\n<meta property=\"og:type\" content=\"article\" \/>\n<meta property=\"og:title\" content=\"Candidatos de alba\u00f1al - Fuentes Fidedignas\" \/>\n<meta property=\"og:description\" content=\"Por Mario Martini Al revisar por encimita la lista de candidatos de Morena-Sinaloa que atribuyen al gobernador Rub\u00e9n Rocha Moya, m\u00e1s que una decisi\u00f3n definitiva parece m\u00e1s bien una provocaci\u00f3n para evaluar reacciones de aspirantes, dirigencias partidista, militantes y electores en general. Revolver las aguas, pues. Los partidos y el gobernador tienen todo el derecho [&hellip;]\" \/>\n<meta property=\"og:url\" content=\"https:\/\/fuentesfidedignas.com.mx\/index.php\/2024\/01\/06\/candidatos-de-albanal\/\" \/>\n<meta property=\"og:site_name\" content=\"Fuentes Fidedignas\" \/>\n<meta property=\"article:publisher\" content=\"https:\/\/www.facebook.com\/Fuentes-Fidedignas-368234489921644\" \/>\n<meta property=\"article:published_time\" content=\"2024-01-06T18:23:12+00:00\" \/>\n<meta property=\"article:modified_time\" content=\"2024-01-06T18:23:13+00:00\" \/>\n<meta property=\"og:image\" content=\"https:\/\/fuentesfidedignas.com.mx\/wp-content\/uploads\/2024\/01\/img_7286-1.jpg\" \/>\n\t<meta property=\"og:image:width\" content=\"2048\" \/>\n\t<meta property=\"og:image:height\" content=\"1536\" \/>\n\t<meta property=\"og:image:type\" content=\"image\/jpeg\" \/>\n<meta name=\"author\" content=\"Mario Martini\" \/>\n<meta name=\"twitter:card\" content=\"summary_large_image\" \/>\n<meta name=\"twitter:creator\" content=\"@fidedignas\" \/>\n<meta name=\"twitter:site\" content=\"@fidedignas\" \/>\n<meta name=\"twitter:label1\" content=\"Escrito por\" \/>\n\t<meta name=\"twitter:data1\" content=\"Mario Martini\" \/>\n\t<meta name=\"twitter:label2\" content=\"Tiempo de lectura\" \/>\n\t<meta name=\"twitter:data2\" content=\"2 minutos\" \/>\n<script type=\"application\/ld+json\" class=\"yoast-schema-graph\">{\"@context\":\"https:\\\/\\\/schema.org\",\"@graph\":[{\"@type\":\"Article\",\"@id\":\"https:\\\/\\\/fuentesfidedignas.com.mx\\\/index.php\\\/2024\\\/01\\\/06\\\/candidatos-de-albanal\\\/#article\",\"isPartOf\":{\"@id\":\"https:\\\/\\\/fuentesfidedignas.com.mx\\\/index.php\\\/2024\\\/01\\\/06\\\/candidatos-de-albanal\\\/\"},\"author\":{\"name\":\"Mario Martini\",\"@id\":\"https:\\\/\\\/fuentesfidedignas.com.mx\\\/#\\\/schema\\\/person\\\/232c3eaed652e7094e12aae0a6b55782\"},\"headline\":\"Candidatos de alba\u00f1al\",\"datePublished\":\"2024-01-06T18:23:12+00:00\",\"dateModified\":\"2024-01-06T18:23:13+00:00\",\"mainEntityOfPage\":{\"@id\":\"https:\\\/\\\/fuentesfidedignas.com.mx\\\/index.php\\\/2024\\\/01\\\/06\\\/candidatos-de-albanal\\\/\"},\"wordCount\":460,\"commentCount\":0,\"publisher\":{\"@id\":\"https:\\\/\\\/fuentesfidedignas.com.mx\\\/#organization\"},\"image\":{\"@id\":\"https:\\\/\\\/fuentesfidedignas.com.mx\\\/index.php\\\/2024\\\/01\\\/06\\\/candidatos-de-albanal\\\/#primaryimage\"},\"thumbnailUrl\":\"https:\\\/\\\/fuentesfidedignas.com.mx\\\/wp-content\\\/uploads\\\/2024\\\/01\\\/img_7286-1.jpg\",\"articleSection\":[\"COLUMNAS\",\"OBSERVATORIO\"],\"inLanguage\":\"es\",\"potentialAction\":[{\"@type\":\"CommentAction\",\"name\":\"Comment\",\"target\":[\"https:\\\/\\\/fuentesfidedignas.com.mx\\\/index.php\\\/2024\\\/01\\\/06\\\/candidatos-de-albanal\\\/#respond\"]}]},{\"@type\":\"WebPage\",\"@id\":\"https:\\\/\\\/fuentesfidedignas.com.mx\\\/index.php\\\/2024\\\/01\\\/06\\\/candidatos-de-albanal\\\/\",\"url\":\"https:\\\/\\\/fuentesfidedignas.com.mx\\\/index.php\\\/2024\\\/01\\\/06\\\/candidatos-de-albanal\\\/\",\"name\":\"Candidatos de alba\u00f1al - Fuentes Fidedignas\",\"isPartOf\":{\"@id\":\"https:\\\/\\\/fuentesfidedignas.com.mx\\\/#website\"},\"primaryImageOfPage\":{\"@id\":\"https:\\\/\\\/fuentesfidedignas.com.mx\\\/index.php\\\/2024\\\/01\\\/06\\\/candidatos-de-albanal\\\/#primaryimage\"},\"image\":{\"@id\":\"https:\\\/\\\/fuentesfidedignas.com.mx\\\/index.php\\\/2024\\\/01\\\/06\\\/candidatos-de-albanal\\\/#primaryimage\"},\"thumbnailUrl\":\"https:\\\/\\\/fuentesfidedignas.com.mx\\\/wp-content\\\/uploads\\\/2024\\\/01\\\/img_7286-1.jpg\",\"datePublished\":\"2024-01-06T18:23:12+00:00\",\"dateModified\":\"2024-01-06T18:23:13+00:00\",\"breadcrumb\":{\"@id\":\"https:\\\/\\\/fuentesfidedignas.com.mx\\\/index.php\\\/2024\\\/01\\\/06\\\/candidatos-de-albanal\\\/#breadcrumb\"},\"inLanguage\":\"es\",\"potentialAction\":[{\"@type\":\"ReadAction\",\"target\":[\"https:\\\/\\\/fuentesfidedignas.com.mx\\\/index.php\\\/2024\\\/01\\\/06\\\/candidatos-de-albanal\\\/\"]}]},{\"@type\":\"ImageObject\",\"inLanguage\":\"es\",\"@id\":\"https:\\\/\\\/fuentesfidedignas.com.mx\\\/index.php\\\/2024\\\/01\\\/06\\\/candidatos-de-albanal\\\/#primaryimage\",\"url\":\"https:\\\/\\\/fuentesfidedignas.com.mx\\\/wp-content\\\/uploads\\\/2024\\\/01\\\/img_7286-1.jpg\",\"contentUrl\":\"https:\\\/\\\/fuentesfidedignas.com.mx\\\/wp-content\\\/uploads\\\/2024\\\/01\\\/img_7286-1.jpg\",\"width\":2048,\"height\":1536},{\"@type\":\"BreadcrumbList\",\"@id\":\"https:\\\/\\\/fuentesfidedignas.com.mx\\\/index.php\\\/2024\\\/01\\\/06\\\/candidatos-de-albanal\\\/#breadcrumb\",\"itemListElement\":[{\"@type\":\"ListItem\",\"position\":1,\"name\":\"Inicio\",\"item\":\"https:\\\/\\\/fuentesfidedignas.com.mx\\\/\"},{\"@type\":\"ListItem\",\"position\":2,\"name\":\"Candidatos de alba\u00f1al\"}]},{\"@type\":\"WebSite\",\"@id\":\"https:\\\/\\\/fuentesfidedignas.com.mx\\\/#website\",\"url\":\"https:\\\/\\\/fuentesfidedignas.com.mx\\\/\",\"name\":\"Fuentes Fidedignas\",\"description\":\"Otro sitio realizado con WordPress\",\"publisher\":{\"@id\":\"https:\\\/\\\/fuentesfidedignas.com.mx\\\/#organization\"},\"potentialAction\":[{\"@type\":\"SearchAction\",\"target\":{\"@type\":\"EntryPoint\",\"urlTemplate\":\"https:\\\/\\\/fuentesfidedignas.com.mx\\\/?s={search_term_string}\"},\"query-input\":{\"@type\":\"PropertyValueSpecification\",\"valueRequired\":true,\"valueName\":\"search_term_string\"}}],\"inLanguage\":\"es\"},{\"@type\":\"Organization\",\"@id\":\"https:\\\/\\\/fuentesfidedignas.com.mx\\\/#organization\",\"name\":\"Fuentes Fidedignas\",\"url\":\"https:\\\/\\\/fuentesfidedignas.com.mx\\\/\",\"logo\":{\"@type\":\"ImageObject\",\"inLanguage\":\"es\",\"@id\":\"https:\\\/\\\/fuentesfidedignas.com.mx\\\/#\\\/schema\\\/logo\\\/image\\\/\",\"url\":\"https:\\\/\\\/fuentesfidedignas.com.mx\\\/wp-content\\\/uploads\\\/2021\\\/04\\\/logo-retina.png\",\"contentUrl\":\"https:\\\/\\\/fuentesfidedignas.com.mx\\\/wp-content\\\/uploads\\\/2021\\\/04\\\/logo-retina.png\",\"width\":280,\"height\":51,\"caption\":\"Fuentes Fidedignas\"},\"image\":{\"@id\":\"https:\\\/\\\/fuentesfidedignas.com.mx\\\/#\\\/schema\\\/logo\\\/image\\\/\"},\"sameAs\":[\"https:\\\/\\\/www.facebook.com\\\/Fuentes-Fidedignas-368234489921644\",\"https:\\\/\\\/x.com\\\/fidedignas\"]},{\"@type\":\"Person\",\"@id\":\"https:\\\/\\\/fuentesfidedignas.com.mx\\\/#\\\/schema\\\/person\\\/232c3eaed652e7094e12aae0a6b55782\",\"name\":\"Mario Martini\",\"image\":{\"@type\":\"ImageObject\",\"inLanguage\":\"es\",\"@id\":\"https:\\\/\\\/secure.gravatar.com\\\/avatar\\\/d2b02de885e6e0bdb2ea54e643b38f4d78d849161c256fadb5c36fa89d5d781a?s=96&d=mm&r=g\",\"url\":\"https:\\\/\\\/secure.gravatar.com\\\/avatar\\\/d2b02de885e6e0bdb2ea54e643b38f4d78d849161c256fadb5c36fa89d5d781a?s=96&d=mm&r=g\",\"contentUrl\":\"https:\\\/\\\/secure.gravatar.com\\\/avatar\\\/d2b02de885e6e0bdb2ea54e643b38f4d78d849161c256fadb5c36fa89d5d781a?s=96&d=mm&r=g\",\"caption\":\"Mario Martini\"},\"url\":\"https:\\\/\\\/fuentesfidedignas.com.mx\\\/index.php\\\/author\\\/mario-martini\\\/\"}]}<\/script>\n<!-- \/ Yoast SEO plugin. -->","yoast_head_json":{"title":"Candidatos de alba\u00f1al - Fuentes Fidedignas","robots":{"index":"index","follow":"follow","max-snippet":"max-snippet:-1","max-image-preview":"max-image-preview:large","max-video-preview":"max-video-preview:-1"},"canonical":"https:\/\/fuentesfidedignas.com.mx\/index.php\/2024\/01\/06\/candidatos-de-albanal\/","og_locale":"es_MX","og_type":"article","og_title":"Candidatos de alba\u00f1al - Fuentes Fidedignas","og_description":"Por Mario Martini Al revisar por encimita la lista de candidatos de Morena-Sinaloa que atribuyen al gobernador Rub\u00e9n Rocha Moya, m\u00e1s que una decisi\u00f3n definitiva parece m\u00e1s bien una provocaci\u00f3n para evaluar reacciones de aspirantes, dirigencias partidista, militantes y electores en general. Revolver las aguas, pues. Los partidos y el gobernador tienen todo el derecho [&hellip;]","og_url":"https:\/\/fuentesfidedignas.com.mx\/index.php\/2024\/01\/06\/candidatos-de-albanal\/","og_site_name":"Fuentes Fidedignas","article_publisher":"https:\/\/www.facebook.com\/Fuentes-Fidedignas-368234489921644","article_published_time":"2024-01-06T18:23:12+00:00","article_modified_time":"2024-01-06T18:23:13+00:00","og_image":[{"width":2048,"height":1536,"url":"https:\/\/fuentesfidedignas.com.mx\/wp-content\/uploads\/2024\/01\/img_7286-1.jpg","type":"image\/jpeg"}],"author":"Mario Martini","twitter_card":"summary_large_image","twitter_creator":"@fidedignas","twitter_site":"@fidedignas","twitter_misc":{"Escrito por":"Mario Martini","Tiempo de lectura":"2 minutos"},"schema":{"@context":"https:\/\/schema.org","@graph":[{"@type":"Article","@id":"https:\/\/fuentesfidedignas.com.mx\/index.php\/2024\/01\/06\/candidatos-de-albanal\/#article","isPartOf":{"@id":"https:\/\/fuentesfidedignas.com.mx\/index.php\/2024\/01\/06\/candidatos-de-albanal\/"},"author":{"name":"Mario Martini","@id":"https:\/\/fuentesfidedignas.com.mx\/#\/schema\/person\/232c3eaed652e7094e12aae0a6b55782"},"headline":"Candidatos de alba\u00f1al","datePublished":"2024-01-06T18:23:12+00:00","dateModified":"2024-01-06T18:23:13+00:00","mainEntityOfPage":{"@id":"https:\/\/fuentesfidedignas.com.mx\/index.php\/2024\/01\/06\/candidatos-de-albanal\/"},"wordCount":460,"commentCount":0,"publisher":{"@id":"https:\/\/fuentesfidedignas.com.mx\/#organization"},"image":{"@id":"https:\/\/fuentesfidedignas.com.mx\/index.php\/2024\/01\/06\/candidatos-de-albanal\/#primaryimage"},"thumbnailUrl":"https:\/\/fuentesfidedignas.com.mx\/wp-content\/uploads\/2024\/01\/img_7286-1.jpg","articleSection":["COLUMNAS","OBSERVATORIO"],"inLanguage":"es","potentialAction":[{"@type":"CommentAction","name":"Comment","target":["https:\/\/fuentesfidedignas.com.mx\/index.php\/2024\/01\/06\/candidatos-de-albanal\/#respond"]}]},{"@type":"WebPage","@id":"https:\/\/fuentesfidedignas.com.mx\/index.php\/2024\/01\/06\/candidatos-de-albanal\/","url":"https:\/\/fuentesfidedignas.com.mx\/index.php\/2024\/01\/06\/candidatos-de-albanal\/","name":"Candidatos de alba\u00f1al - Fuentes Fidedignas","isPartOf":{"@id":"https:\/\/fuentesfidedignas.com.mx\/#website"},"primaryImageOfPage":{"@id":"https:\/\/fuentesfidedignas.com.mx\/index.php\/2024\/01\/06\/candidatos-de-albanal\/#primaryimage"},"image":{"@id":"https:\/\/fuentesfidedignas.com.mx\/index.php\/2024\/01\/06\/candidatos-de-albanal\/#primaryimage"},"thumbnailUrl":"https:\/\/fuentesfidedignas.com.mx\/wp-content\/uploads\/2024\/01\/img_7286-1.jpg","datePublished":"2024-01-06T18:23:12+00:00","dateModified":"2024-01-06T18:23:13+00:00","breadcrumb":{"@id":"https:\/\/fuentesfidedignas.com.mx\/index.php\/2024\/01\/06\/candidatos-de-albanal\/#breadcrumb"},"inLanguage":"es","potentialAction":[{"@type":"ReadAction","target":["https:\/\/fuentesfidedignas.com.mx\/index.php\/2024\/01\/06\/candidatos-de-albanal\/"]}]},{"@type":"ImageObject","inLanguage":"es","@id":"https:\/\/fuentesfidedignas.com.mx\/index.php\/2024\/01\/06\/candidatos-de-albanal\/#primaryimage","url":"https:\/\/fuentesfidedignas.com.mx\/wp-content\/uploads\/2024\/01\/img_7286-1.jpg","contentUrl":"https:\/\/fuentesfidedignas.com.mx\/wp-content\/uploads\/2024\/01\/img_7286-1.jpg","width":2048,"height":1536},{"@type":"BreadcrumbList","@id":"https:\/\/fuentesfidedignas.com.mx\/index.php\/2024\/01\/06\/candidatos-de-albanal\/#breadcrumb","itemListElement":[{"@type":"ListItem","position":1,"name":"Inicio","item":"https:\/\/fuentesfidedignas.com.mx\/"},{"@type":"ListItem","position":2,"name":"Candidatos de alba\u00f1al"}]},{"@type":"WebSite","@id":"https:\/\/fuentesfidedignas.com.mx\/#website","url":"https:\/\/fuentesfidedignas.com.mx\/","name":"Fuentes Fidedignas","description":"Otro sitio realizado con WordPress","publisher":{"@id":"https:\/\/fuentesfidedignas.com.mx\/#organization"},"potentialAction":[{"@type":"SearchAction","target":{"@type":"EntryPoint","urlTemplate":"https:\/\/fuentesfidedignas.com.mx\/?s={search_term_string}"},"query-input":{"@type":"PropertyValueSpecification","valueRequired":true,"valueName":"search_term_string"}}],"inLanguage":"es"},{"@type":"Organization","@id":"https:\/\/fuentesfidedignas.com.mx\/#organization","name":"Fuentes Fidedignas","url":"https:\/\/fuentesfidedignas.com.mx\/","logo":{"@type":"ImageObject","inLanguage":"es","@id":"https:\/\/fuentesfidedignas.com.mx\/#\/schema\/logo\/image\/","url":"https:\/\/fuentesfidedignas.com.mx\/wp-content\/uploads\/2021\/04\/logo-retina.png","contentUrl":"https:\/\/fuentesfidedignas.com.mx\/wp-content\/uploads\/2021\/04\/logo-retina.png","width":280,"height":51,"caption":"Fuentes Fidedignas"},"image":{"@id":"https:\/\/fuentesfidedignas.com.mx\/#\/schema\/logo\/image\/"},"sameAs":["https:\/\/www.facebook.com\/Fuentes-Fidedignas-368234489921644","https:\/\/x.com\/fidedignas"]},{"@type":"Person","@id":"https:\/\/fuentesfidedignas.com.mx\/#\/schema\/person\/232c3eaed652e7094e12aae0a6b55782","name":"Mario Martini","image":{"@type":"ImageObject","inLanguage":"es","@id":"https:\/\/secure.gravatar.com\/avatar\/d2b02de885e6e0bdb2ea54e643b38f4d78d849161c256fadb5c36fa89d5d781a?s=96&d=mm&r=g","url":"https:\/\/secure.gravatar.com\/avatar\/d2b02de885e6e0bdb2ea54e643b38f4d78d849161c256fadb5c36fa89d5d781a?s=96&d=mm&r=g","contentUrl":"https:\/\/secure.gravatar.com\/avatar\/d2b02de885e6e0bdb2ea54e643b38f4d78d849161c256fadb5c36fa89d5d781a?s=96&d=mm&r=g","caption":"Mario Martini"},"url":"https:\/\/fuentesfidedignas.com.mx\/index.php\/author\/mario-martini\/"}]}},"_links":{"self":[{"href":"https:\/\/fuentesfidedignas.com.mx\/index.php\/wp-json\/wp\/v2\/posts\/69984","targetHints":{"allow":["GET"]}}],"collection":[{"href":"https:\/\/fuentesfidedignas.com.mx\/index.php\/wp-json\/wp\/v2\/posts"}],"about":[{"href":"https:\/\/fuentesfidedignas.com.mx\/index.php\/wp-json\/wp\/v2\/types\/post"}],"author":[{"embeddable":true,"href":"https:\/\/fuentesfidedignas.com.mx\/index.php\/wp-json\/wp\/v2\/users\/132"}],"replies":[{"embeddable":true,"href":"https:\/\/fuentesfidedignas.com.mx\/index.php\/wp-json\/wp\/v2\/comments?post=69984"}],"version-history":[{"count":1,"href":"https:\/\/fuentesfidedignas.com.mx\/index.php\/wp-json\/wp\/v2\/posts\/69984\/revisions"}],"predecessor-version":[{"id":69985,"href":"https:\/\/fuentesfidedignas.com.mx\/index.php\/wp-json\/wp\/v2\/posts\/69984\/revisions\/69985"}],"wp:featuredmedia":[{"embeddable":true,"href":"https:\/\/fuentesfidedignas.com.mx\/index.php\/wp-json\/wp\/v2\/media\/69983"}],"wp:attachment":[{"href":"https:\/\/fuentesfidedignas.com.mx\/index.php\/wp-json\/wp\/v2\/media?parent=69984"}],"wp:term":[{"taxonomy":"category","embeddable":true,"href":"https:\/\/fuentesfidedignas.com.mx\/index.php\/wp-json\/wp\/v2\/categories?post=69984"},{"taxonomy":"post_tag","embeddable":true,"href":"https:\/\/fuentesfidedignas.com.mx\/index.php\/wp-json\/wp\/v2\/tags?post=69984"}],"curies":[{"name":"wp","href":"https:\/\/api.w.org\/{rel}","templated":true}]}}