{"id":69777,"date":"2024-01-04T07:25:11","date_gmt":"2024-01-04T14:25:11","guid":{"rendered":"https:\/\/fuentesfidedignas.com.mx\/?p=69777"},"modified":"2024-01-04T07:25:11","modified_gmt":"2024-01-04T14:25:11","slug":"cualquier-persona-puede-padecer-los-sintomas-de-la-depresion-decembrina-advierten","status":"publish","type":"post","link":"https:\/\/fuentesfidedignas.com.mx\/index.php\/2024\/01\/04\/cualquier-persona-puede-padecer-los-sintomas-de-la-depresion-decembrina-advierten\/","title":{"rendered":"Cualquier persona puede padecer los s\u00edntomas de la Depresi\u00f3n Decembrina, advierten"},"content":{"rendered":"\n<p><strong><em>Los s\u00edntomas que caracterizan la depresi\u00f3n estacional como la tristeza, la melancol\u00eda, el desinter\u00e9s, des\u00e1nimo, entre otros<\/em><\/strong><\/p>\n\n\n\n<p>Culiac\u00e1n, Sin.- Cualquier persona es propensa a padecer los s\u00edntomas propios de la llamada Depresi\u00f3n Afectiva Estacional o Depresi\u00f3n Decembrina, donde las personas pueden experimentar una serie de fuertes emociones que afectan su salud mental e inclusive interfieren en su vida cotidiana, advirti\u00f3 el psic\u00f3logo universitario, Gonzalo Casta\u00f1os Salazar.<\/p>\n\n\n\n<p>El docente de la Facultad de Psicolog\u00eda de la Universidad Aut\u00f3noma de Sinaloa (UAS), explic\u00f3 que este estado emocional generalmente se presenta de oto\u00f1o a invierno, temporada que es cuando empiezan a verse estos rasgos depresivos, ya sea por la nostalgia que puede generar en las personas la \u00e9poca navide\u00f1a o por cuestiones propias del organismo.<\/p>\n\n\n\n<p>\u201cSe cree que el origen o el inicio de esta situaci\u00f3n tiene que ver con algo que la persona vivi\u00f3 en alg\u00fan momento, alguna situaci\u00f3n que se gener\u00f3 en esa \u00e9poca digamos una p\u00e9rdida, por dar un ejemplo; tambi\u00e9n por la parte fisiol\u00f3gica donde los neurotransmisores como la serotonina y la melatonina disminuyen un poquito la secreci\u00f3n en el cuerpo gracias a la falta de luz solar\u201d, expuso.<\/p>\n\n\n\n<p>El tambi\u00e9n coordinador del Centro de Servicios Psicol\u00f3gicos a la Comunidad (CESPSIC), coment\u00f3 que otro de los factores que puedan desencadenar y agudizar los s\u00edntomas relacionados a este tipo de depresi\u00f3n temporal corresponde a situaciones como el recordar a aquellos que se han adelantado en el camino o la p\u00e9rdida reciente de alg\u00fan ser querido.<\/p>\n\n\n\n<p>\u201cEsta temporada, estos d\u00edas es fuerte en el sentido de emociones, de recuerdos, de nostalgia porque, pues le va a pasar a muchas personas que ya no se va a reunir la familia como la hac\u00eda antes (\u2026) siempre va haber algo que me va a generar una nostalgia, una posible tristeza, el asunto es c\u00f3mo la enfrento y c\u00f3mo voy a trabajar con esa emoci\u00f3n\u201d, se\u00f1al\u00f3.<\/p>\n\n\n\n<p>Puntualiz\u00f3 que los s\u00edntomas que caracterizan la depresi\u00f3n estacional como la tristeza, la melancol\u00eda, el desinter\u00e9s, des\u00e1nimo entre otros, pueden mantenerse por varias semanas mientras concluye esta \u00e9poca espec\u00edfica, pero que, de llegar a persistir por un mayor tiempo, es necesario buscar ayuda de un profesionista de la salud mental.<\/p>\n\n\n\n<p>\u201cNo creo que haya persona exenta, siempre estamos a la expectativa de que algo pueda desencadenar una situaci\u00f3n; sin embargo, hay factores que me pueden proteger, obviamente el asistir a terapia psicol\u00f3gica, el mantener ese ritmo de vida adecuado, el realizar actividades que me generen placer, el estar siempre cumpliendo con mis objetivos\u201d, indic\u00f3.<\/p>\n\n\n\n<p>Asimismo, el especialista recomend\u00f3 como tratamiento para sobrellevar o enfrentar este periodo de depresi\u00f3n el exponerse a la luz solar por intervalos de tiempo, realizar actividad f\u00edsica, cuidar la alimentaci\u00f3n y compartir buenos momentos con la familia y amigos.<\/p>\n","protected":false},"excerpt":{"rendered":"<p>Los s\u00edntomas que caracterizan la depresi\u00f3n estacional como la tristeza, la melancol\u00eda, el desinter\u00e9s, des\u00e1nimo, entre otros Culiac\u00e1n, Sin.- Cualquier persona es propensa a padecer los s\u00edntomas propios de la llamada Depresi\u00f3n Afectiva Estacional o Depresi\u00f3n Decembrina, donde las personas pueden experimentar una serie de fuertes emociones que afectan su salud mental e inclusive interfieren [&hellip;]<\/p>\n","protected":false},"author":4,"featured_media":69778,"comment_status":"open","ping_status":"open","sticky":false,"template":"","format":"standard","meta":{"tdm_status":"","tdm_grid_status":"","footnotes":""},"categories":[1],"tags":[],"class_list":{"0":"post-69777","1":"post","2":"type-post","3":"status-publish","4":"format-standard","5":"has-post-thumbnail","7":"category-sin-categoria"},"yoast_head":"<!-- This site is optimized with the Yoast SEO plugin v27.5 - https:\/\/yoast.com\/product\/yoast-seo-wordpress\/ -->\n<title>Cualquier persona puede padecer los s\u00edntomas de la Depresi\u00f3n Decembrina, advierten - Fuentes Fidedignas<\/title>\n<meta name=\"robots\" content=\"index, follow, max-snippet:-1, max-image-preview:large, max-video-preview:-1\" \/>\n<link rel=\"canonical\" href=\"https:\/\/fuentesfidedignas.com.mx\/index.php\/2024\/01\/04\/cualquier-persona-puede-padecer-los-sintomas-de-la-depresion-decembrina-advierten\/\" \/>\n<meta property=\"og:locale\" content=\"es_MX\" \/>\n<meta property=\"og:type\" content=\"article\" \/>\n<meta property=\"og:title\" content=\"Cualquier persona puede padecer los s\u00edntomas de la Depresi\u00f3n Decembrina, advierten - Fuentes Fidedignas\" \/>\n<meta property=\"og:description\" content=\"Los s\u00edntomas que caracterizan la depresi\u00f3n estacional como la tristeza, la melancol\u00eda, el desinter\u00e9s, des\u00e1nimo, entre otros Culiac\u00e1n, Sin.- Cualquier persona es propensa a padecer los s\u00edntomas propios de la llamada Depresi\u00f3n Afectiva Estacional o Depresi\u00f3n Decembrina, donde las personas pueden experimentar una serie de fuertes emociones que afectan su salud mental e inclusive interfieren [&hellip;]\" \/>\n<meta property=\"og:url\" content=\"https:\/\/fuentesfidedignas.com.mx\/index.php\/2024\/01\/04\/cualquier-persona-puede-padecer-los-sintomas-de-la-depresion-decembrina-advierten\/\" \/>\n<meta property=\"og:site_name\" content=\"Fuentes Fidedignas\" \/>\n<meta property=\"article:publisher\" content=\"https:\/\/www.facebook.com\/Fuentes-Fidedignas-368234489921644\" \/>\n<meta property=\"article:published_time\" content=\"2024-01-04T14:25:11+00:00\" \/>\n<meta property=\"og:image\" content=\"https:\/\/fuentesfidedignas.com.mx\/wp-content\/uploads\/2024\/01\/PSICOLOGIA-DEPRESION-AFECTIVA-ESTACIONAL-1.jpg\" \/>\n\t<meta property=\"og:image:width\" content=\"1500\" \/>\n\t<meta property=\"og:image:height\" content=\"1013\" \/>\n\t<meta property=\"og:image:type\" content=\"image\/jpeg\" \/>\n<meta name=\"author\" content=\"Redacci\u00f3n\" \/>\n<meta name=\"twitter:card\" content=\"summary_large_image\" \/>\n<meta name=\"twitter:creator\" content=\"@fidedignas\" \/>\n<meta name=\"twitter:site\" content=\"@fidedignas\" \/>\n<meta name=\"twitter:label1\" content=\"Escrito por\" \/>\n\t<meta name=\"twitter:data1\" content=\"Redacci\u00f3n\" \/>\n\t<meta name=\"twitter:label2\" content=\"Tiempo de lectura\" \/>\n\t<meta name=\"twitter:data2\" content=\"3 minutos\" \/>\n<script type=\"application\/ld+json\" class=\"yoast-schema-graph\">{\"@context\":\"https:\\\/\\\/schema.org\",\"@graph\":[{\"@type\":\"Article\",\"@id\":\"https:\\\/\\\/fuentesfidedignas.com.mx\\\/index.php\\\/2024\\\/01\\\/04\\\/cualquier-persona-puede-padecer-los-sintomas-de-la-depresion-decembrina-advierten\\\/#article\",\"isPartOf\":{\"@id\":\"https:\\\/\\\/fuentesfidedignas.com.mx\\\/index.php\\\/2024\\\/01\\\/04\\\/cualquier-persona-puede-padecer-los-sintomas-de-la-depresion-decembrina-advierten\\\/\"},\"author\":{\"name\":\"Redacci\u00f3n\",\"@id\":\"https:\\\/\\\/fuentesfidedignas.com.mx\\\/#\\\/schema\\\/person\\\/331be9283d37198e2acd5750279085b0\"},\"headline\":\"Cualquier persona puede padecer los s\u00edntomas de la Depresi\u00f3n Decembrina, advierten\",\"datePublished\":\"2024-01-04T14:25:11+00:00\",\"mainEntityOfPage\":{\"@id\":\"https:\\\/\\\/fuentesfidedignas.com.mx\\\/index.php\\\/2024\\\/01\\\/04\\\/cualquier-persona-puede-padecer-los-sintomas-de-la-depresion-decembrina-advierten\\\/\"},\"wordCount\":513,\"commentCount\":0,\"publisher\":{\"@id\":\"https:\\\/\\\/fuentesfidedignas.com.mx\\\/#organization\"},\"image\":{\"@id\":\"https:\\\/\\\/fuentesfidedignas.com.mx\\\/index.php\\\/2024\\\/01\\\/04\\\/cualquier-persona-puede-padecer-los-sintomas-de-la-depresion-decembrina-advierten\\\/#primaryimage\"},\"thumbnailUrl\":\"https:\\\/\\\/fuentesfidedignas.com.mx\\\/wp-content\\\/uploads\\\/2024\\\/01\\\/PSICOLOGIA-DEPRESION-AFECTIVA-ESTACIONAL-1.jpg\",\"inLanguage\":\"es\",\"potentialAction\":[{\"@type\":\"CommentAction\",\"name\":\"Comment\",\"target\":[\"https:\\\/\\\/fuentesfidedignas.com.mx\\\/index.php\\\/2024\\\/01\\\/04\\\/cualquier-persona-puede-padecer-los-sintomas-de-la-depresion-decembrina-advierten\\\/#respond\"]}]},{\"@type\":\"WebPage\",\"@id\":\"https:\\\/\\\/fuentesfidedignas.com.mx\\\/index.php\\\/2024\\\/01\\\/04\\\/cualquier-persona-puede-padecer-los-sintomas-de-la-depresion-decembrina-advierten\\\/\",\"url\":\"https:\\\/\\\/fuentesfidedignas.com.mx\\\/index.php\\\/2024\\\/01\\\/04\\\/cualquier-persona-puede-padecer-los-sintomas-de-la-depresion-decembrina-advierten\\\/\",\"name\":\"Cualquier persona puede padecer los s\u00edntomas de la Depresi\u00f3n Decembrina, advierten - Fuentes Fidedignas\",\"isPartOf\":{\"@id\":\"https:\\\/\\\/fuentesfidedignas.com.mx\\\/#website\"},\"primaryImageOfPage\":{\"@id\":\"https:\\\/\\\/fuentesfidedignas.com.mx\\\/index.php\\\/2024\\\/01\\\/04\\\/cualquier-persona-puede-padecer-los-sintomas-de-la-depresion-decembrina-advierten\\\/#primaryimage\"},\"image\":{\"@id\":\"https:\\\/\\\/fuentesfidedignas.com.mx\\\/index.php\\\/2024\\\/01\\\/04\\\/cualquier-persona-puede-padecer-los-sintomas-de-la-depresion-decembrina-advierten\\\/#primaryimage\"},\"thumbnailUrl\":\"https:\\\/\\\/fuentesfidedignas.com.mx\\\/wp-content\\\/uploads\\\/2024\\\/01\\\/PSICOLOGIA-DEPRESION-AFECTIVA-ESTACIONAL-1.jpg\",\"datePublished\":\"2024-01-04T14:25:11+00:00\",\"breadcrumb\":{\"@id\":\"https:\\\/\\\/fuentesfidedignas.com.mx\\\/index.php\\\/2024\\\/01\\\/04\\\/cualquier-persona-puede-padecer-los-sintomas-de-la-depresion-decembrina-advierten\\\/#breadcrumb\"},\"inLanguage\":\"es\",\"potentialAction\":[{\"@type\":\"ReadAction\",\"target\":[\"https:\\\/\\\/fuentesfidedignas.com.mx\\\/index.php\\\/2024\\\/01\\\/04\\\/cualquier-persona-puede-padecer-los-sintomas-de-la-depresion-decembrina-advierten\\\/\"]}]},{\"@type\":\"ImageObject\",\"inLanguage\":\"es\",\"@id\":\"https:\\\/\\\/fuentesfidedignas.com.mx\\\/index.php\\\/2024\\\/01\\\/04\\\/cualquier-persona-puede-padecer-los-sintomas-de-la-depresion-decembrina-advierten\\\/#primaryimage\",\"url\":\"https:\\\/\\\/fuentesfidedignas.com.mx\\\/wp-content\\\/uploads\\\/2024\\\/01\\\/PSICOLOGIA-DEPRESION-AFECTIVA-ESTACIONAL-1.jpg\",\"contentUrl\":\"https:\\\/\\\/fuentesfidedignas.com.mx\\\/wp-content\\\/uploads\\\/2024\\\/01\\\/PSICOLOGIA-DEPRESION-AFECTIVA-ESTACIONAL-1.jpg\",\"width\":1500,\"height\":1013},{\"@type\":\"BreadcrumbList\",\"@id\":\"https:\\\/\\\/fuentesfidedignas.com.mx\\\/index.php\\\/2024\\\/01\\\/04\\\/cualquier-persona-puede-padecer-los-sintomas-de-la-depresion-decembrina-advierten\\\/#breadcrumb\",\"itemListElement\":[{\"@type\":\"ListItem\",\"position\":1,\"name\":\"Inicio\",\"item\":\"https:\\\/\\\/fuentesfidedignas.com.mx\\\/\"},{\"@type\":\"ListItem\",\"position\":2,\"name\":\"Cualquier persona puede padecer los s\u00edntomas de la Depresi\u00f3n Decembrina, advierten\"}]},{\"@type\":\"WebSite\",\"@id\":\"https:\\\/\\\/fuentesfidedignas.com.mx\\\/#website\",\"url\":\"https:\\\/\\\/fuentesfidedignas.com.mx\\\/\",\"name\":\"Fuentes Fidedignas\",\"description\":\"Otro sitio realizado con WordPress\",\"publisher\":{\"@id\":\"https:\\\/\\\/fuentesfidedignas.com.mx\\\/#organization\"},\"potentialAction\":[{\"@type\":\"SearchAction\",\"target\":{\"@type\":\"EntryPoint\",\"urlTemplate\":\"https:\\\/\\\/fuentesfidedignas.com.mx\\\/?s={search_term_string}\"},\"query-input\":{\"@type\":\"PropertyValueSpecification\",\"valueRequired\":true,\"valueName\":\"search_term_string\"}}],\"inLanguage\":\"es\"},{\"@type\":\"Organization\",\"@id\":\"https:\\\/\\\/fuentesfidedignas.com.mx\\\/#organization\",\"name\":\"Fuentes Fidedignas\",\"url\":\"https:\\\/\\\/fuentesfidedignas.com.mx\\\/\",\"logo\":{\"@type\":\"ImageObject\",\"inLanguage\":\"es\",\"@id\":\"https:\\\/\\\/fuentesfidedignas.com.mx\\\/#\\\/schema\\\/logo\\\/image\\\/\",\"url\":\"https:\\\/\\\/fuentesfidedignas.com.mx\\\/wp-content\\\/uploads\\\/2021\\\/04\\\/logo-retina.png\",\"contentUrl\":\"https:\\\/\\\/fuentesfidedignas.com.mx\\\/wp-content\\\/uploads\\\/2021\\\/04\\\/logo-retina.png\",\"width\":280,\"height\":51,\"caption\":\"Fuentes Fidedignas\"},\"image\":{\"@id\":\"https:\\\/\\\/fuentesfidedignas.com.mx\\\/#\\\/schema\\\/logo\\\/image\\\/\"},\"sameAs\":[\"https:\\\/\\\/www.facebook.com\\\/Fuentes-Fidedignas-368234489921644\",\"https:\\\/\\\/x.com\\\/fidedignas\"]},{\"@type\":\"Person\",\"@id\":\"https:\\\/\\\/fuentesfidedignas.com.mx\\\/#\\\/schema\\\/person\\\/331be9283d37198e2acd5750279085b0\",\"name\":\"Redacci\u00f3n\",\"image\":{\"@type\":\"ImageObject\",\"inLanguage\":\"es\",\"@id\":\"https:\\\/\\\/secure.gravatar.com\\\/avatar\\\/f6d8782c11d12b2d4ad3fbb6931aeab5309937a4d6cd2fc9cfaa28a6396a5aec?s=96&d=mm&r=g\",\"url\":\"https:\\\/\\\/secure.gravatar.com\\\/avatar\\\/f6d8782c11d12b2d4ad3fbb6931aeab5309937a4d6cd2fc9cfaa28a6396a5aec?s=96&d=mm&r=g\",\"contentUrl\":\"https:\\\/\\\/secure.gravatar.com\\\/avatar\\\/f6d8782c11d12b2d4ad3fbb6931aeab5309937a4d6cd2fc9cfaa28a6396a5aec?s=96&d=mm&r=g\",\"caption\":\"Redacci\u00f3n\"},\"url\":\"https:\\\/\\\/fuentesfidedignas.com.mx\\\/index.php\\\/author\\\/redaccion\\\/\"}]}<\/script>\n<!-- \/ Yoast SEO plugin. -->","yoast_head_json":{"title":"Cualquier persona puede padecer los s\u00edntomas de la Depresi\u00f3n Decembrina, advierten - Fuentes Fidedignas","robots":{"index":"index","follow":"follow","max-snippet":"max-snippet:-1","max-image-preview":"max-image-preview:large","max-video-preview":"max-video-preview:-1"},"canonical":"https:\/\/fuentesfidedignas.com.mx\/index.php\/2024\/01\/04\/cualquier-persona-puede-padecer-los-sintomas-de-la-depresion-decembrina-advierten\/","og_locale":"es_MX","og_type":"article","og_title":"Cualquier persona puede padecer los s\u00edntomas de la Depresi\u00f3n Decembrina, advierten - Fuentes Fidedignas","og_description":"Los s\u00edntomas que caracterizan la depresi\u00f3n estacional como la tristeza, la melancol\u00eda, el desinter\u00e9s, des\u00e1nimo, entre otros Culiac\u00e1n, Sin.- Cualquier persona es propensa a padecer los s\u00edntomas propios de la llamada Depresi\u00f3n Afectiva Estacional o Depresi\u00f3n Decembrina, donde las personas pueden experimentar una serie de fuertes emociones que afectan su salud mental e inclusive interfieren [&hellip;]","og_url":"https:\/\/fuentesfidedignas.com.mx\/index.php\/2024\/01\/04\/cualquier-persona-puede-padecer-los-sintomas-de-la-depresion-decembrina-advierten\/","og_site_name":"Fuentes Fidedignas","article_publisher":"https:\/\/www.facebook.com\/Fuentes-Fidedignas-368234489921644","article_published_time":"2024-01-04T14:25:11+00:00","og_image":[{"width":1500,"height":1013,"url":"https:\/\/fuentesfidedignas.com.mx\/wp-content\/uploads\/2024\/01\/PSICOLOGIA-DEPRESION-AFECTIVA-ESTACIONAL-1.jpg","type":"image\/jpeg"}],"author":"Redacci\u00f3n","twitter_card":"summary_large_image","twitter_creator":"@fidedignas","twitter_site":"@fidedignas","twitter_misc":{"Escrito por":"Redacci\u00f3n","Tiempo de lectura":"3 minutos"},"schema":{"@context":"https:\/\/schema.org","@graph":[{"@type":"Article","@id":"https:\/\/fuentesfidedignas.com.mx\/index.php\/2024\/01\/04\/cualquier-persona-puede-padecer-los-sintomas-de-la-depresion-decembrina-advierten\/#article","isPartOf":{"@id":"https:\/\/fuentesfidedignas.com.mx\/index.php\/2024\/01\/04\/cualquier-persona-puede-padecer-los-sintomas-de-la-depresion-decembrina-advierten\/"},"author":{"name":"Redacci\u00f3n","@id":"https:\/\/fuentesfidedignas.com.mx\/#\/schema\/person\/331be9283d37198e2acd5750279085b0"},"headline":"Cualquier persona puede padecer los s\u00edntomas de la Depresi\u00f3n Decembrina, advierten","datePublished":"2024-01-04T14:25:11+00:00","mainEntityOfPage":{"@id":"https:\/\/fuentesfidedignas.com.mx\/index.php\/2024\/01\/04\/cualquier-persona-puede-padecer-los-sintomas-de-la-depresion-decembrina-advierten\/"},"wordCount":513,"commentCount":0,"publisher":{"@id":"https:\/\/fuentesfidedignas.com.mx\/#organization"},"image":{"@id":"https:\/\/fuentesfidedignas.com.mx\/index.php\/2024\/01\/04\/cualquier-persona-puede-padecer-los-sintomas-de-la-depresion-decembrina-advierten\/#primaryimage"},"thumbnailUrl":"https:\/\/fuentesfidedignas.com.mx\/wp-content\/uploads\/2024\/01\/PSICOLOGIA-DEPRESION-AFECTIVA-ESTACIONAL-1.jpg","inLanguage":"es","potentialAction":[{"@type":"CommentAction","name":"Comment","target":["https:\/\/fuentesfidedignas.com.mx\/index.php\/2024\/01\/04\/cualquier-persona-puede-padecer-los-sintomas-de-la-depresion-decembrina-advierten\/#respond"]}]},{"@type":"WebPage","@id":"https:\/\/fuentesfidedignas.com.mx\/index.php\/2024\/01\/04\/cualquier-persona-puede-padecer-los-sintomas-de-la-depresion-decembrina-advierten\/","url":"https:\/\/fuentesfidedignas.com.mx\/index.php\/2024\/01\/04\/cualquier-persona-puede-padecer-los-sintomas-de-la-depresion-decembrina-advierten\/","name":"Cualquier persona puede padecer los s\u00edntomas de la Depresi\u00f3n Decembrina, advierten - Fuentes Fidedignas","isPartOf":{"@id":"https:\/\/fuentesfidedignas.com.mx\/#website"},"primaryImageOfPage":{"@id":"https:\/\/fuentesfidedignas.com.mx\/index.php\/2024\/01\/04\/cualquier-persona-puede-padecer-los-sintomas-de-la-depresion-decembrina-advierten\/#primaryimage"},"image":{"@id":"https:\/\/fuentesfidedignas.com.mx\/index.php\/2024\/01\/04\/cualquier-persona-puede-padecer-los-sintomas-de-la-depresion-decembrina-advierten\/#primaryimage"},"thumbnailUrl":"https:\/\/fuentesfidedignas.com.mx\/wp-content\/uploads\/2024\/01\/PSICOLOGIA-DEPRESION-AFECTIVA-ESTACIONAL-1.jpg","datePublished":"2024-01-04T14:25:11+00:00","breadcrumb":{"@id":"https:\/\/fuentesfidedignas.com.mx\/index.php\/2024\/01\/04\/cualquier-persona-puede-padecer-los-sintomas-de-la-depresion-decembrina-advierten\/#breadcrumb"},"inLanguage":"es","potentialAction":[{"@type":"ReadAction","target":["https:\/\/fuentesfidedignas.com.mx\/index.php\/2024\/01\/04\/cualquier-persona-puede-padecer-los-sintomas-de-la-depresion-decembrina-advierten\/"]}]},{"@type":"ImageObject","inLanguage":"es","@id":"https:\/\/fuentesfidedignas.com.mx\/index.php\/2024\/01\/04\/cualquier-persona-puede-padecer-los-sintomas-de-la-depresion-decembrina-advierten\/#primaryimage","url":"https:\/\/fuentesfidedignas.com.mx\/wp-content\/uploads\/2024\/01\/PSICOLOGIA-DEPRESION-AFECTIVA-ESTACIONAL-1.jpg","contentUrl":"https:\/\/fuentesfidedignas.com.mx\/wp-content\/uploads\/2024\/01\/PSICOLOGIA-DEPRESION-AFECTIVA-ESTACIONAL-1.jpg","width":1500,"height":1013},{"@type":"BreadcrumbList","@id":"https:\/\/fuentesfidedignas.com.mx\/index.php\/2024\/01\/04\/cualquier-persona-puede-padecer-los-sintomas-de-la-depresion-decembrina-advierten\/#breadcrumb","itemListElement":[{"@type":"ListItem","position":1,"name":"Inicio","item":"https:\/\/fuentesfidedignas.com.mx\/"},{"@type":"ListItem","position":2,"name":"Cualquier persona puede padecer los s\u00edntomas de la Depresi\u00f3n Decembrina, advierten"}]},{"@type":"WebSite","@id":"https:\/\/fuentesfidedignas.com.mx\/#website","url":"https:\/\/fuentesfidedignas.com.mx\/","name":"Fuentes Fidedignas","description":"Otro sitio realizado con WordPress","publisher":{"@id":"https:\/\/fuentesfidedignas.com.mx\/#organization"},"potentialAction":[{"@type":"SearchAction","target":{"@type":"EntryPoint","urlTemplate":"https:\/\/fuentesfidedignas.com.mx\/?s={search_term_string}"},"query-input":{"@type":"PropertyValueSpecification","valueRequired":true,"valueName":"search_term_string"}}],"inLanguage":"es"},{"@type":"Organization","@id":"https:\/\/fuentesfidedignas.com.mx\/#organization","name":"Fuentes Fidedignas","url":"https:\/\/fuentesfidedignas.com.mx\/","logo":{"@type":"ImageObject","inLanguage":"es","@id":"https:\/\/fuentesfidedignas.com.mx\/#\/schema\/logo\/image\/","url":"https:\/\/fuentesfidedignas.com.mx\/wp-content\/uploads\/2021\/04\/logo-retina.png","contentUrl":"https:\/\/fuentesfidedignas.com.mx\/wp-content\/uploads\/2021\/04\/logo-retina.png","width":280,"height":51,"caption":"Fuentes Fidedignas"},"image":{"@id":"https:\/\/fuentesfidedignas.com.mx\/#\/schema\/logo\/image\/"},"sameAs":["https:\/\/www.facebook.com\/Fuentes-Fidedignas-368234489921644","https:\/\/x.com\/fidedignas"]},{"@type":"Person","@id":"https:\/\/fuentesfidedignas.com.mx\/#\/schema\/person\/331be9283d37198e2acd5750279085b0","name":"Redacci\u00f3n","image":{"@type":"ImageObject","inLanguage":"es","@id":"https:\/\/secure.gravatar.com\/avatar\/f6d8782c11d12b2d4ad3fbb6931aeab5309937a4d6cd2fc9cfaa28a6396a5aec?s=96&d=mm&r=g","url":"https:\/\/secure.gravatar.com\/avatar\/f6d8782c11d12b2d4ad3fbb6931aeab5309937a4d6cd2fc9cfaa28a6396a5aec?s=96&d=mm&r=g","contentUrl":"https:\/\/secure.gravatar.com\/avatar\/f6d8782c11d12b2d4ad3fbb6931aeab5309937a4d6cd2fc9cfaa28a6396a5aec?s=96&d=mm&r=g","caption":"Redacci\u00f3n"},"url":"https:\/\/fuentesfidedignas.com.mx\/index.php\/author\/redaccion\/"}]}},"_links":{"self":[{"href":"https:\/\/fuentesfidedignas.com.mx\/index.php\/wp-json\/wp\/v2\/posts\/69777","targetHints":{"allow":["GET"]}}],"collection":[{"href":"https:\/\/fuentesfidedignas.com.mx\/index.php\/wp-json\/wp\/v2\/posts"}],"about":[{"href":"https:\/\/fuentesfidedignas.com.mx\/index.php\/wp-json\/wp\/v2\/types\/post"}],"author":[{"embeddable":true,"href":"https:\/\/fuentesfidedignas.com.mx\/index.php\/wp-json\/wp\/v2\/users\/4"}],"replies":[{"embeddable":true,"href":"https:\/\/fuentesfidedignas.com.mx\/index.php\/wp-json\/wp\/v2\/comments?post=69777"}],"version-history":[{"count":1,"href":"https:\/\/fuentesfidedignas.com.mx\/index.php\/wp-json\/wp\/v2\/posts\/69777\/revisions"}],"predecessor-version":[{"id":69779,"href":"https:\/\/fuentesfidedignas.com.mx\/index.php\/wp-json\/wp\/v2\/posts\/69777\/revisions\/69779"}],"wp:featuredmedia":[{"embeddable":true,"href":"https:\/\/fuentesfidedignas.com.mx\/index.php\/wp-json\/wp\/v2\/media\/69778"}],"wp:attachment":[{"href":"https:\/\/fuentesfidedignas.com.mx\/index.php\/wp-json\/wp\/v2\/media?parent=69777"}],"wp:term":[{"taxonomy":"category","embeddable":true,"href":"https:\/\/fuentesfidedignas.com.mx\/index.php\/wp-json\/wp\/v2\/categories?post=69777"},{"taxonomy":"post_tag","embeddable":true,"href":"https:\/\/fuentesfidedignas.com.mx\/index.php\/wp-json\/wp\/v2\/tags?post=69777"}],"curies":[{"name":"wp","href":"https:\/\/api.w.org\/{rel}","templated":true}]}}