{"id":69753,"date":"2024-01-04T05:50:57","date_gmt":"2024-01-04T12:50:57","guid":{"rendered":"https:\/\/fuentesfidedignas.com.mx\/?p=69753"},"modified":"2024-01-03T21:51:16","modified_gmt":"2024-01-04T04:51:16","slug":"critican-a-papas-por-regalarle-a-su-hija-pequena-un-te-para-adelgazar-video","status":"publish","type":"post","link":"https:\/\/fuentesfidedignas.com.mx\/index.php\/2024\/01\/04\/critican-a-papas-por-regalarle-a-su-hija-pequena-un-te-para-adelgazar-video\/","title":{"rendered":"Critican a pap\u00e1s por regalarle a su hija peque\u00f1a un t\u00e9 para adelgazar (video)"},"content":{"rendered":"\n<p><strong><em>El clip ha causado indignaci\u00f3n debido a que se observa como unos padres le regalan un t\u00e9 para adelgazar a su hija menor de edad durante la fiesta de Navidad.<\/em><\/strong><\/p>\n\n\n\n<p>En las pasadas fechas decembrinas los regalos jugaron un papel fundamental para miles de personas que se esmeraron en buscar el mejor obsequio para sus familiares, amigos y dem\u00e1s seres queridos.<\/p>\n\n\n\n<p>Desde ropa, juguetes y aparatos electr\u00f3nicos, fueron los m\u00e1s regalados durante las celebraciones de Navidad, sin embargo, en redes sociales un video esta llamando la atenci\u00f3n por el regalo, calificado como pol\u00e9mico, que unos pap\u00e1s decidieron regalar a su hija peque\u00f1a.<\/p>\n\n\n\n<p>El clip ha causado indignaci\u00f3n debido a que se observa como unos padres le regalan un t\u00e9 para adelgazar a su hija menor de edad durante la fiesta de Navidad, con la esperanza de motivarla a bajar de peso, sin embrago, el video en cuesti\u00f3n est\u00e1 causando repulsi\u00f3n entre los usuarios de redes sociales.<\/p>\n\n\n\n<figure class=\"wp-block-embed is-type-rich is-provider-twitter wp-block-embed-twitter\"><div class=\"wp-block-embed__wrapper\">\n<blockquote class=\"twitter-tweet\" data-width=\"550\" data-dnt=\"true\"><p lang=\"en\" dir=\"ltr\">Whoever sent her that is going straight to HELLLLLLLL <a href=\"https:\/\/t.co\/FghJ7yCRa3\">pic.twitter.com\/FghJ7yCRa3<\/a><\/p>&mdash; Mesh\ud83c\udde7\ud83c\udde7 (@rahsh33m) <a href=\"https:\/\/twitter.com\/rahsh33m\/status\/1742320307048739245?ref_src=twsrc%5Etfw\">January 2, 2024<\/a><\/blockquote><script async src=\"https:\/\/platform.twitter.com\/widgets.js\" charset=\"utf-8\"><\/script>\n<\/div><\/figure>\n\n\n\n<p>En las im\u00e1genes se observa a una ni\u00f1a emocionada desenvolviendo su regalo hasta que descubre que es una caja de t\u00e9 para ayudarla a adelgazar. Ella es claramente demasiado joven para entender lo que es, aunque sus hermanos mayores inmediatamente se dan cuenta y le lanzan a sus padres miradas de disgusto.<\/p>\n\n\n\n<p>A pesar de que los hermanos saben que el regalo es inapropiado para una ni\u00f1a, el padre detr\u00e1s de la c\u00e1mara ni se inmuta e insta a la peque\u00f1a a ser agradecida por el regalo.<\/p>\n\n\n\n<p>El video compartido en X atrajo un intenso escrutinio. Una persona coment\u00f3 que era repugnante que los padres intimiden a la ni\u00f1a por su peso cuando son ellos los responsables de su alimentaci\u00f3n en primera instancia.<\/p>\n\n\n\n<p>Otros opinaron que le han quitado su infancia, haci\u00e9ndola consciente de su cuerpo desde ya y d\u00e1ndole derecho a la gente a comentar sobre ella al compartirlo en las redes sociales.<\/p>\n\n\n\n<p>Internautas consideraron que el video es descorazonador en varios niveles: por la desinformaci\u00f3n y la posible mala alimentaci\u00f3n de los padres, pero tambi\u00e9n por el impacto psicol\u00f3gico para su hija.<\/p>\n","protected":false},"excerpt":{"rendered":"<p>El clip ha causado indignaci\u00f3n debido a que se observa como unos padres le regalan un t\u00e9 para adelgazar a su hija menor de edad durante la fiesta de Navidad. En las pasadas fechas decembrinas los regalos jugaron un papel fundamental para miles de personas que se esmeraron en buscar el mejor obsequio para sus [&hellip;]<\/p>\n","protected":false},"author":7,"featured_media":69754,"comment_status":"open","ping_status":"open","sticky":false,"template":"","format":"standard","meta":{"tdm_status":"","tdm_grid_status":"","footnotes":""},"categories":[40],"tags":[],"class_list":{"0":"post-69753","1":"post","2":"type-post","3":"status-publish","4":"format-standard","5":"has-post-thumbnail","7":"category-las-asombrosas"},"yoast_head":"<!-- This site is optimized with the Yoast SEO plugin v27.5 - https:\/\/yoast.com\/product\/yoast-seo-wordpress\/ -->\n<title>Critican a pap\u00e1s por regalarle a su hija peque\u00f1a un t\u00e9 para adelgazar (video) - Fuentes Fidedignas<\/title>\n<meta name=\"robots\" content=\"index, follow, max-snippet:-1, max-image-preview:large, max-video-preview:-1\" \/>\n<link rel=\"canonical\" href=\"https:\/\/fuentesfidedignas.com.mx\/index.php\/2024\/01\/04\/critican-a-papas-por-regalarle-a-su-hija-pequena-un-te-para-adelgazar-video\/\" \/>\n<meta property=\"og:locale\" content=\"es_MX\" \/>\n<meta property=\"og:type\" content=\"article\" \/>\n<meta property=\"og:title\" content=\"Critican a pap\u00e1s por regalarle a su hija peque\u00f1a un t\u00e9 para adelgazar (video) - Fuentes Fidedignas\" \/>\n<meta property=\"og:description\" content=\"El clip ha causado indignaci\u00f3n debido a que se observa como unos padres le regalan un t\u00e9 para adelgazar a su hija menor de edad durante la fiesta de Navidad. En las pasadas fechas decembrinas los regalos jugaron un papel fundamental para miles de personas que se esmeraron en buscar el mejor obsequio para sus [&hellip;]\" \/>\n<meta property=\"og:url\" content=\"https:\/\/fuentesfidedignas.com.mx\/index.php\/2024\/01\/04\/critican-a-papas-por-regalarle-a-su-hija-pequena-un-te-para-adelgazar-video\/\" \/>\n<meta property=\"og:site_name\" content=\"Fuentes Fidedignas\" \/>\n<meta property=\"article:publisher\" content=\"https:\/\/www.facebook.com\/Fuentes-Fidedignas-368234489921644\" \/>\n<meta property=\"article:published_time\" content=\"2024-01-04T12:50:57+00:00\" \/>\n<meta property=\"og:image\" content=\"https:\/\/fuentesfidedignas.com.mx\/wp-content\/uploads\/2024\/01\/NINA_TE_ADELGAZAR.jpg\" \/>\n\t<meta property=\"og:image:width\" content=\"800\" \/>\n\t<meta property=\"og:image:height\" content=\"600\" \/>\n\t<meta property=\"og:image:type\" content=\"image\/jpeg\" \/>\n<meta name=\"author\" content=\"Exc\u00e9lsior\" \/>\n<meta name=\"twitter:card\" content=\"summary_large_image\" \/>\n<meta name=\"twitter:creator\" content=\"@fidedignas\" \/>\n<meta name=\"twitter:site\" content=\"@fidedignas\" \/>\n<meta name=\"twitter:label1\" content=\"Escrito por\" \/>\n\t<meta name=\"twitter:data1\" content=\"Exc\u00e9lsior\" \/>\n\t<meta name=\"twitter:label2\" content=\"Tiempo de lectura\" \/>\n\t<meta name=\"twitter:data2\" content=\"2 minutos\" \/>\n<script type=\"application\/ld+json\" class=\"yoast-schema-graph\">{\"@context\":\"https:\\\/\\\/schema.org\",\"@graph\":[{\"@type\":\"Article\",\"@id\":\"https:\\\/\\\/fuentesfidedignas.com.mx\\\/index.php\\\/2024\\\/01\\\/04\\\/critican-a-papas-por-regalarle-a-su-hija-pequena-un-te-para-adelgazar-video\\\/#article\",\"isPartOf\":{\"@id\":\"https:\\\/\\\/fuentesfidedignas.com.mx\\\/index.php\\\/2024\\\/01\\\/04\\\/critican-a-papas-por-regalarle-a-su-hija-pequena-un-te-para-adelgazar-video\\\/\"},\"author\":{\"name\":\"Exc\u00e9lsior\",\"@id\":\"https:\\\/\\\/fuentesfidedignas.com.mx\\\/#\\\/schema\\\/person\\\/ec4edd1fbf5efa3e44fce34fe2787780\"},\"headline\":\"Critican a pap\u00e1s por regalarle a su hija peque\u00f1a un t\u00e9 para adelgazar (video)\",\"datePublished\":\"2024-01-04T12:50:57+00:00\",\"mainEntityOfPage\":{\"@id\":\"https:\\\/\\\/fuentesfidedignas.com.mx\\\/index.php\\\/2024\\\/01\\\/04\\\/critican-a-papas-por-regalarle-a-su-hija-pequena-un-te-para-adelgazar-video\\\/\"},\"wordCount\":386,\"commentCount\":0,\"publisher\":{\"@id\":\"https:\\\/\\\/fuentesfidedignas.com.mx\\\/#organization\"},\"image\":{\"@id\":\"https:\\\/\\\/fuentesfidedignas.com.mx\\\/index.php\\\/2024\\\/01\\\/04\\\/critican-a-papas-por-regalarle-a-su-hija-pequena-un-te-para-adelgazar-video\\\/#primaryimage\"},\"thumbnailUrl\":\"https:\\\/\\\/fuentesfidedignas.com.mx\\\/wp-content\\\/uploads\\\/2024\\\/01\\\/NINA_TE_ADELGAZAR.jpg\",\"articleSection\":[\"LAS ASOMBROSAS\"],\"inLanguage\":\"es\",\"potentialAction\":[{\"@type\":\"CommentAction\",\"name\":\"Comment\",\"target\":[\"https:\\\/\\\/fuentesfidedignas.com.mx\\\/index.php\\\/2024\\\/01\\\/04\\\/critican-a-papas-por-regalarle-a-su-hija-pequena-un-te-para-adelgazar-video\\\/#respond\"]}]},{\"@type\":\"WebPage\",\"@id\":\"https:\\\/\\\/fuentesfidedignas.com.mx\\\/index.php\\\/2024\\\/01\\\/04\\\/critican-a-papas-por-regalarle-a-su-hija-pequena-un-te-para-adelgazar-video\\\/\",\"url\":\"https:\\\/\\\/fuentesfidedignas.com.mx\\\/index.php\\\/2024\\\/01\\\/04\\\/critican-a-papas-por-regalarle-a-su-hija-pequena-un-te-para-adelgazar-video\\\/\",\"name\":\"Critican a pap\u00e1s por regalarle a su hija peque\u00f1a un t\u00e9 para adelgazar (video) - Fuentes Fidedignas\",\"isPartOf\":{\"@id\":\"https:\\\/\\\/fuentesfidedignas.com.mx\\\/#website\"},\"primaryImageOfPage\":{\"@id\":\"https:\\\/\\\/fuentesfidedignas.com.mx\\\/index.php\\\/2024\\\/01\\\/04\\\/critican-a-papas-por-regalarle-a-su-hija-pequena-un-te-para-adelgazar-video\\\/#primaryimage\"},\"image\":{\"@id\":\"https:\\\/\\\/fuentesfidedignas.com.mx\\\/index.php\\\/2024\\\/01\\\/04\\\/critican-a-papas-por-regalarle-a-su-hija-pequena-un-te-para-adelgazar-video\\\/#primaryimage\"},\"thumbnailUrl\":\"https:\\\/\\\/fuentesfidedignas.com.mx\\\/wp-content\\\/uploads\\\/2024\\\/01\\\/NINA_TE_ADELGAZAR.jpg\",\"datePublished\":\"2024-01-04T12:50:57+00:00\",\"breadcrumb\":{\"@id\":\"https:\\\/\\\/fuentesfidedignas.com.mx\\\/index.php\\\/2024\\\/01\\\/04\\\/critican-a-papas-por-regalarle-a-su-hija-pequena-un-te-para-adelgazar-video\\\/#breadcrumb\"},\"inLanguage\":\"es\",\"potentialAction\":[{\"@type\":\"ReadAction\",\"target\":[\"https:\\\/\\\/fuentesfidedignas.com.mx\\\/index.php\\\/2024\\\/01\\\/04\\\/critican-a-papas-por-regalarle-a-su-hija-pequena-un-te-para-adelgazar-video\\\/\"]}]},{\"@type\":\"ImageObject\",\"inLanguage\":\"es\",\"@id\":\"https:\\\/\\\/fuentesfidedignas.com.mx\\\/index.php\\\/2024\\\/01\\\/04\\\/critican-a-papas-por-regalarle-a-su-hija-pequena-un-te-para-adelgazar-video\\\/#primaryimage\",\"url\":\"https:\\\/\\\/fuentesfidedignas.com.mx\\\/wp-content\\\/uploads\\\/2024\\\/01\\\/NINA_TE_ADELGAZAR.jpg\",\"contentUrl\":\"https:\\\/\\\/fuentesfidedignas.com.mx\\\/wp-content\\\/uploads\\\/2024\\\/01\\\/NINA_TE_ADELGAZAR.jpg\",\"width\":800,\"height\":600},{\"@type\":\"BreadcrumbList\",\"@id\":\"https:\\\/\\\/fuentesfidedignas.com.mx\\\/index.php\\\/2024\\\/01\\\/04\\\/critican-a-papas-por-regalarle-a-su-hija-pequena-un-te-para-adelgazar-video\\\/#breadcrumb\",\"itemListElement\":[{\"@type\":\"ListItem\",\"position\":1,\"name\":\"Inicio\",\"item\":\"https:\\\/\\\/fuentesfidedignas.com.mx\\\/\"},{\"@type\":\"ListItem\",\"position\":2,\"name\":\"Critican a pap\u00e1s por regalarle a su hija peque\u00f1a un t\u00e9 para adelgazar (video)\"}]},{\"@type\":\"WebSite\",\"@id\":\"https:\\\/\\\/fuentesfidedignas.com.mx\\\/#website\",\"url\":\"https:\\\/\\\/fuentesfidedignas.com.mx\\\/\",\"name\":\"Fuentes Fidedignas\",\"description\":\"Otro sitio realizado con WordPress\",\"publisher\":{\"@id\":\"https:\\\/\\\/fuentesfidedignas.com.mx\\\/#organization\"},\"potentialAction\":[{\"@type\":\"SearchAction\",\"target\":{\"@type\":\"EntryPoint\",\"urlTemplate\":\"https:\\\/\\\/fuentesfidedignas.com.mx\\\/?s={search_term_string}\"},\"query-input\":{\"@type\":\"PropertyValueSpecification\",\"valueRequired\":true,\"valueName\":\"search_term_string\"}}],\"inLanguage\":\"es\"},{\"@type\":\"Organization\",\"@id\":\"https:\\\/\\\/fuentesfidedignas.com.mx\\\/#organization\",\"name\":\"Fuentes Fidedignas\",\"url\":\"https:\\\/\\\/fuentesfidedignas.com.mx\\\/\",\"logo\":{\"@type\":\"ImageObject\",\"inLanguage\":\"es\",\"@id\":\"https:\\\/\\\/fuentesfidedignas.com.mx\\\/#\\\/schema\\\/logo\\\/image\\\/\",\"url\":\"https:\\\/\\\/fuentesfidedignas.com.mx\\\/wp-content\\\/uploads\\\/2021\\\/04\\\/logo-retina.png\",\"contentUrl\":\"https:\\\/\\\/fuentesfidedignas.com.mx\\\/wp-content\\\/uploads\\\/2021\\\/04\\\/logo-retina.png\",\"width\":280,\"height\":51,\"caption\":\"Fuentes Fidedignas\"},\"image\":{\"@id\":\"https:\\\/\\\/fuentesfidedignas.com.mx\\\/#\\\/schema\\\/logo\\\/image\\\/\"},\"sameAs\":[\"https:\\\/\\\/www.facebook.com\\\/Fuentes-Fidedignas-368234489921644\",\"https:\\\/\\\/x.com\\\/fidedignas\"]},{\"@type\":\"Person\",\"@id\":\"https:\\\/\\\/fuentesfidedignas.com.mx\\\/#\\\/schema\\\/person\\\/ec4edd1fbf5efa3e44fce34fe2787780\",\"name\":\"Exc\u00e9lsior\",\"image\":{\"@type\":\"ImageObject\",\"inLanguage\":\"es\",\"@id\":\"https:\\\/\\\/secure.gravatar.com\\\/avatar\\\/4b7ee9206b48be08447852b3f0814dbc7c0f3b51541b164f1464a2725614020b?s=96&d=mm&r=g\",\"url\":\"https:\\\/\\\/secure.gravatar.com\\\/avatar\\\/4b7ee9206b48be08447852b3f0814dbc7c0f3b51541b164f1464a2725614020b?s=96&d=mm&r=g\",\"contentUrl\":\"https:\\\/\\\/secure.gravatar.com\\\/avatar\\\/4b7ee9206b48be08447852b3f0814dbc7c0f3b51541b164f1464a2725614020b?s=96&d=mm&r=g\",\"caption\":\"Exc\u00e9lsior\"},\"url\":\"https:\\\/\\\/fuentesfidedignas.com.mx\\\/index.php\\\/author\\\/excelsior\\\/\"}]}<\/script>\n<!-- \/ Yoast SEO plugin. -->","yoast_head_json":{"title":"Critican a pap\u00e1s por regalarle a su hija peque\u00f1a un t\u00e9 para adelgazar (video) - Fuentes Fidedignas","robots":{"index":"index","follow":"follow","max-snippet":"max-snippet:-1","max-image-preview":"max-image-preview:large","max-video-preview":"max-video-preview:-1"},"canonical":"https:\/\/fuentesfidedignas.com.mx\/index.php\/2024\/01\/04\/critican-a-papas-por-regalarle-a-su-hija-pequena-un-te-para-adelgazar-video\/","og_locale":"es_MX","og_type":"article","og_title":"Critican a pap\u00e1s por regalarle a su hija peque\u00f1a un t\u00e9 para adelgazar (video) - Fuentes Fidedignas","og_description":"El clip ha causado indignaci\u00f3n debido a que se observa como unos padres le regalan un t\u00e9 para adelgazar a su hija menor de edad durante la fiesta de Navidad. En las pasadas fechas decembrinas los regalos jugaron un papel fundamental para miles de personas que se esmeraron en buscar el mejor obsequio para sus [&hellip;]","og_url":"https:\/\/fuentesfidedignas.com.mx\/index.php\/2024\/01\/04\/critican-a-papas-por-regalarle-a-su-hija-pequena-un-te-para-adelgazar-video\/","og_site_name":"Fuentes Fidedignas","article_publisher":"https:\/\/www.facebook.com\/Fuentes-Fidedignas-368234489921644","article_published_time":"2024-01-04T12:50:57+00:00","og_image":[{"width":800,"height":600,"url":"https:\/\/fuentesfidedignas.com.mx\/wp-content\/uploads\/2024\/01\/NINA_TE_ADELGAZAR.jpg","type":"image\/jpeg"}],"author":"Exc\u00e9lsior","twitter_card":"summary_large_image","twitter_creator":"@fidedignas","twitter_site":"@fidedignas","twitter_misc":{"Escrito por":"Exc\u00e9lsior","Tiempo de lectura":"2 minutos"},"schema":{"@context":"https:\/\/schema.org","@graph":[{"@type":"Article","@id":"https:\/\/fuentesfidedignas.com.mx\/index.php\/2024\/01\/04\/critican-a-papas-por-regalarle-a-su-hija-pequena-un-te-para-adelgazar-video\/#article","isPartOf":{"@id":"https:\/\/fuentesfidedignas.com.mx\/index.php\/2024\/01\/04\/critican-a-papas-por-regalarle-a-su-hija-pequena-un-te-para-adelgazar-video\/"},"author":{"name":"Exc\u00e9lsior","@id":"https:\/\/fuentesfidedignas.com.mx\/#\/schema\/person\/ec4edd1fbf5efa3e44fce34fe2787780"},"headline":"Critican a pap\u00e1s por regalarle a su hija peque\u00f1a un t\u00e9 para adelgazar (video)","datePublished":"2024-01-04T12:50:57+00:00","mainEntityOfPage":{"@id":"https:\/\/fuentesfidedignas.com.mx\/index.php\/2024\/01\/04\/critican-a-papas-por-regalarle-a-su-hija-pequena-un-te-para-adelgazar-video\/"},"wordCount":386,"commentCount":0,"publisher":{"@id":"https:\/\/fuentesfidedignas.com.mx\/#organization"},"image":{"@id":"https:\/\/fuentesfidedignas.com.mx\/index.php\/2024\/01\/04\/critican-a-papas-por-regalarle-a-su-hija-pequena-un-te-para-adelgazar-video\/#primaryimage"},"thumbnailUrl":"https:\/\/fuentesfidedignas.com.mx\/wp-content\/uploads\/2024\/01\/NINA_TE_ADELGAZAR.jpg","articleSection":["LAS ASOMBROSAS"],"inLanguage":"es","potentialAction":[{"@type":"CommentAction","name":"Comment","target":["https:\/\/fuentesfidedignas.com.mx\/index.php\/2024\/01\/04\/critican-a-papas-por-regalarle-a-su-hija-pequena-un-te-para-adelgazar-video\/#respond"]}]},{"@type":"WebPage","@id":"https:\/\/fuentesfidedignas.com.mx\/index.php\/2024\/01\/04\/critican-a-papas-por-regalarle-a-su-hija-pequena-un-te-para-adelgazar-video\/","url":"https:\/\/fuentesfidedignas.com.mx\/index.php\/2024\/01\/04\/critican-a-papas-por-regalarle-a-su-hija-pequena-un-te-para-adelgazar-video\/","name":"Critican a pap\u00e1s por regalarle a su hija peque\u00f1a un t\u00e9 para adelgazar (video) - Fuentes Fidedignas","isPartOf":{"@id":"https:\/\/fuentesfidedignas.com.mx\/#website"},"primaryImageOfPage":{"@id":"https:\/\/fuentesfidedignas.com.mx\/index.php\/2024\/01\/04\/critican-a-papas-por-regalarle-a-su-hija-pequena-un-te-para-adelgazar-video\/#primaryimage"},"image":{"@id":"https:\/\/fuentesfidedignas.com.mx\/index.php\/2024\/01\/04\/critican-a-papas-por-regalarle-a-su-hija-pequena-un-te-para-adelgazar-video\/#primaryimage"},"thumbnailUrl":"https:\/\/fuentesfidedignas.com.mx\/wp-content\/uploads\/2024\/01\/NINA_TE_ADELGAZAR.jpg","datePublished":"2024-01-04T12:50:57+00:00","breadcrumb":{"@id":"https:\/\/fuentesfidedignas.com.mx\/index.php\/2024\/01\/04\/critican-a-papas-por-regalarle-a-su-hija-pequena-un-te-para-adelgazar-video\/#breadcrumb"},"inLanguage":"es","potentialAction":[{"@type":"ReadAction","target":["https:\/\/fuentesfidedignas.com.mx\/index.php\/2024\/01\/04\/critican-a-papas-por-regalarle-a-su-hija-pequena-un-te-para-adelgazar-video\/"]}]},{"@type":"ImageObject","inLanguage":"es","@id":"https:\/\/fuentesfidedignas.com.mx\/index.php\/2024\/01\/04\/critican-a-papas-por-regalarle-a-su-hija-pequena-un-te-para-adelgazar-video\/#primaryimage","url":"https:\/\/fuentesfidedignas.com.mx\/wp-content\/uploads\/2024\/01\/NINA_TE_ADELGAZAR.jpg","contentUrl":"https:\/\/fuentesfidedignas.com.mx\/wp-content\/uploads\/2024\/01\/NINA_TE_ADELGAZAR.jpg","width":800,"height":600},{"@type":"BreadcrumbList","@id":"https:\/\/fuentesfidedignas.com.mx\/index.php\/2024\/01\/04\/critican-a-papas-por-regalarle-a-su-hija-pequena-un-te-para-adelgazar-video\/#breadcrumb","itemListElement":[{"@type":"ListItem","position":1,"name":"Inicio","item":"https:\/\/fuentesfidedignas.com.mx\/"},{"@type":"ListItem","position":2,"name":"Critican a pap\u00e1s por regalarle a su hija peque\u00f1a un t\u00e9 para adelgazar (video)"}]},{"@type":"WebSite","@id":"https:\/\/fuentesfidedignas.com.mx\/#website","url":"https:\/\/fuentesfidedignas.com.mx\/","name":"Fuentes Fidedignas","description":"Otro sitio realizado con WordPress","publisher":{"@id":"https:\/\/fuentesfidedignas.com.mx\/#organization"},"potentialAction":[{"@type":"SearchAction","target":{"@type":"EntryPoint","urlTemplate":"https:\/\/fuentesfidedignas.com.mx\/?s={search_term_string}"},"query-input":{"@type":"PropertyValueSpecification","valueRequired":true,"valueName":"search_term_string"}}],"inLanguage":"es"},{"@type":"Organization","@id":"https:\/\/fuentesfidedignas.com.mx\/#organization","name":"Fuentes Fidedignas","url":"https:\/\/fuentesfidedignas.com.mx\/","logo":{"@type":"ImageObject","inLanguage":"es","@id":"https:\/\/fuentesfidedignas.com.mx\/#\/schema\/logo\/image\/","url":"https:\/\/fuentesfidedignas.com.mx\/wp-content\/uploads\/2021\/04\/logo-retina.png","contentUrl":"https:\/\/fuentesfidedignas.com.mx\/wp-content\/uploads\/2021\/04\/logo-retina.png","width":280,"height":51,"caption":"Fuentes Fidedignas"},"image":{"@id":"https:\/\/fuentesfidedignas.com.mx\/#\/schema\/logo\/image\/"},"sameAs":["https:\/\/www.facebook.com\/Fuentes-Fidedignas-368234489921644","https:\/\/x.com\/fidedignas"]},{"@type":"Person","@id":"https:\/\/fuentesfidedignas.com.mx\/#\/schema\/person\/ec4edd1fbf5efa3e44fce34fe2787780","name":"Exc\u00e9lsior","image":{"@type":"ImageObject","inLanguage":"es","@id":"https:\/\/secure.gravatar.com\/avatar\/4b7ee9206b48be08447852b3f0814dbc7c0f3b51541b164f1464a2725614020b?s=96&d=mm&r=g","url":"https:\/\/secure.gravatar.com\/avatar\/4b7ee9206b48be08447852b3f0814dbc7c0f3b51541b164f1464a2725614020b?s=96&d=mm&r=g","contentUrl":"https:\/\/secure.gravatar.com\/avatar\/4b7ee9206b48be08447852b3f0814dbc7c0f3b51541b164f1464a2725614020b?s=96&d=mm&r=g","caption":"Exc\u00e9lsior"},"url":"https:\/\/fuentesfidedignas.com.mx\/index.php\/author\/excelsior\/"}]}},"_links":{"self":[{"href":"https:\/\/fuentesfidedignas.com.mx\/index.php\/wp-json\/wp\/v2\/posts\/69753","targetHints":{"allow":["GET"]}}],"collection":[{"href":"https:\/\/fuentesfidedignas.com.mx\/index.php\/wp-json\/wp\/v2\/posts"}],"about":[{"href":"https:\/\/fuentesfidedignas.com.mx\/index.php\/wp-json\/wp\/v2\/types\/post"}],"author":[{"embeddable":true,"href":"https:\/\/fuentesfidedignas.com.mx\/index.php\/wp-json\/wp\/v2\/users\/7"}],"replies":[{"embeddable":true,"href":"https:\/\/fuentesfidedignas.com.mx\/index.php\/wp-json\/wp\/v2\/comments?post=69753"}],"version-history":[{"count":2,"href":"https:\/\/fuentesfidedignas.com.mx\/index.php\/wp-json\/wp\/v2\/posts\/69753\/revisions"}],"predecessor-version":[{"id":69756,"href":"https:\/\/fuentesfidedignas.com.mx\/index.php\/wp-json\/wp\/v2\/posts\/69753\/revisions\/69756"}],"wp:featuredmedia":[{"embeddable":true,"href":"https:\/\/fuentesfidedignas.com.mx\/index.php\/wp-json\/wp\/v2\/media\/69754"}],"wp:attachment":[{"href":"https:\/\/fuentesfidedignas.com.mx\/index.php\/wp-json\/wp\/v2\/media?parent=69753"}],"wp:term":[{"taxonomy":"category","embeddable":true,"href":"https:\/\/fuentesfidedignas.com.mx\/index.php\/wp-json\/wp\/v2\/categories?post=69753"},{"taxonomy":"post_tag","embeddable":true,"href":"https:\/\/fuentesfidedignas.com.mx\/index.php\/wp-json\/wp\/v2\/tags?post=69753"}],"curies":[{"name":"wp","href":"https:\/\/api.w.org\/{rel}","templated":true}]}}