{"id":69722,"date":"2024-01-03T13:28:00","date_gmt":"2024-01-03T20:28:00","guid":{"rendered":"https:\/\/fuentesfidedignas.com.mx\/?p=69722"},"modified":"2024-01-03T13:27:44","modified_gmt":"2024-01-03T20:27:44","slug":"anuncian-visita-de-xochitl-galvez-a-sinaloa-el-lunes-8-de-enero","status":"publish","type":"post","link":"https:\/\/fuentesfidedignas.com.mx\/index.php\/2024\/01\/03\/anuncian-visita-de-xochitl-galvez-a-sinaloa-el-lunes-8-de-enero\/","title":{"rendered":"Anuncian visita de X\u00f3chitl G\u00e1lvez a Sinaloa el lunes 8 de enero"},"content":{"rendered":"\n<p><em><strong>La precandidata a la Presidencia de la Rep\u00fablica encabezar\u00e1 dos eventos en Los Mochis y El Carrizo<\/strong><\/em><\/p>\n\n\n\n<p>Culiac\u00e1n, Sin.- \u201cAndr\u00e9s Manuel L\u00f3pez Obrador es un presidente destructor\u201d, asegur\u00f3 la presidenta del PAN en Sinaloa, Roxana Rubio Valdez, al anunciar en conferencia de prensa la visita al estado de la precandidata a la Presidencia de la Rep\u00fablica X\u00f3chitl G\u00e1lvez el pr\u00f3ximo lunes ocho de enero.<\/p>\n\n\n\n<p>Inform\u00f3 que el lunes 8 de enero, la precandidata a la Presidencia de la Rep\u00fablica X\u00f3chitl G\u00e1lvez encabezar\u00e1 dos eventos. <strong>El primero ser\u00e1 un encuentro con productores de trigo y ma\u00edz, en Presa Gustavo D\u00edaz Ordaz y R\u00edo Humaya, en la sindicatura D\u00edaz Ordaz, El Carrizo, Ahome, Sinaloa, a las 10:30 horas.<\/strong><\/p>\n\n\n\n<p>El segundo ser\u00e1 un encuentro con militancia y simpatizantes en Calle Vicente Guerrero esquina con Blvd. Rosendo G. Castro Col. Centro, en Los Mochis, Sinaloa, a las 15:30 horas.<\/p>\n\n\n\n<p>Roxana Rubio afirm\u00f3 que la precandidata sostendr\u00e1 un encuentro con productores agr\u00edcolas en el norte de la entidad: <em>\u201cEs muy preocupante la situaci\u00f3n de sus siembras y cosechas por lo que nuestra precandidata quiere tratar este tema social de frente, por lo que en esta ocasi\u00f3n va a visitar el norte del Estado\u201d<\/em>.<\/p>\n\n\n\n<p>\u201cEstar\u00e1 presente el lunes ocho de enero en Ahome y tendr\u00e1 dos reuniones, la primera que estar\u00e1 en El Carrizo donde atender\u00e1 a los agricultores, y tambi\u00e9n tendr\u00e1 otra reuni\u00f3n, la segunda que ser\u00e1 por la tarde en el centro de Los Mochis\u201d, inform\u00f3.<\/p>\n\n\n\n<p>\u201c<strong>Nuestra precandidata le escribi\u00f3 recientemente una carta a este presidente destructor que tenemos Andr\u00e9s Manuel L\u00f3pez Obrador exhort\u00e1ndolo a que de verdad se dedique a gobernar en los \u00faltimos meses que le quedan de su mandato<\/strong>\u201d, sostuvo la presidenta del PAN.<\/p>\n\n\n\n<p>\u201cDesde que los morenistas \u2013lament\u00f3- llegaron al poder, tanto aqu\u00ed en Sinaloa como en el pa\u00eds, solo han trabajado para no soltarlo y no para que los mexicanos tengan herramientas para desarrollarse y hacer que crezca nuestro de Sinaloa y nuestro M\u00e9xico\u201d.<\/p>\n\n\n\n<p>Enfatiz\u00f3 que actualmente M\u00e9xico tiene menos educaci\u00f3n, no hay escuelas de tiempo completo, no hay estancias infantiles, tiene m\u00e1s asesinatos, m\u00e1s feminicidios, m\u00e1s personas desaparecidas y menos gobernabilidad.<\/p>\n\n\n\n<p><strong>\u201c\u00bfY qu\u00e9 decir del campo, la pesca y la salud, la salud la tienen abandonada. La esperanza ya cambi\u00f3 de manos. La esperanza est\u00e1 con X\u00f3chitl G\u00e1lvez y desde aqu\u00ed le decimos que en Sinaloa vamos a sacar a Morena, vamos a ganar el 2024 y as\u00ed estar\u00e1 en todo el pa\u00eds<\/strong>\u201d, asegur\u00f3 la dirigente de Acci\u00f3n Nacional.<\/p>\n\n\n\n<p>En la conferencia donde Roxana Rubio Valdez fungi\u00f3 como anfitriona, en las instalaciones del PAN, estuvieron presentes Paola Iveth G\u00e1rate Valenzuela, Oner Gonzalo Lazcano L\u00f3pez y H\u00e9ctor Melesio Cu\u00e9n Ojeda, presidentes de PAN, PRI, PRD y PAS.<\/p>\n\n\n\n<p><\/p>\n","protected":false},"excerpt":{"rendered":"<p>La precandidata a la Presidencia de la Rep\u00fablica encabezar\u00e1 dos eventos en Los Mochis y El Carrizo Culiac\u00e1n, Sin.- \u201cAndr\u00e9s Manuel L\u00f3pez Obrador es un presidente destructor\u201d, asegur\u00f3 la presidenta del PAN en Sinaloa, Roxana Rubio Valdez, al anunciar en conferencia de prensa la visita al estado de la precandidata a la Presidencia de la [&hellip;]<\/p>\n","protected":false},"author":112,"featured_media":69723,"comment_status":"open","ping_status":"open","sticky":false,"template":"","format":"standard","meta":{"tdm_status":"","tdm_grid_status":"","footnotes":""},"categories":[37],"tags":[],"class_list":{"0":"post-69722","1":"post","2":"type-post","3":"status-publish","4":"format-standard","5":"has-post-thumbnail","7":"category-nota-principal"},"yoast_head":"<!-- This site is optimized with the Yoast SEO plugin v27.4 - https:\/\/yoast.com\/product\/yoast-seo-wordpress\/ -->\n<title>Anuncian visita de X\u00f3chitl G\u00e1lvez a Sinaloa el lunes 8 de enero - Fuentes Fidedignas<\/title>\n<meta name=\"robots\" content=\"index, follow, max-snippet:-1, max-image-preview:large, max-video-preview:-1\" \/>\n<link rel=\"canonical\" href=\"https:\/\/fuentesfidedignas.com.mx\/index.php\/2024\/01\/03\/anuncian-visita-de-xochitl-galvez-a-sinaloa-el-lunes-8-de-enero\/\" \/>\n<meta property=\"og:locale\" content=\"es_MX\" \/>\n<meta property=\"og:type\" content=\"article\" \/>\n<meta property=\"og:title\" content=\"Anuncian visita de X\u00f3chitl G\u00e1lvez a Sinaloa el lunes 8 de enero - Fuentes Fidedignas\" \/>\n<meta property=\"og:description\" content=\"La precandidata a la Presidencia de la Rep\u00fablica encabezar\u00e1 dos eventos en Los Mochis y El Carrizo Culiac\u00e1n, Sin.- \u201cAndr\u00e9s Manuel L\u00f3pez Obrador es un presidente destructor\u201d, asegur\u00f3 la presidenta del PAN en Sinaloa, Roxana Rubio Valdez, al anunciar en conferencia de prensa la visita al estado de la precandidata a la Presidencia de la [&hellip;]\" \/>\n<meta property=\"og:url\" content=\"https:\/\/fuentesfidedignas.com.mx\/index.php\/2024\/01\/03\/anuncian-visita-de-xochitl-galvez-a-sinaloa-el-lunes-8-de-enero\/\" \/>\n<meta property=\"og:site_name\" content=\"Fuentes Fidedignas\" \/>\n<meta property=\"article:publisher\" content=\"https:\/\/www.facebook.com\/Fuentes-Fidedignas-368234489921644\" \/>\n<meta property=\"article:published_time\" content=\"2024-01-03T20:28:00+00:00\" \/>\n<meta property=\"og:image\" content=\"https:\/\/fuentesfidedignas.com.mx\/wp-content\/uploads\/2024\/01\/WhatsApp-Image-2024-01-03-at-11.07.54-AM.jpeg\" \/>\n\t<meta property=\"og:image:width\" content=\"600\" \/>\n\t<meta property=\"og:image:height\" content=\"384\" \/>\n\t<meta property=\"og:image:type\" content=\"image\/jpeg\" \/>\n<meta name=\"author\" content=\"Leonardo Gutierrez\" \/>\n<meta name=\"twitter:card\" content=\"summary_large_image\" \/>\n<meta name=\"twitter:creator\" content=\"@fidedignas\" \/>\n<meta name=\"twitter:site\" content=\"@fidedignas\" \/>\n<meta name=\"twitter:label1\" content=\"Escrito por\" \/>\n\t<meta name=\"twitter:data1\" content=\"Leonardo Gutierrez\" \/>\n\t<meta name=\"twitter:label2\" content=\"Tiempo de lectura\" \/>\n\t<meta name=\"twitter:data2\" content=\"3 minutos\" \/>\n<script type=\"application\/ld+json\" class=\"yoast-schema-graph\">{\"@context\":\"https:\\\/\\\/schema.org\",\"@graph\":[{\"@type\":\"Article\",\"@id\":\"https:\\\/\\\/fuentesfidedignas.com.mx\\\/index.php\\\/2024\\\/01\\\/03\\\/anuncian-visita-de-xochitl-galvez-a-sinaloa-el-lunes-8-de-enero\\\/#article\",\"isPartOf\":{\"@id\":\"https:\\\/\\\/fuentesfidedignas.com.mx\\\/index.php\\\/2024\\\/01\\\/03\\\/anuncian-visita-de-xochitl-galvez-a-sinaloa-el-lunes-8-de-enero\\\/\"},\"author\":{\"name\":\"Leonardo Gutierrez\",\"@id\":\"https:\\\/\\\/fuentesfidedignas.com.mx\\\/#\\\/schema\\\/person\\\/c77df25c00baae1d4fdc0340db6f364c\"},\"headline\":\"Anuncian visita de X\u00f3chitl G\u00e1lvez a Sinaloa el lunes 8 de enero\",\"datePublished\":\"2024-01-03T20:28:00+00:00\",\"mainEntityOfPage\":{\"@id\":\"https:\\\/\\\/fuentesfidedignas.com.mx\\\/index.php\\\/2024\\\/01\\\/03\\\/anuncian-visita-de-xochitl-galvez-a-sinaloa-el-lunes-8-de-enero\\\/\"},\"wordCount\":497,\"commentCount\":0,\"publisher\":{\"@id\":\"https:\\\/\\\/fuentesfidedignas.com.mx\\\/#organization\"},\"image\":{\"@id\":\"https:\\\/\\\/fuentesfidedignas.com.mx\\\/index.php\\\/2024\\\/01\\\/03\\\/anuncian-visita-de-xochitl-galvez-a-sinaloa-el-lunes-8-de-enero\\\/#primaryimage\"},\"thumbnailUrl\":\"https:\\\/\\\/fuentesfidedignas.com.mx\\\/wp-content\\\/uploads\\\/2024\\\/01\\\/WhatsApp-Image-2024-01-03-at-11.07.54-AM.jpeg\",\"articleSection\":[\"NOTA PRINCIPAL\"],\"inLanguage\":\"es\",\"potentialAction\":[{\"@type\":\"CommentAction\",\"name\":\"Comment\",\"target\":[\"https:\\\/\\\/fuentesfidedignas.com.mx\\\/index.php\\\/2024\\\/01\\\/03\\\/anuncian-visita-de-xochitl-galvez-a-sinaloa-el-lunes-8-de-enero\\\/#respond\"]}]},{\"@type\":\"WebPage\",\"@id\":\"https:\\\/\\\/fuentesfidedignas.com.mx\\\/index.php\\\/2024\\\/01\\\/03\\\/anuncian-visita-de-xochitl-galvez-a-sinaloa-el-lunes-8-de-enero\\\/\",\"url\":\"https:\\\/\\\/fuentesfidedignas.com.mx\\\/index.php\\\/2024\\\/01\\\/03\\\/anuncian-visita-de-xochitl-galvez-a-sinaloa-el-lunes-8-de-enero\\\/\",\"name\":\"Anuncian visita de X\u00f3chitl G\u00e1lvez a Sinaloa el lunes 8 de enero - Fuentes Fidedignas\",\"isPartOf\":{\"@id\":\"https:\\\/\\\/fuentesfidedignas.com.mx\\\/#website\"},\"primaryImageOfPage\":{\"@id\":\"https:\\\/\\\/fuentesfidedignas.com.mx\\\/index.php\\\/2024\\\/01\\\/03\\\/anuncian-visita-de-xochitl-galvez-a-sinaloa-el-lunes-8-de-enero\\\/#primaryimage\"},\"image\":{\"@id\":\"https:\\\/\\\/fuentesfidedignas.com.mx\\\/index.php\\\/2024\\\/01\\\/03\\\/anuncian-visita-de-xochitl-galvez-a-sinaloa-el-lunes-8-de-enero\\\/#primaryimage\"},\"thumbnailUrl\":\"https:\\\/\\\/fuentesfidedignas.com.mx\\\/wp-content\\\/uploads\\\/2024\\\/01\\\/WhatsApp-Image-2024-01-03-at-11.07.54-AM.jpeg\",\"datePublished\":\"2024-01-03T20:28:00+00:00\",\"breadcrumb\":{\"@id\":\"https:\\\/\\\/fuentesfidedignas.com.mx\\\/index.php\\\/2024\\\/01\\\/03\\\/anuncian-visita-de-xochitl-galvez-a-sinaloa-el-lunes-8-de-enero\\\/#breadcrumb\"},\"inLanguage\":\"es\",\"potentialAction\":[{\"@type\":\"ReadAction\",\"target\":[\"https:\\\/\\\/fuentesfidedignas.com.mx\\\/index.php\\\/2024\\\/01\\\/03\\\/anuncian-visita-de-xochitl-galvez-a-sinaloa-el-lunes-8-de-enero\\\/\"]}]},{\"@type\":\"ImageObject\",\"inLanguage\":\"es\",\"@id\":\"https:\\\/\\\/fuentesfidedignas.com.mx\\\/index.php\\\/2024\\\/01\\\/03\\\/anuncian-visita-de-xochitl-galvez-a-sinaloa-el-lunes-8-de-enero\\\/#primaryimage\",\"url\":\"https:\\\/\\\/fuentesfidedignas.com.mx\\\/wp-content\\\/uploads\\\/2024\\\/01\\\/WhatsApp-Image-2024-01-03-at-11.07.54-AM.jpeg\",\"contentUrl\":\"https:\\\/\\\/fuentesfidedignas.com.mx\\\/wp-content\\\/uploads\\\/2024\\\/01\\\/WhatsApp-Image-2024-01-03-at-11.07.54-AM.jpeg\",\"width\":600,\"height\":384},{\"@type\":\"BreadcrumbList\",\"@id\":\"https:\\\/\\\/fuentesfidedignas.com.mx\\\/index.php\\\/2024\\\/01\\\/03\\\/anuncian-visita-de-xochitl-galvez-a-sinaloa-el-lunes-8-de-enero\\\/#breadcrumb\",\"itemListElement\":[{\"@type\":\"ListItem\",\"position\":1,\"name\":\"Inicio\",\"item\":\"https:\\\/\\\/fuentesfidedignas.com.mx\\\/\"},{\"@type\":\"ListItem\",\"position\":2,\"name\":\"Anuncian visita de X\u00f3chitl G\u00e1lvez a Sinaloa el lunes 8 de enero\"}]},{\"@type\":\"WebSite\",\"@id\":\"https:\\\/\\\/fuentesfidedignas.com.mx\\\/#website\",\"url\":\"https:\\\/\\\/fuentesfidedignas.com.mx\\\/\",\"name\":\"Fuentes Fidedignas\",\"description\":\"Otro sitio realizado con WordPress\",\"publisher\":{\"@id\":\"https:\\\/\\\/fuentesfidedignas.com.mx\\\/#organization\"},\"potentialAction\":[{\"@type\":\"SearchAction\",\"target\":{\"@type\":\"EntryPoint\",\"urlTemplate\":\"https:\\\/\\\/fuentesfidedignas.com.mx\\\/?s={search_term_string}\"},\"query-input\":{\"@type\":\"PropertyValueSpecification\",\"valueRequired\":true,\"valueName\":\"search_term_string\"}}],\"inLanguage\":\"es\"},{\"@type\":\"Organization\",\"@id\":\"https:\\\/\\\/fuentesfidedignas.com.mx\\\/#organization\",\"name\":\"Fuentes Fidedignas\",\"url\":\"https:\\\/\\\/fuentesfidedignas.com.mx\\\/\",\"logo\":{\"@type\":\"ImageObject\",\"inLanguage\":\"es\",\"@id\":\"https:\\\/\\\/fuentesfidedignas.com.mx\\\/#\\\/schema\\\/logo\\\/image\\\/\",\"url\":\"https:\\\/\\\/fuentesfidedignas.com.mx\\\/wp-content\\\/uploads\\\/2021\\\/04\\\/logo-retina.png\",\"contentUrl\":\"https:\\\/\\\/fuentesfidedignas.com.mx\\\/wp-content\\\/uploads\\\/2021\\\/04\\\/logo-retina.png\",\"width\":280,\"height\":51,\"caption\":\"Fuentes Fidedignas\"},\"image\":{\"@id\":\"https:\\\/\\\/fuentesfidedignas.com.mx\\\/#\\\/schema\\\/logo\\\/image\\\/\"},\"sameAs\":[\"https:\\\/\\\/www.facebook.com\\\/Fuentes-Fidedignas-368234489921644\",\"https:\\\/\\\/x.com\\\/fidedignas\"]},{\"@type\":\"Person\",\"@id\":\"https:\\\/\\\/fuentesfidedignas.com.mx\\\/#\\\/schema\\\/person\\\/c77df25c00baae1d4fdc0340db6f364c\",\"name\":\"Leonardo Gutierrez\",\"image\":{\"@type\":\"ImageObject\",\"inLanguage\":\"es\",\"@id\":\"https:\\\/\\\/secure.gravatar.com\\\/avatar\\\/17b13a7a986cc98ca4d7337340bcac5945cbae677961c354aefb3c7962c8cc1f?s=96&d=mm&r=g\",\"url\":\"https:\\\/\\\/secure.gravatar.com\\\/avatar\\\/17b13a7a986cc98ca4d7337340bcac5945cbae677961c354aefb3c7962c8cc1f?s=96&d=mm&r=g\",\"contentUrl\":\"https:\\\/\\\/secure.gravatar.com\\\/avatar\\\/17b13a7a986cc98ca4d7337340bcac5945cbae677961c354aefb3c7962c8cc1f?s=96&d=mm&r=g\",\"caption\":\"Leonardo Gutierrez\"},\"url\":\"https:\\\/\\\/fuentesfidedignas.com.mx\\\/index.php\\\/author\\\/leonardogut\\\/\"}]}<\/script>\n<!-- \/ Yoast SEO plugin. -->","yoast_head_json":{"title":"Anuncian visita de X\u00f3chitl G\u00e1lvez a Sinaloa el lunes 8 de enero - Fuentes Fidedignas","robots":{"index":"index","follow":"follow","max-snippet":"max-snippet:-1","max-image-preview":"max-image-preview:large","max-video-preview":"max-video-preview:-1"},"canonical":"https:\/\/fuentesfidedignas.com.mx\/index.php\/2024\/01\/03\/anuncian-visita-de-xochitl-galvez-a-sinaloa-el-lunes-8-de-enero\/","og_locale":"es_MX","og_type":"article","og_title":"Anuncian visita de X\u00f3chitl G\u00e1lvez a Sinaloa el lunes 8 de enero - Fuentes Fidedignas","og_description":"La precandidata a la Presidencia de la Rep\u00fablica encabezar\u00e1 dos eventos en Los Mochis y El Carrizo Culiac\u00e1n, Sin.- \u201cAndr\u00e9s Manuel L\u00f3pez Obrador es un presidente destructor\u201d, asegur\u00f3 la presidenta del PAN en Sinaloa, Roxana Rubio Valdez, al anunciar en conferencia de prensa la visita al estado de la precandidata a la Presidencia de la [&hellip;]","og_url":"https:\/\/fuentesfidedignas.com.mx\/index.php\/2024\/01\/03\/anuncian-visita-de-xochitl-galvez-a-sinaloa-el-lunes-8-de-enero\/","og_site_name":"Fuentes Fidedignas","article_publisher":"https:\/\/www.facebook.com\/Fuentes-Fidedignas-368234489921644","article_published_time":"2024-01-03T20:28:00+00:00","og_image":[{"width":600,"height":384,"url":"https:\/\/fuentesfidedignas.com.mx\/wp-content\/uploads\/2024\/01\/WhatsApp-Image-2024-01-03-at-11.07.54-AM.jpeg","type":"image\/jpeg"}],"author":"Leonardo Gutierrez","twitter_card":"summary_large_image","twitter_creator":"@fidedignas","twitter_site":"@fidedignas","twitter_misc":{"Escrito por":"Leonardo Gutierrez","Tiempo de lectura":"3 minutos"},"schema":{"@context":"https:\/\/schema.org","@graph":[{"@type":"Article","@id":"https:\/\/fuentesfidedignas.com.mx\/index.php\/2024\/01\/03\/anuncian-visita-de-xochitl-galvez-a-sinaloa-el-lunes-8-de-enero\/#article","isPartOf":{"@id":"https:\/\/fuentesfidedignas.com.mx\/index.php\/2024\/01\/03\/anuncian-visita-de-xochitl-galvez-a-sinaloa-el-lunes-8-de-enero\/"},"author":{"name":"Leonardo Gutierrez","@id":"https:\/\/fuentesfidedignas.com.mx\/#\/schema\/person\/c77df25c00baae1d4fdc0340db6f364c"},"headline":"Anuncian visita de X\u00f3chitl G\u00e1lvez a Sinaloa el lunes 8 de enero","datePublished":"2024-01-03T20:28:00+00:00","mainEntityOfPage":{"@id":"https:\/\/fuentesfidedignas.com.mx\/index.php\/2024\/01\/03\/anuncian-visita-de-xochitl-galvez-a-sinaloa-el-lunes-8-de-enero\/"},"wordCount":497,"commentCount":0,"publisher":{"@id":"https:\/\/fuentesfidedignas.com.mx\/#organization"},"image":{"@id":"https:\/\/fuentesfidedignas.com.mx\/index.php\/2024\/01\/03\/anuncian-visita-de-xochitl-galvez-a-sinaloa-el-lunes-8-de-enero\/#primaryimage"},"thumbnailUrl":"https:\/\/fuentesfidedignas.com.mx\/wp-content\/uploads\/2024\/01\/WhatsApp-Image-2024-01-03-at-11.07.54-AM.jpeg","articleSection":["NOTA PRINCIPAL"],"inLanguage":"es","potentialAction":[{"@type":"CommentAction","name":"Comment","target":["https:\/\/fuentesfidedignas.com.mx\/index.php\/2024\/01\/03\/anuncian-visita-de-xochitl-galvez-a-sinaloa-el-lunes-8-de-enero\/#respond"]}]},{"@type":"WebPage","@id":"https:\/\/fuentesfidedignas.com.mx\/index.php\/2024\/01\/03\/anuncian-visita-de-xochitl-galvez-a-sinaloa-el-lunes-8-de-enero\/","url":"https:\/\/fuentesfidedignas.com.mx\/index.php\/2024\/01\/03\/anuncian-visita-de-xochitl-galvez-a-sinaloa-el-lunes-8-de-enero\/","name":"Anuncian visita de X\u00f3chitl G\u00e1lvez a Sinaloa el lunes 8 de enero - Fuentes Fidedignas","isPartOf":{"@id":"https:\/\/fuentesfidedignas.com.mx\/#website"},"primaryImageOfPage":{"@id":"https:\/\/fuentesfidedignas.com.mx\/index.php\/2024\/01\/03\/anuncian-visita-de-xochitl-galvez-a-sinaloa-el-lunes-8-de-enero\/#primaryimage"},"image":{"@id":"https:\/\/fuentesfidedignas.com.mx\/index.php\/2024\/01\/03\/anuncian-visita-de-xochitl-galvez-a-sinaloa-el-lunes-8-de-enero\/#primaryimage"},"thumbnailUrl":"https:\/\/fuentesfidedignas.com.mx\/wp-content\/uploads\/2024\/01\/WhatsApp-Image-2024-01-03-at-11.07.54-AM.jpeg","datePublished":"2024-01-03T20:28:00+00:00","breadcrumb":{"@id":"https:\/\/fuentesfidedignas.com.mx\/index.php\/2024\/01\/03\/anuncian-visita-de-xochitl-galvez-a-sinaloa-el-lunes-8-de-enero\/#breadcrumb"},"inLanguage":"es","potentialAction":[{"@type":"ReadAction","target":["https:\/\/fuentesfidedignas.com.mx\/index.php\/2024\/01\/03\/anuncian-visita-de-xochitl-galvez-a-sinaloa-el-lunes-8-de-enero\/"]}]},{"@type":"ImageObject","inLanguage":"es","@id":"https:\/\/fuentesfidedignas.com.mx\/index.php\/2024\/01\/03\/anuncian-visita-de-xochitl-galvez-a-sinaloa-el-lunes-8-de-enero\/#primaryimage","url":"https:\/\/fuentesfidedignas.com.mx\/wp-content\/uploads\/2024\/01\/WhatsApp-Image-2024-01-03-at-11.07.54-AM.jpeg","contentUrl":"https:\/\/fuentesfidedignas.com.mx\/wp-content\/uploads\/2024\/01\/WhatsApp-Image-2024-01-03-at-11.07.54-AM.jpeg","width":600,"height":384},{"@type":"BreadcrumbList","@id":"https:\/\/fuentesfidedignas.com.mx\/index.php\/2024\/01\/03\/anuncian-visita-de-xochitl-galvez-a-sinaloa-el-lunes-8-de-enero\/#breadcrumb","itemListElement":[{"@type":"ListItem","position":1,"name":"Inicio","item":"https:\/\/fuentesfidedignas.com.mx\/"},{"@type":"ListItem","position":2,"name":"Anuncian visita de X\u00f3chitl G\u00e1lvez a Sinaloa el lunes 8 de enero"}]},{"@type":"WebSite","@id":"https:\/\/fuentesfidedignas.com.mx\/#website","url":"https:\/\/fuentesfidedignas.com.mx\/","name":"Fuentes Fidedignas","description":"Otro sitio realizado con WordPress","publisher":{"@id":"https:\/\/fuentesfidedignas.com.mx\/#organization"},"potentialAction":[{"@type":"SearchAction","target":{"@type":"EntryPoint","urlTemplate":"https:\/\/fuentesfidedignas.com.mx\/?s={search_term_string}"},"query-input":{"@type":"PropertyValueSpecification","valueRequired":true,"valueName":"search_term_string"}}],"inLanguage":"es"},{"@type":"Organization","@id":"https:\/\/fuentesfidedignas.com.mx\/#organization","name":"Fuentes Fidedignas","url":"https:\/\/fuentesfidedignas.com.mx\/","logo":{"@type":"ImageObject","inLanguage":"es","@id":"https:\/\/fuentesfidedignas.com.mx\/#\/schema\/logo\/image\/","url":"https:\/\/fuentesfidedignas.com.mx\/wp-content\/uploads\/2021\/04\/logo-retina.png","contentUrl":"https:\/\/fuentesfidedignas.com.mx\/wp-content\/uploads\/2021\/04\/logo-retina.png","width":280,"height":51,"caption":"Fuentes Fidedignas"},"image":{"@id":"https:\/\/fuentesfidedignas.com.mx\/#\/schema\/logo\/image\/"},"sameAs":["https:\/\/www.facebook.com\/Fuentes-Fidedignas-368234489921644","https:\/\/x.com\/fidedignas"]},{"@type":"Person","@id":"https:\/\/fuentesfidedignas.com.mx\/#\/schema\/person\/c77df25c00baae1d4fdc0340db6f364c","name":"Leonardo Gutierrez","image":{"@type":"ImageObject","inLanguage":"es","@id":"https:\/\/secure.gravatar.com\/avatar\/17b13a7a986cc98ca4d7337340bcac5945cbae677961c354aefb3c7962c8cc1f?s=96&d=mm&r=g","url":"https:\/\/secure.gravatar.com\/avatar\/17b13a7a986cc98ca4d7337340bcac5945cbae677961c354aefb3c7962c8cc1f?s=96&d=mm&r=g","contentUrl":"https:\/\/secure.gravatar.com\/avatar\/17b13a7a986cc98ca4d7337340bcac5945cbae677961c354aefb3c7962c8cc1f?s=96&d=mm&r=g","caption":"Leonardo Gutierrez"},"url":"https:\/\/fuentesfidedignas.com.mx\/index.php\/author\/leonardogut\/"}]}},"_links":{"self":[{"href":"https:\/\/fuentesfidedignas.com.mx\/index.php\/wp-json\/wp\/v2\/posts\/69722","targetHints":{"allow":["GET"]}}],"collection":[{"href":"https:\/\/fuentesfidedignas.com.mx\/index.php\/wp-json\/wp\/v2\/posts"}],"about":[{"href":"https:\/\/fuentesfidedignas.com.mx\/index.php\/wp-json\/wp\/v2\/types\/post"}],"author":[{"embeddable":true,"href":"https:\/\/fuentesfidedignas.com.mx\/index.php\/wp-json\/wp\/v2\/users\/112"}],"replies":[{"embeddable":true,"href":"https:\/\/fuentesfidedignas.com.mx\/index.php\/wp-json\/wp\/v2\/comments?post=69722"}],"version-history":[{"count":2,"href":"https:\/\/fuentesfidedignas.com.mx\/index.php\/wp-json\/wp\/v2\/posts\/69722\/revisions"}],"predecessor-version":[{"id":69725,"href":"https:\/\/fuentesfidedignas.com.mx\/index.php\/wp-json\/wp\/v2\/posts\/69722\/revisions\/69725"}],"wp:featuredmedia":[{"embeddable":true,"href":"https:\/\/fuentesfidedignas.com.mx\/index.php\/wp-json\/wp\/v2\/media\/69723"}],"wp:attachment":[{"href":"https:\/\/fuentesfidedignas.com.mx\/index.php\/wp-json\/wp\/v2\/media?parent=69722"}],"wp:term":[{"taxonomy":"category","embeddable":true,"href":"https:\/\/fuentesfidedignas.com.mx\/index.php\/wp-json\/wp\/v2\/categories?post=69722"},{"taxonomy":"post_tag","embeddable":true,"href":"https:\/\/fuentesfidedignas.com.mx\/index.php\/wp-json\/wp\/v2\/tags?post=69722"}],"curies":[{"name":"wp","href":"https:\/\/api.w.org\/{rel}","templated":true}]}}