{"id":69718,"date":"2024-01-03T12:22:25","date_gmt":"2024-01-03T19:22:25","guid":{"rendered":"https:\/\/fuentesfidedignas.com.mx\/?p=69718"},"modified":"2024-01-03T12:22:38","modified_gmt":"2024-01-03T19:22:38","slug":"ponen-en-marcha-la-expo-fauas-2023-en-la-facultad-de-arquitectura","status":"publish","type":"post","link":"https:\/\/fuentesfidedignas.com.mx\/index.php\/2024\/01\/03\/ponen-en-marcha-la-expo-fauas-2023-en-la-facultad-de-arquitectura\/","title":{"rendered":"Ponen en marcha la Expo FAUAS 2023 en la Facultad de Arquitectura"},"content":{"rendered":"\n<p>Culiac\u00e1n, Sin.- Entre maquetas, mapas, esculturas, dibujos, y otros trabajos, alumnos de las tres licenciaturas de la Facultad de Arquitectura (FAUAS) de la Universidad Aut\u00f3noma de Sinaloa (UAS) presentaron sus proyectos finales durante la Expo Arquitectura 2023, en la idea de dar muestra de los trabajos que los j\u00f3venes con mucho empe\u00f1o y trascendencia realizan d\u00eda a d\u00eda en la unidad acad\u00e9mica.<\/p>\n\n\n\n<p>Este gran desempe\u00f1o fue reconocido por la doctora Armida Llamas Estrada, directora de la FAUAS, quien expres\u00f3 que consolidar el montaje de esta exposici\u00f3n permite evidenciar la innovaci\u00f3n en el dise\u00f1o integrado de las disciplinas, implicando legibilidad en la sociedad contempor\u00e1nea y una muestra del impacto social que los profesionistas de las diferentes ramas de arquitectura tienen en la calidad de vida y habitabilidad en la ciudad.<\/p>\n\n\n\n<p>\u201cEs una Expo muy padre donde los alumnos vienen muy contentos a exponer su resultado final de lo que trabajaron durante todo este semestre de las tres carreras, a ellos les sirve mucho esta experiencia porque conocen lo que van a ver m\u00e1s adelante en cada una de estas experiencias, y a nosotros nos motivan los resultados de los alumnos y maestros que los est\u00e1n guiando a ellos\u201d, expres\u00f3.<\/p>\n\n\n\n<figure class=\"wp-block-image size-full\"><img decoding=\"async\" width=\"1024\" height=\"768\" src=\"https:\/\/fuentesfidedignas.com.mx\/wp-content\/uploads\/2024\/01\/Expo-FAUAS-2023-3.jpeg\" alt=\"\" class=\"wp-image-69719\" srcset=\"https:\/\/fuentesfidedignas.com.mx\/wp-content\/uploads\/2024\/01\/Expo-FAUAS-2023-3.jpeg 1024w, https:\/\/fuentesfidedignas.com.mx\/wp-content\/uploads\/2024\/01\/Expo-FAUAS-2023-3-300x225.jpeg 300w, https:\/\/fuentesfidedignas.com.mx\/wp-content\/uploads\/2024\/01\/Expo-FAUAS-2023-3-768x576.jpeg 768w, https:\/\/fuentesfidedignas.com.mx\/wp-content\/uploads\/2024\/01\/Expo-FAUAS-2023-3-696x522.jpeg 696w, https:\/\/fuentesfidedignas.com.mx\/wp-content\/uploads\/2024\/01\/Expo-FAUAS-2023-3-560x420.jpeg 560w, https:\/\/fuentesfidedignas.com.mx\/wp-content\/uploads\/2024\/01\/Expo-FAUAS-2023-3-80x60.jpeg 80w, https:\/\/fuentesfidedignas.com.mx\/wp-content\/uploads\/2024\/01\/Expo-FAUAS-2023-3-265x198.jpeg 265w\" sizes=\"(max-width: 1024px) 100vw, 1024px\" \/><\/figure>\n\n\n\n<p>De igual manera, se\u00f1al\u00f3 que este evento se ha vuelto una tradici\u00f3n en la FAUAS, en donde los alumnos se sienten realizados de presentar sus proyectos concluidos, los cuales fueron forjados con ayuda de sus docentes en sus respectivas materias, incorporando la investigaci\u00f3n, tecnolog\u00eda y t\u00e9cnicas arquitect\u00f3nicas, las cuales influyen en la formaci\u00f3n ejemplar de un profesionista en la Arquitectura.<\/p>\n\n\n\n<p>Cabe mencionar que durante la inauguraci\u00f3n de dicho evento, se cont\u00f3 con la distinguida presencia del doctor Wenseslao Plata Rocha, Vicerrector de la Unidad Regional Centro.<\/p>\n","protected":false},"excerpt":{"rendered":"<p>Culiac\u00e1n, Sin.- Entre maquetas, mapas, esculturas, dibujos, y otros trabajos, alumnos de las tres licenciaturas de la Facultad de Arquitectura (FAUAS) de la Universidad Aut\u00f3noma de Sinaloa (UAS) presentaron sus proyectos finales durante la Expo Arquitectura 2023, en la idea de dar muestra de los trabajos que los j\u00f3venes con mucho empe\u00f1o y trascendencia realizan [&hellip;]<\/p>\n","protected":false},"author":4,"featured_media":69720,"comment_status":"open","ping_status":"open","sticky":false,"template":"","format":"standard","meta":{"tdm_status":"","tdm_grid_status":"","footnotes":""},"categories":[38],"tags":[],"class_list":{"0":"post-69718","1":"post","2":"type-post","3":"status-publish","4":"format-standard","5":"has-post-thumbnail","7":"category-noticias-locales"},"yoast_head":"<!-- This site is optimized with the Yoast SEO plugin v27.5 - https:\/\/yoast.com\/product\/yoast-seo-wordpress\/ -->\n<title>Ponen en marcha la Expo FAUAS 2023 en la Facultad de Arquitectura - Fuentes Fidedignas<\/title>\n<meta name=\"robots\" content=\"index, follow, max-snippet:-1, max-image-preview:large, max-video-preview:-1\" \/>\n<link rel=\"canonical\" href=\"https:\/\/fuentesfidedignas.com.mx\/index.php\/2024\/01\/03\/ponen-en-marcha-la-expo-fauas-2023-en-la-facultad-de-arquitectura\/\" \/>\n<meta property=\"og:locale\" content=\"es_MX\" \/>\n<meta property=\"og:type\" content=\"article\" \/>\n<meta property=\"og:title\" content=\"Ponen en marcha la Expo FAUAS 2023 en la Facultad de Arquitectura - Fuentes Fidedignas\" \/>\n<meta property=\"og:description\" content=\"Culiac\u00e1n, Sin.- Entre maquetas, mapas, esculturas, dibujos, y otros trabajos, alumnos de las tres licenciaturas de la Facultad de Arquitectura (FAUAS) de la Universidad Aut\u00f3noma de Sinaloa (UAS) presentaron sus proyectos finales durante la Expo Arquitectura 2023, en la idea de dar muestra de los trabajos que los j\u00f3venes con mucho empe\u00f1o y trascendencia realizan [&hellip;]\" \/>\n<meta property=\"og:url\" content=\"https:\/\/fuentesfidedignas.com.mx\/index.php\/2024\/01\/03\/ponen-en-marcha-la-expo-fauas-2023-en-la-facultad-de-arquitectura\/\" \/>\n<meta property=\"og:site_name\" content=\"Fuentes Fidedignas\" \/>\n<meta property=\"article:publisher\" content=\"https:\/\/www.facebook.com\/Fuentes-Fidedignas-368234489921644\" \/>\n<meta property=\"article:published_time\" content=\"2024-01-03T19:22:25+00:00\" \/>\n<meta property=\"article:modified_time\" content=\"2024-01-03T19:22:38+00:00\" \/>\n<meta property=\"og:image\" content=\"https:\/\/fuentesfidedignas.com.mx\/wp-content\/uploads\/2024\/01\/Expo-FAUAS-2023-9.jpeg\" \/>\n\t<meta property=\"og:image:width\" content=\"1024\" \/>\n\t<meta property=\"og:image:height\" content=\"768\" \/>\n\t<meta property=\"og:image:type\" content=\"image\/jpeg\" \/>\n<meta name=\"author\" content=\"Redacci\u00f3n\" \/>\n<meta name=\"twitter:card\" content=\"summary_large_image\" \/>\n<meta name=\"twitter:creator\" content=\"@fidedignas\" \/>\n<meta name=\"twitter:site\" content=\"@fidedignas\" \/>\n<meta name=\"twitter:label1\" content=\"Escrito por\" \/>\n\t<meta name=\"twitter:data1\" content=\"Redacci\u00f3n\" \/>\n\t<meta name=\"twitter:label2\" content=\"Tiempo de lectura\" \/>\n\t<meta name=\"twitter:data2\" content=\"2 minutos\" \/>\n<script type=\"application\/ld+json\" class=\"yoast-schema-graph\">{\"@context\":\"https:\\\/\\\/schema.org\",\"@graph\":[{\"@type\":\"Article\",\"@id\":\"https:\\\/\\\/fuentesfidedignas.com.mx\\\/index.php\\\/2024\\\/01\\\/03\\\/ponen-en-marcha-la-expo-fauas-2023-en-la-facultad-de-arquitectura\\\/#article\",\"isPartOf\":{\"@id\":\"https:\\\/\\\/fuentesfidedignas.com.mx\\\/index.php\\\/2024\\\/01\\\/03\\\/ponen-en-marcha-la-expo-fauas-2023-en-la-facultad-de-arquitectura\\\/\"},\"author\":{\"name\":\"Redacci\u00f3n\",\"@id\":\"https:\\\/\\\/fuentesfidedignas.com.mx\\\/#\\\/schema\\\/person\\\/331be9283d37198e2acd5750279085b0\"},\"headline\":\"Ponen en marcha la Expo FAUAS 2023 en la Facultad de Arquitectura\",\"datePublished\":\"2024-01-03T19:22:25+00:00\",\"dateModified\":\"2024-01-03T19:22:38+00:00\",\"mainEntityOfPage\":{\"@id\":\"https:\\\/\\\/fuentesfidedignas.com.mx\\\/index.php\\\/2024\\\/01\\\/03\\\/ponen-en-marcha-la-expo-fauas-2023-en-la-facultad-de-arquitectura\\\/\"},\"wordCount\":317,\"commentCount\":0,\"publisher\":{\"@id\":\"https:\\\/\\\/fuentesfidedignas.com.mx\\\/#organization\"},\"image\":{\"@id\":\"https:\\\/\\\/fuentesfidedignas.com.mx\\\/index.php\\\/2024\\\/01\\\/03\\\/ponen-en-marcha-la-expo-fauas-2023-en-la-facultad-de-arquitectura\\\/#primaryimage\"},\"thumbnailUrl\":\"https:\\\/\\\/fuentesfidedignas.com.mx\\\/wp-content\\\/uploads\\\/2024\\\/01\\\/Expo-FAUAS-2023-9.jpeg\",\"articleSection\":[\"NOTICIAS LOCALES\"],\"inLanguage\":\"es\",\"potentialAction\":[{\"@type\":\"CommentAction\",\"name\":\"Comment\",\"target\":[\"https:\\\/\\\/fuentesfidedignas.com.mx\\\/index.php\\\/2024\\\/01\\\/03\\\/ponen-en-marcha-la-expo-fauas-2023-en-la-facultad-de-arquitectura\\\/#respond\"]}]},{\"@type\":\"WebPage\",\"@id\":\"https:\\\/\\\/fuentesfidedignas.com.mx\\\/index.php\\\/2024\\\/01\\\/03\\\/ponen-en-marcha-la-expo-fauas-2023-en-la-facultad-de-arquitectura\\\/\",\"url\":\"https:\\\/\\\/fuentesfidedignas.com.mx\\\/index.php\\\/2024\\\/01\\\/03\\\/ponen-en-marcha-la-expo-fauas-2023-en-la-facultad-de-arquitectura\\\/\",\"name\":\"Ponen en marcha la Expo FAUAS 2023 en la Facultad de Arquitectura - Fuentes Fidedignas\",\"isPartOf\":{\"@id\":\"https:\\\/\\\/fuentesfidedignas.com.mx\\\/#website\"},\"primaryImageOfPage\":{\"@id\":\"https:\\\/\\\/fuentesfidedignas.com.mx\\\/index.php\\\/2024\\\/01\\\/03\\\/ponen-en-marcha-la-expo-fauas-2023-en-la-facultad-de-arquitectura\\\/#primaryimage\"},\"image\":{\"@id\":\"https:\\\/\\\/fuentesfidedignas.com.mx\\\/index.php\\\/2024\\\/01\\\/03\\\/ponen-en-marcha-la-expo-fauas-2023-en-la-facultad-de-arquitectura\\\/#primaryimage\"},\"thumbnailUrl\":\"https:\\\/\\\/fuentesfidedignas.com.mx\\\/wp-content\\\/uploads\\\/2024\\\/01\\\/Expo-FAUAS-2023-9.jpeg\",\"datePublished\":\"2024-01-03T19:22:25+00:00\",\"dateModified\":\"2024-01-03T19:22:38+00:00\",\"breadcrumb\":{\"@id\":\"https:\\\/\\\/fuentesfidedignas.com.mx\\\/index.php\\\/2024\\\/01\\\/03\\\/ponen-en-marcha-la-expo-fauas-2023-en-la-facultad-de-arquitectura\\\/#breadcrumb\"},\"inLanguage\":\"es\",\"potentialAction\":[{\"@type\":\"ReadAction\",\"target\":[\"https:\\\/\\\/fuentesfidedignas.com.mx\\\/index.php\\\/2024\\\/01\\\/03\\\/ponen-en-marcha-la-expo-fauas-2023-en-la-facultad-de-arquitectura\\\/\"]}]},{\"@type\":\"ImageObject\",\"inLanguage\":\"es\",\"@id\":\"https:\\\/\\\/fuentesfidedignas.com.mx\\\/index.php\\\/2024\\\/01\\\/03\\\/ponen-en-marcha-la-expo-fauas-2023-en-la-facultad-de-arquitectura\\\/#primaryimage\",\"url\":\"https:\\\/\\\/fuentesfidedignas.com.mx\\\/wp-content\\\/uploads\\\/2024\\\/01\\\/Expo-FAUAS-2023-9.jpeg\",\"contentUrl\":\"https:\\\/\\\/fuentesfidedignas.com.mx\\\/wp-content\\\/uploads\\\/2024\\\/01\\\/Expo-FAUAS-2023-9.jpeg\",\"width\":1024,\"height\":768},{\"@type\":\"BreadcrumbList\",\"@id\":\"https:\\\/\\\/fuentesfidedignas.com.mx\\\/index.php\\\/2024\\\/01\\\/03\\\/ponen-en-marcha-la-expo-fauas-2023-en-la-facultad-de-arquitectura\\\/#breadcrumb\",\"itemListElement\":[{\"@type\":\"ListItem\",\"position\":1,\"name\":\"Inicio\",\"item\":\"https:\\\/\\\/fuentesfidedignas.com.mx\\\/\"},{\"@type\":\"ListItem\",\"position\":2,\"name\":\"Ponen en marcha la Expo FAUAS 2023 en la Facultad de Arquitectura\"}]},{\"@type\":\"WebSite\",\"@id\":\"https:\\\/\\\/fuentesfidedignas.com.mx\\\/#website\",\"url\":\"https:\\\/\\\/fuentesfidedignas.com.mx\\\/\",\"name\":\"Fuentes Fidedignas\",\"description\":\"Otro sitio realizado con WordPress\",\"publisher\":{\"@id\":\"https:\\\/\\\/fuentesfidedignas.com.mx\\\/#organization\"},\"potentialAction\":[{\"@type\":\"SearchAction\",\"target\":{\"@type\":\"EntryPoint\",\"urlTemplate\":\"https:\\\/\\\/fuentesfidedignas.com.mx\\\/?s={search_term_string}\"},\"query-input\":{\"@type\":\"PropertyValueSpecification\",\"valueRequired\":true,\"valueName\":\"search_term_string\"}}],\"inLanguage\":\"es\"},{\"@type\":\"Organization\",\"@id\":\"https:\\\/\\\/fuentesfidedignas.com.mx\\\/#organization\",\"name\":\"Fuentes Fidedignas\",\"url\":\"https:\\\/\\\/fuentesfidedignas.com.mx\\\/\",\"logo\":{\"@type\":\"ImageObject\",\"inLanguage\":\"es\",\"@id\":\"https:\\\/\\\/fuentesfidedignas.com.mx\\\/#\\\/schema\\\/logo\\\/image\\\/\",\"url\":\"https:\\\/\\\/fuentesfidedignas.com.mx\\\/wp-content\\\/uploads\\\/2021\\\/04\\\/logo-retina.png\",\"contentUrl\":\"https:\\\/\\\/fuentesfidedignas.com.mx\\\/wp-content\\\/uploads\\\/2021\\\/04\\\/logo-retina.png\",\"width\":280,\"height\":51,\"caption\":\"Fuentes Fidedignas\"},\"image\":{\"@id\":\"https:\\\/\\\/fuentesfidedignas.com.mx\\\/#\\\/schema\\\/logo\\\/image\\\/\"},\"sameAs\":[\"https:\\\/\\\/www.facebook.com\\\/Fuentes-Fidedignas-368234489921644\",\"https:\\\/\\\/x.com\\\/fidedignas\"]},{\"@type\":\"Person\",\"@id\":\"https:\\\/\\\/fuentesfidedignas.com.mx\\\/#\\\/schema\\\/person\\\/331be9283d37198e2acd5750279085b0\",\"name\":\"Redacci\u00f3n\",\"image\":{\"@type\":\"ImageObject\",\"inLanguage\":\"es\",\"@id\":\"https:\\\/\\\/secure.gravatar.com\\\/avatar\\\/f6d8782c11d12b2d4ad3fbb6931aeab5309937a4d6cd2fc9cfaa28a6396a5aec?s=96&d=mm&r=g\",\"url\":\"https:\\\/\\\/secure.gravatar.com\\\/avatar\\\/f6d8782c11d12b2d4ad3fbb6931aeab5309937a4d6cd2fc9cfaa28a6396a5aec?s=96&d=mm&r=g\",\"contentUrl\":\"https:\\\/\\\/secure.gravatar.com\\\/avatar\\\/f6d8782c11d12b2d4ad3fbb6931aeab5309937a4d6cd2fc9cfaa28a6396a5aec?s=96&d=mm&r=g\",\"caption\":\"Redacci\u00f3n\"},\"url\":\"https:\\\/\\\/fuentesfidedignas.com.mx\\\/index.php\\\/author\\\/redaccion\\\/\"}]}<\/script>\n<!-- \/ Yoast SEO plugin. -->","yoast_head_json":{"title":"Ponen en marcha la Expo FAUAS 2023 en la Facultad de Arquitectura - Fuentes Fidedignas","robots":{"index":"index","follow":"follow","max-snippet":"max-snippet:-1","max-image-preview":"max-image-preview:large","max-video-preview":"max-video-preview:-1"},"canonical":"https:\/\/fuentesfidedignas.com.mx\/index.php\/2024\/01\/03\/ponen-en-marcha-la-expo-fauas-2023-en-la-facultad-de-arquitectura\/","og_locale":"es_MX","og_type":"article","og_title":"Ponen en marcha la Expo FAUAS 2023 en la Facultad de Arquitectura - Fuentes Fidedignas","og_description":"Culiac\u00e1n, Sin.- Entre maquetas, mapas, esculturas, dibujos, y otros trabajos, alumnos de las tres licenciaturas de la Facultad de Arquitectura (FAUAS) de la Universidad Aut\u00f3noma de Sinaloa (UAS) presentaron sus proyectos finales durante la Expo Arquitectura 2023, en la idea de dar muestra de los trabajos que los j\u00f3venes con mucho empe\u00f1o y trascendencia realizan [&hellip;]","og_url":"https:\/\/fuentesfidedignas.com.mx\/index.php\/2024\/01\/03\/ponen-en-marcha-la-expo-fauas-2023-en-la-facultad-de-arquitectura\/","og_site_name":"Fuentes Fidedignas","article_publisher":"https:\/\/www.facebook.com\/Fuentes-Fidedignas-368234489921644","article_published_time":"2024-01-03T19:22:25+00:00","article_modified_time":"2024-01-03T19:22:38+00:00","og_image":[{"width":1024,"height":768,"url":"https:\/\/fuentesfidedignas.com.mx\/wp-content\/uploads\/2024\/01\/Expo-FAUAS-2023-9.jpeg","type":"image\/jpeg"}],"author":"Redacci\u00f3n","twitter_card":"summary_large_image","twitter_creator":"@fidedignas","twitter_site":"@fidedignas","twitter_misc":{"Escrito por":"Redacci\u00f3n","Tiempo de lectura":"2 minutos"},"schema":{"@context":"https:\/\/schema.org","@graph":[{"@type":"Article","@id":"https:\/\/fuentesfidedignas.com.mx\/index.php\/2024\/01\/03\/ponen-en-marcha-la-expo-fauas-2023-en-la-facultad-de-arquitectura\/#article","isPartOf":{"@id":"https:\/\/fuentesfidedignas.com.mx\/index.php\/2024\/01\/03\/ponen-en-marcha-la-expo-fauas-2023-en-la-facultad-de-arquitectura\/"},"author":{"name":"Redacci\u00f3n","@id":"https:\/\/fuentesfidedignas.com.mx\/#\/schema\/person\/331be9283d37198e2acd5750279085b0"},"headline":"Ponen en marcha la Expo FAUAS 2023 en la Facultad de Arquitectura","datePublished":"2024-01-03T19:22:25+00:00","dateModified":"2024-01-03T19:22:38+00:00","mainEntityOfPage":{"@id":"https:\/\/fuentesfidedignas.com.mx\/index.php\/2024\/01\/03\/ponen-en-marcha-la-expo-fauas-2023-en-la-facultad-de-arquitectura\/"},"wordCount":317,"commentCount":0,"publisher":{"@id":"https:\/\/fuentesfidedignas.com.mx\/#organization"},"image":{"@id":"https:\/\/fuentesfidedignas.com.mx\/index.php\/2024\/01\/03\/ponen-en-marcha-la-expo-fauas-2023-en-la-facultad-de-arquitectura\/#primaryimage"},"thumbnailUrl":"https:\/\/fuentesfidedignas.com.mx\/wp-content\/uploads\/2024\/01\/Expo-FAUAS-2023-9.jpeg","articleSection":["NOTICIAS LOCALES"],"inLanguage":"es","potentialAction":[{"@type":"CommentAction","name":"Comment","target":["https:\/\/fuentesfidedignas.com.mx\/index.php\/2024\/01\/03\/ponen-en-marcha-la-expo-fauas-2023-en-la-facultad-de-arquitectura\/#respond"]}]},{"@type":"WebPage","@id":"https:\/\/fuentesfidedignas.com.mx\/index.php\/2024\/01\/03\/ponen-en-marcha-la-expo-fauas-2023-en-la-facultad-de-arquitectura\/","url":"https:\/\/fuentesfidedignas.com.mx\/index.php\/2024\/01\/03\/ponen-en-marcha-la-expo-fauas-2023-en-la-facultad-de-arquitectura\/","name":"Ponen en marcha la Expo FAUAS 2023 en la Facultad de Arquitectura - Fuentes Fidedignas","isPartOf":{"@id":"https:\/\/fuentesfidedignas.com.mx\/#website"},"primaryImageOfPage":{"@id":"https:\/\/fuentesfidedignas.com.mx\/index.php\/2024\/01\/03\/ponen-en-marcha-la-expo-fauas-2023-en-la-facultad-de-arquitectura\/#primaryimage"},"image":{"@id":"https:\/\/fuentesfidedignas.com.mx\/index.php\/2024\/01\/03\/ponen-en-marcha-la-expo-fauas-2023-en-la-facultad-de-arquitectura\/#primaryimage"},"thumbnailUrl":"https:\/\/fuentesfidedignas.com.mx\/wp-content\/uploads\/2024\/01\/Expo-FAUAS-2023-9.jpeg","datePublished":"2024-01-03T19:22:25+00:00","dateModified":"2024-01-03T19:22:38+00:00","breadcrumb":{"@id":"https:\/\/fuentesfidedignas.com.mx\/index.php\/2024\/01\/03\/ponen-en-marcha-la-expo-fauas-2023-en-la-facultad-de-arquitectura\/#breadcrumb"},"inLanguage":"es","potentialAction":[{"@type":"ReadAction","target":["https:\/\/fuentesfidedignas.com.mx\/index.php\/2024\/01\/03\/ponen-en-marcha-la-expo-fauas-2023-en-la-facultad-de-arquitectura\/"]}]},{"@type":"ImageObject","inLanguage":"es","@id":"https:\/\/fuentesfidedignas.com.mx\/index.php\/2024\/01\/03\/ponen-en-marcha-la-expo-fauas-2023-en-la-facultad-de-arquitectura\/#primaryimage","url":"https:\/\/fuentesfidedignas.com.mx\/wp-content\/uploads\/2024\/01\/Expo-FAUAS-2023-9.jpeg","contentUrl":"https:\/\/fuentesfidedignas.com.mx\/wp-content\/uploads\/2024\/01\/Expo-FAUAS-2023-9.jpeg","width":1024,"height":768},{"@type":"BreadcrumbList","@id":"https:\/\/fuentesfidedignas.com.mx\/index.php\/2024\/01\/03\/ponen-en-marcha-la-expo-fauas-2023-en-la-facultad-de-arquitectura\/#breadcrumb","itemListElement":[{"@type":"ListItem","position":1,"name":"Inicio","item":"https:\/\/fuentesfidedignas.com.mx\/"},{"@type":"ListItem","position":2,"name":"Ponen en marcha la Expo FAUAS 2023 en la Facultad de Arquitectura"}]},{"@type":"WebSite","@id":"https:\/\/fuentesfidedignas.com.mx\/#website","url":"https:\/\/fuentesfidedignas.com.mx\/","name":"Fuentes Fidedignas","description":"Otro sitio realizado con WordPress","publisher":{"@id":"https:\/\/fuentesfidedignas.com.mx\/#organization"},"potentialAction":[{"@type":"SearchAction","target":{"@type":"EntryPoint","urlTemplate":"https:\/\/fuentesfidedignas.com.mx\/?s={search_term_string}"},"query-input":{"@type":"PropertyValueSpecification","valueRequired":true,"valueName":"search_term_string"}}],"inLanguage":"es"},{"@type":"Organization","@id":"https:\/\/fuentesfidedignas.com.mx\/#organization","name":"Fuentes Fidedignas","url":"https:\/\/fuentesfidedignas.com.mx\/","logo":{"@type":"ImageObject","inLanguage":"es","@id":"https:\/\/fuentesfidedignas.com.mx\/#\/schema\/logo\/image\/","url":"https:\/\/fuentesfidedignas.com.mx\/wp-content\/uploads\/2021\/04\/logo-retina.png","contentUrl":"https:\/\/fuentesfidedignas.com.mx\/wp-content\/uploads\/2021\/04\/logo-retina.png","width":280,"height":51,"caption":"Fuentes Fidedignas"},"image":{"@id":"https:\/\/fuentesfidedignas.com.mx\/#\/schema\/logo\/image\/"},"sameAs":["https:\/\/www.facebook.com\/Fuentes-Fidedignas-368234489921644","https:\/\/x.com\/fidedignas"]},{"@type":"Person","@id":"https:\/\/fuentesfidedignas.com.mx\/#\/schema\/person\/331be9283d37198e2acd5750279085b0","name":"Redacci\u00f3n","image":{"@type":"ImageObject","inLanguage":"es","@id":"https:\/\/secure.gravatar.com\/avatar\/f6d8782c11d12b2d4ad3fbb6931aeab5309937a4d6cd2fc9cfaa28a6396a5aec?s=96&d=mm&r=g","url":"https:\/\/secure.gravatar.com\/avatar\/f6d8782c11d12b2d4ad3fbb6931aeab5309937a4d6cd2fc9cfaa28a6396a5aec?s=96&d=mm&r=g","contentUrl":"https:\/\/secure.gravatar.com\/avatar\/f6d8782c11d12b2d4ad3fbb6931aeab5309937a4d6cd2fc9cfaa28a6396a5aec?s=96&d=mm&r=g","caption":"Redacci\u00f3n"},"url":"https:\/\/fuentesfidedignas.com.mx\/index.php\/author\/redaccion\/"}]}},"_links":{"self":[{"href":"https:\/\/fuentesfidedignas.com.mx\/index.php\/wp-json\/wp\/v2\/posts\/69718","targetHints":{"allow":["GET"]}}],"collection":[{"href":"https:\/\/fuentesfidedignas.com.mx\/index.php\/wp-json\/wp\/v2\/posts"}],"about":[{"href":"https:\/\/fuentesfidedignas.com.mx\/index.php\/wp-json\/wp\/v2\/types\/post"}],"author":[{"embeddable":true,"href":"https:\/\/fuentesfidedignas.com.mx\/index.php\/wp-json\/wp\/v2\/users\/4"}],"replies":[{"embeddable":true,"href":"https:\/\/fuentesfidedignas.com.mx\/index.php\/wp-json\/wp\/v2\/comments?post=69718"}],"version-history":[{"count":1,"href":"https:\/\/fuentesfidedignas.com.mx\/index.php\/wp-json\/wp\/v2\/posts\/69718\/revisions"}],"predecessor-version":[{"id":69721,"href":"https:\/\/fuentesfidedignas.com.mx\/index.php\/wp-json\/wp\/v2\/posts\/69718\/revisions\/69721"}],"wp:featuredmedia":[{"embeddable":true,"href":"https:\/\/fuentesfidedignas.com.mx\/index.php\/wp-json\/wp\/v2\/media\/69720"}],"wp:attachment":[{"href":"https:\/\/fuentesfidedignas.com.mx\/index.php\/wp-json\/wp\/v2\/media?parent=69718"}],"wp:term":[{"taxonomy":"category","embeddable":true,"href":"https:\/\/fuentesfidedignas.com.mx\/index.php\/wp-json\/wp\/v2\/categories?post=69718"},{"taxonomy":"post_tag","embeddable":true,"href":"https:\/\/fuentesfidedignas.com.mx\/index.php\/wp-json\/wp\/v2\/tags?post=69718"}],"curies":[{"name":"wp","href":"https:\/\/api.w.org\/{rel}","templated":true}]}}