{"id":69635,"date":"2024-01-03T05:04:33","date_gmt":"2024-01-03T12:04:33","guid":{"rendered":"https:\/\/fuentesfidedignas.com.mx\/?p=69635"},"modified":"2024-01-02T17:05:16","modified_gmt":"2024-01-03T00:05:16","slug":"mujer-con-dos-uteros-da-a-luz-a-mellizas-en-estados-unidos-no-puedo-esperar-a-compartir-la-historia","status":"publish","type":"post","link":"https:\/\/fuentesfidedignas.com.mx\/index.php\/2024\/01\/03\/mujer-con-dos-uteros-da-a-luz-a-mellizas-en-estados-unidos-no-puedo-esperar-a-compartir-la-historia\/","title":{"rendered":"Mujer con dos \u00fateros da a luz a mellizas; &#8220;no puedo esperar a compartir la historia&#8221;"},"content":{"rendered":"\n<p><strong><em>La mujer se ha encargado de mostrar su historia en su cuenta de Instagram.<\/em><\/strong><\/p>\n\n\n\n<p>Una estadounidense de 32 a\u00f1os que naci\u00f3 con una inusual anomal\u00eda y tiene dos \u00fateros gest\u00f3 dos embarazos, uno en cada matriz, y dio a luz a mellizas en d\u00edas diferentes, anunci\u00f3 este viernes la mujer.<\/p>\n\n\n\n<p>&#8220;\u00a1Nacieron nuestras milagrosas beb\u00e9s!&#8221;, escribi\u00f3 Kelsey Hatcher, que ha documentado su historia en su cuenta de Instagram &#8220;doubleuhatchlings&#8221; (un juego de palabras entre el apellido de la madre y el t\u00e9rmino doble incubaci\u00f3n).<\/p>\n\n\n\n<p>La primera melliza, llamada Roxi Layla, naci\u00f3 el martes a las 19H49 hora local y su hermana, Rebel Laken, el mi\u00e9rcoles a las 06H09.<\/p>\n\n\n\n<p>Los m\u00e9dicos proyectaron la fecha del parto para el d\u00eda de Navidad, pero las mellizas nacieron antes, justo a tiempo para pasar las festividades en casa con el resto de sus hermanos.<\/p>\n\n\n\n<p>&#8220;Decidieron que eran lo suficientemente raros estad\u00edsticamente como para seguir adelante y tener sus propios cumplea\u00f1os tambi\u00e9n&#8221;, escribi\u00f3.\u00a0<\/p>\n\n\n\n<p>La madre y sus hijas ya fueron dadas de alta y Hatcher prometi\u00f3 dar m\u00e1s detalles del parto en un futuro.\u00a0Hatcher se enter\u00f3 a los 17 a\u00f1os que naci\u00f3 con \u00fatero didelfo, una anomal\u00eda con una prevalencia del 0.3 por ciento.<\/p>\n\n\n\n<p>&#8220;Todav\u00eda pienso compartir nuestra historia de entrega, pero no hasta que terminemos este dulce momento juntos.\u00a0No puedo esperar para compartir toda la historia del nacimiento con ustedes! \u00a1Mientras todos estemos en casa ahora, nos tomaremos el v\u00ednculo temporal, nos recuperaremos y disfrutaremos de las vacaciones!&#8221;, continu\u00f3.<\/p>\n\n\n\n<p>En mayo, durante una ecograf\u00eda de rutina a las ocho semanas de embarazo, la mujer, que ya ten\u00eda tres hijos, se enter\u00f3 de que estaba gestando a mellizas y que ten\u00eda un feto en cada uno de sus \u00fateros.<\/p>\n\n\n\n<p>Hatcher afirm\u00f3 que le dijeron que las probabilidades de un embarazo en cada \u00fatero son una en 50 millones, y que el \u00faltimo caso reportado de este fen\u00f3meno, ocurrido sin fertilizaci\u00f3n asistida, es el de una mujer en Banglad\u00e9s que en 2019 dio a luz a mellizos sanos con 26 d\u00edas de diferencia entre ambos partos.<\/p>\n\n\n\n<figure class=\"wp-block-gallery has-nested-images columns-default is-cropped wp-block-gallery-1 is-layout-flex wp-block-gallery-is-layout-flex\">\n<figure class=\"wp-block-image size-large\"><img decoding=\"async\" width=\"819\" height=\"1024\" data-id=\"69638\" src=\"https:\/\/fuentesfidedignas.com.mx\/wp-content\/uploads\/2024\/01\/mujer-con-dos-uteros-tiene-1-819x1024.jpg\" alt=\"\" class=\"wp-image-69638\" srcset=\"https:\/\/fuentesfidedignas.com.mx\/wp-content\/uploads\/2024\/01\/mujer-con-dos-uteros-tiene-1-819x1024.jpg 819w, https:\/\/fuentesfidedignas.com.mx\/wp-content\/uploads\/2024\/01\/mujer-con-dos-uteros-tiene-1-240x300.jpg 240w, https:\/\/fuentesfidedignas.com.mx\/wp-content\/uploads\/2024\/01\/mujer-con-dos-uteros-tiene-1-768x960.jpg 768w, https:\/\/fuentesfidedignas.com.mx\/wp-content\/uploads\/2024\/01\/mujer-con-dos-uteros-tiene-1-696x870.jpg 696w, https:\/\/fuentesfidedignas.com.mx\/wp-content\/uploads\/2024\/01\/mujer-con-dos-uteros-tiene-1-1068x1335.jpg 1068w, https:\/\/fuentesfidedignas.com.mx\/wp-content\/uploads\/2024\/01\/mujer-con-dos-uteros-tiene-1-336x420.jpg 336w, https:\/\/fuentesfidedignas.com.mx\/wp-content\/uploads\/2024\/01\/mujer-con-dos-uteros-tiene-1.jpg 1080w\" sizes=\"(max-width: 819px) 100vw, 819px\" \/><\/figure>\n\n\n\n<figure class=\"wp-block-image size-large\"><img decoding=\"async\" width=\"1021\" height=\"1024\" data-id=\"69637\" src=\"https:\/\/fuentesfidedignas.com.mx\/wp-content\/uploads\/2024\/01\/mujer-con-dos-uteros-tiene-2-1021x1024.jpg\" alt=\"\" class=\"wp-image-69637\" srcset=\"https:\/\/fuentesfidedignas.com.mx\/wp-content\/uploads\/2024\/01\/mujer-con-dos-uteros-tiene-2-1021x1024.jpg 1021w, https:\/\/fuentesfidedignas.com.mx\/wp-content\/uploads\/2024\/01\/mujer-con-dos-uteros-tiene-2-300x300.jpg 300w, https:\/\/fuentesfidedignas.com.mx\/wp-content\/uploads\/2024\/01\/mujer-con-dos-uteros-tiene-2-150x150.jpg 150w, https:\/\/fuentesfidedignas.com.mx\/wp-content\/uploads\/2024\/01\/mujer-con-dos-uteros-tiene-2-768x770.jpg 768w, https:\/\/fuentesfidedignas.com.mx\/wp-content\/uploads\/2024\/01\/mujer-con-dos-uteros-tiene-2-696x698.jpg 696w, https:\/\/fuentesfidedignas.com.mx\/wp-content\/uploads\/2024\/01\/mujer-con-dos-uteros-tiene-2-1068x1071.jpg 1068w, https:\/\/fuentesfidedignas.com.mx\/wp-content\/uploads\/2024\/01\/mujer-con-dos-uteros-tiene-2-419x420.jpg 419w, https:\/\/fuentesfidedignas.com.mx\/wp-content\/uploads\/2024\/01\/mujer-con-dos-uteros-tiene-2.jpg 1080w\" sizes=\"(max-width: 1021px) 100vw, 1021px\" \/><\/figure>\n<\/figure>\n","protected":false},"excerpt":{"rendered":"<p>La mujer se ha encargado de mostrar su historia en su cuenta de Instagram. Una estadounidense de 32 a\u00f1os que naci\u00f3 con una inusual anomal\u00eda y tiene dos \u00fateros gest\u00f3 dos embarazos, uno en cada matriz, y dio a luz a mellizas en d\u00edas diferentes, anunci\u00f3 este viernes la mujer. &#8220;\u00a1Nacieron nuestras milagrosas beb\u00e9s!&#8221;, escribi\u00f3 [&hellip;]<\/p>\n","protected":false},"author":9,"featured_media":69636,"comment_status":"open","ping_status":"open","sticky":false,"template":"","format":"standard","meta":{"tdm_status":"","tdm_grid_status":"","footnotes":""},"categories":[40],"tags":[],"class_list":{"0":"post-69635","1":"post","2":"type-post","3":"status-publish","4":"format-standard","5":"has-post-thumbnail","7":"category-las-asombrosas"},"yoast_head":"<!-- This site is optimized with the Yoast SEO plugin v27.5 - https:\/\/yoast.com\/product\/yoast-seo-wordpress\/ -->\n<title>Mujer con dos \u00fateros da a luz a mellizas; &quot;no puedo esperar a compartir la historia&quot; - Fuentes Fidedignas<\/title>\n<meta name=\"robots\" content=\"index, follow, max-snippet:-1, max-image-preview:large, max-video-preview:-1\" \/>\n<link rel=\"canonical\" href=\"https:\/\/fuentesfidedignas.com.mx\/index.php\/2024\/01\/03\/mujer-con-dos-uteros-da-a-luz-a-mellizas-en-estados-unidos-no-puedo-esperar-a-compartir-la-historia\/\" \/>\n<meta property=\"og:locale\" content=\"es_MX\" \/>\n<meta property=\"og:type\" content=\"article\" \/>\n<meta property=\"og:title\" content=\"Mujer con dos \u00fateros da a luz a mellizas; &quot;no puedo esperar a compartir la historia&quot; - Fuentes Fidedignas\" \/>\n<meta property=\"og:description\" content=\"La mujer se ha encargado de mostrar su historia en su cuenta de Instagram. Una estadounidense de 32 a\u00f1os que naci\u00f3 con una inusual anomal\u00eda y tiene dos \u00fateros gest\u00f3 dos embarazos, uno en cada matriz, y dio a luz a mellizas en d\u00edas diferentes, anunci\u00f3 este viernes la mujer. &#8220;\u00a1Nacieron nuestras milagrosas beb\u00e9s!&#8221;, escribi\u00f3 [&hellip;]\" \/>\n<meta property=\"og:url\" content=\"https:\/\/fuentesfidedignas.com.mx\/index.php\/2024\/01\/03\/mujer-con-dos-uteros-da-a-luz-a-mellizas-en-estados-unidos-no-puedo-esperar-a-compartir-la-historia\/\" \/>\n<meta property=\"og:site_name\" content=\"Fuentes Fidedignas\" \/>\n<meta property=\"article:publisher\" content=\"https:\/\/www.facebook.com\/Fuentes-Fidedignas-368234489921644\" \/>\n<meta property=\"article:published_time\" content=\"2024-01-03T12:04:33+00:00\" \/>\n<meta property=\"og:image\" content=\"https:\/\/fuentesfidedignas.com.mx\/wp-content\/uploads\/2021\/04\/logo-retina.png\" \/>\n\t<meta property=\"og:image:width\" content=\"280\" \/>\n\t<meta property=\"og:image:height\" content=\"51\" \/>\n\t<meta property=\"og:image:type\" content=\"image\/png\" \/>\n<meta name=\"author\" content=\"Milenio\" \/>\n<meta name=\"twitter:card\" content=\"summary_large_image\" \/>\n<meta name=\"twitter:creator\" content=\"@fidedignas\" \/>\n<meta name=\"twitter:site\" content=\"@fidedignas\" \/>\n<meta name=\"twitter:label1\" content=\"Escrito por\" \/>\n\t<meta name=\"twitter:data1\" content=\"Milenio\" \/>\n\t<meta name=\"twitter:label2\" content=\"Tiempo de lectura\" \/>\n\t<meta name=\"twitter:data2\" content=\"3 minutos\" \/>\n<script type=\"application\/ld+json\" class=\"yoast-schema-graph\">{\"@context\":\"https:\\\/\\\/schema.org\",\"@graph\":[{\"@type\":\"Article\",\"@id\":\"https:\\\/\\\/fuentesfidedignas.com.mx\\\/index.php\\\/2024\\\/01\\\/03\\\/mujer-con-dos-uteros-da-a-luz-a-mellizas-en-estados-unidos-no-puedo-esperar-a-compartir-la-historia\\\/#article\",\"isPartOf\":{\"@id\":\"https:\\\/\\\/fuentesfidedignas.com.mx\\\/index.php\\\/2024\\\/01\\\/03\\\/mujer-con-dos-uteros-da-a-luz-a-mellizas-en-estados-unidos-no-puedo-esperar-a-compartir-la-historia\\\/\"},\"author\":{\"name\":\"Milenio\",\"@id\":\"https:\\\/\\\/fuentesfidedignas.com.mx\\\/#\\\/schema\\\/person\\\/47ec0135738f4b0c7495f06a77a2c976\"},\"headline\":\"Mujer con dos \u00fateros da a luz a mellizas; &#8220;no puedo esperar a compartir la historia&#8221;\",\"datePublished\":\"2024-01-03T12:04:33+00:00\",\"mainEntityOfPage\":{\"@id\":\"https:\\\/\\\/fuentesfidedignas.com.mx\\\/index.php\\\/2024\\\/01\\\/03\\\/mujer-con-dos-uteros-da-a-luz-a-mellizas-en-estados-unidos-no-puedo-esperar-a-compartir-la-historia\\\/\"},\"wordCount\":375,\"commentCount\":0,\"publisher\":{\"@id\":\"https:\\\/\\\/fuentesfidedignas.com.mx\\\/#organization\"},\"image\":{\"@id\":\"https:\\\/\\\/fuentesfidedignas.com.mx\\\/index.php\\\/2024\\\/01\\\/03\\\/mujer-con-dos-uteros-da-a-luz-a-mellizas-en-estados-unidos-no-puedo-esperar-a-compartir-la-historia\\\/#primaryimage\"},\"thumbnailUrl\":\"https:\\\/\\\/fuentesfidedignas.com.mx\\\/wp-content\\\/uploads\\\/2024\\\/01\\\/MUJER_2UTEROS.bmp\",\"articleSection\":[\"LAS ASOMBROSAS\"],\"inLanguage\":\"es\",\"potentialAction\":[{\"@type\":\"CommentAction\",\"name\":\"Comment\",\"target\":[\"https:\\\/\\\/fuentesfidedignas.com.mx\\\/index.php\\\/2024\\\/01\\\/03\\\/mujer-con-dos-uteros-da-a-luz-a-mellizas-en-estados-unidos-no-puedo-esperar-a-compartir-la-historia\\\/#respond\"]}]},{\"@type\":\"WebPage\",\"@id\":\"https:\\\/\\\/fuentesfidedignas.com.mx\\\/index.php\\\/2024\\\/01\\\/03\\\/mujer-con-dos-uteros-da-a-luz-a-mellizas-en-estados-unidos-no-puedo-esperar-a-compartir-la-historia\\\/\",\"url\":\"https:\\\/\\\/fuentesfidedignas.com.mx\\\/index.php\\\/2024\\\/01\\\/03\\\/mujer-con-dos-uteros-da-a-luz-a-mellizas-en-estados-unidos-no-puedo-esperar-a-compartir-la-historia\\\/\",\"name\":\"Mujer con dos \u00fateros da a luz a mellizas; \\\"no puedo esperar a compartir la historia\\\" - Fuentes Fidedignas\",\"isPartOf\":{\"@id\":\"https:\\\/\\\/fuentesfidedignas.com.mx\\\/#website\"},\"primaryImageOfPage\":{\"@id\":\"https:\\\/\\\/fuentesfidedignas.com.mx\\\/index.php\\\/2024\\\/01\\\/03\\\/mujer-con-dos-uteros-da-a-luz-a-mellizas-en-estados-unidos-no-puedo-esperar-a-compartir-la-historia\\\/#primaryimage\"},\"image\":{\"@id\":\"https:\\\/\\\/fuentesfidedignas.com.mx\\\/index.php\\\/2024\\\/01\\\/03\\\/mujer-con-dos-uteros-da-a-luz-a-mellizas-en-estados-unidos-no-puedo-esperar-a-compartir-la-historia\\\/#primaryimage\"},\"thumbnailUrl\":\"https:\\\/\\\/fuentesfidedignas.com.mx\\\/wp-content\\\/uploads\\\/2024\\\/01\\\/MUJER_2UTEROS.bmp\",\"datePublished\":\"2024-01-03T12:04:33+00:00\",\"breadcrumb\":{\"@id\":\"https:\\\/\\\/fuentesfidedignas.com.mx\\\/index.php\\\/2024\\\/01\\\/03\\\/mujer-con-dos-uteros-da-a-luz-a-mellizas-en-estados-unidos-no-puedo-esperar-a-compartir-la-historia\\\/#breadcrumb\"},\"inLanguage\":\"es\",\"potentialAction\":[{\"@type\":\"ReadAction\",\"target\":[\"https:\\\/\\\/fuentesfidedignas.com.mx\\\/index.php\\\/2024\\\/01\\\/03\\\/mujer-con-dos-uteros-da-a-luz-a-mellizas-en-estados-unidos-no-puedo-esperar-a-compartir-la-historia\\\/\"]}]},{\"@type\":\"ImageObject\",\"inLanguage\":\"es\",\"@id\":\"https:\\\/\\\/fuentesfidedignas.com.mx\\\/index.php\\\/2024\\\/01\\\/03\\\/mujer-con-dos-uteros-da-a-luz-a-mellizas-en-estados-unidos-no-puedo-esperar-a-compartir-la-historia\\\/#primaryimage\",\"url\":\"https:\\\/\\\/fuentesfidedignas.com.mx\\\/wp-content\\\/uploads\\\/2024\\\/01\\\/MUJER_2UTEROS.bmp\",\"contentUrl\":\"https:\\\/\\\/fuentesfidedignas.com.mx\\\/wp-content\\\/uploads\\\/2024\\\/01\\\/MUJER_2UTEROS.bmp\",\"width\":875,\"height\":525},{\"@type\":\"BreadcrumbList\",\"@id\":\"https:\\\/\\\/fuentesfidedignas.com.mx\\\/index.php\\\/2024\\\/01\\\/03\\\/mujer-con-dos-uteros-da-a-luz-a-mellizas-en-estados-unidos-no-puedo-esperar-a-compartir-la-historia\\\/#breadcrumb\",\"itemListElement\":[{\"@type\":\"ListItem\",\"position\":1,\"name\":\"Inicio\",\"item\":\"https:\\\/\\\/fuentesfidedignas.com.mx\\\/\"},{\"@type\":\"ListItem\",\"position\":2,\"name\":\"Mujer con dos \u00fateros da a luz a mellizas; &#8220;no puedo esperar a compartir la historia&#8221;\"}]},{\"@type\":\"WebSite\",\"@id\":\"https:\\\/\\\/fuentesfidedignas.com.mx\\\/#website\",\"url\":\"https:\\\/\\\/fuentesfidedignas.com.mx\\\/\",\"name\":\"Fuentes Fidedignas\",\"description\":\"Otro sitio realizado con WordPress\",\"publisher\":{\"@id\":\"https:\\\/\\\/fuentesfidedignas.com.mx\\\/#organization\"},\"potentialAction\":[{\"@type\":\"SearchAction\",\"target\":{\"@type\":\"EntryPoint\",\"urlTemplate\":\"https:\\\/\\\/fuentesfidedignas.com.mx\\\/?s={search_term_string}\"},\"query-input\":{\"@type\":\"PropertyValueSpecification\",\"valueRequired\":true,\"valueName\":\"search_term_string\"}}],\"inLanguage\":\"es\"},{\"@type\":\"Organization\",\"@id\":\"https:\\\/\\\/fuentesfidedignas.com.mx\\\/#organization\",\"name\":\"Fuentes Fidedignas\",\"url\":\"https:\\\/\\\/fuentesfidedignas.com.mx\\\/\",\"logo\":{\"@type\":\"ImageObject\",\"inLanguage\":\"es\",\"@id\":\"https:\\\/\\\/fuentesfidedignas.com.mx\\\/#\\\/schema\\\/logo\\\/image\\\/\",\"url\":\"https:\\\/\\\/fuentesfidedignas.com.mx\\\/wp-content\\\/uploads\\\/2021\\\/04\\\/logo-retina.png\",\"contentUrl\":\"https:\\\/\\\/fuentesfidedignas.com.mx\\\/wp-content\\\/uploads\\\/2021\\\/04\\\/logo-retina.png\",\"width\":280,\"height\":51,\"caption\":\"Fuentes Fidedignas\"},\"image\":{\"@id\":\"https:\\\/\\\/fuentesfidedignas.com.mx\\\/#\\\/schema\\\/logo\\\/image\\\/\"},\"sameAs\":[\"https:\\\/\\\/www.facebook.com\\\/Fuentes-Fidedignas-368234489921644\",\"https:\\\/\\\/x.com\\\/fidedignas\"]},{\"@type\":\"Person\",\"@id\":\"https:\\\/\\\/fuentesfidedignas.com.mx\\\/#\\\/schema\\\/person\\\/47ec0135738f4b0c7495f06a77a2c976\",\"name\":\"Milenio\",\"image\":{\"@type\":\"ImageObject\",\"inLanguage\":\"es\",\"@id\":\"https:\\\/\\\/secure.gravatar.com\\\/avatar\\\/acabf7b54753e51c2c76457954577c236b3b764789b19879565769739d1e4a75?s=96&d=mm&r=g\",\"url\":\"https:\\\/\\\/secure.gravatar.com\\\/avatar\\\/acabf7b54753e51c2c76457954577c236b3b764789b19879565769739d1e4a75?s=96&d=mm&r=g\",\"contentUrl\":\"https:\\\/\\\/secure.gravatar.com\\\/avatar\\\/acabf7b54753e51c2c76457954577c236b3b764789b19879565769739d1e4a75?s=96&d=mm&r=g\",\"caption\":\"Milenio\"},\"url\":\"https:\\\/\\\/fuentesfidedignas.com.mx\\\/index.php\\\/author\\\/milenio\\\/\"}]}<\/script>\n<!-- \/ Yoast SEO plugin. -->","yoast_head_json":{"title":"Mujer con dos \u00fateros da a luz a mellizas; \"no puedo esperar a compartir la historia\" - Fuentes Fidedignas","robots":{"index":"index","follow":"follow","max-snippet":"max-snippet:-1","max-image-preview":"max-image-preview:large","max-video-preview":"max-video-preview:-1"},"canonical":"https:\/\/fuentesfidedignas.com.mx\/index.php\/2024\/01\/03\/mujer-con-dos-uteros-da-a-luz-a-mellizas-en-estados-unidos-no-puedo-esperar-a-compartir-la-historia\/","og_locale":"es_MX","og_type":"article","og_title":"Mujer con dos \u00fateros da a luz a mellizas; \"no puedo esperar a compartir la historia\" - Fuentes Fidedignas","og_description":"La mujer se ha encargado de mostrar su historia en su cuenta de Instagram. Una estadounidense de 32 a\u00f1os que naci\u00f3 con una inusual anomal\u00eda y tiene dos \u00fateros gest\u00f3 dos embarazos, uno en cada matriz, y dio a luz a mellizas en d\u00edas diferentes, anunci\u00f3 este viernes la mujer. &#8220;\u00a1Nacieron nuestras milagrosas beb\u00e9s!&#8221;, escribi\u00f3 [&hellip;]","og_url":"https:\/\/fuentesfidedignas.com.mx\/index.php\/2024\/01\/03\/mujer-con-dos-uteros-da-a-luz-a-mellizas-en-estados-unidos-no-puedo-esperar-a-compartir-la-historia\/","og_site_name":"Fuentes Fidedignas","article_publisher":"https:\/\/www.facebook.com\/Fuentes-Fidedignas-368234489921644","article_published_time":"2024-01-03T12:04:33+00:00","og_image":[{"width":280,"height":51,"url":"https:\/\/fuentesfidedignas.com.mx\/wp-content\/uploads\/2021\/04\/logo-retina.png","type":"image\/png"}],"author":"Milenio","twitter_card":"summary_large_image","twitter_creator":"@fidedignas","twitter_site":"@fidedignas","twitter_misc":{"Escrito por":"Milenio","Tiempo de lectura":"3 minutos"},"schema":{"@context":"https:\/\/schema.org","@graph":[{"@type":"Article","@id":"https:\/\/fuentesfidedignas.com.mx\/index.php\/2024\/01\/03\/mujer-con-dos-uteros-da-a-luz-a-mellizas-en-estados-unidos-no-puedo-esperar-a-compartir-la-historia\/#article","isPartOf":{"@id":"https:\/\/fuentesfidedignas.com.mx\/index.php\/2024\/01\/03\/mujer-con-dos-uteros-da-a-luz-a-mellizas-en-estados-unidos-no-puedo-esperar-a-compartir-la-historia\/"},"author":{"name":"Milenio","@id":"https:\/\/fuentesfidedignas.com.mx\/#\/schema\/person\/47ec0135738f4b0c7495f06a77a2c976"},"headline":"Mujer con dos \u00fateros da a luz a mellizas; &#8220;no puedo esperar a compartir la historia&#8221;","datePublished":"2024-01-03T12:04:33+00:00","mainEntityOfPage":{"@id":"https:\/\/fuentesfidedignas.com.mx\/index.php\/2024\/01\/03\/mujer-con-dos-uteros-da-a-luz-a-mellizas-en-estados-unidos-no-puedo-esperar-a-compartir-la-historia\/"},"wordCount":375,"commentCount":0,"publisher":{"@id":"https:\/\/fuentesfidedignas.com.mx\/#organization"},"image":{"@id":"https:\/\/fuentesfidedignas.com.mx\/index.php\/2024\/01\/03\/mujer-con-dos-uteros-da-a-luz-a-mellizas-en-estados-unidos-no-puedo-esperar-a-compartir-la-historia\/#primaryimage"},"thumbnailUrl":"https:\/\/fuentesfidedignas.com.mx\/wp-content\/uploads\/2024\/01\/MUJER_2UTEROS.bmp","articleSection":["LAS ASOMBROSAS"],"inLanguage":"es","potentialAction":[{"@type":"CommentAction","name":"Comment","target":["https:\/\/fuentesfidedignas.com.mx\/index.php\/2024\/01\/03\/mujer-con-dos-uteros-da-a-luz-a-mellizas-en-estados-unidos-no-puedo-esperar-a-compartir-la-historia\/#respond"]}]},{"@type":"WebPage","@id":"https:\/\/fuentesfidedignas.com.mx\/index.php\/2024\/01\/03\/mujer-con-dos-uteros-da-a-luz-a-mellizas-en-estados-unidos-no-puedo-esperar-a-compartir-la-historia\/","url":"https:\/\/fuentesfidedignas.com.mx\/index.php\/2024\/01\/03\/mujer-con-dos-uteros-da-a-luz-a-mellizas-en-estados-unidos-no-puedo-esperar-a-compartir-la-historia\/","name":"Mujer con dos \u00fateros da a luz a mellizas; \"no puedo esperar a compartir la historia\" - Fuentes Fidedignas","isPartOf":{"@id":"https:\/\/fuentesfidedignas.com.mx\/#website"},"primaryImageOfPage":{"@id":"https:\/\/fuentesfidedignas.com.mx\/index.php\/2024\/01\/03\/mujer-con-dos-uteros-da-a-luz-a-mellizas-en-estados-unidos-no-puedo-esperar-a-compartir-la-historia\/#primaryimage"},"image":{"@id":"https:\/\/fuentesfidedignas.com.mx\/index.php\/2024\/01\/03\/mujer-con-dos-uteros-da-a-luz-a-mellizas-en-estados-unidos-no-puedo-esperar-a-compartir-la-historia\/#primaryimage"},"thumbnailUrl":"https:\/\/fuentesfidedignas.com.mx\/wp-content\/uploads\/2024\/01\/MUJER_2UTEROS.bmp","datePublished":"2024-01-03T12:04:33+00:00","breadcrumb":{"@id":"https:\/\/fuentesfidedignas.com.mx\/index.php\/2024\/01\/03\/mujer-con-dos-uteros-da-a-luz-a-mellizas-en-estados-unidos-no-puedo-esperar-a-compartir-la-historia\/#breadcrumb"},"inLanguage":"es","potentialAction":[{"@type":"ReadAction","target":["https:\/\/fuentesfidedignas.com.mx\/index.php\/2024\/01\/03\/mujer-con-dos-uteros-da-a-luz-a-mellizas-en-estados-unidos-no-puedo-esperar-a-compartir-la-historia\/"]}]},{"@type":"ImageObject","inLanguage":"es","@id":"https:\/\/fuentesfidedignas.com.mx\/index.php\/2024\/01\/03\/mujer-con-dos-uteros-da-a-luz-a-mellizas-en-estados-unidos-no-puedo-esperar-a-compartir-la-historia\/#primaryimage","url":"https:\/\/fuentesfidedignas.com.mx\/wp-content\/uploads\/2024\/01\/MUJER_2UTEROS.bmp","contentUrl":"https:\/\/fuentesfidedignas.com.mx\/wp-content\/uploads\/2024\/01\/MUJER_2UTEROS.bmp","width":875,"height":525},{"@type":"BreadcrumbList","@id":"https:\/\/fuentesfidedignas.com.mx\/index.php\/2024\/01\/03\/mujer-con-dos-uteros-da-a-luz-a-mellizas-en-estados-unidos-no-puedo-esperar-a-compartir-la-historia\/#breadcrumb","itemListElement":[{"@type":"ListItem","position":1,"name":"Inicio","item":"https:\/\/fuentesfidedignas.com.mx\/"},{"@type":"ListItem","position":2,"name":"Mujer con dos \u00fateros da a luz a mellizas; &#8220;no puedo esperar a compartir la historia&#8221;"}]},{"@type":"WebSite","@id":"https:\/\/fuentesfidedignas.com.mx\/#website","url":"https:\/\/fuentesfidedignas.com.mx\/","name":"Fuentes Fidedignas","description":"Otro sitio realizado con WordPress","publisher":{"@id":"https:\/\/fuentesfidedignas.com.mx\/#organization"},"potentialAction":[{"@type":"SearchAction","target":{"@type":"EntryPoint","urlTemplate":"https:\/\/fuentesfidedignas.com.mx\/?s={search_term_string}"},"query-input":{"@type":"PropertyValueSpecification","valueRequired":true,"valueName":"search_term_string"}}],"inLanguage":"es"},{"@type":"Organization","@id":"https:\/\/fuentesfidedignas.com.mx\/#organization","name":"Fuentes Fidedignas","url":"https:\/\/fuentesfidedignas.com.mx\/","logo":{"@type":"ImageObject","inLanguage":"es","@id":"https:\/\/fuentesfidedignas.com.mx\/#\/schema\/logo\/image\/","url":"https:\/\/fuentesfidedignas.com.mx\/wp-content\/uploads\/2021\/04\/logo-retina.png","contentUrl":"https:\/\/fuentesfidedignas.com.mx\/wp-content\/uploads\/2021\/04\/logo-retina.png","width":280,"height":51,"caption":"Fuentes Fidedignas"},"image":{"@id":"https:\/\/fuentesfidedignas.com.mx\/#\/schema\/logo\/image\/"},"sameAs":["https:\/\/www.facebook.com\/Fuentes-Fidedignas-368234489921644","https:\/\/x.com\/fidedignas"]},{"@type":"Person","@id":"https:\/\/fuentesfidedignas.com.mx\/#\/schema\/person\/47ec0135738f4b0c7495f06a77a2c976","name":"Milenio","image":{"@type":"ImageObject","inLanguage":"es","@id":"https:\/\/secure.gravatar.com\/avatar\/acabf7b54753e51c2c76457954577c236b3b764789b19879565769739d1e4a75?s=96&d=mm&r=g","url":"https:\/\/secure.gravatar.com\/avatar\/acabf7b54753e51c2c76457954577c236b3b764789b19879565769739d1e4a75?s=96&d=mm&r=g","contentUrl":"https:\/\/secure.gravatar.com\/avatar\/acabf7b54753e51c2c76457954577c236b3b764789b19879565769739d1e4a75?s=96&d=mm&r=g","caption":"Milenio"},"url":"https:\/\/fuentesfidedignas.com.mx\/index.php\/author\/milenio\/"}]}},"_links":{"self":[{"href":"https:\/\/fuentesfidedignas.com.mx\/index.php\/wp-json\/wp\/v2\/posts\/69635","targetHints":{"allow":["GET"]}}],"collection":[{"href":"https:\/\/fuentesfidedignas.com.mx\/index.php\/wp-json\/wp\/v2\/posts"}],"about":[{"href":"https:\/\/fuentesfidedignas.com.mx\/index.php\/wp-json\/wp\/v2\/types\/post"}],"author":[{"embeddable":true,"href":"https:\/\/fuentesfidedignas.com.mx\/index.php\/wp-json\/wp\/v2\/users\/9"}],"replies":[{"embeddable":true,"href":"https:\/\/fuentesfidedignas.com.mx\/index.php\/wp-json\/wp\/v2\/comments?post=69635"}],"version-history":[{"count":2,"href":"https:\/\/fuentesfidedignas.com.mx\/index.php\/wp-json\/wp\/v2\/posts\/69635\/revisions"}],"predecessor-version":[{"id":69640,"href":"https:\/\/fuentesfidedignas.com.mx\/index.php\/wp-json\/wp\/v2\/posts\/69635\/revisions\/69640"}],"wp:featuredmedia":[{"embeddable":true,"href":"https:\/\/fuentesfidedignas.com.mx\/index.php\/wp-json\/wp\/v2\/media\/69636"}],"wp:attachment":[{"href":"https:\/\/fuentesfidedignas.com.mx\/index.php\/wp-json\/wp\/v2\/media?parent=69635"}],"wp:term":[{"taxonomy":"category","embeddable":true,"href":"https:\/\/fuentesfidedignas.com.mx\/index.php\/wp-json\/wp\/v2\/categories?post=69635"},{"taxonomy":"post_tag","embeddable":true,"href":"https:\/\/fuentesfidedignas.com.mx\/index.php\/wp-json\/wp\/v2\/tags?post=69635"}],"curies":[{"name":"wp","href":"https:\/\/api.w.org\/{rel}","templated":true}]}}