{"id":69626,"date":"2024-01-02T08:42:58","date_gmt":"2024-01-02T15:42:58","guid":{"rendered":"https:\/\/fuentesfidedignas.com.mx\/?p=69626"},"modified":"2024-01-02T08:44:11","modified_gmt":"2024-01-02T15:44:11","slug":"especialista-de-la-uas-pronostica-que-la-reduccion-de-la-semana-laboral-sera-aprobada-porque-es-necesaria","status":"publish","type":"post","link":"https:\/\/fuentesfidedignas.com.mx\/index.php\/2024\/01\/02\/especialista-de-la-uas-pronostica-que-la-reduccion-de-la-semana-laboral-sera-aprobada-porque-es-necesaria\/","title":{"rendered":"Especialista de la UAS pronostica que la reducci\u00f3n de la semana laboral ser\u00e1 aprobada porque es necesaria"},"content":{"rendered":"\n<p><strong><em>Las presiones para que esta reforma no se apruebe a\u00fan se est\u00e1n dando de parte de los organismos empresariales que agrupan a las micro y peque\u00f1as empresas, ya que ser\u00e1n las m\u00e1s afectadas en el caso de que se autorice reducir la semana laboral de 48 a 40 horas.<\/em><\/strong><\/p>\n\n\n\n<p>Culiac\u00e1n, Sin.- Aunque la reforma para reducir la semana laboral de 48 a 40 horas a\u00fan est\u00e1 detenida en la C\u00e1mara de Diputados, es casi un hecho que la misma ser\u00e1 aprobada en esta o en la pr\u00f3xima legislatura porque M\u00e9xico es uno de los pa\u00edses m\u00e1s rezagados en ese aspecto, opin\u00f3 Rogelio Morones L\u00f3pez.<\/p>\n\n\n\n<p>El especialista en materia laboral de la Facultad de Derecho de la Universidad Aut\u00f3noma de Sinaloa (UAS), consider\u00f3 que esta medida es m\u00e1s que necesaria porque M\u00e9xico es uno de los pa\u00edses en donde m\u00e1s horas se trabajan durante el a\u00f1o.<\/p>\n\n\n\n<p>\u201cTodav\u00eda est\u00e1n en este estira y afloja, pero creo que la medida es bien vista porque es una medida muy populista, muy popular para los trabajadores, para el grupo de trabajadores y entonces creo que si va a poder avanzar esa parte\u201d, pronostic\u00f3.<\/p>\n\n\n\n<p>El acad\u00e9mico universitario observ\u00f3 que las presiones para que esta reforma no se apruebe a\u00fan se est\u00e1n dando de parte de los organismos empresariales que agrupan a las micro y peque\u00f1as empresas, ya que ser\u00e1n las m\u00e1s afectadas en el caso de que se autorice reducir la semana laboral de 48 a 40 horas.<\/p>\n\n\n\n<p>Abund\u00f3 que, a diferencia de las micros, peque\u00f1as y medianas empresas, los grandes corporativos nacionales e internacionales s\u00ed est\u00e1n en condiciones de asimilar la reducci\u00f3n de la semana laboral, porque cuentan con sistemas de trabajo o esquemas organizacionales mediante los cuales se adaptar\u00e1n r\u00e1pidamente a las nuevas condiciones que les impondr\u00e1 la mencionada reforma.<\/p>\n\n\n\n<p>\u201cConsidero que es una medida que va a impactar en un beneficio para los trabajadores, tambi\u00e9n considero que esa parte es algo necesario. Pero volvemos a recapitular, queremos actualizarnos en 6 a\u00f1os lo que no se hizo en 15, en 20 a\u00f1os\u201d, expres\u00f3.<\/p>\n\n\n\n<p>Plante\u00f3 que la Ley Federal del Trabajo habla de patrones en general y que el problema con este tipo de reformas que se hab\u00edan estado postergando es que no se puede comparar a un peque\u00f1o emprendedor, una peque\u00f1a o mediana empresa con una empresa transnacional o una empresa que tiene cadenas en todo M\u00e9xico.<\/p>\n\n\n\n<p>\u201cNo podemos establecer que son las mismas condiciones econ\u00f3micas para el pago de prestaciones, pago de salarios o reducci\u00f3n de horas de trabajo y ah\u00ed es donde considero que se queda un poco rezagada la protecci\u00f3n que deben recibir estas peque\u00f1as, micros y peque\u00f1os emprendedores\u201d, puntualiz\u00f3 Morones L\u00f3pez.<\/p>\n","protected":false},"excerpt":{"rendered":"<p>Las presiones para que esta reforma no se apruebe a\u00fan se est\u00e1n dando de parte de los organismos empresariales que agrupan a las micro y peque\u00f1as empresas, ya que ser\u00e1n las m\u00e1s afectadas en el caso de que se autorice reducir la semana laboral de 48 a 40 horas. Culiac\u00e1n, Sin.- Aunque la reforma para [&hellip;]<\/p>\n","protected":false},"author":4,"featured_media":69627,"comment_status":"open","ping_status":"open","sticky":false,"template":"","format":"standard","meta":{"tdm_status":"","tdm_grid_status":"","footnotes":""},"categories":[1],"tags":[],"class_list":{"0":"post-69626","1":"post","2":"type-post","3":"status-publish","4":"format-standard","5":"has-post-thumbnail","7":"category-sin-categoria"},"yoast_head":"<!-- This site is optimized with the Yoast SEO plugin v27.4 - https:\/\/yoast.com\/product\/yoast-seo-wordpress\/ -->\n<title>Especialista de la UAS pronostica que la reducci\u00f3n de la semana laboral ser\u00e1 aprobada porque es necesaria - Fuentes Fidedignas<\/title>\n<meta name=\"robots\" content=\"index, follow, max-snippet:-1, max-image-preview:large, max-video-preview:-1\" \/>\n<link rel=\"canonical\" href=\"https:\/\/fuentesfidedignas.com.mx\/index.php\/2024\/01\/02\/especialista-de-la-uas-pronostica-que-la-reduccion-de-la-semana-laboral-sera-aprobada-porque-es-necesaria\/\" \/>\n<meta property=\"og:locale\" content=\"es_MX\" \/>\n<meta property=\"og:type\" content=\"article\" \/>\n<meta property=\"og:title\" content=\"Especialista de la UAS pronostica que la reducci\u00f3n de la semana laboral ser\u00e1 aprobada porque es necesaria - Fuentes Fidedignas\" \/>\n<meta property=\"og:description\" content=\"Las presiones para que esta reforma no se apruebe a\u00fan se est\u00e1n dando de parte de los organismos empresariales que agrupan a las micro y peque\u00f1as empresas, ya que ser\u00e1n las m\u00e1s afectadas en el caso de que se autorice reducir la semana laboral de 48 a 40 horas. Culiac\u00e1n, Sin.- Aunque la reforma para [&hellip;]\" \/>\n<meta property=\"og:url\" content=\"https:\/\/fuentesfidedignas.com.mx\/index.php\/2024\/01\/02\/especialista-de-la-uas-pronostica-que-la-reduccion-de-la-semana-laboral-sera-aprobada-porque-es-necesaria\/\" \/>\n<meta property=\"og:site_name\" content=\"Fuentes Fidedignas\" \/>\n<meta property=\"article:publisher\" content=\"https:\/\/www.facebook.com\/Fuentes-Fidedignas-368234489921644\" \/>\n<meta property=\"article:published_time\" content=\"2024-01-02T15:42:58+00:00\" \/>\n<meta property=\"article:modified_time\" content=\"2024-01-02T15:44:11+00:00\" \/>\n<meta property=\"og:image\" content=\"https:\/\/fuentesfidedignas.com.mx\/wp-content\/uploads\/2024\/01\/SEMANA-LABORAL-1.jpeg\" \/>\n\t<meta property=\"og:image:width\" content=\"1024\" \/>\n\t<meta property=\"og:image:height\" content=\"683\" \/>\n\t<meta property=\"og:image:type\" content=\"image\/jpeg\" \/>\n<meta name=\"author\" content=\"Redacci\u00f3n\" \/>\n<meta name=\"twitter:card\" content=\"summary_large_image\" \/>\n<meta name=\"twitter:creator\" content=\"@fidedignas\" \/>\n<meta name=\"twitter:site\" content=\"@fidedignas\" \/>\n<meta name=\"twitter:label1\" content=\"Escrito por\" \/>\n\t<meta name=\"twitter:data1\" content=\"Redacci\u00f3n\" \/>\n\t<meta name=\"twitter:label2\" content=\"Tiempo de lectura\" \/>\n\t<meta name=\"twitter:data2\" content=\"3 minutos\" \/>\n<script type=\"application\/ld+json\" class=\"yoast-schema-graph\">{\"@context\":\"https:\\\/\\\/schema.org\",\"@graph\":[{\"@type\":\"Article\",\"@id\":\"https:\\\/\\\/fuentesfidedignas.com.mx\\\/index.php\\\/2024\\\/01\\\/02\\\/especialista-de-la-uas-pronostica-que-la-reduccion-de-la-semana-laboral-sera-aprobada-porque-es-necesaria\\\/#article\",\"isPartOf\":{\"@id\":\"https:\\\/\\\/fuentesfidedignas.com.mx\\\/index.php\\\/2024\\\/01\\\/02\\\/especialista-de-la-uas-pronostica-que-la-reduccion-de-la-semana-laboral-sera-aprobada-porque-es-necesaria\\\/\"},\"author\":{\"name\":\"Redacci\u00f3n\",\"@id\":\"https:\\\/\\\/fuentesfidedignas.com.mx\\\/#\\\/schema\\\/person\\\/331be9283d37198e2acd5750279085b0\"},\"headline\":\"Especialista de la UAS pronostica que la reducci\u00f3n de la semana laboral ser\u00e1 aprobada porque es necesaria\",\"datePublished\":\"2024-01-02T15:42:58+00:00\",\"dateModified\":\"2024-01-02T15:44:11+00:00\",\"mainEntityOfPage\":{\"@id\":\"https:\\\/\\\/fuentesfidedignas.com.mx\\\/index.php\\\/2024\\\/01\\\/02\\\/especialista-de-la-uas-pronostica-que-la-reduccion-de-la-semana-laboral-sera-aprobada-porque-es-necesaria\\\/\"},\"wordCount\":496,\"commentCount\":0,\"publisher\":{\"@id\":\"https:\\\/\\\/fuentesfidedignas.com.mx\\\/#organization\"},\"image\":{\"@id\":\"https:\\\/\\\/fuentesfidedignas.com.mx\\\/index.php\\\/2024\\\/01\\\/02\\\/especialista-de-la-uas-pronostica-que-la-reduccion-de-la-semana-laboral-sera-aprobada-porque-es-necesaria\\\/#primaryimage\"},\"thumbnailUrl\":\"https:\\\/\\\/fuentesfidedignas.com.mx\\\/wp-content\\\/uploads\\\/2024\\\/01\\\/SEMANA-LABORAL-1.jpeg\",\"inLanguage\":\"es\",\"potentialAction\":[{\"@type\":\"CommentAction\",\"name\":\"Comment\",\"target\":[\"https:\\\/\\\/fuentesfidedignas.com.mx\\\/index.php\\\/2024\\\/01\\\/02\\\/especialista-de-la-uas-pronostica-que-la-reduccion-de-la-semana-laboral-sera-aprobada-porque-es-necesaria\\\/#respond\"]}]},{\"@type\":\"WebPage\",\"@id\":\"https:\\\/\\\/fuentesfidedignas.com.mx\\\/index.php\\\/2024\\\/01\\\/02\\\/especialista-de-la-uas-pronostica-que-la-reduccion-de-la-semana-laboral-sera-aprobada-porque-es-necesaria\\\/\",\"url\":\"https:\\\/\\\/fuentesfidedignas.com.mx\\\/index.php\\\/2024\\\/01\\\/02\\\/especialista-de-la-uas-pronostica-que-la-reduccion-de-la-semana-laboral-sera-aprobada-porque-es-necesaria\\\/\",\"name\":\"Especialista de la UAS pronostica que la reducci\u00f3n de la semana laboral ser\u00e1 aprobada porque es necesaria - Fuentes Fidedignas\",\"isPartOf\":{\"@id\":\"https:\\\/\\\/fuentesfidedignas.com.mx\\\/#website\"},\"primaryImageOfPage\":{\"@id\":\"https:\\\/\\\/fuentesfidedignas.com.mx\\\/index.php\\\/2024\\\/01\\\/02\\\/especialista-de-la-uas-pronostica-que-la-reduccion-de-la-semana-laboral-sera-aprobada-porque-es-necesaria\\\/#primaryimage\"},\"image\":{\"@id\":\"https:\\\/\\\/fuentesfidedignas.com.mx\\\/index.php\\\/2024\\\/01\\\/02\\\/especialista-de-la-uas-pronostica-que-la-reduccion-de-la-semana-laboral-sera-aprobada-porque-es-necesaria\\\/#primaryimage\"},\"thumbnailUrl\":\"https:\\\/\\\/fuentesfidedignas.com.mx\\\/wp-content\\\/uploads\\\/2024\\\/01\\\/SEMANA-LABORAL-1.jpeg\",\"datePublished\":\"2024-01-02T15:42:58+00:00\",\"dateModified\":\"2024-01-02T15:44:11+00:00\",\"breadcrumb\":{\"@id\":\"https:\\\/\\\/fuentesfidedignas.com.mx\\\/index.php\\\/2024\\\/01\\\/02\\\/especialista-de-la-uas-pronostica-que-la-reduccion-de-la-semana-laboral-sera-aprobada-porque-es-necesaria\\\/#breadcrumb\"},\"inLanguage\":\"es\",\"potentialAction\":[{\"@type\":\"ReadAction\",\"target\":[\"https:\\\/\\\/fuentesfidedignas.com.mx\\\/index.php\\\/2024\\\/01\\\/02\\\/especialista-de-la-uas-pronostica-que-la-reduccion-de-la-semana-laboral-sera-aprobada-porque-es-necesaria\\\/\"]}]},{\"@type\":\"ImageObject\",\"inLanguage\":\"es\",\"@id\":\"https:\\\/\\\/fuentesfidedignas.com.mx\\\/index.php\\\/2024\\\/01\\\/02\\\/especialista-de-la-uas-pronostica-que-la-reduccion-de-la-semana-laboral-sera-aprobada-porque-es-necesaria\\\/#primaryimage\",\"url\":\"https:\\\/\\\/fuentesfidedignas.com.mx\\\/wp-content\\\/uploads\\\/2024\\\/01\\\/SEMANA-LABORAL-1.jpeg\",\"contentUrl\":\"https:\\\/\\\/fuentesfidedignas.com.mx\\\/wp-content\\\/uploads\\\/2024\\\/01\\\/SEMANA-LABORAL-1.jpeg\",\"width\":1024,\"height\":683},{\"@type\":\"BreadcrumbList\",\"@id\":\"https:\\\/\\\/fuentesfidedignas.com.mx\\\/index.php\\\/2024\\\/01\\\/02\\\/especialista-de-la-uas-pronostica-que-la-reduccion-de-la-semana-laboral-sera-aprobada-porque-es-necesaria\\\/#breadcrumb\",\"itemListElement\":[{\"@type\":\"ListItem\",\"position\":1,\"name\":\"Inicio\",\"item\":\"https:\\\/\\\/fuentesfidedignas.com.mx\\\/\"},{\"@type\":\"ListItem\",\"position\":2,\"name\":\"Especialista de la UAS pronostica que la reducci\u00f3n de la semana laboral ser\u00e1 aprobada porque es necesaria\"}]},{\"@type\":\"WebSite\",\"@id\":\"https:\\\/\\\/fuentesfidedignas.com.mx\\\/#website\",\"url\":\"https:\\\/\\\/fuentesfidedignas.com.mx\\\/\",\"name\":\"Fuentes Fidedignas\",\"description\":\"Otro sitio realizado con WordPress\",\"publisher\":{\"@id\":\"https:\\\/\\\/fuentesfidedignas.com.mx\\\/#organization\"},\"potentialAction\":[{\"@type\":\"SearchAction\",\"target\":{\"@type\":\"EntryPoint\",\"urlTemplate\":\"https:\\\/\\\/fuentesfidedignas.com.mx\\\/?s={search_term_string}\"},\"query-input\":{\"@type\":\"PropertyValueSpecification\",\"valueRequired\":true,\"valueName\":\"search_term_string\"}}],\"inLanguage\":\"es\"},{\"@type\":\"Organization\",\"@id\":\"https:\\\/\\\/fuentesfidedignas.com.mx\\\/#organization\",\"name\":\"Fuentes Fidedignas\",\"url\":\"https:\\\/\\\/fuentesfidedignas.com.mx\\\/\",\"logo\":{\"@type\":\"ImageObject\",\"inLanguage\":\"es\",\"@id\":\"https:\\\/\\\/fuentesfidedignas.com.mx\\\/#\\\/schema\\\/logo\\\/image\\\/\",\"url\":\"https:\\\/\\\/fuentesfidedignas.com.mx\\\/wp-content\\\/uploads\\\/2021\\\/04\\\/logo-retina.png\",\"contentUrl\":\"https:\\\/\\\/fuentesfidedignas.com.mx\\\/wp-content\\\/uploads\\\/2021\\\/04\\\/logo-retina.png\",\"width\":280,\"height\":51,\"caption\":\"Fuentes Fidedignas\"},\"image\":{\"@id\":\"https:\\\/\\\/fuentesfidedignas.com.mx\\\/#\\\/schema\\\/logo\\\/image\\\/\"},\"sameAs\":[\"https:\\\/\\\/www.facebook.com\\\/Fuentes-Fidedignas-368234489921644\",\"https:\\\/\\\/x.com\\\/fidedignas\"]},{\"@type\":\"Person\",\"@id\":\"https:\\\/\\\/fuentesfidedignas.com.mx\\\/#\\\/schema\\\/person\\\/331be9283d37198e2acd5750279085b0\",\"name\":\"Redacci\u00f3n\",\"image\":{\"@type\":\"ImageObject\",\"inLanguage\":\"es\",\"@id\":\"https:\\\/\\\/secure.gravatar.com\\\/avatar\\\/f6d8782c11d12b2d4ad3fbb6931aeab5309937a4d6cd2fc9cfaa28a6396a5aec?s=96&d=mm&r=g\",\"url\":\"https:\\\/\\\/secure.gravatar.com\\\/avatar\\\/f6d8782c11d12b2d4ad3fbb6931aeab5309937a4d6cd2fc9cfaa28a6396a5aec?s=96&d=mm&r=g\",\"contentUrl\":\"https:\\\/\\\/secure.gravatar.com\\\/avatar\\\/f6d8782c11d12b2d4ad3fbb6931aeab5309937a4d6cd2fc9cfaa28a6396a5aec?s=96&d=mm&r=g\",\"caption\":\"Redacci\u00f3n\"},\"url\":\"https:\\\/\\\/fuentesfidedignas.com.mx\\\/index.php\\\/author\\\/redaccion\\\/\"}]}<\/script>\n<!-- \/ Yoast SEO plugin. -->","yoast_head_json":{"title":"Especialista de la UAS pronostica que la reducci\u00f3n de la semana laboral ser\u00e1 aprobada porque es necesaria - Fuentes Fidedignas","robots":{"index":"index","follow":"follow","max-snippet":"max-snippet:-1","max-image-preview":"max-image-preview:large","max-video-preview":"max-video-preview:-1"},"canonical":"https:\/\/fuentesfidedignas.com.mx\/index.php\/2024\/01\/02\/especialista-de-la-uas-pronostica-que-la-reduccion-de-la-semana-laboral-sera-aprobada-porque-es-necesaria\/","og_locale":"es_MX","og_type":"article","og_title":"Especialista de la UAS pronostica que la reducci\u00f3n de la semana laboral ser\u00e1 aprobada porque es necesaria - Fuentes Fidedignas","og_description":"Las presiones para que esta reforma no se apruebe a\u00fan se est\u00e1n dando de parte de los organismos empresariales que agrupan a las micro y peque\u00f1as empresas, ya que ser\u00e1n las m\u00e1s afectadas en el caso de que se autorice reducir la semana laboral de 48 a 40 horas. Culiac\u00e1n, Sin.- Aunque la reforma para [&hellip;]","og_url":"https:\/\/fuentesfidedignas.com.mx\/index.php\/2024\/01\/02\/especialista-de-la-uas-pronostica-que-la-reduccion-de-la-semana-laboral-sera-aprobada-porque-es-necesaria\/","og_site_name":"Fuentes Fidedignas","article_publisher":"https:\/\/www.facebook.com\/Fuentes-Fidedignas-368234489921644","article_published_time":"2024-01-02T15:42:58+00:00","article_modified_time":"2024-01-02T15:44:11+00:00","og_image":[{"width":1024,"height":683,"url":"https:\/\/fuentesfidedignas.com.mx\/wp-content\/uploads\/2024\/01\/SEMANA-LABORAL-1.jpeg","type":"image\/jpeg"}],"author":"Redacci\u00f3n","twitter_card":"summary_large_image","twitter_creator":"@fidedignas","twitter_site":"@fidedignas","twitter_misc":{"Escrito por":"Redacci\u00f3n","Tiempo de lectura":"3 minutos"},"schema":{"@context":"https:\/\/schema.org","@graph":[{"@type":"Article","@id":"https:\/\/fuentesfidedignas.com.mx\/index.php\/2024\/01\/02\/especialista-de-la-uas-pronostica-que-la-reduccion-de-la-semana-laboral-sera-aprobada-porque-es-necesaria\/#article","isPartOf":{"@id":"https:\/\/fuentesfidedignas.com.mx\/index.php\/2024\/01\/02\/especialista-de-la-uas-pronostica-que-la-reduccion-de-la-semana-laboral-sera-aprobada-porque-es-necesaria\/"},"author":{"name":"Redacci\u00f3n","@id":"https:\/\/fuentesfidedignas.com.mx\/#\/schema\/person\/331be9283d37198e2acd5750279085b0"},"headline":"Especialista de la UAS pronostica que la reducci\u00f3n de la semana laboral ser\u00e1 aprobada porque es necesaria","datePublished":"2024-01-02T15:42:58+00:00","dateModified":"2024-01-02T15:44:11+00:00","mainEntityOfPage":{"@id":"https:\/\/fuentesfidedignas.com.mx\/index.php\/2024\/01\/02\/especialista-de-la-uas-pronostica-que-la-reduccion-de-la-semana-laboral-sera-aprobada-porque-es-necesaria\/"},"wordCount":496,"commentCount":0,"publisher":{"@id":"https:\/\/fuentesfidedignas.com.mx\/#organization"},"image":{"@id":"https:\/\/fuentesfidedignas.com.mx\/index.php\/2024\/01\/02\/especialista-de-la-uas-pronostica-que-la-reduccion-de-la-semana-laboral-sera-aprobada-porque-es-necesaria\/#primaryimage"},"thumbnailUrl":"https:\/\/fuentesfidedignas.com.mx\/wp-content\/uploads\/2024\/01\/SEMANA-LABORAL-1.jpeg","inLanguage":"es","potentialAction":[{"@type":"CommentAction","name":"Comment","target":["https:\/\/fuentesfidedignas.com.mx\/index.php\/2024\/01\/02\/especialista-de-la-uas-pronostica-que-la-reduccion-de-la-semana-laboral-sera-aprobada-porque-es-necesaria\/#respond"]}]},{"@type":"WebPage","@id":"https:\/\/fuentesfidedignas.com.mx\/index.php\/2024\/01\/02\/especialista-de-la-uas-pronostica-que-la-reduccion-de-la-semana-laboral-sera-aprobada-porque-es-necesaria\/","url":"https:\/\/fuentesfidedignas.com.mx\/index.php\/2024\/01\/02\/especialista-de-la-uas-pronostica-que-la-reduccion-de-la-semana-laboral-sera-aprobada-porque-es-necesaria\/","name":"Especialista de la UAS pronostica que la reducci\u00f3n de la semana laboral ser\u00e1 aprobada porque es necesaria - Fuentes Fidedignas","isPartOf":{"@id":"https:\/\/fuentesfidedignas.com.mx\/#website"},"primaryImageOfPage":{"@id":"https:\/\/fuentesfidedignas.com.mx\/index.php\/2024\/01\/02\/especialista-de-la-uas-pronostica-que-la-reduccion-de-la-semana-laboral-sera-aprobada-porque-es-necesaria\/#primaryimage"},"image":{"@id":"https:\/\/fuentesfidedignas.com.mx\/index.php\/2024\/01\/02\/especialista-de-la-uas-pronostica-que-la-reduccion-de-la-semana-laboral-sera-aprobada-porque-es-necesaria\/#primaryimage"},"thumbnailUrl":"https:\/\/fuentesfidedignas.com.mx\/wp-content\/uploads\/2024\/01\/SEMANA-LABORAL-1.jpeg","datePublished":"2024-01-02T15:42:58+00:00","dateModified":"2024-01-02T15:44:11+00:00","breadcrumb":{"@id":"https:\/\/fuentesfidedignas.com.mx\/index.php\/2024\/01\/02\/especialista-de-la-uas-pronostica-que-la-reduccion-de-la-semana-laboral-sera-aprobada-porque-es-necesaria\/#breadcrumb"},"inLanguage":"es","potentialAction":[{"@type":"ReadAction","target":["https:\/\/fuentesfidedignas.com.mx\/index.php\/2024\/01\/02\/especialista-de-la-uas-pronostica-que-la-reduccion-de-la-semana-laboral-sera-aprobada-porque-es-necesaria\/"]}]},{"@type":"ImageObject","inLanguage":"es","@id":"https:\/\/fuentesfidedignas.com.mx\/index.php\/2024\/01\/02\/especialista-de-la-uas-pronostica-que-la-reduccion-de-la-semana-laboral-sera-aprobada-porque-es-necesaria\/#primaryimage","url":"https:\/\/fuentesfidedignas.com.mx\/wp-content\/uploads\/2024\/01\/SEMANA-LABORAL-1.jpeg","contentUrl":"https:\/\/fuentesfidedignas.com.mx\/wp-content\/uploads\/2024\/01\/SEMANA-LABORAL-1.jpeg","width":1024,"height":683},{"@type":"BreadcrumbList","@id":"https:\/\/fuentesfidedignas.com.mx\/index.php\/2024\/01\/02\/especialista-de-la-uas-pronostica-que-la-reduccion-de-la-semana-laboral-sera-aprobada-porque-es-necesaria\/#breadcrumb","itemListElement":[{"@type":"ListItem","position":1,"name":"Inicio","item":"https:\/\/fuentesfidedignas.com.mx\/"},{"@type":"ListItem","position":2,"name":"Especialista de la UAS pronostica que la reducci\u00f3n de la semana laboral ser\u00e1 aprobada porque es necesaria"}]},{"@type":"WebSite","@id":"https:\/\/fuentesfidedignas.com.mx\/#website","url":"https:\/\/fuentesfidedignas.com.mx\/","name":"Fuentes Fidedignas","description":"Otro sitio realizado con WordPress","publisher":{"@id":"https:\/\/fuentesfidedignas.com.mx\/#organization"},"potentialAction":[{"@type":"SearchAction","target":{"@type":"EntryPoint","urlTemplate":"https:\/\/fuentesfidedignas.com.mx\/?s={search_term_string}"},"query-input":{"@type":"PropertyValueSpecification","valueRequired":true,"valueName":"search_term_string"}}],"inLanguage":"es"},{"@type":"Organization","@id":"https:\/\/fuentesfidedignas.com.mx\/#organization","name":"Fuentes Fidedignas","url":"https:\/\/fuentesfidedignas.com.mx\/","logo":{"@type":"ImageObject","inLanguage":"es","@id":"https:\/\/fuentesfidedignas.com.mx\/#\/schema\/logo\/image\/","url":"https:\/\/fuentesfidedignas.com.mx\/wp-content\/uploads\/2021\/04\/logo-retina.png","contentUrl":"https:\/\/fuentesfidedignas.com.mx\/wp-content\/uploads\/2021\/04\/logo-retina.png","width":280,"height":51,"caption":"Fuentes Fidedignas"},"image":{"@id":"https:\/\/fuentesfidedignas.com.mx\/#\/schema\/logo\/image\/"},"sameAs":["https:\/\/www.facebook.com\/Fuentes-Fidedignas-368234489921644","https:\/\/x.com\/fidedignas"]},{"@type":"Person","@id":"https:\/\/fuentesfidedignas.com.mx\/#\/schema\/person\/331be9283d37198e2acd5750279085b0","name":"Redacci\u00f3n","image":{"@type":"ImageObject","inLanguage":"es","@id":"https:\/\/secure.gravatar.com\/avatar\/f6d8782c11d12b2d4ad3fbb6931aeab5309937a4d6cd2fc9cfaa28a6396a5aec?s=96&d=mm&r=g","url":"https:\/\/secure.gravatar.com\/avatar\/f6d8782c11d12b2d4ad3fbb6931aeab5309937a4d6cd2fc9cfaa28a6396a5aec?s=96&d=mm&r=g","contentUrl":"https:\/\/secure.gravatar.com\/avatar\/f6d8782c11d12b2d4ad3fbb6931aeab5309937a4d6cd2fc9cfaa28a6396a5aec?s=96&d=mm&r=g","caption":"Redacci\u00f3n"},"url":"https:\/\/fuentesfidedignas.com.mx\/index.php\/author\/redaccion\/"}]}},"_links":{"self":[{"href":"https:\/\/fuentesfidedignas.com.mx\/index.php\/wp-json\/wp\/v2\/posts\/69626","targetHints":{"allow":["GET"]}}],"collection":[{"href":"https:\/\/fuentesfidedignas.com.mx\/index.php\/wp-json\/wp\/v2\/posts"}],"about":[{"href":"https:\/\/fuentesfidedignas.com.mx\/index.php\/wp-json\/wp\/v2\/types\/post"}],"author":[{"embeddable":true,"href":"https:\/\/fuentesfidedignas.com.mx\/index.php\/wp-json\/wp\/v2\/users\/4"}],"replies":[{"embeddable":true,"href":"https:\/\/fuentesfidedignas.com.mx\/index.php\/wp-json\/wp\/v2\/comments?post=69626"}],"version-history":[{"count":1,"href":"https:\/\/fuentesfidedignas.com.mx\/index.php\/wp-json\/wp\/v2\/posts\/69626\/revisions"}],"predecessor-version":[{"id":69628,"href":"https:\/\/fuentesfidedignas.com.mx\/index.php\/wp-json\/wp\/v2\/posts\/69626\/revisions\/69628"}],"wp:featuredmedia":[{"embeddable":true,"href":"https:\/\/fuentesfidedignas.com.mx\/index.php\/wp-json\/wp\/v2\/media\/69627"}],"wp:attachment":[{"href":"https:\/\/fuentesfidedignas.com.mx\/index.php\/wp-json\/wp\/v2\/media?parent=69626"}],"wp:term":[{"taxonomy":"category","embeddable":true,"href":"https:\/\/fuentesfidedignas.com.mx\/index.php\/wp-json\/wp\/v2\/categories?post=69626"},{"taxonomy":"post_tag","embeddable":true,"href":"https:\/\/fuentesfidedignas.com.mx\/index.php\/wp-json\/wp\/v2\/tags?post=69626"}],"curies":[{"name":"wp","href":"https:\/\/api.w.org\/{rel}","templated":true}]}}